{"id":3802,"date":"2022-10-06T15:46:47","date_gmt":"2022-10-06T15:46:47","guid":{"rendered":"https:\/\/www.public.sn\/?p=3802"},"modified":"2022-10-06T15:46:49","modified_gmt":"2022-10-06T15:46:49","slug":"haiti-ariel-henry-sort-du-silence-pour-appeler-a-laide-la-communaute-internationale","status":"publish","type":"post","link":"https:\/\/www.public.sn\/index.php\/2022\/10\/06\/haiti-ariel-henry-sort-du-silence-pour-appeler-a-laide-la-communaute-internationale\/","title":{"rendered":"Ha\u00efti: Ariel Henry sort du silence pour appeler \u00e0 l\u2019aide la Communaut\u00e9 internationale"},"content":{"rendered":"\n<p><strong>Le Premier ministre ha\u00eftien appelle la Communaut\u00e9 internationale \u00e0 l\u2019aide, dans une prise de parole en cr\u00e9ole adress\u00e9e \u00e0 la nation, le mercredi 5 octobre 2022. C\u2019est la premi\u00e8re fois qu\u2019il prend la parole en trois semaines de manifestations en Ha\u00efti.<br>     Un \u00ab appel au secours \u00bb : c\u2019est ainsi que Le Nouvelliste qualifie la prise de parole d\u2019Ariel Henry hier (5 octobre 2022) en Ha\u00efti. Le Premier ministre ha\u00eftien s\u2019est exprim\u00e9, mercredi 5 octobre, en cr\u00e9ole. Il n\u2019est pas revenu sur l\u2019ajustement du prix du carburant, mais a appel\u00e9 \u00e0 l\u2019aide la Communaut\u00e9 internationale : \u00ab Il n\u2019a pas dit quel type d\u2019aide, il n\u2019a pas parl\u00e9 d\u2019intervention militaire, mais en r\u00e9alit\u00e9, si on comprend entre les lignes, il veut qu\u2019on l\u2019aide \u00e0 sortir du trou \u00bb, explique Frantz Duval, r\u00e9dacteur en chef du Nouvelliste, dans un pays paralys\u00e9 par les manifestations, la mainmise des gangs et la r\u00e9apparition de cas de chol\u00e9ra. Le terminal p\u00e9trolier de Varreux reste \u00e9galement bloqu\u00e9 par des hommes arm\u00e9s, ce qui aggrave la p\u00e9nurie d\u2019essence.<\/strong> <strong>Rapporte RFI<\/strong><br><br>  Toujours la m\u00eame source, dans ce contexte, les \u00c9tats-Unis et le Canada r\u00e9fl\u00e9chissent \u00e0 sanctionner les gangs et ceux qui les financent, mais on ignore pr\u00e9cis\u00e9ment ce qui est \u00e9voqu\u00e9 : \u00ab derri\u00e8re le chaos aujourd\u2019hui en Ha\u00efti, il y a des gens qui ont un agenda politique. Le Canada et les \u00c9tats-Unis veulent toucher ces gens au portefeuille, appliquer des sanctions, peut-\u00eatre les emp\u00eacher de partir. Mais le probl\u00e8me en Ha\u00efti est qu\u2019il faut un nouveau cadre l\u00e9gal parce que la justice ne peut pas s\u2019occuper de ce qu\u2019il se passe \u00e0 ce niveau \u00bb, conclut Frantz Duval.<br>              \u00ab Je vis en exil forc\u00e9, je n\u2019ai jamais voulu quitter mon pays \u00bb : t\u00e9moignage d\u2019un opposant nicaraguayen<br>Au Nicaragua, l\u2019\u00e9tau du r\u00e9gime Ortega se resserre autour des rares voix d\u2019opposition. Mi-septembre 2022, deux femmes franco-nicaraguayennes ont \u00e9t\u00e9 arr\u00eat\u00e9es, elles seront jug\u00e9es pour conspiration et diffusion de fausses nouvelles. Jeannine Horvilleur Cuadra et sa fille, Ana Alvarez Horvilleur, sont respectivement l\u2019\u00e9pouse et la fille de l\u2019opposant Javier Alvarez Zamora, qui a pu fuir au Costa Rica voisin. Joint par Marie Normand pour RFI, il raconte ce qui l\u2019a pouss\u00e9 \u00e0 partir : \u00ab J\u2019ai commenc\u00e9 \u00e0 voir autour de ma maison des v\u00e9hicules \u00e9tranges, des policiers en civil [\u2026]. J\u2019ai d\u00e9cid\u00e9 de quitter ma maison, sans \u00eatre totalement s\u00fbr que j\u2019\u00e9tais bien cibl\u00e9. \u00bb L\u2019opposant affirme que la police s\u2019en est pris \u00e0 sa famille sans raison valable : \u00ab Le m\u00eame jour, le 13 septembre, la police s\u2019est pr\u00e9sent\u00e9e chez ma fille et dans la maison o\u00f9 je vis avec ma femme. Ils me cherchaient, je ne sais pas pour quelle raison car ils n\u2019avaient pas de mandat d\u2019arr\u00eat. Comme ils ne m\u2019ont pas trouv\u00e9, ils les ont embarqu\u00e9es. Comme une mani\u00e8re de dire \u00ab on ne t\u2019a pas trouv\u00e9, donc on va transf\u00e9rer \u00e0 ta famille la faute qu\u2019on t\u2019a assign\u00e9e \u00bb. Je vis aujourd\u2019hui en exil forc\u00e9, je n\u2019ai jamais voulu quitter mon pays \u00bb.<br><br><br><br><\/p><div class=\"publi-paragraphe1\" style=\"margin-top: 10px;margin-bottom: 10px;margin-left: auto;margin-right: auto;text-align: center;\" id=\"publi-203468007\"><div class=\"publi-adlabel\">Publicit\u00e9<\/div><script async src=\"\/\/pagead2.googlesyndication.com\/pagead\/js\/adsbygoogle.js?client=ca-pub-4089586018074219\" crossorigin=\"anonymous\"><\/script><ins class=\"adsbygoogle\" style=\"display:block;\" data-ad-client=\"ca-pub-4089586018074219\" \ndata-ad-slot=\"2087940154\" \ndata-ad-format=\"auto\"><\/ins>\n<script> \n(adsbygoogle = window.adsbygoogle || []).push({}); \n<\/script>\n<\/div>\n<div class=\"publi-apres-le-contenu\" style=\"margin-top: 10px;margin-bottom: 10px;margin-left: auto;margin-right: auto;text-align: center;\" id=\"publi-1352966384\"><div class=\"publi-adlabel\">Publicit\u00e9<\/div><script async src=\"\/\/pagead2.googlesyndication.com\/pagead\/js\/adsbygoogle.js?client=ca-pub-4089586018074219\" crossorigin=\"anonymous\"><\/script><ins class=\"adsbygoogle\" style=\"display:block;\" data-ad-client=\"ca-pub-4089586018074219\" \ndata-ad-slot=\"2087940154\" \ndata-ad-format=\"auto\"><\/ins>\n<script> \n(adsbygoogle = window.adsbygoogle || []).push({}); \n<\/script>\n<\/div>","protected":false},"excerpt":{"rendered":"<p>Le Premier ministre ha\u00eftien appelle la Communaut\u00e9 internationale \u00e0 l\u2019aide, dans une prise de parole en cr\u00e9ole adress\u00e9e \u00e0 la nation, le mercredi 5 octobre 2022. C\u2019est la premi\u00e8re fois qu\u2019il prend la parole en trois semaines de manifestations en Ha\u00efti. Un \u00ab appel au secours \u00bb : c\u2019est ainsi que Le Nouvelliste qualifie la prise de parole d\u2019Ariel Henry hier (5 octobre 2022) en Ha\u00efti. Le Premier ministre ha\u00eftien s\u2019est exprim\u00e9, mercredi 5 octobre, en cr\u00e9ole. Il n\u2019est pas revenu sur l\u2019ajustement du prix du carburant, mais a appel\u00e9 \u00e0 l\u2019aide la Communaut\u00e9 internationale : \u00ab Il n\u2019a pas dit quel type d\u2019aide, il n\u2019a pas parl\u00e9 d\u2019intervention militaire, mais en r\u00e9alit\u00e9, si on comprend entre les lignes, il veut qu\u2019on l\u2019aide \u00e0 sortir du trou \u00bb, explique Frantz Duval, r\u00e9dacteur en chef du Nouvelliste, dans un pays paralys\u00e9 par les manifestations, la mainmise des gangs et la r\u00e9apparition de cas de chol\u00e9ra. Le terminal p\u00e9trolier de Varreux reste \u00e9galement bloqu\u00e9 par des hommes arm\u00e9s, ce qui aggrave la p\u00e9nurie d\u2019essence. Rapporte RFI Toujours la m\u00eame source, dans ce contexte, les \u00c9tats-Unis et le Canada r\u00e9fl\u00e9chissent \u00e0 sanctionner les gangs et ceux qui les financent, mais on ignore pr\u00e9cis\u00e9ment ce qui est \u00e9voqu\u00e9 : \u00ab derri\u00e8re le chaos aujourd\u2019hui en Ha\u00efti, il y a des gens qui ont un agenda politique. Le Canada et les \u00c9tats-Unis veulent toucher ces gens au portefeuille, appliquer des sanctions, peut-\u00eatre les emp\u00eacher de partir. Mais le probl\u00e8me en Ha\u00efti est qu\u2019il faut un nouveau cadre l\u00e9gal parce que la justice ne peut pas s\u2019occuper de ce qu\u2019il se passe \u00e0 ce niveau \u00bb, conclut Frantz Duval. \u00ab Je vis en exil forc\u00e9, je n\u2019ai jamais voulu quitter mon pays \u00bb : t\u00e9moignage d\u2019un opposant nicaraguayenAu Nicaragua, l\u2019\u00e9tau du r\u00e9gime Ortega se resserre autour des rares voix d\u2019opposition. Mi-septembre 2022, deux femmes franco-nicaraguayennes ont \u00e9t\u00e9 arr\u00eat\u00e9es, elles seront jug\u00e9es pour conspiration et diffusion de fausses nouvelles. Jeannine Horvilleur Cuadra et sa fille, Ana Alvarez Horvilleur, sont respectivement l\u2019\u00e9pouse et la fille de l\u2019opposant Javier Alvarez Zamora, qui a pu fuir au Costa Rica voisin. Joint par Marie Normand pour RFI, il raconte ce qui l\u2019a pouss\u00e9 \u00e0 partir : \u00ab J\u2019ai commenc\u00e9 \u00e0 voir autour de ma maison des v\u00e9hicules \u00e9tranges, des policiers en civil [\u2026]. J\u2019ai d\u00e9cid\u00e9 de quitter ma maison, sans \u00eatre totalement s\u00fbr que j\u2019\u00e9tais bien cibl\u00e9. \u00bb L\u2019opposant affirme que la police s\u2019en est pris \u00e0 sa famille sans raison valable : \u00ab Le m\u00eame jour, le 13 septembre, la police s\u2019est pr\u00e9sent\u00e9e chez ma fille et dans la maison o\u00f9 je vis avec ma femme. Ils me cherchaient, je ne sais pas pour quelle raison car ils n\u2019avaient pas de mandat d\u2019arr\u00eat. Comme ils ne m\u2019ont pas trouv\u00e9, ils les ont embarqu\u00e9es. Comme une mani\u00e8re de dire \u00ab on ne t\u2019a pas trouv\u00e9, donc on va transf\u00e9rer \u00e0 ta famille la faute qu\u2019on t\u2019a assign\u00e9e \u00bb. Je vis aujourd\u2019hui en exil forc\u00e9, je n\u2019ai jamais voulu quitter mon pays \u00bb.<\/p>\n","protected":false},"author":1,"featured_media":3807,"comment_status":"open","ping_status":"open","sticky":false,"template":"","format":"standard","meta":{"_jetpack_memberships_contains_paid_content":false,"footnotes":""},"categories":[375,550,3,1],"tags":[1239,1240,1238],"class_list":["post-3802","post","type-post","status-publish","format-standard","has-post-thumbnail","hentry","category-actualites","category-afrique-monde","category-politique","category-non-classe","tag-aide","tag-comunaute-internationale","tag-haiti","entry","has-media","owp-thumbs-layout-horizontal","owp-btn-normal","owp-tabs-layout-horizontal","has-no-thumbnails","has-product-nav"],"yoast_head":"<!-- This site is optimized with the Yoast SEO plugin v25.5 - https:\/\/yoast.com\/wordpress\/plugins\/seo\/ -->\n<title>Ha\u00efti: Ariel Henry sort du silence pour appeler \u00e0 l\u2019aide la Communaut\u00e9 internationale - LE PUBLIC<\/title>\n<meta name=\"robots\" content=\"index, follow, max-snippet:-1, max-image-preview:large, max-video-preview:-1\" \/>\n<link rel=\"canonical\" href=\"https:\/\/www.public.sn\/index.php\/2022\/10\/06\/haiti-ariel-henry-sort-du-silence-pour-appeler-a-laide-la-communaute-internationale\/\" \/>\n<meta property=\"og:locale\" content=\"fr_FR\" \/>\n<meta property=\"og:type\" content=\"article\" \/>\n<meta property=\"og:title\" content=\"Ha\u00efti: Ariel Henry sort du silence pour appeler \u00e0 l\u2019aide la Communaut\u00e9 internationale - LE PUBLIC\" \/>\n<meta property=\"og:description\" content=\"Le Premier ministre ha\u00eftien appelle la Communaut\u00e9 internationale \u00e0 l\u2019aide, dans une prise de parole en cr\u00e9ole adress\u00e9e \u00e0 la nation, le mercredi 5 octobre 2022. C\u2019est la premi\u00e8re fois qu\u2019il prend la parole en trois semaines de manifestations en Ha\u00efti. Un \u00ab appel au secours \u00bb : c\u2019est ainsi que Le Nouvelliste qualifie la prise de parole d\u2019Ariel Henry hier (5 octobre 2022) en Ha\u00efti. Le Premier ministre ha\u00eftien s\u2019est exprim\u00e9, mercredi 5 octobre, en cr\u00e9ole. Il n\u2019est pas revenu sur l\u2019ajustement du prix du carburant, mais a appel\u00e9 \u00e0 l\u2019aide la Communaut\u00e9 internationale : \u00ab Il n\u2019a pas dit quel type d\u2019aide, il n\u2019a pas parl\u00e9 d\u2019intervention militaire, mais en r\u00e9alit\u00e9, si on comprend entre les lignes, il veut qu\u2019on l\u2019aide \u00e0 sortir du trou \u00bb, explique Frantz Duval, r\u00e9dacteur en chef du Nouvelliste, dans un pays paralys\u00e9 par les manifestations, la mainmise des gangs et la r\u00e9apparition de cas de chol\u00e9ra. Le terminal p\u00e9trolier de Varreux reste \u00e9galement bloqu\u00e9 par des hommes arm\u00e9s, ce qui aggrave la p\u00e9nurie d\u2019essence. Rapporte RFI Toujours la m\u00eame source, dans ce contexte, les \u00c9tats-Unis et le Canada r\u00e9fl\u00e9chissent \u00e0 sanctionner les gangs et ceux qui les financent, mais on ignore pr\u00e9cis\u00e9ment ce qui est \u00e9voqu\u00e9 : \u00ab derri\u00e8re le chaos aujourd\u2019hui en Ha\u00efti, il y a des gens qui ont un agenda politique. Le Canada et les \u00c9tats-Unis veulent toucher ces gens au portefeuille, appliquer des sanctions, peut-\u00eatre les emp\u00eacher de partir. Mais le probl\u00e8me en Ha\u00efti est qu\u2019il faut un nouveau cadre l\u00e9gal parce que la justice ne peut pas s\u2019occuper de ce qu\u2019il se passe \u00e0 ce niveau \u00bb, conclut Frantz Duval. \u00ab Je vis en exil forc\u00e9, je n\u2019ai jamais voulu quitter mon pays \u00bb : t\u00e9moignage d\u2019un opposant nicaraguayenAu Nicaragua, l\u2019\u00e9tau du r\u00e9gime Ortega se resserre autour des rares voix d\u2019opposition. Mi-septembre 2022, deux femmes franco-nicaraguayennes ont \u00e9t\u00e9 arr\u00eat\u00e9es, elles seront jug\u00e9es pour conspiration et diffusion de fausses nouvelles. Jeannine Horvilleur Cuadra et sa fille, Ana Alvarez Horvilleur, sont respectivement l\u2019\u00e9pouse et la fille de l\u2019opposant Javier Alvarez Zamora, qui a pu fuir au Costa Rica voisin. Joint par Marie Normand pour RFI, il raconte ce qui l\u2019a pouss\u00e9 \u00e0 partir : \u00ab J\u2019ai commenc\u00e9 \u00e0 voir autour de ma maison des v\u00e9hicules \u00e9tranges, des policiers en civil [\u2026]. J\u2019ai d\u00e9cid\u00e9 de quitter ma maison, sans \u00eatre totalement s\u00fbr que j\u2019\u00e9tais bien cibl\u00e9. \u00bb L\u2019opposant affirme que la police s\u2019en est pris \u00e0 sa famille sans raison valable : \u00ab Le m\u00eame jour, le 13 septembre, la police s\u2019est pr\u00e9sent\u00e9e chez ma fille et dans la maison o\u00f9 je vis avec ma femme. Ils me cherchaient, je ne sais pas pour quelle raison car ils n\u2019avaient pas de mandat d\u2019arr\u00eat. Comme ils ne m\u2019ont pas trouv\u00e9, ils les ont embarqu\u00e9es. Comme une mani\u00e8re de dire \u00ab on ne t\u2019a pas trouv\u00e9, donc on va transf\u00e9rer \u00e0 ta famille la faute qu\u2019on t\u2019a assign\u00e9e \u00bb. Je vis aujourd\u2019hui en exil forc\u00e9, je n\u2019ai jamais voulu quitter mon pays \u00bb.\" \/>\n<meta property=\"og:url\" content=\"https:\/\/www.public.sn\/index.php\/2022\/10\/06\/haiti-ariel-henry-sort-du-silence-pour-appeler-a-laide-la-communaute-internationale\/\" \/>\n<meta property=\"og:site_name\" content=\"LE PUBLIC\" \/>\n<meta property=\"article:published_time\" content=\"2022-10-06T15:46:47+00:00\" \/>\n<meta property=\"article:modified_time\" content=\"2022-10-06T15:46:49+00:00\" \/>\n<meta property=\"og:image\" content=\"https:\/\/www.public.sn\/wp-content\/uploads\/2022\/10\/ariel-henry-haiti-07072022-AP22188569049069.webp\" \/>\n\t<meta property=\"og:image:width\" content=\"1280\" \/>\n\t<meta property=\"og:image:height\" content=\"720\" \/>\n\t<meta property=\"og:image:type\" content=\"image\/webp\" \/>\n<meta name=\"author\" content=\"LA REDACTION\" \/>\n<meta name=\"twitter:card\" content=\"summary_large_image\" \/>\n<meta name=\"twitter:label1\" content=\"\u00c9crit par\" \/>\n\t<meta name=\"twitter:data1\" content=\"LA REDACTION\" \/>\n\t<meta name=\"twitter:label2\" content=\"Dur\u00e9e de lecture estim\u00e9e\" \/>\n\t<meta name=\"twitter:data2\" content=\"3 minutes\" \/>\n<script type=\"application\/ld+json\" class=\"yoast-schema-graph\">{\"@context\":\"https:\/\/schema.org\",\"@graph\":[{\"@type\":\"Article\",\"@id\":\"https:\/\/www.public.sn\/index.php\/2022\/10\/06\/haiti-ariel-henry-sort-du-silence-pour-appeler-a-laide-la-communaute-internationale\/#article\",\"isPartOf\":{\"@id\":\"https:\/\/www.public.sn\/index.php\/2022\/10\/06\/haiti-ariel-henry-sort-du-silence-pour-appeler-a-laide-la-communaute-internationale\/\"},\"author\":{\"name\":\"LA REDACTION\",\"@id\":\"https:\/\/www.public.sn\/#\/schema\/person\/e3f4a11b037d4203902db148f9bc8d5a\"},\"headline\":\"Ha\u00efti: Ariel Henry sort du silence pour appeler \u00e0 l\u2019aide la Communaut\u00e9 internationale\",\"datePublished\":\"2022-10-06T15:46:47+00:00\",\"dateModified\":\"2022-10-06T15:46:49+00:00\",\"mainEntityOfPage\":{\"@id\":\"https:\/\/www.public.sn\/index.php\/2022\/10\/06\/haiti-ariel-henry-sort-du-silence-pour-appeler-a-laide-la-communaute-internationale\/\"},\"wordCount\":561,\"commentCount\":0,\"publisher\":{\"@id\":\"https:\/\/www.public.sn\/#organization\"},\"image\":{\"@id\":\"https:\/\/www.public.sn\/index.php\/2022\/10\/06\/haiti-ariel-henry-sort-du-silence-pour-appeler-a-laide-la-communaute-internationale\/#primaryimage\"},\"thumbnailUrl\":\"https:\/\/www.public.sn\/wp-content\/uploads\/2022\/10\/ariel-henry-haiti-07072022-AP22188569049069.webp\",\"keywords\":[\"Aide\",\"comunaut\u00e9 internationale\",\"Haiti\"],\"articleSection\":[\"ACTUALIT\u00c9S\",\"AFRIQUE &amp; MONDE\",\"POLITIQUE\",\"S\u00c9N\u00c9GAL\"],\"inLanguage\":\"fr-FR\",\"potentialAction\":[{\"@type\":\"CommentAction\",\"name\":\"Comment\",\"target\":[\"https:\/\/www.public.sn\/index.php\/2022\/10\/06\/haiti-ariel-henry-sort-du-silence-pour-appeler-a-laide-la-communaute-internationale\/#respond\"]}]},{\"@type\":\"WebPage\",\"@id\":\"https:\/\/www.public.sn\/index.php\/2022\/10\/06\/haiti-ariel-henry-sort-du-silence-pour-appeler-a-laide-la-communaute-internationale\/\",\"url\":\"https:\/\/www.public.sn\/index.php\/2022\/10\/06\/haiti-ariel-henry-sort-du-silence-pour-appeler-a-laide-la-communaute-internationale\/\",\"name\":\"Ha\u00efti: Ariel Henry sort du silence pour appeler \u00e0 l\u2019aide la Communaut\u00e9 internationale - LE PUBLIC\",\"isPartOf\":{\"@id\":\"https:\/\/www.public.sn\/#website\"},\"primaryImageOfPage\":{\"@id\":\"https:\/\/www.public.sn\/index.php\/2022\/10\/06\/haiti-ariel-henry-sort-du-silence-pour-appeler-a-laide-la-communaute-internationale\/#primaryimage\"},\"image\":{\"@id\":\"https:\/\/www.public.sn\/index.php\/2022\/10\/06\/haiti-ariel-henry-sort-du-silence-pour-appeler-a-laide-la-communaute-internationale\/#primaryimage\"},\"thumbnailUrl\":\"https:\/\/www.public.sn\/wp-content\/uploads\/2022\/10\/ariel-henry-haiti-07072022-AP22188569049069.webp\",\"datePublished\":\"2022-10-06T15:46:47+00:00\",\"dateModified\":\"2022-10-06T15:46:49+00:00\",\"breadcrumb\":{\"@id\":\"https:\/\/www.public.sn\/index.php\/2022\/10\/06\/haiti-ariel-henry-sort-du-silence-pour-appeler-a-laide-la-communaute-internationale\/#breadcrumb\"},\"inLanguage\":\"fr-FR\",\"potentialAction\":[{\"@type\":\"ReadAction\",\"target\":[\"https:\/\/www.public.sn\/index.php\/2022\/10\/06\/haiti-ariel-henry-sort-du-silence-pour-appeler-a-laide-la-communaute-internationale\/\"]}]},{\"@type\":\"ImageObject\",\"inLanguage\":\"fr-FR\",\"@id\":\"https:\/\/www.public.sn\/index.php\/2022\/10\/06\/haiti-ariel-henry-sort-du-silence-pour-appeler-a-laide-la-communaute-internationale\/#primaryimage\",\"url\":\"https:\/\/www.public.sn\/wp-content\/uploads\/2022\/10\/ariel-henry-haiti-07072022-AP22188569049069.webp\",\"contentUrl\":\"https:\/\/www.public.sn\/wp-content\/uploads\/2022\/10\/ariel-henry-haiti-07072022-AP22188569049069.webp\",\"width\":1280,\"height\":720,\"caption\":\"Public sn\"},{\"@type\":\"BreadcrumbList\",\"@id\":\"https:\/\/www.public.sn\/index.php\/2022\/10\/06\/haiti-ariel-henry-sort-du-silence-pour-appeler-a-laide-la-communaute-internationale\/#breadcrumb\",\"itemListElement\":[{\"@type\":\"ListItem\",\"position\":1,\"name\":\"Accueil\",\"item\":\"https:\/\/www.public.sn\/\"},{\"@type\":\"ListItem\",\"position\":2,\"name\":\"Ha\u00efti: Ariel Henry sort du silence pour appeler \u00e0 l\u2019aide la Communaut\u00e9 internationale\"}]},{\"@type\":\"WebSite\",\"@id\":\"https:\/\/www.public.sn\/#website\",\"url\":\"https:\/\/www.public.sn\/\",\"name\":\"LE PUBLIC\",\"description\":\"\",\"publisher\":{\"@id\":\"https:\/\/www.public.sn\/#organization\"},\"potentialAction\":[{\"@type\":\"SearchAction\",\"target\":{\"@type\":\"EntryPoint\",\"urlTemplate\":\"https:\/\/www.public.sn\/?s={search_term_string}\"},\"query-input\":{\"@type\":\"PropertyValueSpecification\",\"valueRequired\":true,\"valueName\":\"search_term_string\"}}],\"inLanguage\":\"fr-FR\"},{\"@type\":\"Organization\",\"@id\":\"https:\/\/www.public.sn\/#organization\",\"name\":\"LE PUBLIC\",\"url\":\"https:\/\/www.public.sn\/\",\"logo\":{\"@type\":\"ImageObject\",\"inLanguage\":\"fr-FR\",\"@id\":\"https:\/\/www.public.sn\/#\/schema\/logo\/image\/\",\"url\":\"https:\/\/www.public.sn\/wp-content\/uploads\/2024\/05\/cropped-LOGO-PUBLIC.SN_.png\",\"contentUrl\":\"https:\/\/www.public.sn\/wp-content\/uploads\/2024\/05\/cropped-LOGO-PUBLIC.SN_.png\",\"width\":682,\"height\":192,\"caption\":\"LE PUBLIC\"},\"image\":{\"@id\":\"https:\/\/www.public.sn\/#\/schema\/logo\/image\/\"}},{\"@type\":\"Person\",\"@id\":\"https:\/\/www.public.sn\/#\/schema\/person\/e3f4a11b037d4203902db148f9bc8d5a\",\"name\":\"LA REDACTION\",\"image\":{\"@type\":\"ImageObject\",\"inLanguage\":\"fr-FR\",\"@id\":\"https:\/\/www.public.sn\/#\/schema\/person\/image\/\",\"url\":\"https:\/\/secure.gravatar.com\/avatar\/d6c030db45db2883c075085c5d6c6258654a801a93766b49af0b82d4f454e2a5?s=96&d=mm&r=g\",\"contentUrl\":\"https:\/\/secure.gravatar.com\/avatar\/d6c030db45db2883c075085c5d6c6258654a801a93766b49af0b82d4f454e2a5?s=96&d=mm&r=g\",\"caption\":\"LA REDACTION\"},\"sameAs\":[\"http:\/\/www.public.sn\"],\"url\":\"https:\/\/www.public.sn\/index.php\/author\/admin7324\/\"}]}<\/script>\n<!-- \/ Yoast SEO plugin. -->","yoast_head_json":{"title":"Ha\u00efti: Ariel Henry sort du silence pour appeler \u00e0 l\u2019aide la Communaut\u00e9 internationale - LE PUBLIC","robots":{"index":"index","follow":"follow","max-snippet":"max-snippet:-1","max-image-preview":"max-image-preview:large","max-video-preview":"max-video-preview:-1"},"canonical":"https:\/\/www.public.sn\/index.php\/2022\/10\/06\/haiti-ariel-henry-sort-du-silence-pour-appeler-a-laide-la-communaute-internationale\/","og_locale":"fr_FR","og_type":"article","og_title":"Ha\u00efti: Ariel Henry sort du silence pour appeler \u00e0 l\u2019aide la Communaut\u00e9 internationale - LE PUBLIC","og_description":"Le Premier ministre ha\u00eftien appelle la Communaut\u00e9 internationale \u00e0 l\u2019aide, dans une prise de parole en cr\u00e9ole adress\u00e9e \u00e0 la nation, le mercredi 5 octobre 2022. C\u2019est la premi\u00e8re fois qu\u2019il prend la parole en trois semaines de manifestations en Ha\u00efti. Un \u00ab appel au secours \u00bb : c\u2019est ainsi que Le Nouvelliste qualifie la prise de parole d\u2019Ariel Henry hier (5 octobre 2022) en Ha\u00efti. Le Premier ministre ha\u00eftien s\u2019est exprim\u00e9, mercredi 5 octobre, en cr\u00e9ole. Il n\u2019est pas revenu sur l\u2019ajustement du prix du carburant, mais a appel\u00e9 \u00e0 l\u2019aide la Communaut\u00e9 internationale : \u00ab Il n\u2019a pas dit quel type d\u2019aide, il n\u2019a pas parl\u00e9 d\u2019intervention militaire, mais en r\u00e9alit\u00e9, si on comprend entre les lignes, il veut qu\u2019on l\u2019aide \u00e0 sortir du trou \u00bb, explique Frantz Duval, r\u00e9dacteur en chef du Nouvelliste, dans un pays paralys\u00e9 par les manifestations, la mainmise des gangs et la r\u00e9apparition de cas de chol\u00e9ra. Le terminal p\u00e9trolier de Varreux reste \u00e9galement bloqu\u00e9 par des hommes arm\u00e9s, ce qui aggrave la p\u00e9nurie d\u2019essence. Rapporte RFI Toujours la m\u00eame source, dans ce contexte, les \u00c9tats-Unis et le Canada r\u00e9fl\u00e9chissent \u00e0 sanctionner les gangs et ceux qui les financent, mais on ignore pr\u00e9cis\u00e9ment ce qui est \u00e9voqu\u00e9 : \u00ab derri\u00e8re le chaos aujourd\u2019hui en Ha\u00efti, il y a des gens qui ont un agenda politique. Le Canada et les \u00c9tats-Unis veulent toucher ces gens au portefeuille, appliquer des sanctions, peut-\u00eatre les emp\u00eacher de partir. Mais le probl\u00e8me en Ha\u00efti est qu\u2019il faut un nouveau cadre l\u00e9gal parce que la justice ne peut pas s\u2019occuper de ce qu\u2019il se passe \u00e0 ce niveau \u00bb, conclut Frantz Duval. \u00ab Je vis en exil forc\u00e9, je n\u2019ai jamais voulu quitter mon pays \u00bb : t\u00e9moignage d\u2019un opposant nicaraguayenAu Nicaragua, l\u2019\u00e9tau du r\u00e9gime Ortega se resserre autour des rares voix d\u2019opposition. Mi-septembre 2022, deux femmes franco-nicaraguayennes ont \u00e9t\u00e9 arr\u00eat\u00e9es, elles seront jug\u00e9es pour conspiration et diffusion de fausses nouvelles. Jeannine Horvilleur Cuadra et sa fille, Ana Alvarez Horvilleur, sont respectivement l\u2019\u00e9pouse et la fille de l\u2019opposant Javier Alvarez Zamora, qui a pu fuir au Costa Rica voisin. Joint par Marie Normand pour RFI, il raconte ce qui l\u2019a pouss\u00e9 \u00e0 partir : \u00ab J\u2019ai commenc\u00e9 \u00e0 voir autour de ma maison des v\u00e9hicules \u00e9tranges, des policiers en civil [\u2026]. J\u2019ai d\u00e9cid\u00e9 de quitter ma maison, sans \u00eatre totalement s\u00fbr que j\u2019\u00e9tais bien cibl\u00e9. \u00bb L\u2019opposant affirme que la police s\u2019en est pris \u00e0 sa famille sans raison valable : \u00ab Le m\u00eame jour, le 13 septembre, la police s\u2019est pr\u00e9sent\u00e9e chez ma fille et dans la maison o\u00f9 je vis avec ma femme. Ils me cherchaient, je ne sais pas pour quelle raison car ils n\u2019avaient pas de mandat d\u2019arr\u00eat. Comme ils ne m\u2019ont pas trouv\u00e9, ils les ont embarqu\u00e9es. Comme une mani\u00e8re de dire \u00ab on ne t\u2019a pas trouv\u00e9, donc on va transf\u00e9rer \u00e0 ta famille la faute qu\u2019on t\u2019a assign\u00e9e \u00bb. Je vis aujourd\u2019hui en exil forc\u00e9, je n\u2019ai jamais voulu quitter mon pays \u00bb.","og_url":"https:\/\/www.public.sn\/index.php\/2022\/10\/06\/haiti-ariel-henry-sort-du-silence-pour-appeler-a-laide-la-communaute-internationale\/","og_site_name":"LE PUBLIC","article_published_time":"2022-10-06T15:46:47+00:00","article_modified_time":"2022-10-06T15:46:49+00:00","og_image":[{"width":1280,"height":720,"url":"https:\/\/www.public.sn\/wp-content\/uploads\/2022\/10\/ariel-henry-haiti-07072022-AP22188569049069.webp","type":"image\/webp"}],"author":"LA REDACTION","twitter_card":"summary_large_image","twitter_misc":{"\u00c9crit par":"LA REDACTION","Dur\u00e9e de lecture estim\u00e9e":"3 minutes"},"schema":{"@context":"https:\/\/schema.org","@graph":[{"@type":"Article","@id":"https:\/\/www.public.sn\/index.php\/2022\/10\/06\/haiti-ariel-henry-sort-du-silence-pour-appeler-a-laide-la-communaute-internationale\/#article","isPartOf":{"@id":"https:\/\/www.public.sn\/index.php\/2022\/10\/06\/haiti-ariel-henry-sort-du-silence-pour-appeler-a-laide-la-communaute-internationale\/"},"author":{"name":"LA REDACTION","@id":"https:\/\/www.public.sn\/#\/schema\/person\/e3f4a11b037d4203902db148f9bc8d5a"},"headline":"Ha\u00efti: Ariel Henry sort du silence pour appeler \u00e0 l\u2019aide la Communaut\u00e9 internationale","datePublished":"2022-10-06T15:46:47+00:00","dateModified":"2022-10-06T15:46:49+00:00","mainEntityOfPage":{"@id":"https:\/\/www.public.sn\/index.php\/2022\/10\/06\/haiti-ariel-henry-sort-du-silence-pour-appeler-a-laide-la-communaute-internationale\/"},"wordCount":561,"commentCount":0,"publisher":{"@id":"https:\/\/www.public.sn\/#organization"},"image":{"@id":"https:\/\/www.public.sn\/index.php\/2022\/10\/06\/haiti-ariel-henry-sort-du-silence-pour-appeler-a-laide-la-communaute-internationale\/#primaryimage"},"thumbnailUrl":"https:\/\/www.public.sn\/wp-content\/uploads\/2022\/10\/ariel-henry-haiti-07072022-AP22188569049069.webp","keywords":["Aide","comunaut\u00e9 internationale","Haiti"],"articleSection":["ACTUALIT\u00c9S","AFRIQUE &amp; MONDE","POLITIQUE","S\u00c9N\u00c9GAL"],"inLanguage":"fr-FR","potentialAction":[{"@type":"CommentAction","name":"Comment","target":["https:\/\/www.public.sn\/index.php\/2022\/10\/06\/haiti-ariel-henry-sort-du-silence-pour-appeler-a-laide-la-communaute-internationale\/#respond"]}]},{"@type":"WebPage","@id":"https:\/\/www.public.sn\/index.php\/2022\/10\/06\/haiti-ariel-henry-sort-du-silence-pour-appeler-a-laide-la-communaute-internationale\/","url":"https:\/\/www.public.sn\/index.php\/2022\/10\/06\/haiti-ariel-henry-sort-du-silence-pour-appeler-a-laide-la-communaute-internationale\/","name":"Ha\u00efti: Ariel Henry sort du silence pour appeler \u00e0 l\u2019aide la Communaut\u00e9 internationale - LE PUBLIC","isPartOf":{"@id":"https:\/\/www.public.sn\/#website"},"primaryImageOfPage":{"@id":"https:\/\/www.public.sn\/index.php\/2022\/10\/06\/haiti-ariel-henry-sort-du-silence-pour-appeler-a-laide-la-communaute-internationale\/#primaryimage"},"image":{"@id":"https:\/\/www.public.sn\/index.php\/2022\/10\/06\/haiti-ariel-henry-sort-du-silence-pour-appeler-a-laide-la-communaute-internationale\/#primaryimage"},"thumbnailUrl":"https:\/\/www.public.sn\/wp-content\/uploads\/2022\/10\/ariel-henry-haiti-07072022-AP22188569049069.webp","datePublished":"2022-10-06T15:46:47+00:00","dateModified":"2022-10-06T15:46:49+00:00","breadcrumb":{"@id":"https:\/\/www.public.sn\/index.php\/2022\/10\/06\/haiti-ariel-henry-sort-du-silence-pour-appeler-a-laide-la-communaute-internationale\/#breadcrumb"},"inLanguage":"fr-FR","potentialAction":[{"@type":"ReadAction","target":["https:\/\/www.public.sn\/index.php\/2022\/10\/06\/haiti-ariel-henry-sort-du-silence-pour-appeler-a-laide-la-communaute-internationale\/"]}]},{"@type":"ImageObject","inLanguage":"fr-FR","@id":"https:\/\/www.public.sn\/index.php\/2022\/10\/06\/haiti-ariel-henry-sort-du-silence-pour-appeler-a-laide-la-communaute-internationale\/#primaryimage","url":"https:\/\/www.public.sn\/wp-content\/uploads\/2022\/10\/ariel-henry-haiti-07072022-AP22188569049069.webp","contentUrl":"https:\/\/www.public.sn\/wp-content\/uploads\/2022\/10\/ariel-henry-haiti-07072022-AP22188569049069.webp","width":1280,"height":720,"caption":"Public sn"},{"@type":"BreadcrumbList","@id":"https:\/\/www.public.sn\/index.php\/2022\/10\/06\/haiti-ariel-henry-sort-du-silence-pour-appeler-a-laide-la-communaute-internationale\/#breadcrumb","itemListElement":[{"@type":"ListItem","position":1,"name":"Accueil","item":"https:\/\/www.public.sn\/"},{"@type":"ListItem","position":2,"name":"Ha\u00efti: Ariel Henry sort du silence pour appeler \u00e0 l\u2019aide la Communaut\u00e9 internationale"}]},{"@type":"WebSite","@id":"https:\/\/www.public.sn\/#website","url":"https:\/\/www.public.sn\/","name":"LE PUBLIC","description":"","publisher":{"@id":"https:\/\/www.public.sn\/#organization"},"potentialAction":[{"@type":"SearchAction","target":{"@type":"EntryPoint","urlTemplate":"https:\/\/www.public.sn\/?s={search_term_string}"},"query-input":{"@type":"PropertyValueSpecification","valueRequired":true,"valueName":"search_term_string"}}],"inLanguage":"fr-FR"},{"@type":"Organization","@id":"https:\/\/www.public.sn\/#organization","name":"LE PUBLIC","url":"https:\/\/www.public.sn\/","logo":{"@type":"ImageObject","inLanguage":"fr-FR","@id":"https:\/\/www.public.sn\/#\/schema\/logo\/image\/","url":"https:\/\/www.public.sn\/wp-content\/uploads\/2024\/05\/cropped-LOGO-PUBLIC.SN_.png","contentUrl":"https:\/\/www.public.sn\/wp-content\/uploads\/2024\/05\/cropped-LOGO-PUBLIC.SN_.png","width":682,"height":192,"caption":"LE PUBLIC"},"image":{"@id":"https:\/\/www.public.sn\/#\/schema\/logo\/image\/"}},{"@type":"Person","@id":"https:\/\/www.public.sn\/#\/schema\/person\/e3f4a11b037d4203902db148f9bc8d5a","name":"LA REDACTION","image":{"@type":"ImageObject","inLanguage":"fr-FR","@id":"https:\/\/www.public.sn\/#\/schema\/person\/image\/","url":"https:\/\/secure.gravatar.com\/avatar\/d6c030db45db2883c075085c5d6c6258654a801a93766b49af0b82d4f454e2a5?s=96&d=mm&r=g","contentUrl":"https:\/\/secure.gravatar.com\/avatar\/d6c030db45db2883c075085c5d6c6258654a801a93766b49af0b82d4f454e2a5?s=96&d=mm&r=g","caption":"LA REDACTION"},"sameAs":["http:\/\/www.public.sn"],"url":"https:\/\/www.public.sn\/index.php\/author\/admin7324\/"}]}},"jetpack_featured_media_url":"https:\/\/www.public.sn\/wp-content\/uploads\/2022\/10\/ariel-henry-haiti-07072022-AP22188569049069.webp","jetpack_sharing_enabled":true,"_links":{"self":[{"href":"https:\/\/www.public.sn\/index.php\/wp-json\/wp\/v2\/posts\/3802","targetHints":{"allow":["GET"]}}],"collection":[{"href":"https:\/\/www.public.sn\/index.php\/wp-json\/wp\/v2\/posts"}],"about":[{"href":"https:\/\/www.public.sn\/index.php\/wp-json\/wp\/v2\/types\/post"}],"author":[{"embeddable":true,"href":"https:\/\/www.public.sn\/index.php\/wp-json\/wp\/v2\/users\/1"}],"replies":[{"embeddable":true,"href":"https:\/\/www.public.sn\/index.php\/wp-json\/wp\/v2\/comments?post=3802"}],"version-history":[{"count":2,"href":"https:\/\/www.public.sn\/index.php\/wp-json\/wp\/v2\/posts\/3802\/revisions"}],"predecessor-version":[{"id":3808,"href":"https:\/\/www.public.sn\/index.php\/wp-json\/wp\/v2\/posts\/3802\/revisions\/3808"}],"wp:featuredmedia":[{"embeddable":true,"href":"https:\/\/www.public.sn\/index.php\/wp-json\/wp\/v2\/media\/3807"}],"wp:attachment":[{"href":"https:\/\/www.public.sn\/index.php\/wp-json\/wp\/v2\/media?parent=3802"}],"wp:term":[{"taxonomy":"category","embeddable":true,"href":"https:\/\/www.public.sn\/index.php\/wp-json\/wp\/v2\/categories?post=3802"},{"taxonomy":"post_tag","embeddable":true,"href":"https:\/\/www.public.sn\/index.php\/wp-json\/wp\/v2\/tags?post=3802"}],"curies":[{"name":"wp","href":"https:\/\/api.w.org\/{rel}","templated":true}]}}