{"id":38144,"date":"2025-11-17T13:10:32","date_gmt":"2025-11-17T13:10:32","guid":{"rendered":"https:\/\/www.public.sn\/?p=38144"},"modified":"2025-11-17T13:10:53","modified_gmt":"2025-11-17T13:10:53","slug":"pastef-sonko-livre-ses-verites-et-prepare-une-lettre-au-president-diomaye-faye","status":"publish","type":"post","link":"https:\/\/www.public.sn\/index.php\/2025\/11\/17\/pastef-sonko-livre-ses-verites-et-prepare-une-lettre-au-president-diomaye-faye\/","title":{"rendered":"Pastef : Sonko livre ses v\u00e9rit\u00e9s et pr\u00e9pare une lettre au Pr\u00e9sident Diomaye Faye"},"content":{"rendered":"\n<p>Le bureau politique de Pastef s\u2019est r\u00e9uni samedi sous la pr\u00e9sidence du leader du parti, Ousmane Sonko. Selon <em>Lib\u00e9ration<\/em>, cit\u00e9 par Seneweb, les Patriotes pr\u00e9voient d\u2019adresser une lettre au pr\u00e9sident Diomaye Faye afin d\u2019avoir un \u00e9change direct avec lui.<\/p><div class=\"publi-paragraphe1\" style=\"margin-top: 10px;margin-bottom: 10px;margin-left: auto;margin-right: auto;text-align: center;\" id=\"publi-3735856875\"><div class=\"publi-adlabel\">Publicit\u00e9<\/div><script async src=\"\/\/pagead2.googlesyndication.com\/pagead\/js\/adsbygoogle.js?client=ca-pub-4089586018074219\" crossorigin=\"anonymous\"><\/script><ins class=\"adsbygoogle\" style=\"display:block;\" data-ad-client=\"ca-pub-4089586018074219\" \ndata-ad-slot=\"2087940154\" \ndata-ad-format=\"auto\"><\/ins>\n<script> \n(adsbygoogle = window.adsbygoogle || []).push({}); \n<\/script>\n<\/div>\n\n\n\n<p>Les discussions devraient porter sur les divergences apparues au sommet de l\u2019ex\u00e9cutif, entre le Premier ministre \u2014 par ailleurs chef de Pastef \u2014 et le chef de l\u2019\u00c9tat, qui demeure membre du parti malgr\u00e9 sa d\u00e9mission du poste de secr\u00e9taire g\u00e9n\u00e9ral apr\u00e8s son accession au pouvoir.<\/p>\n\n\n\n<p>Toujours d\u2019apr\u00e8s <em>Lib\u00e9ration<\/em>, Ousmane Sonko a profit\u00e9 de la r\u00e9union pour \u00abass\u00e9ner ses v\u00e9rit\u00e9s\u00bb sur la situation actuelle, se fondant sur des \u00absources autoris\u00e9es\u00bb non pr\u00e9cis\u00e9es.<\/p>\n\n\n\n<p><\/p>\n<div class=\"publi-apres-le-contenu\" style=\"margin-top: 10px;margin-bottom: 10px;margin-left: auto;margin-right: auto;text-align: center;\" id=\"publi-3880005717\"><div class=\"publi-adlabel\">Publicit\u00e9<\/div><script async src=\"\/\/pagead2.googlesyndication.com\/pagead\/js\/adsbygoogle.js?client=ca-pub-4089586018074219\" crossorigin=\"anonymous\"><\/script><ins class=\"adsbygoogle\" style=\"display:block;\" data-ad-client=\"ca-pub-4089586018074219\" \ndata-ad-slot=\"2087940154\" \ndata-ad-format=\"auto\"><\/ins>\n<script> \n(adsbygoogle = window.adsbygoogle || []).push({}); \n<\/script>\n<\/div>","protected":false},"excerpt":{"rendered":"<p>Le bureau politique de Pastef s\u2019est r\u00e9uni samedi sous la pr\u00e9sidence du leader du parti, Ousmane Sonko. Selon Lib\u00e9ration, cit\u00e9 par Seneweb, les Patriotes pr\u00e9voient d\u2019adresser une lettre au pr\u00e9sident Diomaye Faye afin d\u2019avoir un \u00e9change direct avec lui. Les discussions devraient porter sur les divergences apparues au sommet de l\u2019ex\u00e9cutif, entre le Premier ministre \u2014 par ailleurs chef de Pastef \u2014 et le chef de l\u2019\u00c9tat, qui demeure membre du parti malgr\u00e9 sa d\u00e9mission du poste de secr\u00e9taire g\u00e9n\u00e9ral apr\u00e8s son accession au pouvoir. Toujours d\u2019apr\u00e8s Lib\u00e9ration, Ousmane Sonko a profit\u00e9 de la r\u00e9union pour \u00abass\u00e9ner ses v\u00e9rit\u00e9s\u00bb sur la situation actuelle, se fondant sur des \u00absources autoris\u00e9es\u00bb non pr\u00e9cis\u00e9es.<\/p>\n","protected":false},"author":7,"featured_media":38145,"comment_status":"open","ping_status":"open","sticky":false,"template":"","format":"standard","meta":{"_jetpack_memberships_contains_paid_content":false,"footnotes":""},"categories":[375,3,1],"tags":[],"class_list":["post-38144","post","type-post","status-publish","format-standard","has-post-thumbnail","hentry","category-actualites","category-politique","category-non-classe","entry","has-media","owp-thumbs-layout-horizontal","owp-btn-normal","owp-tabs-layout-horizontal","has-no-thumbnails","has-product-nav"],"yoast_head":"<!-- This site is optimized with the Yoast SEO plugin v25.5 - https:\/\/yoast.com\/wordpress\/plugins\/seo\/ -->\n<title>Pastef : Sonko livre ses v\u00e9rit\u00e9s et pr\u00e9pare une lettre au Pr\u00e9sident Diomaye Faye - LE PUBLIC<\/title>\n<meta name=\"robots\" content=\"index, follow, max-snippet:-1, max-image-preview:large, max-video-preview:-1\" \/>\n<link rel=\"canonical\" href=\"https:\/\/www.public.sn\/index.php\/2025\/11\/17\/pastef-sonko-livre-ses-verites-et-prepare-une-lettre-au-president-diomaye-faye\/\" \/>\n<meta property=\"og:locale\" content=\"fr_FR\" \/>\n<meta property=\"og:type\" content=\"article\" \/>\n<meta property=\"og:title\" content=\"Pastef : Sonko livre ses v\u00e9rit\u00e9s et pr\u00e9pare une lettre au Pr\u00e9sident Diomaye Faye - LE PUBLIC\" \/>\n<meta property=\"og:description\" content=\"Le bureau politique de Pastef s\u2019est r\u00e9uni samedi sous la pr\u00e9sidence du leader du parti, Ousmane Sonko. Selon Lib\u00e9ration, cit\u00e9 par Seneweb, les Patriotes pr\u00e9voient d\u2019adresser une lettre au pr\u00e9sident Diomaye Faye afin d\u2019avoir un \u00e9change direct avec lui. Les discussions devraient porter sur les divergences apparues au sommet de l\u2019ex\u00e9cutif, entre le Premier ministre \u2014 par ailleurs chef de Pastef \u2014 et le chef de l\u2019\u00c9tat, qui demeure membre du parti malgr\u00e9 sa d\u00e9mission du poste de secr\u00e9taire g\u00e9n\u00e9ral apr\u00e8s son accession au pouvoir. Toujours d\u2019apr\u00e8s Lib\u00e9ration, Ousmane Sonko a profit\u00e9 de la r\u00e9union pour \u00abass\u00e9ner ses v\u00e9rit\u00e9s\u00bb sur la situation actuelle, se fondant sur des \u00absources autoris\u00e9es\u00bb non pr\u00e9cis\u00e9es.\" \/>\n<meta property=\"og:url\" content=\"https:\/\/www.public.sn\/index.php\/2025\/11\/17\/pastef-sonko-livre-ses-verites-et-prepare-une-lettre-au-president-diomaye-faye\/\" \/>\n<meta property=\"og:site_name\" content=\"LE PUBLIC\" \/>\n<meta property=\"article:published_time\" content=\"2025-11-17T13:10:32+00:00\" \/>\n<meta property=\"article:modified_time\" content=\"2025-11-17T13:10:53+00:00\" \/>\n<meta property=\"og:image\" content=\"https:\/\/www.public.sn\/wp-content\/uploads\/2025\/11\/OIF-2.jpeg\" \/>\n\t<meta property=\"og:image:width\" content=\"474\" \/>\n\t<meta property=\"og:image:height\" content=\"266\" \/>\n\t<meta property=\"og:image:type\" content=\"image\/jpeg\" \/>\n<meta name=\"author\" content=\"LA REDACTION\" \/>\n<meta name=\"twitter:card\" content=\"summary_large_image\" \/>\n<meta name=\"twitter:label1\" content=\"\u00c9crit par\" \/>\n\t<meta name=\"twitter:data1\" content=\"LA REDACTION\" \/>\n\t<meta name=\"twitter:label2\" content=\"Dur\u00e9e de lecture estim\u00e9e\" \/>\n\t<meta name=\"twitter:data2\" content=\"1 minute\" \/>\n<script type=\"application\/ld+json\" class=\"yoast-schema-graph\">{\"@context\":\"https:\/\/schema.org\",\"@graph\":[{\"@type\":\"Article\",\"@id\":\"https:\/\/www.public.sn\/index.php\/2025\/11\/17\/pastef-sonko-livre-ses-verites-et-prepare-une-lettre-au-president-diomaye-faye\/#article\",\"isPartOf\":{\"@id\":\"https:\/\/www.public.sn\/index.php\/2025\/11\/17\/pastef-sonko-livre-ses-verites-et-prepare-une-lettre-au-president-diomaye-faye\/\"},\"author\":{\"name\":\"LA REDACTION\",\"@id\":\"https:\/\/www.public.sn\/#\/schema\/person\/cb76c8e1b8becc6be61fb5e92d6d0224\"},\"headline\":\"Pastef : Sonko livre ses v\u00e9rit\u00e9s et pr\u00e9pare une lettre au Pr\u00e9sident Diomaye Faye\",\"datePublished\":\"2025-11-17T13:10:32+00:00\",\"dateModified\":\"2025-11-17T13:10:53+00:00\",\"mainEntityOfPage\":{\"@id\":\"https:\/\/www.public.sn\/index.php\/2025\/11\/17\/pastef-sonko-livre-ses-verites-et-prepare-une-lettre-au-president-diomaye-faye\/\"},\"wordCount\":152,\"commentCount\":0,\"publisher\":{\"@id\":\"https:\/\/www.public.sn\/#organization\"},\"image\":{\"@id\":\"https:\/\/www.public.sn\/index.php\/2025\/11\/17\/pastef-sonko-livre-ses-verites-et-prepare-une-lettre-au-president-diomaye-faye\/#primaryimage\"},\"thumbnailUrl\":\"https:\/\/www.public.sn\/wp-content\/uploads\/2025\/11\/OIF-2.jpeg\",\"articleSection\":[\"ACTUALIT\u00c9S\",\"POLITIQUE\",\"S\u00c9N\u00c9GAL\"],\"inLanguage\":\"fr-FR\",\"potentialAction\":[{\"@type\":\"CommentAction\",\"name\":\"Comment\",\"target\":[\"https:\/\/www.public.sn\/index.php\/2025\/11\/17\/pastef-sonko-livre-ses-verites-et-prepare-une-lettre-au-president-diomaye-faye\/#respond\"]}]},{\"@type\":\"WebPage\",\"@id\":\"https:\/\/www.public.sn\/index.php\/2025\/11\/17\/pastef-sonko-livre-ses-verites-et-prepare-une-lettre-au-president-diomaye-faye\/\",\"url\":\"https:\/\/www.public.sn\/index.php\/2025\/11\/17\/pastef-sonko-livre-ses-verites-et-prepare-une-lettre-au-president-diomaye-faye\/\",\"name\":\"Pastef : Sonko livre ses v\u00e9rit\u00e9s et pr\u00e9pare une lettre au Pr\u00e9sident Diomaye Faye - LE PUBLIC\",\"isPartOf\":{\"@id\":\"https:\/\/www.public.sn\/#website\"},\"primaryImageOfPage\":{\"@id\":\"https:\/\/www.public.sn\/index.php\/2025\/11\/17\/pastef-sonko-livre-ses-verites-et-prepare-une-lettre-au-president-diomaye-faye\/#primaryimage\"},\"image\":{\"@id\":\"https:\/\/www.public.sn\/index.php\/2025\/11\/17\/pastef-sonko-livre-ses-verites-et-prepare-une-lettre-au-president-diomaye-faye\/#primaryimage\"},\"thumbnailUrl\":\"https:\/\/www.public.sn\/wp-content\/uploads\/2025\/11\/OIF-2.jpeg\",\"datePublished\":\"2025-11-17T13:10:32+00:00\",\"dateModified\":\"2025-11-17T13:10:53+00:00\",\"breadcrumb\":{\"@id\":\"https:\/\/www.public.sn\/index.php\/2025\/11\/17\/pastef-sonko-livre-ses-verites-et-prepare-une-lettre-au-president-diomaye-faye\/#breadcrumb\"},\"inLanguage\":\"fr-FR\",\"potentialAction\":[{\"@type\":\"ReadAction\",\"target\":[\"https:\/\/www.public.sn\/index.php\/2025\/11\/17\/pastef-sonko-livre-ses-verites-et-prepare-une-lettre-au-president-diomaye-faye\/\"]}]},{\"@type\":\"ImageObject\",\"inLanguage\":\"fr-FR\",\"@id\":\"https:\/\/www.public.sn\/index.php\/2025\/11\/17\/pastef-sonko-livre-ses-verites-et-prepare-une-lettre-au-president-diomaye-faye\/#primaryimage\",\"url\":\"https:\/\/www.public.sn\/wp-content\/uploads\/2025\/11\/OIF-2.jpeg\",\"contentUrl\":\"https:\/\/www.public.sn\/wp-content\/uploads\/2025\/11\/OIF-2.jpeg\",\"width\":474,\"height\":266},{\"@type\":\"BreadcrumbList\",\"@id\":\"https:\/\/www.public.sn\/index.php\/2025\/11\/17\/pastef-sonko-livre-ses-verites-et-prepare-une-lettre-au-president-diomaye-faye\/#breadcrumb\",\"itemListElement\":[{\"@type\":\"ListItem\",\"position\":1,\"name\":\"Accueil\",\"item\":\"https:\/\/www.public.sn\/\"},{\"@type\":\"ListItem\",\"position\":2,\"name\":\"Pastef : Sonko livre ses v\u00e9rit\u00e9s et pr\u00e9pare une lettre au Pr\u00e9sident Diomaye Faye\"}]},{\"@type\":\"WebSite\",\"@id\":\"https:\/\/www.public.sn\/#website\",\"url\":\"https:\/\/www.public.sn\/\",\"name\":\"LE PUBLIC\",\"description\":\"\",\"publisher\":{\"@id\":\"https:\/\/www.public.sn\/#organization\"},\"potentialAction\":[{\"@type\":\"SearchAction\",\"target\":{\"@type\":\"EntryPoint\",\"urlTemplate\":\"https:\/\/www.public.sn\/?s={search_term_string}\"},\"query-input\":{\"@type\":\"PropertyValueSpecification\",\"valueRequired\":true,\"valueName\":\"search_term_string\"}}],\"inLanguage\":\"fr-FR\"},{\"@type\":\"Organization\",\"@id\":\"https:\/\/www.public.sn\/#organization\",\"name\":\"LE PUBLIC\",\"url\":\"https:\/\/www.public.sn\/\",\"logo\":{\"@type\":\"ImageObject\",\"inLanguage\":\"fr-FR\",\"@id\":\"https:\/\/www.public.sn\/#\/schema\/logo\/image\/\",\"url\":\"https:\/\/www.public.sn\/wp-content\/uploads\/2024\/05\/cropped-LOGO-PUBLIC.SN_.png\",\"contentUrl\":\"https:\/\/www.public.sn\/wp-content\/uploads\/2024\/05\/cropped-LOGO-PUBLIC.SN_.png\",\"width\":682,\"height\":192,\"caption\":\"LE PUBLIC\"},\"image\":{\"@id\":\"https:\/\/www.public.sn\/#\/schema\/logo\/image\/\"}},{\"@type\":\"Person\",\"@id\":\"https:\/\/www.public.sn\/#\/schema\/person\/cb76c8e1b8becc6be61fb5e92d6d0224\",\"name\":\"LA REDACTION\",\"image\":{\"@type\":\"ImageObject\",\"inLanguage\":\"fr-FR\",\"@id\":\"https:\/\/www.public.sn\/#\/schema\/person\/image\/\",\"url\":\"https:\/\/secure.gravatar.com\/avatar\/2dce5ddd34b8fef0180efe03aa2a9bee7d953856048f9a16b298190a3178407c?s=96&d=mm&r=g\",\"contentUrl\":\"https:\/\/secure.gravatar.com\/avatar\/2dce5ddd34b8fef0180efe03aa2a9bee7d953856048f9a16b298190a3178407c?s=96&d=mm&r=g\",\"caption\":\"LA REDACTION\"},\"url\":\"https:\/\/www.public.sn\/index.php\/author\/editeurpsn\/\"}]}<\/script>\n<!-- \/ Yoast SEO plugin. -->","yoast_head_json":{"title":"Pastef : Sonko livre ses v\u00e9rit\u00e9s et pr\u00e9pare une lettre au Pr\u00e9sident Diomaye Faye - LE PUBLIC","robots":{"index":"index","follow":"follow","max-snippet":"max-snippet:-1","max-image-preview":"max-image-preview:large","max-video-preview":"max-video-preview:-1"},"canonical":"https:\/\/www.public.sn\/index.php\/2025\/11\/17\/pastef-sonko-livre-ses-verites-et-prepare-une-lettre-au-president-diomaye-faye\/","og_locale":"fr_FR","og_type":"article","og_title":"Pastef : Sonko livre ses v\u00e9rit\u00e9s et pr\u00e9pare une lettre au Pr\u00e9sident Diomaye Faye - LE PUBLIC","og_description":"Le bureau politique de Pastef s\u2019est r\u00e9uni samedi sous la pr\u00e9sidence du leader du parti, Ousmane Sonko. Selon Lib\u00e9ration, cit\u00e9 par Seneweb, les Patriotes pr\u00e9voient d\u2019adresser une lettre au pr\u00e9sident Diomaye Faye afin d\u2019avoir un \u00e9change direct avec lui. Les discussions devraient porter sur les divergences apparues au sommet de l\u2019ex\u00e9cutif, entre le Premier ministre \u2014 par ailleurs chef de Pastef \u2014 et le chef de l\u2019\u00c9tat, qui demeure membre du parti malgr\u00e9 sa d\u00e9mission du poste de secr\u00e9taire g\u00e9n\u00e9ral apr\u00e8s son accession au pouvoir. Toujours d\u2019apr\u00e8s Lib\u00e9ration, Ousmane Sonko a profit\u00e9 de la r\u00e9union pour \u00abass\u00e9ner ses v\u00e9rit\u00e9s\u00bb sur la situation actuelle, se fondant sur des \u00absources autoris\u00e9es\u00bb non pr\u00e9cis\u00e9es.","og_url":"https:\/\/www.public.sn\/index.php\/2025\/11\/17\/pastef-sonko-livre-ses-verites-et-prepare-une-lettre-au-president-diomaye-faye\/","og_site_name":"LE PUBLIC","article_published_time":"2025-11-17T13:10:32+00:00","article_modified_time":"2025-11-17T13:10:53+00:00","og_image":[{"width":474,"height":266,"url":"https:\/\/www.public.sn\/wp-content\/uploads\/2025\/11\/OIF-2.jpeg","type":"image\/jpeg"}],"author":"LA REDACTION","twitter_card":"summary_large_image","twitter_misc":{"\u00c9crit par":"LA REDACTION","Dur\u00e9e de lecture estim\u00e9e":"1 minute"},"schema":{"@context":"https:\/\/schema.org","@graph":[{"@type":"Article","@id":"https:\/\/www.public.sn\/index.php\/2025\/11\/17\/pastef-sonko-livre-ses-verites-et-prepare-une-lettre-au-president-diomaye-faye\/#article","isPartOf":{"@id":"https:\/\/www.public.sn\/index.php\/2025\/11\/17\/pastef-sonko-livre-ses-verites-et-prepare-une-lettre-au-president-diomaye-faye\/"},"author":{"name":"LA REDACTION","@id":"https:\/\/www.public.sn\/#\/schema\/person\/cb76c8e1b8becc6be61fb5e92d6d0224"},"headline":"Pastef : Sonko livre ses v\u00e9rit\u00e9s et pr\u00e9pare une lettre au Pr\u00e9sident Diomaye Faye","datePublished":"2025-11-17T13:10:32+00:00","dateModified":"2025-11-17T13:10:53+00:00","mainEntityOfPage":{"@id":"https:\/\/www.public.sn\/index.php\/2025\/11\/17\/pastef-sonko-livre-ses-verites-et-prepare-une-lettre-au-president-diomaye-faye\/"},"wordCount":152,"commentCount":0,"publisher":{"@id":"https:\/\/www.public.sn\/#organization"},"image":{"@id":"https:\/\/www.public.sn\/index.php\/2025\/11\/17\/pastef-sonko-livre-ses-verites-et-prepare-une-lettre-au-president-diomaye-faye\/#primaryimage"},"thumbnailUrl":"https:\/\/www.public.sn\/wp-content\/uploads\/2025\/11\/OIF-2.jpeg","articleSection":["ACTUALIT\u00c9S","POLITIQUE","S\u00c9N\u00c9GAL"],"inLanguage":"fr-FR","potentialAction":[{"@type":"CommentAction","name":"Comment","target":["https:\/\/www.public.sn\/index.php\/2025\/11\/17\/pastef-sonko-livre-ses-verites-et-prepare-une-lettre-au-president-diomaye-faye\/#respond"]}]},{"@type":"WebPage","@id":"https:\/\/www.public.sn\/index.php\/2025\/11\/17\/pastef-sonko-livre-ses-verites-et-prepare-une-lettre-au-president-diomaye-faye\/","url":"https:\/\/www.public.sn\/index.php\/2025\/11\/17\/pastef-sonko-livre-ses-verites-et-prepare-une-lettre-au-president-diomaye-faye\/","name":"Pastef : Sonko livre ses v\u00e9rit\u00e9s et pr\u00e9pare une lettre au Pr\u00e9sident Diomaye Faye - LE PUBLIC","isPartOf":{"@id":"https:\/\/www.public.sn\/#website"},"primaryImageOfPage":{"@id":"https:\/\/www.public.sn\/index.php\/2025\/11\/17\/pastef-sonko-livre-ses-verites-et-prepare-une-lettre-au-president-diomaye-faye\/#primaryimage"},"image":{"@id":"https:\/\/www.public.sn\/index.php\/2025\/11\/17\/pastef-sonko-livre-ses-verites-et-prepare-une-lettre-au-president-diomaye-faye\/#primaryimage"},"thumbnailUrl":"https:\/\/www.public.sn\/wp-content\/uploads\/2025\/11\/OIF-2.jpeg","datePublished":"2025-11-17T13:10:32+00:00","dateModified":"2025-11-17T13:10:53+00:00","breadcrumb":{"@id":"https:\/\/www.public.sn\/index.php\/2025\/11\/17\/pastef-sonko-livre-ses-verites-et-prepare-une-lettre-au-president-diomaye-faye\/#breadcrumb"},"inLanguage":"fr-FR","potentialAction":[{"@type":"ReadAction","target":["https:\/\/www.public.sn\/index.php\/2025\/11\/17\/pastef-sonko-livre-ses-verites-et-prepare-une-lettre-au-president-diomaye-faye\/"]}]},{"@type":"ImageObject","inLanguage":"fr-FR","@id":"https:\/\/www.public.sn\/index.php\/2025\/11\/17\/pastef-sonko-livre-ses-verites-et-prepare-une-lettre-au-president-diomaye-faye\/#primaryimage","url":"https:\/\/www.public.sn\/wp-content\/uploads\/2025\/11\/OIF-2.jpeg","contentUrl":"https:\/\/www.public.sn\/wp-content\/uploads\/2025\/11\/OIF-2.jpeg","width":474,"height":266},{"@type":"BreadcrumbList","@id":"https:\/\/www.public.sn\/index.php\/2025\/11\/17\/pastef-sonko-livre-ses-verites-et-prepare-une-lettre-au-president-diomaye-faye\/#breadcrumb","itemListElement":[{"@type":"ListItem","position":1,"name":"Accueil","item":"https:\/\/www.public.sn\/"},{"@type":"ListItem","position":2,"name":"Pastef : Sonko livre ses v\u00e9rit\u00e9s et pr\u00e9pare une lettre au Pr\u00e9sident Diomaye Faye"}]},{"@type":"WebSite","@id":"https:\/\/www.public.sn\/#website","url":"https:\/\/www.public.sn\/","name":"LE PUBLIC","description":"","publisher":{"@id":"https:\/\/www.public.sn\/#organization"},"potentialAction":[{"@type":"SearchAction","target":{"@type":"EntryPoint","urlTemplate":"https:\/\/www.public.sn\/?s={search_term_string}"},"query-input":{"@type":"PropertyValueSpecification","valueRequired":true,"valueName":"search_term_string"}}],"inLanguage":"fr-FR"},{"@type":"Organization","@id":"https:\/\/www.public.sn\/#organization","name":"LE PUBLIC","url":"https:\/\/www.public.sn\/","logo":{"@type":"ImageObject","inLanguage":"fr-FR","@id":"https:\/\/www.public.sn\/#\/schema\/logo\/image\/","url":"https:\/\/www.public.sn\/wp-content\/uploads\/2024\/05\/cropped-LOGO-PUBLIC.SN_.png","contentUrl":"https:\/\/www.public.sn\/wp-content\/uploads\/2024\/05\/cropped-LOGO-PUBLIC.SN_.png","width":682,"height":192,"caption":"LE PUBLIC"},"image":{"@id":"https:\/\/www.public.sn\/#\/schema\/logo\/image\/"}},{"@type":"Person","@id":"https:\/\/www.public.sn\/#\/schema\/person\/cb76c8e1b8becc6be61fb5e92d6d0224","name":"LA REDACTION","image":{"@type":"ImageObject","inLanguage":"fr-FR","@id":"https:\/\/www.public.sn\/#\/schema\/person\/image\/","url":"https:\/\/secure.gravatar.com\/avatar\/2dce5ddd34b8fef0180efe03aa2a9bee7d953856048f9a16b298190a3178407c?s=96&d=mm&r=g","contentUrl":"https:\/\/secure.gravatar.com\/avatar\/2dce5ddd34b8fef0180efe03aa2a9bee7d953856048f9a16b298190a3178407c?s=96&d=mm&r=g","caption":"LA REDACTION"},"url":"https:\/\/www.public.sn\/index.php\/author\/editeurpsn\/"}]}},"jetpack_featured_media_url":"https:\/\/www.public.sn\/wp-content\/uploads\/2025\/11\/OIF-2.jpeg","jetpack_sharing_enabled":true,"_links":{"self":[{"href":"https:\/\/www.public.sn\/index.php\/wp-json\/wp\/v2\/posts\/38144","targetHints":{"allow":["GET"]}}],"collection":[{"href":"https:\/\/www.public.sn\/index.php\/wp-json\/wp\/v2\/posts"}],"about":[{"href":"https:\/\/www.public.sn\/index.php\/wp-json\/wp\/v2\/types\/post"}],"author":[{"embeddable":true,"href":"https:\/\/www.public.sn\/index.php\/wp-json\/wp\/v2\/users\/7"}],"replies":[{"embeddable":true,"href":"https:\/\/www.public.sn\/index.php\/wp-json\/wp\/v2\/comments?post=38144"}],"version-history":[{"count":1,"href":"https:\/\/www.public.sn\/index.php\/wp-json\/wp\/v2\/posts\/38144\/revisions"}],"predecessor-version":[{"id":38146,"href":"https:\/\/www.public.sn\/index.php\/wp-json\/wp\/v2\/posts\/38144\/revisions\/38146"}],"wp:featuredmedia":[{"embeddable":true,"href":"https:\/\/www.public.sn\/index.php\/wp-json\/wp\/v2\/media\/38145"}],"wp:attachment":[{"href":"https:\/\/www.public.sn\/index.php\/wp-json\/wp\/v2\/media?parent=38144"}],"wp:term":[{"taxonomy":"category","embeddable":true,"href":"https:\/\/www.public.sn\/index.php\/wp-json\/wp\/v2\/categories?post=38144"},{"taxonomy":"post_tag","embeddable":true,"href":"https:\/\/www.public.sn\/index.php\/wp-json\/wp\/v2\/tags?post=38144"}],"curies":[{"name":"wp","href":"https:\/\/api.w.org\/{rel}","templated":true}]}}