{"id":38161,"date":"2025-11-17T13:53:16","date_gmt":"2025-11-17T13:53:16","guid":{"rendered":"https:\/\/www.public.sn\/?p=38161"},"modified":"2025-11-17T13:53:33","modified_gmt":"2025-11-17T13:53:33","slug":"sames-denonce-le-non-paiement-des-salaires-des-agents-de-sante-contractuels","status":"publish","type":"post","link":"https:\/\/www.public.sn\/index.php\/2025\/11\/17\/sames-denonce-le-non-paiement-des-salaires-des-agents-de-sante-contractuels\/","title":{"rendered":"SAMES d\u00e9nonce le non-paiement des salaires des agents de sant\u00e9 contractuels"},"content":{"rendered":"\n<p>Le Syndicat autonome des m\u00e9decins, pharmaciens et chirurgiens-dentistes du S\u00e9n\u00e9gal (SAMES) a exprim\u00e9, ce 16 novembre 2025, sa <strong>vive indignation<\/strong> face au non-paiement, \u00e0 la mi-novembre, des salaires de nombreux agents de sant\u00e9 contractuels relevant du minist\u00e8re de la Sant\u00e9 et de l\u2019Hygi\u00e8ne publique (MSHP). Parmi les travailleurs concern\u00e9s figurent des m\u00e9decins, des pharmaciens et des chirurgiens-dentistes.<\/p><div class=\"publi-paragraphe1\" style=\"margin-top: 10px;margin-bottom: 10px;margin-left: auto;margin-right: auto;text-align: center;\" id=\"publi-3701462665\"><div class=\"publi-adlabel\">Publicit\u00e9<\/div><script async src=\"\/\/pagead2.googlesyndication.com\/pagead\/js\/adsbygoogle.js?client=ca-pub-4089586018074219\" crossorigin=\"anonymous\"><\/script><ins class=\"adsbygoogle\" style=\"display:block;\" data-ad-client=\"ca-pub-4089586018074219\" \ndata-ad-slot=\"2087940154\" \ndata-ad-format=\"auto\"><\/ins>\n<script> \n(adsbygoogle = window.adsbygoogle || []).push({}); \n<\/script>\n<\/div>\n\n\n\n<p>Dans son communiqu\u00e9, le SAMES qualifie ce retard de <strong>\u00ab faute administrative majeure \u00bb<\/strong>, en rappelant que le salaire constitue un <strong>\u00ab droit fondamental et sacr\u00e9 \u00bb<\/strong>. Le syndicat fustige \u00e9galement les <strong>\u00ab d\u00e9faillances r\u00e9p\u00e9t\u00e9es \u00bb<\/strong> dans la gestion du personnel contractuel et pointe directement la responsabilit\u00e9 de l\u2019\u00c9tat et du minist\u00e8re.<\/p>\n\n\n\n<p>Selon l\u2019organisation syndicale, ces dysfonctionnements ont des impacts lourds : ils <strong>d\u00e9motivent les \u00e9quipes<\/strong>, <strong>affaiblissent la confiance envers les institutions<\/strong> et <strong>fragilisent encore davantage un syst\u00e8me de sant\u00e9 d\u00e9j\u00e0 fortement \u00e9prouv\u00e9<\/strong>.<\/p>\n\n\n\n<p>Le SAMES r\u00e9affirme son <strong>soutien total<\/strong> aux agents concern\u00e9s, saluant leur professionnalisme et leur sens du devoir malgr\u00e9 l\u2019absence de r\u00e9mun\u00e9ration. Le syndicat exige des <strong>explications officielles imm\u00e9diates<\/strong> ainsi que la <strong>s\u00e9curisation d\u00e9finitive de la cha\u00eene de paiement<\/strong> afin d\u2019\u00e9viter tout nouvel incident.<\/p>\n\n\n\n<p>Pour conclure, il rappelle une position sans \u00e9quivoque : <strong>\u00ab Un salaire retard\u00e9 est une injustice sociale et une violation directe des droits du personnel de sant\u00e9. \u00bb<\/strong><\/p>\n\n\n\n<p><strong>Source : Seneweb<\/strong><\/p>\n\n\n\n<p><\/p>\n<div class=\"publi-apres-le-contenu\" style=\"margin-top: 10px;margin-bottom: 10px;margin-left: auto;margin-right: auto;text-align: center;\" id=\"publi-3896084329\"><div class=\"publi-adlabel\">Publicit\u00e9<\/div><script async src=\"\/\/pagead2.googlesyndication.com\/pagead\/js\/adsbygoogle.js?client=ca-pub-4089586018074219\" crossorigin=\"anonymous\"><\/script><ins class=\"adsbygoogle\" style=\"display:block;\" data-ad-client=\"ca-pub-4089586018074219\" \ndata-ad-slot=\"2087940154\" \ndata-ad-format=\"auto\"><\/ins>\n<script> \n(adsbygoogle = window.adsbygoogle || []).push({}); \n<\/script>\n<\/div>","protected":false},"excerpt":{"rendered":"<p>Le Syndicat autonome des m\u00e9decins, pharmaciens et chirurgiens-dentistes du S\u00e9n\u00e9gal (SAMES) a exprim\u00e9, ce 16 novembre 2025, sa vive indignation face au non-paiement, \u00e0 la mi-novembre, des salaires de nombreux agents de sant\u00e9 contractuels relevant du minist\u00e8re de la Sant\u00e9 et de l\u2019Hygi\u00e8ne publique (MSHP). Parmi les travailleurs concern\u00e9s figurent des m\u00e9decins, des pharmaciens et des chirurgiens-dentistes. Dans son communiqu\u00e9, le SAMES qualifie ce retard de \u00ab faute administrative majeure \u00bb, en rappelant que le salaire constitue un \u00ab droit fondamental et sacr\u00e9 \u00bb. Le syndicat fustige \u00e9galement les \u00ab d\u00e9faillances r\u00e9p\u00e9t\u00e9es \u00bb dans la gestion du personnel contractuel et pointe directement la responsabilit\u00e9 de l\u2019\u00c9tat et du minist\u00e8re. Selon l\u2019organisation syndicale, ces dysfonctionnements ont des impacts lourds : ils d\u00e9motivent les \u00e9quipes, affaiblissent la confiance envers les institutions et fragilisent encore davantage un syst\u00e8me de sant\u00e9 d\u00e9j\u00e0 fortement \u00e9prouv\u00e9. Le SAMES r\u00e9affirme son soutien total aux agents concern\u00e9s, saluant leur professionnalisme et leur sens du devoir malgr\u00e9 l\u2019absence de r\u00e9mun\u00e9ration. Le syndicat exige des explications officielles imm\u00e9diates ainsi que la s\u00e9curisation d\u00e9finitive de la cha\u00eene de paiement afin d\u2019\u00e9viter tout nouvel incident. Pour conclure, il rappelle une position sans \u00e9quivoque : \u00ab Un salaire retard\u00e9 est une injustice sociale et une violation directe des droits du personnel de sant\u00e9. \u00bb Source : Seneweb<\/p>\n","protected":false},"author":7,"featured_media":38162,"comment_status":"open","ping_status":"open","sticky":false,"template":"","format":"standard","meta":{"_jetpack_memberships_contains_paid_content":false,"footnotes":""},"categories":[375,1574],"tags":[693,7819,1404],"class_list":["post-38161","post","type-post","status-publish","format-standard","has-post-thumbnail","hentry","category-actualites","category-sante","tag-sames","tag-sante-2","tag-senegal-2","entry","has-media","owp-thumbs-layout-horizontal","owp-btn-normal","owp-tabs-layout-horizontal","has-no-thumbnails","has-product-nav"],"yoast_head":"<!-- This site is optimized with the Yoast SEO plugin v25.5 - https:\/\/yoast.com\/wordpress\/plugins\/seo\/ -->\n<title>SAMES d\u00e9nonce le non-paiement des salaires des agents de sant\u00e9 contractuels - LE PUBLIC<\/title>\n<meta name=\"robots\" content=\"index, follow, max-snippet:-1, max-image-preview:large, max-video-preview:-1\" \/>\n<link rel=\"canonical\" href=\"https:\/\/www.public.sn\/index.php\/2025\/11\/17\/sames-denonce-le-non-paiement-des-salaires-des-agents-de-sante-contractuels\/\" \/>\n<meta property=\"og:locale\" content=\"fr_FR\" \/>\n<meta property=\"og:type\" content=\"article\" \/>\n<meta property=\"og:title\" content=\"SAMES d\u00e9nonce le non-paiement des salaires des agents de sant\u00e9 contractuels - LE PUBLIC\" \/>\n<meta property=\"og:description\" content=\"Le Syndicat autonome des m\u00e9decins, pharmaciens et chirurgiens-dentistes du S\u00e9n\u00e9gal (SAMES) a exprim\u00e9, ce 16 novembre 2025, sa vive indignation face au non-paiement, \u00e0 la mi-novembre, des salaires de nombreux agents de sant\u00e9 contractuels relevant du minist\u00e8re de la Sant\u00e9 et de l\u2019Hygi\u00e8ne publique (MSHP). Parmi les travailleurs concern\u00e9s figurent des m\u00e9decins, des pharmaciens et des chirurgiens-dentistes. Dans son communiqu\u00e9, le SAMES qualifie ce retard de \u00ab faute administrative majeure \u00bb, en rappelant que le salaire constitue un \u00ab droit fondamental et sacr\u00e9 \u00bb. Le syndicat fustige \u00e9galement les \u00ab d\u00e9faillances r\u00e9p\u00e9t\u00e9es \u00bb dans la gestion du personnel contractuel et pointe directement la responsabilit\u00e9 de l\u2019\u00c9tat et du minist\u00e8re. Selon l\u2019organisation syndicale, ces dysfonctionnements ont des impacts lourds : ils d\u00e9motivent les \u00e9quipes, affaiblissent la confiance envers les institutions et fragilisent encore davantage un syst\u00e8me de sant\u00e9 d\u00e9j\u00e0 fortement \u00e9prouv\u00e9. Le SAMES r\u00e9affirme son soutien total aux agents concern\u00e9s, saluant leur professionnalisme et leur sens du devoir malgr\u00e9 l\u2019absence de r\u00e9mun\u00e9ration. Le syndicat exige des explications officielles imm\u00e9diates ainsi que la s\u00e9curisation d\u00e9finitive de la cha\u00eene de paiement afin d\u2019\u00e9viter tout nouvel incident. Pour conclure, il rappelle une position sans \u00e9quivoque : \u00ab Un salaire retard\u00e9 est une injustice sociale et une violation directe des droits du personnel de sant\u00e9. \u00bb Source : Seneweb\" \/>\n<meta property=\"og:url\" content=\"https:\/\/www.public.sn\/index.php\/2025\/11\/17\/sames-denonce-le-non-paiement-des-salaires-des-agents-de-sante-contractuels\/\" \/>\n<meta property=\"og:site_name\" content=\"LE PUBLIC\" \/>\n<meta property=\"article:published_time\" content=\"2025-11-17T13:53:16+00:00\" \/>\n<meta property=\"article:modified_time\" content=\"2025-11-17T13:53:33+00:00\" \/>\n<meta property=\"og:image\" content=\"https:\/\/www.public.sn\/wp-content\/uploads\/2025\/11\/OIP-24.jpeg\" \/>\n\t<meta property=\"og:image:width\" content=\"474\" \/>\n\t<meta property=\"og:image:height\" content=\"474\" \/>\n\t<meta property=\"og:image:type\" content=\"image\/jpeg\" \/>\n<meta name=\"author\" content=\"LA REDACTION\" \/>\n<meta name=\"twitter:card\" content=\"summary_large_image\" \/>\n<meta name=\"twitter:label1\" content=\"\u00c9crit par\" \/>\n\t<meta name=\"twitter:data1\" content=\"LA REDACTION\" \/>\n\t<meta name=\"twitter:label2\" content=\"Dur\u00e9e de lecture estim\u00e9e\" \/>\n\t<meta name=\"twitter:data2\" content=\"2 minutes\" \/>\n<script type=\"application\/ld+json\" class=\"yoast-schema-graph\">{\"@context\":\"https:\/\/schema.org\",\"@graph\":[{\"@type\":\"Article\",\"@id\":\"https:\/\/www.public.sn\/index.php\/2025\/11\/17\/sames-denonce-le-non-paiement-des-salaires-des-agents-de-sante-contractuels\/#article\",\"isPartOf\":{\"@id\":\"https:\/\/www.public.sn\/index.php\/2025\/11\/17\/sames-denonce-le-non-paiement-des-salaires-des-agents-de-sante-contractuels\/\"},\"author\":{\"name\":\"LA REDACTION\",\"@id\":\"https:\/\/www.public.sn\/#\/schema\/person\/cb76c8e1b8becc6be61fb5e92d6d0224\"},\"headline\":\"SAMES d\u00e9nonce le non-paiement des salaires des agents de sant\u00e9 contractuels\",\"datePublished\":\"2025-11-17T13:53:16+00:00\",\"dateModified\":\"2025-11-17T13:53:33+00:00\",\"mainEntityOfPage\":{\"@id\":\"https:\/\/www.public.sn\/index.php\/2025\/11\/17\/sames-denonce-le-non-paiement-des-salaires-des-agents-de-sante-contractuels\/\"},\"wordCount\":240,\"commentCount\":0,\"publisher\":{\"@id\":\"https:\/\/www.public.sn\/#organization\"},\"image\":{\"@id\":\"https:\/\/www.public.sn\/index.php\/2025\/11\/17\/sames-denonce-le-non-paiement-des-salaires-des-agents-de-sante-contractuels\/#primaryimage\"},\"thumbnailUrl\":\"https:\/\/www.public.sn\/wp-content\/uploads\/2025\/11\/OIP-24.jpeg\",\"keywords\":[\"Sames\",\"sante\",\"senegal\"],\"articleSection\":[\"ACTUALIT\u00c9S\",\"SANT\u00c9\"],\"inLanguage\":\"fr-FR\",\"potentialAction\":[{\"@type\":\"CommentAction\",\"name\":\"Comment\",\"target\":[\"https:\/\/www.public.sn\/index.php\/2025\/11\/17\/sames-denonce-le-non-paiement-des-salaires-des-agents-de-sante-contractuels\/#respond\"]}]},{\"@type\":\"WebPage\",\"@id\":\"https:\/\/www.public.sn\/index.php\/2025\/11\/17\/sames-denonce-le-non-paiement-des-salaires-des-agents-de-sante-contractuels\/\",\"url\":\"https:\/\/www.public.sn\/index.php\/2025\/11\/17\/sames-denonce-le-non-paiement-des-salaires-des-agents-de-sante-contractuels\/\",\"name\":\"SAMES d\u00e9nonce le non-paiement des salaires des agents de sant\u00e9 contractuels - LE PUBLIC\",\"isPartOf\":{\"@id\":\"https:\/\/www.public.sn\/#website\"},\"primaryImageOfPage\":{\"@id\":\"https:\/\/www.public.sn\/index.php\/2025\/11\/17\/sames-denonce-le-non-paiement-des-salaires-des-agents-de-sante-contractuels\/#primaryimage\"},\"image\":{\"@id\":\"https:\/\/www.public.sn\/index.php\/2025\/11\/17\/sames-denonce-le-non-paiement-des-salaires-des-agents-de-sante-contractuels\/#primaryimage\"},\"thumbnailUrl\":\"https:\/\/www.public.sn\/wp-content\/uploads\/2025\/11\/OIP-24.jpeg\",\"datePublished\":\"2025-11-17T13:53:16+00:00\",\"dateModified\":\"2025-11-17T13:53:33+00:00\",\"breadcrumb\":{\"@id\":\"https:\/\/www.public.sn\/index.php\/2025\/11\/17\/sames-denonce-le-non-paiement-des-salaires-des-agents-de-sante-contractuels\/#breadcrumb\"},\"inLanguage\":\"fr-FR\",\"potentialAction\":[{\"@type\":\"ReadAction\",\"target\":[\"https:\/\/www.public.sn\/index.php\/2025\/11\/17\/sames-denonce-le-non-paiement-des-salaires-des-agents-de-sante-contractuels\/\"]}]},{\"@type\":\"ImageObject\",\"inLanguage\":\"fr-FR\",\"@id\":\"https:\/\/www.public.sn\/index.php\/2025\/11\/17\/sames-denonce-le-non-paiement-des-salaires-des-agents-de-sante-contractuels\/#primaryimage\",\"url\":\"https:\/\/www.public.sn\/wp-content\/uploads\/2025\/11\/OIP-24.jpeg\",\"contentUrl\":\"https:\/\/www.public.sn\/wp-content\/uploads\/2025\/11\/OIP-24.jpeg\",\"width\":474,\"height\":474},{\"@type\":\"BreadcrumbList\",\"@id\":\"https:\/\/www.public.sn\/index.php\/2025\/11\/17\/sames-denonce-le-non-paiement-des-salaires-des-agents-de-sante-contractuels\/#breadcrumb\",\"itemListElement\":[{\"@type\":\"ListItem\",\"position\":1,\"name\":\"Accueil\",\"item\":\"https:\/\/www.public.sn\/\"},{\"@type\":\"ListItem\",\"position\":2,\"name\":\"SAMES d\u00e9nonce le non-paiement des salaires des agents de sant\u00e9 contractuels\"}]},{\"@type\":\"WebSite\",\"@id\":\"https:\/\/www.public.sn\/#website\",\"url\":\"https:\/\/www.public.sn\/\",\"name\":\"LE PUBLIC\",\"description\":\"\",\"publisher\":{\"@id\":\"https:\/\/www.public.sn\/#organization\"},\"potentialAction\":[{\"@type\":\"SearchAction\",\"target\":{\"@type\":\"EntryPoint\",\"urlTemplate\":\"https:\/\/www.public.sn\/?s={search_term_string}\"},\"query-input\":{\"@type\":\"PropertyValueSpecification\",\"valueRequired\":true,\"valueName\":\"search_term_string\"}}],\"inLanguage\":\"fr-FR\"},{\"@type\":\"Organization\",\"@id\":\"https:\/\/www.public.sn\/#organization\",\"name\":\"LE PUBLIC\",\"url\":\"https:\/\/www.public.sn\/\",\"logo\":{\"@type\":\"ImageObject\",\"inLanguage\":\"fr-FR\",\"@id\":\"https:\/\/www.public.sn\/#\/schema\/logo\/image\/\",\"url\":\"https:\/\/www.public.sn\/wp-content\/uploads\/2024\/05\/cropped-LOGO-PUBLIC.SN_.png\",\"contentUrl\":\"https:\/\/www.public.sn\/wp-content\/uploads\/2024\/05\/cropped-LOGO-PUBLIC.SN_.png\",\"width\":682,\"height\":192,\"caption\":\"LE PUBLIC\"},\"image\":{\"@id\":\"https:\/\/www.public.sn\/#\/schema\/logo\/image\/\"}},{\"@type\":\"Person\",\"@id\":\"https:\/\/www.public.sn\/#\/schema\/person\/cb76c8e1b8becc6be61fb5e92d6d0224\",\"name\":\"LA REDACTION\",\"image\":{\"@type\":\"ImageObject\",\"inLanguage\":\"fr-FR\",\"@id\":\"https:\/\/www.public.sn\/#\/schema\/person\/image\/\",\"url\":\"https:\/\/secure.gravatar.com\/avatar\/2dce5ddd34b8fef0180efe03aa2a9bee7d953856048f9a16b298190a3178407c?s=96&d=mm&r=g\",\"contentUrl\":\"https:\/\/secure.gravatar.com\/avatar\/2dce5ddd34b8fef0180efe03aa2a9bee7d953856048f9a16b298190a3178407c?s=96&d=mm&r=g\",\"caption\":\"LA REDACTION\"},\"url\":\"https:\/\/www.public.sn\/index.php\/author\/editeurpsn\/\"}]}<\/script>\n<!-- \/ Yoast SEO plugin. -->","yoast_head_json":{"title":"SAMES d\u00e9nonce le non-paiement des salaires des agents de sant\u00e9 contractuels - LE PUBLIC","robots":{"index":"index","follow":"follow","max-snippet":"max-snippet:-1","max-image-preview":"max-image-preview:large","max-video-preview":"max-video-preview:-1"},"canonical":"https:\/\/www.public.sn\/index.php\/2025\/11\/17\/sames-denonce-le-non-paiement-des-salaires-des-agents-de-sante-contractuels\/","og_locale":"fr_FR","og_type":"article","og_title":"SAMES d\u00e9nonce le non-paiement des salaires des agents de sant\u00e9 contractuels - LE PUBLIC","og_description":"Le Syndicat autonome des m\u00e9decins, pharmaciens et chirurgiens-dentistes du S\u00e9n\u00e9gal (SAMES) a exprim\u00e9, ce 16 novembre 2025, sa vive indignation face au non-paiement, \u00e0 la mi-novembre, des salaires de nombreux agents de sant\u00e9 contractuels relevant du minist\u00e8re de la Sant\u00e9 et de l\u2019Hygi\u00e8ne publique (MSHP). Parmi les travailleurs concern\u00e9s figurent des m\u00e9decins, des pharmaciens et des chirurgiens-dentistes. Dans son communiqu\u00e9, le SAMES qualifie ce retard de \u00ab faute administrative majeure \u00bb, en rappelant que le salaire constitue un \u00ab droit fondamental et sacr\u00e9 \u00bb. Le syndicat fustige \u00e9galement les \u00ab d\u00e9faillances r\u00e9p\u00e9t\u00e9es \u00bb dans la gestion du personnel contractuel et pointe directement la responsabilit\u00e9 de l\u2019\u00c9tat et du minist\u00e8re. Selon l\u2019organisation syndicale, ces dysfonctionnements ont des impacts lourds : ils d\u00e9motivent les \u00e9quipes, affaiblissent la confiance envers les institutions et fragilisent encore davantage un syst\u00e8me de sant\u00e9 d\u00e9j\u00e0 fortement \u00e9prouv\u00e9. Le SAMES r\u00e9affirme son soutien total aux agents concern\u00e9s, saluant leur professionnalisme et leur sens du devoir malgr\u00e9 l\u2019absence de r\u00e9mun\u00e9ration. Le syndicat exige des explications officielles imm\u00e9diates ainsi que la s\u00e9curisation d\u00e9finitive de la cha\u00eene de paiement afin d\u2019\u00e9viter tout nouvel incident. Pour conclure, il rappelle une position sans \u00e9quivoque : \u00ab Un salaire retard\u00e9 est une injustice sociale et une violation directe des droits du personnel de sant\u00e9. \u00bb Source : Seneweb","og_url":"https:\/\/www.public.sn\/index.php\/2025\/11\/17\/sames-denonce-le-non-paiement-des-salaires-des-agents-de-sante-contractuels\/","og_site_name":"LE PUBLIC","article_published_time":"2025-11-17T13:53:16+00:00","article_modified_time":"2025-11-17T13:53:33+00:00","og_image":[{"width":474,"height":474,"url":"https:\/\/www.public.sn\/wp-content\/uploads\/2025\/11\/OIP-24.jpeg","type":"image\/jpeg"}],"author":"LA REDACTION","twitter_card":"summary_large_image","twitter_misc":{"\u00c9crit par":"LA REDACTION","Dur\u00e9e de lecture estim\u00e9e":"2 minutes"},"schema":{"@context":"https:\/\/schema.org","@graph":[{"@type":"Article","@id":"https:\/\/www.public.sn\/index.php\/2025\/11\/17\/sames-denonce-le-non-paiement-des-salaires-des-agents-de-sante-contractuels\/#article","isPartOf":{"@id":"https:\/\/www.public.sn\/index.php\/2025\/11\/17\/sames-denonce-le-non-paiement-des-salaires-des-agents-de-sante-contractuels\/"},"author":{"name":"LA REDACTION","@id":"https:\/\/www.public.sn\/#\/schema\/person\/cb76c8e1b8becc6be61fb5e92d6d0224"},"headline":"SAMES d\u00e9nonce le non-paiement des salaires des agents de sant\u00e9 contractuels","datePublished":"2025-11-17T13:53:16+00:00","dateModified":"2025-11-17T13:53:33+00:00","mainEntityOfPage":{"@id":"https:\/\/www.public.sn\/index.php\/2025\/11\/17\/sames-denonce-le-non-paiement-des-salaires-des-agents-de-sante-contractuels\/"},"wordCount":240,"commentCount":0,"publisher":{"@id":"https:\/\/www.public.sn\/#organization"},"image":{"@id":"https:\/\/www.public.sn\/index.php\/2025\/11\/17\/sames-denonce-le-non-paiement-des-salaires-des-agents-de-sante-contractuels\/#primaryimage"},"thumbnailUrl":"https:\/\/www.public.sn\/wp-content\/uploads\/2025\/11\/OIP-24.jpeg","keywords":["Sames","sante","senegal"],"articleSection":["ACTUALIT\u00c9S","SANT\u00c9"],"inLanguage":"fr-FR","potentialAction":[{"@type":"CommentAction","name":"Comment","target":["https:\/\/www.public.sn\/index.php\/2025\/11\/17\/sames-denonce-le-non-paiement-des-salaires-des-agents-de-sante-contractuels\/#respond"]}]},{"@type":"WebPage","@id":"https:\/\/www.public.sn\/index.php\/2025\/11\/17\/sames-denonce-le-non-paiement-des-salaires-des-agents-de-sante-contractuels\/","url":"https:\/\/www.public.sn\/index.php\/2025\/11\/17\/sames-denonce-le-non-paiement-des-salaires-des-agents-de-sante-contractuels\/","name":"SAMES d\u00e9nonce le non-paiement des salaires des agents de sant\u00e9 contractuels - LE PUBLIC","isPartOf":{"@id":"https:\/\/www.public.sn\/#website"},"primaryImageOfPage":{"@id":"https:\/\/www.public.sn\/index.php\/2025\/11\/17\/sames-denonce-le-non-paiement-des-salaires-des-agents-de-sante-contractuels\/#primaryimage"},"image":{"@id":"https:\/\/www.public.sn\/index.php\/2025\/11\/17\/sames-denonce-le-non-paiement-des-salaires-des-agents-de-sante-contractuels\/#primaryimage"},"thumbnailUrl":"https:\/\/www.public.sn\/wp-content\/uploads\/2025\/11\/OIP-24.jpeg","datePublished":"2025-11-17T13:53:16+00:00","dateModified":"2025-11-17T13:53:33+00:00","breadcrumb":{"@id":"https:\/\/www.public.sn\/index.php\/2025\/11\/17\/sames-denonce-le-non-paiement-des-salaires-des-agents-de-sante-contractuels\/#breadcrumb"},"inLanguage":"fr-FR","potentialAction":[{"@type":"ReadAction","target":["https:\/\/www.public.sn\/index.php\/2025\/11\/17\/sames-denonce-le-non-paiement-des-salaires-des-agents-de-sante-contractuels\/"]}]},{"@type":"ImageObject","inLanguage":"fr-FR","@id":"https:\/\/www.public.sn\/index.php\/2025\/11\/17\/sames-denonce-le-non-paiement-des-salaires-des-agents-de-sante-contractuels\/#primaryimage","url":"https:\/\/www.public.sn\/wp-content\/uploads\/2025\/11\/OIP-24.jpeg","contentUrl":"https:\/\/www.public.sn\/wp-content\/uploads\/2025\/11\/OIP-24.jpeg","width":474,"height":474},{"@type":"BreadcrumbList","@id":"https:\/\/www.public.sn\/index.php\/2025\/11\/17\/sames-denonce-le-non-paiement-des-salaires-des-agents-de-sante-contractuels\/#breadcrumb","itemListElement":[{"@type":"ListItem","position":1,"name":"Accueil","item":"https:\/\/www.public.sn\/"},{"@type":"ListItem","position":2,"name":"SAMES d\u00e9nonce le non-paiement des salaires des agents de sant\u00e9 contractuels"}]},{"@type":"WebSite","@id":"https:\/\/www.public.sn\/#website","url":"https:\/\/www.public.sn\/","name":"LE PUBLIC","description":"","publisher":{"@id":"https:\/\/www.public.sn\/#organization"},"potentialAction":[{"@type":"SearchAction","target":{"@type":"EntryPoint","urlTemplate":"https:\/\/www.public.sn\/?s={search_term_string}"},"query-input":{"@type":"PropertyValueSpecification","valueRequired":true,"valueName":"search_term_string"}}],"inLanguage":"fr-FR"},{"@type":"Organization","@id":"https:\/\/www.public.sn\/#organization","name":"LE PUBLIC","url":"https:\/\/www.public.sn\/","logo":{"@type":"ImageObject","inLanguage":"fr-FR","@id":"https:\/\/www.public.sn\/#\/schema\/logo\/image\/","url":"https:\/\/www.public.sn\/wp-content\/uploads\/2024\/05\/cropped-LOGO-PUBLIC.SN_.png","contentUrl":"https:\/\/www.public.sn\/wp-content\/uploads\/2024\/05\/cropped-LOGO-PUBLIC.SN_.png","width":682,"height":192,"caption":"LE PUBLIC"},"image":{"@id":"https:\/\/www.public.sn\/#\/schema\/logo\/image\/"}},{"@type":"Person","@id":"https:\/\/www.public.sn\/#\/schema\/person\/cb76c8e1b8becc6be61fb5e92d6d0224","name":"LA REDACTION","image":{"@type":"ImageObject","inLanguage":"fr-FR","@id":"https:\/\/www.public.sn\/#\/schema\/person\/image\/","url":"https:\/\/secure.gravatar.com\/avatar\/2dce5ddd34b8fef0180efe03aa2a9bee7d953856048f9a16b298190a3178407c?s=96&d=mm&r=g","contentUrl":"https:\/\/secure.gravatar.com\/avatar\/2dce5ddd34b8fef0180efe03aa2a9bee7d953856048f9a16b298190a3178407c?s=96&d=mm&r=g","caption":"LA REDACTION"},"url":"https:\/\/www.public.sn\/index.php\/author\/editeurpsn\/"}]}},"jetpack_featured_media_url":"https:\/\/www.public.sn\/wp-content\/uploads\/2025\/11\/OIP-24.jpeg","jetpack_sharing_enabled":true,"_links":{"self":[{"href":"https:\/\/www.public.sn\/index.php\/wp-json\/wp\/v2\/posts\/38161","targetHints":{"allow":["GET"]}}],"collection":[{"href":"https:\/\/www.public.sn\/index.php\/wp-json\/wp\/v2\/posts"}],"about":[{"href":"https:\/\/www.public.sn\/index.php\/wp-json\/wp\/v2\/types\/post"}],"author":[{"embeddable":true,"href":"https:\/\/www.public.sn\/index.php\/wp-json\/wp\/v2\/users\/7"}],"replies":[{"embeddable":true,"href":"https:\/\/www.public.sn\/index.php\/wp-json\/wp\/v2\/comments?post=38161"}],"version-history":[{"count":2,"href":"https:\/\/www.public.sn\/index.php\/wp-json\/wp\/v2\/posts\/38161\/revisions"}],"predecessor-version":[{"id":38164,"href":"https:\/\/www.public.sn\/index.php\/wp-json\/wp\/v2\/posts\/38161\/revisions\/38164"}],"wp:featuredmedia":[{"embeddable":true,"href":"https:\/\/www.public.sn\/index.php\/wp-json\/wp\/v2\/media\/38162"}],"wp:attachment":[{"href":"https:\/\/www.public.sn\/index.php\/wp-json\/wp\/v2\/media?parent=38161"}],"wp:term":[{"taxonomy":"category","embeddable":true,"href":"https:\/\/www.public.sn\/index.php\/wp-json\/wp\/v2\/categories?post=38161"},{"taxonomy":"post_tag","embeddable":true,"href":"https:\/\/www.public.sn\/index.php\/wp-json\/wp\/v2\/tags?post=38161"}],"curies":[{"name":"wp","href":"https:\/\/api.w.org\/{rel}","templated":true}]}}