{"id":3821,"date":"2022-10-06T19:21:06","date_gmt":"2022-10-06T19:21:06","guid":{"rendered":"https:\/\/www.public.sn\/?p=3821"},"modified":"2022-10-06T19:43:46","modified_gmt":"2022-10-06T19:43:46","slug":"deces-de-daouda-faye-vava-lhommage-du-president-sall","status":"publish","type":"post","link":"https:\/\/www.public.sn\/index.php\/2022\/10\/06\/deces-de-daouda-faye-vava-lhommage-du-president-sall\/","title":{"rendered":"Dec\u00e9s de Daouda Faye  Vava: l&rsquo;hommage du pr\u00e9sident Sall."},"content":{"rendered":"\n<p>Rappel\u00e9 \u00e0 Dieu ce Jeudi, le pr\u00e9sident de la R\u00e9publique a rendu un  vibrant hommage \u00e0 El Hadj Daouda Faye. Il voit en lui \u00ab une figure de proue dans le sport \u00bb<br><br><br>Dans un tweet, le pr\u00e9sident Macky Sall \u00e9crit : \u00a0\u00bbJ\u2019ai appris avec \u00e9motion le d\u00e9c\u00e8s de El Hadj Daouda Faye Vava, ancien ministre des sports et ancien maire de Kaolack. Je rends hommage \u00e0 un homme exceptionnel et \u00e0 une grande figure du sport. \u00c0 sa famille et au monde du sport, je pr\u00e9sente mes condol\u00e9ances les plus attrist\u00e9es\u00a0\u00bb.<\/p><div class=\"publi-paragraphe1\" style=\"margin-top: 10px;margin-bottom: 10px;margin-left: auto;margin-right: auto;text-align: center;\" id=\"publi-1600226215\"><div class=\"publi-adlabel\">Publicit\u00e9<\/div><script async src=\"\/\/pagead2.googlesyndication.com\/pagead\/js\/adsbygoogle.js?client=ca-pub-4089586018074219\" crossorigin=\"anonymous\"><\/script><ins class=\"adsbygoogle\" style=\"display:block;\" data-ad-client=\"ca-pub-4089586018074219\" \ndata-ad-slot=\"2087940154\" \ndata-ad-format=\"auto\"><\/ins>\n<script> \n(adsbygoogle = window.adsbygoogle || []).push({}); \n<\/script>\n<\/div>\n\n\n\n<p><\/p>\n\n\n\n<p>Samba SY.<br><\/p>\n<div class=\"publi-apres-le-contenu\" style=\"margin-top: 10px;margin-bottom: 10px;margin-left: auto;margin-right: auto;text-align: center;\" id=\"publi-894566373\"><div class=\"publi-adlabel\">Publicit\u00e9<\/div><script async src=\"\/\/pagead2.googlesyndication.com\/pagead\/js\/adsbygoogle.js?client=ca-pub-4089586018074219\" crossorigin=\"anonymous\"><\/script><ins class=\"adsbygoogle\" style=\"display:block;\" data-ad-client=\"ca-pub-4089586018074219\" \ndata-ad-slot=\"2087940154\" \ndata-ad-format=\"auto\"><\/ins>\n<script> \n(adsbygoogle = window.adsbygoogle || []).push({}); \n<\/script>\n<\/div>","protected":false},"excerpt":{"rendered":"<p>Rappel\u00e9 \u00e0 Dieu ce Jeudi, le pr\u00e9sident de la R\u00e9publique a rendu un vibrant hommage \u00e0 El Hadj Daouda Faye. Il voit en lui \u00ab une figure de proue dans le sport \u00bb Dans un tweet, le pr\u00e9sident Macky Sall \u00e9crit : \u00a0\u00bbJ\u2019ai appris avec \u00e9motion le d\u00e9c\u00e8s de El Hadj Daouda Faye Vava, ancien ministre des sports et ancien maire de Kaolack. Je rends hommage \u00e0 un homme exceptionnel et \u00e0 une grande figure du sport. \u00c0 sa famille et au monde du sport, je pr\u00e9sente mes condol\u00e9ances les plus attrist\u00e9es\u00a0\u00bb. Samba SY.<\/p>\n","protected":false},"author":1,"featured_media":3827,"comment_status":"open","ping_status":"open","sticky":false,"template":"","format":"standard","meta":{"_jetpack_memberships_contains_paid_content":false,"footnotes":""},"categories":[375,371,1],"tags":[1247,1246,11],"class_list":["post-3821","post","type-post","status-publish","format-standard","has-post-thumbnail","hentry","category-actualites","category-necrologie","category-non-classe","tag-condoleance","tag-deces-vava","tag-macky-sall","entry","has-media","owp-thumbs-layout-horizontal","owp-btn-normal","owp-tabs-layout-horizontal","has-no-thumbnails","has-product-nav"],"yoast_head":"<!-- This site is optimized with the Yoast SEO plugin v25.5 - https:\/\/yoast.com\/wordpress\/plugins\/seo\/ -->\n<title>Dec\u00e9s de Daouda Faye Vava: l&#039;hommage du pr\u00e9sident Sall. - LE PUBLIC<\/title>\n<meta name=\"robots\" content=\"index, follow, max-snippet:-1, max-image-preview:large, max-video-preview:-1\" \/>\n<link rel=\"canonical\" href=\"https:\/\/www.public.sn\/index.php\/2022\/10\/06\/deces-de-daouda-faye-vava-lhommage-du-president-sall\/\" \/>\n<meta property=\"og:locale\" content=\"fr_FR\" \/>\n<meta property=\"og:type\" content=\"article\" \/>\n<meta property=\"og:title\" content=\"Dec\u00e9s de Daouda Faye Vava: l&#039;hommage du pr\u00e9sident Sall. - LE PUBLIC\" \/>\n<meta property=\"og:description\" content=\"Rappel\u00e9 \u00e0 Dieu ce Jeudi, le pr\u00e9sident de la R\u00e9publique a rendu un vibrant hommage \u00e0 El Hadj Daouda Faye. Il voit en lui \u00ab une figure de proue dans le sport \u00bb Dans un tweet, le pr\u00e9sident Macky Sall \u00e9crit : \u00a0\u00bbJ\u2019ai appris avec \u00e9motion le d\u00e9c\u00e8s de El Hadj Daouda Faye Vava, ancien ministre des sports et ancien maire de Kaolack. Je rends hommage \u00e0 un homme exceptionnel et \u00e0 une grande figure du sport. \u00c0 sa famille et au monde du sport, je pr\u00e9sente mes condol\u00e9ances les plus attrist\u00e9es\u00a0\u00bb. Samba SY.\" \/>\n<meta property=\"og:url\" content=\"https:\/\/www.public.sn\/index.php\/2022\/10\/06\/deces-de-daouda-faye-vava-lhommage-du-president-sall\/\" \/>\n<meta property=\"og:site_name\" content=\"LE PUBLIC\" \/>\n<meta property=\"article:published_time\" content=\"2022-10-06T19:21:06+00:00\" \/>\n<meta property=\"article:modified_time\" content=\"2022-10-06T19:43:46+00:00\" \/>\n<meta property=\"og:image\" content=\"https:\/\/www.public.sn\/wp-content\/uploads\/2022\/10\/vava.jpg\" \/>\n\t<meta property=\"og:image:width\" content=\"213\" \/>\n\t<meta property=\"og:image:height\" content=\"237\" \/>\n\t<meta property=\"og:image:type\" content=\"image\/jpeg\" \/>\n<meta name=\"author\" content=\"LA REDACTION\" \/>\n<meta name=\"twitter:card\" content=\"summary_large_image\" \/>\n<meta name=\"twitter:label1\" content=\"\u00c9crit par\" \/>\n\t<meta name=\"twitter:data1\" content=\"LA REDACTION\" \/>\n\t<meta name=\"twitter:label2\" content=\"Dur\u00e9e de lecture estim\u00e9e\" \/>\n\t<meta name=\"twitter:data2\" content=\"1 minute\" \/>\n<script type=\"application\/ld+json\" class=\"yoast-schema-graph\">{\"@context\":\"https:\/\/schema.org\",\"@graph\":[{\"@type\":\"Article\",\"@id\":\"https:\/\/www.public.sn\/index.php\/2022\/10\/06\/deces-de-daouda-faye-vava-lhommage-du-president-sall\/#article\",\"isPartOf\":{\"@id\":\"https:\/\/www.public.sn\/index.php\/2022\/10\/06\/deces-de-daouda-faye-vava-lhommage-du-president-sall\/\"},\"author\":{\"name\":\"LA REDACTION\",\"@id\":\"https:\/\/www.public.sn\/#\/schema\/person\/e3f4a11b037d4203902db148f9bc8d5a\"},\"headline\":\"Dec\u00e9s de Daouda Faye Vava: l&rsquo;hommage du pr\u00e9sident Sall.\",\"datePublished\":\"2022-10-06T19:21:06+00:00\",\"dateModified\":\"2022-10-06T19:43:46+00:00\",\"mainEntityOfPage\":{\"@id\":\"https:\/\/www.public.sn\/index.php\/2022\/10\/06\/deces-de-daouda-faye-vava-lhommage-du-president-sall\/\"},\"wordCount\":106,\"commentCount\":0,\"publisher\":{\"@id\":\"https:\/\/www.public.sn\/#organization\"},\"image\":{\"@id\":\"https:\/\/www.public.sn\/index.php\/2022\/10\/06\/deces-de-daouda-faye-vava-lhommage-du-president-sall\/#primaryimage\"},\"thumbnailUrl\":\"https:\/\/www.public.sn\/wp-content\/uploads\/2022\/10\/vava.jpg\",\"keywords\":[\"condoleance\",\"deces vava\",\"Macky Sall\"],\"articleSection\":[\"ACTUALIT\u00c9S\",\"N\u00c9CROLOGIE\",\"S\u00c9N\u00c9GAL\"],\"inLanguage\":\"fr-FR\",\"potentialAction\":[{\"@type\":\"CommentAction\",\"name\":\"Comment\",\"target\":[\"https:\/\/www.public.sn\/index.php\/2022\/10\/06\/deces-de-daouda-faye-vava-lhommage-du-president-sall\/#respond\"]}]},{\"@type\":\"WebPage\",\"@id\":\"https:\/\/www.public.sn\/index.php\/2022\/10\/06\/deces-de-daouda-faye-vava-lhommage-du-president-sall\/\",\"url\":\"https:\/\/www.public.sn\/index.php\/2022\/10\/06\/deces-de-daouda-faye-vava-lhommage-du-president-sall\/\",\"name\":\"Dec\u00e9s de Daouda Faye Vava: l'hommage du pr\u00e9sident Sall. - LE PUBLIC\",\"isPartOf\":{\"@id\":\"https:\/\/www.public.sn\/#website\"},\"primaryImageOfPage\":{\"@id\":\"https:\/\/www.public.sn\/index.php\/2022\/10\/06\/deces-de-daouda-faye-vava-lhommage-du-president-sall\/#primaryimage\"},\"image\":{\"@id\":\"https:\/\/www.public.sn\/index.php\/2022\/10\/06\/deces-de-daouda-faye-vava-lhommage-du-president-sall\/#primaryimage\"},\"thumbnailUrl\":\"https:\/\/www.public.sn\/wp-content\/uploads\/2022\/10\/vava.jpg\",\"datePublished\":\"2022-10-06T19:21:06+00:00\",\"dateModified\":\"2022-10-06T19:43:46+00:00\",\"breadcrumb\":{\"@id\":\"https:\/\/www.public.sn\/index.php\/2022\/10\/06\/deces-de-daouda-faye-vava-lhommage-du-president-sall\/#breadcrumb\"},\"inLanguage\":\"fr-FR\",\"potentialAction\":[{\"@type\":\"ReadAction\",\"target\":[\"https:\/\/www.public.sn\/index.php\/2022\/10\/06\/deces-de-daouda-faye-vava-lhommage-du-president-sall\/\"]}]},{\"@type\":\"ImageObject\",\"inLanguage\":\"fr-FR\",\"@id\":\"https:\/\/www.public.sn\/index.php\/2022\/10\/06\/deces-de-daouda-faye-vava-lhommage-du-president-sall\/#primaryimage\",\"url\":\"https:\/\/www.public.sn\/wp-content\/uploads\/2022\/10\/vava.jpg\",\"contentUrl\":\"https:\/\/www.public.sn\/wp-content\/uploads\/2022\/10\/vava.jpg\",\"width\":213,\"height\":237,\"caption\":\"deces de daouda faye vava\"},{\"@type\":\"BreadcrumbList\",\"@id\":\"https:\/\/www.public.sn\/index.php\/2022\/10\/06\/deces-de-daouda-faye-vava-lhommage-du-president-sall\/#breadcrumb\",\"itemListElement\":[{\"@type\":\"ListItem\",\"position\":1,\"name\":\"Accueil\",\"item\":\"https:\/\/www.public.sn\/\"},{\"@type\":\"ListItem\",\"position\":2,\"name\":\"Dec\u00e9s de Daouda Faye Vava: l&rsquo;hommage du pr\u00e9sident Sall.\"}]},{\"@type\":\"WebSite\",\"@id\":\"https:\/\/www.public.sn\/#website\",\"url\":\"https:\/\/www.public.sn\/\",\"name\":\"LE PUBLIC\",\"description\":\"\",\"publisher\":{\"@id\":\"https:\/\/www.public.sn\/#organization\"},\"potentialAction\":[{\"@type\":\"SearchAction\",\"target\":{\"@type\":\"EntryPoint\",\"urlTemplate\":\"https:\/\/www.public.sn\/?s={search_term_string}\"},\"query-input\":{\"@type\":\"PropertyValueSpecification\",\"valueRequired\":true,\"valueName\":\"search_term_string\"}}],\"inLanguage\":\"fr-FR\"},{\"@type\":\"Organization\",\"@id\":\"https:\/\/www.public.sn\/#organization\",\"name\":\"LE PUBLIC\",\"url\":\"https:\/\/www.public.sn\/\",\"logo\":{\"@type\":\"ImageObject\",\"inLanguage\":\"fr-FR\",\"@id\":\"https:\/\/www.public.sn\/#\/schema\/logo\/image\/\",\"url\":\"https:\/\/www.public.sn\/wp-content\/uploads\/2024\/05\/cropped-LOGO-PUBLIC.SN_.png\",\"contentUrl\":\"https:\/\/www.public.sn\/wp-content\/uploads\/2024\/05\/cropped-LOGO-PUBLIC.SN_.png\",\"width\":682,\"height\":192,\"caption\":\"LE PUBLIC\"},\"image\":{\"@id\":\"https:\/\/www.public.sn\/#\/schema\/logo\/image\/\"}},{\"@type\":\"Person\",\"@id\":\"https:\/\/www.public.sn\/#\/schema\/person\/e3f4a11b037d4203902db148f9bc8d5a\",\"name\":\"LA REDACTION\",\"image\":{\"@type\":\"ImageObject\",\"inLanguage\":\"fr-FR\",\"@id\":\"https:\/\/www.public.sn\/#\/schema\/person\/image\/\",\"url\":\"https:\/\/secure.gravatar.com\/avatar\/d6c030db45db2883c075085c5d6c6258654a801a93766b49af0b82d4f454e2a5?s=96&d=mm&r=g\",\"contentUrl\":\"https:\/\/secure.gravatar.com\/avatar\/d6c030db45db2883c075085c5d6c6258654a801a93766b49af0b82d4f454e2a5?s=96&d=mm&r=g\",\"caption\":\"LA REDACTION\"},\"sameAs\":[\"http:\/\/www.public.sn\"],\"url\":\"https:\/\/www.public.sn\/index.php\/author\/admin7324\/\"}]}<\/script>\n<!-- \/ Yoast SEO plugin. -->","yoast_head_json":{"title":"Dec\u00e9s de Daouda Faye Vava: l'hommage du pr\u00e9sident Sall. - LE PUBLIC","robots":{"index":"index","follow":"follow","max-snippet":"max-snippet:-1","max-image-preview":"max-image-preview:large","max-video-preview":"max-video-preview:-1"},"canonical":"https:\/\/www.public.sn\/index.php\/2022\/10\/06\/deces-de-daouda-faye-vava-lhommage-du-president-sall\/","og_locale":"fr_FR","og_type":"article","og_title":"Dec\u00e9s de Daouda Faye Vava: l'hommage du pr\u00e9sident Sall. - LE PUBLIC","og_description":"Rappel\u00e9 \u00e0 Dieu ce Jeudi, le pr\u00e9sident de la R\u00e9publique a rendu un vibrant hommage \u00e0 El Hadj Daouda Faye. Il voit en lui \u00ab une figure de proue dans le sport \u00bb Dans un tweet, le pr\u00e9sident Macky Sall \u00e9crit : \u00a0\u00bbJ\u2019ai appris avec \u00e9motion le d\u00e9c\u00e8s de El Hadj Daouda Faye Vava, ancien ministre des sports et ancien maire de Kaolack. Je rends hommage \u00e0 un homme exceptionnel et \u00e0 une grande figure du sport. \u00c0 sa famille et au monde du sport, je pr\u00e9sente mes condol\u00e9ances les plus attrist\u00e9es\u00a0\u00bb. Samba SY.","og_url":"https:\/\/www.public.sn\/index.php\/2022\/10\/06\/deces-de-daouda-faye-vava-lhommage-du-president-sall\/","og_site_name":"LE PUBLIC","article_published_time":"2022-10-06T19:21:06+00:00","article_modified_time":"2022-10-06T19:43:46+00:00","og_image":[{"width":213,"height":237,"url":"https:\/\/www.public.sn\/wp-content\/uploads\/2022\/10\/vava.jpg","type":"image\/jpeg"}],"author":"LA REDACTION","twitter_card":"summary_large_image","twitter_misc":{"\u00c9crit par":"LA REDACTION","Dur\u00e9e de lecture estim\u00e9e":"1 minute"},"schema":{"@context":"https:\/\/schema.org","@graph":[{"@type":"Article","@id":"https:\/\/www.public.sn\/index.php\/2022\/10\/06\/deces-de-daouda-faye-vava-lhommage-du-president-sall\/#article","isPartOf":{"@id":"https:\/\/www.public.sn\/index.php\/2022\/10\/06\/deces-de-daouda-faye-vava-lhommage-du-president-sall\/"},"author":{"name":"LA REDACTION","@id":"https:\/\/www.public.sn\/#\/schema\/person\/e3f4a11b037d4203902db148f9bc8d5a"},"headline":"Dec\u00e9s de Daouda Faye Vava: l&rsquo;hommage du pr\u00e9sident Sall.","datePublished":"2022-10-06T19:21:06+00:00","dateModified":"2022-10-06T19:43:46+00:00","mainEntityOfPage":{"@id":"https:\/\/www.public.sn\/index.php\/2022\/10\/06\/deces-de-daouda-faye-vava-lhommage-du-president-sall\/"},"wordCount":106,"commentCount":0,"publisher":{"@id":"https:\/\/www.public.sn\/#organization"},"image":{"@id":"https:\/\/www.public.sn\/index.php\/2022\/10\/06\/deces-de-daouda-faye-vava-lhommage-du-president-sall\/#primaryimage"},"thumbnailUrl":"https:\/\/www.public.sn\/wp-content\/uploads\/2022\/10\/vava.jpg","keywords":["condoleance","deces vava","Macky Sall"],"articleSection":["ACTUALIT\u00c9S","N\u00c9CROLOGIE","S\u00c9N\u00c9GAL"],"inLanguage":"fr-FR","potentialAction":[{"@type":"CommentAction","name":"Comment","target":["https:\/\/www.public.sn\/index.php\/2022\/10\/06\/deces-de-daouda-faye-vava-lhommage-du-president-sall\/#respond"]}]},{"@type":"WebPage","@id":"https:\/\/www.public.sn\/index.php\/2022\/10\/06\/deces-de-daouda-faye-vava-lhommage-du-president-sall\/","url":"https:\/\/www.public.sn\/index.php\/2022\/10\/06\/deces-de-daouda-faye-vava-lhommage-du-president-sall\/","name":"Dec\u00e9s de Daouda Faye Vava: l'hommage du pr\u00e9sident Sall. - LE PUBLIC","isPartOf":{"@id":"https:\/\/www.public.sn\/#website"},"primaryImageOfPage":{"@id":"https:\/\/www.public.sn\/index.php\/2022\/10\/06\/deces-de-daouda-faye-vava-lhommage-du-president-sall\/#primaryimage"},"image":{"@id":"https:\/\/www.public.sn\/index.php\/2022\/10\/06\/deces-de-daouda-faye-vava-lhommage-du-president-sall\/#primaryimage"},"thumbnailUrl":"https:\/\/www.public.sn\/wp-content\/uploads\/2022\/10\/vava.jpg","datePublished":"2022-10-06T19:21:06+00:00","dateModified":"2022-10-06T19:43:46+00:00","breadcrumb":{"@id":"https:\/\/www.public.sn\/index.php\/2022\/10\/06\/deces-de-daouda-faye-vava-lhommage-du-president-sall\/#breadcrumb"},"inLanguage":"fr-FR","potentialAction":[{"@type":"ReadAction","target":["https:\/\/www.public.sn\/index.php\/2022\/10\/06\/deces-de-daouda-faye-vava-lhommage-du-president-sall\/"]}]},{"@type":"ImageObject","inLanguage":"fr-FR","@id":"https:\/\/www.public.sn\/index.php\/2022\/10\/06\/deces-de-daouda-faye-vava-lhommage-du-president-sall\/#primaryimage","url":"https:\/\/www.public.sn\/wp-content\/uploads\/2022\/10\/vava.jpg","contentUrl":"https:\/\/www.public.sn\/wp-content\/uploads\/2022\/10\/vava.jpg","width":213,"height":237,"caption":"deces de daouda faye vava"},{"@type":"BreadcrumbList","@id":"https:\/\/www.public.sn\/index.php\/2022\/10\/06\/deces-de-daouda-faye-vava-lhommage-du-president-sall\/#breadcrumb","itemListElement":[{"@type":"ListItem","position":1,"name":"Accueil","item":"https:\/\/www.public.sn\/"},{"@type":"ListItem","position":2,"name":"Dec\u00e9s de Daouda Faye Vava: l&rsquo;hommage du pr\u00e9sident Sall."}]},{"@type":"WebSite","@id":"https:\/\/www.public.sn\/#website","url":"https:\/\/www.public.sn\/","name":"LE PUBLIC","description":"","publisher":{"@id":"https:\/\/www.public.sn\/#organization"},"potentialAction":[{"@type":"SearchAction","target":{"@type":"EntryPoint","urlTemplate":"https:\/\/www.public.sn\/?s={search_term_string}"},"query-input":{"@type":"PropertyValueSpecification","valueRequired":true,"valueName":"search_term_string"}}],"inLanguage":"fr-FR"},{"@type":"Organization","@id":"https:\/\/www.public.sn\/#organization","name":"LE PUBLIC","url":"https:\/\/www.public.sn\/","logo":{"@type":"ImageObject","inLanguage":"fr-FR","@id":"https:\/\/www.public.sn\/#\/schema\/logo\/image\/","url":"https:\/\/www.public.sn\/wp-content\/uploads\/2024\/05\/cropped-LOGO-PUBLIC.SN_.png","contentUrl":"https:\/\/www.public.sn\/wp-content\/uploads\/2024\/05\/cropped-LOGO-PUBLIC.SN_.png","width":682,"height":192,"caption":"LE PUBLIC"},"image":{"@id":"https:\/\/www.public.sn\/#\/schema\/logo\/image\/"}},{"@type":"Person","@id":"https:\/\/www.public.sn\/#\/schema\/person\/e3f4a11b037d4203902db148f9bc8d5a","name":"LA REDACTION","image":{"@type":"ImageObject","inLanguage":"fr-FR","@id":"https:\/\/www.public.sn\/#\/schema\/person\/image\/","url":"https:\/\/secure.gravatar.com\/avatar\/d6c030db45db2883c075085c5d6c6258654a801a93766b49af0b82d4f454e2a5?s=96&d=mm&r=g","contentUrl":"https:\/\/secure.gravatar.com\/avatar\/d6c030db45db2883c075085c5d6c6258654a801a93766b49af0b82d4f454e2a5?s=96&d=mm&r=g","caption":"LA REDACTION"},"sameAs":["http:\/\/www.public.sn"],"url":"https:\/\/www.public.sn\/index.php\/author\/admin7324\/"}]}},"jetpack_featured_media_url":"https:\/\/www.public.sn\/wp-content\/uploads\/2022\/10\/vava.jpg","jetpack_sharing_enabled":true,"_links":{"self":[{"href":"https:\/\/www.public.sn\/index.php\/wp-json\/wp\/v2\/posts\/3821","targetHints":{"allow":["GET"]}}],"collection":[{"href":"https:\/\/www.public.sn\/index.php\/wp-json\/wp\/v2\/posts"}],"about":[{"href":"https:\/\/www.public.sn\/index.php\/wp-json\/wp\/v2\/types\/post"}],"author":[{"embeddable":true,"href":"https:\/\/www.public.sn\/index.php\/wp-json\/wp\/v2\/users\/1"}],"replies":[{"embeddable":true,"href":"https:\/\/www.public.sn\/index.php\/wp-json\/wp\/v2\/comments?post=3821"}],"version-history":[{"count":3,"href":"https:\/\/www.public.sn\/index.php\/wp-json\/wp\/v2\/posts\/3821\/revisions"}],"predecessor-version":[{"id":3829,"href":"https:\/\/www.public.sn\/index.php\/wp-json\/wp\/v2\/posts\/3821\/revisions\/3829"}],"wp:featuredmedia":[{"embeddable":true,"href":"https:\/\/www.public.sn\/index.php\/wp-json\/wp\/v2\/media\/3827"}],"wp:attachment":[{"href":"https:\/\/www.public.sn\/index.php\/wp-json\/wp\/v2\/media?parent=3821"}],"wp:term":[{"taxonomy":"category","embeddable":true,"href":"https:\/\/www.public.sn\/index.php\/wp-json\/wp\/v2\/categories?post=3821"},{"taxonomy":"post_tag","embeddable":true,"href":"https:\/\/www.public.sn\/index.php\/wp-json\/wp\/v2\/tags?post=3821"}],"curies":[{"name":"wp","href":"https:\/\/api.w.org\/{rel}","templated":true}]}}