{"id":38231,"date":"2025-11-23T12:54:22","date_gmt":"2025-11-23T12:54:22","guid":{"rendered":"https:\/\/www.public.sn\/?p=38231"},"modified":"2025-11-23T12:54:28","modified_gmt":"2025-11-23T12:54:28","slug":"cheikh-yerim-seck-alerte-jamais-un-president-senegalais-na-ete-aussi-fragilise","status":"publish","type":"post","link":"https:\/\/www.public.sn\/index.php\/2025\/11\/23\/cheikh-yerim-seck-alerte-jamais-un-president-senegalais-na-ete-aussi-fragilise\/","title":{"rendered":"Cheikh Yerim Seck alerte : \u201cJamais un Pr\u00e9sident s\u00e9n\u00e9galais n\u2019a \u00e9t\u00e9 aussi fragilis\u00e9\u201d"},"content":{"rendered":"\n<p>Dans un entretien accord\u00e9 \u00e0 Maimouna Ndour Faye, le journaliste Cheikh Yerim Seck lance un avertissement grave sur l\u2019\u00e9tat actuel du pays. Selon lui, <strong>jamais un chef d\u2019\u00c9tat s\u00e9n\u00e9galais n\u2019a \u00e9t\u00e9 aussi expos\u00e9 et fragilis\u00e9 dans l\u2019exercice du pouvoir<\/strong>.<\/p><div class=\"publi-paragraphe1\" style=\"margin-top: 10px;margin-bottom: 10px;margin-left: auto;margin-right: auto;text-align: center;\" id=\"publi-1759459664\"><div class=\"publi-adlabel\">Publicit\u00e9<\/div><script async src=\"\/\/pagead2.googlesyndication.com\/pagead\/js\/adsbygoogle.js?client=ca-pub-4089586018074219\" crossorigin=\"anonymous\"><\/script><ins class=\"adsbygoogle\" style=\"display:block;\" data-ad-client=\"ca-pub-4089586018074219\" \ndata-ad-slot=\"2087940154\" \ndata-ad-format=\"auto\"><\/ins>\n<script> \n(adsbygoogle = window.adsbygoogle || []).push({}); \n<\/script>\n<\/div>\n\n\n\n<p>Il estime que le S\u00e9n\u00e9gal traverse aujourd\u2019hui <strong>l\u2019une des phases les plus critiques de son histoire politique r\u00e9cente<\/strong>. Depuis plusieurs semaines, une <strong>tension ouverte entre le pr\u00e9sident Bassirou Diomaye Faye et son Premier ministre Ousmane Sonko<\/strong> secoue violemment la sc\u00e8ne nationale, alimentant incertitudes et inqui\u00e9tudes.<\/p>\n<div class=\"publi-apres-le-contenu\" style=\"margin-top: 10px;margin-bottom: 10px;margin-left: auto;margin-right: auto;text-align: center;\" id=\"publi-2412227530\"><div class=\"publi-adlabel\">Publicit\u00e9<\/div><script async src=\"\/\/pagead2.googlesyndication.com\/pagead\/js\/adsbygoogle.js?client=ca-pub-4089586018074219\" crossorigin=\"anonymous\"><\/script><ins class=\"adsbygoogle\" style=\"display:block;\" data-ad-client=\"ca-pub-4089586018074219\" \ndata-ad-slot=\"2087940154\" \ndata-ad-format=\"auto\"><\/ins>\n<script> \n(adsbygoogle = window.adsbygoogle || []).push({}); \n<\/script>\n<\/div>","protected":false},"excerpt":{"rendered":"<p>Dans un entretien accord\u00e9 \u00e0 Maimouna Ndour Faye, le journaliste Cheikh Yerim Seck lance un avertissement grave sur l\u2019\u00e9tat actuel du pays. Selon lui, jamais un chef d\u2019\u00c9tat s\u00e9n\u00e9galais n\u2019a \u00e9t\u00e9 aussi expos\u00e9 et fragilis\u00e9 dans l\u2019exercice du pouvoir. Il estime que le S\u00e9n\u00e9gal traverse aujourd\u2019hui l\u2019une des phases les plus critiques de son histoire politique r\u00e9cente. Depuis plusieurs semaines, une tension ouverte entre le pr\u00e9sident Bassirou Diomaye Faye et son Premier ministre Ousmane Sonko secoue violemment la sc\u00e8ne nationale, alimentant incertitudes et inqui\u00e9tudes.<\/p>\n","protected":false},"author":7,"featured_media":38232,"comment_status":"open","ping_status":"open","sticky":false,"template":"","format":"standard","meta":{"_jetpack_memberships_contains_paid_content":false,"footnotes":""},"categories":[375,3],"tags":[7853],"class_list":["post-38231","post","type-post","status-publish","format-standard","has-post-thumbnail","hentry","category-actualites","category-politique","tag-cheikh-yerim-seck-alerte-jamais-un-president-senegalais-na-ete-aussi-fragilise","entry","has-media","owp-thumbs-layout-horizontal","owp-btn-normal","owp-tabs-layout-horizontal","has-no-thumbnails","has-product-nav"],"yoast_head":"<!-- This site is optimized with the Yoast SEO plugin v25.5 - https:\/\/yoast.com\/wordpress\/plugins\/seo\/ -->\n<title>Cheikh Yerim Seck alerte : \u201cJamais un Pr\u00e9sident s\u00e9n\u00e9galais n\u2019a \u00e9t\u00e9 aussi fragilis\u00e9\u201d - LE PUBLIC<\/title>\n<meta name=\"robots\" content=\"index, follow, max-snippet:-1, max-image-preview:large, max-video-preview:-1\" \/>\n<link rel=\"canonical\" href=\"https:\/\/www.public.sn\/index.php\/2025\/11\/23\/cheikh-yerim-seck-alerte-jamais-un-president-senegalais-na-ete-aussi-fragilise\/\" \/>\n<meta property=\"og:locale\" content=\"fr_FR\" \/>\n<meta property=\"og:type\" content=\"article\" \/>\n<meta property=\"og:title\" content=\"Cheikh Yerim Seck alerte : \u201cJamais un Pr\u00e9sident s\u00e9n\u00e9galais n\u2019a \u00e9t\u00e9 aussi fragilis\u00e9\u201d - LE PUBLIC\" \/>\n<meta property=\"og:description\" content=\"Dans un entretien accord\u00e9 \u00e0 Maimouna Ndour Faye, le journaliste Cheikh Yerim Seck lance un avertissement grave sur l\u2019\u00e9tat actuel du pays. Selon lui, jamais un chef d\u2019\u00c9tat s\u00e9n\u00e9galais n\u2019a \u00e9t\u00e9 aussi expos\u00e9 et fragilis\u00e9 dans l\u2019exercice du pouvoir. Il estime que le S\u00e9n\u00e9gal traverse aujourd\u2019hui l\u2019une des phases les plus critiques de son histoire politique r\u00e9cente. Depuis plusieurs semaines, une tension ouverte entre le pr\u00e9sident Bassirou Diomaye Faye et son Premier ministre Ousmane Sonko secoue violemment la sc\u00e8ne nationale, alimentant incertitudes et inqui\u00e9tudes.\" \/>\n<meta property=\"og:url\" content=\"https:\/\/www.public.sn\/index.php\/2025\/11\/23\/cheikh-yerim-seck-alerte-jamais-un-president-senegalais-na-ete-aussi-fragilise\/\" \/>\n<meta property=\"og:site_name\" content=\"LE PUBLIC\" \/>\n<meta property=\"article:published_time\" content=\"2025-11-23T12:54:22+00:00\" \/>\n<meta property=\"article:modified_time\" content=\"2025-11-23T12:54:28+00:00\" \/>\n<meta property=\"og:image\" content=\"https:\/\/www.public.sn\/wp-content\/uploads\/2025\/11\/thumb_1260x800_6922f1e56239d_PZ6VhVpZqP.jpeg\" \/>\n\t<meta property=\"og:image:width\" content=\"1260\" \/>\n\t<meta property=\"og:image:height\" content=\"800\" \/>\n\t<meta property=\"og:image:type\" content=\"image\/jpeg\" \/>\n<meta name=\"author\" content=\"LA REDACTION\" \/>\n<meta name=\"twitter:card\" content=\"summary_large_image\" \/>\n<meta name=\"twitter:label1\" content=\"\u00c9crit par\" \/>\n\t<meta name=\"twitter:data1\" content=\"LA REDACTION\" \/>\n\t<meta name=\"twitter:label2\" content=\"Dur\u00e9e de lecture estim\u00e9e\" \/>\n\t<meta name=\"twitter:data2\" content=\"1 minute\" \/>\n<script type=\"application\/ld+json\" class=\"yoast-schema-graph\">{\"@context\":\"https:\/\/schema.org\",\"@graph\":[{\"@type\":\"Article\",\"@id\":\"https:\/\/www.public.sn\/index.php\/2025\/11\/23\/cheikh-yerim-seck-alerte-jamais-un-president-senegalais-na-ete-aussi-fragilise\/#article\",\"isPartOf\":{\"@id\":\"https:\/\/www.public.sn\/index.php\/2025\/11\/23\/cheikh-yerim-seck-alerte-jamais-un-president-senegalais-na-ete-aussi-fragilise\/\"},\"author\":{\"name\":\"LA REDACTION\",\"@id\":\"https:\/\/www.public.sn\/#\/schema\/person\/cb76c8e1b8becc6be61fb5e92d6d0224\"},\"headline\":\"Cheikh Yerim Seck alerte : \u201cJamais un Pr\u00e9sident s\u00e9n\u00e9galais n\u2019a \u00e9t\u00e9 aussi fragilis\u00e9\u201d\",\"datePublished\":\"2025-11-23T12:54:22+00:00\",\"dateModified\":\"2025-11-23T12:54:28+00:00\",\"mainEntityOfPage\":{\"@id\":\"https:\/\/www.public.sn\/index.php\/2025\/11\/23\/cheikh-yerim-seck-alerte-jamais-un-president-senegalais-na-ete-aussi-fragilise\/\"},\"wordCount\":113,\"commentCount\":0,\"publisher\":{\"@id\":\"https:\/\/www.public.sn\/#organization\"},\"image\":{\"@id\":\"https:\/\/www.public.sn\/index.php\/2025\/11\/23\/cheikh-yerim-seck-alerte-jamais-un-president-senegalais-na-ete-aussi-fragilise\/#primaryimage\"},\"thumbnailUrl\":\"https:\/\/www.public.sn\/wp-content\/uploads\/2025\/11\/thumb_1260x800_6922f1e56239d_PZ6VhVpZqP.jpeg\",\"keywords\":[\"Cheikh Yerim Seck alerte : \u201cJamais un Pr\u00e9sident s\u00e9n\u00e9galais n\u2019a \u00e9t\u00e9 aussi fragilis\u00e9\u201d\"],\"articleSection\":[\"ACTUALIT\u00c9S\",\"POLITIQUE\"],\"inLanguage\":\"fr-FR\",\"potentialAction\":[{\"@type\":\"CommentAction\",\"name\":\"Comment\",\"target\":[\"https:\/\/www.public.sn\/index.php\/2025\/11\/23\/cheikh-yerim-seck-alerte-jamais-un-president-senegalais-na-ete-aussi-fragilise\/#respond\"]}]},{\"@type\":\"WebPage\",\"@id\":\"https:\/\/www.public.sn\/index.php\/2025\/11\/23\/cheikh-yerim-seck-alerte-jamais-un-president-senegalais-na-ete-aussi-fragilise\/\",\"url\":\"https:\/\/www.public.sn\/index.php\/2025\/11\/23\/cheikh-yerim-seck-alerte-jamais-un-president-senegalais-na-ete-aussi-fragilise\/\",\"name\":\"Cheikh Yerim Seck alerte : \u201cJamais un Pr\u00e9sident s\u00e9n\u00e9galais n\u2019a \u00e9t\u00e9 aussi fragilis\u00e9\u201d - LE PUBLIC\",\"isPartOf\":{\"@id\":\"https:\/\/www.public.sn\/#website\"},\"primaryImageOfPage\":{\"@id\":\"https:\/\/www.public.sn\/index.php\/2025\/11\/23\/cheikh-yerim-seck-alerte-jamais-un-president-senegalais-na-ete-aussi-fragilise\/#primaryimage\"},\"image\":{\"@id\":\"https:\/\/www.public.sn\/index.php\/2025\/11\/23\/cheikh-yerim-seck-alerte-jamais-un-president-senegalais-na-ete-aussi-fragilise\/#primaryimage\"},\"thumbnailUrl\":\"https:\/\/www.public.sn\/wp-content\/uploads\/2025\/11\/thumb_1260x800_6922f1e56239d_PZ6VhVpZqP.jpeg\",\"datePublished\":\"2025-11-23T12:54:22+00:00\",\"dateModified\":\"2025-11-23T12:54:28+00:00\",\"breadcrumb\":{\"@id\":\"https:\/\/www.public.sn\/index.php\/2025\/11\/23\/cheikh-yerim-seck-alerte-jamais-un-president-senegalais-na-ete-aussi-fragilise\/#breadcrumb\"},\"inLanguage\":\"fr-FR\",\"potentialAction\":[{\"@type\":\"ReadAction\",\"target\":[\"https:\/\/www.public.sn\/index.php\/2025\/11\/23\/cheikh-yerim-seck-alerte-jamais-un-president-senegalais-na-ete-aussi-fragilise\/\"]}]},{\"@type\":\"ImageObject\",\"inLanguage\":\"fr-FR\",\"@id\":\"https:\/\/www.public.sn\/index.php\/2025\/11\/23\/cheikh-yerim-seck-alerte-jamais-un-president-senegalais-na-ete-aussi-fragilise\/#primaryimage\",\"url\":\"https:\/\/www.public.sn\/wp-content\/uploads\/2025\/11\/thumb_1260x800_6922f1e56239d_PZ6VhVpZqP.jpeg\",\"contentUrl\":\"https:\/\/www.public.sn\/wp-content\/uploads\/2025\/11\/thumb_1260x800_6922f1e56239d_PZ6VhVpZqP.jpeg\",\"width\":1260,\"height\":800},{\"@type\":\"BreadcrumbList\",\"@id\":\"https:\/\/www.public.sn\/index.php\/2025\/11\/23\/cheikh-yerim-seck-alerte-jamais-un-president-senegalais-na-ete-aussi-fragilise\/#breadcrumb\",\"itemListElement\":[{\"@type\":\"ListItem\",\"position\":1,\"name\":\"Accueil\",\"item\":\"https:\/\/www.public.sn\/\"},{\"@type\":\"ListItem\",\"position\":2,\"name\":\"Cheikh Yerim Seck alerte : \u201cJamais un Pr\u00e9sident s\u00e9n\u00e9galais n\u2019a \u00e9t\u00e9 aussi fragilis\u00e9\u201d\"}]},{\"@type\":\"WebSite\",\"@id\":\"https:\/\/www.public.sn\/#website\",\"url\":\"https:\/\/www.public.sn\/\",\"name\":\"LE PUBLIC\",\"description\":\"\",\"publisher\":{\"@id\":\"https:\/\/www.public.sn\/#organization\"},\"potentialAction\":[{\"@type\":\"SearchAction\",\"target\":{\"@type\":\"EntryPoint\",\"urlTemplate\":\"https:\/\/www.public.sn\/?s={search_term_string}\"},\"query-input\":{\"@type\":\"PropertyValueSpecification\",\"valueRequired\":true,\"valueName\":\"search_term_string\"}}],\"inLanguage\":\"fr-FR\"},{\"@type\":\"Organization\",\"@id\":\"https:\/\/www.public.sn\/#organization\",\"name\":\"LE PUBLIC\",\"url\":\"https:\/\/www.public.sn\/\",\"logo\":{\"@type\":\"ImageObject\",\"inLanguage\":\"fr-FR\",\"@id\":\"https:\/\/www.public.sn\/#\/schema\/logo\/image\/\",\"url\":\"https:\/\/www.public.sn\/wp-content\/uploads\/2024\/05\/cropped-LOGO-PUBLIC.SN_.png\",\"contentUrl\":\"https:\/\/www.public.sn\/wp-content\/uploads\/2024\/05\/cropped-LOGO-PUBLIC.SN_.png\",\"width\":682,\"height\":192,\"caption\":\"LE PUBLIC\"},\"image\":{\"@id\":\"https:\/\/www.public.sn\/#\/schema\/logo\/image\/\"}},{\"@type\":\"Person\",\"@id\":\"https:\/\/www.public.sn\/#\/schema\/person\/cb76c8e1b8becc6be61fb5e92d6d0224\",\"name\":\"LA REDACTION\",\"image\":{\"@type\":\"ImageObject\",\"inLanguage\":\"fr-FR\",\"@id\":\"https:\/\/www.public.sn\/#\/schema\/person\/image\/\",\"url\":\"https:\/\/secure.gravatar.com\/avatar\/2dce5ddd34b8fef0180efe03aa2a9bee7d953856048f9a16b298190a3178407c?s=96&d=mm&r=g\",\"contentUrl\":\"https:\/\/secure.gravatar.com\/avatar\/2dce5ddd34b8fef0180efe03aa2a9bee7d953856048f9a16b298190a3178407c?s=96&d=mm&r=g\",\"caption\":\"LA REDACTION\"},\"url\":\"https:\/\/www.public.sn\/index.php\/author\/editeurpsn\/\"}]}<\/script>\n<!-- \/ Yoast SEO plugin. -->","yoast_head_json":{"title":"Cheikh Yerim Seck alerte : \u201cJamais un Pr\u00e9sident s\u00e9n\u00e9galais n\u2019a \u00e9t\u00e9 aussi fragilis\u00e9\u201d - LE PUBLIC","robots":{"index":"index","follow":"follow","max-snippet":"max-snippet:-1","max-image-preview":"max-image-preview:large","max-video-preview":"max-video-preview:-1"},"canonical":"https:\/\/www.public.sn\/index.php\/2025\/11\/23\/cheikh-yerim-seck-alerte-jamais-un-president-senegalais-na-ete-aussi-fragilise\/","og_locale":"fr_FR","og_type":"article","og_title":"Cheikh Yerim Seck alerte : \u201cJamais un Pr\u00e9sident s\u00e9n\u00e9galais n\u2019a \u00e9t\u00e9 aussi fragilis\u00e9\u201d - LE PUBLIC","og_description":"Dans un entretien accord\u00e9 \u00e0 Maimouna Ndour Faye, le journaliste Cheikh Yerim Seck lance un avertissement grave sur l\u2019\u00e9tat actuel du pays. Selon lui, jamais un chef d\u2019\u00c9tat s\u00e9n\u00e9galais n\u2019a \u00e9t\u00e9 aussi expos\u00e9 et fragilis\u00e9 dans l\u2019exercice du pouvoir. Il estime que le S\u00e9n\u00e9gal traverse aujourd\u2019hui l\u2019une des phases les plus critiques de son histoire politique r\u00e9cente. Depuis plusieurs semaines, une tension ouverte entre le pr\u00e9sident Bassirou Diomaye Faye et son Premier ministre Ousmane Sonko secoue violemment la sc\u00e8ne nationale, alimentant incertitudes et inqui\u00e9tudes.","og_url":"https:\/\/www.public.sn\/index.php\/2025\/11\/23\/cheikh-yerim-seck-alerte-jamais-un-president-senegalais-na-ete-aussi-fragilise\/","og_site_name":"LE PUBLIC","article_published_time":"2025-11-23T12:54:22+00:00","article_modified_time":"2025-11-23T12:54:28+00:00","og_image":[{"width":1260,"height":800,"url":"https:\/\/www.public.sn\/wp-content\/uploads\/2025\/11\/thumb_1260x800_6922f1e56239d_PZ6VhVpZqP.jpeg","type":"image\/jpeg"}],"author":"LA REDACTION","twitter_card":"summary_large_image","twitter_misc":{"\u00c9crit par":"LA REDACTION","Dur\u00e9e de lecture estim\u00e9e":"1 minute"},"schema":{"@context":"https:\/\/schema.org","@graph":[{"@type":"Article","@id":"https:\/\/www.public.sn\/index.php\/2025\/11\/23\/cheikh-yerim-seck-alerte-jamais-un-president-senegalais-na-ete-aussi-fragilise\/#article","isPartOf":{"@id":"https:\/\/www.public.sn\/index.php\/2025\/11\/23\/cheikh-yerim-seck-alerte-jamais-un-president-senegalais-na-ete-aussi-fragilise\/"},"author":{"name":"LA REDACTION","@id":"https:\/\/www.public.sn\/#\/schema\/person\/cb76c8e1b8becc6be61fb5e92d6d0224"},"headline":"Cheikh Yerim Seck alerte : \u201cJamais un Pr\u00e9sident s\u00e9n\u00e9galais n\u2019a \u00e9t\u00e9 aussi fragilis\u00e9\u201d","datePublished":"2025-11-23T12:54:22+00:00","dateModified":"2025-11-23T12:54:28+00:00","mainEntityOfPage":{"@id":"https:\/\/www.public.sn\/index.php\/2025\/11\/23\/cheikh-yerim-seck-alerte-jamais-un-president-senegalais-na-ete-aussi-fragilise\/"},"wordCount":113,"commentCount":0,"publisher":{"@id":"https:\/\/www.public.sn\/#organization"},"image":{"@id":"https:\/\/www.public.sn\/index.php\/2025\/11\/23\/cheikh-yerim-seck-alerte-jamais-un-president-senegalais-na-ete-aussi-fragilise\/#primaryimage"},"thumbnailUrl":"https:\/\/www.public.sn\/wp-content\/uploads\/2025\/11\/thumb_1260x800_6922f1e56239d_PZ6VhVpZqP.jpeg","keywords":["Cheikh Yerim Seck alerte : \u201cJamais un Pr\u00e9sident s\u00e9n\u00e9galais n\u2019a \u00e9t\u00e9 aussi fragilis\u00e9\u201d"],"articleSection":["ACTUALIT\u00c9S","POLITIQUE"],"inLanguage":"fr-FR","potentialAction":[{"@type":"CommentAction","name":"Comment","target":["https:\/\/www.public.sn\/index.php\/2025\/11\/23\/cheikh-yerim-seck-alerte-jamais-un-president-senegalais-na-ete-aussi-fragilise\/#respond"]}]},{"@type":"WebPage","@id":"https:\/\/www.public.sn\/index.php\/2025\/11\/23\/cheikh-yerim-seck-alerte-jamais-un-president-senegalais-na-ete-aussi-fragilise\/","url":"https:\/\/www.public.sn\/index.php\/2025\/11\/23\/cheikh-yerim-seck-alerte-jamais-un-president-senegalais-na-ete-aussi-fragilise\/","name":"Cheikh Yerim Seck alerte : \u201cJamais un Pr\u00e9sident s\u00e9n\u00e9galais n\u2019a \u00e9t\u00e9 aussi fragilis\u00e9\u201d - LE PUBLIC","isPartOf":{"@id":"https:\/\/www.public.sn\/#website"},"primaryImageOfPage":{"@id":"https:\/\/www.public.sn\/index.php\/2025\/11\/23\/cheikh-yerim-seck-alerte-jamais-un-president-senegalais-na-ete-aussi-fragilise\/#primaryimage"},"image":{"@id":"https:\/\/www.public.sn\/index.php\/2025\/11\/23\/cheikh-yerim-seck-alerte-jamais-un-president-senegalais-na-ete-aussi-fragilise\/#primaryimage"},"thumbnailUrl":"https:\/\/www.public.sn\/wp-content\/uploads\/2025\/11\/thumb_1260x800_6922f1e56239d_PZ6VhVpZqP.jpeg","datePublished":"2025-11-23T12:54:22+00:00","dateModified":"2025-11-23T12:54:28+00:00","breadcrumb":{"@id":"https:\/\/www.public.sn\/index.php\/2025\/11\/23\/cheikh-yerim-seck-alerte-jamais-un-president-senegalais-na-ete-aussi-fragilise\/#breadcrumb"},"inLanguage":"fr-FR","potentialAction":[{"@type":"ReadAction","target":["https:\/\/www.public.sn\/index.php\/2025\/11\/23\/cheikh-yerim-seck-alerte-jamais-un-president-senegalais-na-ete-aussi-fragilise\/"]}]},{"@type":"ImageObject","inLanguage":"fr-FR","@id":"https:\/\/www.public.sn\/index.php\/2025\/11\/23\/cheikh-yerim-seck-alerte-jamais-un-president-senegalais-na-ete-aussi-fragilise\/#primaryimage","url":"https:\/\/www.public.sn\/wp-content\/uploads\/2025\/11\/thumb_1260x800_6922f1e56239d_PZ6VhVpZqP.jpeg","contentUrl":"https:\/\/www.public.sn\/wp-content\/uploads\/2025\/11\/thumb_1260x800_6922f1e56239d_PZ6VhVpZqP.jpeg","width":1260,"height":800},{"@type":"BreadcrumbList","@id":"https:\/\/www.public.sn\/index.php\/2025\/11\/23\/cheikh-yerim-seck-alerte-jamais-un-president-senegalais-na-ete-aussi-fragilise\/#breadcrumb","itemListElement":[{"@type":"ListItem","position":1,"name":"Accueil","item":"https:\/\/www.public.sn\/"},{"@type":"ListItem","position":2,"name":"Cheikh Yerim Seck alerte : \u201cJamais un Pr\u00e9sident s\u00e9n\u00e9galais n\u2019a \u00e9t\u00e9 aussi fragilis\u00e9\u201d"}]},{"@type":"WebSite","@id":"https:\/\/www.public.sn\/#website","url":"https:\/\/www.public.sn\/","name":"LE PUBLIC","description":"","publisher":{"@id":"https:\/\/www.public.sn\/#organization"},"potentialAction":[{"@type":"SearchAction","target":{"@type":"EntryPoint","urlTemplate":"https:\/\/www.public.sn\/?s={search_term_string}"},"query-input":{"@type":"PropertyValueSpecification","valueRequired":true,"valueName":"search_term_string"}}],"inLanguage":"fr-FR"},{"@type":"Organization","@id":"https:\/\/www.public.sn\/#organization","name":"LE PUBLIC","url":"https:\/\/www.public.sn\/","logo":{"@type":"ImageObject","inLanguage":"fr-FR","@id":"https:\/\/www.public.sn\/#\/schema\/logo\/image\/","url":"https:\/\/www.public.sn\/wp-content\/uploads\/2024\/05\/cropped-LOGO-PUBLIC.SN_.png","contentUrl":"https:\/\/www.public.sn\/wp-content\/uploads\/2024\/05\/cropped-LOGO-PUBLIC.SN_.png","width":682,"height":192,"caption":"LE PUBLIC"},"image":{"@id":"https:\/\/www.public.sn\/#\/schema\/logo\/image\/"}},{"@type":"Person","@id":"https:\/\/www.public.sn\/#\/schema\/person\/cb76c8e1b8becc6be61fb5e92d6d0224","name":"LA REDACTION","image":{"@type":"ImageObject","inLanguage":"fr-FR","@id":"https:\/\/www.public.sn\/#\/schema\/person\/image\/","url":"https:\/\/secure.gravatar.com\/avatar\/2dce5ddd34b8fef0180efe03aa2a9bee7d953856048f9a16b298190a3178407c?s=96&d=mm&r=g","contentUrl":"https:\/\/secure.gravatar.com\/avatar\/2dce5ddd34b8fef0180efe03aa2a9bee7d953856048f9a16b298190a3178407c?s=96&d=mm&r=g","caption":"LA REDACTION"},"url":"https:\/\/www.public.sn\/index.php\/author\/editeurpsn\/"}]}},"jetpack_featured_media_url":"https:\/\/www.public.sn\/wp-content\/uploads\/2025\/11\/thumb_1260x800_6922f1e56239d_PZ6VhVpZqP.jpeg","jetpack_sharing_enabled":true,"_links":{"self":[{"href":"https:\/\/www.public.sn\/index.php\/wp-json\/wp\/v2\/posts\/38231","targetHints":{"allow":["GET"]}}],"collection":[{"href":"https:\/\/www.public.sn\/index.php\/wp-json\/wp\/v2\/posts"}],"about":[{"href":"https:\/\/www.public.sn\/index.php\/wp-json\/wp\/v2\/types\/post"}],"author":[{"embeddable":true,"href":"https:\/\/www.public.sn\/index.php\/wp-json\/wp\/v2\/users\/7"}],"replies":[{"embeddable":true,"href":"https:\/\/www.public.sn\/index.php\/wp-json\/wp\/v2\/comments?post=38231"}],"version-history":[{"count":1,"href":"https:\/\/www.public.sn\/index.php\/wp-json\/wp\/v2\/posts\/38231\/revisions"}],"predecessor-version":[{"id":38233,"href":"https:\/\/www.public.sn\/index.php\/wp-json\/wp\/v2\/posts\/38231\/revisions\/38233"}],"wp:featuredmedia":[{"embeddable":true,"href":"https:\/\/www.public.sn\/index.php\/wp-json\/wp\/v2\/media\/38232"}],"wp:attachment":[{"href":"https:\/\/www.public.sn\/index.php\/wp-json\/wp\/v2\/media?parent=38231"}],"wp:term":[{"taxonomy":"category","embeddable":true,"href":"https:\/\/www.public.sn\/index.php\/wp-json\/wp\/v2\/categories?post=38231"},{"taxonomy":"post_tag","embeddable":true,"href":"https:\/\/www.public.sn\/index.php\/wp-json\/wp\/v2\/tags?post=38231"}],"curies":[{"name":"wp","href":"https:\/\/api.w.org\/{rel}","templated":true}]}}