{"id":38271,"date":"2025-12-09T17:05:15","date_gmt":"2025-12-09T17:05:15","guid":{"rendered":"https:\/\/www.public.sn\/?p=38271"},"modified":"2025-12-09T17:05:25","modified_gmt":"2025-12-09T17:05:25","slug":"senegal-un-an-apres-les-revelations-de-sonko-leconomie-sous-tension","status":"publish","type":"post","link":"https:\/\/www.public.sn\/index.php\/2025\/12\/09\/senegal-un-an-apres-les-revelations-de-sonko-leconomie-sous-tension\/","title":{"rendered":"\u00ab S\u00e9n\u00e9gal : un an apr\u00e8s les r\u00e9v\u00e9lations de Sonko, l\u2019\u00e9conomie sous tension \u00bb"},"content":{"rendered":"\n<p>Quelques mois apr\u00e8s l\u2019arriv\u00e9e du Pastef au pouvoir, Ousmane Sonko a tenu une conf\u00e9rence de presse au cours de laquelle il a accus\u00e9 le r\u00e9gime sortant de Macky Sall d\u2019avoir dissimul\u00e9 la v\u00e9ritable situation \u00e9conomique du pays, \u00e9voquant une dette cach\u00e9e avoisinant 120 % du PIB. Selon&nbsp;<em>Jeune Afrique<\/em>, le pr\u00e9sident de la R\u00e9publique, Bassirou Diomaye Faye, \u00e9tait oppos\u00e9 \u00e0 la volont\u00e9 du Premier ministre de rendre cette information publique.<\/p><div class=\"publi-paragraphe1\" style=\"margin-top: 10px;margin-bottom: 10px;margin-left: auto;margin-right: auto;text-align: center;\" id=\"publi-1751062846\"><div class=\"publi-adlabel\">Publicit\u00e9<\/div><script async src=\"\/\/pagead2.googlesyndication.com\/pagead\/js\/adsbygoogle.js?client=ca-pub-4089586018074219\" crossorigin=\"anonymous\"><\/script><ins class=\"adsbygoogle\" style=\"display:block;\" data-ad-client=\"ca-pub-4089586018074219\" \ndata-ad-slot=\"2087940154\" \ndata-ad-format=\"auto\"><\/ins>\n<script> \n(adsbygoogle = window.adsbygoogle || []).push({}); \n<\/script>\n<\/div>\n\n\n\n<p>D\u2019apr\u00e8s le journal, le chef de l\u2019\u00c9tat et le ministre des Finances et du Budget, Cheikh Diba, ont exprim\u00e9 un avis d\u00e9favorable quant \u00e0 la divulgation de cette \u00ab dette cach\u00e9e \u00bb. Ils craignaient les cons\u00e9quences potentiellement d\u00e9sastreuses qu\u2019une telle annonce pourrait entra\u00eener. Lors de sa conf\u00e9rence de presse en septembre 2024, Ousmane Sonko a n\u00e9anmoins affirm\u00e9 \u00eatre guid\u00e9 par un devoir de v\u00e9rit\u00e9 envers la population.<\/p>\n\n\n\n<p>Plus d\u2019un an plus tard, le S\u00e9n\u00e9gal fait face \u00e0 une situation \u00e9conomique particuli\u00e8rement difficile, marqu\u00e9e notamment par plusieurs d\u00e9gradations de sa note souveraine par Moody\u2019s et d\u2019autres agences de notation.<\/p>\n<div class=\"publi-apres-le-contenu\" style=\"margin-top: 10px;margin-bottom: 10px;margin-left: auto;margin-right: auto;text-align: center;\" id=\"publi-3433658453\"><div class=\"publi-adlabel\">Publicit\u00e9<\/div><script async src=\"\/\/pagead2.googlesyndication.com\/pagead\/js\/adsbygoogle.js?client=ca-pub-4089586018074219\" crossorigin=\"anonymous\"><\/script><ins class=\"adsbygoogle\" style=\"display:block;\" data-ad-client=\"ca-pub-4089586018074219\" \ndata-ad-slot=\"2087940154\" \ndata-ad-format=\"auto\"><\/ins>\n<script> \n(adsbygoogle = window.adsbygoogle || []).push({}); \n<\/script>\n<\/div>","protected":false},"excerpt":{"rendered":"<p>Quelques mois apr\u00e8s l\u2019arriv\u00e9e du Pastef au pouvoir, Ousmane Sonko a tenu une conf\u00e9rence de presse au cours de laquelle il a accus\u00e9 le r\u00e9gime sortant de Macky Sall d\u2019avoir dissimul\u00e9 la v\u00e9ritable situation \u00e9conomique du pays, \u00e9voquant une dette cach\u00e9e avoisinant 120 % du PIB. Selon&nbsp;Jeune Afrique, le pr\u00e9sident de la R\u00e9publique, Bassirou Diomaye Faye, \u00e9tait oppos\u00e9 \u00e0 la volont\u00e9 du Premier ministre de rendre cette information publique. D\u2019apr\u00e8s le journal, le chef de l\u2019\u00c9tat et le ministre des Finances et du Budget, Cheikh Diba, ont exprim\u00e9 un avis d\u00e9favorable quant \u00e0 la divulgation de cette \u00ab dette cach\u00e9e \u00bb. Ils craignaient les cons\u00e9quences potentiellement d\u00e9sastreuses qu\u2019une telle annonce pourrait entra\u00eener. Lors de sa conf\u00e9rence de presse en septembre 2024, Ousmane Sonko a n\u00e9anmoins affirm\u00e9 \u00eatre guid\u00e9 par un devoir de v\u00e9rit\u00e9 envers la population. Plus d\u2019un an plus tard, le S\u00e9n\u00e9gal fait face \u00e0 une situation \u00e9conomique particuli\u00e8rement difficile, marqu\u00e9e notamment par plusieurs d\u00e9gradations de sa note souveraine par Moody\u2019s et d\u2019autres agences de notation.<\/p>\n","protected":false},"author":7,"featured_media":38272,"comment_status":"open","ping_status":"open","sticky":false,"template":"","format":"standard","meta":{"_jetpack_memberships_contains_paid_content":false,"footnotes":""},"categories":[375,5358],"tags":[7863,5430,306],"class_list":["post-38271","post","type-post","status-publish","format-standard","has-post-thumbnail","hentry","category-actualites","category-economie-2","tag-dette-cachee-4","tag-diomaye","tag-sonko","entry","has-media","owp-thumbs-layout-horizontal","owp-btn-normal","owp-tabs-layout-horizontal","has-no-thumbnails","has-product-nav"],"yoast_head":"<!-- This site is optimized with the Yoast SEO plugin v25.5 - https:\/\/yoast.com\/wordpress\/plugins\/seo\/ -->\n<title>\u00ab S\u00e9n\u00e9gal : un an apr\u00e8s les r\u00e9v\u00e9lations de Sonko, l\u2019\u00e9conomie sous tension \u00bb - LE PUBLIC<\/title>\n<meta name=\"robots\" content=\"index, follow, max-snippet:-1, max-image-preview:large, max-video-preview:-1\" \/>\n<link rel=\"canonical\" href=\"https:\/\/www.public.sn\/index.php\/2025\/12\/09\/senegal-un-an-apres-les-revelations-de-sonko-leconomie-sous-tension\/\" \/>\n<meta property=\"og:locale\" content=\"fr_FR\" \/>\n<meta property=\"og:type\" content=\"article\" \/>\n<meta property=\"og:title\" content=\"\u00ab S\u00e9n\u00e9gal : un an apr\u00e8s les r\u00e9v\u00e9lations de Sonko, l\u2019\u00e9conomie sous tension \u00bb - LE PUBLIC\" \/>\n<meta property=\"og:description\" content=\"Quelques mois apr\u00e8s l\u2019arriv\u00e9e du Pastef au pouvoir, Ousmane Sonko a tenu une conf\u00e9rence de presse au cours de laquelle il a accus\u00e9 le r\u00e9gime sortant de Macky Sall d\u2019avoir dissimul\u00e9 la v\u00e9ritable situation \u00e9conomique du pays, \u00e9voquant une dette cach\u00e9e avoisinant 120 % du PIB. Selon&nbsp;Jeune Afrique, le pr\u00e9sident de la R\u00e9publique, Bassirou Diomaye Faye, \u00e9tait oppos\u00e9 \u00e0 la volont\u00e9 du Premier ministre de rendre cette information publique. D\u2019apr\u00e8s le journal, le chef de l\u2019\u00c9tat et le ministre des Finances et du Budget, Cheikh Diba, ont exprim\u00e9 un avis d\u00e9favorable quant \u00e0 la divulgation de cette \u00ab dette cach\u00e9e \u00bb. Ils craignaient les cons\u00e9quences potentiellement d\u00e9sastreuses qu\u2019une telle annonce pourrait entra\u00eener. Lors de sa conf\u00e9rence de presse en septembre 2024, Ousmane Sonko a n\u00e9anmoins affirm\u00e9 \u00eatre guid\u00e9 par un devoir de v\u00e9rit\u00e9 envers la population. Plus d\u2019un an plus tard, le S\u00e9n\u00e9gal fait face \u00e0 une situation \u00e9conomique particuli\u00e8rement difficile, marqu\u00e9e notamment par plusieurs d\u00e9gradations de sa note souveraine par Moody\u2019s et d\u2019autres agences de notation.\" \/>\n<meta property=\"og:url\" content=\"https:\/\/www.public.sn\/index.php\/2025\/12\/09\/senegal-un-an-apres-les-revelations-de-sonko-leconomie-sous-tension\/\" \/>\n<meta property=\"og:site_name\" content=\"LE PUBLIC\" \/>\n<meta property=\"article:published_time\" content=\"2025-12-09T17:05:15+00:00\" \/>\n<meta property=\"article:modified_time\" content=\"2025-12-09T17:05:25+00:00\" \/>\n<meta property=\"og:image\" content=\"https:\/\/www.public.sn\/wp-content\/uploads\/2025\/12\/telechargement.jpeg\" \/>\n\t<meta property=\"og:image:width\" content=\"275\" \/>\n\t<meta property=\"og:image:height\" content=\"183\" \/>\n\t<meta property=\"og:image:type\" content=\"image\/jpeg\" \/>\n<meta name=\"author\" content=\"LA REDACTION\" \/>\n<meta name=\"twitter:card\" content=\"summary_large_image\" \/>\n<meta name=\"twitter:label1\" content=\"\u00c9crit par\" \/>\n\t<meta name=\"twitter:data1\" content=\"LA REDACTION\" \/>\n\t<meta name=\"twitter:label2\" content=\"Dur\u00e9e de lecture estim\u00e9e\" \/>\n\t<meta name=\"twitter:data2\" content=\"2 minutes\" \/>\n<script type=\"application\/ld+json\" class=\"yoast-schema-graph\">{\"@context\":\"https:\/\/schema.org\",\"@graph\":[{\"@type\":\"Article\",\"@id\":\"https:\/\/www.public.sn\/index.php\/2025\/12\/09\/senegal-un-an-apres-les-revelations-de-sonko-leconomie-sous-tension\/#article\",\"isPartOf\":{\"@id\":\"https:\/\/www.public.sn\/index.php\/2025\/12\/09\/senegal-un-an-apres-les-revelations-de-sonko-leconomie-sous-tension\/\"},\"author\":{\"name\":\"LA REDACTION\",\"@id\":\"https:\/\/www.public.sn\/#\/schema\/person\/cb76c8e1b8becc6be61fb5e92d6d0224\"},\"headline\":\"\u00ab S\u00e9n\u00e9gal : un an apr\u00e8s les r\u00e9v\u00e9lations de Sonko, l\u2019\u00e9conomie sous tension \u00bb\",\"datePublished\":\"2025-12-09T17:05:15+00:00\",\"dateModified\":\"2025-12-09T17:05:25+00:00\",\"mainEntityOfPage\":{\"@id\":\"https:\/\/www.public.sn\/index.php\/2025\/12\/09\/senegal-un-an-apres-les-revelations-de-sonko-leconomie-sous-tension\/\"},\"wordCount\":208,\"commentCount\":0,\"publisher\":{\"@id\":\"https:\/\/www.public.sn\/#organization\"},\"image\":{\"@id\":\"https:\/\/www.public.sn\/index.php\/2025\/12\/09\/senegal-un-an-apres-les-revelations-de-sonko-leconomie-sous-tension\/#primaryimage\"},\"thumbnailUrl\":\"https:\/\/www.public.sn\/wp-content\/uploads\/2025\/12\/telechargement.jpeg\",\"keywords\":[\"dette cachee\",\"Diomaye\",\"sonko\"],\"articleSection\":[\"ACTUALIT\u00c9S\",\"ECONOMIE\"],\"inLanguage\":\"fr-FR\",\"potentialAction\":[{\"@type\":\"CommentAction\",\"name\":\"Comment\",\"target\":[\"https:\/\/www.public.sn\/index.php\/2025\/12\/09\/senegal-un-an-apres-les-revelations-de-sonko-leconomie-sous-tension\/#respond\"]}]},{\"@type\":\"WebPage\",\"@id\":\"https:\/\/www.public.sn\/index.php\/2025\/12\/09\/senegal-un-an-apres-les-revelations-de-sonko-leconomie-sous-tension\/\",\"url\":\"https:\/\/www.public.sn\/index.php\/2025\/12\/09\/senegal-un-an-apres-les-revelations-de-sonko-leconomie-sous-tension\/\",\"name\":\"\u00ab S\u00e9n\u00e9gal : un an apr\u00e8s les r\u00e9v\u00e9lations de Sonko, l\u2019\u00e9conomie sous tension \u00bb - LE PUBLIC\",\"isPartOf\":{\"@id\":\"https:\/\/www.public.sn\/#website\"},\"primaryImageOfPage\":{\"@id\":\"https:\/\/www.public.sn\/index.php\/2025\/12\/09\/senegal-un-an-apres-les-revelations-de-sonko-leconomie-sous-tension\/#primaryimage\"},\"image\":{\"@id\":\"https:\/\/www.public.sn\/index.php\/2025\/12\/09\/senegal-un-an-apres-les-revelations-de-sonko-leconomie-sous-tension\/#primaryimage\"},\"thumbnailUrl\":\"https:\/\/www.public.sn\/wp-content\/uploads\/2025\/12\/telechargement.jpeg\",\"datePublished\":\"2025-12-09T17:05:15+00:00\",\"dateModified\":\"2025-12-09T17:05:25+00:00\",\"breadcrumb\":{\"@id\":\"https:\/\/www.public.sn\/index.php\/2025\/12\/09\/senegal-un-an-apres-les-revelations-de-sonko-leconomie-sous-tension\/#breadcrumb\"},\"inLanguage\":\"fr-FR\",\"potentialAction\":[{\"@type\":\"ReadAction\",\"target\":[\"https:\/\/www.public.sn\/index.php\/2025\/12\/09\/senegal-un-an-apres-les-revelations-de-sonko-leconomie-sous-tension\/\"]}]},{\"@type\":\"ImageObject\",\"inLanguage\":\"fr-FR\",\"@id\":\"https:\/\/www.public.sn\/index.php\/2025\/12\/09\/senegal-un-an-apres-les-revelations-de-sonko-leconomie-sous-tension\/#primaryimage\",\"url\":\"https:\/\/www.public.sn\/wp-content\/uploads\/2025\/12\/telechargement.jpeg\",\"contentUrl\":\"https:\/\/www.public.sn\/wp-content\/uploads\/2025\/12\/telechargement.jpeg\",\"width\":275,\"height\":183},{\"@type\":\"BreadcrumbList\",\"@id\":\"https:\/\/www.public.sn\/index.php\/2025\/12\/09\/senegal-un-an-apres-les-revelations-de-sonko-leconomie-sous-tension\/#breadcrumb\",\"itemListElement\":[{\"@type\":\"ListItem\",\"position\":1,\"name\":\"Accueil\",\"item\":\"https:\/\/www.public.sn\/\"},{\"@type\":\"ListItem\",\"position\":2,\"name\":\"\u00ab S\u00e9n\u00e9gal : un an apr\u00e8s les r\u00e9v\u00e9lations de Sonko, l\u2019\u00e9conomie sous tension \u00bb\"}]},{\"@type\":\"WebSite\",\"@id\":\"https:\/\/www.public.sn\/#website\",\"url\":\"https:\/\/www.public.sn\/\",\"name\":\"LE PUBLIC\",\"description\":\"\",\"publisher\":{\"@id\":\"https:\/\/www.public.sn\/#organization\"},\"potentialAction\":[{\"@type\":\"SearchAction\",\"target\":{\"@type\":\"EntryPoint\",\"urlTemplate\":\"https:\/\/www.public.sn\/?s={search_term_string}\"},\"query-input\":{\"@type\":\"PropertyValueSpecification\",\"valueRequired\":true,\"valueName\":\"search_term_string\"}}],\"inLanguage\":\"fr-FR\"},{\"@type\":\"Organization\",\"@id\":\"https:\/\/www.public.sn\/#organization\",\"name\":\"LE PUBLIC\",\"url\":\"https:\/\/www.public.sn\/\",\"logo\":{\"@type\":\"ImageObject\",\"inLanguage\":\"fr-FR\",\"@id\":\"https:\/\/www.public.sn\/#\/schema\/logo\/image\/\",\"url\":\"https:\/\/www.public.sn\/wp-content\/uploads\/2024\/05\/cropped-LOGO-PUBLIC.SN_.png\",\"contentUrl\":\"https:\/\/www.public.sn\/wp-content\/uploads\/2024\/05\/cropped-LOGO-PUBLIC.SN_.png\",\"width\":682,\"height\":192,\"caption\":\"LE PUBLIC\"},\"image\":{\"@id\":\"https:\/\/www.public.sn\/#\/schema\/logo\/image\/\"}},{\"@type\":\"Person\",\"@id\":\"https:\/\/www.public.sn\/#\/schema\/person\/cb76c8e1b8becc6be61fb5e92d6d0224\",\"name\":\"LA REDACTION\",\"image\":{\"@type\":\"ImageObject\",\"inLanguage\":\"fr-FR\",\"@id\":\"https:\/\/www.public.sn\/#\/schema\/person\/image\/\",\"url\":\"https:\/\/secure.gravatar.com\/avatar\/2dce5ddd34b8fef0180efe03aa2a9bee7d953856048f9a16b298190a3178407c?s=96&d=mm&r=g\",\"contentUrl\":\"https:\/\/secure.gravatar.com\/avatar\/2dce5ddd34b8fef0180efe03aa2a9bee7d953856048f9a16b298190a3178407c?s=96&d=mm&r=g\",\"caption\":\"LA REDACTION\"},\"url\":\"https:\/\/www.public.sn\/index.php\/author\/editeurpsn\/\"}]}<\/script>\n<!-- \/ Yoast SEO plugin. -->","yoast_head_json":{"title":"\u00ab S\u00e9n\u00e9gal : un an apr\u00e8s les r\u00e9v\u00e9lations de Sonko, l\u2019\u00e9conomie sous tension \u00bb - LE PUBLIC","robots":{"index":"index","follow":"follow","max-snippet":"max-snippet:-1","max-image-preview":"max-image-preview:large","max-video-preview":"max-video-preview:-1"},"canonical":"https:\/\/www.public.sn\/index.php\/2025\/12\/09\/senegal-un-an-apres-les-revelations-de-sonko-leconomie-sous-tension\/","og_locale":"fr_FR","og_type":"article","og_title":"\u00ab S\u00e9n\u00e9gal : un an apr\u00e8s les r\u00e9v\u00e9lations de Sonko, l\u2019\u00e9conomie sous tension \u00bb - LE PUBLIC","og_description":"Quelques mois apr\u00e8s l\u2019arriv\u00e9e du Pastef au pouvoir, Ousmane Sonko a tenu une conf\u00e9rence de presse au cours de laquelle il a accus\u00e9 le r\u00e9gime sortant de Macky Sall d\u2019avoir dissimul\u00e9 la v\u00e9ritable situation \u00e9conomique du pays, \u00e9voquant une dette cach\u00e9e avoisinant 120 % du PIB. Selon&nbsp;Jeune Afrique, le pr\u00e9sident de la R\u00e9publique, Bassirou Diomaye Faye, \u00e9tait oppos\u00e9 \u00e0 la volont\u00e9 du Premier ministre de rendre cette information publique. D\u2019apr\u00e8s le journal, le chef de l\u2019\u00c9tat et le ministre des Finances et du Budget, Cheikh Diba, ont exprim\u00e9 un avis d\u00e9favorable quant \u00e0 la divulgation de cette \u00ab dette cach\u00e9e \u00bb. Ils craignaient les cons\u00e9quences potentiellement d\u00e9sastreuses qu\u2019une telle annonce pourrait entra\u00eener. Lors de sa conf\u00e9rence de presse en septembre 2024, Ousmane Sonko a n\u00e9anmoins affirm\u00e9 \u00eatre guid\u00e9 par un devoir de v\u00e9rit\u00e9 envers la population. Plus d\u2019un an plus tard, le S\u00e9n\u00e9gal fait face \u00e0 une situation \u00e9conomique particuli\u00e8rement difficile, marqu\u00e9e notamment par plusieurs d\u00e9gradations de sa note souveraine par Moody\u2019s et d\u2019autres agences de notation.","og_url":"https:\/\/www.public.sn\/index.php\/2025\/12\/09\/senegal-un-an-apres-les-revelations-de-sonko-leconomie-sous-tension\/","og_site_name":"LE PUBLIC","article_published_time":"2025-12-09T17:05:15+00:00","article_modified_time":"2025-12-09T17:05:25+00:00","og_image":[{"width":275,"height":183,"url":"https:\/\/www.public.sn\/wp-content\/uploads\/2025\/12\/telechargement.jpeg","type":"image\/jpeg"}],"author":"LA REDACTION","twitter_card":"summary_large_image","twitter_misc":{"\u00c9crit par":"LA REDACTION","Dur\u00e9e de lecture estim\u00e9e":"2 minutes"},"schema":{"@context":"https:\/\/schema.org","@graph":[{"@type":"Article","@id":"https:\/\/www.public.sn\/index.php\/2025\/12\/09\/senegal-un-an-apres-les-revelations-de-sonko-leconomie-sous-tension\/#article","isPartOf":{"@id":"https:\/\/www.public.sn\/index.php\/2025\/12\/09\/senegal-un-an-apres-les-revelations-de-sonko-leconomie-sous-tension\/"},"author":{"name":"LA REDACTION","@id":"https:\/\/www.public.sn\/#\/schema\/person\/cb76c8e1b8becc6be61fb5e92d6d0224"},"headline":"\u00ab S\u00e9n\u00e9gal : un an apr\u00e8s les r\u00e9v\u00e9lations de Sonko, l\u2019\u00e9conomie sous tension \u00bb","datePublished":"2025-12-09T17:05:15+00:00","dateModified":"2025-12-09T17:05:25+00:00","mainEntityOfPage":{"@id":"https:\/\/www.public.sn\/index.php\/2025\/12\/09\/senegal-un-an-apres-les-revelations-de-sonko-leconomie-sous-tension\/"},"wordCount":208,"commentCount":0,"publisher":{"@id":"https:\/\/www.public.sn\/#organization"},"image":{"@id":"https:\/\/www.public.sn\/index.php\/2025\/12\/09\/senegal-un-an-apres-les-revelations-de-sonko-leconomie-sous-tension\/#primaryimage"},"thumbnailUrl":"https:\/\/www.public.sn\/wp-content\/uploads\/2025\/12\/telechargement.jpeg","keywords":["dette cachee","Diomaye","sonko"],"articleSection":["ACTUALIT\u00c9S","ECONOMIE"],"inLanguage":"fr-FR","potentialAction":[{"@type":"CommentAction","name":"Comment","target":["https:\/\/www.public.sn\/index.php\/2025\/12\/09\/senegal-un-an-apres-les-revelations-de-sonko-leconomie-sous-tension\/#respond"]}]},{"@type":"WebPage","@id":"https:\/\/www.public.sn\/index.php\/2025\/12\/09\/senegal-un-an-apres-les-revelations-de-sonko-leconomie-sous-tension\/","url":"https:\/\/www.public.sn\/index.php\/2025\/12\/09\/senegal-un-an-apres-les-revelations-de-sonko-leconomie-sous-tension\/","name":"\u00ab S\u00e9n\u00e9gal : un an apr\u00e8s les r\u00e9v\u00e9lations de Sonko, l\u2019\u00e9conomie sous tension \u00bb - LE PUBLIC","isPartOf":{"@id":"https:\/\/www.public.sn\/#website"},"primaryImageOfPage":{"@id":"https:\/\/www.public.sn\/index.php\/2025\/12\/09\/senegal-un-an-apres-les-revelations-de-sonko-leconomie-sous-tension\/#primaryimage"},"image":{"@id":"https:\/\/www.public.sn\/index.php\/2025\/12\/09\/senegal-un-an-apres-les-revelations-de-sonko-leconomie-sous-tension\/#primaryimage"},"thumbnailUrl":"https:\/\/www.public.sn\/wp-content\/uploads\/2025\/12\/telechargement.jpeg","datePublished":"2025-12-09T17:05:15+00:00","dateModified":"2025-12-09T17:05:25+00:00","breadcrumb":{"@id":"https:\/\/www.public.sn\/index.php\/2025\/12\/09\/senegal-un-an-apres-les-revelations-de-sonko-leconomie-sous-tension\/#breadcrumb"},"inLanguage":"fr-FR","potentialAction":[{"@type":"ReadAction","target":["https:\/\/www.public.sn\/index.php\/2025\/12\/09\/senegal-un-an-apres-les-revelations-de-sonko-leconomie-sous-tension\/"]}]},{"@type":"ImageObject","inLanguage":"fr-FR","@id":"https:\/\/www.public.sn\/index.php\/2025\/12\/09\/senegal-un-an-apres-les-revelations-de-sonko-leconomie-sous-tension\/#primaryimage","url":"https:\/\/www.public.sn\/wp-content\/uploads\/2025\/12\/telechargement.jpeg","contentUrl":"https:\/\/www.public.sn\/wp-content\/uploads\/2025\/12\/telechargement.jpeg","width":275,"height":183},{"@type":"BreadcrumbList","@id":"https:\/\/www.public.sn\/index.php\/2025\/12\/09\/senegal-un-an-apres-les-revelations-de-sonko-leconomie-sous-tension\/#breadcrumb","itemListElement":[{"@type":"ListItem","position":1,"name":"Accueil","item":"https:\/\/www.public.sn\/"},{"@type":"ListItem","position":2,"name":"\u00ab S\u00e9n\u00e9gal : un an apr\u00e8s les r\u00e9v\u00e9lations de Sonko, l\u2019\u00e9conomie sous tension \u00bb"}]},{"@type":"WebSite","@id":"https:\/\/www.public.sn\/#website","url":"https:\/\/www.public.sn\/","name":"LE PUBLIC","description":"","publisher":{"@id":"https:\/\/www.public.sn\/#organization"},"potentialAction":[{"@type":"SearchAction","target":{"@type":"EntryPoint","urlTemplate":"https:\/\/www.public.sn\/?s={search_term_string}"},"query-input":{"@type":"PropertyValueSpecification","valueRequired":true,"valueName":"search_term_string"}}],"inLanguage":"fr-FR"},{"@type":"Organization","@id":"https:\/\/www.public.sn\/#organization","name":"LE PUBLIC","url":"https:\/\/www.public.sn\/","logo":{"@type":"ImageObject","inLanguage":"fr-FR","@id":"https:\/\/www.public.sn\/#\/schema\/logo\/image\/","url":"https:\/\/www.public.sn\/wp-content\/uploads\/2024\/05\/cropped-LOGO-PUBLIC.SN_.png","contentUrl":"https:\/\/www.public.sn\/wp-content\/uploads\/2024\/05\/cropped-LOGO-PUBLIC.SN_.png","width":682,"height":192,"caption":"LE PUBLIC"},"image":{"@id":"https:\/\/www.public.sn\/#\/schema\/logo\/image\/"}},{"@type":"Person","@id":"https:\/\/www.public.sn\/#\/schema\/person\/cb76c8e1b8becc6be61fb5e92d6d0224","name":"LA REDACTION","image":{"@type":"ImageObject","inLanguage":"fr-FR","@id":"https:\/\/www.public.sn\/#\/schema\/person\/image\/","url":"https:\/\/secure.gravatar.com\/avatar\/2dce5ddd34b8fef0180efe03aa2a9bee7d953856048f9a16b298190a3178407c?s=96&d=mm&r=g","contentUrl":"https:\/\/secure.gravatar.com\/avatar\/2dce5ddd34b8fef0180efe03aa2a9bee7d953856048f9a16b298190a3178407c?s=96&d=mm&r=g","caption":"LA REDACTION"},"url":"https:\/\/www.public.sn\/index.php\/author\/editeurpsn\/"}]}},"jetpack_featured_media_url":"https:\/\/www.public.sn\/wp-content\/uploads\/2025\/12\/telechargement.jpeg","jetpack_sharing_enabled":true,"_links":{"self":[{"href":"https:\/\/www.public.sn\/index.php\/wp-json\/wp\/v2\/posts\/38271","targetHints":{"allow":["GET"]}}],"collection":[{"href":"https:\/\/www.public.sn\/index.php\/wp-json\/wp\/v2\/posts"}],"about":[{"href":"https:\/\/www.public.sn\/index.php\/wp-json\/wp\/v2\/types\/post"}],"author":[{"embeddable":true,"href":"https:\/\/www.public.sn\/index.php\/wp-json\/wp\/v2\/users\/7"}],"replies":[{"embeddable":true,"href":"https:\/\/www.public.sn\/index.php\/wp-json\/wp\/v2\/comments?post=38271"}],"version-history":[{"count":1,"href":"https:\/\/www.public.sn\/index.php\/wp-json\/wp\/v2\/posts\/38271\/revisions"}],"predecessor-version":[{"id":38273,"href":"https:\/\/www.public.sn\/index.php\/wp-json\/wp\/v2\/posts\/38271\/revisions\/38273"}],"wp:featuredmedia":[{"embeddable":true,"href":"https:\/\/www.public.sn\/index.php\/wp-json\/wp\/v2\/media\/38272"}],"wp:attachment":[{"href":"https:\/\/www.public.sn\/index.php\/wp-json\/wp\/v2\/media?parent=38271"}],"wp:term":[{"taxonomy":"category","embeddable":true,"href":"https:\/\/www.public.sn\/index.php\/wp-json\/wp\/v2\/categories?post=38271"},{"taxonomy":"post_tag","embeddable":true,"href":"https:\/\/www.public.sn\/index.php\/wp-json\/wp\/v2\/tags?post=38271"}],"curies":[{"name":"wp","href":"https:\/\/api.w.org\/{rel}","templated":true}]}}