{"id":3862,"date":"2022-10-07T09:57:40","date_gmt":"2022-10-07T09:57:40","guid":{"rendered":"https:\/\/www.public.sn\/?p=3862"},"modified":"2022-10-07T09:57:41","modified_gmt":"2022-10-07T09:57:41","slug":"gamou-abdou-mbow-et-abdoulaye-daouda-diallo-victimes-dun-grave-accident","status":"publish","type":"post","link":"https:\/\/www.public.sn\/index.php\/2022\/10\/07\/gamou-abdou-mbow-et-abdoulaye-daouda-diallo-victimes-dun-grave-accident\/","title":{"rendered":"Gamou : Abdou Mbow et Abdoulaye Daouda Diallo victimes d\u2019un grave accident."},"content":{"rendered":"\n<p><br>En partance pour Kaolack dans le cadre du Gamou, le v\u00e9hicule dans lequel \u00e9taient le directeur de cabinet du pr\u00e9sident de la R\u00e9publique Abdoulaye Daouda Diallo et le d\u00e9put\u00e9 Abdou Mbow a subi un accident de la route ce Jeudi vers les coups de 22 Heures sur l\u2019autoroute \u00ab Ila Touba \u00bb <\/p><div class=\"publi-paragraphe1\" style=\"margin-top: 10px;margin-bottom: 10px;margin-left: auto;margin-right: auto;text-align: center;\" id=\"publi-2366357803\"><div class=\"publi-adlabel\">Publicit\u00e9<\/div><script async src=\"\/\/pagead2.googlesyndication.com\/pagead\/js\/adsbygoogle.js?client=ca-pub-4089586018074219\" crossorigin=\"anonymous\"><\/script><ins class=\"adsbygoogle\" style=\"display:block;\" data-ad-client=\"ca-pub-4089586018074219\" \ndata-ad-slot=\"2087940154\" \ndata-ad-format=\"auto\"><\/ins>\n<script> \n(adsbygoogle = window.adsbygoogle || []).push({}); \n<\/script>\n<\/div>\n\n\n\n<p> L\u2019accident est caus\u00e9 par le stationnement d\u2019un v\u00e9hicule  sur le bord de la route. La Land Cruiser a percut\u00e9 de plein fouet le v\u00e9hicule avant de faire plusieurs tonneaux. Toutefois nos confr\u00e8res de l\u2019Observateur renseignent qu\u2019il y a eu plus de peur que de mal. Les occupants ont \u00e9t\u00e9 sauv\u00e9s par le syst\u00e8me des airbags. L\u2019on note toutefois qu\u2019Abdoulaye Daouda Diallo, Abdou Mbow et le chauffeur sont sortis indemnes de l\u2019accident alors que le garde du corps s\u2019est retrouv\u00e9 avec une grave blessure \u00e0 la main. <br><br>Ils ont \u00e9t\u00e9 transport\u00e9s \u00e0 l\u2019h\u00f4pital r\u00e9gional de Diourbel par le gouverneur de la r\u00e9gion en attendant leur \u00e9vacuation \u00e0 Dakar sur instruction du Pr\u00e9sident Macky Sall.<br><br>Abdoulaye Daouda Diallo et Abdou Mbow \u00e9taient en partance pour Kaolack pour d\u00e9livrer le message du pr\u00e9sident de la R\u00e9publique \u00e0 l\u2019occasion du Mawlid.<br><br>Samba SY.<br><\/p>\n<div class=\"publi-apres-le-contenu\" style=\"margin-top: 10px;margin-bottom: 10px;margin-left: auto;margin-right: auto;text-align: center;\" id=\"publi-2616969354\"><div class=\"publi-adlabel\">Publicit\u00e9<\/div><script async src=\"\/\/pagead2.googlesyndication.com\/pagead\/js\/adsbygoogle.js?client=ca-pub-4089586018074219\" crossorigin=\"anonymous\"><\/script><ins class=\"adsbygoogle\" style=\"display:block;\" data-ad-client=\"ca-pub-4089586018074219\" \ndata-ad-slot=\"2087940154\" \ndata-ad-format=\"auto\"><\/ins>\n<script> \n(adsbygoogle = window.adsbygoogle || []).push({}); \n<\/script>\n<\/div>","protected":false},"excerpt":{"rendered":"<p>En partance pour Kaolack dans le cadre du Gamou, le v\u00e9hicule dans lequel \u00e9taient le directeur de cabinet du pr\u00e9sident de la R\u00e9publique Abdoulaye Daouda Diallo et le d\u00e9put\u00e9 Abdou Mbow a subi un accident de la route ce Jeudi vers les coups de 22 Heures sur l\u2019autoroute \u00ab Ila Touba \u00bb L\u2019accident est caus\u00e9 par le stationnement d\u2019un v\u00e9hicule sur le bord de la route. La Land Cruiser a percut\u00e9 de plein fouet le v\u00e9hicule avant de faire plusieurs tonneaux. Toutefois nos confr\u00e8res de l\u2019Observateur renseignent qu\u2019il y a eu plus de peur que de mal. Les occupants ont \u00e9t\u00e9 sauv\u00e9s par le syst\u00e8me des airbags. L\u2019on note toutefois qu\u2019Abdoulaye Daouda Diallo, Abdou Mbow et le chauffeur sont sortis indemnes de l\u2019accident alors que le garde du corps s\u2019est retrouv\u00e9 avec une grave blessure \u00e0 la main. Ils ont \u00e9t\u00e9 transport\u00e9s \u00e0 l\u2019h\u00f4pital r\u00e9gional de Diourbel par le gouverneur de la r\u00e9gion en attendant leur \u00e9vacuation \u00e0 Dakar sur instruction du Pr\u00e9sident Macky Sall. Abdoulaye Daouda Diallo et Abdou Mbow \u00e9taient en partance pour Kaolack pour d\u00e9livrer le message du pr\u00e9sident de la R\u00e9publique \u00e0 l\u2019occasion du Mawlid. Samba SY.<\/p>\n","protected":false},"author":1,"featured_media":3869,"comment_status":"open","ping_status":"open","sticky":false,"template":"","format":"standard","meta":{"_jetpack_memberships_contains_paid_content":false,"footnotes":""},"categories":[375,379,1],"tags":[95,102,959],"class_list":["post-3862","post","type-post","status-publish","format-standard","has-post-thumbnail","hentry","category-actualites","category-faits-divers","category-non-classe","tag-abdou-mbow","tag-accident","tag-gamou","entry","has-media","owp-thumbs-layout-horizontal","owp-btn-normal","owp-tabs-layout-horizontal","has-no-thumbnails","has-product-nav"],"yoast_head":"<!-- This site is optimized with the Yoast SEO plugin v25.5 - https:\/\/yoast.com\/wordpress\/plugins\/seo\/ -->\n<title>Gamou : Abdou Mbow et Abdoulaye Daouda Diallo victimes d\u2019un grave accident. - LE PUBLIC<\/title>\n<meta name=\"robots\" content=\"index, follow, max-snippet:-1, max-image-preview:large, max-video-preview:-1\" \/>\n<link rel=\"canonical\" href=\"https:\/\/www.public.sn\/index.php\/2022\/10\/07\/gamou-abdou-mbow-et-abdoulaye-daouda-diallo-victimes-dun-grave-accident\/\" \/>\n<meta property=\"og:locale\" content=\"fr_FR\" \/>\n<meta property=\"og:type\" content=\"article\" \/>\n<meta property=\"og:title\" content=\"Gamou : Abdou Mbow et Abdoulaye Daouda Diallo victimes d\u2019un grave accident. - LE PUBLIC\" \/>\n<meta property=\"og:description\" content=\"En partance pour Kaolack dans le cadre du Gamou, le v\u00e9hicule dans lequel \u00e9taient le directeur de cabinet du pr\u00e9sident de la R\u00e9publique Abdoulaye Daouda Diallo et le d\u00e9put\u00e9 Abdou Mbow a subi un accident de la route ce Jeudi vers les coups de 22 Heures sur l\u2019autoroute \u00ab Ila Touba \u00bb L\u2019accident est caus\u00e9 par le stationnement d\u2019un v\u00e9hicule sur le bord de la route. La Land Cruiser a percut\u00e9 de plein fouet le v\u00e9hicule avant de faire plusieurs tonneaux. Toutefois nos confr\u00e8res de l\u2019Observateur renseignent qu\u2019il y a eu plus de peur que de mal. Les occupants ont \u00e9t\u00e9 sauv\u00e9s par le syst\u00e8me des airbags. L\u2019on note toutefois qu\u2019Abdoulaye Daouda Diallo, Abdou Mbow et le chauffeur sont sortis indemnes de l\u2019accident alors que le garde du corps s\u2019est retrouv\u00e9 avec une grave blessure \u00e0 la main. Ils ont \u00e9t\u00e9 transport\u00e9s \u00e0 l\u2019h\u00f4pital r\u00e9gional de Diourbel par le gouverneur de la r\u00e9gion en attendant leur \u00e9vacuation \u00e0 Dakar sur instruction du Pr\u00e9sident Macky Sall. Abdoulaye Daouda Diallo et Abdou Mbow \u00e9taient en partance pour Kaolack pour d\u00e9livrer le message du pr\u00e9sident de la R\u00e9publique \u00e0 l\u2019occasion du Mawlid. Samba SY.\" \/>\n<meta property=\"og:url\" content=\"https:\/\/www.public.sn\/index.php\/2022\/10\/07\/gamou-abdou-mbow-et-abdoulaye-daouda-diallo-victimes-dun-grave-accident\/\" \/>\n<meta property=\"og:site_name\" content=\"LE PUBLIC\" \/>\n<meta property=\"article:published_time\" content=\"2022-10-07T09:57:40+00:00\" \/>\n<meta property=\"article:modified_time\" content=\"2022-10-07T09:57:41+00:00\" \/>\n<meta property=\"og:image\" content=\"https:\/\/www.public.sn\/wp-content\/uploads\/2022\/10\/accident.png\" \/>\n\t<meta property=\"og:image:width\" content=\"822\" \/>\n\t<meta property=\"og:image:height\" content=\"408\" \/>\n\t<meta property=\"og:image:type\" content=\"image\/png\" \/>\n<meta name=\"author\" content=\"LA REDACTION\" \/>\n<meta name=\"twitter:card\" content=\"summary_large_image\" \/>\n<meta name=\"twitter:label1\" content=\"\u00c9crit par\" \/>\n\t<meta name=\"twitter:data1\" content=\"LA REDACTION\" \/>\n\t<meta name=\"twitter:label2\" content=\"Dur\u00e9e de lecture estim\u00e9e\" \/>\n\t<meta name=\"twitter:data2\" content=\"1 minute\" \/>\n<script type=\"application\/ld+json\" class=\"yoast-schema-graph\">{\"@context\":\"https:\/\/schema.org\",\"@graph\":[{\"@type\":\"Article\",\"@id\":\"https:\/\/www.public.sn\/index.php\/2022\/10\/07\/gamou-abdou-mbow-et-abdoulaye-daouda-diallo-victimes-dun-grave-accident\/#article\",\"isPartOf\":{\"@id\":\"https:\/\/www.public.sn\/index.php\/2022\/10\/07\/gamou-abdou-mbow-et-abdoulaye-daouda-diallo-victimes-dun-grave-accident\/\"},\"author\":{\"name\":\"LA REDACTION\",\"@id\":\"https:\/\/www.public.sn\/#\/schema\/person\/e3f4a11b037d4203902db148f9bc8d5a\"},\"headline\":\"Gamou : Abdou Mbow et Abdoulaye Daouda Diallo victimes d\u2019un grave accident.\",\"datePublished\":\"2022-10-07T09:57:40+00:00\",\"dateModified\":\"2022-10-07T09:57:41+00:00\",\"mainEntityOfPage\":{\"@id\":\"https:\/\/www.public.sn\/index.php\/2022\/10\/07\/gamou-abdou-mbow-et-abdoulaye-daouda-diallo-victimes-dun-grave-accident\/\"},\"wordCount\":224,\"commentCount\":0,\"publisher\":{\"@id\":\"https:\/\/www.public.sn\/#organization\"},\"image\":{\"@id\":\"https:\/\/www.public.sn\/index.php\/2022\/10\/07\/gamou-abdou-mbow-et-abdoulaye-daouda-diallo-victimes-dun-grave-accident\/#primaryimage\"},\"thumbnailUrl\":\"https:\/\/www.public.sn\/wp-content\/uploads\/2022\/10\/accident.png\",\"keywords\":[\"Abdou Mbow\",\"Accident\",\"Gamou\"],\"articleSection\":[\"ACTUALIT\u00c9S\",\"FAITS DIVERS\",\"S\u00c9N\u00c9GAL\"],\"inLanguage\":\"fr-FR\",\"potentialAction\":[{\"@type\":\"CommentAction\",\"name\":\"Comment\",\"target\":[\"https:\/\/www.public.sn\/index.php\/2022\/10\/07\/gamou-abdou-mbow-et-abdoulaye-daouda-diallo-victimes-dun-grave-accident\/#respond\"]}]},{\"@type\":\"WebPage\",\"@id\":\"https:\/\/www.public.sn\/index.php\/2022\/10\/07\/gamou-abdou-mbow-et-abdoulaye-daouda-diallo-victimes-dun-grave-accident\/\",\"url\":\"https:\/\/www.public.sn\/index.php\/2022\/10\/07\/gamou-abdou-mbow-et-abdoulaye-daouda-diallo-victimes-dun-grave-accident\/\",\"name\":\"Gamou : Abdou Mbow et Abdoulaye Daouda Diallo victimes d\u2019un grave accident. - LE PUBLIC\",\"isPartOf\":{\"@id\":\"https:\/\/www.public.sn\/#website\"},\"primaryImageOfPage\":{\"@id\":\"https:\/\/www.public.sn\/index.php\/2022\/10\/07\/gamou-abdou-mbow-et-abdoulaye-daouda-diallo-victimes-dun-grave-accident\/#primaryimage\"},\"image\":{\"@id\":\"https:\/\/www.public.sn\/index.php\/2022\/10\/07\/gamou-abdou-mbow-et-abdoulaye-daouda-diallo-victimes-dun-grave-accident\/#primaryimage\"},\"thumbnailUrl\":\"https:\/\/www.public.sn\/wp-content\/uploads\/2022\/10\/accident.png\",\"datePublished\":\"2022-10-07T09:57:40+00:00\",\"dateModified\":\"2022-10-07T09:57:41+00:00\",\"breadcrumb\":{\"@id\":\"https:\/\/www.public.sn\/index.php\/2022\/10\/07\/gamou-abdou-mbow-et-abdoulaye-daouda-diallo-victimes-dun-grave-accident\/#breadcrumb\"},\"inLanguage\":\"fr-FR\",\"potentialAction\":[{\"@type\":\"ReadAction\",\"target\":[\"https:\/\/www.public.sn\/index.php\/2022\/10\/07\/gamou-abdou-mbow-et-abdoulaye-daouda-diallo-victimes-dun-grave-accident\/\"]}]},{\"@type\":\"ImageObject\",\"inLanguage\":\"fr-FR\",\"@id\":\"https:\/\/www.public.sn\/index.php\/2022\/10\/07\/gamou-abdou-mbow-et-abdoulaye-daouda-diallo-victimes-dun-grave-accident\/#primaryimage\",\"url\":\"https:\/\/www.public.sn\/wp-content\/uploads\/2022\/10\/accident.png\",\"contentUrl\":\"https:\/\/www.public.sn\/wp-content\/uploads\/2022\/10\/accident.png\",\"width\":822,\"height\":408},{\"@type\":\"BreadcrumbList\",\"@id\":\"https:\/\/www.public.sn\/index.php\/2022\/10\/07\/gamou-abdou-mbow-et-abdoulaye-daouda-diallo-victimes-dun-grave-accident\/#breadcrumb\",\"itemListElement\":[{\"@type\":\"ListItem\",\"position\":1,\"name\":\"Accueil\",\"item\":\"https:\/\/www.public.sn\/\"},{\"@type\":\"ListItem\",\"position\":2,\"name\":\"Gamou : Abdou Mbow et Abdoulaye Daouda Diallo victimes d\u2019un grave accident.\"}]},{\"@type\":\"WebSite\",\"@id\":\"https:\/\/www.public.sn\/#website\",\"url\":\"https:\/\/www.public.sn\/\",\"name\":\"LE PUBLIC\",\"description\":\"\",\"publisher\":{\"@id\":\"https:\/\/www.public.sn\/#organization\"},\"potentialAction\":[{\"@type\":\"SearchAction\",\"target\":{\"@type\":\"EntryPoint\",\"urlTemplate\":\"https:\/\/www.public.sn\/?s={search_term_string}\"},\"query-input\":{\"@type\":\"PropertyValueSpecification\",\"valueRequired\":true,\"valueName\":\"search_term_string\"}}],\"inLanguage\":\"fr-FR\"},{\"@type\":\"Organization\",\"@id\":\"https:\/\/www.public.sn\/#organization\",\"name\":\"LE PUBLIC\",\"url\":\"https:\/\/www.public.sn\/\",\"logo\":{\"@type\":\"ImageObject\",\"inLanguage\":\"fr-FR\",\"@id\":\"https:\/\/www.public.sn\/#\/schema\/logo\/image\/\",\"url\":\"https:\/\/www.public.sn\/wp-content\/uploads\/2024\/05\/cropped-LOGO-PUBLIC.SN_.png\",\"contentUrl\":\"https:\/\/www.public.sn\/wp-content\/uploads\/2024\/05\/cropped-LOGO-PUBLIC.SN_.png\",\"width\":682,\"height\":192,\"caption\":\"LE PUBLIC\"},\"image\":{\"@id\":\"https:\/\/www.public.sn\/#\/schema\/logo\/image\/\"}},{\"@type\":\"Person\",\"@id\":\"https:\/\/www.public.sn\/#\/schema\/person\/e3f4a11b037d4203902db148f9bc8d5a\",\"name\":\"LA REDACTION\",\"image\":{\"@type\":\"ImageObject\",\"inLanguage\":\"fr-FR\",\"@id\":\"https:\/\/www.public.sn\/#\/schema\/person\/image\/\",\"url\":\"https:\/\/secure.gravatar.com\/avatar\/d6c030db45db2883c075085c5d6c6258654a801a93766b49af0b82d4f454e2a5?s=96&d=mm&r=g\",\"contentUrl\":\"https:\/\/secure.gravatar.com\/avatar\/d6c030db45db2883c075085c5d6c6258654a801a93766b49af0b82d4f454e2a5?s=96&d=mm&r=g\",\"caption\":\"LA REDACTION\"},\"sameAs\":[\"http:\/\/www.public.sn\"],\"url\":\"https:\/\/www.public.sn\/index.php\/author\/admin7324\/\"}]}<\/script>\n<!-- \/ Yoast SEO plugin. -->","yoast_head_json":{"title":"Gamou : Abdou Mbow et Abdoulaye Daouda Diallo victimes d\u2019un grave accident. - LE PUBLIC","robots":{"index":"index","follow":"follow","max-snippet":"max-snippet:-1","max-image-preview":"max-image-preview:large","max-video-preview":"max-video-preview:-1"},"canonical":"https:\/\/www.public.sn\/index.php\/2022\/10\/07\/gamou-abdou-mbow-et-abdoulaye-daouda-diallo-victimes-dun-grave-accident\/","og_locale":"fr_FR","og_type":"article","og_title":"Gamou : Abdou Mbow et Abdoulaye Daouda Diallo victimes d\u2019un grave accident. - LE PUBLIC","og_description":"En partance pour Kaolack dans le cadre du Gamou, le v\u00e9hicule dans lequel \u00e9taient le directeur de cabinet du pr\u00e9sident de la R\u00e9publique Abdoulaye Daouda Diallo et le d\u00e9put\u00e9 Abdou Mbow a subi un accident de la route ce Jeudi vers les coups de 22 Heures sur l\u2019autoroute \u00ab Ila Touba \u00bb L\u2019accident est caus\u00e9 par le stationnement d\u2019un v\u00e9hicule sur le bord de la route. La Land Cruiser a percut\u00e9 de plein fouet le v\u00e9hicule avant de faire plusieurs tonneaux. Toutefois nos confr\u00e8res de l\u2019Observateur renseignent qu\u2019il y a eu plus de peur que de mal. Les occupants ont \u00e9t\u00e9 sauv\u00e9s par le syst\u00e8me des airbags. L\u2019on note toutefois qu\u2019Abdoulaye Daouda Diallo, Abdou Mbow et le chauffeur sont sortis indemnes de l\u2019accident alors que le garde du corps s\u2019est retrouv\u00e9 avec une grave blessure \u00e0 la main. Ils ont \u00e9t\u00e9 transport\u00e9s \u00e0 l\u2019h\u00f4pital r\u00e9gional de Diourbel par le gouverneur de la r\u00e9gion en attendant leur \u00e9vacuation \u00e0 Dakar sur instruction du Pr\u00e9sident Macky Sall. Abdoulaye Daouda Diallo et Abdou Mbow \u00e9taient en partance pour Kaolack pour d\u00e9livrer le message du pr\u00e9sident de la R\u00e9publique \u00e0 l\u2019occasion du Mawlid. Samba SY.","og_url":"https:\/\/www.public.sn\/index.php\/2022\/10\/07\/gamou-abdou-mbow-et-abdoulaye-daouda-diallo-victimes-dun-grave-accident\/","og_site_name":"LE PUBLIC","article_published_time":"2022-10-07T09:57:40+00:00","article_modified_time":"2022-10-07T09:57:41+00:00","og_image":[{"width":822,"height":408,"url":"https:\/\/www.public.sn\/wp-content\/uploads\/2022\/10\/accident.png","type":"image\/png"}],"author":"LA REDACTION","twitter_card":"summary_large_image","twitter_misc":{"\u00c9crit par":"LA REDACTION","Dur\u00e9e de lecture estim\u00e9e":"1 minute"},"schema":{"@context":"https:\/\/schema.org","@graph":[{"@type":"Article","@id":"https:\/\/www.public.sn\/index.php\/2022\/10\/07\/gamou-abdou-mbow-et-abdoulaye-daouda-diallo-victimes-dun-grave-accident\/#article","isPartOf":{"@id":"https:\/\/www.public.sn\/index.php\/2022\/10\/07\/gamou-abdou-mbow-et-abdoulaye-daouda-diallo-victimes-dun-grave-accident\/"},"author":{"name":"LA REDACTION","@id":"https:\/\/www.public.sn\/#\/schema\/person\/e3f4a11b037d4203902db148f9bc8d5a"},"headline":"Gamou : Abdou Mbow et Abdoulaye Daouda Diallo victimes d\u2019un grave accident.","datePublished":"2022-10-07T09:57:40+00:00","dateModified":"2022-10-07T09:57:41+00:00","mainEntityOfPage":{"@id":"https:\/\/www.public.sn\/index.php\/2022\/10\/07\/gamou-abdou-mbow-et-abdoulaye-daouda-diallo-victimes-dun-grave-accident\/"},"wordCount":224,"commentCount":0,"publisher":{"@id":"https:\/\/www.public.sn\/#organization"},"image":{"@id":"https:\/\/www.public.sn\/index.php\/2022\/10\/07\/gamou-abdou-mbow-et-abdoulaye-daouda-diallo-victimes-dun-grave-accident\/#primaryimage"},"thumbnailUrl":"https:\/\/www.public.sn\/wp-content\/uploads\/2022\/10\/accident.png","keywords":["Abdou Mbow","Accident","Gamou"],"articleSection":["ACTUALIT\u00c9S","FAITS DIVERS","S\u00c9N\u00c9GAL"],"inLanguage":"fr-FR","potentialAction":[{"@type":"CommentAction","name":"Comment","target":["https:\/\/www.public.sn\/index.php\/2022\/10\/07\/gamou-abdou-mbow-et-abdoulaye-daouda-diallo-victimes-dun-grave-accident\/#respond"]}]},{"@type":"WebPage","@id":"https:\/\/www.public.sn\/index.php\/2022\/10\/07\/gamou-abdou-mbow-et-abdoulaye-daouda-diallo-victimes-dun-grave-accident\/","url":"https:\/\/www.public.sn\/index.php\/2022\/10\/07\/gamou-abdou-mbow-et-abdoulaye-daouda-diallo-victimes-dun-grave-accident\/","name":"Gamou : Abdou Mbow et Abdoulaye Daouda Diallo victimes d\u2019un grave accident. - LE PUBLIC","isPartOf":{"@id":"https:\/\/www.public.sn\/#website"},"primaryImageOfPage":{"@id":"https:\/\/www.public.sn\/index.php\/2022\/10\/07\/gamou-abdou-mbow-et-abdoulaye-daouda-diallo-victimes-dun-grave-accident\/#primaryimage"},"image":{"@id":"https:\/\/www.public.sn\/index.php\/2022\/10\/07\/gamou-abdou-mbow-et-abdoulaye-daouda-diallo-victimes-dun-grave-accident\/#primaryimage"},"thumbnailUrl":"https:\/\/www.public.sn\/wp-content\/uploads\/2022\/10\/accident.png","datePublished":"2022-10-07T09:57:40+00:00","dateModified":"2022-10-07T09:57:41+00:00","breadcrumb":{"@id":"https:\/\/www.public.sn\/index.php\/2022\/10\/07\/gamou-abdou-mbow-et-abdoulaye-daouda-diallo-victimes-dun-grave-accident\/#breadcrumb"},"inLanguage":"fr-FR","potentialAction":[{"@type":"ReadAction","target":["https:\/\/www.public.sn\/index.php\/2022\/10\/07\/gamou-abdou-mbow-et-abdoulaye-daouda-diallo-victimes-dun-grave-accident\/"]}]},{"@type":"ImageObject","inLanguage":"fr-FR","@id":"https:\/\/www.public.sn\/index.php\/2022\/10\/07\/gamou-abdou-mbow-et-abdoulaye-daouda-diallo-victimes-dun-grave-accident\/#primaryimage","url":"https:\/\/www.public.sn\/wp-content\/uploads\/2022\/10\/accident.png","contentUrl":"https:\/\/www.public.sn\/wp-content\/uploads\/2022\/10\/accident.png","width":822,"height":408},{"@type":"BreadcrumbList","@id":"https:\/\/www.public.sn\/index.php\/2022\/10\/07\/gamou-abdou-mbow-et-abdoulaye-daouda-diallo-victimes-dun-grave-accident\/#breadcrumb","itemListElement":[{"@type":"ListItem","position":1,"name":"Accueil","item":"https:\/\/www.public.sn\/"},{"@type":"ListItem","position":2,"name":"Gamou : Abdou Mbow et Abdoulaye Daouda Diallo victimes d\u2019un grave accident."}]},{"@type":"WebSite","@id":"https:\/\/www.public.sn\/#website","url":"https:\/\/www.public.sn\/","name":"LE PUBLIC","description":"","publisher":{"@id":"https:\/\/www.public.sn\/#organization"},"potentialAction":[{"@type":"SearchAction","target":{"@type":"EntryPoint","urlTemplate":"https:\/\/www.public.sn\/?s={search_term_string}"},"query-input":{"@type":"PropertyValueSpecification","valueRequired":true,"valueName":"search_term_string"}}],"inLanguage":"fr-FR"},{"@type":"Organization","@id":"https:\/\/www.public.sn\/#organization","name":"LE PUBLIC","url":"https:\/\/www.public.sn\/","logo":{"@type":"ImageObject","inLanguage":"fr-FR","@id":"https:\/\/www.public.sn\/#\/schema\/logo\/image\/","url":"https:\/\/www.public.sn\/wp-content\/uploads\/2024\/05\/cropped-LOGO-PUBLIC.SN_.png","contentUrl":"https:\/\/www.public.sn\/wp-content\/uploads\/2024\/05\/cropped-LOGO-PUBLIC.SN_.png","width":682,"height":192,"caption":"LE PUBLIC"},"image":{"@id":"https:\/\/www.public.sn\/#\/schema\/logo\/image\/"}},{"@type":"Person","@id":"https:\/\/www.public.sn\/#\/schema\/person\/e3f4a11b037d4203902db148f9bc8d5a","name":"LA REDACTION","image":{"@type":"ImageObject","inLanguage":"fr-FR","@id":"https:\/\/www.public.sn\/#\/schema\/person\/image\/","url":"https:\/\/secure.gravatar.com\/avatar\/d6c030db45db2883c075085c5d6c6258654a801a93766b49af0b82d4f454e2a5?s=96&d=mm&r=g","contentUrl":"https:\/\/secure.gravatar.com\/avatar\/d6c030db45db2883c075085c5d6c6258654a801a93766b49af0b82d4f454e2a5?s=96&d=mm&r=g","caption":"LA REDACTION"},"sameAs":["http:\/\/www.public.sn"],"url":"https:\/\/www.public.sn\/index.php\/author\/admin7324\/"}]}},"jetpack_featured_media_url":"https:\/\/www.public.sn\/wp-content\/uploads\/2022\/10\/accident.png","jetpack_sharing_enabled":true,"_links":{"self":[{"href":"https:\/\/www.public.sn\/index.php\/wp-json\/wp\/v2\/posts\/3862","targetHints":{"allow":["GET"]}}],"collection":[{"href":"https:\/\/www.public.sn\/index.php\/wp-json\/wp\/v2\/posts"}],"about":[{"href":"https:\/\/www.public.sn\/index.php\/wp-json\/wp\/v2\/types\/post"}],"author":[{"embeddable":true,"href":"https:\/\/www.public.sn\/index.php\/wp-json\/wp\/v2\/users\/1"}],"replies":[{"embeddable":true,"href":"https:\/\/www.public.sn\/index.php\/wp-json\/wp\/v2\/comments?post=3862"}],"version-history":[{"count":2,"href":"https:\/\/www.public.sn\/index.php\/wp-json\/wp\/v2\/posts\/3862\/revisions"}],"predecessor-version":[{"id":3870,"href":"https:\/\/www.public.sn\/index.php\/wp-json\/wp\/v2\/posts\/3862\/revisions\/3870"}],"wp:featuredmedia":[{"embeddable":true,"href":"https:\/\/www.public.sn\/index.php\/wp-json\/wp\/v2\/media\/3869"}],"wp:attachment":[{"href":"https:\/\/www.public.sn\/index.php\/wp-json\/wp\/v2\/media?parent=3862"}],"wp:term":[{"taxonomy":"category","embeddable":true,"href":"https:\/\/www.public.sn\/index.php\/wp-json\/wp\/v2\/categories?post=3862"},{"taxonomy":"post_tag","embeddable":true,"href":"https:\/\/www.public.sn\/index.php\/wp-json\/wp\/v2\/tags?post=3862"}],"curies":[{"name":"wp","href":"https:\/\/api.w.org\/{rel}","templated":true}]}}