{"id":38674,"date":"2026-01-09T10:30:36","date_gmt":"2026-01-09T10:30:36","guid":{"rendered":"https:\/\/www.public.sn\/?p=38674"},"modified":"2026-01-09T10:30:43","modified_gmt":"2026-01-09T10:30:43","slug":"affaire-bineta-mecanicienne-15-prevenus-attendus-au-tribunal-ce-vendredi","status":"publish","type":"post","link":"https:\/\/www.public.sn\/index.php\/2026\/01\/09\/affaire-bineta-mecanicienne-15-prevenus-attendus-au-tribunal-ce-vendredi\/","title":{"rendered":"Affaire Bineta m\u00e9canicienne : 15 pr\u00e9venus attendus au tribunal ce vendredi"},"content":{"rendered":"\n<p><strong>Affaire \u00ab Bineta m\u00e9canicienne \u00bb : 15 pr\u00e9venus, dont des mineurs, jug\u00e9s en flagrant d\u00e9lit ce vendredi<\/strong><\/p><div class=\"publi-paragraphe1\" style=\"margin-top: 10px;margin-bottom: 10px;margin-left: auto;margin-right: auto;text-align: center;\" id=\"publi-2199997484\"><div class=\"publi-adlabel\">Publicit\u00e9<\/div><script async src=\"\/\/pagead2.googlesyndication.com\/pagead\/js\/adsbygoogle.js?client=ca-pub-4089586018074219\" crossorigin=\"anonymous\"><\/script><ins class=\"adsbygoogle\" style=\"display:block;\" data-ad-client=\"ca-pub-4089586018074219\" \ndata-ad-slot=\"2087940154\" \ndata-ad-format=\"auto\"><\/ins>\n<script> \n(adsbygoogle = window.adsbygoogle || []).push({}); \n<\/script>\n<\/div>\n\n\n\n<p>Quinze personnes, parmi lesquelles figurent des mineurs, arr\u00eat\u00e9es \u00e0 Keur Massar et plac\u00e9es sous mandat de d\u00e9p\u00f4t le 6 janvier 2026, compara\u00eetront ce vendredi devant le tribunal en proc\u00e9dure de flagrant d\u00e9lit.<\/p>\n\n\n\n<p>Les mis en cause font face \u00e0 de lourdes accusations : association de malfaiteurs, d\u00e9tournement et incitation de mineurs \u00e0 la d\u00e9bauche, actes contre nature, d\u00e9tention d\u2019armes blanches, violences, escroquerie, ainsi qu\u2019exploitation ill\u00e9gale d\u2019un appartement meubl\u00e9.<\/p>\n\n\n\n<p>Les faits se seraient d\u00e9roul\u00e9s dans un appartement lou\u00e9 \u00e0 Diaksao, pr\u00e9sent\u00e9 comme un lieu de rencontres intimes. Selon les premiers \u00e9l\u00e9ments de l\u2019enqu\u00eate, une commande de drogue de type MDMA, r\u00e9gl\u00e9e via l\u2019application Wave, s\u2019est r\u00e9v\u00e9l\u00e9e \u00eatre du bicarbonate. La supercherie a provoqu\u00e9 une violente altercation impliquant plusieurs individus arm\u00e9s de couteaux.<\/p>\n\n\n\n<p>Alert\u00e9s, les gendarmes sont rapidement intervenus et ont interpell\u00e9 15 personnes sur place, tandis que le pr\u00e9sum\u00e9 livreur de la substance illicite a pris la fuite.<\/p>\n\n\n\n<p>Les investigations ont \u00e9galement r\u00e9v\u00e9l\u00e9 l\u2019existence de pratiques homosexuelles, \u00e0 travers des images retrouv\u00e9es sur un t\u00e9l\u00e9phone portable saisi. Par ailleurs, l\u2019enqu\u00eate pointe de graves manquements imput\u00e9s au propri\u00e9taire et \u00e0 un pharmacien, qui exploitaient l\u2019appartement sans autorisation administrative requise.<\/p>\n<div class=\"publi-apres-le-contenu\" style=\"margin-top: 10px;margin-bottom: 10px;margin-left: auto;margin-right: auto;text-align: center;\" id=\"publi-658753546\"><div class=\"publi-adlabel\">Publicit\u00e9<\/div><script async src=\"\/\/pagead2.googlesyndication.com\/pagead\/js\/adsbygoogle.js?client=ca-pub-4089586018074219\" crossorigin=\"anonymous\"><\/script><ins class=\"adsbygoogle\" style=\"display:block;\" data-ad-client=\"ca-pub-4089586018074219\" \ndata-ad-slot=\"2087940154\" \ndata-ad-format=\"auto\"><\/ins>\n<script> \n(adsbygoogle = window.adsbygoogle || []).push({}); \n<\/script>\n<\/div>","protected":false},"excerpt":{"rendered":"<p>Affaire \u00ab Bineta m\u00e9canicienne \u00bb : 15 pr\u00e9venus, dont des mineurs, jug\u00e9s en flagrant d\u00e9lit ce vendredi Quinze personnes, parmi lesquelles figurent des mineurs, arr\u00eat\u00e9es \u00e0 Keur Massar et plac\u00e9es sous mandat de d\u00e9p\u00f4t le 6 janvier 2026, compara\u00eetront ce vendredi devant le tribunal en proc\u00e9dure de flagrant d\u00e9lit. Les mis en cause font face \u00e0 de lourdes accusations : association de malfaiteurs, d\u00e9tournement et incitation de mineurs \u00e0 la d\u00e9bauche, actes contre nature, d\u00e9tention d\u2019armes blanches, violences, escroquerie, ainsi qu\u2019exploitation ill\u00e9gale d\u2019un appartement meubl\u00e9. Les faits se seraient d\u00e9roul\u00e9s dans un appartement lou\u00e9 \u00e0 Diaksao, pr\u00e9sent\u00e9 comme un lieu de rencontres intimes. Selon les premiers \u00e9l\u00e9ments de l\u2019enqu\u00eate, une commande de drogue de type MDMA, r\u00e9gl\u00e9e via l\u2019application Wave, s\u2019est r\u00e9v\u00e9l\u00e9e \u00eatre du bicarbonate. La supercherie a provoqu\u00e9 une violente altercation impliquant plusieurs individus arm\u00e9s de couteaux. Alert\u00e9s, les gendarmes sont rapidement intervenus et ont interpell\u00e9 15 personnes sur place, tandis que le pr\u00e9sum\u00e9 livreur de la substance illicite a pris la fuite. Les investigations ont \u00e9galement r\u00e9v\u00e9l\u00e9 l\u2019existence de pratiques homosexuelles, \u00e0 travers des images retrouv\u00e9es sur un t\u00e9l\u00e9phone portable saisi. Par ailleurs, l\u2019enqu\u00eate pointe de graves manquements imput\u00e9s au propri\u00e9taire et \u00e0 un pharmacien, qui exploitaient l\u2019appartement sans autorisation administrative requise.<\/p>\n","protected":false},"author":7,"featured_media":38676,"comment_status":"open","ping_status":"open","sticky":false,"template":"","format":"standard","meta":{"_jetpack_memberships_contains_paid_content":false,"footnotes":""},"categories":[375,379,3724,4],"tags":[8053,131],"class_list":["post-38674","post","type-post","status-publish","format-standard","has-post-thumbnail","hentry","category-actualites","category-faits-divers","category-justice","category-societe","tag-affaire-bineta-mecanicienne-15-prevenus-attendus-au-tribunal-ce-vendredi","tag-tribunal","entry","has-media","owp-thumbs-layout-horizontal","owp-btn-normal","owp-tabs-layout-horizontal","has-no-thumbnails","has-product-nav"],"yoast_head":"<!-- This site is optimized with the Yoast SEO plugin v25.5 - https:\/\/yoast.com\/wordpress\/plugins\/seo\/ -->\n<title>Affaire Bineta m\u00e9canicienne : 15 pr\u00e9venus attendus au tribunal ce vendredi - LE PUBLIC<\/title>\n<meta name=\"robots\" content=\"index, follow, max-snippet:-1, max-image-preview:large, max-video-preview:-1\" \/>\n<link rel=\"canonical\" href=\"https:\/\/www.public.sn\/index.php\/2026\/01\/09\/affaire-bineta-mecanicienne-15-prevenus-attendus-au-tribunal-ce-vendredi\/\" \/>\n<meta property=\"og:locale\" content=\"fr_FR\" \/>\n<meta property=\"og:type\" content=\"article\" \/>\n<meta property=\"og:title\" content=\"Affaire Bineta m\u00e9canicienne : 15 pr\u00e9venus attendus au tribunal ce vendredi - LE PUBLIC\" \/>\n<meta property=\"og:description\" content=\"Affaire \u00ab Bineta m\u00e9canicienne \u00bb : 15 pr\u00e9venus, dont des mineurs, jug\u00e9s en flagrant d\u00e9lit ce vendredi Quinze personnes, parmi lesquelles figurent des mineurs, arr\u00eat\u00e9es \u00e0 Keur Massar et plac\u00e9es sous mandat de d\u00e9p\u00f4t le 6 janvier 2026, compara\u00eetront ce vendredi devant le tribunal en proc\u00e9dure de flagrant d\u00e9lit. Les mis en cause font face \u00e0 de lourdes accusations : association de malfaiteurs, d\u00e9tournement et incitation de mineurs \u00e0 la d\u00e9bauche, actes contre nature, d\u00e9tention d\u2019armes blanches, violences, escroquerie, ainsi qu\u2019exploitation ill\u00e9gale d\u2019un appartement meubl\u00e9. Les faits se seraient d\u00e9roul\u00e9s dans un appartement lou\u00e9 \u00e0 Diaksao, pr\u00e9sent\u00e9 comme un lieu de rencontres intimes. Selon les premiers \u00e9l\u00e9ments de l\u2019enqu\u00eate, une commande de drogue de type MDMA, r\u00e9gl\u00e9e via l\u2019application Wave, s\u2019est r\u00e9v\u00e9l\u00e9e \u00eatre du bicarbonate. La supercherie a provoqu\u00e9 une violente altercation impliquant plusieurs individus arm\u00e9s de couteaux. Alert\u00e9s, les gendarmes sont rapidement intervenus et ont interpell\u00e9 15 personnes sur place, tandis que le pr\u00e9sum\u00e9 livreur de la substance illicite a pris la fuite. Les investigations ont \u00e9galement r\u00e9v\u00e9l\u00e9 l\u2019existence de pratiques homosexuelles, \u00e0 travers des images retrouv\u00e9es sur un t\u00e9l\u00e9phone portable saisi. Par ailleurs, l\u2019enqu\u00eate pointe de graves manquements imput\u00e9s au propri\u00e9taire et \u00e0 un pharmacien, qui exploitaient l\u2019appartement sans autorisation administrative requise.\" \/>\n<meta property=\"og:url\" content=\"https:\/\/www.public.sn\/index.php\/2026\/01\/09\/affaire-bineta-mecanicienne-15-prevenus-attendus-au-tribunal-ce-vendredi\/\" \/>\n<meta property=\"og:site_name\" content=\"LE PUBLIC\" \/>\n<meta property=\"article:published_time\" content=\"2026-01-09T10:30:36+00:00\" \/>\n<meta property=\"article:modified_time\" content=\"2026-01-09T10:30:43+00:00\" \/>\n<meta property=\"og:image\" content=\"https:\/\/www.public.sn\/wp-content\/uploads\/2026\/01\/Capture-decran-2026-01-09-a-10.28.33.png\" \/>\n\t<meta property=\"og:image:width\" content=\"756\" \/>\n\t<meta property=\"og:image:height\" content=\"479\" \/>\n\t<meta property=\"og:image:type\" content=\"image\/png\" \/>\n<meta name=\"author\" content=\"LA REDACTION\" \/>\n<meta name=\"twitter:card\" content=\"summary_large_image\" \/>\n<meta name=\"twitter:label1\" content=\"\u00c9crit par\" \/>\n\t<meta name=\"twitter:data1\" content=\"LA REDACTION\" \/>\n\t<meta name=\"twitter:label2\" content=\"Dur\u00e9e de lecture estim\u00e9e\" \/>\n\t<meta name=\"twitter:data2\" content=\"2 minutes\" \/>\n<script type=\"application\/ld+json\" class=\"yoast-schema-graph\">{\"@context\":\"https:\/\/schema.org\",\"@graph\":[{\"@type\":\"Article\",\"@id\":\"https:\/\/www.public.sn\/index.php\/2026\/01\/09\/affaire-bineta-mecanicienne-15-prevenus-attendus-au-tribunal-ce-vendredi\/#article\",\"isPartOf\":{\"@id\":\"https:\/\/www.public.sn\/index.php\/2026\/01\/09\/affaire-bineta-mecanicienne-15-prevenus-attendus-au-tribunal-ce-vendredi\/\"},\"author\":{\"name\":\"LA REDACTION\",\"@id\":\"https:\/\/www.public.sn\/#\/schema\/person\/cb76c8e1b8becc6be61fb5e92d6d0224\"},\"headline\":\"Affaire Bineta m\u00e9canicienne : 15 pr\u00e9venus attendus au tribunal ce vendredi\",\"datePublished\":\"2026-01-09T10:30:36+00:00\",\"dateModified\":\"2026-01-09T10:30:43+00:00\",\"mainEntityOfPage\":{\"@id\":\"https:\/\/www.public.sn\/index.php\/2026\/01\/09\/affaire-bineta-mecanicienne-15-prevenus-attendus-au-tribunal-ce-vendredi\/\"},\"wordCount\":247,\"commentCount\":0,\"publisher\":{\"@id\":\"https:\/\/www.public.sn\/#organization\"},\"image\":{\"@id\":\"https:\/\/www.public.sn\/index.php\/2026\/01\/09\/affaire-bineta-mecanicienne-15-prevenus-attendus-au-tribunal-ce-vendredi\/#primaryimage\"},\"thumbnailUrl\":\"https:\/\/www.public.sn\/wp-content\/uploads\/2026\/01\/Capture-decran-2026-01-09-a-10.28.33.png\",\"keywords\":[\"Affaire Bineta m\u00e9canicienne : 15 pr\u00e9venus attendus au tribunal ce vendredi\",\"Tribunal\"],\"articleSection\":[\"ACTUALIT\u00c9S\",\"FAITS DIVERS\",\"justice\",\"SOCIETE\"],\"inLanguage\":\"fr-FR\",\"potentialAction\":[{\"@type\":\"CommentAction\",\"name\":\"Comment\",\"target\":[\"https:\/\/www.public.sn\/index.php\/2026\/01\/09\/affaire-bineta-mecanicienne-15-prevenus-attendus-au-tribunal-ce-vendredi\/#respond\"]}]},{\"@type\":\"WebPage\",\"@id\":\"https:\/\/www.public.sn\/index.php\/2026\/01\/09\/affaire-bineta-mecanicienne-15-prevenus-attendus-au-tribunal-ce-vendredi\/\",\"url\":\"https:\/\/www.public.sn\/index.php\/2026\/01\/09\/affaire-bineta-mecanicienne-15-prevenus-attendus-au-tribunal-ce-vendredi\/\",\"name\":\"Affaire Bineta m\u00e9canicienne : 15 pr\u00e9venus attendus au tribunal ce vendredi - LE PUBLIC\",\"isPartOf\":{\"@id\":\"https:\/\/www.public.sn\/#website\"},\"primaryImageOfPage\":{\"@id\":\"https:\/\/www.public.sn\/index.php\/2026\/01\/09\/affaire-bineta-mecanicienne-15-prevenus-attendus-au-tribunal-ce-vendredi\/#primaryimage\"},\"image\":{\"@id\":\"https:\/\/www.public.sn\/index.php\/2026\/01\/09\/affaire-bineta-mecanicienne-15-prevenus-attendus-au-tribunal-ce-vendredi\/#primaryimage\"},\"thumbnailUrl\":\"https:\/\/www.public.sn\/wp-content\/uploads\/2026\/01\/Capture-decran-2026-01-09-a-10.28.33.png\",\"datePublished\":\"2026-01-09T10:30:36+00:00\",\"dateModified\":\"2026-01-09T10:30:43+00:00\",\"breadcrumb\":{\"@id\":\"https:\/\/www.public.sn\/index.php\/2026\/01\/09\/affaire-bineta-mecanicienne-15-prevenus-attendus-au-tribunal-ce-vendredi\/#breadcrumb\"},\"inLanguage\":\"fr-FR\",\"potentialAction\":[{\"@type\":\"ReadAction\",\"target\":[\"https:\/\/www.public.sn\/index.php\/2026\/01\/09\/affaire-bineta-mecanicienne-15-prevenus-attendus-au-tribunal-ce-vendredi\/\"]}]},{\"@type\":\"ImageObject\",\"inLanguage\":\"fr-FR\",\"@id\":\"https:\/\/www.public.sn\/index.php\/2026\/01\/09\/affaire-bineta-mecanicienne-15-prevenus-attendus-au-tribunal-ce-vendredi\/#primaryimage\",\"url\":\"https:\/\/www.public.sn\/wp-content\/uploads\/2026\/01\/Capture-decran-2026-01-09-a-10.28.33.png\",\"contentUrl\":\"https:\/\/www.public.sn\/wp-content\/uploads\/2026\/01\/Capture-decran-2026-01-09-a-10.28.33.png\",\"width\":756,\"height\":479},{\"@type\":\"BreadcrumbList\",\"@id\":\"https:\/\/www.public.sn\/index.php\/2026\/01\/09\/affaire-bineta-mecanicienne-15-prevenus-attendus-au-tribunal-ce-vendredi\/#breadcrumb\",\"itemListElement\":[{\"@type\":\"ListItem\",\"position\":1,\"name\":\"Accueil\",\"item\":\"https:\/\/www.public.sn\/\"},{\"@type\":\"ListItem\",\"position\":2,\"name\":\"Affaire Bineta m\u00e9canicienne : 15 pr\u00e9venus attendus au tribunal ce vendredi\"}]},{\"@type\":\"WebSite\",\"@id\":\"https:\/\/www.public.sn\/#website\",\"url\":\"https:\/\/www.public.sn\/\",\"name\":\"LE PUBLIC\",\"description\":\"\",\"publisher\":{\"@id\":\"https:\/\/www.public.sn\/#organization\"},\"potentialAction\":[{\"@type\":\"SearchAction\",\"target\":{\"@type\":\"EntryPoint\",\"urlTemplate\":\"https:\/\/www.public.sn\/?s={search_term_string}\"},\"query-input\":{\"@type\":\"PropertyValueSpecification\",\"valueRequired\":true,\"valueName\":\"search_term_string\"}}],\"inLanguage\":\"fr-FR\"},{\"@type\":\"Organization\",\"@id\":\"https:\/\/www.public.sn\/#organization\",\"name\":\"LE PUBLIC\",\"url\":\"https:\/\/www.public.sn\/\",\"logo\":{\"@type\":\"ImageObject\",\"inLanguage\":\"fr-FR\",\"@id\":\"https:\/\/www.public.sn\/#\/schema\/logo\/image\/\",\"url\":\"https:\/\/www.public.sn\/wp-content\/uploads\/2024\/05\/cropped-LOGO-PUBLIC.SN_.png\",\"contentUrl\":\"https:\/\/www.public.sn\/wp-content\/uploads\/2024\/05\/cropped-LOGO-PUBLIC.SN_.png\",\"width\":682,\"height\":192,\"caption\":\"LE PUBLIC\"},\"image\":{\"@id\":\"https:\/\/www.public.sn\/#\/schema\/logo\/image\/\"}},{\"@type\":\"Person\",\"@id\":\"https:\/\/www.public.sn\/#\/schema\/person\/cb76c8e1b8becc6be61fb5e92d6d0224\",\"name\":\"LA REDACTION\",\"image\":{\"@type\":\"ImageObject\",\"inLanguage\":\"fr-FR\",\"@id\":\"https:\/\/www.public.sn\/#\/schema\/person\/image\/\",\"url\":\"https:\/\/secure.gravatar.com\/avatar\/2dce5ddd34b8fef0180efe03aa2a9bee7d953856048f9a16b298190a3178407c?s=96&d=mm&r=g\",\"contentUrl\":\"https:\/\/secure.gravatar.com\/avatar\/2dce5ddd34b8fef0180efe03aa2a9bee7d953856048f9a16b298190a3178407c?s=96&d=mm&r=g\",\"caption\":\"LA REDACTION\"},\"url\":\"https:\/\/www.public.sn\/index.php\/author\/editeurpsn\/\"}]}<\/script>\n<!-- \/ Yoast SEO plugin. -->","yoast_head_json":{"title":"Affaire Bineta m\u00e9canicienne : 15 pr\u00e9venus attendus au tribunal ce vendredi - LE PUBLIC","robots":{"index":"index","follow":"follow","max-snippet":"max-snippet:-1","max-image-preview":"max-image-preview:large","max-video-preview":"max-video-preview:-1"},"canonical":"https:\/\/www.public.sn\/index.php\/2026\/01\/09\/affaire-bineta-mecanicienne-15-prevenus-attendus-au-tribunal-ce-vendredi\/","og_locale":"fr_FR","og_type":"article","og_title":"Affaire Bineta m\u00e9canicienne : 15 pr\u00e9venus attendus au tribunal ce vendredi - LE PUBLIC","og_description":"Affaire \u00ab Bineta m\u00e9canicienne \u00bb : 15 pr\u00e9venus, dont des mineurs, jug\u00e9s en flagrant d\u00e9lit ce vendredi Quinze personnes, parmi lesquelles figurent des mineurs, arr\u00eat\u00e9es \u00e0 Keur Massar et plac\u00e9es sous mandat de d\u00e9p\u00f4t le 6 janvier 2026, compara\u00eetront ce vendredi devant le tribunal en proc\u00e9dure de flagrant d\u00e9lit. Les mis en cause font face \u00e0 de lourdes accusations : association de malfaiteurs, d\u00e9tournement et incitation de mineurs \u00e0 la d\u00e9bauche, actes contre nature, d\u00e9tention d\u2019armes blanches, violences, escroquerie, ainsi qu\u2019exploitation ill\u00e9gale d\u2019un appartement meubl\u00e9. Les faits se seraient d\u00e9roul\u00e9s dans un appartement lou\u00e9 \u00e0 Diaksao, pr\u00e9sent\u00e9 comme un lieu de rencontres intimes. Selon les premiers \u00e9l\u00e9ments de l\u2019enqu\u00eate, une commande de drogue de type MDMA, r\u00e9gl\u00e9e via l\u2019application Wave, s\u2019est r\u00e9v\u00e9l\u00e9e \u00eatre du bicarbonate. La supercherie a provoqu\u00e9 une violente altercation impliquant plusieurs individus arm\u00e9s de couteaux. Alert\u00e9s, les gendarmes sont rapidement intervenus et ont interpell\u00e9 15 personnes sur place, tandis que le pr\u00e9sum\u00e9 livreur de la substance illicite a pris la fuite. Les investigations ont \u00e9galement r\u00e9v\u00e9l\u00e9 l\u2019existence de pratiques homosexuelles, \u00e0 travers des images retrouv\u00e9es sur un t\u00e9l\u00e9phone portable saisi. Par ailleurs, l\u2019enqu\u00eate pointe de graves manquements imput\u00e9s au propri\u00e9taire et \u00e0 un pharmacien, qui exploitaient l\u2019appartement sans autorisation administrative requise.","og_url":"https:\/\/www.public.sn\/index.php\/2026\/01\/09\/affaire-bineta-mecanicienne-15-prevenus-attendus-au-tribunal-ce-vendredi\/","og_site_name":"LE PUBLIC","article_published_time":"2026-01-09T10:30:36+00:00","article_modified_time":"2026-01-09T10:30:43+00:00","og_image":[{"width":756,"height":479,"url":"https:\/\/www.public.sn\/wp-content\/uploads\/2026\/01\/Capture-decran-2026-01-09-a-10.28.33.png","type":"image\/png"}],"author":"LA REDACTION","twitter_card":"summary_large_image","twitter_misc":{"\u00c9crit par":"LA REDACTION","Dur\u00e9e de lecture estim\u00e9e":"2 minutes"},"schema":{"@context":"https:\/\/schema.org","@graph":[{"@type":"Article","@id":"https:\/\/www.public.sn\/index.php\/2026\/01\/09\/affaire-bineta-mecanicienne-15-prevenus-attendus-au-tribunal-ce-vendredi\/#article","isPartOf":{"@id":"https:\/\/www.public.sn\/index.php\/2026\/01\/09\/affaire-bineta-mecanicienne-15-prevenus-attendus-au-tribunal-ce-vendredi\/"},"author":{"name":"LA REDACTION","@id":"https:\/\/www.public.sn\/#\/schema\/person\/cb76c8e1b8becc6be61fb5e92d6d0224"},"headline":"Affaire Bineta m\u00e9canicienne : 15 pr\u00e9venus attendus au tribunal ce vendredi","datePublished":"2026-01-09T10:30:36+00:00","dateModified":"2026-01-09T10:30:43+00:00","mainEntityOfPage":{"@id":"https:\/\/www.public.sn\/index.php\/2026\/01\/09\/affaire-bineta-mecanicienne-15-prevenus-attendus-au-tribunal-ce-vendredi\/"},"wordCount":247,"commentCount":0,"publisher":{"@id":"https:\/\/www.public.sn\/#organization"},"image":{"@id":"https:\/\/www.public.sn\/index.php\/2026\/01\/09\/affaire-bineta-mecanicienne-15-prevenus-attendus-au-tribunal-ce-vendredi\/#primaryimage"},"thumbnailUrl":"https:\/\/www.public.sn\/wp-content\/uploads\/2026\/01\/Capture-decran-2026-01-09-a-10.28.33.png","keywords":["Affaire Bineta m\u00e9canicienne : 15 pr\u00e9venus attendus au tribunal ce vendredi","Tribunal"],"articleSection":["ACTUALIT\u00c9S","FAITS DIVERS","justice","SOCIETE"],"inLanguage":"fr-FR","potentialAction":[{"@type":"CommentAction","name":"Comment","target":["https:\/\/www.public.sn\/index.php\/2026\/01\/09\/affaire-bineta-mecanicienne-15-prevenus-attendus-au-tribunal-ce-vendredi\/#respond"]}]},{"@type":"WebPage","@id":"https:\/\/www.public.sn\/index.php\/2026\/01\/09\/affaire-bineta-mecanicienne-15-prevenus-attendus-au-tribunal-ce-vendredi\/","url":"https:\/\/www.public.sn\/index.php\/2026\/01\/09\/affaire-bineta-mecanicienne-15-prevenus-attendus-au-tribunal-ce-vendredi\/","name":"Affaire Bineta m\u00e9canicienne : 15 pr\u00e9venus attendus au tribunal ce vendredi - LE PUBLIC","isPartOf":{"@id":"https:\/\/www.public.sn\/#website"},"primaryImageOfPage":{"@id":"https:\/\/www.public.sn\/index.php\/2026\/01\/09\/affaire-bineta-mecanicienne-15-prevenus-attendus-au-tribunal-ce-vendredi\/#primaryimage"},"image":{"@id":"https:\/\/www.public.sn\/index.php\/2026\/01\/09\/affaire-bineta-mecanicienne-15-prevenus-attendus-au-tribunal-ce-vendredi\/#primaryimage"},"thumbnailUrl":"https:\/\/www.public.sn\/wp-content\/uploads\/2026\/01\/Capture-decran-2026-01-09-a-10.28.33.png","datePublished":"2026-01-09T10:30:36+00:00","dateModified":"2026-01-09T10:30:43+00:00","breadcrumb":{"@id":"https:\/\/www.public.sn\/index.php\/2026\/01\/09\/affaire-bineta-mecanicienne-15-prevenus-attendus-au-tribunal-ce-vendredi\/#breadcrumb"},"inLanguage":"fr-FR","potentialAction":[{"@type":"ReadAction","target":["https:\/\/www.public.sn\/index.php\/2026\/01\/09\/affaire-bineta-mecanicienne-15-prevenus-attendus-au-tribunal-ce-vendredi\/"]}]},{"@type":"ImageObject","inLanguage":"fr-FR","@id":"https:\/\/www.public.sn\/index.php\/2026\/01\/09\/affaire-bineta-mecanicienne-15-prevenus-attendus-au-tribunal-ce-vendredi\/#primaryimage","url":"https:\/\/www.public.sn\/wp-content\/uploads\/2026\/01\/Capture-decran-2026-01-09-a-10.28.33.png","contentUrl":"https:\/\/www.public.sn\/wp-content\/uploads\/2026\/01\/Capture-decran-2026-01-09-a-10.28.33.png","width":756,"height":479},{"@type":"BreadcrumbList","@id":"https:\/\/www.public.sn\/index.php\/2026\/01\/09\/affaire-bineta-mecanicienne-15-prevenus-attendus-au-tribunal-ce-vendredi\/#breadcrumb","itemListElement":[{"@type":"ListItem","position":1,"name":"Accueil","item":"https:\/\/www.public.sn\/"},{"@type":"ListItem","position":2,"name":"Affaire Bineta m\u00e9canicienne : 15 pr\u00e9venus attendus au tribunal ce vendredi"}]},{"@type":"WebSite","@id":"https:\/\/www.public.sn\/#website","url":"https:\/\/www.public.sn\/","name":"LE PUBLIC","description":"","publisher":{"@id":"https:\/\/www.public.sn\/#organization"},"potentialAction":[{"@type":"SearchAction","target":{"@type":"EntryPoint","urlTemplate":"https:\/\/www.public.sn\/?s={search_term_string}"},"query-input":{"@type":"PropertyValueSpecification","valueRequired":true,"valueName":"search_term_string"}}],"inLanguage":"fr-FR"},{"@type":"Organization","@id":"https:\/\/www.public.sn\/#organization","name":"LE PUBLIC","url":"https:\/\/www.public.sn\/","logo":{"@type":"ImageObject","inLanguage":"fr-FR","@id":"https:\/\/www.public.sn\/#\/schema\/logo\/image\/","url":"https:\/\/www.public.sn\/wp-content\/uploads\/2024\/05\/cropped-LOGO-PUBLIC.SN_.png","contentUrl":"https:\/\/www.public.sn\/wp-content\/uploads\/2024\/05\/cropped-LOGO-PUBLIC.SN_.png","width":682,"height":192,"caption":"LE PUBLIC"},"image":{"@id":"https:\/\/www.public.sn\/#\/schema\/logo\/image\/"}},{"@type":"Person","@id":"https:\/\/www.public.sn\/#\/schema\/person\/cb76c8e1b8becc6be61fb5e92d6d0224","name":"LA REDACTION","image":{"@type":"ImageObject","inLanguage":"fr-FR","@id":"https:\/\/www.public.sn\/#\/schema\/person\/image\/","url":"https:\/\/secure.gravatar.com\/avatar\/2dce5ddd34b8fef0180efe03aa2a9bee7d953856048f9a16b298190a3178407c?s=96&d=mm&r=g","contentUrl":"https:\/\/secure.gravatar.com\/avatar\/2dce5ddd34b8fef0180efe03aa2a9bee7d953856048f9a16b298190a3178407c?s=96&d=mm&r=g","caption":"LA REDACTION"},"url":"https:\/\/www.public.sn\/index.php\/author\/editeurpsn\/"}]}},"jetpack_featured_media_url":"https:\/\/www.public.sn\/wp-content\/uploads\/2026\/01\/Capture-decran-2026-01-09-a-10.28.33.png","jetpack_sharing_enabled":true,"_links":{"self":[{"href":"https:\/\/www.public.sn\/index.php\/wp-json\/wp\/v2\/posts\/38674","targetHints":{"allow":["GET"]}}],"collection":[{"href":"https:\/\/www.public.sn\/index.php\/wp-json\/wp\/v2\/posts"}],"about":[{"href":"https:\/\/www.public.sn\/index.php\/wp-json\/wp\/v2\/types\/post"}],"author":[{"embeddable":true,"href":"https:\/\/www.public.sn\/index.php\/wp-json\/wp\/v2\/users\/7"}],"replies":[{"embeddable":true,"href":"https:\/\/www.public.sn\/index.php\/wp-json\/wp\/v2\/comments?post=38674"}],"version-history":[{"count":1,"href":"https:\/\/www.public.sn\/index.php\/wp-json\/wp\/v2\/posts\/38674\/revisions"}],"predecessor-version":[{"id":38677,"href":"https:\/\/www.public.sn\/index.php\/wp-json\/wp\/v2\/posts\/38674\/revisions\/38677"}],"wp:featuredmedia":[{"embeddable":true,"href":"https:\/\/www.public.sn\/index.php\/wp-json\/wp\/v2\/media\/38676"}],"wp:attachment":[{"href":"https:\/\/www.public.sn\/index.php\/wp-json\/wp\/v2\/media?parent=38674"}],"wp:term":[{"taxonomy":"category","embeddable":true,"href":"https:\/\/www.public.sn\/index.php\/wp-json\/wp\/v2\/categories?post=38674"},{"taxonomy":"post_tag","embeddable":true,"href":"https:\/\/www.public.sn\/index.php\/wp-json\/wp\/v2\/tags?post=38674"}],"curies":[{"name":"wp","href":"https:\/\/api.w.org\/{rel}","templated":true}]}}