{"id":38678,"date":"2026-01-09T19:44:12","date_gmt":"2026-01-09T19:44:12","guid":{"rendered":"https:\/\/www.public.sn\/?p=38678"},"modified":"2026-01-09T19:44:21","modified_gmt":"2026-01-09T19:44:21","slug":"rdc-larmee-et-le-m23-de-nouveau-engages-dans-de-violents-affrontements","status":"publish","type":"post","link":"https:\/\/www.public.sn\/index.php\/2026\/01\/09\/rdc-larmee-et-le-m23-de-nouveau-engages-dans-de-violents-affrontements\/","title":{"rendered":"RDC : l\u2019arm\u00e9e et le M23 de nouveau engag\u00e9s dans de violents affrontements"},"content":{"rendered":"\n<p><strong>RDC : de nouveaux affrontements opposent l\u2019arm\u00e9e congolaise et ses alli\u00e9s au M23<\/strong><\/p><div class=\"publi-paragraphe1\" style=\"margin-top: 10px;margin-bottom: 10px;margin-left: auto;margin-right: auto;text-align: center;\" id=\"publi-2783199015\"><div class=\"publi-adlabel\">Publicit\u00e9<\/div><script async src=\"\/\/pagead2.googlesyndication.com\/pagead\/js\/adsbygoogle.js?client=ca-pub-4089586018074219\" crossorigin=\"anonymous\"><\/script><ins class=\"adsbygoogle\" style=\"display:block;\" data-ad-client=\"ca-pub-4089586018074219\" \ndata-ad-slot=\"2087940154\" \ndata-ad-format=\"auto\"><\/ins>\n<script> \n(adsbygoogle = window.adsbygoogle || []).push({}); \n<\/script>\n<\/div>\n\n\n\n<p>De violents combats ont de nouveau \u00e9clat\u00e9 samedi entre les Forces arm\u00e9es de la RDC (FARDC), appuy\u00e9es par les Wazalendo, et les rebelles de l\u2019AFC\/M23, alli\u00e9s au groupe Twirwaneho et soutenus par le Rwanda.<\/p>\n\n\n\n<p>Selon plusieurs rapports des Nations unies, les affrontements ont principalement eu lieu \u00e0 Kigongo et dans d\u2019autres localit\u00e9s p\u00e9riph\u00e9riques. Des d\u00e9tonations ont \u00e9t\u00e9 entendues jusque dans la ville d\u2019Uvira, plongeant la population dans la crainte.<\/p>\n\n\n\n<p>Des t\u00e9moins rapportent des tirs nourris et de fortes explosions dans les moyens plateaux d\u2019Uvira, signe d\u2019une intensification des combats.<\/p>\n\n\n\n<p>Ce regain de tension a provoqu\u00e9 des d\u00e9placements de populations dans plusieurs zones touch\u00e9es, aggravant une situation humanitaire d\u00e9j\u00e0 pr\u00e9caire.<\/p>\n\n\n\n<p>Face \u00e0 l\u2019escalade, les habitants r\u00e9clament la cessation imm\u00e9diate des hostilit\u00e9s et appellent au respect des accords de paix conclus fin 2025 entre les autorit\u00e9s congolaises et rwandaises.<\/p>\n\n\n\n<p>La soci\u00e9t\u00e9 civile d\u00e9nonce par ailleurs d\u2019importants d\u00e9g\u00e2ts mat\u00e9riels, notamment la destruction de nombreuses infrastructures sanitaires et scolaires lors de ces r\u00e9cents affrontements.<\/p>\n<div class=\"publi-apres-le-contenu\" style=\"margin-top: 10px;margin-bottom: 10px;margin-left: auto;margin-right: auto;text-align: center;\" id=\"publi-1425259800\"><div class=\"publi-adlabel\">Publicit\u00e9<\/div><script async src=\"\/\/pagead2.googlesyndication.com\/pagead\/js\/adsbygoogle.js?client=ca-pub-4089586018074219\" crossorigin=\"anonymous\"><\/script><ins class=\"adsbygoogle\" style=\"display:block;\" data-ad-client=\"ca-pub-4089586018074219\" \ndata-ad-slot=\"2087940154\" \ndata-ad-format=\"auto\"><\/ins>\n<script> \n(adsbygoogle = window.adsbygoogle || []).push({}); \n<\/script>\n<\/div>","protected":false},"excerpt":{"rendered":"<p>RDC : de nouveaux affrontements opposent l\u2019arm\u00e9e congolaise et ses alli\u00e9s au M23 De violents combats ont de nouveau \u00e9clat\u00e9 samedi entre les Forces arm\u00e9es de la RDC (FARDC), appuy\u00e9es par les Wazalendo, et les rebelles de l\u2019AFC\/M23, alli\u00e9s au groupe Twirwaneho et soutenus par le Rwanda. Selon plusieurs rapports des Nations unies, les affrontements ont principalement eu lieu \u00e0 Kigongo et dans d\u2019autres localit\u00e9s p\u00e9riph\u00e9riques. Des d\u00e9tonations ont \u00e9t\u00e9 entendues jusque dans la ville d\u2019Uvira, plongeant la population dans la crainte. Des t\u00e9moins rapportent des tirs nourris et de fortes explosions dans les moyens plateaux d\u2019Uvira, signe d\u2019une intensification des combats. Ce regain de tension a provoqu\u00e9 des d\u00e9placements de populations dans plusieurs zones touch\u00e9es, aggravant une situation humanitaire d\u00e9j\u00e0 pr\u00e9caire. Face \u00e0 l\u2019escalade, les habitants r\u00e9clament la cessation imm\u00e9diate des hostilit\u00e9s et appellent au respect des accords de paix conclus fin 2025 entre les autorit\u00e9s congolaises et rwandaises. La soci\u00e9t\u00e9 civile d\u00e9nonce par ailleurs d\u2019importants d\u00e9g\u00e2ts mat\u00e9riels, notamment la destruction de nombreuses infrastructures sanitaires et scolaires lors de ces r\u00e9cents affrontements.<\/p>\n","protected":false},"author":7,"featured_media":38680,"comment_status":"open","ping_status":"open","sticky":false,"template":"","format":"standard","meta":{"_jetpack_memberships_contains_paid_content":false,"footnotes":""},"categories":[1],"tags":[8056,1517],"class_list":["post-38678","post","type-post","status-publish","format-standard","has-post-thumbnail","hentry","category-non-classe","tag-m23","tag-rdc","entry","has-media","owp-thumbs-layout-horizontal","owp-btn-normal","owp-tabs-layout-horizontal","has-no-thumbnails","has-product-nav"],"yoast_head":"<!-- This site is optimized with the Yoast SEO plugin v25.5 - https:\/\/yoast.com\/wordpress\/plugins\/seo\/ -->\n<title>RDC : l\u2019arm\u00e9e et le M23 de nouveau engag\u00e9s dans de violents affrontements - LE PUBLIC<\/title>\n<meta name=\"robots\" content=\"index, follow, max-snippet:-1, max-image-preview:large, max-video-preview:-1\" \/>\n<link rel=\"canonical\" href=\"https:\/\/www.public.sn\/index.php\/2026\/01\/09\/rdc-larmee-et-le-m23-de-nouveau-engages-dans-de-violents-affrontements\/\" \/>\n<meta property=\"og:locale\" content=\"fr_FR\" \/>\n<meta property=\"og:type\" content=\"article\" \/>\n<meta property=\"og:title\" content=\"RDC : l\u2019arm\u00e9e et le M23 de nouveau engag\u00e9s dans de violents affrontements - LE PUBLIC\" \/>\n<meta property=\"og:description\" content=\"RDC : de nouveaux affrontements opposent l\u2019arm\u00e9e congolaise et ses alli\u00e9s au M23 De violents combats ont de nouveau \u00e9clat\u00e9 samedi entre les Forces arm\u00e9es de la RDC (FARDC), appuy\u00e9es par les Wazalendo, et les rebelles de l\u2019AFC\/M23, alli\u00e9s au groupe Twirwaneho et soutenus par le Rwanda. Selon plusieurs rapports des Nations unies, les affrontements ont principalement eu lieu \u00e0 Kigongo et dans d\u2019autres localit\u00e9s p\u00e9riph\u00e9riques. Des d\u00e9tonations ont \u00e9t\u00e9 entendues jusque dans la ville d\u2019Uvira, plongeant la population dans la crainte. Des t\u00e9moins rapportent des tirs nourris et de fortes explosions dans les moyens plateaux d\u2019Uvira, signe d\u2019une intensification des combats. Ce regain de tension a provoqu\u00e9 des d\u00e9placements de populations dans plusieurs zones touch\u00e9es, aggravant une situation humanitaire d\u00e9j\u00e0 pr\u00e9caire. Face \u00e0 l\u2019escalade, les habitants r\u00e9clament la cessation imm\u00e9diate des hostilit\u00e9s et appellent au respect des accords de paix conclus fin 2025 entre les autorit\u00e9s congolaises et rwandaises. La soci\u00e9t\u00e9 civile d\u00e9nonce par ailleurs d\u2019importants d\u00e9g\u00e2ts mat\u00e9riels, notamment la destruction de nombreuses infrastructures sanitaires et scolaires lors de ces r\u00e9cents affrontements.\" \/>\n<meta property=\"og:url\" content=\"https:\/\/www.public.sn\/index.php\/2026\/01\/09\/rdc-larmee-et-le-m23-de-nouveau-engages-dans-de-violents-affrontements\/\" \/>\n<meta property=\"og:site_name\" content=\"LE PUBLIC\" \/>\n<meta property=\"article:published_time\" content=\"2026-01-09T19:44:12+00:00\" \/>\n<meta property=\"article:modified_time\" content=\"2026-01-09T19:44:21+00:00\" \/>\n<meta property=\"og:image\" content=\"https:\/\/www.public.sn\/wp-content\/uploads\/2026\/01\/download-3.jpg\" \/>\n\t<meta property=\"og:image:width\" content=\"275\" \/>\n\t<meta property=\"og:image:height\" content=\"183\" \/>\n\t<meta property=\"og:image:type\" content=\"image\/jpeg\" \/>\n<meta name=\"author\" content=\"LA REDACTION\" \/>\n<meta name=\"twitter:card\" content=\"summary_large_image\" \/>\n<meta name=\"twitter:label1\" content=\"\u00c9crit par\" \/>\n\t<meta name=\"twitter:data1\" content=\"LA REDACTION\" \/>\n\t<meta name=\"twitter:label2\" content=\"Dur\u00e9e de lecture estim\u00e9e\" \/>\n\t<meta name=\"twitter:data2\" content=\"2 minutes\" \/>\n<script type=\"application\/ld+json\" class=\"yoast-schema-graph\">{\"@context\":\"https:\/\/schema.org\",\"@graph\":[{\"@type\":\"Article\",\"@id\":\"https:\/\/www.public.sn\/index.php\/2026\/01\/09\/rdc-larmee-et-le-m23-de-nouveau-engages-dans-de-violents-affrontements\/#article\",\"isPartOf\":{\"@id\":\"https:\/\/www.public.sn\/index.php\/2026\/01\/09\/rdc-larmee-et-le-m23-de-nouveau-engages-dans-de-violents-affrontements\/\"},\"author\":{\"name\":\"LA REDACTION\",\"@id\":\"https:\/\/www.public.sn\/#\/schema\/person\/cb76c8e1b8becc6be61fb5e92d6d0224\"},\"headline\":\"RDC : l\u2019arm\u00e9e et le M23 de nouveau engag\u00e9s dans de violents affrontements\",\"datePublished\":\"2026-01-09T19:44:12+00:00\",\"dateModified\":\"2026-01-09T19:44:21+00:00\",\"mainEntityOfPage\":{\"@id\":\"https:\/\/www.public.sn\/index.php\/2026\/01\/09\/rdc-larmee-et-le-m23-de-nouveau-engages-dans-de-violents-affrontements\/\"},\"wordCount\":217,\"commentCount\":0,\"publisher\":{\"@id\":\"https:\/\/www.public.sn\/#organization\"},\"image\":{\"@id\":\"https:\/\/www.public.sn\/index.php\/2026\/01\/09\/rdc-larmee-et-le-m23-de-nouveau-engages-dans-de-violents-affrontements\/#primaryimage\"},\"thumbnailUrl\":\"https:\/\/www.public.sn\/wp-content\/uploads\/2026\/01\/download-3.jpg\",\"keywords\":[\"M23\",\"rdc\"],\"articleSection\":[\"S\u00c9N\u00c9GAL\"],\"inLanguage\":\"fr-FR\",\"potentialAction\":[{\"@type\":\"CommentAction\",\"name\":\"Comment\",\"target\":[\"https:\/\/www.public.sn\/index.php\/2026\/01\/09\/rdc-larmee-et-le-m23-de-nouveau-engages-dans-de-violents-affrontements\/#respond\"]}]},{\"@type\":\"WebPage\",\"@id\":\"https:\/\/www.public.sn\/index.php\/2026\/01\/09\/rdc-larmee-et-le-m23-de-nouveau-engages-dans-de-violents-affrontements\/\",\"url\":\"https:\/\/www.public.sn\/index.php\/2026\/01\/09\/rdc-larmee-et-le-m23-de-nouveau-engages-dans-de-violents-affrontements\/\",\"name\":\"RDC : l\u2019arm\u00e9e et le M23 de nouveau engag\u00e9s dans de violents affrontements - LE PUBLIC\",\"isPartOf\":{\"@id\":\"https:\/\/www.public.sn\/#website\"},\"primaryImageOfPage\":{\"@id\":\"https:\/\/www.public.sn\/index.php\/2026\/01\/09\/rdc-larmee-et-le-m23-de-nouveau-engages-dans-de-violents-affrontements\/#primaryimage\"},\"image\":{\"@id\":\"https:\/\/www.public.sn\/index.php\/2026\/01\/09\/rdc-larmee-et-le-m23-de-nouveau-engages-dans-de-violents-affrontements\/#primaryimage\"},\"thumbnailUrl\":\"https:\/\/www.public.sn\/wp-content\/uploads\/2026\/01\/download-3.jpg\",\"datePublished\":\"2026-01-09T19:44:12+00:00\",\"dateModified\":\"2026-01-09T19:44:21+00:00\",\"breadcrumb\":{\"@id\":\"https:\/\/www.public.sn\/index.php\/2026\/01\/09\/rdc-larmee-et-le-m23-de-nouveau-engages-dans-de-violents-affrontements\/#breadcrumb\"},\"inLanguage\":\"fr-FR\",\"potentialAction\":[{\"@type\":\"ReadAction\",\"target\":[\"https:\/\/www.public.sn\/index.php\/2026\/01\/09\/rdc-larmee-et-le-m23-de-nouveau-engages-dans-de-violents-affrontements\/\"]}]},{\"@type\":\"ImageObject\",\"inLanguage\":\"fr-FR\",\"@id\":\"https:\/\/www.public.sn\/index.php\/2026\/01\/09\/rdc-larmee-et-le-m23-de-nouveau-engages-dans-de-violents-affrontements\/#primaryimage\",\"url\":\"https:\/\/www.public.sn\/wp-content\/uploads\/2026\/01\/download-3.jpg\",\"contentUrl\":\"https:\/\/www.public.sn\/wp-content\/uploads\/2026\/01\/download-3.jpg\",\"width\":275,\"height\":183},{\"@type\":\"BreadcrumbList\",\"@id\":\"https:\/\/www.public.sn\/index.php\/2026\/01\/09\/rdc-larmee-et-le-m23-de-nouveau-engages-dans-de-violents-affrontements\/#breadcrumb\",\"itemListElement\":[{\"@type\":\"ListItem\",\"position\":1,\"name\":\"Accueil\",\"item\":\"https:\/\/www.public.sn\/\"},{\"@type\":\"ListItem\",\"position\":2,\"name\":\"RDC : l\u2019arm\u00e9e et le M23 de nouveau engag\u00e9s dans de violents affrontements\"}]},{\"@type\":\"WebSite\",\"@id\":\"https:\/\/www.public.sn\/#website\",\"url\":\"https:\/\/www.public.sn\/\",\"name\":\"LE PUBLIC\",\"description\":\"\",\"publisher\":{\"@id\":\"https:\/\/www.public.sn\/#organization\"},\"potentialAction\":[{\"@type\":\"SearchAction\",\"target\":{\"@type\":\"EntryPoint\",\"urlTemplate\":\"https:\/\/www.public.sn\/?s={search_term_string}\"},\"query-input\":{\"@type\":\"PropertyValueSpecification\",\"valueRequired\":true,\"valueName\":\"search_term_string\"}}],\"inLanguage\":\"fr-FR\"},{\"@type\":\"Organization\",\"@id\":\"https:\/\/www.public.sn\/#organization\",\"name\":\"LE PUBLIC\",\"url\":\"https:\/\/www.public.sn\/\",\"logo\":{\"@type\":\"ImageObject\",\"inLanguage\":\"fr-FR\",\"@id\":\"https:\/\/www.public.sn\/#\/schema\/logo\/image\/\",\"url\":\"https:\/\/www.public.sn\/wp-content\/uploads\/2024\/05\/cropped-LOGO-PUBLIC.SN_.png\",\"contentUrl\":\"https:\/\/www.public.sn\/wp-content\/uploads\/2024\/05\/cropped-LOGO-PUBLIC.SN_.png\",\"width\":682,\"height\":192,\"caption\":\"LE PUBLIC\"},\"image\":{\"@id\":\"https:\/\/www.public.sn\/#\/schema\/logo\/image\/\"}},{\"@type\":\"Person\",\"@id\":\"https:\/\/www.public.sn\/#\/schema\/person\/cb76c8e1b8becc6be61fb5e92d6d0224\",\"name\":\"LA REDACTION\",\"image\":{\"@type\":\"ImageObject\",\"inLanguage\":\"fr-FR\",\"@id\":\"https:\/\/www.public.sn\/#\/schema\/person\/image\/\",\"url\":\"https:\/\/secure.gravatar.com\/avatar\/2dce5ddd34b8fef0180efe03aa2a9bee7d953856048f9a16b298190a3178407c?s=96&d=mm&r=g\",\"contentUrl\":\"https:\/\/secure.gravatar.com\/avatar\/2dce5ddd34b8fef0180efe03aa2a9bee7d953856048f9a16b298190a3178407c?s=96&d=mm&r=g\",\"caption\":\"LA REDACTION\"},\"url\":\"https:\/\/www.public.sn\/index.php\/author\/editeurpsn\/\"}]}<\/script>\n<!-- \/ Yoast SEO plugin. -->","yoast_head_json":{"title":"RDC : l\u2019arm\u00e9e et le M23 de nouveau engag\u00e9s dans de violents affrontements - LE PUBLIC","robots":{"index":"index","follow":"follow","max-snippet":"max-snippet:-1","max-image-preview":"max-image-preview:large","max-video-preview":"max-video-preview:-1"},"canonical":"https:\/\/www.public.sn\/index.php\/2026\/01\/09\/rdc-larmee-et-le-m23-de-nouveau-engages-dans-de-violents-affrontements\/","og_locale":"fr_FR","og_type":"article","og_title":"RDC : l\u2019arm\u00e9e et le M23 de nouveau engag\u00e9s dans de violents affrontements - LE PUBLIC","og_description":"RDC : de nouveaux affrontements opposent l\u2019arm\u00e9e congolaise et ses alli\u00e9s au M23 De violents combats ont de nouveau \u00e9clat\u00e9 samedi entre les Forces arm\u00e9es de la RDC (FARDC), appuy\u00e9es par les Wazalendo, et les rebelles de l\u2019AFC\/M23, alli\u00e9s au groupe Twirwaneho et soutenus par le Rwanda. Selon plusieurs rapports des Nations unies, les affrontements ont principalement eu lieu \u00e0 Kigongo et dans d\u2019autres localit\u00e9s p\u00e9riph\u00e9riques. Des d\u00e9tonations ont \u00e9t\u00e9 entendues jusque dans la ville d\u2019Uvira, plongeant la population dans la crainte. Des t\u00e9moins rapportent des tirs nourris et de fortes explosions dans les moyens plateaux d\u2019Uvira, signe d\u2019une intensification des combats. Ce regain de tension a provoqu\u00e9 des d\u00e9placements de populations dans plusieurs zones touch\u00e9es, aggravant une situation humanitaire d\u00e9j\u00e0 pr\u00e9caire. Face \u00e0 l\u2019escalade, les habitants r\u00e9clament la cessation imm\u00e9diate des hostilit\u00e9s et appellent au respect des accords de paix conclus fin 2025 entre les autorit\u00e9s congolaises et rwandaises. La soci\u00e9t\u00e9 civile d\u00e9nonce par ailleurs d\u2019importants d\u00e9g\u00e2ts mat\u00e9riels, notamment la destruction de nombreuses infrastructures sanitaires et scolaires lors de ces r\u00e9cents affrontements.","og_url":"https:\/\/www.public.sn\/index.php\/2026\/01\/09\/rdc-larmee-et-le-m23-de-nouveau-engages-dans-de-violents-affrontements\/","og_site_name":"LE PUBLIC","article_published_time":"2026-01-09T19:44:12+00:00","article_modified_time":"2026-01-09T19:44:21+00:00","og_image":[{"width":275,"height":183,"url":"https:\/\/www.public.sn\/wp-content\/uploads\/2026\/01\/download-3.jpg","type":"image\/jpeg"}],"author":"LA REDACTION","twitter_card":"summary_large_image","twitter_misc":{"\u00c9crit par":"LA REDACTION","Dur\u00e9e de lecture estim\u00e9e":"2 minutes"},"schema":{"@context":"https:\/\/schema.org","@graph":[{"@type":"Article","@id":"https:\/\/www.public.sn\/index.php\/2026\/01\/09\/rdc-larmee-et-le-m23-de-nouveau-engages-dans-de-violents-affrontements\/#article","isPartOf":{"@id":"https:\/\/www.public.sn\/index.php\/2026\/01\/09\/rdc-larmee-et-le-m23-de-nouveau-engages-dans-de-violents-affrontements\/"},"author":{"name":"LA REDACTION","@id":"https:\/\/www.public.sn\/#\/schema\/person\/cb76c8e1b8becc6be61fb5e92d6d0224"},"headline":"RDC : l\u2019arm\u00e9e et le M23 de nouveau engag\u00e9s dans de violents affrontements","datePublished":"2026-01-09T19:44:12+00:00","dateModified":"2026-01-09T19:44:21+00:00","mainEntityOfPage":{"@id":"https:\/\/www.public.sn\/index.php\/2026\/01\/09\/rdc-larmee-et-le-m23-de-nouveau-engages-dans-de-violents-affrontements\/"},"wordCount":217,"commentCount":0,"publisher":{"@id":"https:\/\/www.public.sn\/#organization"},"image":{"@id":"https:\/\/www.public.sn\/index.php\/2026\/01\/09\/rdc-larmee-et-le-m23-de-nouveau-engages-dans-de-violents-affrontements\/#primaryimage"},"thumbnailUrl":"https:\/\/www.public.sn\/wp-content\/uploads\/2026\/01\/download-3.jpg","keywords":["M23","rdc"],"articleSection":["S\u00c9N\u00c9GAL"],"inLanguage":"fr-FR","potentialAction":[{"@type":"CommentAction","name":"Comment","target":["https:\/\/www.public.sn\/index.php\/2026\/01\/09\/rdc-larmee-et-le-m23-de-nouveau-engages-dans-de-violents-affrontements\/#respond"]}]},{"@type":"WebPage","@id":"https:\/\/www.public.sn\/index.php\/2026\/01\/09\/rdc-larmee-et-le-m23-de-nouveau-engages-dans-de-violents-affrontements\/","url":"https:\/\/www.public.sn\/index.php\/2026\/01\/09\/rdc-larmee-et-le-m23-de-nouveau-engages-dans-de-violents-affrontements\/","name":"RDC : l\u2019arm\u00e9e et le M23 de nouveau engag\u00e9s dans de violents affrontements - LE PUBLIC","isPartOf":{"@id":"https:\/\/www.public.sn\/#website"},"primaryImageOfPage":{"@id":"https:\/\/www.public.sn\/index.php\/2026\/01\/09\/rdc-larmee-et-le-m23-de-nouveau-engages-dans-de-violents-affrontements\/#primaryimage"},"image":{"@id":"https:\/\/www.public.sn\/index.php\/2026\/01\/09\/rdc-larmee-et-le-m23-de-nouveau-engages-dans-de-violents-affrontements\/#primaryimage"},"thumbnailUrl":"https:\/\/www.public.sn\/wp-content\/uploads\/2026\/01\/download-3.jpg","datePublished":"2026-01-09T19:44:12+00:00","dateModified":"2026-01-09T19:44:21+00:00","breadcrumb":{"@id":"https:\/\/www.public.sn\/index.php\/2026\/01\/09\/rdc-larmee-et-le-m23-de-nouveau-engages-dans-de-violents-affrontements\/#breadcrumb"},"inLanguage":"fr-FR","potentialAction":[{"@type":"ReadAction","target":["https:\/\/www.public.sn\/index.php\/2026\/01\/09\/rdc-larmee-et-le-m23-de-nouveau-engages-dans-de-violents-affrontements\/"]}]},{"@type":"ImageObject","inLanguage":"fr-FR","@id":"https:\/\/www.public.sn\/index.php\/2026\/01\/09\/rdc-larmee-et-le-m23-de-nouveau-engages-dans-de-violents-affrontements\/#primaryimage","url":"https:\/\/www.public.sn\/wp-content\/uploads\/2026\/01\/download-3.jpg","contentUrl":"https:\/\/www.public.sn\/wp-content\/uploads\/2026\/01\/download-3.jpg","width":275,"height":183},{"@type":"BreadcrumbList","@id":"https:\/\/www.public.sn\/index.php\/2026\/01\/09\/rdc-larmee-et-le-m23-de-nouveau-engages-dans-de-violents-affrontements\/#breadcrumb","itemListElement":[{"@type":"ListItem","position":1,"name":"Accueil","item":"https:\/\/www.public.sn\/"},{"@type":"ListItem","position":2,"name":"RDC : l\u2019arm\u00e9e et le M23 de nouveau engag\u00e9s dans de violents affrontements"}]},{"@type":"WebSite","@id":"https:\/\/www.public.sn\/#website","url":"https:\/\/www.public.sn\/","name":"LE PUBLIC","description":"","publisher":{"@id":"https:\/\/www.public.sn\/#organization"},"potentialAction":[{"@type":"SearchAction","target":{"@type":"EntryPoint","urlTemplate":"https:\/\/www.public.sn\/?s={search_term_string}"},"query-input":{"@type":"PropertyValueSpecification","valueRequired":true,"valueName":"search_term_string"}}],"inLanguage":"fr-FR"},{"@type":"Organization","@id":"https:\/\/www.public.sn\/#organization","name":"LE PUBLIC","url":"https:\/\/www.public.sn\/","logo":{"@type":"ImageObject","inLanguage":"fr-FR","@id":"https:\/\/www.public.sn\/#\/schema\/logo\/image\/","url":"https:\/\/www.public.sn\/wp-content\/uploads\/2024\/05\/cropped-LOGO-PUBLIC.SN_.png","contentUrl":"https:\/\/www.public.sn\/wp-content\/uploads\/2024\/05\/cropped-LOGO-PUBLIC.SN_.png","width":682,"height":192,"caption":"LE PUBLIC"},"image":{"@id":"https:\/\/www.public.sn\/#\/schema\/logo\/image\/"}},{"@type":"Person","@id":"https:\/\/www.public.sn\/#\/schema\/person\/cb76c8e1b8becc6be61fb5e92d6d0224","name":"LA REDACTION","image":{"@type":"ImageObject","inLanguage":"fr-FR","@id":"https:\/\/www.public.sn\/#\/schema\/person\/image\/","url":"https:\/\/secure.gravatar.com\/avatar\/2dce5ddd34b8fef0180efe03aa2a9bee7d953856048f9a16b298190a3178407c?s=96&d=mm&r=g","contentUrl":"https:\/\/secure.gravatar.com\/avatar\/2dce5ddd34b8fef0180efe03aa2a9bee7d953856048f9a16b298190a3178407c?s=96&d=mm&r=g","caption":"LA REDACTION"},"url":"https:\/\/www.public.sn\/index.php\/author\/editeurpsn\/"}]}},"jetpack_featured_media_url":"https:\/\/www.public.sn\/wp-content\/uploads\/2026\/01\/download-3.jpg","jetpack_sharing_enabled":true,"_links":{"self":[{"href":"https:\/\/www.public.sn\/index.php\/wp-json\/wp\/v2\/posts\/38678","targetHints":{"allow":["GET"]}}],"collection":[{"href":"https:\/\/www.public.sn\/index.php\/wp-json\/wp\/v2\/posts"}],"about":[{"href":"https:\/\/www.public.sn\/index.php\/wp-json\/wp\/v2\/types\/post"}],"author":[{"embeddable":true,"href":"https:\/\/www.public.sn\/index.php\/wp-json\/wp\/v2\/users\/7"}],"replies":[{"embeddable":true,"href":"https:\/\/www.public.sn\/index.php\/wp-json\/wp\/v2\/comments?post=38678"}],"version-history":[{"count":1,"href":"https:\/\/www.public.sn\/index.php\/wp-json\/wp\/v2\/posts\/38678\/revisions"}],"predecessor-version":[{"id":38681,"href":"https:\/\/www.public.sn\/index.php\/wp-json\/wp\/v2\/posts\/38678\/revisions\/38681"}],"wp:featuredmedia":[{"embeddable":true,"href":"https:\/\/www.public.sn\/index.php\/wp-json\/wp\/v2\/media\/38680"}],"wp:attachment":[{"href":"https:\/\/www.public.sn\/index.php\/wp-json\/wp\/v2\/media?parent=38678"}],"wp:term":[{"taxonomy":"category","embeddable":true,"href":"https:\/\/www.public.sn\/index.php\/wp-json\/wp\/v2\/categories?post=38678"},{"taxonomy":"post_tag","embeddable":true,"href":"https:\/\/www.public.sn\/index.php\/wp-json\/wp\/v2\/tags?post=38678"}],"curies":[{"name":"wp","href":"https:\/\/api.w.org\/{rel}","templated":true}]}}