{"id":38714,"date":"2026-01-26T15:59:38","date_gmt":"2026-01-26T15:59:38","guid":{"rendered":"https:\/\/www.public.sn\/?p=38714"},"modified":"2026-01-26T15:59:49","modified_gmt":"2026-01-26T15:59:49","slug":"finale-de-la-can-sonko-veut-tourner-la-page-et-preserver-lamitie-senegalo-marocaine","status":"publish","type":"post","link":"https:\/\/www.public.sn\/index.php\/2026\/01\/26\/finale-de-la-can-sonko-veut-tourner-la-page-et-preserver-lamitie-senegalo-marocaine\/","title":{"rendered":"Finale de la CAN : Sonko veut tourner la page et pr\u00e9server l\u2019amiti\u00e9 s\u00e9n\u00e9galo-marocaine"},"content":{"rendered":"\n<p>En visite officielle au Maroc, le Premier ministre s\u00e9n\u00e9galais Ousmane Sonko a copr\u00e9sid\u00e9, aux c\u00f4t\u00e9s de son homologue Aziz Akhannouch, la 15\u1d49 session de la Commission mixte s\u00e9n\u00e9galo-marocaine. \u00c0 l\u2019ouverture des travaux, le chef du gouvernement a consacr\u00e9 une large part de son discours aux tensions n\u00e9es de la finale de la Coupe d\u2019Afrique des nations, tout en r\u00e9affirmant la solidit\u00e9 des relations entre Dakar et Rabat.<\/p><div class=\"publi-paragraphe1\" style=\"margin-top: 10px;margin-bottom: 10px;margin-left: auto;margin-right: auto;text-align: center;\" id=\"publi-1054497637\"><div class=\"publi-adlabel\">Publicit\u00e9<\/div><script async src=\"\/\/pagead2.googlesyndication.com\/pagead\/js\/adsbygoogle.js?client=ca-pub-4089586018074219\" crossorigin=\"anonymous\"><\/script><ins class=\"adsbygoogle\" style=\"display:block;\" data-ad-client=\"ca-pub-4089586018074219\" \ndata-ad-slot=\"2087940154\" \ndata-ad-format=\"auto\"><\/ins>\n<script> \n(adsbygoogle = window.adsbygoogle || []).push({}); \n<\/script>\n<\/div>\n\n\n\n<p>D\u2019entr\u00e9e de jeu, Ousmane Sonko a tenu \u00e0 dissiper toute ambigu\u00eft\u00e9 : sa pr\u00e9sence \u00e0 Rabat, a-t-il insist\u00e9, constitue \u00ab un \u00e9v\u00e9nement politique majeur \u00bb et non une simple s\u00e9quence diplomatique dict\u00e9e par l\u2019actualit\u00e9 sportive. Une mani\u00e8re claire de repositionner la visite dans son cadre strat\u00e9gique.<\/p>\n\n\n\n<p>Reconnaissant toutefois que ce d\u00e9placement intervient dans \u00ab un contexte charg\u00e9 d\u2019\u00e9motions sportives, de d\u00e9bordements regrettables et d\u2019images parfois douloureuses pour deux peuples profond\u00e9ment li\u00e9s \u00bb, le Premier ministre a soulign\u00e9 que la port\u00e9e de sa visite r\u00e9side pr\u00e9cis\u00e9ment dans la capacit\u00e9 des deux \u00c9tats fr\u00e8res \u00e0 ne pas laisser l\u2019\u00e9motion dicter le sens de l\u2019histoire.<\/p>\n\n\n\n<p>Face aux autorit\u00e9s marocaines, Ousmane Sonko a ainsi martel\u00e9 que son d\u00e9placement \u00ab ne vise pas \u00e0 calmer \u00bb, mais \u00e0 affirmer une conviction : le sport n\u2019a pas divis\u00e9 le S\u00e9n\u00e9gal et le Maroc, il a mis \u00e0 l\u2019\u00e9preuve la solidit\u00e9 de leurs liens. Selon lui, la finale de la CAN n\u2019a pas oppos\u00e9 deux nations, mais r\u00e9v\u00e9l\u00e9 l\u2019intensit\u00e9 de deux passions nationales s\u2019exprimant dans un m\u00eame espace.<\/p>\n\n\n\n<p>\u00ab Les d\u00e9rapages observ\u00e9s ici ou l\u00e0 ne doivent \u00eatre ni ni\u00e9s ni dramatis\u00e9s \u00bb, a-t-il d\u00e9clar\u00e9, les qualifiant d\u2019\u00ab exc\u00e8s \u00e9motionnels \u00bb li\u00e9s \u00e0 la ferveur sportive, et non de fractures politiques ou culturelles. Le Premier ministre a rappel\u00e9 que le sport, aussi mobilisateur soit-il, demeure insuffisant pour r\u00e9sumer des relations forg\u00e9es par des d\u00e9cennies de liens humains, spirituels, \u00e9conomiques et culturels, nourries par la circulation historique des personnes, des \u00e9tudiants, des entrepreneurs et des confr\u00e9ries religieuses.<\/p>\n\n\n\n<p>Ousmane Sonko a enfin mis en avant la confiance politique construite dans la dur\u00e9e entre les deux \u00c9tats, au-del\u00e0 des alternances et des conjonctures. \u00ab Un lien qui survit aux \u00e9v\u00e9nements parce qu\u2019il est enracin\u00e9 dans une histoire partag\u00e9e \u00bb, a-t-il soulign\u00e9.<\/p>\n\n\n\n<p>Concluant son propos, le chef du gouvernement s\u00e9n\u00e9galais a tenu \u00e0 \u00eatre cat\u00e9gorique : \u00ab Ce n\u2019est pas un voyage d\u2019apaisement. C\u2019est un voyage de confirmation, de d\u00e9passement et de refondation du lien. \u00bb Selon lui, au-del\u00e0 de la cl\u00f4ture d\u2019un \u00e9pisode sportif tendu, les travaux de la commission mixte doivent surtout sceller un avenir commun, plus dense, plus structur\u00e9 et plus ambitieux, \u00e0 la hauteur de deux nations qui se respectent, se reconnaissent et avancent ensemble.<\/p>\n<div class=\"publi-apres-le-contenu\" style=\"margin-top: 10px;margin-bottom: 10px;margin-left: auto;margin-right: auto;text-align: center;\" id=\"publi-2110378867\"><div class=\"publi-adlabel\">Publicit\u00e9<\/div><script async src=\"\/\/pagead2.googlesyndication.com\/pagead\/js\/adsbygoogle.js?client=ca-pub-4089586018074219\" crossorigin=\"anonymous\"><\/script><ins class=\"adsbygoogle\" style=\"display:block;\" data-ad-client=\"ca-pub-4089586018074219\" \ndata-ad-slot=\"2087940154\" \ndata-ad-format=\"auto\"><\/ins>\n<script> \n(adsbygoogle = window.adsbygoogle || []).push({}); \n<\/script>\n<\/div>","protected":false},"excerpt":{"rendered":"<p>En visite officielle au Maroc, le Premier ministre s\u00e9n\u00e9galais Ousmane Sonko a copr\u00e9sid\u00e9, aux c\u00f4t\u00e9s de son homologue Aziz Akhannouch, la 15\u1d49 session de la Commission mixte s\u00e9n\u00e9galo-marocaine. \u00c0 l\u2019ouverture des travaux, le chef du gouvernement a consacr\u00e9 une large part de son discours aux tensions n\u00e9es de la finale de la Coupe d\u2019Afrique des nations, tout en r\u00e9affirmant la solidit\u00e9 des relations entre Dakar et Rabat. D\u2019entr\u00e9e de jeu, Ousmane Sonko a tenu \u00e0 dissiper toute ambigu\u00eft\u00e9 : sa pr\u00e9sence \u00e0 Rabat, a-t-il insist\u00e9, constitue \u00ab un \u00e9v\u00e9nement politique majeur \u00bb et non une simple s\u00e9quence diplomatique dict\u00e9e par l\u2019actualit\u00e9 sportive. Une mani\u00e8re claire de repositionner la visite dans son cadre strat\u00e9gique. Reconnaissant toutefois que ce d\u00e9placement intervient dans \u00ab un contexte charg\u00e9 d\u2019\u00e9motions sportives, de d\u00e9bordements regrettables et d\u2019images parfois douloureuses pour deux peuples profond\u00e9ment li\u00e9s \u00bb, le Premier ministre a soulign\u00e9 que la port\u00e9e de sa visite r\u00e9side pr\u00e9cis\u00e9ment dans la capacit\u00e9 des deux \u00c9tats fr\u00e8res \u00e0 ne pas laisser l\u2019\u00e9motion dicter le sens de l\u2019histoire. Face aux autorit\u00e9s marocaines, Ousmane Sonko a ainsi martel\u00e9 que son d\u00e9placement \u00ab ne vise pas \u00e0 calmer \u00bb, mais \u00e0 affirmer une conviction : le sport n\u2019a pas divis\u00e9 le S\u00e9n\u00e9gal et le Maroc, il a mis \u00e0 l\u2019\u00e9preuve la solidit\u00e9 de leurs liens. Selon lui, la finale de la CAN n\u2019a pas oppos\u00e9 deux nations, mais r\u00e9v\u00e9l\u00e9 l\u2019intensit\u00e9 de deux passions nationales s\u2019exprimant dans un m\u00eame espace. \u00ab Les d\u00e9rapages observ\u00e9s ici ou l\u00e0 ne doivent \u00eatre ni ni\u00e9s ni dramatis\u00e9s \u00bb, a-t-il d\u00e9clar\u00e9, les qualifiant d\u2019\u00ab exc\u00e8s \u00e9motionnels \u00bb li\u00e9s \u00e0 la ferveur sportive, et non de fractures politiques ou culturelles. Le Premier ministre a rappel\u00e9 que le sport, aussi mobilisateur soit-il, demeure insuffisant pour r\u00e9sumer des relations forg\u00e9es par des d\u00e9cennies de liens humains, spirituels, \u00e9conomiques et culturels, nourries par la circulation historique des personnes, des \u00e9tudiants, des entrepreneurs et des confr\u00e9ries religieuses. Ousmane Sonko a enfin mis en avant la confiance politique construite dans la dur\u00e9e entre les deux \u00c9tats, au-del\u00e0 des alternances et des conjonctures. \u00ab Un lien qui survit aux \u00e9v\u00e9nements parce qu\u2019il est enracin\u00e9 dans une histoire partag\u00e9e \u00bb, a-t-il soulign\u00e9. Concluant son propos, le chef du gouvernement s\u00e9n\u00e9galais a tenu \u00e0 \u00eatre cat\u00e9gorique : \u00ab Ce n\u2019est pas un voyage d\u2019apaisement. C\u2019est un voyage de confirmation, de d\u00e9passement et de refondation du lien. \u00bb Selon lui, au-del\u00e0 de la cl\u00f4ture d\u2019un \u00e9pisode sportif tendu, les travaux de la commission mixte doivent surtout sceller un avenir commun, plus dense, plus structur\u00e9 et plus ambitieux, \u00e0 la hauteur de deux nations qui se respectent, se reconnaissent et avancent ensemble.<\/p>\n","protected":false},"author":7,"featured_media":38715,"comment_status":"open","ping_status":"open","sticky":false,"template":"","format":"standard","meta":{"_jetpack_memberships_contains_paid_content":false,"footnotes":""},"categories":[375,550,3],"tags":[1272,306],"class_list":["post-38714","post","type-post","status-publish","format-standard","has-post-thumbnail","hentry","category-actualites","category-afrique-monde","category-politique","tag-finale","tag-sonko","entry","has-media","owp-thumbs-layout-horizontal","owp-btn-normal","owp-tabs-layout-horizontal","has-no-thumbnails","has-product-nav"],"yoast_head":"<!-- This site is optimized with the Yoast SEO plugin v25.5 - https:\/\/yoast.com\/wordpress\/plugins\/seo\/ -->\n<title>Finale de la CAN : Sonko veut tourner la page et pr\u00e9server l\u2019amiti\u00e9 s\u00e9n\u00e9galo-marocaine - LE PUBLIC<\/title>\n<meta name=\"robots\" content=\"index, follow, max-snippet:-1, max-image-preview:large, max-video-preview:-1\" \/>\n<link rel=\"canonical\" href=\"https:\/\/www.public.sn\/index.php\/2026\/01\/26\/finale-de-la-can-sonko-veut-tourner-la-page-et-preserver-lamitie-senegalo-marocaine\/\" \/>\n<meta property=\"og:locale\" content=\"fr_FR\" \/>\n<meta property=\"og:type\" content=\"article\" \/>\n<meta property=\"og:title\" content=\"Finale de la CAN : Sonko veut tourner la page et pr\u00e9server l\u2019amiti\u00e9 s\u00e9n\u00e9galo-marocaine - LE PUBLIC\" \/>\n<meta property=\"og:description\" content=\"En visite officielle au Maroc, le Premier ministre s\u00e9n\u00e9galais Ousmane Sonko a copr\u00e9sid\u00e9, aux c\u00f4t\u00e9s de son homologue Aziz Akhannouch, la 15\u1d49 session de la Commission mixte s\u00e9n\u00e9galo-marocaine. \u00c0 l\u2019ouverture des travaux, le chef du gouvernement a consacr\u00e9 une large part de son discours aux tensions n\u00e9es de la finale de la Coupe d\u2019Afrique des nations, tout en r\u00e9affirmant la solidit\u00e9 des relations entre Dakar et Rabat. D\u2019entr\u00e9e de jeu, Ousmane Sonko a tenu \u00e0 dissiper toute ambigu\u00eft\u00e9 : sa pr\u00e9sence \u00e0 Rabat, a-t-il insist\u00e9, constitue \u00ab un \u00e9v\u00e9nement politique majeur \u00bb et non une simple s\u00e9quence diplomatique dict\u00e9e par l\u2019actualit\u00e9 sportive. Une mani\u00e8re claire de repositionner la visite dans son cadre strat\u00e9gique. Reconnaissant toutefois que ce d\u00e9placement intervient dans \u00ab un contexte charg\u00e9 d\u2019\u00e9motions sportives, de d\u00e9bordements regrettables et d\u2019images parfois douloureuses pour deux peuples profond\u00e9ment li\u00e9s \u00bb, le Premier ministre a soulign\u00e9 que la port\u00e9e de sa visite r\u00e9side pr\u00e9cis\u00e9ment dans la capacit\u00e9 des deux \u00c9tats fr\u00e8res \u00e0 ne pas laisser l\u2019\u00e9motion dicter le sens de l\u2019histoire. Face aux autorit\u00e9s marocaines, Ousmane Sonko a ainsi martel\u00e9 que son d\u00e9placement \u00ab ne vise pas \u00e0 calmer \u00bb, mais \u00e0 affirmer une conviction : le sport n\u2019a pas divis\u00e9 le S\u00e9n\u00e9gal et le Maroc, il a mis \u00e0 l\u2019\u00e9preuve la solidit\u00e9 de leurs liens. Selon lui, la finale de la CAN n\u2019a pas oppos\u00e9 deux nations, mais r\u00e9v\u00e9l\u00e9 l\u2019intensit\u00e9 de deux passions nationales s\u2019exprimant dans un m\u00eame espace. \u00ab Les d\u00e9rapages observ\u00e9s ici ou l\u00e0 ne doivent \u00eatre ni ni\u00e9s ni dramatis\u00e9s \u00bb, a-t-il d\u00e9clar\u00e9, les qualifiant d\u2019\u00ab exc\u00e8s \u00e9motionnels \u00bb li\u00e9s \u00e0 la ferveur sportive, et non de fractures politiques ou culturelles. Le Premier ministre a rappel\u00e9 que le sport, aussi mobilisateur soit-il, demeure insuffisant pour r\u00e9sumer des relations forg\u00e9es par des d\u00e9cennies de liens humains, spirituels, \u00e9conomiques et culturels, nourries par la circulation historique des personnes, des \u00e9tudiants, des entrepreneurs et des confr\u00e9ries religieuses. Ousmane Sonko a enfin mis en avant la confiance politique construite dans la dur\u00e9e entre les deux \u00c9tats, au-del\u00e0 des alternances et des conjonctures. \u00ab Un lien qui survit aux \u00e9v\u00e9nements parce qu\u2019il est enracin\u00e9 dans une histoire partag\u00e9e \u00bb, a-t-il soulign\u00e9. Concluant son propos, le chef du gouvernement s\u00e9n\u00e9galais a tenu \u00e0 \u00eatre cat\u00e9gorique : \u00ab Ce n\u2019est pas un voyage d\u2019apaisement. C\u2019est un voyage de confirmation, de d\u00e9passement et de refondation du lien. \u00bb Selon lui, au-del\u00e0 de la cl\u00f4ture d\u2019un \u00e9pisode sportif tendu, les travaux de la commission mixte doivent surtout sceller un avenir commun, plus dense, plus structur\u00e9 et plus ambitieux, \u00e0 la hauteur de deux nations qui se respectent, se reconnaissent et avancent ensemble.\" \/>\n<meta property=\"og:url\" content=\"https:\/\/www.public.sn\/index.php\/2026\/01\/26\/finale-de-la-can-sonko-veut-tourner-la-page-et-preserver-lamitie-senegalo-marocaine\/\" \/>\n<meta property=\"og:site_name\" content=\"LE PUBLIC\" \/>\n<meta property=\"article:published_time\" content=\"2026-01-26T15:59:38+00:00\" \/>\n<meta property=\"article:modified_time\" content=\"2026-01-26T15:59:49+00:00\" \/>\n<meta property=\"og:image\" content=\"https:\/\/www.public.sn\/wp-content\/uploads\/2026\/01\/Hassan-Naciri-Sonko-Senegal-Maroc.jpg\" \/>\n\t<meta property=\"og:image:width\" content=\"1080\" \/>\n\t<meta property=\"og:image:height\" content=\"719\" \/>\n\t<meta property=\"og:image:type\" content=\"image\/jpeg\" \/>\n<meta name=\"author\" content=\"LA REDACTION\" \/>\n<meta name=\"twitter:card\" content=\"summary_large_image\" \/>\n<meta name=\"twitter:label1\" content=\"\u00c9crit par\" \/>\n\t<meta name=\"twitter:data1\" content=\"LA REDACTION\" \/>\n\t<meta name=\"twitter:label2\" content=\"Dur\u00e9e de lecture estim\u00e9e\" \/>\n\t<meta name=\"twitter:data2\" content=\"3 minutes\" \/>\n<script type=\"application\/ld+json\" class=\"yoast-schema-graph\">{\"@context\":\"https:\/\/schema.org\",\"@graph\":[{\"@type\":\"Article\",\"@id\":\"https:\/\/www.public.sn\/index.php\/2026\/01\/26\/finale-de-la-can-sonko-veut-tourner-la-page-et-preserver-lamitie-senegalo-marocaine\/#article\",\"isPartOf\":{\"@id\":\"https:\/\/www.public.sn\/index.php\/2026\/01\/26\/finale-de-la-can-sonko-veut-tourner-la-page-et-preserver-lamitie-senegalo-marocaine\/\"},\"author\":{\"name\":\"LA REDACTION\",\"@id\":\"https:\/\/www.public.sn\/#\/schema\/person\/cb76c8e1b8becc6be61fb5e92d6d0224\"},\"headline\":\"Finale de la CAN : Sonko veut tourner la page et pr\u00e9server l\u2019amiti\u00e9 s\u00e9n\u00e9galo-marocaine\",\"datePublished\":\"2026-01-26T15:59:38+00:00\",\"dateModified\":\"2026-01-26T15:59:49+00:00\",\"mainEntityOfPage\":{\"@id\":\"https:\/\/www.public.sn\/index.php\/2026\/01\/26\/finale-de-la-can-sonko-veut-tourner-la-page-et-preserver-lamitie-senegalo-marocaine\/\"},\"wordCount\":495,\"commentCount\":0,\"publisher\":{\"@id\":\"https:\/\/www.public.sn\/#organization\"},\"image\":{\"@id\":\"https:\/\/www.public.sn\/index.php\/2026\/01\/26\/finale-de-la-can-sonko-veut-tourner-la-page-et-preserver-lamitie-senegalo-marocaine\/#primaryimage\"},\"thumbnailUrl\":\"https:\/\/www.public.sn\/wp-content\/uploads\/2026\/01\/Hassan-Naciri-Sonko-Senegal-Maroc.jpg\",\"keywords\":[\"finale\",\"sonko\"],\"articleSection\":[\"ACTUALIT\u00c9S\",\"AFRIQUE &amp; MONDE\",\"POLITIQUE\"],\"inLanguage\":\"fr-FR\",\"potentialAction\":[{\"@type\":\"CommentAction\",\"name\":\"Comment\",\"target\":[\"https:\/\/www.public.sn\/index.php\/2026\/01\/26\/finale-de-la-can-sonko-veut-tourner-la-page-et-preserver-lamitie-senegalo-marocaine\/#respond\"]}]},{\"@type\":\"WebPage\",\"@id\":\"https:\/\/www.public.sn\/index.php\/2026\/01\/26\/finale-de-la-can-sonko-veut-tourner-la-page-et-preserver-lamitie-senegalo-marocaine\/\",\"url\":\"https:\/\/www.public.sn\/index.php\/2026\/01\/26\/finale-de-la-can-sonko-veut-tourner-la-page-et-preserver-lamitie-senegalo-marocaine\/\",\"name\":\"Finale de la CAN : Sonko veut tourner la page et pr\u00e9server l\u2019amiti\u00e9 s\u00e9n\u00e9galo-marocaine - LE PUBLIC\",\"isPartOf\":{\"@id\":\"https:\/\/www.public.sn\/#website\"},\"primaryImageOfPage\":{\"@id\":\"https:\/\/www.public.sn\/index.php\/2026\/01\/26\/finale-de-la-can-sonko-veut-tourner-la-page-et-preserver-lamitie-senegalo-marocaine\/#primaryimage\"},\"image\":{\"@id\":\"https:\/\/www.public.sn\/index.php\/2026\/01\/26\/finale-de-la-can-sonko-veut-tourner-la-page-et-preserver-lamitie-senegalo-marocaine\/#primaryimage\"},\"thumbnailUrl\":\"https:\/\/www.public.sn\/wp-content\/uploads\/2026\/01\/Hassan-Naciri-Sonko-Senegal-Maroc.jpg\",\"datePublished\":\"2026-01-26T15:59:38+00:00\",\"dateModified\":\"2026-01-26T15:59:49+00:00\",\"breadcrumb\":{\"@id\":\"https:\/\/www.public.sn\/index.php\/2026\/01\/26\/finale-de-la-can-sonko-veut-tourner-la-page-et-preserver-lamitie-senegalo-marocaine\/#breadcrumb\"},\"inLanguage\":\"fr-FR\",\"potentialAction\":[{\"@type\":\"ReadAction\",\"target\":[\"https:\/\/www.public.sn\/index.php\/2026\/01\/26\/finale-de-la-can-sonko-veut-tourner-la-page-et-preserver-lamitie-senegalo-marocaine\/\"]}]},{\"@type\":\"ImageObject\",\"inLanguage\":\"fr-FR\",\"@id\":\"https:\/\/www.public.sn\/index.php\/2026\/01\/26\/finale-de-la-can-sonko-veut-tourner-la-page-et-preserver-lamitie-senegalo-marocaine\/#primaryimage\",\"url\":\"https:\/\/www.public.sn\/wp-content\/uploads\/2026\/01\/Hassan-Naciri-Sonko-Senegal-Maroc.jpg\",\"contentUrl\":\"https:\/\/www.public.sn\/wp-content\/uploads\/2026\/01\/Hassan-Naciri-Sonko-Senegal-Maroc.jpg\",\"width\":1080,\"height\":719},{\"@type\":\"BreadcrumbList\",\"@id\":\"https:\/\/www.public.sn\/index.php\/2026\/01\/26\/finale-de-la-can-sonko-veut-tourner-la-page-et-preserver-lamitie-senegalo-marocaine\/#breadcrumb\",\"itemListElement\":[{\"@type\":\"ListItem\",\"position\":1,\"name\":\"Accueil\",\"item\":\"https:\/\/www.public.sn\/\"},{\"@type\":\"ListItem\",\"position\":2,\"name\":\"Finale de la CAN : Sonko veut tourner la page et pr\u00e9server l\u2019amiti\u00e9 s\u00e9n\u00e9galo-marocaine\"}]},{\"@type\":\"WebSite\",\"@id\":\"https:\/\/www.public.sn\/#website\",\"url\":\"https:\/\/www.public.sn\/\",\"name\":\"LE PUBLIC\",\"description\":\"\",\"publisher\":{\"@id\":\"https:\/\/www.public.sn\/#organization\"},\"potentialAction\":[{\"@type\":\"SearchAction\",\"target\":{\"@type\":\"EntryPoint\",\"urlTemplate\":\"https:\/\/www.public.sn\/?s={search_term_string}\"},\"query-input\":{\"@type\":\"PropertyValueSpecification\",\"valueRequired\":true,\"valueName\":\"search_term_string\"}}],\"inLanguage\":\"fr-FR\"},{\"@type\":\"Organization\",\"@id\":\"https:\/\/www.public.sn\/#organization\",\"name\":\"LE PUBLIC\",\"url\":\"https:\/\/www.public.sn\/\",\"logo\":{\"@type\":\"ImageObject\",\"inLanguage\":\"fr-FR\",\"@id\":\"https:\/\/www.public.sn\/#\/schema\/logo\/image\/\",\"url\":\"https:\/\/www.public.sn\/wp-content\/uploads\/2024\/05\/cropped-LOGO-PUBLIC.SN_.png\",\"contentUrl\":\"https:\/\/www.public.sn\/wp-content\/uploads\/2024\/05\/cropped-LOGO-PUBLIC.SN_.png\",\"width\":682,\"height\":192,\"caption\":\"LE PUBLIC\"},\"image\":{\"@id\":\"https:\/\/www.public.sn\/#\/schema\/logo\/image\/\"}},{\"@type\":\"Person\",\"@id\":\"https:\/\/www.public.sn\/#\/schema\/person\/cb76c8e1b8becc6be61fb5e92d6d0224\",\"name\":\"LA REDACTION\",\"image\":{\"@type\":\"ImageObject\",\"inLanguage\":\"fr-FR\",\"@id\":\"https:\/\/www.public.sn\/#\/schema\/person\/image\/\",\"url\":\"https:\/\/secure.gravatar.com\/avatar\/2dce5ddd34b8fef0180efe03aa2a9bee7d953856048f9a16b298190a3178407c?s=96&d=mm&r=g\",\"contentUrl\":\"https:\/\/secure.gravatar.com\/avatar\/2dce5ddd34b8fef0180efe03aa2a9bee7d953856048f9a16b298190a3178407c?s=96&d=mm&r=g\",\"caption\":\"LA REDACTION\"},\"url\":\"https:\/\/www.public.sn\/index.php\/author\/editeurpsn\/\"}]}<\/script>\n<!-- \/ Yoast SEO plugin. -->","yoast_head_json":{"title":"Finale de la CAN : Sonko veut tourner la page et pr\u00e9server l\u2019amiti\u00e9 s\u00e9n\u00e9galo-marocaine - LE PUBLIC","robots":{"index":"index","follow":"follow","max-snippet":"max-snippet:-1","max-image-preview":"max-image-preview:large","max-video-preview":"max-video-preview:-1"},"canonical":"https:\/\/www.public.sn\/index.php\/2026\/01\/26\/finale-de-la-can-sonko-veut-tourner-la-page-et-preserver-lamitie-senegalo-marocaine\/","og_locale":"fr_FR","og_type":"article","og_title":"Finale de la CAN : Sonko veut tourner la page et pr\u00e9server l\u2019amiti\u00e9 s\u00e9n\u00e9galo-marocaine - LE PUBLIC","og_description":"En visite officielle au Maroc, le Premier ministre s\u00e9n\u00e9galais Ousmane Sonko a copr\u00e9sid\u00e9, aux c\u00f4t\u00e9s de son homologue Aziz Akhannouch, la 15\u1d49 session de la Commission mixte s\u00e9n\u00e9galo-marocaine. \u00c0 l\u2019ouverture des travaux, le chef du gouvernement a consacr\u00e9 une large part de son discours aux tensions n\u00e9es de la finale de la Coupe d\u2019Afrique des nations, tout en r\u00e9affirmant la solidit\u00e9 des relations entre Dakar et Rabat. D\u2019entr\u00e9e de jeu, Ousmane Sonko a tenu \u00e0 dissiper toute ambigu\u00eft\u00e9 : sa pr\u00e9sence \u00e0 Rabat, a-t-il insist\u00e9, constitue \u00ab un \u00e9v\u00e9nement politique majeur \u00bb et non une simple s\u00e9quence diplomatique dict\u00e9e par l\u2019actualit\u00e9 sportive. Une mani\u00e8re claire de repositionner la visite dans son cadre strat\u00e9gique. Reconnaissant toutefois que ce d\u00e9placement intervient dans \u00ab un contexte charg\u00e9 d\u2019\u00e9motions sportives, de d\u00e9bordements regrettables et d\u2019images parfois douloureuses pour deux peuples profond\u00e9ment li\u00e9s \u00bb, le Premier ministre a soulign\u00e9 que la port\u00e9e de sa visite r\u00e9side pr\u00e9cis\u00e9ment dans la capacit\u00e9 des deux \u00c9tats fr\u00e8res \u00e0 ne pas laisser l\u2019\u00e9motion dicter le sens de l\u2019histoire. Face aux autorit\u00e9s marocaines, Ousmane Sonko a ainsi martel\u00e9 que son d\u00e9placement \u00ab ne vise pas \u00e0 calmer \u00bb, mais \u00e0 affirmer une conviction : le sport n\u2019a pas divis\u00e9 le S\u00e9n\u00e9gal et le Maroc, il a mis \u00e0 l\u2019\u00e9preuve la solidit\u00e9 de leurs liens. Selon lui, la finale de la CAN n\u2019a pas oppos\u00e9 deux nations, mais r\u00e9v\u00e9l\u00e9 l\u2019intensit\u00e9 de deux passions nationales s\u2019exprimant dans un m\u00eame espace. \u00ab Les d\u00e9rapages observ\u00e9s ici ou l\u00e0 ne doivent \u00eatre ni ni\u00e9s ni dramatis\u00e9s \u00bb, a-t-il d\u00e9clar\u00e9, les qualifiant d\u2019\u00ab exc\u00e8s \u00e9motionnels \u00bb li\u00e9s \u00e0 la ferveur sportive, et non de fractures politiques ou culturelles. Le Premier ministre a rappel\u00e9 que le sport, aussi mobilisateur soit-il, demeure insuffisant pour r\u00e9sumer des relations forg\u00e9es par des d\u00e9cennies de liens humains, spirituels, \u00e9conomiques et culturels, nourries par la circulation historique des personnes, des \u00e9tudiants, des entrepreneurs et des confr\u00e9ries religieuses. Ousmane Sonko a enfin mis en avant la confiance politique construite dans la dur\u00e9e entre les deux \u00c9tats, au-del\u00e0 des alternances et des conjonctures. \u00ab Un lien qui survit aux \u00e9v\u00e9nements parce qu\u2019il est enracin\u00e9 dans une histoire partag\u00e9e \u00bb, a-t-il soulign\u00e9. Concluant son propos, le chef du gouvernement s\u00e9n\u00e9galais a tenu \u00e0 \u00eatre cat\u00e9gorique : \u00ab Ce n\u2019est pas un voyage d\u2019apaisement. C\u2019est un voyage de confirmation, de d\u00e9passement et de refondation du lien. \u00bb Selon lui, au-del\u00e0 de la cl\u00f4ture d\u2019un \u00e9pisode sportif tendu, les travaux de la commission mixte doivent surtout sceller un avenir commun, plus dense, plus structur\u00e9 et plus ambitieux, \u00e0 la hauteur de deux nations qui se respectent, se reconnaissent et avancent ensemble.","og_url":"https:\/\/www.public.sn\/index.php\/2026\/01\/26\/finale-de-la-can-sonko-veut-tourner-la-page-et-preserver-lamitie-senegalo-marocaine\/","og_site_name":"LE PUBLIC","article_published_time":"2026-01-26T15:59:38+00:00","article_modified_time":"2026-01-26T15:59:49+00:00","og_image":[{"width":1080,"height":719,"url":"https:\/\/www.public.sn\/wp-content\/uploads\/2026\/01\/Hassan-Naciri-Sonko-Senegal-Maroc.jpg","type":"image\/jpeg"}],"author":"LA REDACTION","twitter_card":"summary_large_image","twitter_misc":{"\u00c9crit par":"LA REDACTION","Dur\u00e9e de lecture estim\u00e9e":"3 minutes"},"schema":{"@context":"https:\/\/schema.org","@graph":[{"@type":"Article","@id":"https:\/\/www.public.sn\/index.php\/2026\/01\/26\/finale-de-la-can-sonko-veut-tourner-la-page-et-preserver-lamitie-senegalo-marocaine\/#article","isPartOf":{"@id":"https:\/\/www.public.sn\/index.php\/2026\/01\/26\/finale-de-la-can-sonko-veut-tourner-la-page-et-preserver-lamitie-senegalo-marocaine\/"},"author":{"name":"LA REDACTION","@id":"https:\/\/www.public.sn\/#\/schema\/person\/cb76c8e1b8becc6be61fb5e92d6d0224"},"headline":"Finale de la CAN : Sonko veut tourner la page et pr\u00e9server l\u2019amiti\u00e9 s\u00e9n\u00e9galo-marocaine","datePublished":"2026-01-26T15:59:38+00:00","dateModified":"2026-01-26T15:59:49+00:00","mainEntityOfPage":{"@id":"https:\/\/www.public.sn\/index.php\/2026\/01\/26\/finale-de-la-can-sonko-veut-tourner-la-page-et-preserver-lamitie-senegalo-marocaine\/"},"wordCount":495,"commentCount":0,"publisher":{"@id":"https:\/\/www.public.sn\/#organization"},"image":{"@id":"https:\/\/www.public.sn\/index.php\/2026\/01\/26\/finale-de-la-can-sonko-veut-tourner-la-page-et-preserver-lamitie-senegalo-marocaine\/#primaryimage"},"thumbnailUrl":"https:\/\/www.public.sn\/wp-content\/uploads\/2026\/01\/Hassan-Naciri-Sonko-Senegal-Maroc.jpg","keywords":["finale","sonko"],"articleSection":["ACTUALIT\u00c9S","AFRIQUE &amp; MONDE","POLITIQUE"],"inLanguage":"fr-FR","potentialAction":[{"@type":"CommentAction","name":"Comment","target":["https:\/\/www.public.sn\/index.php\/2026\/01\/26\/finale-de-la-can-sonko-veut-tourner-la-page-et-preserver-lamitie-senegalo-marocaine\/#respond"]}]},{"@type":"WebPage","@id":"https:\/\/www.public.sn\/index.php\/2026\/01\/26\/finale-de-la-can-sonko-veut-tourner-la-page-et-preserver-lamitie-senegalo-marocaine\/","url":"https:\/\/www.public.sn\/index.php\/2026\/01\/26\/finale-de-la-can-sonko-veut-tourner-la-page-et-preserver-lamitie-senegalo-marocaine\/","name":"Finale de la CAN : Sonko veut tourner la page et pr\u00e9server l\u2019amiti\u00e9 s\u00e9n\u00e9galo-marocaine - LE PUBLIC","isPartOf":{"@id":"https:\/\/www.public.sn\/#website"},"primaryImageOfPage":{"@id":"https:\/\/www.public.sn\/index.php\/2026\/01\/26\/finale-de-la-can-sonko-veut-tourner-la-page-et-preserver-lamitie-senegalo-marocaine\/#primaryimage"},"image":{"@id":"https:\/\/www.public.sn\/index.php\/2026\/01\/26\/finale-de-la-can-sonko-veut-tourner-la-page-et-preserver-lamitie-senegalo-marocaine\/#primaryimage"},"thumbnailUrl":"https:\/\/www.public.sn\/wp-content\/uploads\/2026\/01\/Hassan-Naciri-Sonko-Senegal-Maroc.jpg","datePublished":"2026-01-26T15:59:38+00:00","dateModified":"2026-01-26T15:59:49+00:00","breadcrumb":{"@id":"https:\/\/www.public.sn\/index.php\/2026\/01\/26\/finale-de-la-can-sonko-veut-tourner-la-page-et-preserver-lamitie-senegalo-marocaine\/#breadcrumb"},"inLanguage":"fr-FR","potentialAction":[{"@type":"ReadAction","target":["https:\/\/www.public.sn\/index.php\/2026\/01\/26\/finale-de-la-can-sonko-veut-tourner-la-page-et-preserver-lamitie-senegalo-marocaine\/"]}]},{"@type":"ImageObject","inLanguage":"fr-FR","@id":"https:\/\/www.public.sn\/index.php\/2026\/01\/26\/finale-de-la-can-sonko-veut-tourner-la-page-et-preserver-lamitie-senegalo-marocaine\/#primaryimage","url":"https:\/\/www.public.sn\/wp-content\/uploads\/2026\/01\/Hassan-Naciri-Sonko-Senegal-Maroc.jpg","contentUrl":"https:\/\/www.public.sn\/wp-content\/uploads\/2026\/01\/Hassan-Naciri-Sonko-Senegal-Maroc.jpg","width":1080,"height":719},{"@type":"BreadcrumbList","@id":"https:\/\/www.public.sn\/index.php\/2026\/01\/26\/finale-de-la-can-sonko-veut-tourner-la-page-et-preserver-lamitie-senegalo-marocaine\/#breadcrumb","itemListElement":[{"@type":"ListItem","position":1,"name":"Accueil","item":"https:\/\/www.public.sn\/"},{"@type":"ListItem","position":2,"name":"Finale de la CAN : Sonko veut tourner la page et pr\u00e9server l\u2019amiti\u00e9 s\u00e9n\u00e9galo-marocaine"}]},{"@type":"WebSite","@id":"https:\/\/www.public.sn\/#website","url":"https:\/\/www.public.sn\/","name":"LE PUBLIC","description":"","publisher":{"@id":"https:\/\/www.public.sn\/#organization"},"potentialAction":[{"@type":"SearchAction","target":{"@type":"EntryPoint","urlTemplate":"https:\/\/www.public.sn\/?s={search_term_string}"},"query-input":{"@type":"PropertyValueSpecification","valueRequired":true,"valueName":"search_term_string"}}],"inLanguage":"fr-FR"},{"@type":"Organization","@id":"https:\/\/www.public.sn\/#organization","name":"LE PUBLIC","url":"https:\/\/www.public.sn\/","logo":{"@type":"ImageObject","inLanguage":"fr-FR","@id":"https:\/\/www.public.sn\/#\/schema\/logo\/image\/","url":"https:\/\/www.public.sn\/wp-content\/uploads\/2024\/05\/cropped-LOGO-PUBLIC.SN_.png","contentUrl":"https:\/\/www.public.sn\/wp-content\/uploads\/2024\/05\/cropped-LOGO-PUBLIC.SN_.png","width":682,"height":192,"caption":"LE PUBLIC"},"image":{"@id":"https:\/\/www.public.sn\/#\/schema\/logo\/image\/"}},{"@type":"Person","@id":"https:\/\/www.public.sn\/#\/schema\/person\/cb76c8e1b8becc6be61fb5e92d6d0224","name":"LA REDACTION","image":{"@type":"ImageObject","inLanguage":"fr-FR","@id":"https:\/\/www.public.sn\/#\/schema\/person\/image\/","url":"https:\/\/secure.gravatar.com\/avatar\/2dce5ddd34b8fef0180efe03aa2a9bee7d953856048f9a16b298190a3178407c?s=96&d=mm&r=g","contentUrl":"https:\/\/secure.gravatar.com\/avatar\/2dce5ddd34b8fef0180efe03aa2a9bee7d953856048f9a16b298190a3178407c?s=96&d=mm&r=g","caption":"LA REDACTION"},"url":"https:\/\/www.public.sn\/index.php\/author\/editeurpsn\/"}]}},"jetpack_featured_media_url":"https:\/\/www.public.sn\/wp-content\/uploads\/2026\/01\/Hassan-Naciri-Sonko-Senegal-Maroc.jpg","jetpack_sharing_enabled":true,"_links":{"self":[{"href":"https:\/\/www.public.sn\/index.php\/wp-json\/wp\/v2\/posts\/38714","targetHints":{"allow":["GET"]}}],"collection":[{"href":"https:\/\/www.public.sn\/index.php\/wp-json\/wp\/v2\/posts"}],"about":[{"href":"https:\/\/www.public.sn\/index.php\/wp-json\/wp\/v2\/types\/post"}],"author":[{"embeddable":true,"href":"https:\/\/www.public.sn\/index.php\/wp-json\/wp\/v2\/users\/7"}],"replies":[{"embeddable":true,"href":"https:\/\/www.public.sn\/index.php\/wp-json\/wp\/v2\/comments?post=38714"}],"version-history":[{"count":2,"href":"https:\/\/www.public.sn\/index.php\/wp-json\/wp\/v2\/posts\/38714\/revisions"}],"predecessor-version":[{"id":38717,"href":"https:\/\/www.public.sn\/index.php\/wp-json\/wp\/v2\/posts\/38714\/revisions\/38717"}],"wp:featuredmedia":[{"embeddable":true,"href":"https:\/\/www.public.sn\/index.php\/wp-json\/wp\/v2\/media\/38715"}],"wp:attachment":[{"href":"https:\/\/www.public.sn\/index.php\/wp-json\/wp\/v2\/media?parent=38714"}],"wp:term":[{"taxonomy":"category","embeddable":true,"href":"https:\/\/www.public.sn\/index.php\/wp-json\/wp\/v2\/categories?post=38714"},{"taxonomy":"post_tag","embeddable":true,"href":"https:\/\/www.public.sn\/index.php\/wp-json\/wp\/v2\/tags?post=38714"}],"curies":[{"name":"wp","href":"https:\/\/api.w.org\/{rel}","templated":true}]}}