{"id":38718,"date":"2026-01-26T16:11:29","date_gmt":"2026-01-26T16:11:29","guid":{"rendered":"https:\/\/www.public.sn\/?p=38718"},"modified":"2026-01-26T16:12:22","modified_gmt":"2026-01-26T16:12:22","slug":"caf-tout-savoir-sur-la-commission-de-discipline-et-son-pouvoir-de-sanction","status":"publish","type":"post","link":"https:\/\/www.public.sn\/index.php\/2026\/01\/26\/caf-tout-savoir-sur-la-commission-de-discipline-et-son-pouvoir-de-sanction\/","title":{"rendered":"CAF : tout savoir sur la Commission de discipline et son pouvoir de sanction"},"content":{"rendered":"\n<h3 class=\"wp-block-heading\"><strong>CAN 2025 : le S\u00e9n\u00e9gal expos\u00e9 \u00e0 des sanctions apr\u00e8s la finale pol\u00e9mique<\/strong><\/h3>\n\n\n\n<p>La finale de la Coupe d\u2019Afrique des nations 2025 entre le Maroc et le S\u00e9n\u00e9gal a laiss\u00e9 des traces au-del\u00e0 du sacre des Lions. Un penalty tr\u00e8s contest\u00e9 accord\u00e9 au pays h\u00f4te a entra\u00een\u00e9 le retrait collectif des joueurs s\u00e9n\u00e9galais vers les vestiaires, interrompant la rencontre pendant environ quinze minutes, avant leur retour sur la pelouse et une victoire finale 1-0 apr\u00e8s prolongation.<\/p><div class=\"publi-paragraphe1\" style=\"margin-top: 10px;margin-bottom: 10px;margin-left: auto;margin-right: auto;text-align: center;\" id=\"publi-2276653728\"><div class=\"publi-adlabel\">Publicit\u00e9<\/div><script async src=\"\/\/pagead2.googlesyndication.com\/pagead\/js\/adsbygoogle.js?client=ca-pub-4089586018074219\" crossorigin=\"anonymous\"><\/script><ins class=\"adsbygoogle\" style=\"display:block;\" data-ad-client=\"ca-pub-4089586018074219\" \ndata-ad-slot=\"2087940154\" \ndata-ad-format=\"auto\"><\/ins>\n<script> \n(adsbygoogle = window.adsbygoogle || []).push({}); \n<\/script>\n<\/div>\n\n\n\n<p>Cet \u00e9pisode a \u00e9t\u00e9 s\u00e9v\u00e8rement critiqu\u00e9 par plusieurs responsables du football mondial. Le pr\u00e9sident de la FIFA, Gianni Infantino, a qualifi\u00e9 le comportement de certains joueurs et membres du staff d\u2019\u00ab inacceptable \u00bb et appel\u00e9 \u00e0 l\u2019ouverture d\u2019une proc\u00e9dure disciplinaire. La Conf\u00e9d\u00e9ration africaine de football (CAF) a confirm\u00e9 que le dossier sera examin\u00e9 par sa Commission de discipline.<\/p>\n\n\n\n<p>Organe juridictionnel de premi\u00e8re instance de la CAF, cette commission est charg\u00e9e de sanctionner les infractions aux r\u00e8glements sur la base des rapports d\u2019arbitres, des images vid\u00e9o et des comptes rendus des commissaires de match. Elle peut infliger des amendes, des suspensions individuelles, voire des sanctions sportives applicables \u00e0 l\u2019ensemble des comp\u00e9titions CAF et FIFA.<\/p>\n\n\n\n<p>Si une d\u00e9faite sur tapis vert est peu probable, des suspensions de deux \u00e0 quatre matchs pour les joueurs ou membres du staff impliqu\u00e9s sont envisag\u00e9es, avec un impact potentiel sur les \u00e9liminatoires et la Coupe du monde 2026. Une amende financi\u00e8re pourrait \u00e9galement viser la F\u00e9d\u00e9ration s\u00e9n\u00e9galaise de football.<\/p>\n\n\n\n<p>La d\u00e9cision de la Commission disciplinaire est attendue dans les prochaines semaines et sera scrut\u00e9e de pr\u00e8s, tant pour ses cons\u00e9quences sur le S\u00e9n\u00e9gal que pour le signal qu\u2019elle enverra sur la gestion des contestations arbitrales dans le football africain.<\/p>\n<div class=\"publi-apres-le-contenu\" style=\"margin-top: 10px;margin-bottom: 10px;margin-left: auto;margin-right: auto;text-align: center;\" id=\"publi-3993311706\"><div class=\"publi-adlabel\">Publicit\u00e9<\/div><script async src=\"\/\/pagead2.googlesyndication.com\/pagead\/js\/adsbygoogle.js?client=ca-pub-4089586018074219\" crossorigin=\"anonymous\"><\/script><ins class=\"adsbygoogle\" style=\"display:block;\" data-ad-client=\"ca-pub-4089586018074219\" \ndata-ad-slot=\"2087940154\" \ndata-ad-format=\"auto\"><\/ins>\n<script> \n(adsbygoogle = window.adsbygoogle || []).push({}); \n<\/script>\n<\/div>","protected":false},"excerpt":{"rendered":"<p>CAN 2025 : le S\u00e9n\u00e9gal expos\u00e9 \u00e0 des sanctions apr\u00e8s la finale pol\u00e9mique La finale de la Coupe d\u2019Afrique des nations 2025 entre le Maroc et le S\u00e9n\u00e9gal a laiss\u00e9 des traces au-del\u00e0 du sacre des Lions. Un penalty tr\u00e8s contest\u00e9 accord\u00e9 au pays h\u00f4te a entra\u00een\u00e9 le retrait collectif des joueurs s\u00e9n\u00e9galais vers les vestiaires, interrompant la rencontre pendant environ quinze minutes, avant leur retour sur la pelouse et une victoire finale 1-0 apr\u00e8s prolongation. Cet \u00e9pisode a \u00e9t\u00e9 s\u00e9v\u00e8rement critiqu\u00e9 par plusieurs responsables du football mondial. Le pr\u00e9sident de la FIFA, Gianni Infantino, a qualifi\u00e9 le comportement de certains joueurs et membres du staff d\u2019\u00ab inacceptable \u00bb et appel\u00e9 \u00e0 l\u2019ouverture d\u2019une proc\u00e9dure disciplinaire. La Conf\u00e9d\u00e9ration africaine de football (CAF) a confirm\u00e9 que le dossier sera examin\u00e9 par sa Commission de discipline. Organe juridictionnel de premi\u00e8re instance de la CAF, cette commission est charg\u00e9e de sanctionner les infractions aux r\u00e8glements sur la base des rapports d\u2019arbitres, des images vid\u00e9o et des comptes rendus des commissaires de match. Elle peut infliger des amendes, des suspensions individuelles, voire des sanctions sportives applicables \u00e0 l\u2019ensemble des comp\u00e9titions CAF et FIFA. Si une d\u00e9faite sur tapis vert est peu probable, des suspensions de deux \u00e0 quatre matchs pour les joueurs ou membres du staff impliqu\u00e9s sont envisag\u00e9es, avec un impact potentiel sur les \u00e9liminatoires et la Coupe du monde 2026. Une amende financi\u00e8re pourrait \u00e9galement viser la F\u00e9d\u00e9ration s\u00e9n\u00e9galaise de football. La d\u00e9cision de la Commission disciplinaire est attendue dans les prochaines semaines et sera scrut\u00e9e de pr\u00e8s, tant pour ses cons\u00e9quences sur le S\u00e9n\u00e9gal que pour le signal qu\u2019elle enverra sur la gestion des contestations arbitrales dans le football africain.<\/p>\n","protected":false},"author":7,"featured_media":38719,"comment_status":"open","ping_status":"open","sticky":false,"template":"","format":"standard","meta":{"_jetpack_memberships_contains_paid_content":false,"footnotes":""},"categories":[375,550,3412,7],"tags":[1109,1108,1229],"class_list":["post-38718","post","type-post","status-publish","format-standard","has-post-thumbnail","hentry","category-actualites","category-afrique-monde","category-football","category-sport","tag-caf","tag-can-2025","tag-fifa","entry","has-media","owp-thumbs-layout-horizontal","owp-btn-normal","owp-tabs-layout-horizontal","has-no-thumbnails","has-product-nav"],"yoast_head":"<!-- This site is optimized with the Yoast SEO plugin v25.5 - https:\/\/yoast.com\/wordpress\/plugins\/seo\/ -->\n<title>CAF : tout savoir sur la Commission de discipline et son pouvoir de sanction - LE PUBLIC<\/title>\n<meta name=\"robots\" content=\"index, follow, max-snippet:-1, max-image-preview:large, max-video-preview:-1\" \/>\n<link rel=\"canonical\" href=\"https:\/\/www.public.sn\/index.php\/2026\/01\/26\/caf-tout-savoir-sur-la-commission-de-discipline-et-son-pouvoir-de-sanction\/\" \/>\n<meta property=\"og:locale\" content=\"fr_FR\" \/>\n<meta property=\"og:type\" content=\"article\" \/>\n<meta property=\"og:title\" content=\"CAF : tout savoir sur la Commission de discipline et son pouvoir de sanction - LE PUBLIC\" \/>\n<meta property=\"og:description\" content=\"CAN 2025 : le S\u00e9n\u00e9gal expos\u00e9 \u00e0 des sanctions apr\u00e8s la finale pol\u00e9mique La finale de la Coupe d\u2019Afrique des nations 2025 entre le Maroc et le S\u00e9n\u00e9gal a laiss\u00e9 des traces au-del\u00e0 du sacre des Lions. Un penalty tr\u00e8s contest\u00e9 accord\u00e9 au pays h\u00f4te a entra\u00een\u00e9 le retrait collectif des joueurs s\u00e9n\u00e9galais vers les vestiaires, interrompant la rencontre pendant environ quinze minutes, avant leur retour sur la pelouse et une victoire finale 1-0 apr\u00e8s prolongation. Cet \u00e9pisode a \u00e9t\u00e9 s\u00e9v\u00e8rement critiqu\u00e9 par plusieurs responsables du football mondial. Le pr\u00e9sident de la FIFA, Gianni Infantino, a qualifi\u00e9 le comportement de certains joueurs et membres du staff d\u2019\u00ab inacceptable \u00bb et appel\u00e9 \u00e0 l\u2019ouverture d\u2019une proc\u00e9dure disciplinaire. La Conf\u00e9d\u00e9ration africaine de football (CAF) a confirm\u00e9 que le dossier sera examin\u00e9 par sa Commission de discipline. Organe juridictionnel de premi\u00e8re instance de la CAF, cette commission est charg\u00e9e de sanctionner les infractions aux r\u00e8glements sur la base des rapports d\u2019arbitres, des images vid\u00e9o et des comptes rendus des commissaires de match. Elle peut infliger des amendes, des suspensions individuelles, voire des sanctions sportives applicables \u00e0 l\u2019ensemble des comp\u00e9titions CAF et FIFA. Si une d\u00e9faite sur tapis vert est peu probable, des suspensions de deux \u00e0 quatre matchs pour les joueurs ou membres du staff impliqu\u00e9s sont envisag\u00e9es, avec un impact potentiel sur les \u00e9liminatoires et la Coupe du monde 2026. Une amende financi\u00e8re pourrait \u00e9galement viser la F\u00e9d\u00e9ration s\u00e9n\u00e9galaise de football. La d\u00e9cision de la Commission disciplinaire est attendue dans les prochaines semaines et sera scrut\u00e9e de pr\u00e8s, tant pour ses cons\u00e9quences sur le S\u00e9n\u00e9gal que pour le signal qu\u2019elle enverra sur la gestion des contestations arbitrales dans le football africain.\" \/>\n<meta property=\"og:url\" content=\"https:\/\/www.public.sn\/index.php\/2026\/01\/26\/caf-tout-savoir-sur-la-commission-de-discipline-et-son-pouvoir-de-sanction\/\" \/>\n<meta property=\"og:site_name\" content=\"LE PUBLIC\" \/>\n<meta property=\"article:published_time\" content=\"2026-01-26T16:11:29+00:00\" \/>\n<meta property=\"article:modified_time\" content=\"2026-01-26T16:12:22+00:00\" \/>\n<meta property=\"og:image\" content=\"https:\/\/www.public.sn\/wp-content\/uploads\/2026\/01\/thumb_1260x800_69776eba25a09_3kYej67CNE.jpg\" \/>\n\t<meta property=\"og:image:width\" content=\"1260\" \/>\n\t<meta property=\"og:image:height\" content=\"800\" \/>\n\t<meta property=\"og:image:type\" content=\"image\/jpeg\" \/>\n<meta name=\"author\" content=\"LA REDACTION\" \/>\n<meta name=\"twitter:card\" content=\"summary_large_image\" \/>\n<meta name=\"twitter:label1\" content=\"\u00c9crit par\" \/>\n\t<meta name=\"twitter:data1\" content=\"LA REDACTION\" \/>\n\t<meta name=\"twitter:label2\" content=\"Dur\u00e9e de lecture estim\u00e9e\" \/>\n\t<meta name=\"twitter:data2\" content=\"2 minutes\" \/>\n<script type=\"application\/ld+json\" class=\"yoast-schema-graph\">{\"@context\":\"https:\/\/schema.org\",\"@graph\":[{\"@type\":\"Article\",\"@id\":\"https:\/\/www.public.sn\/index.php\/2026\/01\/26\/caf-tout-savoir-sur-la-commission-de-discipline-et-son-pouvoir-de-sanction\/#article\",\"isPartOf\":{\"@id\":\"https:\/\/www.public.sn\/index.php\/2026\/01\/26\/caf-tout-savoir-sur-la-commission-de-discipline-et-son-pouvoir-de-sanction\/\"},\"author\":{\"name\":\"LA REDACTION\",\"@id\":\"https:\/\/www.public.sn\/#\/schema\/person\/cb76c8e1b8becc6be61fb5e92d6d0224\"},\"headline\":\"CAF : tout savoir sur la Commission de discipline et son pouvoir de sanction\",\"datePublished\":\"2026-01-26T16:11:29+00:00\",\"dateModified\":\"2026-01-26T16:12:22+00:00\",\"mainEntityOfPage\":{\"@id\":\"https:\/\/www.public.sn\/index.php\/2026\/01\/26\/caf-tout-savoir-sur-la-commission-de-discipline-et-son-pouvoir-de-sanction\/\"},\"wordCount\":326,\"commentCount\":0,\"publisher\":{\"@id\":\"https:\/\/www.public.sn\/#organization\"},\"image\":{\"@id\":\"https:\/\/www.public.sn\/index.php\/2026\/01\/26\/caf-tout-savoir-sur-la-commission-de-discipline-et-son-pouvoir-de-sanction\/#primaryimage\"},\"thumbnailUrl\":\"https:\/\/www.public.sn\/wp-content\/uploads\/2026\/01\/thumb_1260x800_69776eba25a09_3kYej67CNE.jpg\",\"keywords\":[\"CAF\",\"CAN 2025\",\"fifa\"],\"articleSection\":[\"ACTUALIT\u00c9S\",\"AFRIQUE &amp; MONDE\",\"FOOTBALL\",\"SPORTS\"],\"inLanguage\":\"fr-FR\",\"potentialAction\":[{\"@type\":\"CommentAction\",\"name\":\"Comment\",\"target\":[\"https:\/\/www.public.sn\/index.php\/2026\/01\/26\/caf-tout-savoir-sur-la-commission-de-discipline-et-son-pouvoir-de-sanction\/#respond\"]}]},{\"@type\":\"WebPage\",\"@id\":\"https:\/\/www.public.sn\/index.php\/2026\/01\/26\/caf-tout-savoir-sur-la-commission-de-discipline-et-son-pouvoir-de-sanction\/\",\"url\":\"https:\/\/www.public.sn\/index.php\/2026\/01\/26\/caf-tout-savoir-sur-la-commission-de-discipline-et-son-pouvoir-de-sanction\/\",\"name\":\"CAF : tout savoir sur la Commission de discipline et son pouvoir de sanction - LE PUBLIC\",\"isPartOf\":{\"@id\":\"https:\/\/www.public.sn\/#website\"},\"primaryImageOfPage\":{\"@id\":\"https:\/\/www.public.sn\/index.php\/2026\/01\/26\/caf-tout-savoir-sur-la-commission-de-discipline-et-son-pouvoir-de-sanction\/#primaryimage\"},\"image\":{\"@id\":\"https:\/\/www.public.sn\/index.php\/2026\/01\/26\/caf-tout-savoir-sur-la-commission-de-discipline-et-son-pouvoir-de-sanction\/#primaryimage\"},\"thumbnailUrl\":\"https:\/\/www.public.sn\/wp-content\/uploads\/2026\/01\/thumb_1260x800_69776eba25a09_3kYej67CNE.jpg\",\"datePublished\":\"2026-01-26T16:11:29+00:00\",\"dateModified\":\"2026-01-26T16:12:22+00:00\",\"breadcrumb\":{\"@id\":\"https:\/\/www.public.sn\/index.php\/2026\/01\/26\/caf-tout-savoir-sur-la-commission-de-discipline-et-son-pouvoir-de-sanction\/#breadcrumb\"},\"inLanguage\":\"fr-FR\",\"potentialAction\":[{\"@type\":\"ReadAction\",\"target\":[\"https:\/\/www.public.sn\/index.php\/2026\/01\/26\/caf-tout-savoir-sur-la-commission-de-discipline-et-son-pouvoir-de-sanction\/\"]}]},{\"@type\":\"ImageObject\",\"inLanguage\":\"fr-FR\",\"@id\":\"https:\/\/www.public.sn\/index.php\/2026\/01\/26\/caf-tout-savoir-sur-la-commission-de-discipline-et-son-pouvoir-de-sanction\/#primaryimage\",\"url\":\"https:\/\/www.public.sn\/wp-content\/uploads\/2026\/01\/thumb_1260x800_69776eba25a09_3kYej67CNE.jpg\",\"contentUrl\":\"https:\/\/www.public.sn\/wp-content\/uploads\/2026\/01\/thumb_1260x800_69776eba25a09_3kYej67CNE.jpg\",\"width\":1260,\"height\":800},{\"@type\":\"BreadcrumbList\",\"@id\":\"https:\/\/www.public.sn\/index.php\/2026\/01\/26\/caf-tout-savoir-sur-la-commission-de-discipline-et-son-pouvoir-de-sanction\/#breadcrumb\",\"itemListElement\":[{\"@type\":\"ListItem\",\"position\":1,\"name\":\"Accueil\",\"item\":\"https:\/\/www.public.sn\/\"},{\"@type\":\"ListItem\",\"position\":2,\"name\":\"CAF : tout savoir sur la Commission de discipline et son pouvoir de sanction\"}]},{\"@type\":\"WebSite\",\"@id\":\"https:\/\/www.public.sn\/#website\",\"url\":\"https:\/\/www.public.sn\/\",\"name\":\"LE PUBLIC\",\"description\":\"\",\"publisher\":{\"@id\":\"https:\/\/www.public.sn\/#organization\"},\"potentialAction\":[{\"@type\":\"SearchAction\",\"target\":{\"@type\":\"EntryPoint\",\"urlTemplate\":\"https:\/\/www.public.sn\/?s={search_term_string}\"},\"query-input\":{\"@type\":\"PropertyValueSpecification\",\"valueRequired\":true,\"valueName\":\"search_term_string\"}}],\"inLanguage\":\"fr-FR\"},{\"@type\":\"Organization\",\"@id\":\"https:\/\/www.public.sn\/#organization\",\"name\":\"LE PUBLIC\",\"url\":\"https:\/\/www.public.sn\/\",\"logo\":{\"@type\":\"ImageObject\",\"inLanguage\":\"fr-FR\",\"@id\":\"https:\/\/www.public.sn\/#\/schema\/logo\/image\/\",\"url\":\"https:\/\/www.public.sn\/wp-content\/uploads\/2024\/05\/cropped-LOGO-PUBLIC.SN_.png\",\"contentUrl\":\"https:\/\/www.public.sn\/wp-content\/uploads\/2024\/05\/cropped-LOGO-PUBLIC.SN_.png\",\"width\":682,\"height\":192,\"caption\":\"LE PUBLIC\"},\"image\":{\"@id\":\"https:\/\/www.public.sn\/#\/schema\/logo\/image\/\"}},{\"@type\":\"Person\",\"@id\":\"https:\/\/www.public.sn\/#\/schema\/person\/cb76c8e1b8becc6be61fb5e92d6d0224\",\"name\":\"LA REDACTION\",\"image\":{\"@type\":\"ImageObject\",\"inLanguage\":\"fr-FR\",\"@id\":\"https:\/\/www.public.sn\/#\/schema\/person\/image\/\",\"url\":\"https:\/\/secure.gravatar.com\/avatar\/2dce5ddd34b8fef0180efe03aa2a9bee7d953856048f9a16b298190a3178407c?s=96&d=mm&r=g\",\"contentUrl\":\"https:\/\/secure.gravatar.com\/avatar\/2dce5ddd34b8fef0180efe03aa2a9bee7d953856048f9a16b298190a3178407c?s=96&d=mm&r=g\",\"caption\":\"LA REDACTION\"},\"url\":\"https:\/\/www.public.sn\/index.php\/author\/editeurpsn\/\"}]}<\/script>\n<!-- \/ Yoast SEO plugin. -->","yoast_head_json":{"title":"CAF : tout savoir sur la Commission de discipline et son pouvoir de sanction - LE PUBLIC","robots":{"index":"index","follow":"follow","max-snippet":"max-snippet:-1","max-image-preview":"max-image-preview:large","max-video-preview":"max-video-preview:-1"},"canonical":"https:\/\/www.public.sn\/index.php\/2026\/01\/26\/caf-tout-savoir-sur-la-commission-de-discipline-et-son-pouvoir-de-sanction\/","og_locale":"fr_FR","og_type":"article","og_title":"CAF : tout savoir sur la Commission de discipline et son pouvoir de sanction - LE PUBLIC","og_description":"CAN 2025 : le S\u00e9n\u00e9gal expos\u00e9 \u00e0 des sanctions apr\u00e8s la finale pol\u00e9mique La finale de la Coupe d\u2019Afrique des nations 2025 entre le Maroc et le S\u00e9n\u00e9gal a laiss\u00e9 des traces au-del\u00e0 du sacre des Lions. Un penalty tr\u00e8s contest\u00e9 accord\u00e9 au pays h\u00f4te a entra\u00een\u00e9 le retrait collectif des joueurs s\u00e9n\u00e9galais vers les vestiaires, interrompant la rencontre pendant environ quinze minutes, avant leur retour sur la pelouse et une victoire finale 1-0 apr\u00e8s prolongation. Cet \u00e9pisode a \u00e9t\u00e9 s\u00e9v\u00e8rement critiqu\u00e9 par plusieurs responsables du football mondial. Le pr\u00e9sident de la FIFA, Gianni Infantino, a qualifi\u00e9 le comportement de certains joueurs et membres du staff d\u2019\u00ab inacceptable \u00bb et appel\u00e9 \u00e0 l\u2019ouverture d\u2019une proc\u00e9dure disciplinaire. La Conf\u00e9d\u00e9ration africaine de football (CAF) a confirm\u00e9 que le dossier sera examin\u00e9 par sa Commission de discipline. Organe juridictionnel de premi\u00e8re instance de la CAF, cette commission est charg\u00e9e de sanctionner les infractions aux r\u00e8glements sur la base des rapports d\u2019arbitres, des images vid\u00e9o et des comptes rendus des commissaires de match. Elle peut infliger des amendes, des suspensions individuelles, voire des sanctions sportives applicables \u00e0 l\u2019ensemble des comp\u00e9titions CAF et FIFA. Si une d\u00e9faite sur tapis vert est peu probable, des suspensions de deux \u00e0 quatre matchs pour les joueurs ou membres du staff impliqu\u00e9s sont envisag\u00e9es, avec un impact potentiel sur les \u00e9liminatoires et la Coupe du monde 2026. Une amende financi\u00e8re pourrait \u00e9galement viser la F\u00e9d\u00e9ration s\u00e9n\u00e9galaise de football. La d\u00e9cision de la Commission disciplinaire est attendue dans les prochaines semaines et sera scrut\u00e9e de pr\u00e8s, tant pour ses cons\u00e9quences sur le S\u00e9n\u00e9gal que pour le signal qu\u2019elle enverra sur la gestion des contestations arbitrales dans le football africain.","og_url":"https:\/\/www.public.sn\/index.php\/2026\/01\/26\/caf-tout-savoir-sur-la-commission-de-discipline-et-son-pouvoir-de-sanction\/","og_site_name":"LE PUBLIC","article_published_time":"2026-01-26T16:11:29+00:00","article_modified_time":"2026-01-26T16:12:22+00:00","og_image":[{"width":1260,"height":800,"url":"https:\/\/www.public.sn\/wp-content\/uploads\/2026\/01\/thumb_1260x800_69776eba25a09_3kYej67CNE.jpg","type":"image\/jpeg"}],"author":"LA REDACTION","twitter_card":"summary_large_image","twitter_misc":{"\u00c9crit par":"LA REDACTION","Dur\u00e9e de lecture estim\u00e9e":"2 minutes"},"schema":{"@context":"https:\/\/schema.org","@graph":[{"@type":"Article","@id":"https:\/\/www.public.sn\/index.php\/2026\/01\/26\/caf-tout-savoir-sur-la-commission-de-discipline-et-son-pouvoir-de-sanction\/#article","isPartOf":{"@id":"https:\/\/www.public.sn\/index.php\/2026\/01\/26\/caf-tout-savoir-sur-la-commission-de-discipline-et-son-pouvoir-de-sanction\/"},"author":{"name":"LA REDACTION","@id":"https:\/\/www.public.sn\/#\/schema\/person\/cb76c8e1b8becc6be61fb5e92d6d0224"},"headline":"CAF : tout savoir sur la Commission de discipline et son pouvoir de sanction","datePublished":"2026-01-26T16:11:29+00:00","dateModified":"2026-01-26T16:12:22+00:00","mainEntityOfPage":{"@id":"https:\/\/www.public.sn\/index.php\/2026\/01\/26\/caf-tout-savoir-sur-la-commission-de-discipline-et-son-pouvoir-de-sanction\/"},"wordCount":326,"commentCount":0,"publisher":{"@id":"https:\/\/www.public.sn\/#organization"},"image":{"@id":"https:\/\/www.public.sn\/index.php\/2026\/01\/26\/caf-tout-savoir-sur-la-commission-de-discipline-et-son-pouvoir-de-sanction\/#primaryimage"},"thumbnailUrl":"https:\/\/www.public.sn\/wp-content\/uploads\/2026\/01\/thumb_1260x800_69776eba25a09_3kYej67CNE.jpg","keywords":["CAF","CAN 2025","fifa"],"articleSection":["ACTUALIT\u00c9S","AFRIQUE &amp; MONDE","FOOTBALL","SPORTS"],"inLanguage":"fr-FR","potentialAction":[{"@type":"CommentAction","name":"Comment","target":["https:\/\/www.public.sn\/index.php\/2026\/01\/26\/caf-tout-savoir-sur-la-commission-de-discipline-et-son-pouvoir-de-sanction\/#respond"]}]},{"@type":"WebPage","@id":"https:\/\/www.public.sn\/index.php\/2026\/01\/26\/caf-tout-savoir-sur-la-commission-de-discipline-et-son-pouvoir-de-sanction\/","url":"https:\/\/www.public.sn\/index.php\/2026\/01\/26\/caf-tout-savoir-sur-la-commission-de-discipline-et-son-pouvoir-de-sanction\/","name":"CAF : tout savoir sur la Commission de discipline et son pouvoir de sanction - LE PUBLIC","isPartOf":{"@id":"https:\/\/www.public.sn\/#website"},"primaryImageOfPage":{"@id":"https:\/\/www.public.sn\/index.php\/2026\/01\/26\/caf-tout-savoir-sur-la-commission-de-discipline-et-son-pouvoir-de-sanction\/#primaryimage"},"image":{"@id":"https:\/\/www.public.sn\/index.php\/2026\/01\/26\/caf-tout-savoir-sur-la-commission-de-discipline-et-son-pouvoir-de-sanction\/#primaryimage"},"thumbnailUrl":"https:\/\/www.public.sn\/wp-content\/uploads\/2026\/01\/thumb_1260x800_69776eba25a09_3kYej67CNE.jpg","datePublished":"2026-01-26T16:11:29+00:00","dateModified":"2026-01-26T16:12:22+00:00","breadcrumb":{"@id":"https:\/\/www.public.sn\/index.php\/2026\/01\/26\/caf-tout-savoir-sur-la-commission-de-discipline-et-son-pouvoir-de-sanction\/#breadcrumb"},"inLanguage":"fr-FR","potentialAction":[{"@type":"ReadAction","target":["https:\/\/www.public.sn\/index.php\/2026\/01\/26\/caf-tout-savoir-sur-la-commission-de-discipline-et-son-pouvoir-de-sanction\/"]}]},{"@type":"ImageObject","inLanguage":"fr-FR","@id":"https:\/\/www.public.sn\/index.php\/2026\/01\/26\/caf-tout-savoir-sur-la-commission-de-discipline-et-son-pouvoir-de-sanction\/#primaryimage","url":"https:\/\/www.public.sn\/wp-content\/uploads\/2026\/01\/thumb_1260x800_69776eba25a09_3kYej67CNE.jpg","contentUrl":"https:\/\/www.public.sn\/wp-content\/uploads\/2026\/01\/thumb_1260x800_69776eba25a09_3kYej67CNE.jpg","width":1260,"height":800},{"@type":"BreadcrumbList","@id":"https:\/\/www.public.sn\/index.php\/2026\/01\/26\/caf-tout-savoir-sur-la-commission-de-discipline-et-son-pouvoir-de-sanction\/#breadcrumb","itemListElement":[{"@type":"ListItem","position":1,"name":"Accueil","item":"https:\/\/www.public.sn\/"},{"@type":"ListItem","position":2,"name":"CAF : tout savoir sur la Commission de discipline et son pouvoir de sanction"}]},{"@type":"WebSite","@id":"https:\/\/www.public.sn\/#website","url":"https:\/\/www.public.sn\/","name":"LE PUBLIC","description":"","publisher":{"@id":"https:\/\/www.public.sn\/#organization"},"potentialAction":[{"@type":"SearchAction","target":{"@type":"EntryPoint","urlTemplate":"https:\/\/www.public.sn\/?s={search_term_string}"},"query-input":{"@type":"PropertyValueSpecification","valueRequired":true,"valueName":"search_term_string"}}],"inLanguage":"fr-FR"},{"@type":"Organization","@id":"https:\/\/www.public.sn\/#organization","name":"LE PUBLIC","url":"https:\/\/www.public.sn\/","logo":{"@type":"ImageObject","inLanguage":"fr-FR","@id":"https:\/\/www.public.sn\/#\/schema\/logo\/image\/","url":"https:\/\/www.public.sn\/wp-content\/uploads\/2024\/05\/cropped-LOGO-PUBLIC.SN_.png","contentUrl":"https:\/\/www.public.sn\/wp-content\/uploads\/2024\/05\/cropped-LOGO-PUBLIC.SN_.png","width":682,"height":192,"caption":"LE PUBLIC"},"image":{"@id":"https:\/\/www.public.sn\/#\/schema\/logo\/image\/"}},{"@type":"Person","@id":"https:\/\/www.public.sn\/#\/schema\/person\/cb76c8e1b8becc6be61fb5e92d6d0224","name":"LA REDACTION","image":{"@type":"ImageObject","inLanguage":"fr-FR","@id":"https:\/\/www.public.sn\/#\/schema\/person\/image\/","url":"https:\/\/secure.gravatar.com\/avatar\/2dce5ddd34b8fef0180efe03aa2a9bee7d953856048f9a16b298190a3178407c?s=96&d=mm&r=g","contentUrl":"https:\/\/secure.gravatar.com\/avatar\/2dce5ddd34b8fef0180efe03aa2a9bee7d953856048f9a16b298190a3178407c?s=96&d=mm&r=g","caption":"LA REDACTION"},"url":"https:\/\/www.public.sn\/index.php\/author\/editeurpsn\/"}]}},"jetpack_featured_media_url":"https:\/\/www.public.sn\/wp-content\/uploads\/2026\/01\/thumb_1260x800_69776eba25a09_3kYej67CNE.jpg","jetpack_sharing_enabled":true,"_links":{"self":[{"href":"https:\/\/www.public.sn\/index.php\/wp-json\/wp\/v2\/posts\/38718","targetHints":{"allow":["GET"]}}],"collection":[{"href":"https:\/\/www.public.sn\/index.php\/wp-json\/wp\/v2\/posts"}],"about":[{"href":"https:\/\/www.public.sn\/index.php\/wp-json\/wp\/v2\/types\/post"}],"author":[{"embeddable":true,"href":"https:\/\/www.public.sn\/index.php\/wp-json\/wp\/v2\/users\/7"}],"replies":[{"embeddable":true,"href":"https:\/\/www.public.sn\/index.php\/wp-json\/wp\/v2\/comments?post=38718"}],"version-history":[{"count":1,"href":"https:\/\/www.public.sn\/index.php\/wp-json\/wp\/v2\/posts\/38718\/revisions"}],"predecessor-version":[{"id":38720,"href":"https:\/\/www.public.sn\/index.php\/wp-json\/wp\/v2\/posts\/38718\/revisions\/38720"}],"wp:featuredmedia":[{"embeddable":true,"href":"https:\/\/www.public.sn\/index.php\/wp-json\/wp\/v2\/media\/38719"}],"wp:attachment":[{"href":"https:\/\/www.public.sn\/index.php\/wp-json\/wp\/v2\/media?parent=38718"}],"wp:term":[{"taxonomy":"category","embeddable":true,"href":"https:\/\/www.public.sn\/index.php\/wp-json\/wp\/v2\/categories?post=38718"},{"taxonomy":"post_tag","embeddable":true,"href":"https:\/\/www.public.sn\/index.php\/wp-json\/wp\/v2\/tags?post=38718"}],"curies":[{"name":"wp","href":"https:\/\/api.w.org\/{rel}","templated":true}]}}