{"id":3872,"date":"2022-10-07T12:17:34","date_gmt":"2022-10-07T12:17:34","guid":{"rendered":"https:\/\/www.public.sn\/?p=3872"},"modified":"2022-10-07T12:17:35","modified_gmt":"2022-10-07T12:17:35","slug":"aliou-ka-vole-les-boeufs-de-son-voisin-et-prend-2-ans-ferme","status":"publish","type":"post","link":"https:\/\/www.public.sn\/index.php\/2022\/10\/07\/aliou-ka-vole-les-boeufs-de-son-voisin-et-prend-2-ans-ferme\/","title":{"rendered":"Aliou Ka vole les b\u0153ufs de son voisin et prend 2 ans ferme."},"content":{"rendered":"\n<p><br><strong>L\u2019habitude est une seconde nature et il est difficile de s\u2019en d\u00e9barrasser. Elargi de prison \u00e0 Diourbel apr\u00e8s avoir purg\u00e9 une peine d\u2019un an de prison pour le vol de 6 moutons de son voisin Mbaye Diouf,  Aliou Ka a vu grand \u00e0 sa sortie<\/strong>.<\/p><div class=\"publi-paragraphe1\" style=\"margin-top: 10px;margin-bottom: 10px;margin-left: auto;margin-right: auto;text-align: center;\" id=\"publi-1827654143\"><div class=\"publi-adlabel\">Publicit\u00e9<\/div><script async src=\"\/\/pagead2.googlesyndication.com\/pagead\/js\/adsbygoogle.js?client=ca-pub-4089586018074219\" crossorigin=\"anonymous\"><\/script><ins class=\"adsbygoogle\" style=\"display:block;\" data-ad-client=\"ca-pub-4089586018074219\" \ndata-ad-slot=\"2087940154\" \ndata-ad-format=\"auto\"><\/ins>\n<script> \n(adsbygoogle = window.adsbygoogle || []).push({}); \n<\/script>\n<\/div>\n\n\n\n<p> Selon l\u2019Observateur cette fois ci Aliou Ka, puisque c\u2019est de lui qu\u2019il s\u2019agit, a d\u00e9cid\u00e9 de voler les deux b\u0153ufs de ce m\u00eame voisin. Constatant la disparition de ses b\u00eates, il se rendit devant le procureur pour porter plainte sans pour autant pens\u00e9 qu\u2019Aliou Ka \u00e9tait en fait le voleur. Mbaye Diouf entreprit de faire des recherches au niveau des march\u00e9s hebdomadaires. Et par la pure des hasards, il rencontre un berger du nom de Babacar Faye au march\u00e9 de Ndindy.<\/p>\n\n\n\n<p> Celui-ci, apr\u00e8s la description des b\u0153ufs, lui r\u00e9v\u00e8le avoir vu Aliou Ka conduire les animaux. Il fut arr\u00eat\u00e9 dans la foul\u00e9e. Mais devant les enqu\u00eateurs et devant la barre, il r\u00e9fute ces accusations. Une position qui ne convainc gu\u00e8re le juge. Finalement Aliou Ka a \u00e9t\u00e9 condamn\u00e9 \u00e0 2 ans de prison ferme et \u00e0 s\u2019acquitter du paiement d\u2019un Million de FCFA en guise de dommages et int\u00e9r\u00eats.<br><br>Samba SY.<br><\/p>\n<div class=\"publi-apres-le-contenu\" style=\"margin-top: 10px;margin-bottom: 10px;margin-left: auto;margin-right: auto;text-align: center;\" id=\"publi-1895564338\"><div class=\"publi-adlabel\">Publicit\u00e9<\/div><script async src=\"\/\/pagead2.googlesyndication.com\/pagead\/js\/adsbygoogle.js?client=ca-pub-4089586018074219\" crossorigin=\"anonymous\"><\/script><ins class=\"adsbygoogle\" style=\"display:block;\" data-ad-client=\"ca-pub-4089586018074219\" \ndata-ad-slot=\"2087940154\" \ndata-ad-format=\"auto\"><\/ins>\n<script> \n(adsbygoogle = window.adsbygoogle || []).push({}); \n<\/script>\n<\/div>","protected":false},"excerpt":{"rendered":"<p>L\u2019habitude est une seconde nature et il est difficile de s\u2019en d\u00e9barrasser. Elargi de prison \u00e0 Diourbel apr\u00e8s avoir purg\u00e9 une peine d\u2019un an de prison pour le vol de 6 moutons de son voisin Mbaye Diouf, Aliou Ka a vu grand \u00e0 sa sortie. Selon l\u2019Observateur cette fois ci Aliou Ka, puisque c\u2019est de lui qu\u2019il s\u2019agit, a d\u00e9cid\u00e9 de voler les deux b\u0153ufs de ce m\u00eame voisin. Constatant la disparition de ses b\u00eates, il se rendit devant le procureur pour porter plainte sans pour autant pens\u00e9 qu\u2019Aliou Ka \u00e9tait en fait le voleur. Mbaye Diouf entreprit de faire des recherches au niveau des march\u00e9s hebdomadaires. Et par la pure des hasards, il rencontre un berger du nom de Babacar Faye au march\u00e9 de Ndindy. Celui-ci, apr\u00e8s la description des b\u0153ufs, lui r\u00e9v\u00e8le avoir vu Aliou Ka conduire les animaux. Il fut arr\u00eat\u00e9 dans la foul\u00e9e. Mais devant les enqu\u00eateurs et devant la barre, il r\u00e9fute ces accusations. Une position qui ne convainc gu\u00e8re le juge. Finalement Aliou Ka a \u00e9t\u00e9 condamn\u00e9 \u00e0 2 ans de prison ferme et \u00e0 s\u2019acquitter du paiement d\u2019un Million de FCFA en guise de dommages et int\u00e9r\u00eats. Samba SY.<\/p>\n","protected":false},"author":1,"featured_media":3880,"comment_status":"open","ping_status":"open","sticky":false,"template":"","format":"standard","meta":{"_jetpack_memberships_contains_paid_content":false,"footnotes":""},"categories":[375,379,1],"tags":[1268,1269,1267],"class_list":["post-3872","post","type-post","status-publish","format-standard","has-post-thumbnail","hentry","category-actualites","category-faits-divers","category-non-classe","tag-aliou-ka","tag-marche-ndindy","tag-vol-de-boeufs","entry","has-media","owp-thumbs-layout-horizontal","owp-btn-normal","owp-tabs-layout-horizontal","has-no-thumbnails","has-product-nav"],"yoast_head":"<!-- This site is optimized with the Yoast SEO plugin v25.5 - https:\/\/yoast.com\/wordpress\/plugins\/seo\/ -->\n<title>Aliou Ka vole les b\u0153ufs de son voisin et prend 2 ans ferme. - LE PUBLIC<\/title>\n<meta name=\"robots\" content=\"index, follow, max-snippet:-1, max-image-preview:large, max-video-preview:-1\" \/>\n<link rel=\"canonical\" href=\"https:\/\/www.public.sn\/index.php\/2022\/10\/07\/aliou-ka-vole-les-boeufs-de-son-voisin-et-prend-2-ans-ferme\/\" \/>\n<meta property=\"og:locale\" content=\"fr_FR\" \/>\n<meta property=\"og:type\" content=\"article\" \/>\n<meta property=\"og:title\" content=\"Aliou Ka vole les b\u0153ufs de son voisin et prend 2 ans ferme. - LE PUBLIC\" \/>\n<meta property=\"og:description\" content=\"L\u2019habitude est une seconde nature et il est difficile de s\u2019en d\u00e9barrasser. Elargi de prison \u00e0 Diourbel apr\u00e8s avoir purg\u00e9 une peine d\u2019un an de prison pour le vol de 6 moutons de son voisin Mbaye Diouf, Aliou Ka a vu grand \u00e0 sa sortie. Selon l\u2019Observateur cette fois ci Aliou Ka, puisque c\u2019est de lui qu\u2019il s\u2019agit, a d\u00e9cid\u00e9 de voler les deux b\u0153ufs de ce m\u00eame voisin. Constatant la disparition de ses b\u00eates, il se rendit devant le procureur pour porter plainte sans pour autant pens\u00e9 qu\u2019Aliou Ka \u00e9tait en fait le voleur. Mbaye Diouf entreprit de faire des recherches au niveau des march\u00e9s hebdomadaires. Et par la pure des hasards, il rencontre un berger du nom de Babacar Faye au march\u00e9 de Ndindy. Celui-ci, apr\u00e8s la description des b\u0153ufs, lui r\u00e9v\u00e8le avoir vu Aliou Ka conduire les animaux. Il fut arr\u00eat\u00e9 dans la foul\u00e9e. Mais devant les enqu\u00eateurs et devant la barre, il r\u00e9fute ces accusations. Une position qui ne convainc gu\u00e8re le juge. Finalement Aliou Ka a \u00e9t\u00e9 condamn\u00e9 \u00e0 2 ans de prison ferme et \u00e0 s\u2019acquitter du paiement d\u2019un Million de FCFA en guise de dommages et int\u00e9r\u00eats. Samba SY.\" \/>\n<meta property=\"og:url\" content=\"https:\/\/www.public.sn\/index.php\/2022\/10\/07\/aliou-ka-vole-les-boeufs-de-son-voisin-et-prend-2-ans-ferme\/\" \/>\n<meta property=\"og:site_name\" content=\"LE PUBLIC\" \/>\n<meta property=\"article:published_time\" content=\"2022-10-07T12:17:34+00:00\" \/>\n<meta property=\"article:modified_time\" content=\"2022-10-07T12:17:35+00:00\" \/>\n<meta property=\"og:image\" content=\"https:\/\/www.public.sn\/wp-content\/uploads\/2022\/10\/AA.jpg\" \/>\n\t<meta property=\"og:image:width\" content=\"612\" \/>\n\t<meta property=\"og:image:height\" content=\"298\" \/>\n\t<meta property=\"og:image:type\" content=\"image\/jpeg\" \/>\n<meta name=\"author\" content=\"LA REDACTION\" \/>\n<meta name=\"twitter:card\" content=\"summary_large_image\" \/>\n<meta name=\"twitter:label1\" content=\"\u00c9crit par\" \/>\n\t<meta name=\"twitter:data1\" content=\"LA REDACTION\" \/>\n\t<meta name=\"twitter:label2\" content=\"Dur\u00e9e de lecture estim\u00e9e\" \/>\n\t<meta name=\"twitter:data2\" content=\"2 minutes\" \/>\n<script type=\"application\/ld+json\" class=\"yoast-schema-graph\">{\"@context\":\"https:\/\/schema.org\",\"@graph\":[{\"@type\":\"Article\",\"@id\":\"https:\/\/www.public.sn\/index.php\/2022\/10\/07\/aliou-ka-vole-les-boeufs-de-son-voisin-et-prend-2-ans-ferme\/#article\",\"isPartOf\":{\"@id\":\"https:\/\/www.public.sn\/index.php\/2022\/10\/07\/aliou-ka-vole-les-boeufs-de-son-voisin-et-prend-2-ans-ferme\/\"},\"author\":{\"name\":\"LA REDACTION\",\"@id\":\"https:\/\/www.public.sn\/#\/schema\/person\/e3f4a11b037d4203902db148f9bc8d5a\"},\"headline\":\"Aliou Ka vole les b\u0153ufs de son voisin et prend 2 ans ferme.\",\"datePublished\":\"2022-10-07T12:17:34+00:00\",\"dateModified\":\"2022-10-07T12:17:35+00:00\",\"mainEntityOfPage\":{\"@id\":\"https:\/\/www.public.sn\/index.php\/2022\/10\/07\/aliou-ka-vole-les-boeufs-de-son-voisin-et-prend-2-ans-ferme\/\"},\"wordCount\":231,\"commentCount\":0,\"publisher\":{\"@id\":\"https:\/\/www.public.sn\/#organization\"},\"image\":{\"@id\":\"https:\/\/www.public.sn\/index.php\/2022\/10\/07\/aliou-ka-vole-les-boeufs-de-son-voisin-et-prend-2-ans-ferme\/#primaryimage\"},\"thumbnailUrl\":\"https:\/\/www.public.sn\/wp-content\/uploads\/2022\/10\/AA.jpg\",\"keywords\":[\"aliou ka\",\"marche ndindy\",\"vol de boeufs\"],\"articleSection\":[\"ACTUALIT\u00c9S\",\"FAITS DIVERS\",\"S\u00c9N\u00c9GAL\"],\"inLanguage\":\"fr-FR\",\"potentialAction\":[{\"@type\":\"CommentAction\",\"name\":\"Comment\",\"target\":[\"https:\/\/www.public.sn\/index.php\/2022\/10\/07\/aliou-ka-vole-les-boeufs-de-son-voisin-et-prend-2-ans-ferme\/#respond\"]}]},{\"@type\":\"WebPage\",\"@id\":\"https:\/\/www.public.sn\/index.php\/2022\/10\/07\/aliou-ka-vole-les-boeufs-de-son-voisin-et-prend-2-ans-ferme\/\",\"url\":\"https:\/\/www.public.sn\/index.php\/2022\/10\/07\/aliou-ka-vole-les-boeufs-de-son-voisin-et-prend-2-ans-ferme\/\",\"name\":\"Aliou Ka vole les b\u0153ufs de son voisin et prend 2 ans ferme. - LE PUBLIC\",\"isPartOf\":{\"@id\":\"https:\/\/www.public.sn\/#website\"},\"primaryImageOfPage\":{\"@id\":\"https:\/\/www.public.sn\/index.php\/2022\/10\/07\/aliou-ka-vole-les-boeufs-de-son-voisin-et-prend-2-ans-ferme\/#primaryimage\"},\"image\":{\"@id\":\"https:\/\/www.public.sn\/index.php\/2022\/10\/07\/aliou-ka-vole-les-boeufs-de-son-voisin-et-prend-2-ans-ferme\/#primaryimage\"},\"thumbnailUrl\":\"https:\/\/www.public.sn\/wp-content\/uploads\/2022\/10\/AA.jpg\",\"datePublished\":\"2022-10-07T12:17:34+00:00\",\"dateModified\":\"2022-10-07T12:17:35+00:00\",\"breadcrumb\":{\"@id\":\"https:\/\/www.public.sn\/index.php\/2022\/10\/07\/aliou-ka-vole-les-boeufs-de-son-voisin-et-prend-2-ans-ferme\/#breadcrumb\"},\"inLanguage\":\"fr-FR\",\"potentialAction\":[{\"@type\":\"ReadAction\",\"target\":[\"https:\/\/www.public.sn\/index.php\/2022\/10\/07\/aliou-ka-vole-les-boeufs-de-son-voisin-et-prend-2-ans-ferme\/\"]}]},{\"@type\":\"ImageObject\",\"inLanguage\":\"fr-FR\",\"@id\":\"https:\/\/www.public.sn\/index.php\/2022\/10\/07\/aliou-ka-vole-les-boeufs-de-son-voisin-et-prend-2-ans-ferme\/#primaryimage\",\"url\":\"https:\/\/www.public.sn\/wp-content\/uploads\/2022\/10\/AA.jpg\",\"contentUrl\":\"https:\/\/www.public.sn\/wp-content\/uploads\/2022\/10\/AA.jpg\",\"width\":612,\"height\":298,\"caption\":\"publicsn\"},{\"@type\":\"BreadcrumbList\",\"@id\":\"https:\/\/www.public.sn\/index.php\/2022\/10\/07\/aliou-ka-vole-les-boeufs-de-son-voisin-et-prend-2-ans-ferme\/#breadcrumb\",\"itemListElement\":[{\"@type\":\"ListItem\",\"position\":1,\"name\":\"Accueil\",\"item\":\"https:\/\/www.public.sn\/\"},{\"@type\":\"ListItem\",\"position\":2,\"name\":\"Aliou Ka vole les b\u0153ufs de son voisin et prend 2 ans ferme.\"}]},{\"@type\":\"WebSite\",\"@id\":\"https:\/\/www.public.sn\/#website\",\"url\":\"https:\/\/www.public.sn\/\",\"name\":\"LE PUBLIC\",\"description\":\"\",\"publisher\":{\"@id\":\"https:\/\/www.public.sn\/#organization\"},\"potentialAction\":[{\"@type\":\"SearchAction\",\"target\":{\"@type\":\"EntryPoint\",\"urlTemplate\":\"https:\/\/www.public.sn\/?s={search_term_string}\"},\"query-input\":{\"@type\":\"PropertyValueSpecification\",\"valueRequired\":true,\"valueName\":\"search_term_string\"}}],\"inLanguage\":\"fr-FR\"},{\"@type\":\"Organization\",\"@id\":\"https:\/\/www.public.sn\/#organization\",\"name\":\"LE PUBLIC\",\"url\":\"https:\/\/www.public.sn\/\",\"logo\":{\"@type\":\"ImageObject\",\"inLanguage\":\"fr-FR\",\"@id\":\"https:\/\/www.public.sn\/#\/schema\/logo\/image\/\",\"url\":\"https:\/\/www.public.sn\/wp-content\/uploads\/2024\/05\/cropped-LOGO-PUBLIC.SN_.png\",\"contentUrl\":\"https:\/\/www.public.sn\/wp-content\/uploads\/2024\/05\/cropped-LOGO-PUBLIC.SN_.png\",\"width\":682,\"height\":192,\"caption\":\"LE PUBLIC\"},\"image\":{\"@id\":\"https:\/\/www.public.sn\/#\/schema\/logo\/image\/\"}},{\"@type\":\"Person\",\"@id\":\"https:\/\/www.public.sn\/#\/schema\/person\/e3f4a11b037d4203902db148f9bc8d5a\",\"name\":\"LA REDACTION\",\"image\":{\"@type\":\"ImageObject\",\"inLanguage\":\"fr-FR\",\"@id\":\"https:\/\/www.public.sn\/#\/schema\/person\/image\/\",\"url\":\"https:\/\/secure.gravatar.com\/avatar\/d6c030db45db2883c075085c5d6c6258654a801a93766b49af0b82d4f454e2a5?s=96&d=mm&r=g\",\"contentUrl\":\"https:\/\/secure.gravatar.com\/avatar\/d6c030db45db2883c075085c5d6c6258654a801a93766b49af0b82d4f454e2a5?s=96&d=mm&r=g\",\"caption\":\"LA REDACTION\"},\"sameAs\":[\"http:\/\/www.public.sn\"],\"url\":\"https:\/\/www.public.sn\/index.php\/author\/admin7324\/\"}]}<\/script>\n<!-- \/ Yoast SEO plugin. -->","yoast_head_json":{"title":"Aliou Ka vole les b\u0153ufs de son voisin et prend 2 ans ferme. - LE PUBLIC","robots":{"index":"index","follow":"follow","max-snippet":"max-snippet:-1","max-image-preview":"max-image-preview:large","max-video-preview":"max-video-preview:-1"},"canonical":"https:\/\/www.public.sn\/index.php\/2022\/10\/07\/aliou-ka-vole-les-boeufs-de-son-voisin-et-prend-2-ans-ferme\/","og_locale":"fr_FR","og_type":"article","og_title":"Aliou Ka vole les b\u0153ufs de son voisin et prend 2 ans ferme. - LE PUBLIC","og_description":"L\u2019habitude est une seconde nature et il est difficile de s\u2019en d\u00e9barrasser. Elargi de prison \u00e0 Diourbel apr\u00e8s avoir purg\u00e9 une peine d\u2019un an de prison pour le vol de 6 moutons de son voisin Mbaye Diouf, Aliou Ka a vu grand \u00e0 sa sortie. Selon l\u2019Observateur cette fois ci Aliou Ka, puisque c\u2019est de lui qu\u2019il s\u2019agit, a d\u00e9cid\u00e9 de voler les deux b\u0153ufs de ce m\u00eame voisin. Constatant la disparition de ses b\u00eates, il se rendit devant le procureur pour porter plainte sans pour autant pens\u00e9 qu\u2019Aliou Ka \u00e9tait en fait le voleur. Mbaye Diouf entreprit de faire des recherches au niveau des march\u00e9s hebdomadaires. Et par la pure des hasards, il rencontre un berger du nom de Babacar Faye au march\u00e9 de Ndindy. Celui-ci, apr\u00e8s la description des b\u0153ufs, lui r\u00e9v\u00e8le avoir vu Aliou Ka conduire les animaux. Il fut arr\u00eat\u00e9 dans la foul\u00e9e. Mais devant les enqu\u00eateurs et devant la barre, il r\u00e9fute ces accusations. Une position qui ne convainc gu\u00e8re le juge. Finalement Aliou Ka a \u00e9t\u00e9 condamn\u00e9 \u00e0 2 ans de prison ferme et \u00e0 s\u2019acquitter du paiement d\u2019un Million de FCFA en guise de dommages et int\u00e9r\u00eats. Samba SY.","og_url":"https:\/\/www.public.sn\/index.php\/2022\/10\/07\/aliou-ka-vole-les-boeufs-de-son-voisin-et-prend-2-ans-ferme\/","og_site_name":"LE PUBLIC","article_published_time":"2022-10-07T12:17:34+00:00","article_modified_time":"2022-10-07T12:17:35+00:00","og_image":[{"width":612,"height":298,"url":"https:\/\/www.public.sn\/wp-content\/uploads\/2022\/10\/AA.jpg","type":"image\/jpeg"}],"author":"LA REDACTION","twitter_card":"summary_large_image","twitter_misc":{"\u00c9crit par":"LA REDACTION","Dur\u00e9e de lecture estim\u00e9e":"2 minutes"},"schema":{"@context":"https:\/\/schema.org","@graph":[{"@type":"Article","@id":"https:\/\/www.public.sn\/index.php\/2022\/10\/07\/aliou-ka-vole-les-boeufs-de-son-voisin-et-prend-2-ans-ferme\/#article","isPartOf":{"@id":"https:\/\/www.public.sn\/index.php\/2022\/10\/07\/aliou-ka-vole-les-boeufs-de-son-voisin-et-prend-2-ans-ferme\/"},"author":{"name":"LA REDACTION","@id":"https:\/\/www.public.sn\/#\/schema\/person\/e3f4a11b037d4203902db148f9bc8d5a"},"headline":"Aliou Ka vole les b\u0153ufs de son voisin et prend 2 ans ferme.","datePublished":"2022-10-07T12:17:34+00:00","dateModified":"2022-10-07T12:17:35+00:00","mainEntityOfPage":{"@id":"https:\/\/www.public.sn\/index.php\/2022\/10\/07\/aliou-ka-vole-les-boeufs-de-son-voisin-et-prend-2-ans-ferme\/"},"wordCount":231,"commentCount":0,"publisher":{"@id":"https:\/\/www.public.sn\/#organization"},"image":{"@id":"https:\/\/www.public.sn\/index.php\/2022\/10\/07\/aliou-ka-vole-les-boeufs-de-son-voisin-et-prend-2-ans-ferme\/#primaryimage"},"thumbnailUrl":"https:\/\/www.public.sn\/wp-content\/uploads\/2022\/10\/AA.jpg","keywords":["aliou ka","marche ndindy","vol de boeufs"],"articleSection":["ACTUALIT\u00c9S","FAITS DIVERS","S\u00c9N\u00c9GAL"],"inLanguage":"fr-FR","potentialAction":[{"@type":"CommentAction","name":"Comment","target":["https:\/\/www.public.sn\/index.php\/2022\/10\/07\/aliou-ka-vole-les-boeufs-de-son-voisin-et-prend-2-ans-ferme\/#respond"]}]},{"@type":"WebPage","@id":"https:\/\/www.public.sn\/index.php\/2022\/10\/07\/aliou-ka-vole-les-boeufs-de-son-voisin-et-prend-2-ans-ferme\/","url":"https:\/\/www.public.sn\/index.php\/2022\/10\/07\/aliou-ka-vole-les-boeufs-de-son-voisin-et-prend-2-ans-ferme\/","name":"Aliou Ka vole les b\u0153ufs de son voisin et prend 2 ans ferme. - LE PUBLIC","isPartOf":{"@id":"https:\/\/www.public.sn\/#website"},"primaryImageOfPage":{"@id":"https:\/\/www.public.sn\/index.php\/2022\/10\/07\/aliou-ka-vole-les-boeufs-de-son-voisin-et-prend-2-ans-ferme\/#primaryimage"},"image":{"@id":"https:\/\/www.public.sn\/index.php\/2022\/10\/07\/aliou-ka-vole-les-boeufs-de-son-voisin-et-prend-2-ans-ferme\/#primaryimage"},"thumbnailUrl":"https:\/\/www.public.sn\/wp-content\/uploads\/2022\/10\/AA.jpg","datePublished":"2022-10-07T12:17:34+00:00","dateModified":"2022-10-07T12:17:35+00:00","breadcrumb":{"@id":"https:\/\/www.public.sn\/index.php\/2022\/10\/07\/aliou-ka-vole-les-boeufs-de-son-voisin-et-prend-2-ans-ferme\/#breadcrumb"},"inLanguage":"fr-FR","potentialAction":[{"@type":"ReadAction","target":["https:\/\/www.public.sn\/index.php\/2022\/10\/07\/aliou-ka-vole-les-boeufs-de-son-voisin-et-prend-2-ans-ferme\/"]}]},{"@type":"ImageObject","inLanguage":"fr-FR","@id":"https:\/\/www.public.sn\/index.php\/2022\/10\/07\/aliou-ka-vole-les-boeufs-de-son-voisin-et-prend-2-ans-ferme\/#primaryimage","url":"https:\/\/www.public.sn\/wp-content\/uploads\/2022\/10\/AA.jpg","contentUrl":"https:\/\/www.public.sn\/wp-content\/uploads\/2022\/10\/AA.jpg","width":612,"height":298,"caption":"publicsn"},{"@type":"BreadcrumbList","@id":"https:\/\/www.public.sn\/index.php\/2022\/10\/07\/aliou-ka-vole-les-boeufs-de-son-voisin-et-prend-2-ans-ferme\/#breadcrumb","itemListElement":[{"@type":"ListItem","position":1,"name":"Accueil","item":"https:\/\/www.public.sn\/"},{"@type":"ListItem","position":2,"name":"Aliou Ka vole les b\u0153ufs de son voisin et prend 2 ans ferme."}]},{"@type":"WebSite","@id":"https:\/\/www.public.sn\/#website","url":"https:\/\/www.public.sn\/","name":"LE PUBLIC","description":"","publisher":{"@id":"https:\/\/www.public.sn\/#organization"},"potentialAction":[{"@type":"SearchAction","target":{"@type":"EntryPoint","urlTemplate":"https:\/\/www.public.sn\/?s={search_term_string}"},"query-input":{"@type":"PropertyValueSpecification","valueRequired":true,"valueName":"search_term_string"}}],"inLanguage":"fr-FR"},{"@type":"Organization","@id":"https:\/\/www.public.sn\/#organization","name":"LE PUBLIC","url":"https:\/\/www.public.sn\/","logo":{"@type":"ImageObject","inLanguage":"fr-FR","@id":"https:\/\/www.public.sn\/#\/schema\/logo\/image\/","url":"https:\/\/www.public.sn\/wp-content\/uploads\/2024\/05\/cropped-LOGO-PUBLIC.SN_.png","contentUrl":"https:\/\/www.public.sn\/wp-content\/uploads\/2024\/05\/cropped-LOGO-PUBLIC.SN_.png","width":682,"height":192,"caption":"LE PUBLIC"},"image":{"@id":"https:\/\/www.public.sn\/#\/schema\/logo\/image\/"}},{"@type":"Person","@id":"https:\/\/www.public.sn\/#\/schema\/person\/e3f4a11b037d4203902db148f9bc8d5a","name":"LA REDACTION","image":{"@type":"ImageObject","inLanguage":"fr-FR","@id":"https:\/\/www.public.sn\/#\/schema\/person\/image\/","url":"https:\/\/secure.gravatar.com\/avatar\/d6c030db45db2883c075085c5d6c6258654a801a93766b49af0b82d4f454e2a5?s=96&d=mm&r=g","contentUrl":"https:\/\/secure.gravatar.com\/avatar\/d6c030db45db2883c075085c5d6c6258654a801a93766b49af0b82d4f454e2a5?s=96&d=mm&r=g","caption":"LA REDACTION"},"sameAs":["http:\/\/www.public.sn"],"url":"https:\/\/www.public.sn\/index.php\/author\/admin7324\/"}]}},"jetpack_featured_media_url":"https:\/\/www.public.sn\/wp-content\/uploads\/2022\/10\/AA.jpg","jetpack_sharing_enabled":true,"_links":{"self":[{"href":"https:\/\/www.public.sn\/index.php\/wp-json\/wp\/v2\/posts\/3872","targetHints":{"allow":["GET"]}}],"collection":[{"href":"https:\/\/www.public.sn\/index.php\/wp-json\/wp\/v2\/posts"}],"about":[{"href":"https:\/\/www.public.sn\/index.php\/wp-json\/wp\/v2\/types\/post"}],"author":[{"embeddable":true,"href":"https:\/\/www.public.sn\/index.php\/wp-json\/wp\/v2\/users\/1"}],"replies":[{"embeddable":true,"href":"https:\/\/www.public.sn\/index.php\/wp-json\/wp\/v2\/comments?post=3872"}],"version-history":[{"count":2,"href":"https:\/\/www.public.sn\/index.php\/wp-json\/wp\/v2\/posts\/3872\/revisions"}],"predecessor-version":[{"id":3881,"href":"https:\/\/www.public.sn\/index.php\/wp-json\/wp\/v2\/posts\/3872\/revisions\/3881"}],"wp:featuredmedia":[{"embeddable":true,"href":"https:\/\/www.public.sn\/index.php\/wp-json\/wp\/v2\/media\/3880"}],"wp:attachment":[{"href":"https:\/\/www.public.sn\/index.php\/wp-json\/wp\/v2\/media?parent=3872"}],"wp:term":[{"taxonomy":"category","embeddable":true,"href":"https:\/\/www.public.sn\/index.php\/wp-json\/wp\/v2\/categories?post=3872"},{"taxonomy":"post_tag","embeddable":true,"href":"https:\/\/www.public.sn\/index.php\/wp-json\/wp\/v2\/tags?post=3872"}],"curies":[{"name":"wp","href":"https:\/\/api.w.org\/{rel}","templated":true}]}}