{"id":38742,"date":"2026-01-27T14:22:39","date_gmt":"2026-01-27T14:22:39","guid":{"rendered":"https:\/\/www.public.sn\/?p=38742"},"modified":"2026-01-27T14:22:50","modified_gmt":"2026-01-27T14:22:50","slug":"halima-gadji-une-femme-qui-marque-lecran-et-les-esprits","status":"publish","type":"post","link":"https:\/\/www.public.sn\/index.php\/2026\/01\/27\/halima-gadji-une-femme-qui-marque-lecran-et-les-esprits\/","title":{"rendered":"Halima Gadji : une femme qui marque l\u2019\u00e9cran et les esprits"},"content":{"rendered":"\n<p>Il est des femmes dont la beaut\u00e9 pr\u00e9c\u00e8de la parole. Et d\u2019autres dont l\u2019\u00e2me arrive avant le visage. Halima Gadji appartenait \u00e0 cette seconde cat\u00e9gorie. Lorsqu\u2019elle entrait dans une pi\u00e8ce, ce n\u2019\u00e9tait pas l\u2019\u00e9clat d\u2019un sourire qui frappait d\u2019abord, mais une pr\u00e9sence. Une vibration douce, calme, presque silencieuse, qui s\u2019imposait sans jamais chercher \u00e0 le faire. Puis venait le sourire, large, sinc\u00e8re. Et enfin la voix : pos\u00e9e, claire, profond\u00e9ment habit\u00e9e. Chez Halima, la parole n\u2019\u00e9tait jamais un d\u00e9cor. Elle \u00e9tait un lieu de v\u00e9rit\u00e9.<\/p><div class=\"publi-paragraphe1\" style=\"margin-top: 10px;margin-bottom: 10px;margin-left: auto;margin-right: auto;text-align: center;\" id=\"publi-3774244794\"><div class=\"publi-adlabel\">Publicit\u00e9<\/div><script async src=\"\/\/pagead2.googlesyndication.com\/pagead\/js\/adsbygoogle.js?client=ca-pub-4089586018074219\" crossorigin=\"anonymous\"><\/script><ins class=\"adsbygoogle\" style=\"display:block;\" data-ad-client=\"ca-pub-4089586018074219\" \ndata-ad-slot=\"2087940154\" \ndata-ad-format=\"auto\"><\/ins>\n<script> \n(adsbygoogle = window.adsbygoogle || []).push({}); \n<\/script>\n<\/div>\n\n\n\n<p>Actrice, mannequin, animatrice et figure majeure de la culture populaire africaine, Halima Gadji s\u2019est \u00e9teinte le 26 janvier 2026. N\u00e9e \u00e0 Dakar en 1989, elle laisse derri\u00e8re elle bien plus qu\u2019une carri\u00e8re : une trace humaine faite de courage, de sensibilit\u00e9 et d\u2019authenticit\u00e9.<\/p>\n\n\n\n<h3 class=\"wp-block-heading\">Une identit\u00e9 plurielle, une voix singuli\u00e8re<\/h3>\n\n\n\n<p>Fille d\u2019une m\u00e8re maroco-alg\u00e9rienne et d\u2019un p\u00e8re s\u00e9n\u00e9galais, Halima Gadji a grandi au S\u00e9n\u00e9gal, au carrefour de plusieurs cultures, langues et imaginaires. Cette pluralit\u00e9 a fa\u00e7onn\u00e9 son regard sur le monde. Elle portait l\u2019Afrique comme une m\u00e9moire vivante, et l\u2019Occident comme un outil, jamais comme un mod\u00e8le. Pour elle, l\u2019identit\u00e9 n\u2019\u00e9tait ni un choix ni une fronti\u00e8re, mais une composition.<\/p>\n\n\n\n<p>Tr\u00e8s t\u00f4t, elle comprend que son corps, sa voix et son regard peuvent raconter. Que l\u2019art est un moyen de traduire l\u2019intime. \u00c0 l\u2019\u00e9cole, elle se sent \u00e0 l\u2019\u00e9troit. Elle quitte le syst\u00e8me scolaire d\u00e8s la classe de 5e pour suivre ce qui l\u2019appelle d\u00e9j\u00e0 : le jeu, l\u2019expression, la sc\u00e8ne.<\/p>\n\n\n\n<h3 class=\"wp-block-heading\">Du mannequinat \u00e0 l\u2019\u00e9cran<\/h3>\n\n\n\n<p>Avant les plateaux de tournage, Halima d\u00e9bute dans le mannequinat. Son visage s\u00e9duit, mais c\u2019est surtout sa pr\u00e9sence qui retient l\u2019attention. Elle encha\u00eene ensuite la publicit\u00e9, puis la t\u00e9l\u00e9vision, o\u00f9 elle s\u2019impose comme animatrice. Elle aimait le lien, le contact, la proximit\u00e9 avec le public. Halima \u00e9tait une \u00e9nergie sociale, chaleureuse et profond\u00e9ment attachante.<\/p>\n\n\n\n<h3 class=\"wp-block-heading\">Des r\u00f4les ancr\u00e9s dans le r\u00e9el<\/h3>\n\n\n\n<p>Elle fait ses premiers pas de com\u00e9dienne en 2015 dans&nbsp;<em>Tundu Wundu<\/em>, sous la direction d\u2019Abdoulahad Wone. Puis vient&nbsp;<em>Seuy Bi 2.0<\/em>&nbsp;(2017\u20132019), o\u00f9 elle incarne A\u00efcha, r\u00f4le principal d\u2019une s\u00e9rie populaire qui installe durablement son talent dans les foyers s\u00e9n\u00e9galais.<\/p>\n\n\n\n<p>Entre 2018 et 2020, elle appara\u00eet dans&nbsp;<em>Sakho &amp; Mangane<\/em>, s\u00e9rie polici\u00e8re diffus\u00e9e sur Canal+ Afrique et Netflix, r\u00e9alis\u00e9e par Jean-Luc Herbulot. Elle y interpr\u00e8te Awa, confirmant sa capacit\u00e9 \u00e0 naviguer entre registres intimes et fictions plus sombres, aux ambitions internationales.<\/p>\n\n\n\n<p>Mais c\u2019est avec&nbsp;<em>Ma\u00eetresse d\u2019un homme mari\u00e9<\/em>&nbsp;(2019\u20132021) qu\u2019Halima Gadji devient le visage d\u2019une g\u00e9n\u00e9ration. Son interpr\u00e9tation de Mar\u00e8me Dial, personnage complexe, passionn\u00e9 et d\u00e9rangeant, marque durablement le public. Halima ne cherchait pas \u00e0 rendre Mar\u00e8me aimable. Elle la rendait vraie. C\u2019est l\u00e0 que r\u00e9sidait sa force.<\/p>\n\n\n\n<p>Elle poursuit avec&nbsp;<em>Le futur est \u00e0 nous<\/em>&nbsp;(2022), s\u00e9rie panafricaine tourn\u00e9e entre la C\u00f4te d\u2019Ivoire et le Gabon, incarnant Aby Konan. Un r\u00f4le de maturit\u00e9, symbole de son ouverture vers un cin\u00e9ma africain plus large et plus collectif. S\u2019y ajoutent des apparitions remarqu\u00e9es dans&nbsp;<em>B\u00e9t\u00e9 B\u00e9t\u00e9<\/em>&nbsp;et&nbsp;<em>Bakary Taximan<\/em>, renfor\u00e7ant son ancrage dans l\u2019imaginaire populaire s\u00e9n\u00e9galais.<\/p>\n\n\n\n<p>Halima Gadji ne jouait pas des personnages. Elle les habitait.<\/p>\n\n\n\n<h3 class=\"wp-block-heading\">Une parole courageuse<\/h3>\n\n\n\n<p>En 2023, elle est choisie comme marraine du Festival international de cin\u00e9ma&nbsp;<em>Vues d\u2019Afrique<\/em>&nbsp;\u00e0 Montr\u00e9al, reconnaissance de son parcours et de sa place dans le paysage culturel africain.<\/p>\n\n\n\n<p>Mais au-del\u00e0 de l\u2019artiste, Halima \u00e9tait une femme engag\u00e9e. Une battante, une s\u0153ur, une amie. Elle n\u2019a jamais reni\u00e9 ses \u00e9motions ni ses fragilit\u00e9s. Au contraire, elle en a fait une force. Elle a os\u00e9 parler de sant\u00e9 mentale, un sujet encore tabou dans de nombreuses soci\u00e9t\u00e9s africaines, partageant publiquement ses moments de fatigue et de vuln\u00e9rabilit\u00e9.<\/p>\n\n\n\n<p>Par cette parole sinc\u00e8re, elle a contribu\u00e9 \u00e0 ouvrir un espace de dialogue, \u00e0 briser le silence, \u00e0 rappeler que la force r\u00e9side aussi dans l\u2019honn\u00eatet\u00e9 \u00e9motionnelle.<\/p>\n\n\n\n<p>Jusqu\u2019\u00e0 ses derni\u00e8res prises de parole, Halima Gadji parlait de projets, de transmission, de jeunesse et d\u2019avenir. Elle voulait encore semer de l\u2019espoir.<\/p>\n\n\n\n<p>Elle s\u2019est \u00e9teinte le 26 janvier 2026, laissant une empreinte artistique forte et un h\u00e9ritage moral pr\u00e9cieux : celui d\u2019une femme qui a choisi d\u2019\u00eatre vraie, m\u00eame dans la fragilit\u00e9.<\/p>\n\n\n\n<p>Halima Gadji nous rappelle que se chercher, s\u2019\u00e9couter et faire preuve de compassion sont, en eux-m\u00eames, des actes de courage.<\/p>\n\n\n\n<p><em>Que son \u00e2me repose en paix.<\/em><\/p>\n<div class=\"publi-apres-le-contenu\" style=\"margin-top: 10px;margin-bottom: 10px;margin-left: auto;margin-right: auto;text-align: center;\" id=\"publi-3062030392\"><div class=\"publi-adlabel\">Publicit\u00e9<\/div><script async src=\"\/\/pagead2.googlesyndication.com\/pagead\/js\/adsbygoogle.js?client=ca-pub-4089586018074219\" crossorigin=\"anonymous\"><\/script><ins class=\"adsbygoogle\" style=\"display:block;\" data-ad-client=\"ca-pub-4089586018074219\" \ndata-ad-slot=\"2087940154\" \ndata-ad-format=\"auto\"><\/ins>\n<script> \n(adsbygoogle = window.adsbygoogle || []).push({}); \n<\/script>\n<\/div>","protected":false},"excerpt":{"rendered":"<p>Il est des femmes dont la beaut\u00e9 pr\u00e9c\u00e8de la parole. Et d\u2019autres dont l\u2019\u00e2me arrive avant le visage. Halima Gadji appartenait \u00e0 cette seconde cat\u00e9gorie. Lorsqu\u2019elle entrait dans une pi\u00e8ce, ce n\u2019\u00e9tait pas l\u2019\u00e9clat d\u2019un sourire qui frappait d\u2019abord, mais une pr\u00e9sence. Une vibration douce, calme, presque silencieuse, qui s\u2019imposait sans jamais chercher \u00e0 le faire. Puis venait le sourire, large, sinc\u00e8re. Et enfin la voix : pos\u00e9e, claire, profond\u00e9ment habit\u00e9e. Chez Halima, la parole n\u2019\u00e9tait jamais un d\u00e9cor. Elle \u00e9tait un lieu de v\u00e9rit\u00e9. Actrice, mannequin, animatrice et figure majeure de la culture populaire africaine, Halima Gadji s\u2019est \u00e9teinte le 26 janvier 2026. N\u00e9e \u00e0 Dakar en 1989, elle laisse derri\u00e8re elle bien plus qu\u2019une carri\u00e8re : une trace humaine faite de courage, de sensibilit\u00e9 et d\u2019authenticit\u00e9. Une identit\u00e9 plurielle, une voix singuli\u00e8re Fille d\u2019une m\u00e8re maroco-alg\u00e9rienne et d\u2019un p\u00e8re s\u00e9n\u00e9galais, Halima Gadji a grandi au S\u00e9n\u00e9gal, au carrefour de plusieurs cultures, langues et imaginaires. Cette pluralit\u00e9 a fa\u00e7onn\u00e9 son regard sur le monde. Elle portait l\u2019Afrique comme une m\u00e9moire vivante, et l\u2019Occident comme un outil, jamais comme un mod\u00e8le. Pour elle, l\u2019identit\u00e9 n\u2019\u00e9tait ni un choix ni une fronti\u00e8re, mais une composition. Tr\u00e8s t\u00f4t, elle comprend que son corps, sa voix et son regard peuvent raconter. Que l\u2019art est un moyen de traduire l\u2019intime. \u00c0 l\u2019\u00e9cole, elle se sent \u00e0 l\u2019\u00e9troit. Elle quitte le syst\u00e8me scolaire d\u00e8s la classe de 5e pour suivre ce qui l\u2019appelle d\u00e9j\u00e0 : le jeu, l\u2019expression, la sc\u00e8ne. Du mannequinat \u00e0 l\u2019\u00e9cran Avant les plateaux de tournage, Halima d\u00e9bute dans le mannequinat. Son visage s\u00e9duit, mais c\u2019est surtout sa pr\u00e9sence qui retient l\u2019attention. Elle encha\u00eene ensuite la publicit\u00e9, puis la t\u00e9l\u00e9vision, o\u00f9 elle s\u2019impose comme animatrice. Elle aimait le lien, le contact, la proximit\u00e9 avec le public. Halima \u00e9tait une \u00e9nergie sociale, chaleureuse et profond\u00e9ment attachante. Des r\u00f4les ancr\u00e9s dans le r\u00e9el Elle fait ses premiers pas de com\u00e9dienne en 2015 dans&nbsp;Tundu Wundu, sous la direction d\u2019Abdoulahad Wone. Puis vient&nbsp;Seuy Bi 2.0&nbsp;(2017\u20132019), o\u00f9 elle incarne A\u00efcha, r\u00f4le principal d\u2019une s\u00e9rie populaire qui installe durablement son talent dans les foyers s\u00e9n\u00e9galais. Entre 2018 et 2020, elle appara\u00eet dans&nbsp;Sakho &amp; Mangane, s\u00e9rie polici\u00e8re diffus\u00e9e sur Canal+ Afrique et Netflix, r\u00e9alis\u00e9e par Jean-Luc Herbulot. Elle y interpr\u00e8te Awa, confirmant sa capacit\u00e9 \u00e0 naviguer entre registres intimes et fictions plus sombres, aux ambitions internationales. Mais c\u2019est avec&nbsp;Ma\u00eetresse d\u2019un homme mari\u00e9&nbsp;(2019\u20132021) qu\u2019Halima Gadji devient le visage d\u2019une g\u00e9n\u00e9ration. Son interpr\u00e9tation de Mar\u00e8me Dial, personnage complexe, passionn\u00e9 et d\u00e9rangeant, marque durablement le public. Halima ne cherchait pas \u00e0 rendre Mar\u00e8me aimable. Elle la rendait vraie. C\u2019est l\u00e0 que r\u00e9sidait sa force. Elle poursuit avec&nbsp;Le futur est \u00e0 nous&nbsp;(2022), s\u00e9rie panafricaine tourn\u00e9e entre la C\u00f4te d\u2019Ivoire et le Gabon, incarnant Aby Konan. Un r\u00f4le de maturit\u00e9, symbole de son ouverture vers un cin\u00e9ma africain plus large et plus collectif. S\u2019y ajoutent des apparitions remarqu\u00e9es dans&nbsp;B\u00e9t\u00e9 B\u00e9t\u00e9&nbsp;et&nbsp;Bakary Taximan, renfor\u00e7ant son ancrage dans l\u2019imaginaire populaire s\u00e9n\u00e9galais. Halima Gadji ne jouait pas des personnages. Elle les habitait. Une parole courageuse En 2023, elle est choisie comme marraine du Festival international de cin\u00e9ma&nbsp;Vues d\u2019Afrique&nbsp;\u00e0 Montr\u00e9al, reconnaissance de son parcours et de sa place dans le paysage culturel africain. Mais au-del\u00e0 de l\u2019artiste, Halima \u00e9tait une femme engag\u00e9e. Une battante, une s\u0153ur, une amie. Elle n\u2019a jamais reni\u00e9 ses \u00e9motions ni ses fragilit\u00e9s. Au contraire, elle en a fait une force. Elle a os\u00e9 parler de sant\u00e9 mentale, un sujet encore tabou dans de nombreuses soci\u00e9t\u00e9s africaines, partageant publiquement ses moments de fatigue et de vuln\u00e9rabilit\u00e9. Par cette parole sinc\u00e8re, elle a contribu\u00e9 \u00e0 ouvrir un espace de dialogue, \u00e0 briser le silence, \u00e0 rappeler que la force r\u00e9side aussi dans l\u2019honn\u00eatet\u00e9 \u00e9motionnelle. Jusqu\u2019\u00e0 ses derni\u00e8res prises de parole, Halima Gadji parlait de projets, de transmission, de jeunesse et d\u2019avenir. Elle voulait encore semer de l\u2019espoir. Elle s\u2019est \u00e9teinte le 26 janvier 2026, laissant une empreinte artistique forte et un h\u00e9ritage moral pr\u00e9cieux : celui d\u2019une femme qui a choisi d\u2019\u00eatre vraie, m\u00eame dans la fragilit\u00e9. Halima Gadji nous rappelle que se chercher, s\u2019\u00e9couter et faire preuve de compassion sont, en eux-m\u00eames, des actes de courage. Que son \u00e2me repose en paix.<\/p>\n","protected":false},"author":7,"featured_media":38743,"comment_status":"open","ping_status":"open","sticky":false,"template":"","format":"standard","meta":{"_jetpack_memberships_contains_paid_content":false,"footnotes":""},"categories":[375,550,1023,379,5],"tags":[8073,3607],"class_list":["post-38742","post","type-post","status-publish","format-standard","has-post-thumbnail","hentry","category-actualites","category-afrique-monde","category-buzz","category-faits-divers","category-people","tag-africaine","tag-halima-gadji","entry","has-media","owp-thumbs-layout-horizontal","owp-btn-normal","owp-tabs-layout-horizontal","has-no-thumbnails","has-product-nav"],"yoast_head":"<!-- This site is optimized with the Yoast SEO plugin v25.5 - https:\/\/yoast.com\/wordpress\/plugins\/seo\/ -->\n<title>Halima Gadji : une femme qui marque l\u2019\u00e9cran et les esprits - LE PUBLIC<\/title>\n<meta name=\"robots\" content=\"index, follow, max-snippet:-1, max-image-preview:large, max-video-preview:-1\" \/>\n<link rel=\"canonical\" href=\"https:\/\/www.public.sn\/index.php\/2026\/01\/27\/halima-gadji-une-femme-qui-marque-lecran-et-les-esprits\/\" \/>\n<meta property=\"og:locale\" content=\"fr_FR\" \/>\n<meta property=\"og:type\" content=\"article\" \/>\n<meta property=\"og:title\" content=\"Halima Gadji : une femme qui marque l\u2019\u00e9cran et les esprits - LE PUBLIC\" \/>\n<meta property=\"og:description\" content=\"Il est des femmes dont la beaut\u00e9 pr\u00e9c\u00e8de la parole. Et d\u2019autres dont l\u2019\u00e2me arrive avant le visage. Halima Gadji appartenait \u00e0 cette seconde cat\u00e9gorie. Lorsqu\u2019elle entrait dans une pi\u00e8ce, ce n\u2019\u00e9tait pas l\u2019\u00e9clat d\u2019un sourire qui frappait d\u2019abord, mais une pr\u00e9sence. Une vibration douce, calme, presque silencieuse, qui s\u2019imposait sans jamais chercher \u00e0 le faire. Puis venait le sourire, large, sinc\u00e8re. Et enfin la voix : pos\u00e9e, claire, profond\u00e9ment habit\u00e9e. Chez Halima, la parole n\u2019\u00e9tait jamais un d\u00e9cor. Elle \u00e9tait un lieu de v\u00e9rit\u00e9. Actrice, mannequin, animatrice et figure majeure de la culture populaire africaine, Halima Gadji s\u2019est \u00e9teinte le 26 janvier 2026. N\u00e9e \u00e0 Dakar en 1989, elle laisse derri\u00e8re elle bien plus qu\u2019une carri\u00e8re : une trace humaine faite de courage, de sensibilit\u00e9 et d\u2019authenticit\u00e9. Une identit\u00e9 plurielle, une voix singuli\u00e8re Fille d\u2019une m\u00e8re maroco-alg\u00e9rienne et d\u2019un p\u00e8re s\u00e9n\u00e9galais, Halima Gadji a grandi au S\u00e9n\u00e9gal, au carrefour de plusieurs cultures, langues et imaginaires. Cette pluralit\u00e9 a fa\u00e7onn\u00e9 son regard sur le monde. Elle portait l\u2019Afrique comme une m\u00e9moire vivante, et l\u2019Occident comme un outil, jamais comme un mod\u00e8le. Pour elle, l\u2019identit\u00e9 n\u2019\u00e9tait ni un choix ni une fronti\u00e8re, mais une composition. Tr\u00e8s t\u00f4t, elle comprend que son corps, sa voix et son regard peuvent raconter. Que l\u2019art est un moyen de traduire l\u2019intime. \u00c0 l\u2019\u00e9cole, elle se sent \u00e0 l\u2019\u00e9troit. Elle quitte le syst\u00e8me scolaire d\u00e8s la classe de 5e pour suivre ce qui l\u2019appelle d\u00e9j\u00e0 : le jeu, l\u2019expression, la sc\u00e8ne. Du mannequinat \u00e0 l\u2019\u00e9cran Avant les plateaux de tournage, Halima d\u00e9bute dans le mannequinat. Son visage s\u00e9duit, mais c\u2019est surtout sa pr\u00e9sence qui retient l\u2019attention. Elle encha\u00eene ensuite la publicit\u00e9, puis la t\u00e9l\u00e9vision, o\u00f9 elle s\u2019impose comme animatrice. Elle aimait le lien, le contact, la proximit\u00e9 avec le public. Halima \u00e9tait une \u00e9nergie sociale, chaleureuse et profond\u00e9ment attachante. Des r\u00f4les ancr\u00e9s dans le r\u00e9el Elle fait ses premiers pas de com\u00e9dienne en 2015 dans&nbsp;Tundu Wundu, sous la direction d\u2019Abdoulahad Wone. Puis vient&nbsp;Seuy Bi 2.0&nbsp;(2017\u20132019), o\u00f9 elle incarne A\u00efcha, r\u00f4le principal d\u2019une s\u00e9rie populaire qui installe durablement son talent dans les foyers s\u00e9n\u00e9galais. Entre 2018 et 2020, elle appara\u00eet dans&nbsp;Sakho &amp; Mangane, s\u00e9rie polici\u00e8re diffus\u00e9e sur Canal+ Afrique et Netflix, r\u00e9alis\u00e9e par Jean-Luc Herbulot. Elle y interpr\u00e8te Awa, confirmant sa capacit\u00e9 \u00e0 naviguer entre registres intimes et fictions plus sombres, aux ambitions internationales. Mais c\u2019est avec&nbsp;Ma\u00eetresse d\u2019un homme mari\u00e9&nbsp;(2019\u20132021) qu\u2019Halima Gadji devient le visage d\u2019une g\u00e9n\u00e9ration. Son interpr\u00e9tation de Mar\u00e8me Dial, personnage complexe, passionn\u00e9 et d\u00e9rangeant, marque durablement le public. Halima ne cherchait pas \u00e0 rendre Mar\u00e8me aimable. Elle la rendait vraie. C\u2019est l\u00e0 que r\u00e9sidait sa force. Elle poursuit avec&nbsp;Le futur est \u00e0 nous&nbsp;(2022), s\u00e9rie panafricaine tourn\u00e9e entre la C\u00f4te d\u2019Ivoire et le Gabon, incarnant Aby Konan. Un r\u00f4le de maturit\u00e9, symbole de son ouverture vers un cin\u00e9ma africain plus large et plus collectif. S\u2019y ajoutent des apparitions remarqu\u00e9es dans&nbsp;B\u00e9t\u00e9 B\u00e9t\u00e9&nbsp;et&nbsp;Bakary Taximan, renfor\u00e7ant son ancrage dans l\u2019imaginaire populaire s\u00e9n\u00e9galais. Halima Gadji ne jouait pas des personnages. Elle les habitait. Une parole courageuse En 2023, elle est choisie comme marraine du Festival international de cin\u00e9ma&nbsp;Vues d\u2019Afrique&nbsp;\u00e0 Montr\u00e9al, reconnaissance de son parcours et de sa place dans le paysage culturel africain. Mais au-del\u00e0 de l\u2019artiste, Halima \u00e9tait une femme engag\u00e9e. Une battante, une s\u0153ur, une amie. Elle n\u2019a jamais reni\u00e9 ses \u00e9motions ni ses fragilit\u00e9s. Au contraire, elle en a fait une force. Elle a os\u00e9 parler de sant\u00e9 mentale, un sujet encore tabou dans de nombreuses soci\u00e9t\u00e9s africaines, partageant publiquement ses moments de fatigue et de vuln\u00e9rabilit\u00e9. Par cette parole sinc\u00e8re, elle a contribu\u00e9 \u00e0 ouvrir un espace de dialogue, \u00e0 briser le silence, \u00e0 rappeler que la force r\u00e9side aussi dans l\u2019honn\u00eatet\u00e9 \u00e9motionnelle. Jusqu\u2019\u00e0 ses derni\u00e8res prises de parole, Halima Gadji parlait de projets, de transmission, de jeunesse et d\u2019avenir. Elle voulait encore semer de l\u2019espoir. Elle s\u2019est \u00e9teinte le 26 janvier 2026, laissant une empreinte artistique forte et un h\u00e9ritage moral pr\u00e9cieux : celui d\u2019une femme qui a choisi d\u2019\u00eatre vraie, m\u00eame dans la fragilit\u00e9. Halima Gadji nous rappelle que se chercher, s\u2019\u00e9couter et faire preuve de compassion sont, en eux-m\u00eames, des actes de courage. Que son \u00e2me repose en paix.\" \/>\n<meta property=\"og:url\" content=\"https:\/\/www.public.sn\/index.php\/2026\/01\/27\/halima-gadji-une-femme-qui-marque-lecran-et-les-esprits\/\" \/>\n<meta property=\"og:site_name\" content=\"LE PUBLIC\" \/>\n<meta property=\"article:published_time\" content=\"2026-01-27T14:22:39+00:00\" \/>\n<meta property=\"article:modified_time\" content=\"2026-01-27T14:22:50+00:00\" \/>\n<meta property=\"og:image\" content=\"https:\/\/www.public.sn\/wp-content\/uploads\/2026\/01\/thumb_1260x800_6978a3122a734_k4grGbPAA5.jpg\" \/>\n\t<meta property=\"og:image:width\" content=\"1260\" \/>\n\t<meta property=\"og:image:height\" content=\"800\" \/>\n\t<meta property=\"og:image:type\" content=\"image\/jpeg\" \/>\n<meta name=\"author\" content=\"LA REDACTION\" \/>\n<meta name=\"twitter:card\" content=\"summary_large_image\" \/>\n<meta name=\"twitter:label1\" content=\"\u00c9crit par\" \/>\n\t<meta name=\"twitter:data1\" content=\"LA REDACTION\" \/>\n\t<meta name=\"twitter:label2\" content=\"Dur\u00e9e de lecture estim\u00e9e\" \/>\n\t<meta name=\"twitter:data2\" content=\"4 minutes\" \/>\n<script type=\"application\/ld+json\" class=\"yoast-schema-graph\">{\"@context\":\"https:\/\/schema.org\",\"@graph\":[{\"@type\":\"Article\",\"@id\":\"https:\/\/www.public.sn\/index.php\/2026\/01\/27\/halima-gadji-une-femme-qui-marque-lecran-et-les-esprits\/#article\",\"isPartOf\":{\"@id\":\"https:\/\/www.public.sn\/index.php\/2026\/01\/27\/halima-gadji-une-femme-qui-marque-lecran-et-les-esprits\/\"},\"author\":{\"name\":\"LA REDACTION\",\"@id\":\"https:\/\/www.public.sn\/#\/schema\/person\/cb76c8e1b8becc6be61fb5e92d6d0224\"},\"headline\":\"Halima Gadji : une femme qui marque l\u2019\u00e9cran et les esprits\",\"datePublished\":\"2026-01-27T14:22:39+00:00\",\"dateModified\":\"2026-01-27T14:22:50+00:00\",\"mainEntityOfPage\":{\"@id\":\"https:\/\/www.public.sn\/index.php\/2026\/01\/27\/halima-gadji-une-femme-qui-marque-lecran-et-les-esprits\/\"},\"wordCount\":832,\"commentCount\":0,\"publisher\":{\"@id\":\"https:\/\/www.public.sn\/#organization\"},\"image\":{\"@id\":\"https:\/\/www.public.sn\/index.php\/2026\/01\/27\/halima-gadji-une-femme-qui-marque-lecran-et-les-esprits\/#primaryimage\"},\"thumbnailUrl\":\"https:\/\/www.public.sn\/wp-content\/uploads\/2026\/01\/thumb_1260x800_6978a3122a734_k4grGbPAA5.jpg\",\"keywords\":[\"africaine\",\"halima gadji\"],\"articleSection\":[\"ACTUALIT\u00c9S\",\"AFRIQUE &amp; MONDE\",\"BUZZ\",\"FAITS DIVERS\",\"PEOPLE\"],\"inLanguage\":\"fr-FR\",\"potentialAction\":[{\"@type\":\"CommentAction\",\"name\":\"Comment\",\"target\":[\"https:\/\/www.public.sn\/index.php\/2026\/01\/27\/halima-gadji-une-femme-qui-marque-lecran-et-les-esprits\/#respond\"]}]},{\"@type\":\"WebPage\",\"@id\":\"https:\/\/www.public.sn\/index.php\/2026\/01\/27\/halima-gadji-une-femme-qui-marque-lecran-et-les-esprits\/\",\"url\":\"https:\/\/www.public.sn\/index.php\/2026\/01\/27\/halima-gadji-une-femme-qui-marque-lecran-et-les-esprits\/\",\"name\":\"Halima Gadji : une femme qui marque l\u2019\u00e9cran et les esprits - LE PUBLIC\",\"isPartOf\":{\"@id\":\"https:\/\/www.public.sn\/#website\"},\"primaryImageOfPage\":{\"@id\":\"https:\/\/www.public.sn\/index.php\/2026\/01\/27\/halima-gadji-une-femme-qui-marque-lecran-et-les-esprits\/#primaryimage\"},\"image\":{\"@id\":\"https:\/\/www.public.sn\/index.php\/2026\/01\/27\/halima-gadji-une-femme-qui-marque-lecran-et-les-esprits\/#primaryimage\"},\"thumbnailUrl\":\"https:\/\/www.public.sn\/wp-content\/uploads\/2026\/01\/thumb_1260x800_6978a3122a734_k4grGbPAA5.jpg\",\"datePublished\":\"2026-01-27T14:22:39+00:00\",\"dateModified\":\"2026-01-27T14:22:50+00:00\",\"breadcrumb\":{\"@id\":\"https:\/\/www.public.sn\/index.php\/2026\/01\/27\/halima-gadji-une-femme-qui-marque-lecran-et-les-esprits\/#breadcrumb\"},\"inLanguage\":\"fr-FR\",\"potentialAction\":[{\"@type\":\"ReadAction\",\"target\":[\"https:\/\/www.public.sn\/index.php\/2026\/01\/27\/halima-gadji-une-femme-qui-marque-lecran-et-les-esprits\/\"]}]},{\"@type\":\"ImageObject\",\"inLanguage\":\"fr-FR\",\"@id\":\"https:\/\/www.public.sn\/index.php\/2026\/01\/27\/halima-gadji-une-femme-qui-marque-lecran-et-les-esprits\/#primaryimage\",\"url\":\"https:\/\/www.public.sn\/wp-content\/uploads\/2026\/01\/thumb_1260x800_6978a3122a734_k4grGbPAA5.jpg\",\"contentUrl\":\"https:\/\/www.public.sn\/wp-content\/uploads\/2026\/01\/thumb_1260x800_6978a3122a734_k4grGbPAA5.jpg\",\"width\":1260,\"height\":800},{\"@type\":\"BreadcrumbList\",\"@id\":\"https:\/\/www.public.sn\/index.php\/2026\/01\/27\/halima-gadji-une-femme-qui-marque-lecran-et-les-esprits\/#breadcrumb\",\"itemListElement\":[{\"@type\":\"ListItem\",\"position\":1,\"name\":\"Accueil\",\"item\":\"https:\/\/www.public.sn\/\"},{\"@type\":\"ListItem\",\"position\":2,\"name\":\"Halima Gadji : une femme qui marque l\u2019\u00e9cran et les esprits\"}]},{\"@type\":\"WebSite\",\"@id\":\"https:\/\/www.public.sn\/#website\",\"url\":\"https:\/\/www.public.sn\/\",\"name\":\"LE PUBLIC\",\"description\":\"\",\"publisher\":{\"@id\":\"https:\/\/www.public.sn\/#organization\"},\"potentialAction\":[{\"@type\":\"SearchAction\",\"target\":{\"@type\":\"EntryPoint\",\"urlTemplate\":\"https:\/\/www.public.sn\/?s={search_term_string}\"},\"query-input\":{\"@type\":\"PropertyValueSpecification\",\"valueRequired\":true,\"valueName\":\"search_term_string\"}}],\"inLanguage\":\"fr-FR\"},{\"@type\":\"Organization\",\"@id\":\"https:\/\/www.public.sn\/#organization\",\"name\":\"LE PUBLIC\",\"url\":\"https:\/\/www.public.sn\/\",\"logo\":{\"@type\":\"ImageObject\",\"inLanguage\":\"fr-FR\",\"@id\":\"https:\/\/www.public.sn\/#\/schema\/logo\/image\/\",\"url\":\"https:\/\/www.public.sn\/wp-content\/uploads\/2024\/05\/cropped-LOGO-PUBLIC.SN_.png\",\"contentUrl\":\"https:\/\/www.public.sn\/wp-content\/uploads\/2024\/05\/cropped-LOGO-PUBLIC.SN_.png\",\"width\":682,\"height\":192,\"caption\":\"LE PUBLIC\"},\"image\":{\"@id\":\"https:\/\/www.public.sn\/#\/schema\/logo\/image\/\"}},{\"@type\":\"Person\",\"@id\":\"https:\/\/www.public.sn\/#\/schema\/person\/cb76c8e1b8becc6be61fb5e92d6d0224\",\"name\":\"LA REDACTION\",\"image\":{\"@type\":\"ImageObject\",\"inLanguage\":\"fr-FR\",\"@id\":\"https:\/\/www.public.sn\/#\/schema\/person\/image\/\",\"url\":\"https:\/\/secure.gravatar.com\/avatar\/2dce5ddd34b8fef0180efe03aa2a9bee7d953856048f9a16b298190a3178407c?s=96&d=mm&r=g\",\"contentUrl\":\"https:\/\/secure.gravatar.com\/avatar\/2dce5ddd34b8fef0180efe03aa2a9bee7d953856048f9a16b298190a3178407c?s=96&d=mm&r=g\",\"caption\":\"LA REDACTION\"},\"url\":\"https:\/\/www.public.sn\/index.php\/author\/editeurpsn\/\"}]}<\/script>\n<!-- \/ Yoast SEO plugin. -->","yoast_head_json":{"title":"Halima Gadji : une femme qui marque l\u2019\u00e9cran et les esprits - LE PUBLIC","robots":{"index":"index","follow":"follow","max-snippet":"max-snippet:-1","max-image-preview":"max-image-preview:large","max-video-preview":"max-video-preview:-1"},"canonical":"https:\/\/www.public.sn\/index.php\/2026\/01\/27\/halima-gadji-une-femme-qui-marque-lecran-et-les-esprits\/","og_locale":"fr_FR","og_type":"article","og_title":"Halima Gadji : une femme qui marque l\u2019\u00e9cran et les esprits - LE PUBLIC","og_description":"Il est des femmes dont la beaut\u00e9 pr\u00e9c\u00e8de la parole. Et d\u2019autres dont l\u2019\u00e2me arrive avant le visage. Halima Gadji appartenait \u00e0 cette seconde cat\u00e9gorie. Lorsqu\u2019elle entrait dans une pi\u00e8ce, ce n\u2019\u00e9tait pas l\u2019\u00e9clat d\u2019un sourire qui frappait d\u2019abord, mais une pr\u00e9sence. Une vibration douce, calme, presque silencieuse, qui s\u2019imposait sans jamais chercher \u00e0 le faire. Puis venait le sourire, large, sinc\u00e8re. Et enfin la voix : pos\u00e9e, claire, profond\u00e9ment habit\u00e9e. Chez Halima, la parole n\u2019\u00e9tait jamais un d\u00e9cor. Elle \u00e9tait un lieu de v\u00e9rit\u00e9. Actrice, mannequin, animatrice et figure majeure de la culture populaire africaine, Halima Gadji s\u2019est \u00e9teinte le 26 janvier 2026. N\u00e9e \u00e0 Dakar en 1989, elle laisse derri\u00e8re elle bien plus qu\u2019une carri\u00e8re : une trace humaine faite de courage, de sensibilit\u00e9 et d\u2019authenticit\u00e9. Une identit\u00e9 plurielle, une voix singuli\u00e8re Fille d\u2019une m\u00e8re maroco-alg\u00e9rienne et d\u2019un p\u00e8re s\u00e9n\u00e9galais, Halima Gadji a grandi au S\u00e9n\u00e9gal, au carrefour de plusieurs cultures, langues et imaginaires. Cette pluralit\u00e9 a fa\u00e7onn\u00e9 son regard sur le monde. Elle portait l\u2019Afrique comme une m\u00e9moire vivante, et l\u2019Occident comme un outil, jamais comme un mod\u00e8le. Pour elle, l\u2019identit\u00e9 n\u2019\u00e9tait ni un choix ni une fronti\u00e8re, mais une composition. Tr\u00e8s t\u00f4t, elle comprend que son corps, sa voix et son regard peuvent raconter. Que l\u2019art est un moyen de traduire l\u2019intime. \u00c0 l\u2019\u00e9cole, elle se sent \u00e0 l\u2019\u00e9troit. Elle quitte le syst\u00e8me scolaire d\u00e8s la classe de 5e pour suivre ce qui l\u2019appelle d\u00e9j\u00e0 : le jeu, l\u2019expression, la sc\u00e8ne. Du mannequinat \u00e0 l\u2019\u00e9cran Avant les plateaux de tournage, Halima d\u00e9bute dans le mannequinat. Son visage s\u00e9duit, mais c\u2019est surtout sa pr\u00e9sence qui retient l\u2019attention. Elle encha\u00eene ensuite la publicit\u00e9, puis la t\u00e9l\u00e9vision, o\u00f9 elle s\u2019impose comme animatrice. Elle aimait le lien, le contact, la proximit\u00e9 avec le public. Halima \u00e9tait une \u00e9nergie sociale, chaleureuse et profond\u00e9ment attachante. Des r\u00f4les ancr\u00e9s dans le r\u00e9el Elle fait ses premiers pas de com\u00e9dienne en 2015 dans&nbsp;Tundu Wundu, sous la direction d\u2019Abdoulahad Wone. Puis vient&nbsp;Seuy Bi 2.0&nbsp;(2017\u20132019), o\u00f9 elle incarne A\u00efcha, r\u00f4le principal d\u2019une s\u00e9rie populaire qui installe durablement son talent dans les foyers s\u00e9n\u00e9galais. Entre 2018 et 2020, elle appara\u00eet dans&nbsp;Sakho &amp; Mangane, s\u00e9rie polici\u00e8re diffus\u00e9e sur Canal+ Afrique et Netflix, r\u00e9alis\u00e9e par Jean-Luc Herbulot. Elle y interpr\u00e8te Awa, confirmant sa capacit\u00e9 \u00e0 naviguer entre registres intimes et fictions plus sombres, aux ambitions internationales. Mais c\u2019est avec&nbsp;Ma\u00eetresse d\u2019un homme mari\u00e9&nbsp;(2019\u20132021) qu\u2019Halima Gadji devient le visage d\u2019une g\u00e9n\u00e9ration. Son interpr\u00e9tation de Mar\u00e8me Dial, personnage complexe, passionn\u00e9 et d\u00e9rangeant, marque durablement le public. Halima ne cherchait pas \u00e0 rendre Mar\u00e8me aimable. Elle la rendait vraie. C\u2019est l\u00e0 que r\u00e9sidait sa force. Elle poursuit avec&nbsp;Le futur est \u00e0 nous&nbsp;(2022), s\u00e9rie panafricaine tourn\u00e9e entre la C\u00f4te d\u2019Ivoire et le Gabon, incarnant Aby Konan. Un r\u00f4le de maturit\u00e9, symbole de son ouverture vers un cin\u00e9ma africain plus large et plus collectif. S\u2019y ajoutent des apparitions remarqu\u00e9es dans&nbsp;B\u00e9t\u00e9 B\u00e9t\u00e9&nbsp;et&nbsp;Bakary Taximan, renfor\u00e7ant son ancrage dans l\u2019imaginaire populaire s\u00e9n\u00e9galais. Halima Gadji ne jouait pas des personnages. Elle les habitait. Une parole courageuse En 2023, elle est choisie comme marraine du Festival international de cin\u00e9ma&nbsp;Vues d\u2019Afrique&nbsp;\u00e0 Montr\u00e9al, reconnaissance de son parcours et de sa place dans le paysage culturel africain. Mais au-del\u00e0 de l\u2019artiste, Halima \u00e9tait une femme engag\u00e9e. Une battante, une s\u0153ur, une amie. Elle n\u2019a jamais reni\u00e9 ses \u00e9motions ni ses fragilit\u00e9s. Au contraire, elle en a fait une force. Elle a os\u00e9 parler de sant\u00e9 mentale, un sujet encore tabou dans de nombreuses soci\u00e9t\u00e9s africaines, partageant publiquement ses moments de fatigue et de vuln\u00e9rabilit\u00e9. Par cette parole sinc\u00e8re, elle a contribu\u00e9 \u00e0 ouvrir un espace de dialogue, \u00e0 briser le silence, \u00e0 rappeler que la force r\u00e9side aussi dans l\u2019honn\u00eatet\u00e9 \u00e9motionnelle. Jusqu\u2019\u00e0 ses derni\u00e8res prises de parole, Halima Gadji parlait de projets, de transmission, de jeunesse et d\u2019avenir. Elle voulait encore semer de l\u2019espoir. Elle s\u2019est \u00e9teinte le 26 janvier 2026, laissant une empreinte artistique forte et un h\u00e9ritage moral pr\u00e9cieux : celui d\u2019une femme qui a choisi d\u2019\u00eatre vraie, m\u00eame dans la fragilit\u00e9. Halima Gadji nous rappelle que se chercher, s\u2019\u00e9couter et faire preuve de compassion sont, en eux-m\u00eames, des actes de courage. Que son \u00e2me repose en paix.","og_url":"https:\/\/www.public.sn\/index.php\/2026\/01\/27\/halima-gadji-une-femme-qui-marque-lecran-et-les-esprits\/","og_site_name":"LE PUBLIC","article_published_time":"2026-01-27T14:22:39+00:00","article_modified_time":"2026-01-27T14:22:50+00:00","og_image":[{"width":1260,"height":800,"url":"https:\/\/www.public.sn\/wp-content\/uploads\/2026\/01\/thumb_1260x800_6978a3122a734_k4grGbPAA5.jpg","type":"image\/jpeg"}],"author":"LA REDACTION","twitter_card":"summary_large_image","twitter_misc":{"\u00c9crit par":"LA REDACTION","Dur\u00e9e de lecture estim\u00e9e":"4 minutes"},"schema":{"@context":"https:\/\/schema.org","@graph":[{"@type":"Article","@id":"https:\/\/www.public.sn\/index.php\/2026\/01\/27\/halima-gadji-une-femme-qui-marque-lecran-et-les-esprits\/#article","isPartOf":{"@id":"https:\/\/www.public.sn\/index.php\/2026\/01\/27\/halima-gadji-une-femme-qui-marque-lecran-et-les-esprits\/"},"author":{"name":"LA REDACTION","@id":"https:\/\/www.public.sn\/#\/schema\/person\/cb76c8e1b8becc6be61fb5e92d6d0224"},"headline":"Halima Gadji : une femme qui marque l\u2019\u00e9cran et les esprits","datePublished":"2026-01-27T14:22:39+00:00","dateModified":"2026-01-27T14:22:50+00:00","mainEntityOfPage":{"@id":"https:\/\/www.public.sn\/index.php\/2026\/01\/27\/halima-gadji-une-femme-qui-marque-lecran-et-les-esprits\/"},"wordCount":832,"commentCount":0,"publisher":{"@id":"https:\/\/www.public.sn\/#organization"},"image":{"@id":"https:\/\/www.public.sn\/index.php\/2026\/01\/27\/halima-gadji-une-femme-qui-marque-lecran-et-les-esprits\/#primaryimage"},"thumbnailUrl":"https:\/\/www.public.sn\/wp-content\/uploads\/2026\/01\/thumb_1260x800_6978a3122a734_k4grGbPAA5.jpg","keywords":["africaine","halima gadji"],"articleSection":["ACTUALIT\u00c9S","AFRIQUE &amp; MONDE","BUZZ","FAITS DIVERS","PEOPLE"],"inLanguage":"fr-FR","potentialAction":[{"@type":"CommentAction","name":"Comment","target":["https:\/\/www.public.sn\/index.php\/2026\/01\/27\/halima-gadji-une-femme-qui-marque-lecran-et-les-esprits\/#respond"]}]},{"@type":"WebPage","@id":"https:\/\/www.public.sn\/index.php\/2026\/01\/27\/halima-gadji-une-femme-qui-marque-lecran-et-les-esprits\/","url":"https:\/\/www.public.sn\/index.php\/2026\/01\/27\/halima-gadji-une-femme-qui-marque-lecran-et-les-esprits\/","name":"Halima Gadji : une femme qui marque l\u2019\u00e9cran et les esprits - LE PUBLIC","isPartOf":{"@id":"https:\/\/www.public.sn\/#website"},"primaryImageOfPage":{"@id":"https:\/\/www.public.sn\/index.php\/2026\/01\/27\/halima-gadji-une-femme-qui-marque-lecran-et-les-esprits\/#primaryimage"},"image":{"@id":"https:\/\/www.public.sn\/index.php\/2026\/01\/27\/halima-gadji-une-femme-qui-marque-lecran-et-les-esprits\/#primaryimage"},"thumbnailUrl":"https:\/\/www.public.sn\/wp-content\/uploads\/2026\/01\/thumb_1260x800_6978a3122a734_k4grGbPAA5.jpg","datePublished":"2026-01-27T14:22:39+00:00","dateModified":"2026-01-27T14:22:50+00:00","breadcrumb":{"@id":"https:\/\/www.public.sn\/index.php\/2026\/01\/27\/halima-gadji-une-femme-qui-marque-lecran-et-les-esprits\/#breadcrumb"},"inLanguage":"fr-FR","potentialAction":[{"@type":"ReadAction","target":["https:\/\/www.public.sn\/index.php\/2026\/01\/27\/halima-gadji-une-femme-qui-marque-lecran-et-les-esprits\/"]}]},{"@type":"ImageObject","inLanguage":"fr-FR","@id":"https:\/\/www.public.sn\/index.php\/2026\/01\/27\/halima-gadji-une-femme-qui-marque-lecran-et-les-esprits\/#primaryimage","url":"https:\/\/www.public.sn\/wp-content\/uploads\/2026\/01\/thumb_1260x800_6978a3122a734_k4grGbPAA5.jpg","contentUrl":"https:\/\/www.public.sn\/wp-content\/uploads\/2026\/01\/thumb_1260x800_6978a3122a734_k4grGbPAA5.jpg","width":1260,"height":800},{"@type":"BreadcrumbList","@id":"https:\/\/www.public.sn\/index.php\/2026\/01\/27\/halima-gadji-une-femme-qui-marque-lecran-et-les-esprits\/#breadcrumb","itemListElement":[{"@type":"ListItem","position":1,"name":"Accueil","item":"https:\/\/www.public.sn\/"},{"@type":"ListItem","position":2,"name":"Halima Gadji : une femme qui marque l\u2019\u00e9cran et les esprits"}]},{"@type":"WebSite","@id":"https:\/\/www.public.sn\/#website","url":"https:\/\/www.public.sn\/","name":"LE PUBLIC","description":"","publisher":{"@id":"https:\/\/www.public.sn\/#organization"},"potentialAction":[{"@type":"SearchAction","target":{"@type":"EntryPoint","urlTemplate":"https:\/\/www.public.sn\/?s={search_term_string}"},"query-input":{"@type":"PropertyValueSpecification","valueRequired":true,"valueName":"search_term_string"}}],"inLanguage":"fr-FR"},{"@type":"Organization","@id":"https:\/\/www.public.sn\/#organization","name":"LE PUBLIC","url":"https:\/\/www.public.sn\/","logo":{"@type":"ImageObject","inLanguage":"fr-FR","@id":"https:\/\/www.public.sn\/#\/schema\/logo\/image\/","url":"https:\/\/www.public.sn\/wp-content\/uploads\/2024\/05\/cropped-LOGO-PUBLIC.SN_.png","contentUrl":"https:\/\/www.public.sn\/wp-content\/uploads\/2024\/05\/cropped-LOGO-PUBLIC.SN_.png","width":682,"height":192,"caption":"LE PUBLIC"},"image":{"@id":"https:\/\/www.public.sn\/#\/schema\/logo\/image\/"}},{"@type":"Person","@id":"https:\/\/www.public.sn\/#\/schema\/person\/cb76c8e1b8becc6be61fb5e92d6d0224","name":"LA REDACTION","image":{"@type":"ImageObject","inLanguage":"fr-FR","@id":"https:\/\/www.public.sn\/#\/schema\/person\/image\/","url":"https:\/\/secure.gravatar.com\/avatar\/2dce5ddd34b8fef0180efe03aa2a9bee7d953856048f9a16b298190a3178407c?s=96&d=mm&r=g","contentUrl":"https:\/\/secure.gravatar.com\/avatar\/2dce5ddd34b8fef0180efe03aa2a9bee7d953856048f9a16b298190a3178407c?s=96&d=mm&r=g","caption":"LA REDACTION"},"url":"https:\/\/www.public.sn\/index.php\/author\/editeurpsn\/"}]}},"jetpack_featured_media_url":"https:\/\/www.public.sn\/wp-content\/uploads\/2026\/01\/thumb_1260x800_6978a3122a734_k4grGbPAA5.jpg","jetpack_sharing_enabled":true,"_links":{"self":[{"href":"https:\/\/www.public.sn\/index.php\/wp-json\/wp\/v2\/posts\/38742","targetHints":{"allow":["GET"]}}],"collection":[{"href":"https:\/\/www.public.sn\/index.php\/wp-json\/wp\/v2\/posts"}],"about":[{"href":"https:\/\/www.public.sn\/index.php\/wp-json\/wp\/v2\/types\/post"}],"author":[{"embeddable":true,"href":"https:\/\/www.public.sn\/index.php\/wp-json\/wp\/v2\/users\/7"}],"replies":[{"embeddable":true,"href":"https:\/\/www.public.sn\/index.php\/wp-json\/wp\/v2\/comments?post=38742"}],"version-history":[{"count":1,"href":"https:\/\/www.public.sn\/index.php\/wp-json\/wp\/v2\/posts\/38742\/revisions"}],"predecessor-version":[{"id":38744,"href":"https:\/\/www.public.sn\/index.php\/wp-json\/wp\/v2\/posts\/38742\/revisions\/38744"}],"wp:featuredmedia":[{"embeddable":true,"href":"https:\/\/www.public.sn\/index.php\/wp-json\/wp\/v2\/media\/38743"}],"wp:attachment":[{"href":"https:\/\/www.public.sn\/index.php\/wp-json\/wp\/v2\/media?parent=38742"}],"wp:term":[{"taxonomy":"category","embeddable":true,"href":"https:\/\/www.public.sn\/index.php\/wp-json\/wp\/v2\/categories?post=38742"},{"taxonomy":"post_tag","embeddable":true,"href":"https:\/\/www.public.sn\/index.php\/wp-json\/wp\/v2\/tags?post=38742"}],"curies":[{"name":"wp","href":"https:\/\/api.w.org\/{rel}","templated":true}]}}