{"id":3879,"date":"2022-10-07T12:38:49","date_gmt":"2022-10-07T12:38:49","guid":{"rendered":"https:\/\/www.public.sn\/?p=3879"},"modified":"2022-10-07T12:38:51","modified_gmt":"2022-10-07T12:38:51","slug":"sport-ribery-raccroche-les-crampons","status":"publish","type":"post","link":"https:\/\/www.public.sn\/index.php\/2022\/10\/07\/sport-ribery-raccroche-les-crampons\/","title":{"rendered":"Sport : Rib\u00e9ry raccroche les crampons."},"content":{"rendered":"\n<p><br><strong>Il risque dans les mois \u00e0 venir de beaucoup manquer aux passionn\u00e9s du football. En effet Franck Ribery \u00e0 demand\u00e9 \u00e0 son club Salernitana de rompre son contrat afin de rejoindre le staff technique. <\/strong><\/p><div class=\"publi-paragraphe1\" style=\"margin-top: 10px;margin-bottom: 10px;margin-left: auto;margin-right: auto;text-align: center;\" id=\"publi-2275598139\"><div class=\"publi-adlabel\">Publicit\u00e9<\/div><script async src=\"\/\/pagead2.googlesyndication.com\/pagead\/js\/adsbygoogle.js?client=ca-pub-4089586018074219\" crossorigin=\"anonymous\"><\/script><ins class=\"adsbygoogle\" style=\"display:block;\" data-ad-client=\"ca-pub-4089586018074219\" \ndata-ad-slot=\"2087940154\" \ndata-ad-format=\"auto\"><\/ins>\n<script> \n(adsbygoogle = window.adsbygoogle || []).push({}); \n<\/script>\n<\/div>\n\n\n\n<p>Le joueur fran\u00e7ais de 39 ans aura surtout marqu\u00e9 le football lors de son passage au Bayern de Munich. Il a particip\u00e9 \u00e0 425 rencontres, marqu\u00e9 124 buts et d\u00e9livr\u00e9 182 passes d\u00e9cisives. Pendant 12 ans, Franck Rib\u00e9ry a remport\u00e9 tous les troph\u00e9es possibles avec l\u2019\u00e9quipe allemande. Sa derni\u00e8re apparition avec l\u2019\u00e9quipe de France remonte au mois de Mars 2014.<\/p>\n\n\n\n<p>           Son dernier match avec Salernitana, c\u2019\u00e9tait le 14 Ao\u00fbt lors du match contre la Roma. Apr\u00e8s 18 ans, le \u00ab Kaiser \u00bb d\u00e9cide de tirer un trait \u00e0 sa carri\u00e8re professionnelle.<br><br>Samba SY. <br><\/p>\n<div class=\"publi-apres-le-contenu\" style=\"margin-top: 10px;margin-bottom: 10px;margin-left: auto;margin-right: auto;text-align: center;\" id=\"publi-561916856\"><div class=\"publi-adlabel\">Publicit\u00e9<\/div><script async src=\"\/\/pagead2.googlesyndication.com\/pagead\/js\/adsbygoogle.js?client=ca-pub-4089586018074219\" crossorigin=\"anonymous\"><\/script><ins class=\"adsbygoogle\" style=\"display:block;\" data-ad-client=\"ca-pub-4089586018074219\" \ndata-ad-slot=\"2087940154\" \ndata-ad-format=\"auto\"><\/ins>\n<script> \n(adsbygoogle = window.adsbygoogle || []).push({}); \n<\/script>\n<\/div>","protected":false},"excerpt":{"rendered":"<p>Il risque dans les mois \u00e0 venir de beaucoup manquer aux passionn\u00e9s du football. En effet Franck Ribery \u00e0 demand\u00e9 \u00e0 son club Salernitana de rompre son contrat afin de rejoindre le staff technique. Le joueur fran\u00e7ais de 39 ans aura surtout marqu\u00e9 le football lors de son passage au Bayern de Munich. Il a particip\u00e9 \u00e0 425 rencontres, marqu\u00e9 124 buts et d\u00e9livr\u00e9 182 passes d\u00e9cisives. Pendant 12 ans, Franck Rib\u00e9ry a remport\u00e9 tous les troph\u00e9es possibles avec l\u2019\u00e9quipe allemande. Sa derni\u00e8re apparition avec l\u2019\u00e9quipe de France remonte au mois de Mars 2014. Son dernier match avec Salernitana, c\u2019\u00e9tait le 14 Ao\u00fbt lors du match contre la Roma. Apr\u00e8s 18 ans, le \u00ab Kaiser \u00bb d\u00e9cide de tirer un trait \u00e0 sa carri\u00e8re professionnelle. Samba SY.<\/p>\n","protected":false},"author":1,"featured_media":3884,"comment_status":"open","ping_status":"open","sticky":false,"template":"","format":"standard","meta":{"_jetpack_memberships_contains_paid_content":false,"footnotes":""},"categories":[375,1,7],"tags":[1181,1270,1262],"class_list":["post-3879","post","type-post","status-publish","format-standard","has-post-thumbnail","hentry","category-actualites","category-non-classe","category-sport","tag-depart","tag-franck-ribery","tag-sport","entry","has-media","owp-thumbs-layout-horizontal","owp-btn-normal","owp-tabs-layout-horizontal","has-no-thumbnails","has-product-nav"],"yoast_head":"<!-- This site is optimized with the Yoast SEO plugin v25.5 - https:\/\/yoast.com\/wordpress\/plugins\/seo\/ -->\n<title>Sport : Rib\u00e9ry raccroche les crampons. - LE PUBLIC<\/title>\n<meta name=\"robots\" content=\"index, follow, max-snippet:-1, max-image-preview:large, max-video-preview:-1\" \/>\n<link rel=\"canonical\" href=\"https:\/\/www.public.sn\/index.php\/2022\/10\/07\/sport-ribery-raccroche-les-crampons\/\" \/>\n<meta property=\"og:locale\" content=\"fr_FR\" \/>\n<meta property=\"og:type\" content=\"article\" \/>\n<meta property=\"og:title\" content=\"Sport : Rib\u00e9ry raccroche les crampons. - LE PUBLIC\" \/>\n<meta property=\"og:description\" content=\"Il risque dans les mois \u00e0 venir de beaucoup manquer aux passionn\u00e9s du football. En effet Franck Ribery \u00e0 demand\u00e9 \u00e0 son club Salernitana de rompre son contrat afin de rejoindre le staff technique. Le joueur fran\u00e7ais de 39 ans aura surtout marqu\u00e9 le football lors de son passage au Bayern de Munich. Il a particip\u00e9 \u00e0 425 rencontres, marqu\u00e9 124 buts et d\u00e9livr\u00e9 182 passes d\u00e9cisives. Pendant 12 ans, Franck Rib\u00e9ry a remport\u00e9 tous les troph\u00e9es possibles avec l\u2019\u00e9quipe allemande. Sa derni\u00e8re apparition avec l\u2019\u00e9quipe de France remonte au mois de Mars 2014. Son dernier match avec Salernitana, c\u2019\u00e9tait le 14 Ao\u00fbt lors du match contre la Roma. Apr\u00e8s 18 ans, le \u00ab Kaiser \u00bb d\u00e9cide de tirer un trait \u00e0 sa carri\u00e8re professionnelle. Samba SY.\" \/>\n<meta property=\"og:url\" content=\"https:\/\/www.public.sn\/index.php\/2022\/10\/07\/sport-ribery-raccroche-les-crampons\/\" \/>\n<meta property=\"og:site_name\" content=\"LE PUBLIC\" \/>\n<meta property=\"article:published_time\" content=\"2022-10-07T12:38:49+00:00\" \/>\n<meta property=\"article:modified_time\" content=\"2022-10-07T12:38:51+00:00\" \/>\n<meta property=\"og:image\" content=\"https:\/\/www.public.sn\/wp-content\/uploads\/2022\/10\/RIBERY.webp\" \/>\n\t<meta property=\"og:image:width\" content=\"1772\" \/>\n\t<meta property=\"og:image:height\" content=\"1181\" \/>\n\t<meta property=\"og:image:type\" content=\"image\/webp\" \/>\n<meta name=\"author\" content=\"LA REDACTION\" \/>\n<meta name=\"twitter:card\" content=\"summary_large_image\" \/>\n<meta name=\"twitter:label1\" content=\"\u00c9crit par\" \/>\n\t<meta name=\"twitter:data1\" content=\"LA REDACTION\" \/>\n\t<meta name=\"twitter:label2\" content=\"Dur\u00e9e de lecture estim\u00e9e\" \/>\n\t<meta name=\"twitter:data2\" content=\"1 minute\" \/>\n<script type=\"application\/ld+json\" class=\"yoast-schema-graph\">{\"@context\":\"https:\/\/schema.org\",\"@graph\":[{\"@type\":\"Article\",\"@id\":\"https:\/\/www.public.sn\/index.php\/2022\/10\/07\/sport-ribery-raccroche-les-crampons\/#article\",\"isPartOf\":{\"@id\":\"https:\/\/www.public.sn\/index.php\/2022\/10\/07\/sport-ribery-raccroche-les-crampons\/\"},\"author\":{\"name\":\"LA REDACTION\",\"@id\":\"https:\/\/www.public.sn\/#\/schema\/person\/e3f4a11b037d4203902db148f9bc8d5a\"},\"headline\":\"Sport : Rib\u00e9ry raccroche les crampons.\",\"datePublished\":\"2022-10-07T12:38:49+00:00\",\"dateModified\":\"2022-10-07T12:38:51+00:00\",\"mainEntityOfPage\":{\"@id\":\"https:\/\/www.public.sn\/index.php\/2022\/10\/07\/sport-ribery-raccroche-les-crampons\/\"},\"wordCount\":132,\"commentCount\":0,\"publisher\":{\"@id\":\"https:\/\/www.public.sn\/#organization\"},\"image\":{\"@id\":\"https:\/\/www.public.sn\/index.php\/2022\/10\/07\/sport-ribery-raccroche-les-crampons\/#primaryimage\"},\"thumbnailUrl\":\"https:\/\/www.public.sn\/wp-content\/uploads\/2022\/10\/RIBERY.webp\",\"keywords\":[\"depart\",\"franck ribery\",\"Sport\"],\"articleSection\":[\"ACTUALIT\u00c9S\",\"S\u00c9N\u00c9GAL\",\"SPORTS\"],\"inLanguage\":\"fr-FR\",\"potentialAction\":[{\"@type\":\"CommentAction\",\"name\":\"Comment\",\"target\":[\"https:\/\/www.public.sn\/index.php\/2022\/10\/07\/sport-ribery-raccroche-les-crampons\/#respond\"]}]},{\"@type\":\"WebPage\",\"@id\":\"https:\/\/www.public.sn\/index.php\/2022\/10\/07\/sport-ribery-raccroche-les-crampons\/\",\"url\":\"https:\/\/www.public.sn\/index.php\/2022\/10\/07\/sport-ribery-raccroche-les-crampons\/\",\"name\":\"Sport : Rib\u00e9ry raccroche les crampons. - LE PUBLIC\",\"isPartOf\":{\"@id\":\"https:\/\/www.public.sn\/#website\"},\"primaryImageOfPage\":{\"@id\":\"https:\/\/www.public.sn\/index.php\/2022\/10\/07\/sport-ribery-raccroche-les-crampons\/#primaryimage\"},\"image\":{\"@id\":\"https:\/\/www.public.sn\/index.php\/2022\/10\/07\/sport-ribery-raccroche-les-crampons\/#primaryimage\"},\"thumbnailUrl\":\"https:\/\/www.public.sn\/wp-content\/uploads\/2022\/10\/RIBERY.webp\",\"datePublished\":\"2022-10-07T12:38:49+00:00\",\"dateModified\":\"2022-10-07T12:38:51+00:00\",\"breadcrumb\":{\"@id\":\"https:\/\/www.public.sn\/index.php\/2022\/10\/07\/sport-ribery-raccroche-les-crampons\/#breadcrumb\"},\"inLanguage\":\"fr-FR\",\"potentialAction\":[{\"@type\":\"ReadAction\",\"target\":[\"https:\/\/www.public.sn\/index.php\/2022\/10\/07\/sport-ribery-raccroche-les-crampons\/\"]}]},{\"@type\":\"ImageObject\",\"inLanguage\":\"fr-FR\",\"@id\":\"https:\/\/www.public.sn\/index.php\/2022\/10\/07\/sport-ribery-raccroche-les-crampons\/#primaryimage\",\"url\":\"https:\/\/www.public.sn\/wp-content\/uploads\/2022\/10\/RIBERY.webp\",\"contentUrl\":\"https:\/\/www.public.sn\/wp-content\/uploads\/2022\/10\/RIBERY.webp\",\"width\":1772,\"height\":1181},{\"@type\":\"BreadcrumbList\",\"@id\":\"https:\/\/www.public.sn\/index.php\/2022\/10\/07\/sport-ribery-raccroche-les-crampons\/#breadcrumb\",\"itemListElement\":[{\"@type\":\"ListItem\",\"position\":1,\"name\":\"Accueil\",\"item\":\"https:\/\/www.public.sn\/\"},{\"@type\":\"ListItem\",\"position\":2,\"name\":\"Sport : Rib\u00e9ry raccroche les crampons.\"}]},{\"@type\":\"WebSite\",\"@id\":\"https:\/\/www.public.sn\/#website\",\"url\":\"https:\/\/www.public.sn\/\",\"name\":\"LE PUBLIC\",\"description\":\"\",\"publisher\":{\"@id\":\"https:\/\/www.public.sn\/#organization\"},\"potentialAction\":[{\"@type\":\"SearchAction\",\"target\":{\"@type\":\"EntryPoint\",\"urlTemplate\":\"https:\/\/www.public.sn\/?s={search_term_string}\"},\"query-input\":{\"@type\":\"PropertyValueSpecification\",\"valueRequired\":true,\"valueName\":\"search_term_string\"}}],\"inLanguage\":\"fr-FR\"},{\"@type\":\"Organization\",\"@id\":\"https:\/\/www.public.sn\/#organization\",\"name\":\"LE PUBLIC\",\"url\":\"https:\/\/www.public.sn\/\",\"logo\":{\"@type\":\"ImageObject\",\"inLanguage\":\"fr-FR\",\"@id\":\"https:\/\/www.public.sn\/#\/schema\/logo\/image\/\",\"url\":\"https:\/\/www.public.sn\/wp-content\/uploads\/2024\/05\/cropped-LOGO-PUBLIC.SN_.png\",\"contentUrl\":\"https:\/\/www.public.sn\/wp-content\/uploads\/2024\/05\/cropped-LOGO-PUBLIC.SN_.png\",\"width\":682,\"height\":192,\"caption\":\"LE PUBLIC\"},\"image\":{\"@id\":\"https:\/\/www.public.sn\/#\/schema\/logo\/image\/\"}},{\"@type\":\"Person\",\"@id\":\"https:\/\/www.public.sn\/#\/schema\/person\/e3f4a11b037d4203902db148f9bc8d5a\",\"name\":\"LA REDACTION\",\"image\":{\"@type\":\"ImageObject\",\"inLanguage\":\"fr-FR\",\"@id\":\"https:\/\/www.public.sn\/#\/schema\/person\/image\/\",\"url\":\"https:\/\/secure.gravatar.com\/avatar\/d6c030db45db2883c075085c5d6c6258654a801a93766b49af0b82d4f454e2a5?s=96&d=mm&r=g\",\"contentUrl\":\"https:\/\/secure.gravatar.com\/avatar\/d6c030db45db2883c075085c5d6c6258654a801a93766b49af0b82d4f454e2a5?s=96&d=mm&r=g\",\"caption\":\"LA REDACTION\"},\"sameAs\":[\"http:\/\/www.public.sn\"],\"url\":\"https:\/\/www.public.sn\/index.php\/author\/admin7324\/\"}]}<\/script>\n<!-- \/ Yoast SEO plugin. -->","yoast_head_json":{"title":"Sport : Rib\u00e9ry raccroche les crampons. - LE PUBLIC","robots":{"index":"index","follow":"follow","max-snippet":"max-snippet:-1","max-image-preview":"max-image-preview:large","max-video-preview":"max-video-preview:-1"},"canonical":"https:\/\/www.public.sn\/index.php\/2022\/10\/07\/sport-ribery-raccroche-les-crampons\/","og_locale":"fr_FR","og_type":"article","og_title":"Sport : Rib\u00e9ry raccroche les crampons. - LE PUBLIC","og_description":"Il risque dans les mois \u00e0 venir de beaucoup manquer aux passionn\u00e9s du football. En effet Franck Ribery \u00e0 demand\u00e9 \u00e0 son club Salernitana de rompre son contrat afin de rejoindre le staff technique. Le joueur fran\u00e7ais de 39 ans aura surtout marqu\u00e9 le football lors de son passage au Bayern de Munich. Il a particip\u00e9 \u00e0 425 rencontres, marqu\u00e9 124 buts et d\u00e9livr\u00e9 182 passes d\u00e9cisives. Pendant 12 ans, Franck Rib\u00e9ry a remport\u00e9 tous les troph\u00e9es possibles avec l\u2019\u00e9quipe allemande. Sa derni\u00e8re apparition avec l\u2019\u00e9quipe de France remonte au mois de Mars 2014. Son dernier match avec Salernitana, c\u2019\u00e9tait le 14 Ao\u00fbt lors du match contre la Roma. Apr\u00e8s 18 ans, le \u00ab Kaiser \u00bb d\u00e9cide de tirer un trait \u00e0 sa carri\u00e8re professionnelle. Samba SY.","og_url":"https:\/\/www.public.sn\/index.php\/2022\/10\/07\/sport-ribery-raccroche-les-crampons\/","og_site_name":"LE PUBLIC","article_published_time":"2022-10-07T12:38:49+00:00","article_modified_time":"2022-10-07T12:38:51+00:00","og_image":[{"width":1772,"height":1181,"url":"https:\/\/www.public.sn\/wp-content\/uploads\/2022\/10\/RIBERY.webp","type":"image\/webp"}],"author":"LA REDACTION","twitter_card":"summary_large_image","twitter_misc":{"\u00c9crit par":"LA REDACTION","Dur\u00e9e de lecture estim\u00e9e":"1 minute"},"schema":{"@context":"https:\/\/schema.org","@graph":[{"@type":"Article","@id":"https:\/\/www.public.sn\/index.php\/2022\/10\/07\/sport-ribery-raccroche-les-crampons\/#article","isPartOf":{"@id":"https:\/\/www.public.sn\/index.php\/2022\/10\/07\/sport-ribery-raccroche-les-crampons\/"},"author":{"name":"LA REDACTION","@id":"https:\/\/www.public.sn\/#\/schema\/person\/e3f4a11b037d4203902db148f9bc8d5a"},"headline":"Sport : Rib\u00e9ry raccroche les crampons.","datePublished":"2022-10-07T12:38:49+00:00","dateModified":"2022-10-07T12:38:51+00:00","mainEntityOfPage":{"@id":"https:\/\/www.public.sn\/index.php\/2022\/10\/07\/sport-ribery-raccroche-les-crampons\/"},"wordCount":132,"commentCount":0,"publisher":{"@id":"https:\/\/www.public.sn\/#organization"},"image":{"@id":"https:\/\/www.public.sn\/index.php\/2022\/10\/07\/sport-ribery-raccroche-les-crampons\/#primaryimage"},"thumbnailUrl":"https:\/\/www.public.sn\/wp-content\/uploads\/2022\/10\/RIBERY.webp","keywords":["depart","franck ribery","Sport"],"articleSection":["ACTUALIT\u00c9S","S\u00c9N\u00c9GAL","SPORTS"],"inLanguage":"fr-FR","potentialAction":[{"@type":"CommentAction","name":"Comment","target":["https:\/\/www.public.sn\/index.php\/2022\/10\/07\/sport-ribery-raccroche-les-crampons\/#respond"]}]},{"@type":"WebPage","@id":"https:\/\/www.public.sn\/index.php\/2022\/10\/07\/sport-ribery-raccroche-les-crampons\/","url":"https:\/\/www.public.sn\/index.php\/2022\/10\/07\/sport-ribery-raccroche-les-crampons\/","name":"Sport : Rib\u00e9ry raccroche les crampons. - LE PUBLIC","isPartOf":{"@id":"https:\/\/www.public.sn\/#website"},"primaryImageOfPage":{"@id":"https:\/\/www.public.sn\/index.php\/2022\/10\/07\/sport-ribery-raccroche-les-crampons\/#primaryimage"},"image":{"@id":"https:\/\/www.public.sn\/index.php\/2022\/10\/07\/sport-ribery-raccroche-les-crampons\/#primaryimage"},"thumbnailUrl":"https:\/\/www.public.sn\/wp-content\/uploads\/2022\/10\/RIBERY.webp","datePublished":"2022-10-07T12:38:49+00:00","dateModified":"2022-10-07T12:38:51+00:00","breadcrumb":{"@id":"https:\/\/www.public.sn\/index.php\/2022\/10\/07\/sport-ribery-raccroche-les-crampons\/#breadcrumb"},"inLanguage":"fr-FR","potentialAction":[{"@type":"ReadAction","target":["https:\/\/www.public.sn\/index.php\/2022\/10\/07\/sport-ribery-raccroche-les-crampons\/"]}]},{"@type":"ImageObject","inLanguage":"fr-FR","@id":"https:\/\/www.public.sn\/index.php\/2022\/10\/07\/sport-ribery-raccroche-les-crampons\/#primaryimage","url":"https:\/\/www.public.sn\/wp-content\/uploads\/2022\/10\/RIBERY.webp","contentUrl":"https:\/\/www.public.sn\/wp-content\/uploads\/2022\/10\/RIBERY.webp","width":1772,"height":1181},{"@type":"BreadcrumbList","@id":"https:\/\/www.public.sn\/index.php\/2022\/10\/07\/sport-ribery-raccroche-les-crampons\/#breadcrumb","itemListElement":[{"@type":"ListItem","position":1,"name":"Accueil","item":"https:\/\/www.public.sn\/"},{"@type":"ListItem","position":2,"name":"Sport : Rib\u00e9ry raccroche les crampons."}]},{"@type":"WebSite","@id":"https:\/\/www.public.sn\/#website","url":"https:\/\/www.public.sn\/","name":"LE PUBLIC","description":"","publisher":{"@id":"https:\/\/www.public.sn\/#organization"},"potentialAction":[{"@type":"SearchAction","target":{"@type":"EntryPoint","urlTemplate":"https:\/\/www.public.sn\/?s={search_term_string}"},"query-input":{"@type":"PropertyValueSpecification","valueRequired":true,"valueName":"search_term_string"}}],"inLanguage":"fr-FR"},{"@type":"Organization","@id":"https:\/\/www.public.sn\/#organization","name":"LE PUBLIC","url":"https:\/\/www.public.sn\/","logo":{"@type":"ImageObject","inLanguage":"fr-FR","@id":"https:\/\/www.public.sn\/#\/schema\/logo\/image\/","url":"https:\/\/www.public.sn\/wp-content\/uploads\/2024\/05\/cropped-LOGO-PUBLIC.SN_.png","contentUrl":"https:\/\/www.public.sn\/wp-content\/uploads\/2024\/05\/cropped-LOGO-PUBLIC.SN_.png","width":682,"height":192,"caption":"LE PUBLIC"},"image":{"@id":"https:\/\/www.public.sn\/#\/schema\/logo\/image\/"}},{"@type":"Person","@id":"https:\/\/www.public.sn\/#\/schema\/person\/e3f4a11b037d4203902db148f9bc8d5a","name":"LA REDACTION","image":{"@type":"ImageObject","inLanguage":"fr-FR","@id":"https:\/\/www.public.sn\/#\/schema\/person\/image\/","url":"https:\/\/secure.gravatar.com\/avatar\/d6c030db45db2883c075085c5d6c6258654a801a93766b49af0b82d4f454e2a5?s=96&d=mm&r=g","contentUrl":"https:\/\/secure.gravatar.com\/avatar\/d6c030db45db2883c075085c5d6c6258654a801a93766b49af0b82d4f454e2a5?s=96&d=mm&r=g","caption":"LA REDACTION"},"sameAs":["http:\/\/www.public.sn"],"url":"https:\/\/www.public.sn\/index.php\/author\/admin7324\/"}]}},"jetpack_featured_media_url":"https:\/\/www.public.sn\/wp-content\/uploads\/2022\/10\/RIBERY.webp","jetpack_sharing_enabled":true,"_links":{"self":[{"href":"https:\/\/www.public.sn\/index.php\/wp-json\/wp\/v2\/posts\/3879","targetHints":{"allow":["GET"]}}],"collection":[{"href":"https:\/\/www.public.sn\/index.php\/wp-json\/wp\/v2\/posts"}],"about":[{"href":"https:\/\/www.public.sn\/index.php\/wp-json\/wp\/v2\/types\/post"}],"author":[{"embeddable":true,"href":"https:\/\/www.public.sn\/index.php\/wp-json\/wp\/v2\/users\/1"}],"replies":[{"embeddable":true,"href":"https:\/\/www.public.sn\/index.php\/wp-json\/wp\/v2\/comments?post=3879"}],"version-history":[{"count":2,"href":"https:\/\/www.public.sn\/index.php\/wp-json\/wp\/v2\/posts\/3879\/revisions"}],"predecessor-version":[{"id":3885,"href":"https:\/\/www.public.sn\/index.php\/wp-json\/wp\/v2\/posts\/3879\/revisions\/3885"}],"wp:featuredmedia":[{"embeddable":true,"href":"https:\/\/www.public.sn\/index.php\/wp-json\/wp\/v2\/media\/3884"}],"wp:attachment":[{"href":"https:\/\/www.public.sn\/index.php\/wp-json\/wp\/v2\/media?parent=3879"}],"wp:term":[{"taxonomy":"category","embeddable":true,"href":"https:\/\/www.public.sn\/index.php\/wp-json\/wp\/v2\/categories?post=3879"},{"taxonomy":"post_tag","embeddable":true,"href":"https:\/\/www.public.sn\/index.php\/wp-json\/wp\/v2\/tags?post=3879"}],"curies":[{"name":"wp","href":"https:\/\/api.w.org\/{rel}","templated":true}]}}