{"id":3895,"date":"2022-10-07T14:54:00","date_gmt":"2022-10-07T14:54:00","guid":{"rendered":"https:\/\/www.public.sn\/?p=3895"},"modified":"2022-10-07T14:54:01","modified_gmt":"2022-10-07T14:54:01","slug":"madiop-mbaye-pekh-senegalais-bounek-dafa-wara-wagni-si-ay-atam-yokal-ko-youssou-ndour","status":"publish","type":"post","link":"https:\/\/www.public.sn\/index.php\/2022\/10\/07\/madiop-mbaye-pekh-senegalais-bounek-dafa-wara-wagni-si-ay-atam-yokal-ko-youssou-ndour\/","title":{"rendered":"Madiop Mbaye Pekh: S\u00e9n\u00e9galais bounek dafa wara wagni si ay atam yokal ko Youssou Ndour&#8230;"},"content":{"rendered":"\n<p><strong>IL a presque tout pris de lui. Les traits du visage, la voix, les mimiques, les grimaces, l\u2019humour, le visage\u2026 Madiop Mbaye Pekh ressemble comme deux gouttes d\u2019eau \u00e0 son p\u00e8re. on peut dire que c\u2019est le double d\u2019Abdoulaye Mbaye Pekh, le grand communicateur traditionnel.<\/strong><\/p><div class=\"publi-paragraphe1\" style=\"margin-top: 10px;margin-bottom: 10px;margin-left: auto;margin-right: auto;text-align: center;\" id=\"publi-899472683\"><div class=\"publi-adlabel\">Publicit\u00e9<\/div><script async src=\"\/\/pagead2.googlesyndication.com\/pagead\/js\/adsbygoogle.js?client=ca-pub-4089586018074219\" crossorigin=\"anonymous\"><\/script><ins class=\"adsbygoogle\" style=\"display:block;\" data-ad-client=\"ca-pub-4089586018074219\" \ndata-ad-slot=\"2087940154\" \ndata-ad-format=\"auto\"><\/ins>\n<script> \n(adsbygoogle = window.adsbygoogle || []).push({}); \n<\/script>\n<\/div>\n\n\n\n<p><br>En entretient avec publicSN Madiop Mbaye Pekh n&rsquo;est pas d&rsquo;accord avec ceux qui disent qu&rsquo;ils ont mis au frigo par le groupe futur m\u00e9dia . Poursuivant le jeune animateur chante les louanges de Youssou Ndour et de la TFM, car selon lui \u00ab\u00a0TFM est une star \u2026\u00a0\u00bb<\/p>\n\n\n\n<p><br>Mame Marie THIAM<\/p>\n<div class=\"publi-apres-le-contenu\" style=\"margin-top: 10px;margin-bottom: 10px;margin-left: auto;margin-right: auto;text-align: center;\" id=\"publi-3235124575\"><div class=\"publi-adlabel\">Publicit\u00e9<\/div><script async src=\"\/\/pagead2.googlesyndication.com\/pagead\/js\/adsbygoogle.js?client=ca-pub-4089586018074219\" crossorigin=\"anonymous\"><\/script><ins class=\"adsbygoogle\" style=\"display:block;\" data-ad-client=\"ca-pub-4089586018074219\" \ndata-ad-slot=\"2087940154\" \ndata-ad-format=\"auto\"><\/ins>\n<script> \n(adsbygoogle = window.adsbygoogle || []).push({}); \n<\/script>\n<\/div>","protected":false},"excerpt":{"rendered":"<p>IL a presque tout pris de lui. Les traits du visage, la voix, les mimiques, les grimaces, l\u2019humour, le visage\u2026 Madiop Mbaye Pekh ressemble comme deux gouttes d\u2019eau \u00e0 son p\u00e8re. on peut dire que c\u2019est le double d\u2019Abdoulaye Mbaye Pekh, le grand communicateur traditionnel. En entretient avec publicSN Madiop Mbaye Pekh n&rsquo;est pas d&rsquo;accord avec ceux qui disent qu&rsquo;ils ont mis au frigo par le groupe futur m\u00e9dia . Poursuivant le jeune animateur chante les louanges de Youssou Ndour et de la TFM, car selon lui \u00ab\u00a0TFM est une star \u2026\u00a0\u00bb Mame Marie THIAM<\/p>\n","protected":false},"author":1,"featured_media":3897,"comment_status":"open","ping_status":"open","sticky":false,"template":"","format":"standard","meta":{"_jetpack_memberships_contains_paid_content":false,"footnotes":""},"categories":[5,8,1,4,372],"tags":[1276,1277,509],"class_list":["post-3895","post","type-post","status-publish","format-standard","has-post-thumbnail","hentry","category-people","category-public-tv","category-non-classe","category-societe","category-vedette","tag-madiop-mbaye-pekh","tag-tfm","tag-youssou-ndour","entry","has-media","owp-thumbs-layout-horizontal","owp-btn-normal","owp-tabs-layout-horizontal","has-no-thumbnails","has-product-nav"],"yoast_head":"<!-- This site is optimized with the Yoast SEO plugin v25.5 - https:\/\/yoast.com\/wordpress\/plugins\/seo\/ -->\n<title>Madiop Mbaye Pekh: S\u00e9n\u00e9galais bounek dafa wara wagni si ay atam yokal ko Youssou Ndour... - LE PUBLIC<\/title>\n<meta name=\"robots\" content=\"index, follow, max-snippet:-1, max-image-preview:large, max-video-preview:-1\" \/>\n<link rel=\"canonical\" href=\"https:\/\/www.public.sn\/index.php\/2022\/10\/07\/madiop-mbaye-pekh-senegalais-bounek-dafa-wara-wagni-si-ay-atam-yokal-ko-youssou-ndour\/\" \/>\n<meta property=\"og:locale\" content=\"fr_FR\" \/>\n<meta property=\"og:type\" content=\"article\" \/>\n<meta property=\"og:title\" content=\"Madiop Mbaye Pekh: S\u00e9n\u00e9galais bounek dafa wara wagni si ay atam yokal ko Youssou Ndour... - LE PUBLIC\" \/>\n<meta property=\"og:description\" content=\"IL a presque tout pris de lui. Les traits du visage, la voix, les mimiques, les grimaces, l\u2019humour, le visage\u2026 Madiop Mbaye Pekh ressemble comme deux gouttes d\u2019eau \u00e0 son p\u00e8re. on peut dire que c\u2019est le double d\u2019Abdoulaye Mbaye Pekh, le grand communicateur traditionnel. En entretient avec publicSN Madiop Mbaye Pekh n&rsquo;est pas d&rsquo;accord avec ceux qui disent qu&rsquo;ils ont mis au frigo par le groupe futur m\u00e9dia . Poursuivant le jeune animateur chante les louanges de Youssou Ndour et de la TFM, car selon lui \u00ab\u00a0TFM est une star \u2026\u00a0\u00bb Mame Marie THIAM\" \/>\n<meta property=\"og:url\" content=\"https:\/\/www.public.sn\/index.php\/2022\/10\/07\/madiop-mbaye-pekh-senegalais-bounek-dafa-wara-wagni-si-ay-atam-yokal-ko-youssou-ndour\/\" \/>\n<meta property=\"og:site_name\" content=\"LE PUBLIC\" \/>\n<meta property=\"article:published_time\" content=\"2022-10-07T14:54:00+00:00\" \/>\n<meta property=\"article:modified_time\" content=\"2022-10-07T14:54:01+00:00\" \/>\n<meta property=\"og:image\" content=\"https:\/\/www.public.sn\/wp-content\/uploads\/2022\/10\/hhhhhhhh.jpg\" \/>\n\t<meta property=\"og:image:width\" content=\"1280\" \/>\n\t<meta property=\"og:image:height\" content=\"720\" \/>\n\t<meta property=\"og:image:type\" content=\"image\/jpeg\" \/>\n<meta name=\"author\" content=\"LA REDACTION\" \/>\n<meta name=\"twitter:card\" content=\"summary_large_image\" \/>\n<meta name=\"twitter:label1\" content=\"\u00c9crit par\" \/>\n\t<meta name=\"twitter:data1\" content=\"LA REDACTION\" \/>\n\t<meta name=\"twitter:label2\" content=\"Dur\u00e9e de lecture estim\u00e9e\" \/>\n\t<meta name=\"twitter:data2\" content=\"1 minute\" \/>\n<script type=\"application\/ld+json\" class=\"yoast-schema-graph\">{\"@context\":\"https:\/\/schema.org\",\"@graph\":[{\"@type\":\"Article\",\"@id\":\"https:\/\/www.public.sn\/index.php\/2022\/10\/07\/madiop-mbaye-pekh-senegalais-bounek-dafa-wara-wagni-si-ay-atam-yokal-ko-youssou-ndour\/#article\",\"isPartOf\":{\"@id\":\"https:\/\/www.public.sn\/index.php\/2022\/10\/07\/madiop-mbaye-pekh-senegalais-bounek-dafa-wara-wagni-si-ay-atam-yokal-ko-youssou-ndour\/\"},\"author\":{\"name\":\"LA REDACTION\",\"@id\":\"https:\/\/www.public.sn\/#\/schema\/person\/e3f4a11b037d4203902db148f9bc8d5a\"},\"headline\":\"Madiop Mbaye Pekh: S\u00e9n\u00e9galais bounek dafa wara wagni si ay atam yokal ko Youssou Ndour&#8230;\",\"datePublished\":\"2022-10-07T14:54:00+00:00\",\"dateModified\":\"2022-10-07T14:54:01+00:00\",\"mainEntityOfPage\":{\"@id\":\"https:\/\/www.public.sn\/index.php\/2022\/10\/07\/madiop-mbaye-pekh-senegalais-bounek-dafa-wara-wagni-si-ay-atam-yokal-ko-youssou-ndour\/\"},\"wordCount\":115,\"commentCount\":0,\"publisher\":{\"@id\":\"https:\/\/www.public.sn\/#organization\"},\"image\":{\"@id\":\"https:\/\/www.public.sn\/index.php\/2022\/10\/07\/madiop-mbaye-pekh-senegalais-bounek-dafa-wara-wagni-si-ay-atam-yokal-ko-youssou-ndour\/#primaryimage\"},\"thumbnailUrl\":\"https:\/\/www.public.sn\/wp-content\/uploads\/2022\/10\/hhhhhhhh.jpg\",\"keywords\":[\"madiop mbaye pekh\",\"tfm\",\"Youssou Ndour\"],\"articleSection\":[\"PEOPLE\",\"PUBLIC TV\",\"S\u00c9N\u00c9GAL\",\"SOCIETE\",\"VEDETTE\"],\"inLanguage\":\"fr-FR\",\"potentialAction\":[{\"@type\":\"CommentAction\",\"name\":\"Comment\",\"target\":[\"https:\/\/www.public.sn\/index.php\/2022\/10\/07\/madiop-mbaye-pekh-senegalais-bounek-dafa-wara-wagni-si-ay-atam-yokal-ko-youssou-ndour\/#respond\"]}]},{\"@type\":\"WebPage\",\"@id\":\"https:\/\/www.public.sn\/index.php\/2022\/10\/07\/madiop-mbaye-pekh-senegalais-bounek-dafa-wara-wagni-si-ay-atam-yokal-ko-youssou-ndour\/\",\"url\":\"https:\/\/www.public.sn\/index.php\/2022\/10\/07\/madiop-mbaye-pekh-senegalais-bounek-dafa-wara-wagni-si-ay-atam-yokal-ko-youssou-ndour\/\",\"name\":\"Madiop Mbaye Pekh: S\u00e9n\u00e9galais bounek dafa wara wagni si ay atam yokal ko Youssou Ndour... - LE PUBLIC\",\"isPartOf\":{\"@id\":\"https:\/\/www.public.sn\/#website\"},\"primaryImageOfPage\":{\"@id\":\"https:\/\/www.public.sn\/index.php\/2022\/10\/07\/madiop-mbaye-pekh-senegalais-bounek-dafa-wara-wagni-si-ay-atam-yokal-ko-youssou-ndour\/#primaryimage\"},\"image\":{\"@id\":\"https:\/\/www.public.sn\/index.php\/2022\/10\/07\/madiop-mbaye-pekh-senegalais-bounek-dafa-wara-wagni-si-ay-atam-yokal-ko-youssou-ndour\/#primaryimage\"},\"thumbnailUrl\":\"https:\/\/www.public.sn\/wp-content\/uploads\/2022\/10\/hhhhhhhh.jpg\",\"datePublished\":\"2022-10-07T14:54:00+00:00\",\"dateModified\":\"2022-10-07T14:54:01+00:00\",\"breadcrumb\":{\"@id\":\"https:\/\/www.public.sn\/index.php\/2022\/10\/07\/madiop-mbaye-pekh-senegalais-bounek-dafa-wara-wagni-si-ay-atam-yokal-ko-youssou-ndour\/#breadcrumb\"},\"inLanguage\":\"fr-FR\",\"potentialAction\":[{\"@type\":\"ReadAction\",\"target\":[\"https:\/\/www.public.sn\/index.php\/2022\/10\/07\/madiop-mbaye-pekh-senegalais-bounek-dafa-wara-wagni-si-ay-atam-yokal-ko-youssou-ndour\/\"]}]},{\"@type\":\"ImageObject\",\"inLanguage\":\"fr-FR\",\"@id\":\"https:\/\/www.public.sn\/index.php\/2022\/10\/07\/madiop-mbaye-pekh-senegalais-bounek-dafa-wara-wagni-si-ay-atam-yokal-ko-youssou-ndour\/#primaryimage\",\"url\":\"https:\/\/www.public.sn\/wp-content\/uploads\/2022\/10\/hhhhhhhh.jpg\",\"contentUrl\":\"https:\/\/www.public.sn\/wp-content\/uploads\/2022\/10\/hhhhhhhh.jpg\",\"width\":1280,\"height\":720},{\"@type\":\"BreadcrumbList\",\"@id\":\"https:\/\/www.public.sn\/index.php\/2022\/10\/07\/madiop-mbaye-pekh-senegalais-bounek-dafa-wara-wagni-si-ay-atam-yokal-ko-youssou-ndour\/#breadcrumb\",\"itemListElement\":[{\"@type\":\"ListItem\",\"position\":1,\"name\":\"Accueil\",\"item\":\"https:\/\/www.public.sn\/\"},{\"@type\":\"ListItem\",\"position\":2,\"name\":\"Madiop Mbaye Pekh: S\u00e9n\u00e9galais bounek dafa wara wagni si ay atam yokal ko Youssou Ndour&#8230;\"}]},{\"@type\":\"WebSite\",\"@id\":\"https:\/\/www.public.sn\/#website\",\"url\":\"https:\/\/www.public.sn\/\",\"name\":\"LE PUBLIC\",\"description\":\"\",\"publisher\":{\"@id\":\"https:\/\/www.public.sn\/#organization\"},\"potentialAction\":[{\"@type\":\"SearchAction\",\"target\":{\"@type\":\"EntryPoint\",\"urlTemplate\":\"https:\/\/www.public.sn\/?s={search_term_string}\"},\"query-input\":{\"@type\":\"PropertyValueSpecification\",\"valueRequired\":true,\"valueName\":\"search_term_string\"}}],\"inLanguage\":\"fr-FR\"},{\"@type\":\"Organization\",\"@id\":\"https:\/\/www.public.sn\/#organization\",\"name\":\"LE PUBLIC\",\"url\":\"https:\/\/www.public.sn\/\",\"logo\":{\"@type\":\"ImageObject\",\"inLanguage\":\"fr-FR\",\"@id\":\"https:\/\/www.public.sn\/#\/schema\/logo\/image\/\",\"url\":\"https:\/\/www.public.sn\/wp-content\/uploads\/2024\/05\/cropped-LOGO-PUBLIC.SN_.png\",\"contentUrl\":\"https:\/\/www.public.sn\/wp-content\/uploads\/2024\/05\/cropped-LOGO-PUBLIC.SN_.png\",\"width\":682,\"height\":192,\"caption\":\"LE PUBLIC\"},\"image\":{\"@id\":\"https:\/\/www.public.sn\/#\/schema\/logo\/image\/\"}},{\"@type\":\"Person\",\"@id\":\"https:\/\/www.public.sn\/#\/schema\/person\/e3f4a11b037d4203902db148f9bc8d5a\",\"name\":\"LA REDACTION\",\"image\":{\"@type\":\"ImageObject\",\"inLanguage\":\"fr-FR\",\"@id\":\"https:\/\/www.public.sn\/#\/schema\/person\/image\/\",\"url\":\"https:\/\/secure.gravatar.com\/avatar\/d6c030db45db2883c075085c5d6c6258654a801a93766b49af0b82d4f454e2a5?s=96&d=mm&r=g\",\"contentUrl\":\"https:\/\/secure.gravatar.com\/avatar\/d6c030db45db2883c075085c5d6c6258654a801a93766b49af0b82d4f454e2a5?s=96&d=mm&r=g\",\"caption\":\"LA REDACTION\"},\"sameAs\":[\"http:\/\/www.public.sn\"],\"url\":\"https:\/\/www.public.sn\/index.php\/author\/admin7324\/\"}]}<\/script>\n<!-- \/ Yoast SEO plugin. -->","yoast_head_json":{"title":"Madiop Mbaye Pekh: S\u00e9n\u00e9galais bounek dafa wara wagni si ay atam yokal ko Youssou Ndour... - LE PUBLIC","robots":{"index":"index","follow":"follow","max-snippet":"max-snippet:-1","max-image-preview":"max-image-preview:large","max-video-preview":"max-video-preview:-1"},"canonical":"https:\/\/www.public.sn\/index.php\/2022\/10\/07\/madiop-mbaye-pekh-senegalais-bounek-dafa-wara-wagni-si-ay-atam-yokal-ko-youssou-ndour\/","og_locale":"fr_FR","og_type":"article","og_title":"Madiop Mbaye Pekh: S\u00e9n\u00e9galais bounek dafa wara wagni si ay atam yokal ko Youssou Ndour... - LE PUBLIC","og_description":"IL a presque tout pris de lui. Les traits du visage, la voix, les mimiques, les grimaces, l\u2019humour, le visage\u2026 Madiop Mbaye Pekh ressemble comme deux gouttes d\u2019eau \u00e0 son p\u00e8re. on peut dire que c\u2019est le double d\u2019Abdoulaye Mbaye Pekh, le grand communicateur traditionnel. En entretient avec publicSN Madiop Mbaye Pekh n&rsquo;est pas d&rsquo;accord avec ceux qui disent qu&rsquo;ils ont mis au frigo par le groupe futur m\u00e9dia . Poursuivant le jeune animateur chante les louanges de Youssou Ndour et de la TFM, car selon lui \u00ab\u00a0TFM est une star \u2026\u00a0\u00bb Mame Marie THIAM","og_url":"https:\/\/www.public.sn\/index.php\/2022\/10\/07\/madiop-mbaye-pekh-senegalais-bounek-dafa-wara-wagni-si-ay-atam-yokal-ko-youssou-ndour\/","og_site_name":"LE PUBLIC","article_published_time":"2022-10-07T14:54:00+00:00","article_modified_time":"2022-10-07T14:54:01+00:00","og_image":[{"width":1280,"height":720,"url":"https:\/\/www.public.sn\/wp-content\/uploads\/2022\/10\/hhhhhhhh.jpg","type":"image\/jpeg"}],"author":"LA REDACTION","twitter_card":"summary_large_image","twitter_misc":{"\u00c9crit par":"LA REDACTION","Dur\u00e9e de lecture estim\u00e9e":"1 minute"},"schema":{"@context":"https:\/\/schema.org","@graph":[{"@type":"Article","@id":"https:\/\/www.public.sn\/index.php\/2022\/10\/07\/madiop-mbaye-pekh-senegalais-bounek-dafa-wara-wagni-si-ay-atam-yokal-ko-youssou-ndour\/#article","isPartOf":{"@id":"https:\/\/www.public.sn\/index.php\/2022\/10\/07\/madiop-mbaye-pekh-senegalais-bounek-dafa-wara-wagni-si-ay-atam-yokal-ko-youssou-ndour\/"},"author":{"name":"LA REDACTION","@id":"https:\/\/www.public.sn\/#\/schema\/person\/e3f4a11b037d4203902db148f9bc8d5a"},"headline":"Madiop Mbaye Pekh: S\u00e9n\u00e9galais bounek dafa wara wagni si ay atam yokal ko Youssou Ndour&#8230;","datePublished":"2022-10-07T14:54:00+00:00","dateModified":"2022-10-07T14:54:01+00:00","mainEntityOfPage":{"@id":"https:\/\/www.public.sn\/index.php\/2022\/10\/07\/madiop-mbaye-pekh-senegalais-bounek-dafa-wara-wagni-si-ay-atam-yokal-ko-youssou-ndour\/"},"wordCount":115,"commentCount":0,"publisher":{"@id":"https:\/\/www.public.sn\/#organization"},"image":{"@id":"https:\/\/www.public.sn\/index.php\/2022\/10\/07\/madiop-mbaye-pekh-senegalais-bounek-dafa-wara-wagni-si-ay-atam-yokal-ko-youssou-ndour\/#primaryimage"},"thumbnailUrl":"https:\/\/www.public.sn\/wp-content\/uploads\/2022\/10\/hhhhhhhh.jpg","keywords":["madiop mbaye pekh","tfm","Youssou Ndour"],"articleSection":["PEOPLE","PUBLIC TV","S\u00c9N\u00c9GAL","SOCIETE","VEDETTE"],"inLanguage":"fr-FR","potentialAction":[{"@type":"CommentAction","name":"Comment","target":["https:\/\/www.public.sn\/index.php\/2022\/10\/07\/madiop-mbaye-pekh-senegalais-bounek-dafa-wara-wagni-si-ay-atam-yokal-ko-youssou-ndour\/#respond"]}]},{"@type":"WebPage","@id":"https:\/\/www.public.sn\/index.php\/2022\/10\/07\/madiop-mbaye-pekh-senegalais-bounek-dafa-wara-wagni-si-ay-atam-yokal-ko-youssou-ndour\/","url":"https:\/\/www.public.sn\/index.php\/2022\/10\/07\/madiop-mbaye-pekh-senegalais-bounek-dafa-wara-wagni-si-ay-atam-yokal-ko-youssou-ndour\/","name":"Madiop Mbaye Pekh: S\u00e9n\u00e9galais bounek dafa wara wagni si ay atam yokal ko Youssou Ndour... - LE PUBLIC","isPartOf":{"@id":"https:\/\/www.public.sn\/#website"},"primaryImageOfPage":{"@id":"https:\/\/www.public.sn\/index.php\/2022\/10\/07\/madiop-mbaye-pekh-senegalais-bounek-dafa-wara-wagni-si-ay-atam-yokal-ko-youssou-ndour\/#primaryimage"},"image":{"@id":"https:\/\/www.public.sn\/index.php\/2022\/10\/07\/madiop-mbaye-pekh-senegalais-bounek-dafa-wara-wagni-si-ay-atam-yokal-ko-youssou-ndour\/#primaryimage"},"thumbnailUrl":"https:\/\/www.public.sn\/wp-content\/uploads\/2022\/10\/hhhhhhhh.jpg","datePublished":"2022-10-07T14:54:00+00:00","dateModified":"2022-10-07T14:54:01+00:00","breadcrumb":{"@id":"https:\/\/www.public.sn\/index.php\/2022\/10\/07\/madiop-mbaye-pekh-senegalais-bounek-dafa-wara-wagni-si-ay-atam-yokal-ko-youssou-ndour\/#breadcrumb"},"inLanguage":"fr-FR","potentialAction":[{"@type":"ReadAction","target":["https:\/\/www.public.sn\/index.php\/2022\/10\/07\/madiop-mbaye-pekh-senegalais-bounek-dafa-wara-wagni-si-ay-atam-yokal-ko-youssou-ndour\/"]}]},{"@type":"ImageObject","inLanguage":"fr-FR","@id":"https:\/\/www.public.sn\/index.php\/2022\/10\/07\/madiop-mbaye-pekh-senegalais-bounek-dafa-wara-wagni-si-ay-atam-yokal-ko-youssou-ndour\/#primaryimage","url":"https:\/\/www.public.sn\/wp-content\/uploads\/2022\/10\/hhhhhhhh.jpg","contentUrl":"https:\/\/www.public.sn\/wp-content\/uploads\/2022\/10\/hhhhhhhh.jpg","width":1280,"height":720},{"@type":"BreadcrumbList","@id":"https:\/\/www.public.sn\/index.php\/2022\/10\/07\/madiop-mbaye-pekh-senegalais-bounek-dafa-wara-wagni-si-ay-atam-yokal-ko-youssou-ndour\/#breadcrumb","itemListElement":[{"@type":"ListItem","position":1,"name":"Accueil","item":"https:\/\/www.public.sn\/"},{"@type":"ListItem","position":2,"name":"Madiop Mbaye Pekh: S\u00e9n\u00e9galais bounek dafa wara wagni si ay atam yokal ko Youssou Ndour&#8230;"}]},{"@type":"WebSite","@id":"https:\/\/www.public.sn\/#website","url":"https:\/\/www.public.sn\/","name":"LE PUBLIC","description":"","publisher":{"@id":"https:\/\/www.public.sn\/#organization"},"potentialAction":[{"@type":"SearchAction","target":{"@type":"EntryPoint","urlTemplate":"https:\/\/www.public.sn\/?s={search_term_string}"},"query-input":{"@type":"PropertyValueSpecification","valueRequired":true,"valueName":"search_term_string"}}],"inLanguage":"fr-FR"},{"@type":"Organization","@id":"https:\/\/www.public.sn\/#organization","name":"LE PUBLIC","url":"https:\/\/www.public.sn\/","logo":{"@type":"ImageObject","inLanguage":"fr-FR","@id":"https:\/\/www.public.sn\/#\/schema\/logo\/image\/","url":"https:\/\/www.public.sn\/wp-content\/uploads\/2024\/05\/cropped-LOGO-PUBLIC.SN_.png","contentUrl":"https:\/\/www.public.sn\/wp-content\/uploads\/2024\/05\/cropped-LOGO-PUBLIC.SN_.png","width":682,"height":192,"caption":"LE PUBLIC"},"image":{"@id":"https:\/\/www.public.sn\/#\/schema\/logo\/image\/"}},{"@type":"Person","@id":"https:\/\/www.public.sn\/#\/schema\/person\/e3f4a11b037d4203902db148f9bc8d5a","name":"LA REDACTION","image":{"@type":"ImageObject","inLanguage":"fr-FR","@id":"https:\/\/www.public.sn\/#\/schema\/person\/image\/","url":"https:\/\/secure.gravatar.com\/avatar\/d6c030db45db2883c075085c5d6c6258654a801a93766b49af0b82d4f454e2a5?s=96&d=mm&r=g","contentUrl":"https:\/\/secure.gravatar.com\/avatar\/d6c030db45db2883c075085c5d6c6258654a801a93766b49af0b82d4f454e2a5?s=96&d=mm&r=g","caption":"LA REDACTION"},"sameAs":["http:\/\/www.public.sn"],"url":"https:\/\/www.public.sn\/index.php\/author\/admin7324\/"}]}},"jetpack_featured_media_url":"https:\/\/www.public.sn\/wp-content\/uploads\/2022\/10\/hhhhhhhh.jpg","jetpack_sharing_enabled":true,"_links":{"self":[{"href":"https:\/\/www.public.sn\/index.php\/wp-json\/wp\/v2\/posts\/3895","targetHints":{"allow":["GET"]}}],"collection":[{"href":"https:\/\/www.public.sn\/index.php\/wp-json\/wp\/v2\/posts"}],"about":[{"href":"https:\/\/www.public.sn\/index.php\/wp-json\/wp\/v2\/types\/post"}],"author":[{"embeddable":true,"href":"https:\/\/www.public.sn\/index.php\/wp-json\/wp\/v2\/users\/1"}],"replies":[{"embeddable":true,"href":"https:\/\/www.public.sn\/index.php\/wp-json\/wp\/v2\/comments?post=3895"}],"version-history":[{"count":1,"href":"https:\/\/www.public.sn\/index.php\/wp-json\/wp\/v2\/posts\/3895\/revisions"}],"predecessor-version":[{"id":3898,"href":"https:\/\/www.public.sn\/index.php\/wp-json\/wp\/v2\/posts\/3895\/revisions\/3898"}],"wp:featuredmedia":[{"embeddable":true,"href":"https:\/\/www.public.sn\/index.php\/wp-json\/wp\/v2\/media\/3897"}],"wp:attachment":[{"href":"https:\/\/www.public.sn\/index.php\/wp-json\/wp\/v2\/media?parent=3895"}],"wp:term":[{"taxonomy":"category","embeddable":true,"href":"https:\/\/www.public.sn\/index.php\/wp-json\/wp\/v2\/categories?post=3895"},{"taxonomy":"post_tag","embeddable":true,"href":"https:\/\/www.public.sn\/index.php\/wp-json\/wp\/v2\/tags?post=3895"}],"curies":[{"name":"wp","href":"https:\/\/api.w.org\/{rel}","templated":true}]}}