{"id":3927,"date":"2022-10-08T07:50:32","date_gmt":"2022-10-08T07:50:32","guid":{"rendered":"https:\/\/www.public.sn\/?p=3927"},"modified":"2022-10-08T07:50:33","modified_gmt":"2022-10-08T07:50:33","slug":"meurtre-de-ndieye-limam-et-le-chef-de-village-arretes","status":"publish","type":"post","link":"https:\/\/www.public.sn\/index.php\/2022\/10\/08\/meurtre-de-ndieye-limam-et-le-chef-de-village-arretes\/","title":{"rendered":"Meurtre de Ndieye : L\u2019imam et le chef de village arr\u00e9t\u00e9s."},"content":{"rendered":"\n<p><strong>Au trou, ils vont sans doute r\u00e9fl\u00e9chir sur leur acte. Les 12 pr\u00e9sum\u00e9s meurtriers du muezzin du village de Ndi\u00e9ye dans la commune de Pire vont passer le week end en prison au  commissariat du Premier Arrondissement de Thi\u00e8s  avant d\u2019\u00eatre pr\u00e9sent\u00e9 au procureur ce Lundi.<br><\/strong><br><br><br>Dans cette affaire l\u2019imam du village ainsi que 12 de ses complices ont \u00e9t\u00e9 appr\u00e9hend\u00e9s par les enqu\u00eateurs apr\u00e8s la mort de Bassirou Mbaye. Tout est parti de la construction de sa mosqu\u00e9e dans sa parcelles alors qu\u2019il \u00e9tait en d\u00e9saccord avec les notables et les jeunes du village. Ordre lui avait \u00e9t\u00e9 donn\u00e9 de suspendre les travaux mais il fit la sourde oreille. Une attitude qui d\u00e9plut au plus profond les habitants qui l\u2019accuse d\u2019avoir subtilis\u00e9 des portes et fen\u00eatres de leur mosqu\u00e9e. Ces derniers se sont d\u00e9plac\u00e9s sur le lieu de la construction de sa mosqu\u00e9e et c\u2019est l\u00e0 bas que l\u2019irr\u00e9parable s\u2019est produit. Il a \u00e9t\u00e9 lynch\u00e9 par une foule en furie. <br><br>Malheureusement pour l\u2019Imam et ses acolytes, la sc\u00e8ne avait \u00e9t\u00e9 film\u00e9e par un t\u00e9moin. Les gendarmes enqu\u00eateurs ont identifi\u00e9 les mis en causes suite \u00e0 l&rsquo;exploitation d\u2019une vid\u00e9o amateur largement partag\u00e9e sur les r\u00e9seaux sociaux.  Entendu, l\u2019Imam a voulu dans un premier temps ni\u00e9 les faits avant d\u2019\u00eatre confondu par la vid\u00e9o. Il fini par reconnaitre qu\u2019il \u00e9tait le commanditaire de l\u2019attaque.  Ainsi l\u2019Imam, le chef de village ainsi que dix autres personnes vont \u00eatre entendus ce Lundi par le procureur de Thi\u00e8s. <br><br>Samba SY.<br><br><\/p><div class=\"publi-paragraphe1\" style=\"margin-top: 10px;margin-bottom: 10px;margin-left: auto;margin-right: auto;text-align: center;\" id=\"publi-1495213379\"><div class=\"publi-adlabel\">Publicit\u00e9<\/div><script async src=\"\/\/pagead2.googlesyndication.com\/pagead\/js\/adsbygoogle.js?client=ca-pub-4089586018074219\" crossorigin=\"anonymous\"><\/script><ins class=\"adsbygoogle\" style=\"display:block;\" data-ad-client=\"ca-pub-4089586018074219\" \ndata-ad-slot=\"2087940154\" \ndata-ad-format=\"auto\"><\/ins>\n<script> \n(adsbygoogle = window.adsbygoogle || []).push({}); \n<\/script>\n<\/div>\n<div class=\"publi-apres-le-contenu\" style=\"margin-top: 10px;margin-bottom: 10px;margin-left: auto;margin-right: auto;text-align: center;\" id=\"publi-1089133632\"><div class=\"publi-adlabel\">Publicit\u00e9<\/div><script async src=\"\/\/pagead2.googlesyndication.com\/pagead\/js\/adsbygoogle.js?client=ca-pub-4089586018074219\" crossorigin=\"anonymous\"><\/script><ins class=\"adsbygoogle\" style=\"display:block;\" data-ad-client=\"ca-pub-4089586018074219\" \ndata-ad-slot=\"2087940154\" \ndata-ad-format=\"auto\"><\/ins>\n<script> \n(adsbygoogle = window.adsbygoogle || []).push({}); \n<\/script>\n<\/div>","protected":false},"excerpt":{"rendered":"<p>Au trou, ils vont sans doute r\u00e9fl\u00e9chir sur leur acte. Les 12 pr\u00e9sum\u00e9s meurtriers du muezzin du village de Ndi\u00e9ye dans la commune de Pire vont passer le week end en prison au commissariat du Premier Arrondissement de Thi\u00e8s avant d\u2019\u00eatre pr\u00e9sent\u00e9 au procureur ce Lundi. Dans cette affaire l\u2019imam du village ainsi que 12 de ses complices ont \u00e9t\u00e9 appr\u00e9hend\u00e9s par les enqu\u00eateurs apr\u00e8s la mort de Bassirou Mbaye. Tout est parti de la construction de sa mosqu\u00e9e dans sa parcelles alors qu\u2019il \u00e9tait en d\u00e9saccord avec les notables et les jeunes du village. Ordre lui avait \u00e9t\u00e9 donn\u00e9 de suspendre les travaux mais il fit la sourde oreille. Une attitude qui d\u00e9plut au plus profond les habitants qui l\u2019accuse d\u2019avoir subtilis\u00e9 des portes et fen\u00eatres de leur mosqu\u00e9e. Ces derniers se sont d\u00e9plac\u00e9s sur le lieu de la construction de sa mosqu\u00e9e et c\u2019est l\u00e0 bas que l\u2019irr\u00e9parable s\u2019est produit. Il a \u00e9t\u00e9 lynch\u00e9 par une foule en furie. Malheureusement pour l\u2019Imam et ses acolytes, la sc\u00e8ne avait \u00e9t\u00e9 film\u00e9e par un t\u00e9moin. Les gendarmes enqu\u00eateurs ont identifi\u00e9 les mis en causes suite \u00e0 l&rsquo;exploitation d\u2019une vid\u00e9o amateur largement partag\u00e9e sur les r\u00e9seaux sociaux. Entendu, l\u2019Imam a voulu dans un premier temps ni\u00e9 les faits avant d\u2019\u00eatre confondu par la vid\u00e9o. Il fini par reconnaitre qu\u2019il \u00e9tait le commanditaire de l\u2019attaque. Ainsi l\u2019Imam, le chef de village ainsi que dix autres personnes vont \u00eatre entendus ce Lundi par le procureur de Thi\u00e8s. Samba SY.<\/p>\n","protected":false},"author":1,"featured_media":3933,"comment_status":"open","ping_status":"open","sticky":false,"template":"","format":"standard","meta":{"_jetpack_memberships_contains_paid_content":false,"footnotes":""},"categories":[375,379,1],"tags":[1096,492,1189],"class_list":["post-3927","post","type-post","status-publish","format-standard","has-post-thumbnail","hentry","category-actualites","category-faits-divers","category-non-classe","tag-gendarme","tag-mort","tag-ndieye","entry","has-media","owp-thumbs-layout-horizontal","owp-btn-normal","owp-tabs-layout-horizontal","has-no-thumbnails","has-product-nav"],"yoast_head":"<!-- This site is optimized with the Yoast SEO plugin v25.5 - https:\/\/yoast.com\/wordpress\/plugins\/seo\/ -->\n<title>Meurtre de Ndieye : L\u2019imam et le chef de village arr\u00e9t\u00e9s. - LE PUBLIC<\/title>\n<meta name=\"robots\" content=\"index, follow, max-snippet:-1, max-image-preview:large, max-video-preview:-1\" \/>\n<link rel=\"canonical\" href=\"https:\/\/www.public.sn\/index.php\/2022\/10\/08\/meurtre-de-ndieye-limam-et-le-chef-de-village-arretes\/\" \/>\n<meta property=\"og:locale\" content=\"fr_FR\" \/>\n<meta property=\"og:type\" content=\"article\" \/>\n<meta property=\"og:title\" content=\"Meurtre de Ndieye : L\u2019imam et le chef de village arr\u00e9t\u00e9s. - LE PUBLIC\" \/>\n<meta property=\"og:description\" content=\"Au trou, ils vont sans doute r\u00e9fl\u00e9chir sur leur acte. Les 12 pr\u00e9sum\u00e9s meurtriers du muezzin du village de Ndi\u00e9ye dans la commune de Pire vont passer le week end en prison au commissariat du Premier Arrondissement de Thi\u00e8s avant d\u2019\u00eatre pr\u00e9sent\u00e9 au procureur ce Lundi. Dans cette affaire l\u2019imam du village ainsi que 12 de ses complices ont \u00e9t\u00e9 appr\u00e9hend\u00e9s par les enqu\u00eateurs apr\u00e8s la mort de Bassirou Mbaye. Tout est parti de la construction de sa mosqu\u00e9e dans sa parcelles alors qu\u2019il \u00e9tait en d\u00e9saccord avec les notables et les jeunes du village. Ordre lui avait \u00e9t\u00e9 donn\u00e9 de suspendre les travaux mais il fit la sourde oreille. Une attitude qui d\u00e9plut au plus profond les habitants qui l\u2019accuse d\u2019avoir subtilis\u00e9 des portes et fen\u00eatres de leur mosqu\u00e9e. Ces derniers se sont d\u00e9plac\u00e9s sur le lieu de la construction de sa mosqu\u00e9e et c\u2019est l\u00e0 bas que l\u2019irr\u00e9parable s\u2019est produit. Il a \u00e9t\u00e9 lynch\u00e9 par une foule en furie. Malheureusement pour l\u2019Imam et ses acolytes, la sc\u00e8ne avait \u00e9t\u00e9 film\u00e9e par un t\u00e9moin. Les gendarmes enqu\u00eateurs ont identifi\u00e9 les mis en causes suite \u00e0 l&rsquo;exploitation d\u2019une vid\u00e9o amateur largement partag\u00e9e sur les r\u00e9seaux sociaux. Entendu, l\u2019Imam a voulu dans un premier temps ni\u00e9 les faits avant d\u2019\u00eatre confondu par la vid\u00e9o. Il fini par reconnaitre qu\u2019il \u00e9tait le commanditaire de l\u2019attaque. Ainsi l\u2019Imam, le chef de village ainsi que dix autres personnes vont \u00eatre entendus ce Lundi par le procureur de Thi\u00e8s. Samba SY.\" \/>\n<meta property=\"og:url\" content=\"https:\/\/www.public.sn\/index.php\/2022\/10\/08\/meurtre-de-ndieye-limam-et-le-chef-de-village-arretes\/\" \/>\n<meta property=\"og:site_name\" content=\"LE PUBLIC\" \/>\n<meta property=\"article:published_time\" content=\"2022-10-08T07:50:32+00:00\" \/>\n<meta property=\"article:modified_time\" content=\"2022-10-08T07:50:33+00:00\" \/>\n<meta property=\"og:image\" content=\"https:\/\/www.public.sn\/wp-content\/uploads\/2022\/10\/mosquee.jpg\" \/>\n\t<meta property=\"og:image:width\" content=\"700\" \/>\n\t<meta property=\"og:image:height\" content=\"525\" \/>\n\t<meta property=\"og:image:type\" content=\"image\/jpeg\" \/>\n<meta name=\"author\" content=\"LA REDACTION\" \/>\n<meta name=\"twitter:card\" content=\"summary_large_image\" \/>\n<meta name=\"twitter:label1\" content=\"\u00c9crit par\" \/>\n\t<meta name=\"twitter:data1\" content=\"LA REDACTION\" \/>\n\t<meta name=\"twitter:label2\" content=\"Dur\u00e9e de lecture estim\u00e9e\" \/>\n\t<meta name=\"twitter:data2\" content=\"2 minutes\" \/>\n<script type=\"application\/ld+json\" class=\"yoast-schema-graph\">{\"@context\":\"https:\/\/schema.org\",\"@graph\":[{\"@type\":\"Article\",\"@id\":\"https:\/\/www.public.sn\/index.php\/2022\/10\/08\/meurtre-de-ndieye-limam-et-le-chef-de-village-arretes\/#article\",\"isPartOf\":{\"@id\":\"https:\/\/www.public.sn\/index.php\/2022\/10\/08\/meurtre-de-ndieye-limam-et-le-chef-de-village-arretes\/\"},\"author\":{\"name\":\"LA REDACTION\",\"@id\":\"https:\/\/www.public.sn\/#\/schema\/person\/e3f4a11b037d4203902db148f9bc8d5a\"},\"headline\":\"Meurtre de Ndieye : L\u2019imam et le chef de village arr\u00e9t\u00e9s.\",\"datePublished\":\"2022-10-08T07:50:32+00:00\",\"dateModified\":\"2022-10-08T07:50:33+00:00\",\"mainEntityOfPage\":{\"@id\":\"https:\/\/www.public.sn\/index.php\/2022\/10\/08\/meurtre-de-ndieye-limam-et-le-chef-de-village-arretes\/\"},\"wordCount\":300,\"commentCount\":0,\"publisher\":{\"@id\":\"https:\/\/www.public.sn\/#organization\"},\"image\":{\"@id\":\"https:\/\/www.public.sn\/index.php\/2022\/10\/08\/meurtre-de-ndieye-limam-et-le-chef-de-village-arretes\/#primaryimage\"},\"thumbnailUrl\":\"https:\/\/www.public.sn\/wp-content\/uploads\/2022\/10\/mosquee.jpg\",\"keywords\":[\"Gendarme\",\"Mort\",\"ndieye\"],\"articleSection\":[\"ACTUALIT\u00c9S\",\"FAITS DIVERS\",\"S\u00c9N\u00c9GAL\"],\"inLanguage\":\"fr-FR\",\"potentialAction\":[{\"@type\":\"CommentAction\",\"name\":\"Comment\",\"target\":[\"https:\/\/www.public.sn\/index.php\/2022\/10\/08\/meurtre-de-ndieye-limam-et-le-chef-de-village-arretes\/#respond\"]}]},{\"@type\":\"WebPage\",\"@id\":\"https:\/\/www.public.sn\/index.php\/2022\/10\/08\/meurtre-de-ndieye-limam-et-le-chef-de-village-arretes\/\",\"url\":\"https:\/\/www.public.sn\/index.php\/2022\/10\/08\/meurtre-de-ndieye-limam-et-le-chef-de-village-arretes\/\",\"name\":\"Meurtre de Ndieye : L\u2019imam et le chef de village arr\u00e9t\u00e9s. - LE PUBLIC\",\"isPartOf\":{\"@id\":\"https:\/\/www.public.sn\/#website\"},\"primaryImageOfPage\":{\"@id\":\"https:\/\/www.public.sn\/index.php\/2022\/10\/08\/meurtre-de-ndieye-limam-et-le-chef-de-village-arretes\/#primaryimage\"},\"image\":{\"@id\":\"https:\/\/www.public.sn\/index.php\/2022\/10\/08\/meurtre-de-ndieye-limam-et-le-chef-de-village-arretes\/#primaryimage\"},\"thumbnailUrl\":\"https:\/\/www.public.sn\/wp-content\/uploads\/2022\/10\/mosquee.jpg\",\"datePublished\":\"2022-10-08T07:50:32+00:00\",\"dateModified\":\"2022-10-08T07:50:33+00:00\",\"breadcrumb\":{\"@id\":\"https:\/\/www.public.sn\/index.php\/2022\/10\/08\/meurtre-de-ndieye-limam-et-le-chef-de-village-arretes\/#breadcrumb\"},\"inLanguage\":\"fr-FR\",\"potentialAction\":[{\"@type\":\"ReadAction\",\"target\":[\"https:\/\/www.public.sn\/index.php\/2022\/10\/08\/meurtre-de-ndieye-limam-et-le-chef-de-village-arretes\/\"]}]},{\"@type\":\"ImageObject\",\"inLanguage\":\"fr-FR\",\"@id\":\"https:\/\/www.public.sn\/index.php\/2022\/10\/08\/meurtre-de-ndieye-limam-et-le-chef-de-village-arretes\/#primaryimage\",\"url\":\"https:\/\/www.public.sn\/wp-content\/uploads\/2022\/10\/mosquee.jpg\",\"contentUrl\":\"https:\/\/www.public.sn\/wp-content\/uploads\/2022\/10\/mosquee.jpg\",\"width\":700,\"height\":525,\"caption\":\"publicsn\"},{\"@type\":\"BreadcrumbList\",\"@id\":\"https:\/\/www.public.sn\/index.php\/2022\/10\/08\/meurtre-de-ndieye-limam-et-le-chef-de-village-arretes\/#breadcrumb\",\"itemListElement\":[{\"@type\":\"ListItem\",\"position\":1,\"name\":\"Accueil\",\"item\":\"https:\/\/www.public.sn\/\"},{\"@type\":\"ListItem\",\"position\":2,\"name\":\"Meurtre de Ndieye : L\u2019imam et le chef de village arr\u00e9t\u00e9s.\"}]},{\"@type\":\"WebSite\",\"@id\":\"https:\/\/www.public.sn\/#website\",\"url\":\"https:\/\/www.public.sn\/\",\"name\":\"LE PUBLIC\",\"description\":\"\",\"publisher\":{\"@id\":\"https:\/\/www.public.sn\/#organization\"},\"potentialAction\":[{\"@type\":\"SearchAction\",\"target\":{\"@type\":\"EntryPoint\",\"urlTemplate\":\"https:\/\/www.public.sn\/?s={search_term_string}\"},\"query-input\":{\"@type\":\"PropertyValueSpecification\",\"valueRequired\":true,\"valueName\":\"search_term_string\"}}],\"inLanguage\":\"fr-FR\"},{\"@type\":\"Organization\",\"@id\":\"https:\/\/www.public.sn\/#organization\",\"name\":\"LE PUBLIC\",\"url\":\"https:\/\/www.public.sn\/\",\"logo\":{\"@type\":\"ImageObject\",\"inLanguage\":\"fr-FR\",\"@id\":\"https:\/\/www.public.sn\/#\/schema\/logo\/image\/\",\"url\":\"https:\/\/www.public.sn\/wp-content\/uploads\/2024\/05\/cropped-LOGO-PUBLIC.SN_.png\",\"contentUrl\":\"https:\/\/www.public.sn\/wp-content\/uploads\/2024\/05\/cropped-LOGO-PUBLIC.SN_.png\",\"width\":682,\"height\":192,\"caption\":\"LE PUBLIC\"},\"image\":{\"@id\":\"https:\/\/www.public.sn\/#\/schema\/logo\/image\/\"}},{\"@type\":\"Person\",\"@id\":\"https:\/\/www.public.sn\/#\/schema\/person\/e3f4a11b037d4203902db148f9bc8d5a\",\"name\":\"LA REDACTION\",\"image\":{\"@type\":\"ImageObject\",\"inLanguage\":\"fr-FR\",\"@id\":\"https:\/\/www.public.sn\/#\/schema\/person\/image\/\",\"url\":\"https:\/\/secure.gravatar.com\/avatar\/d6c030db45db2883c075085c5d6c6258654a801a93766b49af0b82d4f454e2a5?s=96&d=mm&r=g\",\"contentUrl\":\"https:\/\/secure.gravatar.com\/avatar\/d6c030db45db2883c075085c5d6c6258654a801a93766b49af0b82d4f454e2a5?s=96&d=mm&r=g\",\"caption\":\"LA REDACTION\"},\"sameAs\":[\"http:\/\/www.public.sn\"],\"url\":\"https:\/\/www.public.sn\/index.php\/author\/admin7324\/\"}]}<\/script>\n<!-- \/ Yoast SEO plugin. -->","yoast_head_json":{"title":"Meurtre de Ndieye : L\u2019imam et le chef de village arr\u00e9t\u00e9s. - LE PUBLIC","robots":{"index":"index","follow":"follow","max-snippet":"max-snippet:-1","max-image-preview":"max-image-preview:large","max-video-preview":"max-video-preview:-1"},"canonical":"https:\/\/www.public.sn\/index.php\/2022\/10\/08\/meurtre-de-ndieye-limam-et-le-chef-de-village-arretes\/","og_locale":"fr_FR","og_type":"article","og_title":"Meurtre de Ndieye : L\u2019imam et le chef de village arr\u00e9t\u00e9s. - LE PUBLIC","og_description":"Au trou, ils vont sans doute r\u00e9fl\u00e9chir sur leur acte. Les 12 pr\u00e9sum\u00e9s meurtriers du muezzin du village de Ndi\u00e9ye dans la commune de Pire vont passer le week end en prison au commissariat du Premier Arrondissement de Thi\u00e8s avant d\u2019\u00eatre pr\u00e9sent\u00e9 au procureur ce Lundi. Dans cette affaire l\u2019imam du village ainsi que 12 de ses complices ont \u00e9t\u00e9 appr\u00e9hend\u00e9s par les enqu\u00eateurs apr\u00e8s la mort de Bassirou Mbaye. Tout est parti de la construction de sa mosqu\u00e9e dans sa parcelles alors qu\u2019il \u00e9tait en d\u00e9saccord avec les notables et les jeunes du village. Ordre lui avait \u00e9t\u00e9 donn\u00e9 de suspendre les travaux mais il fit la sourde oreille. Une attitude qui d\u00e9plut au plus profond les habitants qui l\u2019accuse d\u2019avoir subtilis\u00e9 des portes et fen\u00eatres de leur mosqu\u00e9e. Ces derniers se sont d\u00e9plac\u00e9s sur le lieu de la construction de sa mosqu\u00e9e et c\u2019est l\u00e0 bas que l\u2019irr\u00e9parable s\u2019est produit. Il a \u00e9t\u00e9 lynch\u00e9 par une foule en furie. Malheureusement pour l\u2019Imam et ses acolytes, la sc\u00e8ne avait \u00e9t\u00e9 film\u00e9e par un t\u00e9moin. Les gendarmes enqu\u00eateurs ont identifi\u00e9 les mis en causes suite \u00e0 l&rsquo;exploitation d\u2019une vid\u00e9o amateur largement partag\u00e9e sur les r\u00e9seaux sociaux. Entendu, l\u2019Imam a voulu dans un premier temps ni\u00e9 les faits avant d\u2019\u00eatre confondu par la vid\u00e9o. Il fini par reconnaitre qu\u2019il \u00e9tait le commanditaire de l\u2019attaque. Ainsi l\u2019Imam, le chef de village ainsi que dix autres personnes vont \u00eatre entendus ce Lundi par le procureur de Thi\u00e8s. Samba SY.","og_url":"https:\/\/www.public.sn\/index.php\/2022\/10\/08\/meurtre-de-ndieye-limam-et-le-chef-de-village-arretes\/","og_site_name":"LE PUBLIC","article_published_time":"2022-10-08T07:50:32+00:00","article_modified_time":"2022-10-08T07:50:33+00:00","og_image":[{"width":700,"height":525,"url":"https:\/\/www.public.sn\/wp-content\/uploads\/2022\/10\/mosquee.jpg","type":"image\/jpeg"}],"author":"LA REDACTION","twitter_card":"summary_large_image","twitter_misc":{"\u00c9crit par":"LA REDACTION","Dur\u00e9e de lecture estim\u00e9e":"2 minutes"},"schema":{"@context":"https:\/\/schema.org","@graph":[{"@type":"Article","@id":"https:\/\/www.public.sn\/index.php\/2022\/10\/08\/meurtre-de-ndieye-limam-et-le-chef-de-village-arretes\/#article","isPartOf":{"@id":"https:\/\/www.public.sn\/index.php\/2022\/10\/08\/meurtre-de-ndieye-limam-et-le-chef-de-village-arretes\/"},"author":{"name":"LA REDACTION","@id":"https:\/\/www.public.sn\/#\/schema\/person\/e3f4a11b037d4203902db148f9bc8d5a"},"headline":"Meurtre de Ndieye : L\u2019imam et le chef de village arr\u00e9t\u00e9s.","datePublished":"2022-10-08T07:50:32+00:00","dateModified":"2022-10-08T07:50:33+00:00","mainEntityOfPage":{"@id":"https:\/\/www.public.sn\/index.php\/2022\/10\/08\/meurtre-de-ndieye-limam-et-le-chef-de-village-arretes\/"},"wordCount":300,"commentCount":0,"publisher":{"@id":"https:\/\/www.public.sn\/#organization"},"image":{"@id":"https:\/\/www.public.sn\/index.php\/2022\/10\/08\/meurtre-de-ndieye-limam-et-le-chef-de-village-arretes\/#primaryimage"},"thumbnailUrl":"https:\/\/www.public.sn\/wp-content\/uploads\/2022\/10\/mosquee.jpg","keywords":["Gendarme","Mort","ndieye"],"articleSection":["ACTUALIT\u00c9S","FAITS DIVERS","S\u00c9N\u00c9GAL"],"inLanguage":"fr-FR","potentialAction":[{"@type":"CommentAction","name":"Comment","target":["https:\/\/www.public.sn\/index.php\/2022\/10\/08\/meurtre-de-ndieye-limam-et-le-chef-de-village-arretes\/#respond"]}]},{"@type":"WebPage","@id":"https:\/\/www.public.sn\/index.php\/2022\/10\/08\/meurtre-de-ndieye-limam-et-le-chef-de-village-arretes\/","url":"https:\/\/www.public.sn\/index.php\/2022\/10\/08\/meurtre-de-ndieye-limam-et-le-chef-de-village-arretes\/","name":"Meurtre de Ndieye : L\u2019imam et le chef de village arr\u00e9t\u00e9s. - LE PUBLIC","isPartOf":{"@id":"https:\/\/www.public.sn\/#website"},"primaryImageOfPage":{"@id":"https:\/\/www.public.sn\/index.php\/2022\/10\/08\/meurtre-de-ndieye-limam-et-le-chef-de-village-arretes\/#primaryimage"},"image":{"@id":"https:\/\/www.public.sn\/index.php\/2022\/10\/08\/meurtre-de-ndieye-limam-et-le-chef-de-village-arretes\/#primaryimage"},"thumbnailUrl":"https:\/\/www.public.sn\/wp-content\/uploads\/2022\/10\/mosquee.jpg","datePublished":"2022-10-08T07:50:32+00:00","dateModified":"2022-10-08T07:50:33+00:00","breadcrumb":{"@id":"https:\/\/www.public.sn\/index.php\/2022\/10\/08\/meurtre-de-ndieye-limam-et-le-chef-de-village-arretes\/#breadcrumb"},"inLanguage":"fr-FR","potentialAction":[{"@type":"ReadAction","target":["https:\/\/www.public.sn\/index.php\/2022\/10\/08\/meurtre-de-ndieye-limam-et-le-chef-de-village-arretes\/"]}]},{"@type":"ImageObject","inLanguage":"fr-FR","@id":"https:\/\/www.public.sn\/index.php\/2022\/10\/08\/meurtre-de-ndieye-limam-et-le-chef-de-village-arretes\/#primaryimage","url":"https:\/\/www.public.sn\/wp-content\/uploads\/2022\/10\/mosquee.jpg","contentUrl":"https:\/\/www.public.sn\/wp-content\/uploads\/2022\/10\/mosquee.jpg","width":700,"height":525,"caption":"publicsn"},{"@type":"BreadcrumbList","@id":"https:\/\/www.public.sn\/index.php\/2022\/10\/08\/meurtre-de-ndieye-limam-et-le-chef-de-village-arretes\/#breadcrumb","itemListElement":[{"@type":"ListItem","position":1,"name":"Accueil","item":"https:\/\/www.public.sn\/"},{"@type":"ListItem","position":2,"name":"Meurtre de Ndieye : L\u2019imam et le chef de village arr\u00e9t\u00e9s."}]},{"@type":"WebSite","@id":"https:\/\/www.public.sn\/#website","url":"https:\/\/www.public.sn\/","name":"LE PUBLIC","description":"","publisher":{"@id":"https:\/\/www.public.sn\/#organization"},"potentialAction":[{"@type":"SearchAction","target":{"@type":"EntryPoint","urlTemplate":"https:\/\/www.public.sn\/?s={search_term_string}"},"query-input":{"@type":"PropertyValueSpecification","valueRequired":true,"valueName":"search_term_string"}}],"inLanguage":"fr-FR"},{"@type":"Organization","@id":"https:\/\/www.public.sn\/#organization","name":"LE PUBLIC","url":"https:\/\/www.public.sn\/","logo":{"@type":"ImageObject","inLanguage":"fr-FR","@id":"https:\/\/www.public.sn\/#\/schema\/logo\/image\/","url":"https:\/\/www.public.sn\/wp-content\/uploads\/2024\/05\/cropped-LOGO-PUBLIC.SN_.png","contentUrl":"https:\/\/www.public.sn\/wp-content\/uploads\/2024\/05\/cropped-LOGO-PUBLIC.SN_.png","width":682,"height":192,"caption":"LE PUBLIC"},"image":{"@id":"https:\/\/www.public.sn\/#\/schema\/logo\/image\/"}},{"@type":"Person","@id":"https:\/\/www.public.sn\/#\/schema\/person\/e3f4a11b037d4203902db148f9bc8d5a","name":"LA REDACTION","image":{"@type":"ImageObject","inLanguage":"fr-FR","@id":"https:\/\/www.public.sn\/#\/schema\/person\/image\/","url":"https:\/\/secure.gravatar.com\/avatar\/d6c030db45db2883c075085c5d6c6258654a801a93766b49af0b82d4f454e2a5?s=96&d=mm&r=g","contentUrl":"https:\/\/secure.gravatar.com\/avatar\/d6c030db45db2883c075085c5d6c6258654a801a93766b49af0b82d4f454e2a5?s=96&d=mm&r=g","caption":"LA REDACTION"},"sameAs":["http:\/\/www.public.sn"],"url":"https:\/\/www.public.sn\/index.php\/author\/admin7324\/"}]}},"jetpack_featured_media_url":"https:\/\/www.public.sn\/wp-content\/uploads\/2022\/10\/mosquee.jpg","jetpack_sharing_enabled":true,"_links":{"self":[{"href":"https:\/\/www.public.sn\/index.php\/wp-json\/wp\/v2\/posts\/3927","targetHints":{"allow":["GET"]}}],"collection":[{"href":"https:\/\/www.public.sn\/index.php\/wp-json\/wp\/v2\/posts"}],"about":[{"href":"https:\/\/www.public.sn\/index.php\/wp-json\/wp\/v2\/types\/post"}],"author":[{"embeddable":true,"href":"https:\/\/www.public.sn\/index.php\/wp-json\/wp\/v2\/users\/1"}],"replies":[{"embeddable":true,"href":"https:\/\/www.public.sn\/index.php\/wp-json\/wp\/v2\/comments?post=3927"}],"version-history":[{"count":2,"href":"https:\/\/www.public.sn\/index.php\/wp-json\/wp\/v2\/posts\/3927\/revisions"}],"predecessor-version":[{"id":3934,"href":"https:\/\/www.public.sn\/index.php\/wp-json\/wp\/v2\/posts\/3927\/revisions\/3934"}],"wp:featuredmedia":[{"embeddable":true,"href":"https:\/\/www.public.sn\/index.php\/wp-json\/wp\/v2\/media\/3933"}],"wp:attachment":[{"href":"https:\/\/www.public.sn\/index.php\/wp-json\/wp\/v2\/media?parent=3927"}],"wp:term":[{"taxonomy":"category","embeddable":true,"href":"https:\/\/www.public.sn\/index.php\/wp-json\/wp\/v2\/categories?post=3927"},{"taxonomy":"post_tag","embeddable":true,"href":"https:\/\/www.public.sn\/index.php\/wp-json\/wp\/v2\/tags?post=3927"}],"curies":[{"name":"wp","href":"https:\/\/api.w.org\/{rel}","templated":true}]}}