{"id":39293,"date":"2026-03-01T18:32:43","date_gmt":"2026-03-01T18:32:43","guid":{"rendered":"https:\/\/www.public.sn\/?p=39293"},"modified":"2026-03-01T18:32:59","modified_gmt":"2026-03-01T18:32:59","slug":"trump-affirme-48-dirigeants-iraniens-tues-depuis-le-debut-des-frappes","status":"publish","type":"post","link":"https:\/\/www.public.sn\/index.php\/2026\/03\/01\/trump-affirme-48-dirigeants-iraniens-tues-depuis-le-debut-des-frappes\/","title":{"rendered":"Trump affirme : 48 dirigeants iraniens tu\u00e9s depuis le d\u00e9but des frappes"},"content":{"rendered":"\n<p>Dimanche, l\u2019ancien pr\u00e9sident am\u00e9ricain&nbsp;Donald Trump&nbsp;a d\u00e9clar\u00e9 \u00e0 une journaliste de Fox News que \u00ab 48 dirigeants \u00bb iraniens avaient \u00e9t\u00e9 tu\u00e9s depuis le d\u00e9but de l\u2019offensive am\u00e9ricano-isra\u00e9lienne contre l\u2019Iran, qualifiant l\u2019op\u00e9ration de \u00ab rapide \u00bb et \u00ab spectaculaire \u00bb.<\/p><div class=\"publi-paragraphe1\" style=\"margin-top: 10px;margin-bottom: 10px;margin-left: auto;margin-right: auto;text-align: center;\" id=\"publi-3993867381\"><div class=\"publi-adlabel\">Publicit\u00e9<\/div><script async src=\"\/\/pagead2.googlesyndication.com\/pagead\/js\/adsbygoogle.js?client=ca-pub-4089586018074219\" crossorigin=\"anonymous\"><\/script><ins class=\"adsbygoogle\" style=\"display:block;\" data-ad-client=\"ca-pub-4089586018074219\" \ndata-ad-slot=\"2087940154\" \ndata-ad-format=\"auto\"><\/ins>\n<script> \n(adsbygoogle = window.adsbygoogle || []).push({}); \n<\/script>\n<\/div>\n\n\n\n<p>Cette conversation a eu lieu avant l\u2019annonce des premi\u00e8res pertes am\u00e9ricaines dans le conflit : trois soldats tu\u00e9s et cinq autres gri\u00e8vement bless\u00e9s, selon le commandement militaire am\u00e9ricain pour le Moyen-Orient (Centcom).<\/p>\n\n\n\n<p>La d\u00e9claration de Trump, reprise sur le compte X de la journaliste, souligne l\u2019intensit\u00e9 et l\u2019escalade du conflit, tout en suscitant des interrogations sur la v\u00e9racit\u00e9 de ce chiffre.<\/p>\n<div class=\"publi-apres-le-contenu\" style=\"margin-top: 10px;margin-bottom: 10px;margin-left: auto;margin-right: auto;text-align: center;\" id=\"publi-1969987180\"><div class=\"publi-adlabel\">Publicit\u00e9<\/div><script async src=\"\/\/pagead2.googlesyndication.com\/pagead\/js\/adsbygoogle.js?client=ca-pub-4089586018074219\" crossorigin=\"anonymous\"><\/script><ins class=\"adsbygoogle\" style=\"display:block;\" data-ad-client=\"ca-pub-4089586018074219\" \ndata-ad-slot=\"2087940154\" \ndata-ad-format=\"auto\"><\/ins>\n<script> \n(adsbygoogle = window.adsbygoogle || []).push({}); \n<\/script>\n<\/div>","protected":false},"excerpt":{"rendered":"<p>Dimanche, l\u2019ancien pr\u00e9sident am\u00e9ricain&nbsp;Donald Trump&nbsp;a d\u00e9clar\u00e9 \u00e0 une journaliste de Fox News que \u00ab 48 dirigeants \u00bb iraniens avaient \u00e9t\u00e9 tu\u00e9s depuis le d\u00e9but de l\u2019offensive am\u00e9ricano-isra\u00e9lienne contre l\u2019Iran, qualifiant l\u2019op\u00e9ration de \u00ab rapide \u00bb et \u00ab spectaculaire \u00bb. Cette conversation a eu lieu avant l\u2019annonce des premi\u00e8res pertes am\u00e9ricaines dans le conflit : trois soldats tu\u00e9s et cinq autres gri\u00e8vement bless\u00e9s, selon le commandement militaire am\u00e9ricain pour le Moyen-Orient (Centcom). La d\u00e9claration de Trump, reprise sur le compte X de la journaliste, souligne l\u2019intensit\u00e9 et l\u2019escalade du conflit, tout en suscitant des interrogations sur la v\u00e9racit\u00e9 de ce chiffre.<\/p>\n","protected":false},"author":7,"featured_media":39294,"comment_status":"open","ping_status":"open","sticky":false,"template":"","format":"standard","meta":{"_jetpack_memberships_contains_paid_content":false,"footnotes":""},"categories":[375,550,3],"tags":[8226,8225],"class_list":["post-39293","post","type-post","status-publish","format-standard","has-post-thumbnail","hentry","category-actualites","category-afrique-monde","category-politique","tag-48-dirigeants-iraniens","tag-trump","entry","has-media","owp-thumbs-layout-horizontal","owp-btn-normal","owp-tabs-layout-horizontal","has-no-thumbnails","has-product-nav"],"yoast_head":"<!-- This site is optimized with the Yoast SEO plugin v25.5 - https:\/\/yoast.com\/wordpress\/plugins\/seo\/ -->\n<title>Trump affirme : 48 dirigeants iraniens tu\u00e9s depuis le d\u00e9but des frappes - LE PUBLIC<\/title>\n<meta name=\"robots\" content=\"index, follow, max-snippet:-1, max-image-preview:large, max-video-preview:-1\" \/>\n<link rel=\"canonical\" href=\"https:\/\/www.public.sn\/index.php\/2026\/03\/01\/trump-affirme-48-dirigeants-iraniens-tues-depuis-le-debut-des-frappes\/\" \/>\n<meta property=\"og:locale\" content=\"fr_FR\" \/>\n<meta property=\"og:type\" content=\"article\" \/>\n<meta property=\"og:title\" content=\"Trump affirme : 48 dirigeants iraniens tu\u00e9s depuis le d\u00e9but des frappes - LE PUBLIC\" \/>\n<meta property=\"og:description\" content=\"Dimanche, l\u2019ancien pr\u00e9sident am\u00e9ricain&nbsp;Donald Trump&nbsp;a d\u00e9clar\u00e9 \u00e0 une journaliste de Fox News que \u00ab 48 dirigeants \u00bb iraniens avaient \u00e9t\u00e9 tu\u00e9s depuis le d\u00e9but de l\u2019offensive am\u00e9ricano-isra\u00e9lienne contre l\u2019Iran, qualifiant l\u2019op\u00e9ration de \u00ab rapide \u00bb et \u00ab spectaculaire \u00bb. Cette conversation a eu lieu avant l\u2019annonce des premi\u00e8res pertes am\u00e9ricaines dans le conflit : trois soldats tu\u00e9s et cinq autres gri\u00e8vement bless\u00e9s, selon le commandement militaire am\u00e9ricain pour le Moyen-Orient (Centcom). La d\u00e9claration de Trump, reprise sur le compte X de la journaliste, souligne l\u2019intensit\u00e9 et l\u2019escalade du conflit, tout en suscitant des interrogations sur la v\u00e9racit\u00e9 de ce chiffre.\" \/>\n<meta property=\"og:url\" content=\"https:\/\/www.public.sn\/index.php\/2026\/03\/01\/trump-affirme-48-dirigeants-iraniens-tues-depuis-le-debut-des-frappes\/\" \/>\n<meta property=\"og:site_name\" content=\"LE PUBLIC\" \/>\n<meta property=\"article:published_time\" content=\"2026-03-01T18:32:43+00:00\" \/>\n<meta property=\"article:modified_time\" content=\"2026-03-01T18:32:59+00:00\" \/>\n<meta property=\"og:image\" content=\"https:\/\/www.public.sn\/wp-content\/uploads\/2026\/03\/Capture-decran-2026-03-01-a-18.30.24.png\" \/>\n\t<meta property=\"og:image:width\" content=\"1114\" \/>\n\t<meta property=\"og:image:height\" content=\"622\" \/>\n\t<meta property=\"og:image:type\" content=\"image\/png\" \/>\n<meta name=\"author\" content=\"LA REDACTION\" \/>\n<meta name=\"twitter:card\" content=\"summary_large_image\" \/>\n<meta name=\"twitter:label1\" content=\"\u00c9crit par\" \/>\n\t<meta name=\"twitter:data1\" content=\"LA REDACTION\" \/>\n\t<meta name=\"twitter:label2\" content=\"Dur\u00e9e de lecture estim\u00e9e\" \/>\n\t<meta name=\"twitter:data2\" content=\"1 minute\" \/>\n<script type=\"application\/ld+json\" class=\"yoast-schema-graph\">{\"@context\":\"https:\/\/schema.org\",\"@graph\":[{\"@type\":\"Article\",\"@id\":\"https:\/\/www.public.sn\/index.php\/2026\/03\/01\/trump-affirme-48-dirigeants-iraniens-tues-depuis-le-debut-des-frappes\/#article\",\"isPartOf\":{\"@id\":\"https:\/\/www.public.sn\/index.php\/2026\/03\/01\/trump-affirme-48-dirigeants-iraniens-tues-depuis-le-debut-des-frappes\/\"},\"author\":{\"name\":\"LA REDACTION\",\"@id\":\"https:\/\/www.public.sn\/#\/schema\/person\/cb76c8e1b8becc6be61fb5e92d6d0224\"},\"headline\":\"Trump affirme : 48 dirigeants iraniens tu\u00e9s depuis le d\u00e9but des frappes\",\"datePublished\":\"2026-03-01T18:32:43+00:00\",\"dateModified\":\"2026-03-01T18:32:59+00:00\",\"mainEntityOfPage\":{\"@id\":\"https:\/\/www.public.sn\/index.php\/2026\/03\/01\/trump-affirme-48-dirigeants-iraniens-tues-depuis-le-debut-des-frappes\/\"},\"wordCount\":130,\"commentCount\":0,\"publisher\":{\"@id\":\"https:\/\/www.public.sn\/#organization\"},\"image\":{\"@id\":\"https:\/\/www.public.sn\/index.php\/2026\/03\/01\/trump-affirme-48-dirigeants-iraniens-tues-depuis-le-debut-des-frappes\/#primaryimage\"},\"thumbnailUrl\":\"https:\/\/www.public.sn\/wp-content\/uploads\/2026\/03\/Capture-decran-2026-03-01-a-18.30.24.png\",\"keywords\":[\"48 dirigeants iraniens\",\"Trump\"],\"articleSection\":[\"ACTUALIT\u00c9S\",\"AFRIQUE &amp; MONDE\",\"POLITIQUE\"],\"inLanguage\":\"fr-FR\",\"potentialAction\":[{\"@type\":\"CommentAction\",\"name\":\"Comment\",\"target\":[\"https:\/\/www.public.sn\/index.php\/2026\/03\/01\/trump-affirme-48-dirigeants-iraniens-tues-depuis-le-debut-des-frappes\/#respond\"]}]},{\"@type\":\"WebPage\",\"@id\":\"https:\/\/www.public.sn\/index.php\/2026\/03\/01\/trump-affirme-48-dirigeants-iraniens-tues-depuis-le-debut-des-frappes\/\",\"url\":\"https:\/\/www.public.sn\/index.php\/2026\/03\/01\/trump-affirme-48-dirigeants-iraniens-tues-depuis-le-debut-des-frappes\/\",\"name\":\"Trump affirme : 48 dirigeants iraniens tu\u00e9s depuis le d\u00e9but des frappes - LE PUBLIC\",\"isPartOf\":{\"@id\":\"https:\/\/www.public.sn\/#website\"},\"primaryImageOfPage\":{\"@id\":\"https:\/\/www.public.sn\/index.php\/2026\/03\/01\/trump-affirme-48-dirigeants-iraniens-tues-depuis-le-debut-des-frappes\/#primaryimage\"},\"image\":{\"@id\":\"https:\/\/www.public.sn\/index.php\/2026\/03\/01\/trump-affirme-48-dirigeants-iraniens-tues-depuis-le-debut-des-frappes\/#primaryimage\"},\"thumbnailUrl\":\"https:\/\/www.public.sn\/wp-content\/uploads\/2026\/03\/Capture-decran-2026-03-01-a-18.30.24.png\",\"datePublished\":\"2026-03-01T18:32:43+00:00\",\"dateModified\":\"2026-03-01T18:32:59+00:00\",\"breadcrumb\":{\"@id\":\"https:\/\/www.public.sn\/index.php\/2026\/03\/01\/trump-affirme-48-dirigeants-iraniens-tues-depuis-le-debut-des-frappes\/#breadcrumb\"},\"inLanguage\":\"fr-FR\",\"potentialAction\":[{\"@type\":\"ReadAction\",\"target\":[\"https:\/\/www.public.sn\/index.php\/2026\/03\/01\/trump-affirme-48-dirigeants-iraniens-tues-depuis-le-debut-des-frappes\/\"]}]},{\"@type\":\"ImageObject\",\"inLanguage\":\"fr-FR\",\"@id\":\"https:\/\/www.public.sn\/index.php\/2026\/03\/01\/trump-affirme-48-dirigeants-iraniens-tues-depuis-le-debut-des-frappes\/#primaryimage\",\"url\":\"https:\/\/www.public.sn\/wp-content\/uploads\/2026\/03\/Capture-decran-2026-03-01-a-18.30.24.png\",\"contentUrl\":\"https:\/\/www.public.sn\/wp-content\/uploads\/2026\/03\/Capture-decran-2026-03-01-a-18.30.24.png\",\"width\":1114,\"height\":622},{\"@type\":\"BreadcrumbList\",\"@id\":\"https:\/\/www.public.sn\/index.php\/2026\/03\/01\/trump-affirme-48-dirigeants-iraniens-tues-depuis-le-debut-des-frappes\/#breadcrumb\",\"itemListElement\":[{\"@type\":\"ListItem\",\"position\":1,\"name\":\"Accueil\",\"item\":\"https:\/\/www.public.sn\/\"},{\"@type\":\"ListItem\",\"position\":2,\"name\":\"Trump affirme : 48 dirigeants iraniens tu\u00e9s depuis le d\u00e9but des frappes\"}]},{\"@type\":\"WebSite\",\"@id\":\"https:\/\/www.public.sn\/#website\",\"url\":\"https:\/\/www.public.sn\/\",\"name\":\"LE PUBLIC\",\"description\":\"\",\"publisher\":{\"@id\":\"https:\/\/www.public.sn\/#organization\"},\"potentialAction\":[{\"@type\":\"SearchAction\",\"target\":{\"@type\":\"EntryPoint\",\"urlTemplate\":\"https:\/\/www.public.sn\/?s={search_term_string}\"},\"query-input\":{\"@type\":\"PropertyValueSpecification\",\"valueRequired\":true,\"valueName\":\"search_term_string\"}}],\"inLanguage\":\"fr-FR\"},{\"@type\":\"Organization\",\"@id\":\"https:\/\/www.public.sn\/#organization\",\"name\":\"LE PUBLIC\",\"url\":\"https:\/\/www.public.sn\/\",\"logo\":{\"@type\":\"ImageObject\",\"inLanguage\":\"fr-FR\",\"@id\":\"https:\/\/www.public.sn\/#\/schema\/logo\/image\/\",\"url\":\"https:\/\/www.public.sn\/wp-content\/uploads\/2024\/05\/cropped-LOGO-PUBLIC.SN_.png\",\"contentUrl\":\"https:\/\/www.public.sn\/wp-content\/uploads\/2024\/05\/cropped-LOGO-PUBLIC.SN_.png\",\"width\":682,\"height\":192,\"caption\":\"LE PUBLIC\"},\"image\":{\"@id\":\"https:\/\/www.public.sn\/#\/schema\/logo\/image\/\"}},{\"@type\":\"Person\",\"@id\":\"https:\/\/www.public.sn\/#\/schema\/person\/cb76c8e1b8becc6be61fb5e92d6d0224\",\"name\":\"LA REDACTION\",\"image\":{\"@type\":\"ImageObject\",\"inLanguage\":\"fr-FR\",\"@id\":\"https:\/\/www.public.sn\/#\/schema\/person\/image\/\",\"url\":\"https:\/\/secure.gravatar.com\/avatar\/2dce5ddd34b8fef0180efe03aa2a9bee7d953856048f9a16b298190a3178407c?s=96&d=mm&r=g\",\"contentUrl\":\"https:\/\/secure.gravatar.com\/avatar\/2dce5ddd34b8fef0180efe03aa2a9bee7d953856048f9a16b298190a3178407c?s=96&d=mm&r=g\",\"caption\":\"LA REDACTION\"},\"url\":\"https:\/\/www.public.sn\/index.php\/author\/editeurpsn\/\"}]}<\/script>\n<!-- \/ Yoast SEO plugin. -->","yoast_head_json":{"title":"Trump affirme : 48 dirigeants iraniens tu\u00e9s depuis le d\u00e9but des frappes - LE PUBLIC","robots":{"index":"index","follow":"follow","max-snippet":"max-snippet:-1","max-image-preview":"max-image-preview:large","max-video-preview":"max-video-preview:-1"},"canonical":"https:\/\/www.public.sn\/index.php\/2026\/03\/01\/trump-affirme-48-dirigeants-iraniens-tues-depuis-le-debut-des-frappes\/","og_locale":"fr_FR","og_type":"article","og_title":"Trump affirme : 48 dirigeants iraniens tu\u00e9s depuis le d\u00e9but des frappes - LE PUBLIC","og_description":"Dimanche, l\u2019ancien pr\u00e9sident am\u00e9ricain&nbsp;Donald Trump&nbsp;a d\u00e9clar\u00e9 \u00e0 une journaliste de Fox News que \u00ab 48 dirigeants \u00bb iraniens avaient \u00e9t\u00e9 tu\u00e9s depuis le d\u00e9but de l\u2019offensive am\u00e9ricano-isra\u00e9lienne contre l\u2019Iran, qualifiant l\u2019op\u00e9ration de \u00ab rapide \u00bb et \u00ab spectaculaire \u00bb. Cette conversation a eu lieu avant l\u2019annonce des premi\u00e8res pertes am\u00e9ricaines dans le conflit : trois soldats tu\u00e9s et cinq autres gri\u00e8vement bless\u00e9s, selon le commandement militaire am\u00e9ricain pour le Moyen-Orient (Centcom). La d\u00e9claration de Trump, reprise sur le compte X de la journaliste, souligne l\u2019intensit\u00e9 et l\u2019escalade du conflit, tout en suscitant des interrogations sur la v\u00e9racit\u00e9 de ce chiffre.","og_url":"https:\/\/www.public.sn\/index.php\/2026\/03\/01\/trump-affirme-48-dirigeants-iraniens-tues-depuis-le-debut-des-frappes\/","og_site_name":"LE PUBLIC","article_published_time":"2026-03-01T18:32:43+00:00","article_modified_time":"2026-03-01T18:32:59+00:00","og_image":[{"width":1114,"height":622,"url":"https:\/\/www.public.sn\/wp-content\/uploads\/2026\/03\/Capture-decran-2026-03-01-a-18.30.24.png","type":"image\/png"}],"author":"LA REDACTION","twitter_card":"summary_large_image","twitter_misc":{"\u00c9crit par":"LA REDACTION","Dur\u00e9e de lecture estim\u00e9e":"1 minute"},"schema":{"@context":"https:\/\/schema.org","@graph":[{"@type":"Article","@id":"https:\/\/www.public.sn\/index.php\/2026\/03\/01\/trump-affirme-48-dirigeants-iraniens-tues-depuis-le-debut-des-frappes\/#article","isPartOf":{"@id":"https:\/\/www.public.sn\/index.php\/2026\/03\/01\/trump-affirme-48-dirigeants-iraniens-tues-depuis-le-debut-des-frappes\/"},"author":{"name":"LA REDACTION","@id":"https:\/\/www.public.sn\/#\/schema\/person\/cb76c8e1b8becc6be61fb5e92d6d0224"},"headline":"Trump affirme : 48 dirigeants iraniens tu\u00e9s depuis le d\u00e9but des frappes","datePublished":"2026-03-01T18:32:43+00:00","dateModified":"2026-03-01T18:32:59+00:00","mainEntityOfPage":{"@id":"https:\/\/www.public.sn\/index.php\/2026\/03\/01\/trump-affirme-48-dirigeants-iraniens-tues-depuis-le-debut-des-frappes\/"},"wordCount":130,"commentCount":0,"publisher":{"@id":"https:\/\/www.public.sn\/#organization"},"image":{"@id":"https:\/\/www.public.sn\/index.php\/2026\/03\/01\/trump-affirme-48-dirigeants-iraniens-tues-depuis-le-debut-des-frappes\/#primaryimage"},"thumbnailUrl":"https:\/\/www.public.sn\/wp-content\/uploads\/2026\/03\/Capture-decran-2026-03-01-a-18.30.24.png","keywords":["48 dirigeants iraniens","Trump"],"articleSection":["ACTUALIT\u00c9S","AFRIQUE &amp; MONDE","POLITIQUE"],"inLanguage":"fr-FR","potentialAction":[{"@type":"CommentAction","name":"Comment","target":["https:\/\/www.public.sn\/index.php\/2026\/03\/01\/trump-affirme-48-dirigeants-iraniens-tues-depuis-le-debut-des-frappes\/#respond"]}]},{"@type":"WebPage","@id":"https:\/\/www.public.sn\/index.php\/2026\/03\/01\/trump-affirme-48-dirigeants-iraniens-tues-depuis-le-debut-des-frappes\/","url":"https:\/\/www.public.sn\/index.php\/2026\/03\/01\/trump-affirme-48-dirigeants-iraniens-tues-depuis-le-debut-des-frappes\/","name":"Trump affirme : 48 dirigeants iraniens tu\u00e9s depuis le d\u00e9but des frappes - LE PUBLIC","isPartOf":{"@id":"https:\/\/www.public.sn\/#website"},"primaryImageOfPage":{"@id":"https:\/\/www.public.sn\/index.php\/2026\/03\/01\/trump-affirme-48-dirigeants-iraniens-tues-depuis-le-debut-des-frappes\/#primaryimage"},"image":{"@id":"https:\/\/www.public.sn\/index.php\/2026\/03\/01\/trump-affirme-48-dirigeants-iraniens-tues-depuis-le-debut-des-frappes\/#primaryimage"},"thumbnailUrl":"https:\/\/www.public.sn\/wp-content\/uploads\/2026\/03\/Capture-decran-2026-03-01-a-18.30.24.png","datePublished":"2026-03-01T18:32:43+00:00","dateModified":"2026-03-01T18:32:59+00:00","breadcrumb":{"@id":"https:\/\/www.public.sn\/index.php\/2026\/03\/01\/trump-affirme-48-dirigeants-iraniens-tues-depuis-le-debut-des-frappes\/#breadcrumb"},"inLanguage":"fr-FR","potentialAction":[{"@type":"ReadAction","target":["https:\/\/www.public.sn\/index.php\/2026\/03\/01\/trump-affirme-48-dirigeants-iraniens-tues-depuis-le-debut-des-frappes\/"]}]},{"@type":"ImageObject","inLanguage":"fr-FR","@id":"https:\/\/www.public.sn\/index.php\/2026\/03\/01\/trump-affirme-48-dirigeants-iraniens-tues-depuis-le-debut-des-frappes\/#primaryimage","url":"https:\/\/www.public.sn\/wp-content\/uploads\/2026\/03\/Capture-decran-2026-03-01-a-18.30.24.png","contentUrl":"https:\/\/www.public.sn\/wp-content\/uploads\/2026\/03\/Capture-decran-2026-03-01-a-18.30.24.png","width":1114,"height":622},{"@type":"BreadcrumbList","@id":"https:\/\/www.public.sn\/index.php\/2026\/03\/01\/trump-affirme-48-dirigeants-iraniens-tues-depuis-le-debut-des-frappes\/#breadcrumb","itemListElement":[{"@type":"ListItem","position":1,"name":"Accueil","item":"https:\/\/www.public.sn\/"},{"@type":"ListItem","position":2,"name":"Trump affirme : 48 dirigeants iraniens tu\u00e9s depuis le d\u00e9but des frappes"}]},{"@type":"WebSite","@id":"https:\/\/www.public.sn\/#website","url":"https:\/\/www.public.sn\/","name":"LE PUBLIC","description":"","publisher":{"@id":"https:\/\/www.public.sn\/#organization"},"potentialAction":[{"@type":"SearchAction","target":{"@type":"EntryPoint","urlTemplate":"https:\/\/www.public.sn\/?s={search_term_string}"},"query-input":{"@type":"PropertyValueSpecification","valueRequired":true,"valueName":"search_term_string"}}],"inLanguage":"fr-FR"},{"@type":"Organization","@id":"https:\/\/www.public.sn\/#organization","name":"LE PUBLIC","url":"https:\/\/www.public.sn\/","logo":{"@type":"ImageObject","inLanguage":"fr-FR","@id":"https:\/\/www.public.sn\/#\/schema\/logo\/image\/","url":"https:\/\/www.public.sn\/wp-content\/uploads\/2024\/05\/cropped-LOGO-PUBLIC.SN_.png","contentUrl":"https:\/\/www.public.sn\/wp-content\/uploads\/2024\/05\/cropped-LOGO-PUBLIC.SN_.png","width":682,"height":192,"caption":"LE PUBLIC"},"image":{"@id":"https:\/\/www.public.sn\/#\/schema\/logo\/image\/"}},{"@type":"Person","@id":"https:\/\/www.public.sn\/#\/schema\/person\/cb76c8e1b8becc6be61fb5e92d6d0224","name":"LA REDACTION","image":{"@type":"ImageObject","inLanguage":"fr-FR","@id":"https:\/\/www.public.sn\/#\/schema\/person\/image\/","url":"https:\/\/secure.gravatar.com\/avatar\/2dce5ddd34b8fef0180efe03aa2a9bee7d953856048f9a16b298190a3178407c?s=96&d=mm&r=g","contentUrl":"https:\/\/secure.gravatar.com\/avatar\/2dce5ddd34b8fef0180efe03aa2a9bee7d953856048f9a16b298190a3178407c?s=96&d=mm&r=g","caption":"LA REDACTION"},"url":"https:\/\/www.public.sn\/index.php\/author\/editeurpsn\/"}]}},"jetpack_featured_media_url":"https:\/\/www.public.sn\/wp-content\/uploads\/2026\/03\/Capture-decran-2026-03-01-a-18.30.24.png","jetpack_sharing_enabled":true,"_links":{"self":[{"href":"https:\/\/www.public.sn\/index.php\/wp-json\/wp\/v2\/posts\/39293","targetHints":{"allow":["GET"]}}],"collection":[{"href":"https:\/\/www.public.sn\/index.php\/wp-json\/wp\/v2\/posts"}],"about":[{"href":"https:\/\/www.public.sn\/index.php\/wp-json\/wp\/v2\/types\/post"}],"author":[{"embeddable":true,"href":"https:\/\/www.public.sn\/index.php\/wp-json\/wp\/v2\/users\/7"}],"replies":[{"embeddable":true,"href":"https:\/\/www.public.sn\/index.php\/wp-json\/wp\/v2\/comments?post=39293"}],"version-history":[{"count":2,"href":"https:\/\/www.public.sn\/index.php\/wp-json\/wp\/v2\/posts\/39293\/revisions"}],"predecessor-version":[{"id":39296,"href":"https:\/\/www.public.sn\/index.php\/wp-json\/wp\/v2\/posts\/39293\/revisions\/39296"}],"wp:featuredmedia":[{"embeddable":true,"href":"https:\/\/www.public.sn\/index.php\/wp-json\/wp\/v2\/media\/39294"}],"wp:attachment":[{"href":"https:\/\/www.public.sn\/index.php\/wp-json\/wp\/v2\/media?parent=39293"}],"wp:term":[{"taxonomy":"category","embeddable":true,"href":"https:\/\/www.public.sn\/index.php\/wp-json\/wp\/v2\/categories?post=39293"},{"taxonomy":"post_tag","embeddable":true,"href":"https:\/\/www.public.sn\/index.php\/wp-json\/wp\/v2\/tags?post=39293"}],"curies":[{"name":"wp","href":"https:\/\/api.w.org\/{rel}","templated":true}]}}