{"id":39403,"date":"2026-03-05T13:54:34","date_gmt":"2026-03-05T13:54:34","guid":{"rendered":"https:\/\/www.public.sn\/?p=39403"},"modified":"2026-03-05T13:54:44","modified_gmt":"2026-03-05T13:54:44","slug":"farba-ngom-reste-derriere-les-barreaux-le-procureur-soppose-a-sa-liberte-provisoire","status":"publish","type":"post","link":"https:\/\/www.public.sn\/index.php\/2026\/03\/05\/farba-ngom-reste-derriere-les-barreaux-le-procureur-soppose-a-sa-liberte-provisoire\/","title":{"rendered":"Farba Ngom reste derri\u00e8re les barreaux : le procureur s\u2019oppose \u00e0 sa libert\u00e9 provisoire."},"content":{"rendered":"\n<p>e parquet g\u00e9n\u00e9ral financier a introduit un pourvoi devant la&nbsp;Cour supr\u00eame&nbsp;afin de contester la d\u00e9cision de la chambre d\u2019accusation accordant une libert\u00e9 provisoire assortie d\u2019un contr\u00f4le judiciaire \u00e0&nbsp;Farba Ngom. Cette d\u00e9cision avait infirm\u00e9 le verdict initial du juge d\u2019instruction.<\/p><div class=\"publi-paragraphe1\" style=\"margin-top: 10px;margin-bottom: 10px;margin-left: auto;margin-right: auto;text-align: center;\" id=\"publi-1409068771\"><div class=\"publi-adlabel\">Publicit\u00e9<\/div><script async src=\"\/\/pagead2.googlesyndication.com\/pagead\/js\/adsbygoogle.js?client=ca-pub-4089586018074219\" crossorigin=\"anonymous\"><\/script><ins class=\"adsbygoogle\" style=\"display:block;\" data-ad-client=\"ca-pub-4089586018074219\" \ndata-ad-slot=\"2087940154\" \ndata-ad-format=\"auto\"><\/ins>\n<script> \n(adsbygoogle = window.adsbygoogle || []).push({}); \n<\/script>\n<\/div>\n\n\n\n<p>Selon le journal&nbsp;Les \u00c9chos, qui r\u00e9v\u00e8le l\u2019information dans son \u00e9dition de ce jeudi, le procureur s\u2019appuie sur un seul argument pour justifier son recours :&nbsp;<strong>la violation de l\u2019article 140 du Code de proc\u00e9dure p\u00e9nale<\/strong>.<br>\u00ab En clair, pr\u00e9cise le quotidien, accorder la libert\u00e9 provisoire \u00e0 Farba Ngom reviendrait \u00e0 enfreindre cette disposition. \u00bb<\/p>\n\n\n\n<p>Le journal rappelle que l\u2019article 140 du Code de proc\u00e9dure p\u00e9nale pr\u00e9voit que&nbsp;<strong>pour toute personne poursuivie pour d\u00e9tournement, soustraction ou obtention frauduleuse de deniers publics d\u2019un montant sup\u00e9rieur ou \u00e9gal \u00e0 un million de francs CFA, le mandat de d\u00e9p\u00f4t est obligatoire<\/strong>.<\/p>\n\n\n\n<p>Cette disposition pr\u00e9cise \u00e9galement que&nbsp;<strong>la lev\u00e9e du mandat de d\u00e9p\u00f4t n\u2019est possible que dans des cas pr\u00e9cis<\/strong>&nbsp;:<\/p>\n\n\n\n<ul class=\"wp-block-list\">\n<li>si la somme manquante est\u00a0<strong>int\u00e9gralement rembours\u00e9e ou cautionn\u00e9e<\/strong>,<\/li>\n\n\n\n<li>si les faits font l\u2019objet\u00a0<strong>d\u2019une contestation s\u00e9rieuse<\/strong>,<\/li>\n\n\n\n<li>ou, de mani\u00e8re exceptionnelle,\u00a0<strong>si un rapport d\u2019expertise m\u00e9dicale \u00e9tablit que l\u2019\u00e9tat de sant\u00e9 de l\u2019inculp\u00e9 est incompatible avec la d\u00e9tention<\/strong>.<\/li>\n<\/ul>\n\n\n\n<p>Le parquet estime que&nbsp;<strong>ces conditions ne sont pas r\u00e9unies<\/strong>&nbsp;dans le cas de Farba Ngom.<br>De leur c\u00f4t\u00e9, les avocats du maire des Agnams soutiennent le contraire et doivent prochainement&nbsp;<strong>d\u00e9poser leur r\u00e9plique<\/strong>, toujours selon&nbsp;<em>Les \u00c9chos<\/em>.<\/p>\n<div class=\"publi-apres-le-contenu\" style=\"margin-top: 10px;margin-bottom: 10px;margin-left: auto;margin-right: auto;text-align: center;\" id=\"publi-1301705137\"><div class=\"publi-adlabel\">Publicit\u00e9<\/div><script async src=\"\/\/pagead2.googlesyndication.com\/pagead\/js\/adsbygoogle.js?client=ca-pub-4089586018074219\" crossorigin=\"anonymous\"><\/script><ins class=\"adsbygoogle\" style=\"display:block;\" data-ad-client=\"ca-pub-4089586018074219\" \ndata-ad-slot=\"2087940154\" \ndata-ad-format=\"auto\"><\/ins>\n<script> \n(adsbygoogle = window.adsbygoogle || []).push({}); \n<\/script>\n<\/div>","protected":false},"excerpt":{"rendered":"<p>e parquet g\u00e9n\u00e9ral financier a introduit un pourvoi devant la&nbsp;Cour supr\u00eame&nbsp;afin de contester la d\u00e9cision de la chambre d\u2019accusation accordant une libert\u00e9 provisoire assortie d\u2019un contr\u00f4le judiciaire \u00e0&nbsp;Farba Ngom. Cette d\u00e9cision avait infirm\u00e9 le verdict initial du juge d\u2019instruction. Selon le journal&nbsp;Les \u00c9chos, qui r\u00e9v\u00e8le l\u2019information dans son \u00e9dition de ce jeudi, le procureur s\u2019appuie sur un seul argument pour justifier son recours :&nbsp;la violation de l\u2019article 140 du Code de proc\u00e9dure p\u00e9nale.\u00ab En clair, pr\u00e9cise le quotidien, accorder la libert\u00e9 provisoire \u00e0 Farba Ngom reviendrait \u00e0 enfreindre cette disposition. \u00bb Le journal rappelle que l\u2019article 140 du Code de proc\u00e9dure p\u00e9nale pr\u00e9voit que&nbsp;pour toute personne poursuivie pour d\u00e9tournement, soustraction ou obtention frauduleuse de deniers publics d\u2019un montant sup\u00e9rieur ou \u00e9gal \u00e0 un million de francs CFA, le mandat de d\u00e9p\u00f4t est obligatoire. Cette disposition pr\u00e9cise \u00e9galement que&nbsp;la lev\u00e9e du mandat de d\u00e9p\u00f4t n\u2019est possible que dans des cas pr\u00e9cis&nbsp;: Le parquet estime que&nbsp;ces conditions ne sont pas r\u00e9unies&nbsp;dans le cas de Farba Ngom.De leur c\u00f4t\u00e9, les avocats du maire des Agnams soutiennent le contraire et doivent prochainement&nbsp;d\u00e9poser leur r\u00e9plique, toujours selon&nbsp;Les \u00c9chos.<\/p>\n","protected":false},"author":7,"featured_media":39405,"comment_status":"open","ping_status":"open","sticky":false,"template":"","format":"standard","meta":{"_jetpack_memberships_contains_paid_content":false,"footnotes":""},"categories":[375,3724,3],"tags":[109,103],"class_list":["post-39403","post","type-post","status-publish","format-standard","has-post-thumbnail","hentry","category-actualites","category-justice","category-politique","tag-farba-ngom","tag-procureur","entry","has-media","owp-thumbs-layout-horizontal","owp-btn-normal","owp-tabs-layout-horizontal","has-no-thumbnails","has-product-nav"],"yoast_head":"<!-- This site is optimized with the Yoast SEO plugin v25.5 - https:\/\/yoast.com\/wordpress\/plugins\/seo\/ -->\n<title>Farba Ngom reste derri\u00e8re les barreaux : le procureur s\u2019oppose \u00e0 sa libert\u00e9 provisoire. - LE PUBLIC<\/title>\n<meta name=\"robots\" content=\"index, follow, max-snippet:-1, max-image-preview:large, max-video-preview:-1\" \/>\n<link rel=\"canonical\" href=\"https:\/\/www.public.sn\/index.php\/2026\/03\/05\/farba-ngom-reste-derriere-les-barreaux-le-procureur-soppose-a-sa-liberte-provisoire\/\" \/>\n<meta property=\"og:locale\" content=\"fr_FR\" \/>\n<meta property=\"og:type\" content=\"article\" \/>\n<meta property=\"og:title\" content=\"Farba Ngom reste derri\u00e8re les barreaux : le procureur s\u2019oppose \u00e0 sa libert\u00e9 provisoire. - LE PUBLIC\" \/>\n<meta property=\"og:description\" content=\"e parquet g\u00e9n\u00e9ral financier a introduit un pourvoi devant la&nbsp;Cour supr\u00eame&nbsp;afin de contester la d\u00e9cision de la chambre d\u2019accusation accordant une libert\u00e9 provisoire assortie d\u2019un contr\u00f4le judiciaire \u00e0&nbsp;Farba Ngom. Cette d\u00e9cision avait infirm\u00e9 le verdict initial du juge d\u2019instruction. Selon le journal&nbsp;Les \u00c9chos, qui r\u00e9v\u00e8le l\u2019information dans son \u00e9dition de ce jeudi, le procureur s\u2019appuie sur un seul argument pour justifier son recours :&nbsp;la violation de l\u2019article 140 du Code de proc\u00e9dure p\u00e9nale.\u00ab En clair, pr\u00e9cise le quotidien, accorder la libert\u00e9 provisoire \u00e0 Farba Ngom reviendrait \u00e0 enfreindre cette disposition. \u00bb Le journal rappelle que l\u2019article 140 du Code de proc\u00e9dure p\u00e9nale pr\u00e9voit que&nbsp;pour toute personne poursuivie pour d\u00e9tournement, soustraction ou obtention frauduleuse de deniers publics d\u2019un montant sup\u00e9rieur ou \u00e9gal \u00e0 un million de francs CFA, le mandat de d\u00e9p\u00f4t est obligatoire. Cette disposition pr\u00e9cise \u00e9galement que&nbsp;la lev\u00e9e du mandat de d\u00e9p\u00f4t n\u2019est possible que dans des cas pr\u00e9cis&nbsp;: Le parquet estime que&nbsp;ces conditions ne sont pas r\u00e9unies&nbsp;dans le cas de Farba Ngom.De leur c\u00f4t\u00e9, les avocats du maire des Agnams soutiennent le contraire et doivent prochainement&nbsp;d\u00e9poser leur r\u00e9plique, toujours selon&nbsp;Les \u00c9chos.\" \/>\n<meta property=\"og:url\" content=\"https:\/\/www.public.sn\/index.php\/2026\/03\/05\/farba-ngom-reste-derriere-les-barreaux-le-procureur-soppose-a-sa-liberte-provisoire\/\" \/>\n<meta property=\"og:site_name\" content=\"LE PUBLIC\" \/>\n<meta property=\"article:published_time\" content=\"2026-03-05T13:54:34+00:00\" \/>\n<meta property=\"article:modified_time\" content=\"2026-03-05T13:54:44+00:00\" \/>\n<meta property=\"og:image\" content=\"https:\/\/www.public.sn\/wp-content\/uploads\/2026\/03\/Capture-decran-2026-03-05-a-13.52.38.png\" \/>\n\t<meta property=\"og:image:width\" content=\"714\" \/>\n\t<meta property=\"og:image:height\" content=\"400\" \/>\n\t<meta property=\"og:image:type\" content=\"image\/png\" \/>\n<meta name=\"author\" content=\"LA REDACTION\" \/>\n<meta name=\"twitter:card\" content=\"summary_large_image\" \/>\n<meta name=\"twitter:label1\" content=\"\u00c9crit par\" \/>\n\t<meta name=\"twitter:data1\" content=\"LA REDACTION\" \/>\n\t<meta name=\"twitter:label2\" content=\"Dur\u00e9e de lecture estim\u00e9e\" \/>\n\t<meta name=\"twitter:data2\" content=\"2 minutes\" \/>\n<script type=\"application\/ld+json\" class=\"yoast-schema-graph\">{\"@context\":\"https:\/\/schema.org\",\"@graph\":[{\"@type\":\"Article\",\"@id\":\"https:\/\/www.public.sn\/index.php\/2026\/03\/05\/farba-ngom-reste-derriere-les-barreaux-le-procureur-soppose-a-sa-liberte-provisoire\/#article\",\"isPartOf\":{\"@id\":\"https:\/\/www.public.sn\/index.php\/2026\/03\/05\/farba-ngom-reste-derriere-les-barreaux-le-procureur-soppose-a-sa-liberte-provisoire\/\"},\"author\":{\"name\":\"LA REDACTION\",\"@id\":\"https:\/\/www.public.sn\/#\/schema\/person\/cb76c8e1b8becc6be61fb5e92d6d0224\"},\"headline\":\"Farba Ngom reste derri\u00e8re les barreaux : le procureur s\u2019oppose \u00e0 sa libert\u00e9 provisoire.\",\"datePublished\":\"2026-03-05T13:54:34+00:00\",\"dateModified\":\"2026-03-05T13:54:44+00:00\",\"mainEntityOfPage\":{\"@id\":\"https:\/\/www.public.sn\/index.php\/2026\/03\/05\/farba-ngom-reste-derriere-les-barreaux-le-procureur-soppose-a-sa-liberte-provisoire\/\"},\"wordCount\":299,\"commentCount\":0,\"publisher\":{\"@id\":\"https:\/\/www.public.sn\/#organization\"},\"image\":{\"@id\":\"https:\/\/www.public.sn\/index.php\/2026\/03\/05\/farba-ngom-reste-derriere-les-barreaux-le-procureur-soppose-a-sa-liberte-provisoire\/#primaryimage\"},\"thumbnailUrl\":\"https:\/\/www.public.sn\/wp-content\/uploads\/2026\/03\/Capture-decran-2026-03-05-a-13.52.38.png\",\"keywords\":[\"Farba Ngom\",\"Procureur\"],\"articleSection\":[\"ACTUALIT\u00c9S\",\"justice\",\"POLITIQUE\"],\"inLanguage\":\"fr-FR\",\"potentialAction\":[{\"@type\":\"CommentAction\",\"name\":\"Comment\",\"target\":[\"https:\/\/www.public.sn\/index.php\/2026\/03\/05\/farba-ngom-reste-derriere-les-barreaux-le-procureur-soppose-a-sa-liberte-provisoire\/#respond\"]}]},{\"@type\":\"WebPage\",\"@id\":\"https:\/\/www.public.sn\/index.php\/2026\/03\/05\/farba-ngom-reste-derriere-les-barreaux-le-procureur-soppose-a-sa-liberte-provisoire\/\",\"url\":\"https:\/\/www.public.sn\/index.php\/2026\/03\/05\/farba-ngom-reste-derriere-les-barreaux-le-procureur-soppose-a-sa-liberte-provisoire\/\",\"name\":\"Farba Ngom reste derri\u00e8re les barreaux : le procureur s\u2019oppose \u00e0 sa libert\u00e9 provisoire. - LE PUBLIC\",\"isPartOf\":{\"@id\":\"https:\/\/www.public.sn\/#website\"},\"primaryImageOfPage\":{\"@id\":\"https:\/\/www.public.sn\/index.php\/2026\/03\/05\/farba-ngom-reste-derriere-les-barreaux-le-procureur-soppose-a-sa-liberte-provisoire\/#primaryimage\"},\"image\":{\"@id\":\"https:\/\/www.public.sn\/index.php\/2026\/03\/05\/farba-ngom-reste-derriere-les-barreaux-le-procureur-soppose-a-sa-liberte-provisoire\/#primaryimage\"},\"thumbnailUrl\":\"https:\/\/www.public.sn\/wp-content\/uploads\/2026\/03\/Capture-decran-2026-03-05-a-13.52.38.png\",\"datePublished\":\"2026-03-05T13:54:34+00:00\",\"dateModified\":\"2026-03-05T13:54:44+00:00\",\"breadcrumb\":{\"@id\":\"https:\/\/www.public.sn\/index.php\/2026\/03\/05\/farba-ngom-reste-derriere-les-barreaux-le-procureur-soppose-a-sa-liberte-provisoire\/#breadcrumb\"},\"inLanguage\":\"fr-FR\",\"potentialAction\":[{\"@type\":\"ReadAction\",\"target\":[\"https:\/\/www.public.sn\/index.php\/2026\/03\/05\/farba-ngom-reste-derriere-les-barreaux-le-procureur-soppose-a-sa-liberte-provisoire\/\"]}]},{\"@type\":\"ImageObject\",\"inLanguage\":\"fr-FR\",\"@id\":\"https:\/\/www.public.sn\/index.php\/2026\/03\/05\/farba-ngom-reste-derriere-les-barreaux-le-procureur-soppose-a-sa-liberte-provisoire\/#primaryimage\",\"url\":\"https:\/\/www.public.sn\/wp-content\/uploads\/2026\/03\/Capture-decran-2026-03-05-a-13.52.38.png\",\"contentUrl\":\"https:\/\/www.public.sn\/wp-content\/uploads\/2026\/03\/Capture-decran-2026-03-05-a-13.52.38.png\",\"width\":714,\"height\":400},{\"@type\":\"BreadcrumbList\",\"@id\":\"https:\/\/www.public.sn\/index.php\/2026\/03\/05\/farba-ngom-reste-derriere-les-barreaux-le-procureur-soppose-a-sa-liberte-provisoire\/#breadcrumb\",\"itemListElement\":[{\"@type\":\"ListItem\",\"position\":1,\"name\":\"Accueil\",\"item\":\"https:\/\/www.public.sn\/\"},{\"@type\":\"ListItem\",\"position\":2,\"name\":\"Farba Ngom reste derri\u00e8re les barreaux : le procureur s\u2019oppose \u00e0 sa libert\u00e9 provisoire.\"}]},{\"@type\":\"WebSite\",\"@id\":\"https:\/\/www.public.sn\/#website\",\"url\":\"https:\/\/www.public.sn\/\",\"name\":\"LE PUBLIC\",\"description\":\"\",\"publisher\":{\"@id\":\"https:\/\/www.public.sn\/#organization\"},\"potentialAction\":[{\"@type\":\"SearchAction\",\"target\":{\"@type\":\"EntryPoint\",\"urlTemplate\":\"https:\/\/www.public.sn\/?s={search_term_string}\"},\"query-input\":{\"@type\":\"PropertyValueSpecification\",\"valueRequired\":true,\"valueName\":\"search_term_string\"}}],\"inLanguage\":\"fr-FR\"},{\"@type\":\"Organization\",\"@id\":\"https:\/\/www.public.sn\/#organization\",\"name\":\"LE PUBLIC\",\"url\":\"https:\/\/www.public.sn\/\",\"logo\":{\"@type\":\"ImageObject\",\"inLanguage\":\"fr-FR\",\"@id\":\"https:\/\/www.public.sn\/#\/schema\/logo\/image\/\",\"url\":\"https:\/\/www.public.sn\/wp-content\/uploads\/2024\/05\/cropped-LOGO-PUBLIC.SN_.png\",\"contentUrl\":\"https:\/\/www.public.sn\/wp-content\/uploads\/2024\/05\/cropped-LOGO-PUBLIC.SN_.png\",\"width\":682,\"height\":192,\"caption\":\"LE PUBLIC\"},\"image\":{\"@id\":\"https:\/\/www.public.sn\/#\/schema\/logo\/image\/\"}},{\"@type\":\"Person\",\"@id\":\"https:\/\/www.public.sn\/#\/schema\/person\/cb76c8e1b8becc6be61fb5e92d6d0224\",\"name\":\"LA REDACTION\",\"image\":{\"@type\":\"ImageObject\",\"inLanguage\":\"fr-FR\",\"@id\":\"https:\/\/www.public.sn\/#\/schema\/person\/image\/\",\"url\":\"https:\/\/secure.gravatar.com\/avatar\/2dce5ddd34b8fef0180efe03aa2a9bee7d953856048f9a16b298190a3178407c?s=96&d=mm&r=g\",\"contentUrl\":\"https:\/\/secure.gravatar.com\/avatar\/2dce5ddd34b8fef0180efe03aa2a9bee7d953856048f9a16b298190a3178407c?s=96&d=mm&r=g\",\"caption\":\"LA REDACTION\"},\"url\":\"https:\/\/www.public.sn\/index.php\/author\/editeurpsn\/\"}]}<\/script>\n<!-- \/ Yoast SEO plugin. -->","yoast_head_json":{"title":"Farba Ngom reste derri\u00e8re les barreaux : le procureur s\u2019oppose \u00e0 sa libert\u00e9 provisoire. - LE PUBLIC","robots":{"index":"index","follow":"follow","max-snippet":"max-snippet:-1","max-image-preview":"max-image-preview:large","max-video-preview":"max-video-preview:-1"},"canonical":"https:\/\/www.public.sn\/index.php\/2026\/03\/05\/farba-ngom-reste-derriere-les-barreaux-le-procureur-soppose-a-sa-liberte-provisoire\/","og_locale":"fr_FR","og_type":"article","og_title":"Farba Ngom reste derri\u00e8re les barreaux : le procureur s\u2019oppose \u00e0 sa libert\u00e9 provisoire. - LE PUBLIC","og_description":"e parquet g\u00e9n\u00e9ral financier a introduit un pourvoi devant la&nbsp;Cour supr\u00eame&nbsp;afin de contester la d\u00e9cision de la chambre d\u2019accusation accordant une libert\u00e9 provisoire assortie d\u2019un contr\u00f4le judiciaire \u00e0&nbsp;Farba Ngom. Cette d\u00e9cision avait infirm\u00e9 le verdict initial du juge d\u2019instruction. Selon le journal&nbsp;Les \u00c9chos, qui r\u00e9v\u00e8le l\u2019information dans son \u00e9dition de ce jeudi, le procureur s\u2019appuie sur un seul argument pour justifier son recours :&nbsp;la violation de l\u2019article 140 du Code de proc\u00e9dure p\u00e9nale.\u00ab En clair, pr\u00e9cise le quotidien, accorder la libert\u00e9 provisoire \u00e0 Farba Ngom reviendrait \u00e0 enfreindre cette disposition. \u00bb Le journal rappelle que l\u2019article 140 du Code de proc\u00e9dure p\u00e9nale pr\u00e9voit que&nbsp;pour toute personne poursuivie pour d\u00e9tournement, soustraction ou obtention frauduleuse de deniers publics d\u2019un montant sup\u00e9rieur ou \u00e9gal \u00e0 un million de francs CFA, le mandat de d\u00e9p\u00f4t est obligatoire. Cette disposition pr\u00e9cise \u00e9galement que&nbsp;la lev\u00e9e du mandat de d\u00e9p\u00f4t n\u2019est possible que dans des cas pr\u00e9cis&nbsp;: Le parquet estime que&nbsp;ces conditions ne sont pas r\u00e9unies&nbsp;dans le cas de Farba Ngom.De leur c\u00f4t\u00e9, les avocats du maire des Agnams soutiennent le contraire et doivent prochainement&nbsp;d\u00e9poser leur r\u00e9plique, toujours selon&nbsp;Les \u00c9chos.","og_url":"https:\/\/www.public.sn\/index.php\/2026\/03\/05\/farba-ngom-reste-derriere-les-barreaux-le-procureur-soppose-a-sa-liberte-provisoire\/","og_site_name":"LE PUBLIC","article_published_time":"2026-03-05T13:54:34+00:00","article_modified_time":"2026-03-05T13:54:44+00:00","og_image":[{"width":714,"height":400,"url":"https:\/\/www.public.sn\/wp-content\/uploads\/2026\/03\/Capture-decran-2026-03-05-a-13.52.38.png","type":"image\/png"}],"author":"LA REDACTION","twitter_card":"summary_large_image","twitter_misc":{"\u00c9crit par":"LA REDACTION","Dur\u00e9e de lecture estim\u00e9e":"2 minutes"},"schema":{"@context":"https:\/\/schema.org","@graph":[{"@type":"Article","@id":"https:\/\/www.public.sn\/index.php\/2026\/03\/05\/farba-ngom-reste-derriere-les-barreaux-le-procureur-soppose-a-sa-liberte-provisoire\/#article","isPartOf":{"@id":"https:\/\/www.public.sn\/index.php\/2026\/03\/05\/farba-ngom-reste-derriere-les-barreaux-le-procureur-soppose-a-sa-liberte-provisoire\/"},"author":{"name":"LA REDACTION","@id":"https:\/\/www.public.sn\/#\/schema\/person\/cb76c8e1b8becc6be61fb5e92d6d0224"},"headline":"Farba Ngom reste derri\u00e8re les barreaux : le procureur s\u2019oppose \u00e0 sa libert\u00e9 provisoire.","datePublished":"2026-03-05T13:54:34+00:00","dateModified":"2026-03-05T13:54:44+00:00","mainEntityOfPage":{"@id":"https:\/\/www.public.sn\/index.php\/2026\/03\/05\/farba-ngom-reste-derriere-les-barreaux-le-procureur-soppose-a-sa-liberte-provisoire\/"},"wordCount":299,"commentCount":0,"publisher":{"@id":"https:\/\/www.public.sn\/#organization"},"image":{"@id":"https:\/\/www.public.sn\/index.php\/2026\/03\/05\/farba-ngom-reste-derriere-les-barreaux-le-procureur-soppose-a-sa-liberte-provisoire\/#primaryimage"},"thumbnailUrl":"https:\/\/www.public.sn\/wp-content\/uploads\/2026\/03\/Capture-decran-2026-03-05-a-13.52.38.png","keywords":["Farba Ngom","Procureur"],"articleSection":["ACTUALIT\u00c9S","justice","POLITIQUE"],"inLanguage":"fr-FR","potentialAction":[{"@type":"CommentAction","name":"Comment","target":["https:\/\/www.public.sn\/index.php\/2026\/03\/05\/farba-ngom-reste-derriere-les-barreaux-le-procureur-soppose-a-sa-liberte-provisoire\/#respond"]}]},{"@type":"WebPage","@id":"https:\/\/www.public.sn\/index.php\/2026\/03\/05\/farba-ngom-reste-derriere-les-barreaux-le-procureur-soppose-a-sa-liberte-provisoire\/","url":"https:\/\/www.public.sn\/index.php\/2026\/03\/05\/farba-ngom-reste-derriere-les-barreaux-le-procureur-soppose-a-sa-liberte-provisoire\/","name":"Farba Ngom reste derri\u00e8re les barreaux : le procureur s\u2019oppose \u00e0 sa libert\u00e9 provisoire. - LE PUBLIC","isPartOf":{"@id":"https:\/\/www.public.sn\/#website"},"primaryImageOfPage":{"@id":"https:\/\/www.public.sn\/index.php\/2026\/03\/05\/farba-ngom-reste-derriere-les-barreaux-le-procureur-soppose-a-sa-liberte-provisoire\/#primaryimage"},"image":{"@id":"https:\/\/www.public.sn\/index.php\/2026\/03\/05\/farba-ngom-reste-derriere-les-barreaux-le-procureur-soppose-a-sa-liberte-provisoire\/#primaryimage"},"thumbnailUrl":"https:\/\/www.public.sn\/wp-content\/uploads\/2026\/03\/Capture-decran-2026-03-05-a-13.52.38.png","datePublished":"2026-03-05T13:54:34+00:00","dateModified":"2026-03-05T13:54:44+00:00","breadcrumb":{"@id":"https:\/\/www.public.sn\/index.php\/2026\/03\/05\/farba-ngom-reste-derriere-les-barreaux-le-procureur-soppose-a-sa-liberte-provisoire\/#breadcrumb"},"inLanguage":"fr-FR","potentialAction":[{"@type":"ReadAction","target":["https:\/\/www.public.sn\/index.php\/2026\/03\/05\/farba-ngom-reste-derriere-les-barreaux-le-procureur-soppose-a-sa-liberte-provisoire\/"]}]},{"@type":"ImageObject","inLanguage":"fr-FR","@id":"https:\/\/www.public.sn\/index.php\/2026\/03\/05\/farba-ngom-reste-derriere-les-barreaux-le-procureur-soppose-a-sa-liberte-provisoire\/#primaryimage","url":"https:\/\/www.public.sn\/wp-content\/uploads\/2026\/03\/Capture-decran-2026-03-05-a-13.52.38.png","contentUrl":"https:\/\/www.public.sn\/wp-content\/uploads\/2026\/03\/Capture-decran-2026-03-05-a-13.52.38.png","width":714,"height":400},{"@type":"BreadcrumbList","@id":"https:\/\/www.public.sn\/index.php\/2026\/03\/05\/farba-ngom-reste-derriere-les-barreaux-le-procureur-soppose-a-sa-liberte-provisoire\/#breadcrumb","itemListElement":[{"@type":"ListItem","position":1,"name":"Accueil","item":"https:\/\/www.public.sn\/"},{"@type":"ListItem","position":2,"name":"Farba Ngom reste derri\u00e8re les barreaux : le procureur s\u2019oppose \u00e0 sa libert\u00e9 provisoire."}]},{"@type":"WebSite","@id":"https:\/\/www.public.sn\/#website","url":"https:\/\/www.public.sn\/","name":"LE PUBLIC","description":"","publisher":{"@id":"https:\/\/www.public.sn\/#organization"},"potentialAction":[{"@type":"SearchAction","target":{"@type":"EntryPoint","urlTemplate":"https:\/\/www.public.sn\/?s={search_term_string}"},"query-input":{"@type":"PropertyValueSpecification","valueRequired":true,"valueName":"search_term_string"}}],"inLanguage":"fr-FR"},{"@type":"Organization","@id":"https:\/\/www.public.sn\/#organization","name":"LE PUBLIC","url":"https:\/\/www.public.sn\/","logo":{"@type":"ImageObject","inLanguage":"fr-FR","@id":"https:\/\/www.public.sn\/#\/schema\/logo\/image\/","url":"https:\/\/www.public.sn\/wp-content\/uploads\/2024\/05\/cropped-LOGO-PUBLIC.SN_.png","contentUrl":"https:\/\/www.public.sn\/wp-content\/uploads\/2024\/05\/cropped-LOGO-PUBLIC.SN_.png","width":682,"height":192,"caption":"LE PUBLIC"},"image":{"@id":"https:\/\/www.public.sn\/#\/schema\/logo\/image\/"}},{"@type":"Person","@id":"https:\/\/www.public.sn\/#\/schema\/person\/cb76c8e1b8becc6be61fb5e92d6d0224","name":"LA REDACTION","image":{"@type":"ImageObject","inLanguage":"fr-FR","@id":"https:\/\/www.public.sn\/#\/schema\/person\/image\/","url":"https:\/\/secure.gravatar.com\/avatar\/2dce5ddd34b8fef0180efe03aa2a9bee7d953856048f9a16b298190a3178407c?s=96&d=mm&r=g","contentUrl":"https:\/\/secure.gravatar.com\/avatar\/2dce5ddd34b8fef0180efe03aa2a9bee7d953856048f9a16b298190a3178407c?s=96&d=mm&r=g","caption":"LA REDACTION"},"url":"https:\/\/www.public.sn\/index.php\/author\/editeurpsn\/"}]}},"jetpack_featured_media_url":"https:\/\/www.public.sn\/wp-content\/uploads\/2026\/03\/Capture-decran-2026-03-05-a-13.52.38.png","jetpack_sharing_enabled":true,"_links":{"self":[{"href":"https:\/\/www.public.sn\/index.php\/wp-json\/wp\/v2\/posts\/39403","targetHints":{"allow":["GET"]}}],"collection":[{"href":"https:\/\/www.public.sn\/index.php\/wp-json\/wp\/v2\/posts"}],"about":[{"href":"https:\/\/www.public.sn\/index.php\/wp-json\/wp\/v2\/types\/post"}],"author":[{"embeddable":true,"href":"https:\/\/www.public.sn\/index.php\/wp-json\/wp\/v2\/users\/7"}],"replies":[{"embeddable":true,"href":"https:\/\/www.public.sn\/index.php\/wp-json\/wp\/v2\/comments?post=39403"}],"version-history":[{"count":1,"href":"https:\/\/www.public.sn\/index.php\/wp-json\/wp\/v2\/posts\/39403\/revisions"}],"predecessor-version":[{"id":39406,"href":"https:\/\/www.public.sn\/index.php\/wp-json\/wp\/v2\/posts\/39403\/revisions\/39406"}],"wp:featuredmedia":[{"embeddable":true,"href":"https:\/\/www.public.sn\/index.php\/wp-json\/wp\/v2\/media\/39405"}],"wp:attachment":[{"href":"https:\/\/www.public.sn\/index.php\/wp-json\/wp\/v2\/media?parent=39403"}],"wp:term":[{"taxonomy":"category","embeddable":true,"href":"https:\/\/www.public.sn\/index.php\/wp-json\/wp\/v2\/categories?post=39403"},{"taxonomy":"post_tag","embeddable":true,"href":"https:\/\/www.public.sn\/index.php\/wp-json\/wp\/v2\/tags?post=39403"}],"curies":[{"name":"wp","href":"https:\/\/api.w.org\/{rel}","templated":true}]}}