{"id":39411,"date":"2026-03-05T14:08:15","date_gmt":"2026-03-05T14:08:15","guid":{"rendered":"https:\/\/www.public.sn\/?p=39411"},"modified":"2026-03-05T14:08:29","modified_gmt":"2026-03-05T14:08:29","slug":"lutte-le-choc-balla-gaye-2-franc-paralyse-par-une-guerre-de-promoteurs","status":"publish","type":"post","link":"https:\/\/www.public.sn\/index.php\/2026\/03\/05\/lutte-le-choc-balla-gaye-2-franc-paralyse-par-une-guerre-de-promoteurs\/","title":{"rendered":"Lutte : le choc\u00a0Balla Gaye 2\u00a0\u2013\u00a0Franc\u00a0paralys\u00e9 par une guerre de promoteurs."},"content":{"rendered":"\n<p>Tr\u00e8s attendu par les amateurs de lutte, le combat entre&nbsp;Balla Gaye 2&nbsp;et&nbsp;Franc&nbsp;pourrait finalement ne pas avoir lieu. En cause : une rivalit\u00e9 entre promoteurs qui complique s\u00e9rieusement l\u2019organisation de cette affiche all\u00e9chante.<\/p><div class=\"publi-paragraphe1\" style=\"margin-top: 10px;margin-bottom: 10px;margin-left: auto;margin-right: auto;text-align: center;\" id=\"publi-1102816023\"><div class=\"publi-adlabel\">Publicit\u00e9<\/div><script async src=\"\/\/pagead2.googlesyndication.com\/pagead\/js\/adsbygoogle.js?client=ca-pub-4089586018074219\" crossorigin=\"anonymous\"><\/script><ins class=\"adsbygoogle\" style=\"display:block;\" data-ad-client=\"ca-pub-4089586018074219\" \ndata-ad-slot=\"2087940154\" \ndata-ad-format=\"auto\"><\/ins>\n<script> \n(adsbygoogle = window.adsbygoogle || []).push({}); \n<\/script>\n<\/div>\n\n\n\n<p>Le promoteur&nbsp;Baye Ndiaye&nbsp;s\u2019est pourtant engag\u00e9 \u00e0 organiser le prochain combat du \u00ab Lion de Gu\u00e9diawaye \u00bb avant la fin de la saison. Le patron de&nbsp;Albourakh Events&nbsp;assure que son lutteur fera bien son retour dans l\u2019ar\u00e8ne, m\u00eame si le duel face \u00e0 Franc semble, pour l\u2019instant, difficile \u00e0 concr\u00e9tiser.<\/p>\n\n\n\n<p>\u00c0 l\u2019origine de ce blocage : un bras de fer entre promoteurs. D\u2019un c\u00f4t\u00e9, Baye Ndiaye, fr\u00e8re de l\u2019ancien promoteur&nbsp;Aziz Ndiaye, qui g\u00e8re les combats de Balla Gaye 2. De l\u2019autre,&nbsp;Mansour Ba, PDG de&nbsp;Jambaar Productions, d\u00e9tenteur des combats de Franc, surnomm\u00e9 \u00ab Ndiago Or \u00bb.<\/p>\n\n\n\n<p>Le lutteur de Jambaar Productions a d\u2019ailleurs d\u00e9j\u00e0 sign\u00e9 deux combats avec la structure pour la saison 2025-2026. Le premier a \u00e9t\u00e9 disput\u00e9 face \u00e0&nbsp;Tapha Tine.<\/p>\n\n\n\n<p>Dans ce contexte, la tenue du duel Balla Gaye 2\u2013Franc para\u00eet de plus en plus incertaine, d\u2019autant que Baye Ndiaye a \u00e9cart\u00e9 toute possibilit\u00e9 de coproduction avec Jambaar Productions.<\/p>\n\n\n\n<p>Malgr\u00e9 tout, le promoteur se veut rassurant pour les supporters de son poulain. Selon lui, plusieurs adversaires de taille sont pr\u00eats \u00e0 croiser le fer avec Balla Gaye 2 si l\u2019affiche contre Franc tombe \u00e0 l\u2019eau.<\/p>\n\n\n\n<p>\u00ab Cette saison, c\u2019est moi qui vais organiser le combat de Balla Gaye. Si ce n\u2019est pas contre Franc, ce sera contre&nbsp;Ada Fass,&nbsp;Tapha Tine&nbsp;ou m\u00eame&nbsp;Talfa. D\u2019ailleurs, le staff de Tapha Tine m\u2019a appel\u00e9 pour me dire que leur lutteur est pr\u00eat pour une troisi\u00e8me confrontation avec Balla Gaye \u00bb, a-t-il d\u00e9clar\u00e9 sur&nbsp;Lutte TV.<\/p>\n<div class=\"publi-apres-le-contenu\" style=\"margin-top: 10px;margin-bottom: 10px;margin-left: auto;margin-right: auto;text-align: center;\" id=\"publi-2108522184\"><div class=\"publi-adlabel\">Publicit\u00e9<\/div><script async src=\"\/\/pagead2.googlesyndication.com\/pagead\/js\/adsbygoogle.js?client=ca-pub-4089586018074219\" crossorigin=\"anonymous\"><\/script><ins class=\"adsbygoogle\" style=\"display:block;\" data-ad-client=\"ca-pub-4089586018074219\" \ndata-ad-slot=\"2087940154\" \ndata-ad-format=\"auto\"><\/ins>\n<script> \n(adsbygoogle = window.adsbygoogle || []).push({}); \n<\/script>\n<\/div>","protected":false},"excerpt":{"rendered":"<p>Tr\u00e8s attendu par les amateurs de lutte, le combat entre&nbsp;Balla Gaye 2&nbsp;et&nbsp;Franc&nbsp;pourrait finalement ne pas avoir lieu. En cause : une rivalit\u00e9 entre promoteurs qui complique s\u00e9rieusement l\u2019organisation de cette affiche all\u00e9chante. Le promoteur&nbsp;Baye Ndiaye&nbsp;s\u2019est pourtant engag\u00e9 \u00e0 organiser le prochain combat du \u00ab Lion de Gu\u00e9diawaye \u00bb avant la fin de la saison. Le patron de&nbsp;Albourakh Events&nbsp;assure que son lutteur fera bien son retour dans l\u2019ar\u00e8ne, m\u00eame si le duel face \u00e0 Franc semble, pour l\u2019instant, difficile \u00e0 concr\u00e9tiser. \u00c0 l\u2019origine de ce blocage : un bras de fer entre promoteurs. D\u2019un c\u00f4t\u00e9, Baye Ndiaye, fr\u00e8re de l\u2019ancien promoteur&nbsp;Aziz Ndiaye, qui g\u00e8re les combats de Balla Gaye 2. De l\u2019autre,&nbsp;Mansour Ba, PDG de&nbsp;Jambaar Productions, d\u00e9tenteur des combats de Franc, surnomm\u00e9 \u00ab Ndiago Or \u00bb. Le lutteur de Jambaar Productions a d\u2019ailleurs d\u00e9j\u00e0 sign\u00e9 deux combats avec la structure pour la saison 2025-2026. Le premier a \u00e9t\u00e9 disput\u00e9 face \u00e0&nbsp;Tapha Tine. Dans ce contexte, la tenue du duel Balla Gaye 2\u2013Franc para\u00eet de plus en plus incertaine, d\u2019autant que Baye Ndiaye a \u00e9cart\u00e9 toute possibilit\u00e9 de coproduction avec Jambaar Productions. Malgr\u00e9 tout, le promoteur se veut rassurant pour les supporters de son poulain. Selon lui, plusieurs adversaires de taille sont pr\u00eats \u00e0 croiser le fer avec Balla Gaye 2 si l\u2019affiche contre Franc tombe \u00e0 l\u2019eau. \u00ab Cette saison, c\u2019est moi qui vais organiser le combat de Balla Gaye. Si ce n\u2019est pas contre Franc, ce sera contre&nbsp;Ada Fass,&nbsp;Tapha Tine&nbsp;ou m\u00eame&nbsp;Talfa. D\u2019ailleurs, le staff de Tapha Tine m\u2019a appel\u00e9 pour me dire que leur lutteur est pr\u00eat pour une troisi\u00e8me confrontation avec Balla Gaye \u00bb, a-t-il d\u00e9clar\u00e9 sur&nbsp;Lutte TV.<\/p>\n","protected":false},"author":7,"featured_media":39413,"comment_status":"open","ping_status":"open","sticky":false,"template":"","format":"standard","meta":{"_jetpack_memberships_contains_paid_content":false,"footnotes":""},"categories":[375,902,7],"tags":[4520,5124,684],"class_list":["post-39411","post","type-post","status-publish","format-standard","has-post-thumbnail","hentry","category-actualites","category-lutte-senegalaise","category-sport","tag-balla-gaye-2","tag-franc","tag-lutte","entry","has-media","owp-thumbs-layout-horizontal","owp-btn-normal","owp-tabs-layout-horizontal","has-no-thumbnails","has-product-nav"],"yoast_head":"<!-- This site is optimized with the Yoast SEO plugin v25.5 - https:\/\/yoast.com\/wordpress\/plugins\/seo\/ -->\n<title>Lutte : le choc\u00a0Balla Gaye 2\u00a0\u2013\u00a0Franc\u00a0paralys\u00e9 par une guerre de promoteurs. - LE PUBLIC<\/title>\n<meta name=\"robots\" content=\"index, follow, max-snippet:-1, max-image-preview:large, max-video-preview:-1\" \/>\n<link rel=\"canonical\" href=\"https:\/\/www.public.sn\/index.php\/2026\/03\/05\/lutte-le-choc-balla-gaye-2-franc-paralyse-par-une-guerre-de-promoteurs\/\" \/>\n<meta property=\"og:locale\" content=\"fr_FR\" \/>\n<meta property=\"og:type\" content=\"article\" \/>\n<meta property=\"og:title\" content=\"Lutte : le choc\u00a0Balla Gaye 2\u00a0\u2013\u00a0Franc\u00a0paralys\u00e9 par une guerre de promoteurs. - LE PUBLIC\" \/>\n<meta property=\"og:description\" content=\"Tr\u00e8s attendu par les amateurs de lutte, le combat entre&nbsp;Balla Gaye 2&nbsp;et&nbsp;Franc&nbsp;pourrait finalement ne pas avoir lieu. En cause : une rivalit\u00e9 entre promoteurs qui complique s\u00e9rieusement l\u2019organisation de cette affiche all\u00e9chante. Le promoteur&nbsp;Baye Ndiaye&nbsp;s\u2019est pourtant engag\u00e9 \u00e0 organiser le prochain combat du \u00ab Lion de Gu\u00e9diawaye \u00bb avant la fin de la saison. Le patron de&nbsp;Albourakh Events&nbsp;assure que son lutteur fera bien son retour dans l\u2019ar\u00e8ne, m\u00eame si le duel face \u00e0 Franc semble, pour l\u2019instant, difficile \u00e0 concr\u00e9tiser. \u00c0 l\u2019origine de ce blocage : un bras de fer entre promoteurs. D\u2019un c\u00f4t\u00e9, Baye Ndiaye, fr\u00e8re de l\u2019ancien promoteur&nbsp;Aziz Ndiaye, qui g\u00e8re les combats de Balla Gaye 2. De l\u2019autre,&nbsp;Mansour Ba, PDG de&nbsp;Jambaar Productions, d\u00e9tenteur des combats de Franc, surnomm\u00e9 \u00ab Ndiago Or \u00bb. Le lutteur de Jambaar Productions a d\u2019ailleurs d\u00e9j\u00e0 sign\u00e9 deux combats avec la structure pour la saison 2025-2026. Le premier a \u00e9t\u00e9 disput\u00e9 face \u00e0&nbsp;Tapha Tine. Dans ce contexte, la tenue du duel Balla Gaye 2\u2013Franc para\u00eet de plus en plus incertaine, d\u2019autant que Baye Ndiaye a \u00e9cart\u00e9 toute possibilit\u00e9 de coproduction avec Jambaar Productions. Malgr\u00e9 tout, le promoteur se veut rassurant pour les supporters de son poulain. Selon lui, plusieurs adversaires de taille sont pr\u00eats \u00e0 croiser le fer avec Balla Gaye 2 si l\u2019affiche contre Franc tombe \u00e0 l\u2019eau. \u00ab Cette saison, c\u2019est moi qui vais organiser le combat de Balla Gaye. Si ce n\u2019est pas contre Franc, ce sera contre&nbsp;Ada Fass,&nbsp;Tapha Tine&nbsp;ou m\u00eame&nbsp;Talfa. D\u2019ailleurs, le staff de Tapha Tine m\u2019a appel\u00e9 pour me dire que leur lutteur est pr\u00eat pour une troisi\u00e8me confrontation avec Balla Gaye \u00bb, a-t-il d\u00e9clar\u00e9 sur&nbsp;Lutte TV.\" \/>\n<meta property=\"og:url\" content=\"https:\/\/www.public.sn\/index.php\/2026\/03\/05\/lutte-le-choc-balla-gaye-2-franc-paralyse-par-une-guerre-de-promoteurs\/\" \/>\n<meta property=\"og:site_name\" content=\"LE PUBLIC\" \/>\n<meta property=\"article:published_time\" content=\"2026-03-05T14:08:15+00:00\" \/>\n<meta property=\"article:modified_time\" content=\"2026-03-05T14:08:29+00:00\" \/>\n<meta property=\"og:image\" content=\"https:\/\/www.public.sn\/wp-content\/uploads\/2026\/03\/Capture-decran-2026-03-05-a-14.04.56.png\" \/>\n\t<meta property=\"og:image:width\" content=\"714\" \/>\n\t<meta property=\"og:image:height\" content=\"400\" \/>\n\t<meta property=\"og:image:type\" content=\"image\/png\" \/>\n<meta name=\"author\" content=\"LA REDACTION\" \/>\n<meta name=\"twitter:card\" content=\"summary_large_image\" \/>\n<meta name=\"twitter:label1\" content=\"\u00c9crit par\" \/>\n\t<meta name=\"twitter:data1\" content=\"LA REDACTION\" \/>\n\t<meta name=\"twitter:label2\" content=\"Dur\u00e9e de lecture estim\u00e9e\" \/>\n\t<meta name=\"twitter:data2\" content=\"2 minutes\" \/>\n<script type=\"application\/ld+json\" class=\"yoast-schema-graph\">{\"@context\":\"https:\/\/schema.org\",\"@graph\":[{\"@type\":\"Article\",\"@id\":\"https:\/\/www.public.sn\/index.php\/2026\/03\/05\/lutte-le-choc-balla-gaye-2-franc-paralyse-par-une-guerre-de-promoteurs\/#article\",\"isPartOf\":{\"@id\":\"https:\/\/www.public.sn\/index.php\/2026\/03\/05\/lutte-le-choc-balla-gaye-2-franc-paralyse-par-une-guerre-de-promoteurs\/\"},\"author\":{\"name\":\"LA REDACTION\",\"@id\":\"https:\/\/www.public.sn\/#\/schema\/person\/cb76c8e1b8becc6be61fb5e92d6d0224\"},\"headline\":\"Lutte : le choc\u00a0Balla Gaye 2\u00a0\u2013\u00a0Franc\u00a0paralys\u00e9 par une guerre de promoteurs.\",\"datePublished\":\"2026-03-05T14:08:15+00:00\",\"dateModified\":\"2026-03-05T14:08:29+00:00\",\"mainEntityOfPage\":{\"@id\":\"https:\/\/www.public.sn\/index.php\/2026\/03\/05\/lutte-le-choc-balla-gaye-2-franc-paralyse-par-une-guerre-de-promoteurs\/\"},\"wordCount\":331,\"commentCount\":0,\"publisher\":{\"@id\":\"https:\/\/www.public.sn\/#organization\"},\"image\":{\"@id\":\"https:\/\/www.public.sn\/index.php\/2026\/03\/05\/lutte-le-choc-balla-gaye-2-franc-paralyse-par-une-guerre-de-promoteurs\/#primaryimage\"},\"thumbnailUrl\":\"https:\/\/www.public.sn\/wp-content\/uploads\/2026\/03\/Capture-decran-2026-03-05-a-14.04.56.png\",\"keywords\":[\"balla gaye 2\",\"Franc\",\"Lutte\"],\"articleSection\":[\"ACTUALIT\u00c9S\",\"LUTTE S\u00c9N\u00c9GALAISE\",\"SPORTS\"],\"inLanguage\":\"fr-FR\",\"potentialAction\":[{\"@type\":\"CommentAction\",\"name\":\"Comment\",\"target\":[\"https:\/\/www.public.sn\/index.php\/2026\/03\/05\/lutte-le-choc-balla-gaye-2-franc-paralyse-par-une-guerre-de-promoteurs\/#respond\"]}]},{\"@type\":\"WebPage\",\"@id\":\"https:\/\/www.public.sn\/index.php\/2026\/03\/05\/lutte-le-choc-balla-gaye-2-franc-paralyse-par-une-guerre-de-promoteurs\/\",\"url\":\"https:\/\/www.public.sn\/index.php\/2026\/03\/05\/lutte-le-choc-balla-gaye-2-franc-paralyse-par-une-guerre-de-promoteurs\/\",\"name\":\"Lutte : le choc\u00a0Balla Gaye 2\u00a0\u2013\u00a0Franc\u00a0paralys\u00e9 par une guerre de promoteurs. - LE PUBLIC\",\"isPartOf\":{\"@id\":\"https:\/\/www.public.sn\/#website\"},\"primaryImageOfPage\":{\"@id\":\"https:\/\/www.public.sn\/index.php\/2026\/03\/05\/lutte-le-choc-balla-gaye-2-franc-paralyse-par-une-guerre-de-promoteurs\/#primaryimage\"},\"image\":{\"@id\":\"https:\/\/www.public.sn\/index.php\/2026\/03\/05\/lutte-le-choc-balla-gaye-2-franc-paralyse-par-une-guerre-de-promoteurs\/#primaryimage\"},\"thumbnailUrl\":\"https:\/\/www.public.sn\/wp-content\/uploads\/2026\/03\/Capture-decran-2026-03-05-a-14.04.56.png\",\"datePublished\":\"2026-03-05T14:08:15+00:00\",\"dateModified\":\"2026-03-05T14:08:29+00:00\",\"breadcrumb\":{\"@id\":\"https:\/\/www.public.sn\/index.php\/2026\/03\/05\/lutte-le-choc-balla-gaye-2-franc-paralyse-par-une-guerre-de-promoteurs\/#breadcrumb\"},\"inLanguage\":\"fr-FR\",\"potentialAction\":[{\"@type\":\"ReadAction\",\"target\":[\"https:\/\/www.public.sn\/index.php\/2026\/03\/05\/lutte-le-choc-balla-gaye-2-franc-paralyse-par-une-guerre-de-promoteurs\/\"]}]},{\"@type\":\"ImageObject\",\"inLanguage\":\"fr-FR\",\"@id\":\"https:\/\/www.public.sn\/index.php\/2026\/03\/05\/lutte-le-choc-balla-gaye-2-franc-paralyse-par-une-guerre-de-promoteurs\/#primaryimage\",\"url\":\"https:\/\/www.public.sn\/wp-content\/uploads\/2026\/03\/Capture-decran-2026-03-05-a-14.04.56.png\",\"contentUrl\":\"https:\/\/www.public.sn\/wp-content\/uploads\/2026\/03\/Capture-decran-2026-03-05-a-14.04.56.png\",\"width\":714,\"height\":400},{\"@type\":\"BreadcrumbList\",\"@id\":\"https:\/\/www.public.sn\/index.php\/2026\/03\/05\/lutte-le-choc-balla-gaye-2-franc-paralyse-par-une-guerre-de-promoteurs\/#breadcrumb\",\"itemListElement\":[{\"@type\":\"ListItem\",\"position\":1,\"name\":\"Accueil\",\"item\":\"https:\/\/www.public.sn\/\"},{\"@type\":\"ListItem\",\"position\":2,\"name\":\"Lutte : le choc\u00a0Balla Gaye 2\u00a0\u2013\u00a0Franc\u00a0paralys\u00e9 par une guerre de promoteurs.\"}]},{\"@type\":\"WebSite\",\"@id\":\"https:\/\/www.public.sn\/#website\",\"url\":\"https:\/\/www.public.sn\/\",\"name\":\"LE PUBLIC\",\"description\":\"\",\"publisher\":{\"@id\":\"https:\/\/www.public.sn\/#organization\"},\"potentialAction\":[{\"@type\":\"SearchAction\",\"target\":{\"@type\":\"EntryPoint\",\"urlTemplate\":\"https:\/\/www.public.sn\/?s={search_term_string}\"},\"query-input\":{\"@type\":\"PropertyValueSpecification\",\"valueRequired\":true,\"valueName\":\"search_term_string\"}}],\"inLanguage\":\"fr-FR\"},{\"@type\":\"Organization\",\"@id\":\"https:\/\/www.public.sn\/#organization\",\"name\":\"LE PUBLIC\",\"url\":\"https:\/\/www.public.sn\/\",\"logo\":{\"@type\":\"ImageObject\",\"inLanguage\":\"fr-FR\",\"@id\":\"https:\/\/www.public.sn\/#\/schema\/logo\/image\/\",\"url\":\"https:\/\/www.public.sn\/wp-content\/uploads\/2024\/05\/cropped-LOGO-PUBLIC.SN_.png\",\"contentUrl\":\"https:\/\/www.public.sn\/wp-content\/uploads\/2024\/05\/cropped-LOGO-PUBLIC.SN_.png\",\"width\":682,\"height\":192,\"caption\":\"LE PUBLIC\"},\"image\":{\"@id\":\"https:\/\/www.public.sn\/#\/schema\/logo\/image\/\"}},{\"@type\":\"Person\",\"@id\":\"https:\/\/www.public.sn\/#\/schema\/person\/cb76c8e1b8becc6be61fb5e92d6d0224\",\"name\":\"LA REDACTION\",\"image\":{\"@type\":\"ImageObject\",\"inLanguage\":\"fr-FR\",\"@id\":\"https:\/\/www.public.sn\/#\/schema\/person\/image\/\",\"url\":\"https:\/\/secure.gravatar.com\/avatar\/2dce5ddd34b8fef0180efe03aa2a9bee7d953856048f9a16b298190a3178407c?s=96&d=mm&r=g\",\"contentUrl\":\"https:\/\/secure.gravatar.com\/avatar\/2dce5ddd34b8fef0180efe03aa2a9bee7d953856048f9a16b298190a3178407c?s=96&d=mm&r=g\",\"caption\":\"LA REDACTION\"},\"url\":\"https:\/\/www.public.sn\/index.php\/author\/editeurpsn\/\"}]}<\/script>\n<!-- \/ Yoast SEO plugin. -->","yoast_head_json":{"title":"Lutte : le choc\u00a0Balla Gaye 2\u00a0\u2013\u00a0Franc\u00a0paralys\u00e9 par une guerre de promoteurs. - LE PUBLIC","robots":{"index":"index","follow":"follow","max-snippet":"max-snippet:-1","max-image-preview":"max-image-preview:large","max-video-preview":"max-video-preview:-1"},"canonical":"https:\/\/www.public.sn\/index.php\/2026\/03\/05\/lutte-le-choc-balla-gaye-2-franc-paralyse-par-une-guerre-de-promoteurs\/","og_locale":"fr_FR","og_type":"article","og_title":"Lutte : le choc\u00a0Balla Gaye 2\u00a0\u2013\u00a0Franc\u00a0paralys\u00e9 par une guerre de promoteurs. - LE PUBLIC","og_description":"Tr\u00e8s attendu par les amateurs de lutte, le combat entre&nbsp;Balla Gaye 2&nbsp;et&nbsp;Franc&nbsp;pourrait finalement ne pas avoir lieu. En cause : une rivalit\u00e9 entre promoteurs qui complique s\u00e9rieusement l\u2019organisation de cette affiche all\u00e9chante. Le promoteur&nbsp;Baye Ndiaye&nbsp;s\u2019est pourtant engag\u00e9 \u00e0 organiser le prochain combat du \u00ab Lion de Gu\u00e9diawaye \u00bb avant la fin de la saison. Le patron de&nbsp;Albourakh Events&nbsp;assure que son lutteur fera bien son retour dans l\u2019ar\u00e8ne, m\u00eame si le duel face \u00e0 Franc semble, pour l\u2019instant, difficile \u00e0 concr\u00e9tiser. \u00c0 l\u2019origine de ce blocage : un bras de fer entre promoteurs. D\u2019un c\u00f4t\u00e9, Baye Ndiaye, fr\u00e8re de l\u2019ancien promoteur&nbsp;Aziz Ndiaye, qui g\u00e8re les combats de Balla Gaye 2. De l\u2019autre,&nbsp;Mansour Ba, PDG de&nbsp;Jambaar Productions, d\u00e9tenteur des combats de Franc, surnomm\u00e9 \u00ab Ndiago Or \u00bb. Le lutteur de Jambaar Productions a d\u2019ailleurs d\u00e9j\u00e0 sign\u00e9 deux combats avec la structure pour la saison 2025-2026. Le premier a \u00e9t\u00e9 disput\u00e9 face \u00e0&nbsp;Tapha Tine. Dans ce contexte, la tenue du duel Balla Gaye 2\u2013Franc para\u00eet de plus en plus incertaine, d\u2019autant que Baye Ndiaye a \u00e9cart\u00e9 toute possibilit\u00e9 de coproduction avec Jambaar Productions. Malgr\u00e9 tout, le promoteur se veut rassurant pour les supporters de son poulain. Selon lui, plusieurs adversaires de taille sont pr\u00eats \u00e0 croiser le fer avec Balla Gaye 2 si l\u2019affiche contre Franc tombe \u00e0 l\u2019eau. \u00ab Cette saison, c\u2019est moi qui vais organiser le combat de Balla Gaye. Si ce n\u2019est pas contre Franc, ce sera contre&nbsp;Ada Fass,&nbsp;Tapha Tine&nbsp;ou m\u00eame&nbsp;Talfa. D\u2019ailleurs, le staff de Tapha Tine m\u2019a appel\u00e9 pour me dire que leur lutteur est pr\u00eat pour une troisi\u00e8me confrontation avec Balla Gaye \u00bb, a-t-il d\u00e9clar\u00e9 sur&nbsp;Lutte TV.","og_url":"https:\/\/www.public.sn\/index.php\/2026\/03\/05\/lutte-le-choc-balla-gaye-2-franc-paralyse-par-une-guerre-de-promoteurs\/","og_site_name":"LE PUBLIC","article_published_time":"2026-03-05T14:08:15+00:00","article_modified_time":"2026-03-05T14:08:29+00:00","og_image":[{"width":714,"height":400,"url":"https:\/\/www.public.sn\/wp-content\/uploads\/2026\/03\/Capture-decran-2026-03-05-a-14.04.56.png","type":"image\/png"}],"author":"LA REDACTION","twitter_card":"summary_large_image","twitter_misc":{"\u00c9crit par":"LA REDACTION","Dur\u00e9e de lecture estim\u00e9e":"2 minutes"},"schema":{"@context":"https:\/\/schema.org","@graph":[{"@type":"Article","@id":"https:\/\/www.public.sn\/index.php\/2026\/03\/05\/lutte-le-choc-balla-gaye-2-franc-paralyse-par-une-guerre-de-promoteurs\/#article","isPartOf":{"@id":"https:\/\/www.public.sn\/index.php\/2026\/03\/05\/lutte-le-choc-balla-gaye-2-franc-paralyse-par-une-guerre-de-promoteurs\/"},"author":{"name":"LA REDACTION","@id":"https:\/\/www.public.sn\/#\/schema\/person\/cb76c8e1b8becc6be61fb5e92d6d0224"},"headline":"Lutte : le choc\u00a0Balla Gaye 2\u00a0\u2013\u00a0Franc\u00a0paralys\u00e9 par une guerre de promoteurs.","datePublished":"2026-03-05T14:08:15+00:00","dateModified":"2026-03-05T14:08:29+00:00","mainEntityOfPage":{"@id":"https:\/\/www.public.sn\/index.php\/2026\/03\/05\/lutte-le-choc-balla-gaye-2-franc-paralyse-par-une-guerre-de-promoteurs\/"},"wordCount":331,"commentCount":0,"publisher":{"@id":"https:\/\/www.public.sn\/#organization"},"image":{"@id":"https:\/\/www.public.sn\/index.php\/2026\/03\/05\/lutte-le-choc-balla-gaye-2-franc-paralyse-par-une-guerre-de-promoteurs\/#primaryimage"},"thumbnailUrl":"https:\/\/www.public.sn\/wp-content\/uploads\/2026\/03\/Capture-decran-2026-03-05-a-14.04.56.png","keywords":["balla gaye 2","Franc","Lutte"],"articleSection":["ACTUALIT\u00c9S","LUTTE S\u00c9N\u00c9GALAISE","SPORTS"],"inLanguage":"fr-FR","potentialAction":[{"@type":"CommentAction","name":"Comment","target":["https:\/\/www.public.sn\/index.php\/2026\/03\/05\/lutte-le-choc-balla-gaye-2-franc-paralyse-par-une-guerre-de-promoteurs\/#respond"]}]},{"@type":"WebPage","@id":"https:\/\/www.public.sn\/index.php\/2026\/03\/05\/lutte-le-choc-balla-gaye-2-franc-paralyse-par-une-guerre-de-promoteurs\/","url":"https:\/\/www.public.sn\/index.php\/2026\/03\/05\/lutte-le-choc-balla-gaye-2-franc-paralyse-par-une-guerre-de-promoteurs\/","name":"Lutte : le choc\u00a0Balla Gaye 2\u00a0\u2013\u00a0Franc\u00a0paralys\u00e9 par une guerre de promoteurs. - LE PUBLIC","isPartOf":{"@id":"https:\/\/www.public.sn\/#website"},"primaryImageOfPage":{"@id":"https:\/\/www.public.sn\/index.php\/2026\/03\/05\/lutte-le-choc-balla-gaye-2-franc-paralyse-par-une-guerre-de-promoteurs\/#primaryimage"},"image":{"@id":"https:\/\/www.public.sn\/index.php\/2026\/03\/05\/lutte-le-choc-balla-gaye-2-franc-paralyse-par-une-guerre-de-promoteurs\/#primaryimage"},"thumbnailUrl":"https:\/\/www.public.sn\/wp-content\/uploads\/2026\/03\/Capture-decran-2026-03-05-a-14.04.56.png","datePublished":"2026-03-05T14:08:15+00:00","dateModified":"2026-03-05T14:08:29+00:00","breadcrumb":{"@id":"https:\/\/www.public.sn\/index.php\/2026\/03\/05\/lutte-le-choc-balla-gaye-2-franc-paralyse-par-une-guerre-de-promoteurs\/#breadcrumb"},"inLanguage":"fr-FR","potentialAction":[{"@type":"ReadAction","target":["https:\/\/www.public.sn\/index.php\/2026\/03\/05\/lutte-le-choc-balla-gaye-2-franc-paralyse-par-une-guerre-de-promoteurs\/"]}]},{"@type":"ImageObject","inLanguage":"fr-FR","@id":"https:\/\/www.public.sn\/index.php\/2026\/03\/05\/lutte-le-choc-balla-gaye-2-franc-paralyse-par-une-guerre-de-promoteurs\/#primaryimage","url":"https:\/\/www.public.sn\/wp-content\/uploads\/2026\/03\/Capture-decran-2026-03-05-a-14.04.56.png","contentUrl":"https:\/\/www.public.sn\/wp-content\/uploads\/2026\/03\/Capture-decran-2026-03-05-a-14.04.56.png","width":714,"height":400},{"@type":"BreadcrumbList","@id":"https:\/\/www.public.sn\/index.php\/2026\/03\/05\/lutte-le-choc-balla-gaye-2-franc-paralyse-par-une-guerre-de-promoteurs\/#breadcrumb","itemListElement":[{"@type":"ListItem","position":1,"name":"Accueil","item":"https:\/\/www.public.sn\/"},{"@type":"ListItem","position":2,"name":"Lutte : le choc\u00a0Balla Gaye 2\u00a0\u2013\u00a0Franc\u00a0paralys\u00e9 par une guerre de promoteurs."}]},{"@type":"WebSite","@id":"https:\/\/www.public.sn\/#website","url":"https:\/\/www.public.sn\/","name":"LE PUBLIC","description":"","publisher":{"@id":"https:\/\/www.public.sn\/#organization"},"potentialAction":[{"@type":"SearchAction","target":{"@type":"EntryPoint","urlTemplate":"https:\/\/www.public.sn\/?s={search_term_string}"},"query-input":{"@type":"PropertyValueSpecification","valueRequired":true,"valueName":"search_term_string"}}],"inLanguage":"fr-FR"},{"@type":"Organization","@id":"https:\/\/www.public.sn\/#organization","name":"LE PUBLIC","url":"https:\/\/www.public.sn\/","logo":{"@type":"ImageObject","inLanguage":"fr-FR","@id":"https:\/\/www.public.sn\/#\/schema\/logo\/image\/","url":"https:\/\/www.public.sn\/wp-content\/uploads\/2024\/05\/cropped-LOGO-PUBLIC.SN_.png","contentUrl":"https:\/\/www.public.sn\/wp-content\/uploads\/2024\/05\/cropped-LOGO-PUBLIC.SN_.png","width":682,"height":192,"caption":"LE PUBLIC"},"image":{"@id":"https:\/\/www.public.sn\/#\/schema\/logo\/image\/"}},{"@type":"Person","@id":"https:\/\/www.public.sn\/#\/schema\/person\/cb76c8e1b8becc6be61fb5e92d6d0224","name":"LA REDACTION","image":{"@type":"ImageObject","inLanguage":"fr-FR","@id":"https:\/\/www.public.sn\/#\/schema\/person\/image\/","url":"https:\/\/secure.gravatar.com\/avatar\/2dce5ddd34b8fef0180efe03aa2a9bee7d953856048f9a16b298190a3178407c?s=96&d=mm&r=g","contentUrl":"https:\/\/secure.gravatar.com\/avatar\/2dce5ddd34b8fef0180efe03aa2a9bee7d953856048f9a16b298190a3178407c?s=96&d=mm&r=g","caption":"LA REDACTION"},"url":"https:\/\/www.public.sn\/index.php\/author\/editeurpsn\/"}]}},"jetpack_featured_media_url":"https:\/\/www.public.sn\/wp-content\/uploads\/2026\/03\/Capture-decran-2026-03-05-a-14.04.56.png","jetpack_sharing_enabled":true,"_links":{"self":[{"href":"https:\/\/www.public.sn\/index.php\/wp-json\/wp\/v2\/posts\/39411","targetHints":{"allow":["GET"]}}],"collection":[{"href":"https:\/\/www.public.sn\/index.php\/wp-json\/wp\/v2\/posts"}],"about":[{"href":"https:\/\/www.public.sn\/index.php\/wp-json\/wp\/v2\/types\/post"}],"author":[{"embeddable":true,"href":"https:\/\/www.public.sn\/index.php\/wp-json\/wp\/v2\/users\/7"}],"replies":[{"embeddable":true,"href":"https:\/\/www.public.sn\/index.php\/wp-json\/wp\/v2\/comments?post=39411"}],"version-history":[{"count":1,"href":"https:\/\/www.public.sn\/index.php\/wp-json\/wp\/v2\/posts\/39411\/revisions"}],"predecessor-version":[{"id":39414,"href":"https:\/\/www.public.sn\/index.php\/wp-json\/wp\/v2\/posts\/39411\/revisions\/39414"}],"wp:featuredmedia":[{"embeddable":true,"href":"https:\/\/www.public.sn\/index.php\/wp-json\/wp\/v2\/media\/39413"}],"wp:attachment":[{"href":"https:\/\/www.public.sn\/index.php\/wp-json\/wp\/v2\/media?parent=39411"}],"wp:term":[{"taxonomy":"category","embeddable":true,"href":"https:\/\/www.public.sn\/index.php\/wp-json\/wp\/v2\/categories?post=39411"},{"taxonomy":"post_tag","embeddable":true,"href":"https:\/\/www.public.sn\/index.php\/wp-json\/wp\/v2\/tags?post=39411"}],"curies":[{"name":"wp","href":"https:\/\/api.w.org\/{rel}","templated":true}]}}