{"id":39421,"date":"2026-03-05T15:26:10","date_gmt":"2026-03-05T15:26:10","guid":{"rendered":"https:\/\/www.public.sn\/?p=39421"},"modified":"2026-03-05T15:26:20","modified_gmt":"2026-03-05T15:26:20","slug":"affaire-softcare-le-ministre-de-la-sante-remet-larp-a-sa-place","status":"publish","type":"post","link":"https:\/\/www.public.sn\/index.php\/2026\/03\/05\/affaire-softcare-le-ministre-de-la-sante-remet-larp-a-sa-place\/","title":{"rendered":"Affaire Softcare : le ministre de la Sant\u00e9 remet l\u2019ARP \u00e0 sa place"},"content":{"rendered":"\n<p>Lors d\u2019une conf\u00e9rence de presse tenue ce jeudi 5 mars 2026, le ministre de la Sant\u00e9 et de l\u2019Hygi\u00e8ne publique,&nbsp;Ibrahima Sy, a assur\u00e9 que les serviettes hygi\u00e9niques et les couches pour b\u00e9b\u00e9s de la marque&nbsp;Softcare&nbsp;<strong>ne pr\u00e9sentent aucun risque sanitaire pour les consommateurs<\/strong>.<\/p><div class=\"publi-paragraphe1\" style=\"margin-top: 10px;margin-bottom: 10px;margin-left: auto;margin-right: auto;text-align: center;\" id=\"publi-3004132773\"><div class=\"publi-adlabel\">Publicit\u00e9<\/div><script async src=\"\/\/pagead2.googlesyndication.com\/pagead\/js\/adsbygoogle.js?client=ca-pub-4089586018074219\" crossorigin=\"anonymous\"><\/script><ins class=\"adsbygoogle\" style=\"display:block;\" data-ad-client=\"ca-pub-4089586018074219\" \ndata-ad-slot=\"2087940154\" \ndata-ad-format=\"auto\"><\/ins>\n<script> \n(adsbygoogle = window.adsbygoogle || []).push({}); \n<\/script>\n<\/div>\n\n\n\n<p>Cette sortie \u00e9tait tr\u00e8s attendue apr\u00e8s l\u2019alerte lanc\u00e9e d\u00e9but d\u00e9cembre 2025 par l\u2019Agence s\u00e9n\u00e9galaise de r\u00e9glementation pharmaceutique. L\u2019agence avait alors \u00e9voqu\u00e9 la possible pr\u00e9sence de&nbsp;<strong>mati\u00e8res premi\u00e8res p\u00e9rim\u00e9es<\/strong>&nbsp;dans la fabrication de produits destin\u00e9s aux nourrissons et aux femmes, provoquant une vive inqui\u00e9tude au sein des familles. Un retrait des produits du march\u00e9 avait m\u00eame \u00e9t\u00e9 envisag\u00e9 avant que l\u2019ARP ne suspende sa d\u00e9cision dans l\u2019attente d\u2019investigations compl\u00e9mentaires.<\/p>\n\n\n\n<h3 class=\"wp-block-heading\">Une enqu\u00eate approfondie du minist\u00e8re<\/h3>\n\n\n\n<p>Pour faire la lumi\u00e8re sur cette affaire, le minist\u00e8re de la Sant\u00e9 a ordonn\u00e9&nbsp;<strong>une enqu\u00eate interne approfondie<\/strong>, men\u00e9e avec l\u2019appui d\u2019un comit\u00e9 ad hoc interinstitutionnel. Ce comit\u00e9 regroupait des repr\u00e9sentants de l\u2019Assembl\u00e9e nationale du S\u00e9n\u00e9gal, du minist\u00e8re de la Sant\u00e9 ainsi que du minist\u00e8re de l\u2019Industrie et du Commerce.<\/p>\n\n\n\n<p>Les experts ont proc\u00e9d\u00e9 \u00e0 des&nbsp;<strong>analyses documentaires, des auditions et une inspection d\u00e9taill\u00e9e du site de production<\/strong>.<\/p>\n\n\n\n<p>Selon les conclusions pr\u00e9sent\u00e9es par le Dr Sy,&nbsp;<strong>aucune preuve scientifique ne d\u00e9montre l\u2019utilisation effective de mati\u00e8res premi\u00e8res p\u00e9rim\u00e9es<\/strong>&nbsp;dans la fabrication des produits commercialis\u00e9s.<\/p>\n\n\n\n<p>L\u2019enqu\u00eate r\u00e9v\u00e8le notamment que la mati\u00e8re incrimin\u00e9e \u2014 un&nbsp;<strong>film en poly\u00e9thyl\u00e8ne perfor\u00e9<\/strong>&nbsp;\u2014 n\u2019a jamais \u00e9t\u00e9 int\u00e9gr\u00e9e dans la cha\u00eene de production, car ses dimensions ne correspondaient pas aux sp\u00e9cifications techniques utilis\u00e9es par l\u2019usine. Les donn\u00e9es de production et de commercialisation examin\u00e9es&nbsp;<strong>ne montrent aucune trace de produits fabriqu\u00e9s \u00e0 partir de ce lot obsol\u00e8te<\/strong>.<\/p>\n\n\n\n<h3 class=\"wp-block-heading\">Des irr\u00e9gularit\u00e9s administratives, mais pas de danger sanitaire<\/h3>\n\n\n\n<p>Le rapport souligne toutefois&nbsp;<strong>un manquement dans la gestion du stockage<\/strong>&nbsp;de l\u2019entreprise, li\u00e9 \u00e0 la pr\u00e9sence physique de mati\u00e8res p\u00e9rim\u00e9es dans l\u2019enceinte de l\u2019usine. Mais aucune preuve d\u2019utilisation frauduleuse n\u2019a \u00e9t\u00e9 \u00e9tablie.<\/p>\n\n\n\n<p>Le ministre a \u00e9galement indiqu\u00e9 que&nbsp;<strong>des analyses ind\u00e9pendantes r\u00e9alis\u00e9es dans un laboratoire de r\u00e9f\u00e9rence en Allemagne<\/strong>&nbsp;ont confirm\u00e9 la conformit\u00e9 des produits Softcare aux standards internationaux.<\/p>\n\n\n\n<p>\u00c0 ce jour,&nbsp;<strong>aucune alerte de mat\u00e9riovigilance ni \u00e9tude \u00e9pid\u00e9miologique<\/strong>&nbsp;ne permet d\u2019\u00e9tablir un lien entre ces produits et un risque sanitaire pour les utilisateurs.<\/p>\n\n\n\n<h3 class=\"wp-block-heading\">L\u2019ARP point\u00e9e du doigt<\/h3>\n\n\n\n<p>Les conclusions du comit\u00e9 mettent aussi en \u00e9vidence&nbsp;<strong>plusieurs failles dans la proc\u00e9dure d\u2019inspection de l\u2019ARP<\/strong>. Le ministre a notamment d\u00e9plor\u00e9 :<\/p>\n\n\n\n<ul class=\"wp-block-list\">\n<li>l\u2019absence de\u00a0<strong>pr\u00e9l\u00e8vements d\u2019\u00e9chantillons<\/strong>\u00a0au moment de l\u2019alerte,<\/li>\n\n\n\n<li>des\u00a0<strong>incoh\u00e9rences dans les rapports d\u2019inspection<\/strong>,<\/li>\n\n\n\n<li>et une\u00a0<strong>d\u00e9cision de retrait jug\u00e9e disproportionn\u00e9e<\/strong>, prise sans tests pr\u00e9alables sur les produits finis.<\/li>\n<\/ul>\n\n\n\n<h3 class=\"wp-block-heading\">Vers un renforcement du cadre r\u00e9glementaire<\/h3>\n\n\n\n<p>En conclusion,&nbsp;Ibrahima Sy&nbsp;a r\u00e9affirm\u00e9 que&nbsp;<strong>les produits Softcare actuellement sur le march\u00e9 sont s\u00fbrs pour les consommateurs<\/strong>.<\/p>\n\n\n\n<p>Le ministre a toutefois insist\u00e9 sur la n\u00e9cessit\u00e9 de&nbsp;<strong>renforcer le cadre r\u00e9glementaire encadrant l\u2019inspection des produits d\u2019hygi\u00e8ne au S\u00e9n\u00e9gal<\/strong>, afin que les d\u00e9cisions futures reposent davantage sur&nbsp;<strong>la rigueur scientifique plut\u00f4t que sur l\u2019\u00e9motion<\/strong>.<\/p>\n<div class=\"publi-apres-le-contenu\" style=\"margin-top: 10px;margin-bottom: 10px;margin-left: auto;margin-right: auto;text-align: center;\" id=\"publi-2695511725\"><div class=\"publi-adlabel\">Publicit\u00e9<\/div><script async src=\"\/\/pagead2.googlesyndication.com\/pagead\/js\/adsbygoogle.js?client=ca-pub-4089586018074219\" crossorigin=\"anonymous\"><\/script><ins class=\"adsbygoogle\" style=\"display:block;\" data-ad-client=\"ca-pub-4089586018074219\" \ndata-ad-slot=\"2087940154\" \ndata-ad-format=\"auto\"><\/ins>\n<script> \n(adsbygoogle = window.adsbygoogle || []).push({}); \n<\/script>\n<\/div>","protected":false},"excerpt":{"rendered":"<p>Lors d\u2019une conf\u00e9rence de presse tenue ce jeudi 5 mars 2026, le ministre de la Sant\u00e9 et de l\u2019Hygi\u00e8ne publique,&nbsp;Ibrahima Sy, a assur\u00e9 que les serviettes hygi\u00e9niques et les couches pour b\u00e9b\u00e9s de la marque&nbsp;Softcare&nbsp;ne pr\u00e9sentent aucun risque sanitaire pour les consommateurs. Cette sortie \u00e9tait tr\u00e8s attendue apr\u00e8s l\u2019alerte lanc\u00e9e d\u00e9but d\u00e9cembre 2025 par l\u2019Agence s\u00e9n\u00e9galaise de r\u00e9glementation pharmaceutique. L\u2019agence avait alors \u00e9voqu\u00e9 la possible pr\u00e9sence de&nbsp;mati\u00e8res premi\u00e8res p\u00e9rim\u00e9es&nbsp;dans la fabrication de produits destin\u00e9s aux nourrissons et aux femmes, provoquant une vive inqui\u00e9tude au sein des familles. Un retrait des produits du march\u00e9 avait m\u00eame \u00e9t\u00e9 envisag\u00e9 avant que l\u2019ARP ne suspende sa d\u00e9cision dans l\u2019attente d\u2019investigations compl\u00e9mentaires. Une enqu\u00eate approfondie du minist\u00e8re Pour faire la lumi\u00e8re sur cette affaire, le minist\u00e8re de la Sant\u00e9 a ordonn\u00e9&nbsp;une enqu\u00eate interne approfondie, men\u00e9e avec l\u2019appui d\u2019un comit\u00e9 ad hoc interinstitutionnel. Ce comit\u00e9 regroupait des repr\u00e9sentants de l\u2019Assembl\u00e9e nationale du S\u00e9n\u00e9gal, du minist\u00e8re de la Sant\u00e9 ainsi que du minist\u00e8re de l\u2019Industrie et du Commerce. Les experts ont proc\u00e9d\u00e9 \u00e0 des&nbsp;analyses documentaires, des auditions et une inspection d\u00e9taill\u00e9e du site de production. Selon les conclusions pr\u00e9sent\u00e9es par le Dr Sy,&nbsp;aucune preuve scientifique ne d\u00e9montre l\u2019utilisation effective de mati\u00e8res premi\u00e8res p\u00e9rim\u00e9es&nbsp;dans la fabrication des produits commercialis\u00e9s. L\u2019enqu\u00eate r\u00e9v\u00e8le notamment que la mati\u00e8re incrimin\u00e9e \u2014 un&nbsp;film en poly\u00e9thyl\u00e8ne perfor\u00e9&nbsp;\u2014 n\u2019a jamais \u00e9t\u00e9 int\u00e9gr\u00e9e dans la cha\u00eene de production, car ses dimensions ne correspondaient pas aux sp\u00e9cifications techniques utilis\u00e9es par l\u2019usine. Les donn\u00e9es de production et de commercialisation examin\u00e9es&nbsp;ne montrent aucune trace de produits fabriqu\u00e9s \u00e0 partir de ce lot obsol\u00e8te. Des irr\u00e9gularit\u00e9s administratives, mais pas de danger sanitaire Le rapport souligne toutefois&nbsp;un manquement dans la gestion du stockage&nbsp;de l\u2019entreprise, li\u00e9 \u00e0 la pr\u00e9sence physique de mati\u00e8res p\u00e9rim\u00e9es dans l\u2019enceinte de l\u2019usine. Mais aucune preuve d\u2019utilisation frauduleuse n\u2019a \u00e9t\u00e9 \u00e9tablie. Le ministre a \u00e9galement indiqu\u00e9 que&nbsp;des analyses ind\u00e9pendantes r\u00e9alis\u00e9es dans un laboratoire de r\u00e9f\u00e9rence en Allemagne&nbsp;ont confirm\u00e9 la conformit\u00e9 des produits Softcare aux standards internationaux. \u00c0 ce jour,&nbsp;aucune alerte de mat\u00e9riovigilance ni \u00e9tude \u00e9pid\u00e9miologique&nbsp;ne permet d\u2019\u00e9tablir un lien entre ces produits et un risque sanitaire pour les utilisateurs. L\u2019ARP point\u00e9e du doigt Les conclusions du comit\u00e9 mettent aussi en \u00e9vidence&nbsp;plusieurs failles dans la proc\u00e9dure d\u2019inspection de l\u2019ARP. Le ministre a notamment d\u00e9plor\u00e9 : Vers un renforcement du cadre r\u00e9glementaire En conclusion,&nbsp;Ibrahima Sy&nbsp;a r\u00e9affirm\u00e9 que&nbsp;les produits Softcare actuellement sur le march\u00e9 sont s\u00fbrs pour les consommateurs. Le ministre a toutefois insist\u00e9 sur la n\u00e9cessit\u00e9 de&nbsp;renforcer le cadre r\u00e9glementaire encadrant l\u2019inspection des produits d\u2019hygi\u00e8ne au S\u00e9n\u00e9gal, afin que les d\u00e9cisions futures reposent davantage sur&nbsp;la rigueur scientifique plut\u00f4t que sur l\u2019\u00e9motion.<\/p>\n","protected":false},"author":7,"featured_media":39422,"comment_status":"open","ping_status":"open","sticky":false,"template":"","format":"standard","meta":{"_jetpack_memberships_contains_paid_content":false,"footnotes":""},"categories":[375,1574],"tags":[8262,8261,8260],"class_list":["post-39421","post","type-post","status-publish","format-standard","has-post-thumbnail","hentry","category-actualites","category-sante","tag-arp","tag-ministre-de-la-sante","tag-softcare","entry","has-media","owp-thumbs-layout-horizontal","owp-btn-normal","owp-tabs-layout-horizontal","has-no-thumbnails","has-product-nav"],"yoast_head":"<!-- This site is optimized with the Yoast SEO plugin v25.5 - https:\/\/yoast.com\/wordpress\/plugins\/seo\/ -->\n<title>Affaire Softcare : le ministre de la Sant\u00e9 remet l\u2019ARP \u00e0 sa place - LE PUBLIC<\/title>\n<meta name=\"robots\" content=\"index, follow, max-snippet:-1, max-image-preview:large, max-video-preview:-1\" \/>\n<link rel=\"canonical\" href=\"https:\/\/www.public.sn\/index.php\/2026\/03\/05\/affaire-softcare-le-ministre-de-la-sante-remet-larp-a-sa-place\/\" \/>\n<meta property=\"og:locale\" content=\"fr_FR\" \/>\n<meta property=\"og:type\" content=\"article\" \/>\n<meta property=\"og:title\" content=\"Affaire Softcare : le ministre de la Sant\u00e9 remet l\u2019ARP \u00e0 sa place - LE PUBLIC\" \/>\n<meta property=\"og:description\" content=\"Lors d\u2019une conf\u00e9rence de presse tenue ce jeudi 5 mars 2026, le ministre de la Sant\u00e9 et de l\u2019Hygi\u00e8ne publique,&nbsp;Ibrahima Sy, a assur\u00e9 que les serviettes hygi\u00e9niques et les couches pour b\u00e9b\u00e9s de la marque&nbsp;Softcare&nbsp;ne pr\u00e9sentent aucun risque sanitaire pour les consommateurs. Cette sortie \u00e9tait tr\u00e8s attendue apr\u00e8s l\u2019alerte lanc\u00e9e d\u00e9but d\u00e9cembre 2025 par l\u2019Agence s\u00e9n\u00e9galaise de r\u00e9glementation pharmaceutique. L\u2019agence avait alors \u00e9voqu\u00e9 la possible pr\u00e9sence de&nbsp;mati\u00e8res premi\u00e8res p\u00e9rim\u00e9es&nbsp;dans la fabrication de produits destin\u00e9s aux nourrissons et aux femmes, provoquant une vive inqui\u00e9tude au sein des familles. Un retrait des produits du march\u00e9 avait m\u00eame \u00e9t\u00e9 envisag\u00e9 avant que l\u2019ARP ne suspende sa d\u00e9cision dans l\u2019attente d\u2019investigations compl\u00e9mentaires. Une enqu\u00eate approfondie du minist\u00e8re Pour faire la lumi\u00e8re sur cette affaire, le minist\u00e8re de la Sant\u00e9 a ordonn\u00e9&nbsp;une enqu\u00eate interne approfondie, men\u00e9e avec l\u2019appui d\u2019un comit\u00e9 ad hoc interinstitutionnel. Ce comit\u00e9 regroupait des repr\u00e9sentants de l\u2019Assembl\u00e9e nationale du S\u00e9n\u00e9gal, du minist\u00e8re de la Sant\u00e9 ainsi que du minist\u00e8re de l\u2019Industrie et du Commerce. Les experts ont proc\u00e9d\u00e9 \u00e0 des&nbsp;analyses documentaires, des auditions et une inspection d\u00e9taill\u00e9e du site de production. Selon les conclusions pr\u00e9sent\u00e9es par le Dr Sy,&nbsp;aucune preuve scientifique ne d\u00e9montre l\u2019utilisation effective de mati\u00e8res premi\u00e8res p\u00e9rim\u00e9es&nbsp;dans la fabrication des produits commercialis\u00e9s. L\u2019enqu\u00eate r\u00e9v\u00e8le notamment que la mati\u00e8re incrimin\u00e9e \u2014 un&nbsp;film en poly\u00e9thyl\u00e8ne perfor\u00e9&nbsp;\u2014 n\u2019a jamais \u00e9t\u00e9 int\u00e9gr\u00e9e dans la cha\u00eene de production, car ses dimensions ne correspondaient pas aux sp\u00e9cifications techniques utilis\u00e9es par l\u2019usine. Les donn\u00e9es de production et de commercialisation examin\u00e9es&nbsp;ne montrent aucune trace de produits fabriqu\u00e9s \u00e0 partir de ce lot obsol\u00e8te. Des irr\u00e9gularit\u00e9s administratives, mais pas de danger sanitaire Le rapport souligne toutefois&nbsp;un manquement dans la gestion du stockage&nbsp;de l\u2019entreprise, li\u00e9 \u00e0 la pr\u00e9sence physique de mati\u00e8res p\u00e9rim\u00e9es dans l\u2019enceinte de l\u2019usine. Mais aucune preuve d\u2019utilisation frauduleuse n\u2019a \u00e9t\u00e9 \u00e9tablie. Le ministre a \u00e9galement indiqu\u00e9 que&nbsp;des analyses ind\u00e9pendantes r\u00e9alis\u00e9es dans un laboratoire de r\u00e9f\u00e9rence en Allemagne&nbsp;ont confirm\u00e9 la conformit\u00e9 des produits Softcare aux standards internationaux. \u00c0 ce jour,&nbsp;aucune alerte de mat\u00e9riovigilance ni \u00e9tude \u00e9pid\u00e9miologique&nbsp;ne permet d\u2019\u00e9tablir un lien entre ces produits et un risque sanitaire pour les utilisateurs. L\u2019ARP point\u00e9e du doigt Les conclusions du comit\u00e9 mettent aussi en \u00e9vidence&nbsp;plusieurs failles dans la proc\u00e9dure d\u2019inspection de l\u2019ARP. Le ministre a notamment d\u00e9plor\u00e9 : Vers un renforcement du cadre r\u00e9glementaire En conclusion,&nbsp;Ibrahima Sy&nbsp;a r\u00e9affirm\u00e9 que&nbsp;les produits Softcare actuellement sur le march\u00e9 sont s\u00fbrs pour les consommateurs. Le ministre a toutefois insist\u00e9 sur la n\u00e9cessit\u00e9 de&nbsp;renforcer le cadre r\u00e9glementaire encadrant l\u2019inspection des produits d\u2019hygi\u00e8ne au S\u00e9n\u00e9gal, afin que les d\u00e9cisions futures reposent davantage sur&nbsp;la rigueur scientifique plut\u00f4t que sur l\u2019\u00e9motion.\" \/>\n<meta property=\"og:url\" content=\"https:\/\/www.public.sn\/index.php\/2026\/03\/05\/affaire-softcare-le-ministre-de-la-sante-remet-larp-a-sa-place\/\" \/>\n<meta property=\"og:site_name\" content=\"LE PUBLIC\" \/>\n<meta property=\"article:published_time\" content=\"2026-03-05T15:26:10+00:00\" \/>\n<meta property=\"article:modified_time\" content=\"2026-03-05T15:26:20+00:00\" \/>\n<meta property=\"og:image\" content=\"https:\/\/www.public.sn\/wp-content\/uploads\/2026\/03\/Capture-decran-2026-03-05-a-15.22.53.png\" \/>\n\t<meta property=\"og:image:width\" content=\"714\" \/>\n\t<meta property=\"og:image:height\" content=\"400\" \/>\n\t<meta property=\"og:image:type\" content=\"image\/png\" \/>\n<meta name=\"author\" content=\"LA REDACTION\" \/>\n<meta name=\"twitter:card\" content=\"summary_large_image\" \/>\n<meta name=\"twitter:label1\" content=\"\u00c9crit par\" \/>\n\t<meta name=\"twitter:data1\" content=\"LA REDACTION\" \/>\n\t<meta name=\"twitter:label2\" content=\"Dur\u00e9e de lecture estim\u00e9e\" \/>\n\t<meta name=\"twitter:data2\" content=\"3 minutes\" \/>\n<script type=\"application\/ld+json\" class=\"yoast-schema-graph\">{\"@context\":\"https:\/\/schema.org\",\"@graph\":[{\"@type\":\"Article\",\"@id\":\"https:\/\/www.public.sn\/index.php\/2026\/03\/05\/affaire-softcare-le-ministre-de-la-sante-remet-larp-a-sa-place\/#article\",\"isPartOf\":{\"@id\":\"https:\/\/www.public.sn\/index.php\/2026\/03\/05\/affaire-softcare-le-ministre-de-la-sante-remet-larp-a-sa-place\/\"},\"author\":{\"name\":\"LA REDACTION\",\"@id\":\"https:\/\/www.public.sn\/#\/schema\/person\/cb76c8e1b8becc6be61fb5e92d6d0224\"},\"headline\":\"Affaire Softcare : le ministre de la Sant\u00e9 remet l\u2019ARP \u00e0 sa place\",\"datePublished\":\"2026-03-05T15:26:10+00:00\",\"dateModified\":\"2026-03-05T15:26:20+00:00\",\"mainEntityOfPage\":{\"@id\":\"https:\/\/www.public.sn\/index.php\/2026\/03\/05\/affaire-softcare-le-ministre-de-la-sante-remet-larp-a-sa-place\/\"},\"wordCount\":629,\"commentCount\":0,\"publisher\":{\"@id\":\"https:\/\/www.public.sn\/#organization\"},\"image\":{\"@id\":\"https:\/\/www.public.sn\/index.php\/2026\/03\/05\/affaire-softcare-le-ministre-de-la-sante-remet-larp-a-sa-place\/#primaryimage\"},\"thumbnailUrl\":\"https:\/\/www.public.sn\/wp-content\/uploads\/2026\/03\/Capture-decran-2026-03-05-a-15.22.53.png\",\"keywords\":[\"ARP\",\"ministre de la Sant\u00e9\",\"Softcare\"],\"articleSection\":[\"ACTUALIT\u00c9S\",\"SANT\u00c9\"],\"inLanguage\":\"fr-FR\",\"potentialAction\":[{\"@type\":\"CommentAction\",\"name\":\"Comment\",\"target\":[\"https:\/\/www.public.sn\/index.php\/2026\/03\/05\/affaire-softcare-le-ministre-de-la-sante-remet-larp-a-sa-place\/#respond\"]}]},{\"@type\":\"WebPage\",\"@id\":\"https:\/\/www.public.sn\/index.php\/2026\/03\/05\/affaire-softcare-le-ministre-de-la-sante-remet-larp-a-sa-place\/\",\"url\":\"https:\/\/www.public.sn\/index.php\/2026\/03\/05\/affaire-softcare-le-ministre-de-la-sante-remet-larp-a-sa-place\/\",\"name\":\"Affaire Softcare : le ministre de la Sant\u00e9 remet l\u2019ARP \u00e0 sa place - LE PUBLIC\",\"isPartOf\":{\"@id\":\"https:\/\/www.public.sn\/#website\"},\"primaryImageOfPage\":{\"@id\":\"https:\/\/www.public.sn\/index.php\/2026\/03\/05\/affaire-softcare-le-ministre-de-la-sante-remet-larp-a-sa-place\/#primaryimage\"},\"image\":{\"@id\":\"https:\/\/www.public.sn\/index.php\/2026\/03\/05\/affaire-softcare-le-ministre-de-la-sante-remet-larp-a-sa-place\/#primaryimage\"},\"thumbnailUrl\":\"https:\/\/www.public.sn\/wp-content\/uploads\/2026\/03\/Capture-decran-2026-03-05-a-15.22.53.png\",\"datePublished\":\"2026-03-05T15:26:10+00:00\",\"dateModified\":\"2026-03-05T15:26:20+00:00\",\"breadcrumb\":{\"@id\":\"https:\/\/www.public.sn\/index.php\/2026\/03\/05\/affaire-softcare-le-ministre-de-la-sante-remet-larp-a-sa-place\/#breadcrumb\"},\"inLanguage\":\"fr-FR\",\"potentialAction\":[{\"@type\":\"ReadAction\",\"target\":[\"https:\/\/www.public.sn\/index.php\/2026\/03\/05\/affaire-softcare-le-ministre-de-la-sante-remet-larp-a-sa-place\/\"]}]},{\"@type\":\"ImageObject\",\"inLanguage\":\"fr-FR\",\"@id\":\"https:\/\/www.public.sn\/index.php\/2026\/03\/05\/affaire-softcare-le-ministre-de-la-sante-remet-larp-a-sa-place\/#primaryimage\",\"url\":\"https:\/\/www.public.sn\/wp-content\/uploads\/2026\/03\/Capture-decran-2026-03-05-a-15.22.53.png\",\"contentUrl\":\"https:\/\/www.public.sn\/wp-content\/uploads\/2026\/03\/Capture-decran-2026-03-05-a-15.22.53.png\",\"width\":714,\"height\":400},{\"@type\":\"BreadcrumbList\",\"@id\":\"https:\/\/www.public.sn\/index.php\/2026\/03\/05\/affaire-softcare-le-ministre-de-la-sante-remet-larp-a-sa-place\/#breadcrumb\",\"itemListElement\":[{\"@type\":\"ListItem\",\"position\":1,\"name\":\"Accueil\",\"item\":\"https:\/\/www.public.sn\/\"},{\"@type\":\"ListItem\",\"position\":2,\"name\":\"Affaire Softcare : le ministre de la Sant\u00e9 remet l\u2019ARP \u00e0 sa place\"}]},{\"@type\":\"WebSite\",\"@id\":\"https:\/\/www.public.sn\/#website\",\"url\":\"https:\/\/www.public.sn\/\",\"name\":\"LE PUBLIC\",\"description\":\"\",\"publisher\":{\"@id\":\"https:\/\/www.public.sn\/#organization\"},\"potentialAction\":[{\"@type\":\"SearchAction\",\"target\":{\"@type\":\"EntryPoint\",\"urlTemplate\":\"https:\/\/www.public.sn\/?s={search_term_string}\"},\"query-input\":{\"@type\":\"PropertyValueSpecification\",\"valueRequired\":true,\"valueName\":\"search_term_string\"}}],\"inLanguage\":\"fr-FR\"},{\"@type\":\"Organization\",\"@id\":\"https:\/\/www.public.sn\/#organization\",\"name\":\"LE PUBLIC\",\"url\":\"https:\/\/www.public.sn\/\",\"logo\":{\"@type\":\"ImageObject\",\"inLanguage\":\"fr-FR\",\"@id\":\"https:\/\/www.public.sn\/#\/schema\/logo\/image\/\",\"url\":\"https:\/\/www.public.sn\/wp-content\/uploads\/2024\/05\/cropped-LOGO-PUBLIC.SN_.png\",\"contentUrl\":\"https:\/\/www.public.sn\/wp-content\/uploads\/2024\/05\/cropped-LOGO-PUBLIC.SN_.png\",\"width\":682,\"height\":192,\"caption\":\"LE PUBLIC\"},\"image\":{\"@id\":\"https:\/\/www.public.sn\/#\/schema\/logo\/image\/\"}},{\"@type\":\"Person\",\"@id\":\"https:\/\/www.public.sn\/#\/schema\/person\/cb76c8e1b8becc6be61fb5e92d6d0224\",\"name\":\"LA REDACTION\",\"image\":{\"@type\":\"ImageObject\",\"inLanguage\":\"fr-FR\",\"@id\":\"https:\/\/www.public.sn\/#\/schema\/person\/image\/\",\"url\":\"https:\/\/secure.gravatar.com\/avatar\/2dce5ddd34b8fef0180efe03aa2a9bee7d953856048f9a16b298190a3178407c?s=96&d=mm&r=g\",\"contentUrl\":\"https:\/\/secure.gravatar.com\/avatar\/2dce5ddd34b8fef0180efe03aa2a9bee7d953856048f9a16b298190a3178407c?s=96&d=mm&r=g\",\"caption\":\"LA REDACTION\"},\"url\":\"https:\/\/www.public.sn\/index.php\/author\/editeurpsn\/\"}]}<\/script>\n<!-- \/ Yoast SEO plugin. -->","yoast_head_json":{"title":"Affaire Softcare : le ministre de la Sant\u00e9 remet l\u2019ARP \u00e0 sa place - LE PUBLIC","robots":{"index":"index","follow":"follow","max-snippet":"max-snippet:-1","max-image-preview":"max-image-preview:large","max-video-preview":"max-video-preview:-1"},"canonical":"https:\/\/www.public.sn\/index.php\/2026\/03\/05\/affaire-softcare-le-ministre-de-la-sante-remet-larp-a-sa-place\/","og_locale":"fr_FR","og_type":"article","og_title":"Affaire Softcare : le ministre de la Sant\u00e9 remet l\u2019ARP \u00e0 sa place - LE PUBLIC","og_description":"Lors d\u2019une conf\u00e9rence de presse tenue ce jeudi 5 mars 2026, le ministre de la Sant\u00e9 et de l\u2019Hygi\u00e8ne publique,&nbsp;Ibrahima Sy, a assur\u00e9 que les serviettes hygi\u00e9niques et les couches pour b\u00e9b\u00e9s de la marque&nbsp;Softcare&nbsp;ne pr\u00e9sentent aucun risque sanitaire pour les consommateurs. Cette sortie \u00e9tait tr\u00e8s attendue apr\u00e8s l\u2019alerte lanc\u00e9e d\u00e9but d\u00e9cembre 2025 par l\u2019Agence s\u00e9n\u00e9galaise de r\u00e9glementation pharmaceutique. L\u2019agence avait alors \u00e9voqu\u00e9 la possible pr\u00e9sence de&nbsp;mati\u00e8res premi\u00e8res p\u00e9rim\u00e9es&nbsp;dans la fabrication de produits destin\u00e9s aux nourrissons et aux femmes, provoquant une vive inqui\u00e9tude au sein des familles. Un retrait des produits du march\u00e9 avait m\u00eame \u00e9t\u00e9 envisag\u00e9 avant que l\u2019ARP ne suspende sa d\u00e9cision dans l\u2019attente d\u2019investigations compl\u00e9mentaires. Une enqu\u00eate approfondie du minist\u00e8re Pour faire la lumi\u00e8re sur cette affaire, le minist\u00e8re de la Sant\u00e9 a ordonn\u00e9&nbsp;une enqu\u00eate interne approfondie, men\u00e9e avec l\u2019appui d\u2019un comit\u00e9 ad hoc interinstitutionnel. Ce comit\u00e9 regroupait des repr\u00e9sentants de l\u2019Assembl\u00e9e nationale du S\u00e9n\u00e9gal, du minist\u00e8re de la Sant\u00e9 ainsi que du minist\u00e8re de l\u2019Industrie et du Commerce. Les experts ont proc\u00e9d\u00e9 \u00e0 des&nbsp;analyses documentaires, des auditions et une inspection d\u00e9taill\u00e9e du site de production. Selon les conclusions pr\u00e9sent\u00e9es par le Dr Sy,&nbsp;aucune preuve scientifique ne d\u00e9montre l\u2019utilisation effective de mati\u00e8res premi\u00e8res p\u00e9rim\u00e9es&nbsp;dans la fabrication des produits commercialis\u00e9s. L\u2019enqu\u00eate r\u00e9v\u00e8le notamment que la mati\u00e8re incrimin\u00e9e \u2014 un&nbsp;film en poly\u00e9thyl\u00e8ne perfor\u00e9&nbsp;\u2014 n\u2019a jamais \u00e9t\u00e9 int\u00e9gr\u00e9e dans la cha\u00eene de production, car ses dimensions ne correspondaient pas aux sp\u00e9cifications techniques utilis\u00e9es par l\u2019usine. Les donn\u00e9es de production et de commercialisation examin\u00e9es&nbsp;ne montrent aucune trace de produits fabriqu\u00e9s \u00e0 partir de ce lot obsol\u00e8te. Des irr\u00e9gularit\u00e9s administratives, mais pas de danger sanitaire Le rapport souligne toutefois&nbsp;un manquement dans la gestion du stockage&nbsp;de l\u2019entreprise, li\u00e9 \u00e0 la pr\u00e9sence physique de mati\u00e8res p\u00e9rim\u00e9es dans l\u2019enceinte de l\u2019usine. Mais aucune preuve d\u2019utilisation frauduleuse n\u2019a \u00e9t\u00e9 \u00e9tablie. Le ministre a \u00e9galement indiqu\u00e9 que&nbsp;des analyses ind\u00e9pendantes r\u00e9alis\u00e9es dans un laboratoire de r\u00e9f\u00e9rence en Allemagne&nbsp;ont confirm\u00e9 la conformit\u00e9 des produits Softcare aux standards internationaux. \u00c0 ce jour,&nbsp;aucune alerte de mat\u00e9riovigilance ni \u00e9tude \u00e9pid\u00e9miologique&nbsp;ne permet d\u2019\u00e9tablir un lien entre ces produits et un risque sanitaire pour les utilisateurs. L\u2019ARP point\u00e9e du doigt Les conclusions du comit\u00e9 mettent aussi en \u00e9vidence&nbsp;plusieurs failles dans la proc\u00e9dure d\u2019inspection de l\u2019ARP. Le ministre a notamment d\u00e9plor\u00e9 : Vers un renforcement du cadre r\u00e9glementaire En conclusion,&nbsp;Ibrahima Sy&nbsp;a r\u00e9affirm\u00e9 que&nbsp;les produits Softcare actuellement sur le march\u00e9 sont s\u00fbrs pour les consommateurs. Le ministre a toutefois insist\u00e9 sur la n\u00e9cessit\u00e9 de&nbsp;renforcer le cadre r\u00e9glementaire encadrant l\u2019inspection des produits d\u2019hygi\u00e8ne au S\u00e9n\u00e9gal, afin que les d\u00e9cisions futures reposent davantage sur&nbsp;la rigueur scientifique plut\u00f4t que sur l\u2019\u00e9motion.","og_url":"https:\/\/www.public.sn\/index.php\/2026\/03\/05\/affaire-softcare-le-ministre-de-la-sante-remet-larp-a-sa-place\/","og_site_name":"LE PUBLIC","article_published_time":"2026-03-05T15:26:10+00:00","article_modified_time":"2026-03-05T15:26:20+00:00","og_image":[{"width":714,"height":400,"url":"https:\/\/www.public.sn\/wp-content\/uploads\/2026\/03\/Capture-decran-2026-03-05-a-15.22.53.png","type":"image\/png"}],"author":"LA REDACTION","twitter_card":"summary_large_image","twitter_misc":{"\u00c9crit par":"LA REDACTION","Dur\u00e9e de lecture estim\u00e9e":"3 minutes"},"schema":{"@context":"https:\/\/schema.org","@graph":[{"@type":"Article","@id":"https:\/\/www.public.sn\/index.php\/2026\/03\/05\/affaire-softcare-le-ministre-de-la-sante-remet-larp-a-sa-place\/#article","isPartOf":{"@id":"https:\/\/www.public.sn\/index.php\/2026\/03\/05\/affaire-softcare-le-ministre-de-la-sante-remet-larp-a-sa-place\/"},"author":{"name":"LA REDACTION","@id":"https:\/\/www.public.sn\/#\/schema\/person\/cb76c8e1b8becc6be61fb5e92d6d0224"},"headline":"Affaire Softcare : le ministre de la Sant\u00e9 remet l\u2019ARP \u00e0 sa place","datePublished":"2026-03-05T15:26:10+00:00","dateModified":"2026-03-05T15:26:20+00:00","mainEntityOfPage":{"@id":"https:\/\/www.public.sn\/index.php\/2026\/03\/05\/affaire-softcare-le-ministre-de-la-sante-remet-larp-a-sa-place\/"},"wordCount":629,"commentCount":0,"publisher":{"@id":"https:\/\/www.public.sn\/#organization"},"image":{"@id":"https:\/\/www.public.sn\/index.php\/2026\/03\/05\/affaire-softcare-le-ministre-de-la-sante-remet-larp-a-sa-place\/#primaryimage"},"thumbnailUrl":"https:\/\/www.public.sn\/wp-content\/uploads\/2026\/03\/Capture-decran-2026-03-05-a-15.22.53.png","keywords":["ARP","ministre de la Sant\u00e9","Softcare"],"articleSection":["ACTUALIT\u00c9S","SANT\u00c9"],"inLanguage":"fr-FR","potentialAction":[{"@type":"CommentAction","name":"Comment","target":["https:\/\/www.public.sn\/index.php\/2026\/03\/05\/affaire-softcare-le-ministre-de-la-sante-remet-larp-a-sa-place\/#respond"]}]},{"@type":"WebPage","@id":"https:\/\/www.public.sn\/index.php\/2026\/03\/05\/affaire-softcare-le-ministre-de-la-sante-remet-larp-a-sa-place\/","url":"https:\/\/www.public.sn\/index.php\/2026\/03\/05\/affaire-softcare-le-ministre-de-la-sante-remet-larp-a-sa-place\/","name":"Affaire Softcare : le ministre de la Sant\u00e9 remet l\u2019ARP \u00e0 sa place - LE PUBLIC","isPartOf":{"@id":"https:\/\/www.public.sn\/#website"},"primaryImageOfPage":{"@id":"https:\/\/www.public.sn\/index.php\/2026\/03\/05\/affaire-softcare-le-ministre-de-la-sante-remet-larp-a-sa-place\/#primaryimage"},"image":{"@id":"https:\/\/www.public.sn\/index.php\/2026\/03\/05\/affaire-softcare-le-ministre-de-la-sante-remet-larp-a-sa-place\/#primaryimage"},"thumbnailUrl":"https:\/\/www.public.sn\/wp-content\/uploads\/2026\/03\/Capture-decran-2026-03-05-a-15.22.53.png","datePublished":"2026-03-05T15:26:10+00:00","dateModified":"2026-03-05T15:26:20+00:00","breadcrumb":{"@id":"https:\/\/www.public.sn\/index.php\/2026\/03\/05\/affaire-softcare-le-ministre-de-la-sante-remet-larp-a-sa-place\/#breadcrumb"},"inLanguage":"fr-FR","potentialAction":[{"@type":"ReadAction","target":["https:\/\/www.public.sn\/index.php\/2026\/03\/05\/affaire-softcare-le-ministre-de-la-sante-remet-larp-a-sa-place\/"]}]},{"@type":"ImageObject","inLanguage":"fr-FR","@id":"https:\/\/www.public.sn\/index.php\/2026\/03\/05\/affaire-softcare-le-ministre-de-la-sante-remet-larp-a-sa-place\/#primaryimage","url":"https:\/\/www.public.sn\/wp-content\/uploads\/2026\/03\/Capture-decran-2026-03-05-a-15.22.53.png","contentUrl":"https:\/\/www.public.sn\/wp-content\/uploads\/2026\/03\/Capture-decran-2026-03-05-a-15.22.53.png","width":714,"height":400},{"@type":"BreadcrumbList","@id":"https:\/\/www.public.sn\/index.php\/2026\/03\/05\/affaire-softcare-le-ministre-de-la-sante-remet-larp-a-sa-place\/#breadcrumb","itemListElement":[{"@type":"ListItem","position":1,"name":"Accueil","item":"https:\/\/www.public.sn\/"},{"@type":"ListItem","position":2,"name":"Affaire Softcare : le ministre de la Sant\u00e9 remet l\u2019ARP \u00e0 sa place"}]},{"@type":"WebSite","@id":"https:\/\/www.public.sn\/#website","url":"https:\/\/www.public.sn\/","name":"LE PUBLIC","description":"","publisher":{"@id":"https:\/\/www.public.sn\/#organization"},"potentialAction":[{"@type":"SearchAction","target":{"@type":"EntryPoint","urlTemplate":"https:\/\/www.public.sn\/?s={search_term_string}"},"query-input":{"@type":"PropertyValueSpecification","valueRequired":true,"valueName":"search_term_string"}}],"inLanguage":"fr-FR"},{"@type":"Organization","@id":"https:\/\/www.public.sn\/#organization","name":"LE PUBLIC","url":"https:\/\/www.public.sn\/","logo":{"@type":"ImageObject","inLanguage":"fr-FR","@id":"https:\/\/www.public.sn\/#\/schema\/logo\/image\/","url":"https:\/\/www.public.sn\/wp-content\/uploads\/2024\/05\/cropped-LOGO-PUBLIC.SN_.png","contentUrl":"https:\/\/www.public.sn\/wp-content\/uploads\/2024\/05\/cropped-LOGO-PUBLIC.SN_.png","width":682,"height":192,"caption":"LE PUBLIC"},"image":{"@id":"https:\/\/www.public.sn\/#\/schema\/logo\/image\/"}},{"@type":"Person","@id":"https:\/\/www.public.sn\/#\/schema\/person\/cb76c8e1b8becc6be61fb5e92d6d0224","name":"LA REDACTION","image":{"@type":"ImageObject","inLanguage":"fr-FR","@id":"https:\/\/www.public.sn\/#\/schema\/person\/image\/","url":"https:\/\/secure.gravatar.com\/avatar\/2dce5ddd34b8fef0180efe03aa2a9bee7d953856048f9a16b298190a3178407c?s=96&d=mm&r=g","contentUrl":"https:\/\/secure.gravatar.com\/avatar\/2dce5ddd34b8fef0180efe03aa2a9bee7d953856048f9a16b298190a3178407c?s=96&d=mm&r=g","caption":"LA REDACTION"},"url":"https:\/\/www.public.sn\/index.php\/author\/editeurpsn\/"}]}},"jetpack_featured_media_url":"https:\/\/www.public.sn\/wp-content\/uploads\/2026\/03\/Capture-decran-2026-03-05-a-15.22.53.png","jetpack_sharing_enabled":true,"_links":{"self":[{"href":"https:\/\/www.public.sn\/index.php\/wp-json\/wp\/v2\/posts\/39421","targetHints":{"allow":["GET"]}}],"collection":[{"href":"https:\/\/www.public.sn\/index.php\/wp-json\/wp\/v2\/posts"}],"about":[{"href":"https:\/\/www.public.sn\/index.php\/wp-json\/wp\/v2\/types\/post"}],"author":[{"embeddable":true,"href":"https:\/\/www.public.sn\/index.php\/wp-json\/wp\/v2\/users\/7"}],"replies":[{"embeddable":true,"href":"https:\/\/www.public.sn\/index.php\/wp-json\/wp\/v2\/comments?post=39421"}],"version-history":[{"count":1,"href":"https:\/\/www.public.sn\/index.php\/wp-json\/wp\/v2\/posts\/39421\/revisions"}],"predecessor-version":[{"id":39423,"href":"https:\/\/www.public.sn\/index.php\/wp-json\/wp\/v2\/posts\/39421\/revisions\/39423"}],"wp:featuredmedia":[{"embeddable":true,"href":"https:\/\/www.public.sn\/index.php\/wp-json\/wp\/v2\/media\/39422"}],"wp:attachment":[{"href":"https:\/\/www.public.sn\/index.php\/wp-json\/wp\/v2\/media?parent=39421"}],"wp:term":[{"taxonomy":"category","embeddable":true,"href":"https:\/\/www.public.sn\/index.php\/wp-json\/wp\/v2\/categories?post=39421"},{"taxonomy":"post_tag","embeddable":true,"href":"https:\/\/www.public.sn\/index.php\/wp-json\/wp\/v2\/tags?post=39421"}],"curies":[{"name":"wp","href":"https:\/\/api.w.org\/{rel}","templated":true}]}}