{"id":39424,"date":"2026-03-05T15:58:43","date_gmt":"2026-03-05T15:58:43","guid":{"rendered":"https:\/\/www.public.sn\/?p=39424"},"modified":"2026-03-05T15:58:52","modified_gmt":"2026-03-05T15:58:52","slug":"rationalisation-du-secteur-parapublic-vers-55-milliards-fcfa-deconomies-en-trois-ans","status":"publish","type":"post","link":"https:\/\/www.public.sn\/index.php\/2026\/03\/05\/rationalisation-du-secteur-parapublic-vers-55-milliards-fcfa-deconomies-en-trois-ans\/","title":{"rendered":"Rationalisation du secteur parapublic : Vers 55 milliards FCFA d\u2019\u00e9conomies en trois ans"},"content":{"rendered":"\n<p>Lors de sa communication ce mercredi en conseil des ministres, le Premier ministre a rappel\u00e9 lors de son passage \u00e0 l\u2019Assembl\u00e9e nationale, le 21 f\u00e9vrier 2026, \u00e0 l\u2019occasion de la s\u00e9ance relative aux questions d\u2019actualit\u00e9, il avait pr\u00e9sent\u00e9 une s\u00e9rie de mesures conservatoires et correctives destin\u00e9es \u00e0 renforcer la transparence dans la gestion des affaires publiques.<\/p><div class=\"publi-paragraphe1\" style=\"margin-top: 10px;margin-bottom: 10px;margin-left: auto;margin-right: auto;text-align: center;\" id=\"publi-1162124753\"><div class=\"publi-adlabel\">Publicit\u00e9<\/div><script async src=\"\/\/pagead2.googlesyndication.com\/pagead\/js\/adsbygoogle.js?client=ca-pub-4089586018074219\" crossorigin=\"anonymous\"><\/script><ins class=\"adsbygoogle\" style=\"display:block;\" data-ad-client=\"ca-pub-4089586018074219\" \ndata-ad-slot=\"2087940154\" \ndata-ad-format=\"auto\"><\/ins>\n<script> \n(adsbygoogle = window.adsbygoogle || []).push({}); \n<\/script>\n<\/div>\n\n\n\n<p>Parmi ces mesures figure la rationalisation du secteur parapublic, inscrite dans une dynamique de modernisation de l\u2019Administration, de r\u00e9duction du train de vie de l\u2019\u00c9tat et d\u2019optimisation des d\u00e9penses publiques.<\/p>\n\n\n\n<p>Dans cette perspective, un groupe de travail a \u00e9t\u00e9 mis en place afin d\u2019\u00e9laborer un Plan de rationalisation du secteur parapublic. Ce comit\u00e9 a proc\u00e9d\u00e9 \u00e0 l\u2019analyse exhaustive des entit\u00e9s concern\u00e9es, en identifiant les chevauchements de missions, les synergies possibles, les attributions similaires exerc\u00e9es par l\u2019Administration ainsi que les repositionnements n\u00e9cessaires.<\/p>\n\n\n\n<p>\u00c0 l\u2019issue de ses travaux, le groupe a propos\u00e9 :la suppression de dix-neuf (19) entit\u00e9s, repr\u00e9sentant en 2025 des dotations budg\u00e9taires cumul\u00e9es de 28,051 milliards FCFA, une masse salariale annuelle estim\u00e9e \u00e0 9,227 milliards FCFA, un effectif total de 982 agents et une dette globale arr\u00eat\u00e9e \u00e0 2,6 milliards FCFA au 31 d\u00e9cembre 2024&nbsp; et le repositionnement de dix (10) entit\u00e9s, \u00e0 travers la red\u00e9finition de leurs mod\u00e8les d\u2019intervention, la r\u00e9affirmation de leurs missions, la r\u00e9vision ou l\u2019actualisation de leur cadre juridique ainsi que de leur doctrine d\u2019investissement.<\/p>\n\n\n\n<p>Selon le Premier ministre, certaines rationalisations n\u00e9cessitent au pr\u00e9alable l\u2019adoption d\u2019une politique sectorielle viable. Globalement, l\u2019op\u00e9ration devrait permettre une optimisation de l\u2019organisation du secteur parapublic et g\u00e9n\u00e9rer une \u00e9conomie budg\u00e9taire nette cumul\u00e9e estim\u00e9e \u00e0 au moins 55 milliards FCFA sur les trois prochaines ann\u00e9es.<\/p>\n\n\n\n<p>Il a \u00e9galement abord\u00e9 la question de la d\u00e9volution du patrimoine ainsi que les mesures sociales d\u2019accompagnement, notamment le red\u00e9ploiement du personnel et la gestion des contentieux. Il a ainsi engag\u00e9 l\u2019ensemble des ministres \u00e0 se mobiliser pour la mise en \u0153uvre effective du Plan, qui sera pilot\u00e9 par un comit\u00e9 interminist\u00e9riel prochainement institu\u00e9.<\/p>\n\n\n\n<p>Le chef du Gouvernement a insist\u00e9 sur la n\u00e9cessit\u00e9 d\u2019accompagner cette r\u00e9forme par une am\u00e9lioration substantielle de la gouvernance du secteur parapublic, ax\u00e9e sur la ma\u00eetrise des salaires et des effectifs, l\u2019harmonisation des grilles de r\u00e9mun\u00e9ration, l\u2019utilisation optimale des cr\u00e9dits budg\u00e9taires, l\u2019actualisation du classement des structures, le respect des normes de cr\u00e9ation, ainsi que le renforcement du contr\u00f4le, de l\u2019\u00e9valuation et de la capacitation des acteurs.<\/p>\n\n\n\n<p>Il a demand\u00e9 au ministre des Finances et du Budget, en coordination avec le ministre, Secr\u00e9taire g\u00e9n\u00e9ral du Gouvernement, de veiller au strict respect des attributions de la Commission d\u2019\u00e9valuation des agences d\u2019ex\u00e9cution et du Comit\u00e9 de suivi du secteur parapublic. Il a en outre instruit le ministre des Finances de doter ces organes de ressources budg\u00e9taires ad\u00e9quates pour assurer leur fonctionnement optimal.<\/p>\n<div class=\"publi-apres-le-contenu\" style=\"margin-top: 10px;margin-bottom: 10px;margin-left: auto;margin-right: auto;text-align: center;\" id=\"publi-1043949060\"><div class=\"publi-adlabel\">Publicit\u00e9<\/div><script async src=\"\/\/pagead2.googlesyndication.com\/pagead\/js\/adsbygoogle.js?client=ca-pub-4089586018074219\" crossorigin=\"anonymous\"><\/script><ins class=\"adsbygoogle\" style=\"display:block;\" data-ad-client=\"ca-pub-4089586018074219\" \ndata-ad-slot=\"2087940154\" \ndata-ad-format=\"auto\"><\/ins>\n<script> \n(adsbygoogle = window.adsbygoogle || []).push({}); \n<\/script>\n<\/div>","protected":false},"excerpt":{"rendered":"<p>Lors de sa communication ce mercredi en conseil des ministres, le Premier ministre a rappel\u00e9 lors de son passage \u00e0 l\u2019Assembl\u00e9e nationale, le 21 f\u00e9vrier 2026, \u00e0 l\u2019occasion de la s\u00e9ance relative aux questions d\u2019actualit\u00e9, il avait pr\u00e9sent\u00e9 une s\u00e9rie de mesures conservatoires et correctives destin\u00e9es \u00e0 renforcer la transparence dans la gestion des affaires publiques. Parmi ces mesures figure la rationalisation du secteur parapublic, inscrite dans une dynamique de modernisation de l\u2019Administration, de r\u00e9duction du train de vie de l\u2019\u00c9tat et d\u2019optimisation des d\u00e9penses publiques. Dans cette perspective, un groupe de travail a \u00e9t\u00e9 mis en place afin d\u2019\u00e9laborer un Plan de rationalisation du secteur parapublic. Ce comit\u00e9 a proc\u00e9d\u00e9 \u00e0 l\u2019analyse exhaustive des entit\u00e9s concern\u00e9es, en identifiant les chevauchements de missions, les synergies possibles, les attributions similaires exerc\u00e9es par l\u2019Administration ainsi que les repositionnements n\u00e9cessaires. \u00c0 l\u2019issue de ses travaux, le groupe a propos\u00e9 :la suppression de dix-neuf (19) entit\u00e9s, repr\u00e9sentant en 2025 des dotations budg\u00e9taires cumul\u00e9es de 28,051 milliards FCFA, une masse salariale annuelle estim\u00e9e \u00e0 9,227 milliards FCFA, un effectif total de 982 agents et une dette globale arr\u00eat\u00e9e \u00e0 2,6 milliards FCFA au 31 d\u00e9cembre 2024&nbsp; et le repositionnement de dix (10) entit\u00e9s, \u00e0 travers la red\u00e9finition de leurs mod\u00e8les d\u2019intervention, la r\u00e9affirmation de leurs missions, la r\u00e9vision ou l\u2019actualisation de leur cadre juridique ainsi que de leur doctrine d\u2019investissement. Selon le Premier ministre, certaines rationalisations n\u00e9cessitent au pr\u00e9alable l\u2019adoption d\u2019une politique sectorielle viable. Globalement, l\u2019op\u00e9ration devrait permettre une optimisation de l\u2019organisation du secteur parapublic et g\u00e9n\u00e9rer une \u00e9conomie budg\u00e9taire nette cumul\u00e9e estim\u00e9e \u00e0 au moins 55 milliards FCFA sur les trois prochaines ann\u00e9es. Il a \u00e9galement abord\u00e9 la question de la d\u00e9volution du patrimoine ainsi que les mesures sociales d\u2019accompagnement, notamment le red\u00e9ploiement du personnel et la gestion des contentieux. Il a ainsi engag\u00e9 l\u2019ensemble des ministres \u00e0 se mobiliser pour la mise en \u0153uvre effective du Plan, qui sera pilot\u00e9 par un comit\u00e9 interminist\u00e9riel prochainement institu\u00e9. Le chef du Gouvernement a insist\u00e9 sur la n\u00e9cessit\u00e9 d\u2019accompagner cette r\u00e9forme par une am\u00e9lioration substantielle de la gouvernance du secteur parapublic, ax\u00e9e sur la ma\u00eetrise des salaires et des effectifs, l\u2019harmonisation des grilles de r\u00e9mun\u00e9ration, l\u2019utilisation optimale des cr\u00e9dits budg\u00e9taires, l\u2019actualisation du classement des structures, le respect des normes de cr\u00e9ation, ainsi que le renforcement du contr\u00f4le, de l\u2019\u00e9valuation et de la capacitation des acteurs. Il a demand\u00e9 au ministre des Finances et du Budget, en coordination avec le ministre, Secr\u00e9taire g\u00e9n\u00e9ral du Gouvernement, de veiller au strict respect des attributions de la Commission d\u2019\u00e9valuation des agences d\u2019ex\u00e9cution et du Comit\u00e9 de suivi du secteur parapublic. Il a en outre instruit le ministre des Finances de doter ces organes de ressources budg\u00e9taires ad\u00e9quates pour assurer leur fonctionnement optimal.<\/p>\n","protected":false},"author":7,"featured_media":39425,"comment_status":"open","ping_status":"open","sticky":false,"template":"","format":"standard","meta":{"_jetpack_memberships_contains_paid_content":false,"footnotes":""},"categories":[375,8182,3],"tags":[8263],"class_list":["post-39424","post","type-post","status-publish","format-standard","has-post-thumbnail","hentry","category-actualites","category-marche","category-politique","tag-secteur-parapublic","entry","has-media","owp-thumbs-layout-horizontal","owp-btn-normal","owp-tabs-layout-horizontal","has-no-thumbnails","has-product-nav"],"yoast_head":"<!-- This site is optimized with the Yoast SEO plugin v25.5 - https:\/\/yoast.com\/wordpress\/plugins\/seo\/ -->\n<title>Rationalisation du secteur parapublic : Vers 55 milliards FCFA d\u2019\u00e9conomies en trois ans - LE PUBLIC<\/title>\n<meta name=\"robots\" content=\"index, follow, max-snippet:-1, max-image-preview:large, max-video-preview:-1\" \/>\n<link rel=\"canonical\" href=\"https:\/\/www.public.sn\/index.php\/2026\/03\/05\/rationalisation-du-secteur-parapublic-vers-55-milliards-fcfa-deconomies-en-trois-ans\/\" \/>\n<meta property=\"og:locale\" content=\"fr_FR\" \/>\n<meta property=\"og:type\" content=\"article\" \/>\n<meta property=\"og:title\" content=\"Rationalisation du secteur parapublic : Vers 55 milliards FCFA d\u2019\u00e9conomies en trois ans - LE PUBLIC\" \/>\n<meta property=\"og:description\" content=\"Lors de sa communication ce mercredi en conseil des ministres, le Premier ministre a rappel\u00e9 lors de son passage \u00e0 l\u2019Assembl\u00e9e nationale, le 21 f\u00e9vrier 2026, \u00e0 l\u2019occasion de la s\u00e9ance relative aux questions d\u2019actualit\u00e9, il avait pr\u00e9sent\u00e9 une s\u00e9rie de mesures conservatoires et correctives destin\u00e9es \u00e0 renforcer la transparence dans la gestion des affaires publiques. Parmi ces mesures figure la rationalisation du secteur parapublic, inscrite dans une dynamique de modernisation de l\u2019Administration, de r\u00e9duction du train de vie de l\u2019\u00c9tat et d\u2019optimisation des d\u00e9penses publiques. Dans cette perspective, un groupe de travail a \u00e9t\u00e9 mis en place afin d\u2019\u00e9laborer un Plan de rationalisation du secteur parapublic. Ce comit\u00e9 a proc\u00e9d\u00e9 \u00e0 l\u2019analyse exhaustive des entit\u00e9s concern\u00e9es, en identifiant les chevauchements de missions, les synergies possibles, les attributions similaires exerc\u00e9es par l\u2019Administration ainsi que les repositionnements n\u00e9cessaires. \u00c0 l\u2019issue de ses travaux, le groupe a propos\u00e9 :la suppression de dix-neuf (19) entit\u00e9s, repr\u00e9sentant en 2025 des dotations budg\u00e9taires cumul\u00e9es de 28,051 milliards FCFA, une masse salariale annuelle estim\u00e9e \u00e0 9,227 milliards FCFA, un effectif total de 982 agents et une dette globale arr\u00eat\u00e9e \u00e0 2,6 milliards FCFA au 31 d\u00e9cembre 2024&nbsp; et le repositionnement de dix (10) entit\u00e9s, \u00e0 travers la red\u00e9finition de leurs mod\u00e8les d\u2019intervention, la r\u00e9affirmation de leurs missions, la r\u00e9vision ou l\u2019actualisation de leur cadre juridique ainsi que de leur doctrine d\u2019investissement. Selon le Premier ministre, certaines rationalisations n\u00e9cessitent au pr\u00e9alable l\u2019adoption d\u2019une politique sectorielle viable. Globalement, l\u2019op\u00e9ration devrait permettre une optimisation de l\u2019organisation du secteur parapublic et g\u00e9n\u00e9rer une \u00e9conomie budg\u00e9taire nette cumul\u00e9e estim\u00e9e \u00e0 au moins 55 milliards FCFA sur les trois prochaines ann\u00e9es. Il a \u00e9galement abord\u00e9 la question de la d\u00e9volution du patrimoine ainsi que les mesures sociales d\u2019accompagnement, notamment le red\u00e9ploiement du personnel et la gestion des contentieux. Il a ainsi engag\u00e9 l\u2019ensemble des ministres \u00e0 se mobiliser pour la mise en \u0153uvre effective du Plan, qui sera pilot\u00e9 par un comit\u00e9 interminist\u00e9riel prochainement institu\u00e9. Le chef du Gouvernement a insist\u00e9 sur la n\u00e9cessit\u00e9 d\u2019accompagner cette r\u00e9forme par une am\u00e9lioration substantielle de la gouvernance du secteur parapublic, ax\u00e9e sur la ma\u00eetrise des salaires et des effectifs, l\u2019harmonisation des grilles de r\u00e9mun\u00e9ration, l\u2019utilisation optimale des cr\u00e9dits budg\u00e9taires, l\u2019actualisation du classement des structures, le respect des normes de cr\u00e9ation, ainsi que le renforcement du contr\u00f4le, de l\u2019\u00e9valuation et de la capacitation des acteurs. Il a demand\u00e9 au ministre des Finances et du Budget, en coordination avec le ministre, Secr\u00e9taire g\u00e9n\u00e9ral du Gouvernement, de veiller au strict respect des attributions de la Commission d\u2019\u00e9valuation des agences d\u2019ex\u00e9cution et du Comit\u00e9 de suivi du secteur parapublic. Il a en outre instruit le ministre des Finances de doter ces organes de ressources budg\u00e9taires ad\u00e9quates pour assurer leur fonctionnement optimal.\" \/>\n<meta property=\"og:url\" content=\"https:\/\/www.public.sn\/index.php\/2026\/03\/05\/rationalisation-du-secteur-parapublic-vers-55-milliards-fcfa-deconomies-en-trois-ans\/\" \/>\n<meta property=\"og:site_name\" content=\"LE PUBLIC\" \/>\n<meta property=\"article:published_time\" content=\"2026-03-05T15:58:43+00:00\" \/>\n<meta property=\"article:modified_time\" content=\"2026-03-05T15:58:52+00:00\" \/>\n<meta property=\"og:image\" content=\"https:\/\/www.public.sn\/wp-content\/uploads\/2026\/03\/Capture-decran-2026-03-05-a-15.55.50.png\" \/>\n\t<meta property=\"og:image:width\" content=\"1187\" \/>\n\t<meta property=\"og:image:height\" content=\"664\" \/>\n\t<meta property=\"og:image:type\" content=\"image\/png\" \/>\n<meta name=\"author\" content=\"LA REDACTION\" \/>\n<meta name=\"twitter:card\" content=\"summary_large_image\" \/>\n<meta name=\"twitter:label1\" content=\"\u00c9crit par\" \/>\n\t<meta name=\"twitter:data1\" content=\"LA REDACTION\" \/>\n\t<meta name=\"twitter:label2\" content=\"Dur\u00e9e de lecture estim\u00e9e\" \/>\n\t<meta name=\"twitter:data2\" content=\"3 minutes\" \/>\n<script type=\"application\/ld+json\" class=\"yoast-schema-graph\">{\"@context\":\"https:\/\/schema.org\",\"@graph\":[{\"@type\":\"Article\",\"@id\":\"https:\/\/www.public.sn\/index.php\/2026\/03\/05\/rationalisation-du-secteur-parapublic-vers-55-milliards-fcfa-deconomies-en-trois-ans\/#article\",\"isPartOf\":{\"@id\":\"https:\/\/www.public.sn\/index.php\/2026\/03\/05\/rationalisation-du-secteur-parapublic-vers-55-milliards-fcfa-deconomies-en-trois-ans\/\"},\"author\":{\"name\":\"LA REDACTION\",\"@id\":\"https:\/\/www.public.sn\/#\/schema\/person\/cb76c8e1b8becc6be61fb5e92d6d0224\"},\"headline\":\"Rationalisation du secteur parapublic : Vers 55 milliards FCFA d\u2019\u00e9conomies en trois ans\",\"datePublished\":\"2026-03-05T15:58:43+00:00\",\"dateModified\":\"2026-03-05T15:58:52+00:00\",\"mainEntityOfPage\":{\"@id\":\"https:\/\/www.public.sn\/index.php\/2026\/03\/05\/rationalisation-du-secteur-parapublic-vers-55-milliards-fcfa-deconomies-en-trois-ans\/\"},\"wordCount\":524,\"commentCount\":0,\"publisher\":{\"@id\":\"https:\/\/www.public.sn\/#organization\"},\"image\":{\"@id\":\"https:\/\/www.public.sn\/index.php\/2026\/03\/05\/rationalisation-du-secteur-parapublic-vers-55-milliards-fcfa-deconomies-en-trois-ans\/#primaryimage\"},\"thumbnailUrl\":\"https:\/\/www.public.sn\/wp-content\/uploads\/2026\/03\/Capture-decran-2026-03-05-a-15.55.50.png\",\"keywords\":[\"secteur parapublic\"],\"articleSection\":[\"ACTUALIT\u00c9S\",\"MARCHE\",\"POLITIQUE\"],\"inLanguage\":\"fr-FR\",\"potentialAction\":[{\"@type\":\"CommentAction\",\"name\":\"Comment\",\"target\":[\"https:\/\/www.public.sn\/index.php\/2026\/03\/05\/rationalisation-du-secteur-parapublic-vers-55-milliards-fcfa-deconomies-en-trois-ans\/#respond\"]}]},{\"@type\":\"WebPage\",\"@id\":\"https:\/\/www.public.sn\/index.php\/2026\/03\/05\/rationalisation-du-secteur-parapublic-vers-55-milliards-fcfa-deconomies-en-trois-ans\/\",\"url\":\"https:\/\/www.public.sn\/index.php\/2026\/03\/05\/rationalisation-du-secteur-parapublic-vers-55-milliards-fcfa-deconomies-en-trois-ans\/\",\"name\":\"Rationalisation du secteur parapublic : Vers 55 milliards FCFA d\u2019\u00e9conomies en trois ans - LE PUBLIC\",\"isPartOf\":{\"@id\":\"https:\/\/www.public.sn\/#website\"},\"primaryImageOfPage\":{\"@id\":\"https:\/\/www.public.sn\/index.php\/2026\/03\/05\/rationalisation-du-secteur-parapublic-vers-55-milliards-fcfa-deconomies-en-trois-ans\/#primaryimage\"},\"image\":{\"@id\":\"https:\/\/www.public.sn\/index.php\/2026\/03\/05\/rationalisation-du-secteur-parapublic-vers-55-milliards-fcfa-deconomies-en-trois-ans\/#primaryimage\"},\"thumbnailUrl\":\"https:\/\/www.public.sn\/wp-content\/uploads\/2026\/03\/Capture-decran-2026-03-05-a-15.55.50.png\",\"datePublished\":\"2026-03-05T15:58:43+00:00\",\"dateModified\":\"2026-03-05T15:58:52+00:00\",\"breadcrumb\":{\"@id\":\"https:\/\/www.public.sn\/index.php\/2026\/03\/05\/rationalisation-du-secteur-parapublic-vers-55-milliards-fcfa-deconomies-en-trois-ans\/#breadcrumb\"},\"inLanguage\":\"fr-FR\",\"potentialAction\":[{\"@type\":\"ReadAction\",\"target\":[\"https:\/\/www.public.sn\/index.php\/2026\/03\/05\/rationalisation-du-secteur-parapublic-vers-55-milliards-fcfa-deconomies-en-trois-ans\/\"]}]},{\"@type\":\"ImageObject\",\"inLanguage\":\"fr-FR\",\"@id\":\"https:\/\/www.public.sn\/index.php\/2026\/03\/05\/rationalisation-du-secteur-parapublic-vers-55-milliards-fcfa-deconomies-en-trois-ans\/#primaryimage\",\"url\":\"https:\/\/www.public.sn\/wp-content\/uploads\/2026\/03\/Capture-decran-2026-03-05-a-15.55.50.png\",\"contentUrl\":\"https:\/\/www.public.sn\/wp-content\/uploads\/2026\/03\/Capture-decran-2026-03-05-a-15.55.50.png\",\"width\":1187,\"height\":664},{\"@type\":\"BreadcrumbList\",\"@id\":\"https:\/\/www.public.sn\/index.php\/2026\/03\/05\/rationalisation-du-secteur-parapublic-vers-55-milliards-fcfa-deconomies-en-trois-ans\/#breadcrumb\",\"itemListElement\":[{\"@type\":\"ListItem\",\"position\":1,\"name\":\"Accueil\",\"item\":\"https:\/\/www.public.sn\/\"},{\"@type\":\"ListItem\",\"position\":2,\"name\":\"Rationalisation du secteur parapublic : Vers 55 milliards FCFA d\u2019\u00e9conomies en trois ans\"}]},{\"@type\":\"WebSite\",\"@id\":\"https:\/\/www.public.sn\/#website\",\"url\":\"https:\/\/www.public.sn\/\",\"name\":\"LE PUBLIC\",\"description\":\"\",\"publisher\":{\"@id\":\"https:\/\/www.public.sn\/#organization\"},\"potentialAction\":[{\"@type\":\"SearchAction\",\"target\":{\"@type\":\"EntryPoint\",\"urlTemplate\":\"https:\/\/www.public.sn\/?s={search_term_string}\"},\"query-input\":{\"@type\":\"PropertyValueSpecification\",\"valueRequired\":true,\"valueName\":\"search_term_string\"}}],\"inLanguage\":\"fr-FR\"},{\"@type\":\"Organization\",\"@id\":\"https:\/\/www.public.sn\/#organization\",\"name\":\"LE PUBLIC\",\"url\":\"https:\/\/www.public.sn\/\",\"logo\":{\"@type\":\"ImageObject\",\"inLanguage\":\"fr-FR\",\"@id\":\"https:\/\/www.public.sn\/#\/schema\/logo\/image\/\",\"url\":\"https:\/\/www.public.sn\/wp-content\/uploads\/2024\/05\/cropped-LOGO-PUBLIC.SN_.png\",\"contentUrl\":\"https:\/\/www.public.sn\/wp-content\/uploads\/2024\/05\/cropped-LOGO-PUBLIC.SN_.png\",\"width\":682,\"height\":192,\"caption\":\"LE PUBLIC\"},\"image\":{\"@id\":\"https:\/\/www.public.sn\/#\/schema\/logo\/image\/\"}},{\"@type\":\"Person\",\"@id\":\"https:\/\/www.public.sn\/#\/schema\/person\/cb76c8e1b8becc6be61fb5e92d6d0224\",\"name\":\"LA REDACTION\",\"image\":{\"@type\":\"ImageObject\",\"inLanguage\":\"fr-FR\",\"@id\":\"https:\/\/www.public.sn\/#\/schema\/person\/image\/\",\"url\":\"https:\/\/secure.gravatar.com\/avatar\/2dce5ddd34b8fef0180efe03aa2a9bee7d953856048f9a16b298190a3178407c?s=96&d=mm&r=g\",\"contentUrl\":\"https:\/\/secure.gravatar.com\/avatar\/2dce5ddd34b8fef0180efe03aa2a9bee7d953856048f9a16b298190a3178407c?s=96&d=mm&r=g\",\"caption\":\"LA REDACTION\"},\"url\":\"https:\/\/www.public.sn\/index.php\/author\/editeurpsn\/\"}]}<\/script>\n<!-- \/ Yoast SEO plugin. -->","yoast_head_json":{"title":"Rationalisation du secteur parapublic : Vers 55 milliards FCFA d\u2019\u00e9conomies en trois ans - LE PUBLIC","robots":{"index":"index","follow":"follow","max-snippet":"max-snippet:-1","max-image-preview":"max-image-preview:large","max-video-preview":"max-video-preview:-1"},"canonical":"https:\/\/www.public.sn\/index.php\/2026\/03\/05\/rationalisation-du-secteur-parapublic-vers-55-milliards-fcfa-deconomies-en-trois-ans\/","og_locale":"fr_FR","og_type":"article","og_title":"Rationalisation du secteur parapublic : Vers 55 milliards FCFA d\u2019\u00e9conomies en trois ans - LE PUBLIC","og_description":"Lors de sa communication ce mercredi en conseil des ministres, le Premier ministre a rappel\u00e9 lors de son passage \u00e0 l\u2019Assembl\u00e9e nationale, le 21 f\u00e9vrier 2026, \u00e0 l\u2019occasion de la s\u00e9ance relative aux questions d\u2019actualit\u00e9, il avait pr\u00e9sent\u00e9 une s\u00e9rie de mesures conservatoires et correctives destin\u00e9es \u00e0 renforcer la transparence dans la gestion des affaires publiques. Parmi ces mesures figure la rationalisation du secteur parapublic, inscrite dans une dynamique de modernisation de l\u2019Administration, de r\u00e9duction du train de vie de l\u2019\u00c9tat et d\u2019optimisation des d\u00e9penses publiques. Dans cette perspective, un groupe de travail a \u00e9t\u00e9 mis en place afin d\u2019\u00e9laborer un Plan de rationalisation du secteur parapublic. Ce comit\u00e9 a proc\u00e9d\u00e9 \u00e0 l\u2019analyse exhaustive des entit\u00e9s concern\u00e9es, en identifiant les chevauchements de missions, les synergies possibles, les attributions similaires exerc\u00e9es par l\u2019Administration ainsi que les repositionnements n\u00e9cessaires. \u00c0 l\u2019issue de ses travaux, le groupe a propos\u00e9 :la suppression de dix-neuf (19) entit\u00e9s, repr\u00e9sentant en 2025 des dotations budg\u00e9taires cumul\u00e9es de 28,051 milliards FCFA, une masse salariale annuelle estim\u00e9e \u00e0 9,227 milliards FCFA, un effectif total de 982 agents et une dette globale arr\u00eat\u00e9e \u00e0 2,6 milliards FCFA au 31 d\u00e9cembre 2024&nbsp; et le repositionnement de dix (10) entit\u00e9s, \u00e0 travers la red\u00e9finition de leurs mod\u00e8les d\u2019intervention, la r\u00e9affirmation de leurs missions, la r\u00e9vision ou l\u2019actualisation de leur cadre juridique ainsi que de leur doctrine d\u2019investissement. Selon le Premier ministre, certaines rationalisations n\u00e9cessitent au pr\u00e9alable l\u2019adoption d\u2019une politique sectorielle viable. Globalement, l\u2019op\u00e9ration devrait permettre une optimisation de l\u2019organisation du secteur parapublic et g\u00e9n\u00e9rer une \u00e9conomie budg\u00e9taire nette cumul\u00e9e estim\u00e9e \u00e0 au moins 55 milliards FCFA sur les trois prochaines ann\u00e9es. Il a \u00e9galement abord\u00e9 la question de la d\u00e9volution du patrimoine ainsi que les mesures sociales d\u2019accompagnement, notamment le red\u00e9ploiement du personnel et la gestion des contentieux. Il a ainsi engag\u00e9 l\u2019ensemble des ministres \u00e0 se mobiliser pour la mise en \u0153uvre effective du Plan, qui sera pilot\u00e9 par un comit\u00e9 interminist\u00e9riel prochainement institu\u00e9. Le chef du Gouvernement a insist\u00e9 sur la n\u00e9cessit\u00e9 d\u2019accompagner cette r\u00e9forme par une am\u00e9lioration substantielle de la gouvernance du secteur parapublic, ax\u00e9e sur la ma\u00eetrise des salaires et des effectifs, l\u2019harmonisation des grilles de r\u00e9mun\u00e9ration, l\u2019utilisation optimale des cr\u00e9dits budg\u00e9taires, l\u2019actualisation du classement des structures, le respect des normes de cr\u00e9ation, ainsi que le renforcement du contr\u00f4le, de l\u2019\u00e9valuation et de la capacitation des acteurs. Il a demand\u00e9 au ministre des Finances et du Budget, en coordination avec le ministre, Secr\u00e9taire g\u00e9n\u00e9ral du Gouvernement, de veiller au strict respect des attributions de la Commission d\u2019\u00e9valuation des agences d\u2019ex\u00e9cution et du Comit\u00e9 de suivi du secteur parapublic. Il a en outre instruit le ministre des Finances de doter ces organes de ressources budg\u00e9taires ad\u00e9quates pour assurer leur fonctionnement optimal.","og_url":"https:\/\/www.public.sn\/index.php\/2026\/03\/05\/rationalisation-du-secteur-parapublic-vers-55-milliards-fcfa-deconomies-en-trois-ans\/","og_site_name":"LE PUBLIC","article_published_time":"2026-03-05T15:58:43+00:00","article_modified_time":"2026-03-05T15:58:52+00:00","og_image":[{"width":1187,"height":664,"url":"https:\/\/www.public.sn\/wp-content\/uploads\/2026\/03\/Capture-decran-2026-03-05-a-15.55.50.png","type":"image\/png"}],"author":"LA REDACTION","twitter_card":"summary_large_image","twitter_misc":{"\u00c9crit par":"LA REDACTION","Dur\u00e9e de lecture estim\u00e9e":"3 minutes"},"schema":{"@context":"https:\/\/schema.org","@graph":[{"@type":"Article","@id":"https:\/\/www.public.sn\/index.php\/2026\/03\/05\/rationalisation-du-secteur-parapublic-vers-55-milliards-fcfa-deconomies-en-trois-ans\/#article","isPartOf":{"@id":"https:\/\/www.public.sn\/index.php\/2026\/03\/05\/rationalisation-du-secteur-parapublic-vers-55-milliards-fcfa-deconomies-en-trois-ans\/"},"author":{"name":"LA REDACTION","@id":"https:\/\/www.public.sn\/#\/schema\/person\/cb76c8e1b8becc6be61fb5e92d6d0224"},"headline":"Rationalisation du secteur parapublic : Vers 55 milliards FCFA d\u2019\u00e9conomies en trois ans","datePublished":"2026-03-05T15:58:43+00:00","dateModified":"2026-03-05T15:58:52+00:00","mainEntityOfPage":{"@id":"https:\/\/www.public.sn\/index.php\/2026\/03\/05\/rationalisation-du-secteur-parapublic-vers-55-milliards-fcfa-deconomies-en-trois-ans\/"},"wordCount":524,"commentCount":0,"publisher":{"@id":"https:\/\/www.public.sn\/#organization"},"image":{"@id":"https:\/\/www.public.sn\/index.php\/2026\/03\/05\/rationalisation-du-secteur-parapublic-vers-55-milliards-fcfa-deconomies-en-trois-ans\/#primaryimage"},"thumbnailUrl":"https:\/\/www.public.sn\/wp-content\/uploads\/2026\/03\/Capture-decran-2026-03-05-a-15.55.50.png","keywords":["secteur parapublic"],"articleSection":["ACTUALIT\u00c9S","MARCHE","POLITIQUE"],"inLanguage":"fr-FR","potentialAction":[{"@type":"CommentAction","name":"Comment","target":["https:\/\/www.public.sn\/index.php\/2026\/03\/05\/rationalisation-du-secteur-parapublic-vers-55-milliards-fcfa-deconomies-en-trois-ans\/#respond"]}]},{"@type":"WebPage","@id":"https:\/\/www.public.sn\/index.php\/2026\/03\/05\/rationalisation-du-secteur-parapublic-vers-55-milliards-fcfa-deconomies-en-trois-ans\/","url":"https:\/\/www.public.sn\/index.php\/2026\/03\/05\/rationalisation-du-secteur-parapublic-vers-55-milliards-fcfa-deconomies-en-trois-ans\/","name":"Rationalisation du secteur parapublic : Vers 55 milliards FCFA d\u2019\u00e9conomies en trois ans - LE PUBLIC","isPartOf":{"@id":"https:\/\/www.public.sn\/#website"},"primaryImageOfPage":{"@id":"https:\/\/www.public.sn\/index.php\/2026\/03\/05\/rationalisation-du-secteur-parapublic-vers-55-milliards-fcfa-deconomies-en-trois-ans\/#primaryimage"},"image":{"@id":"https:\/\/www.public.sn\/index.php\/2026\/03\/05\/rationalisation-du-secteur-parapublic-vers-55-milliards-fcfa-deconomies-en-trois-ans\/#primaryimage"},"thumbnailUrl":"https:\/\/www.public.sn\/wp-content\/uploads\/2026\/03\/Capture-decran-2026-03-05-a-15.55.50.png","datePublished":"2026-03-05T15:58:43+00:00","dateModified":"2026-03-05T15:58:52+00:00","breadcrumb":{"@id":"https:\/\/www.public.sn\/index.php\/2026\/03\/05\/rationalisation-du-secteur-parapublic-vers-55-milliards-fcfa-deconomies-en-trois-ans\/#breadcrumb"},"inLanguage":"fr-FR","potentialAction":[{"@type":"ReadAction","target":["https:\/\/www.public.sn\/index.php\/2026\/03\/05\/rationalisation-du-secteur-parapublic-vers-55-milliards-fcfa-deconomies-en-trois-ans\/"]}]},{"@type":"ImageObject","inLanguage":"fr-FR","@id":"https:\/\/www.public.sn\/index.php\/2026\/03\/05\/rationalisation-du-secteur-parapublic-vers-55-milliards-fcfa-deconomies-en-trois-ans\/#primaryimage","url":"https:\/\/www.public.sn\/wp-content\/uploads\/2026\/03\/Capture-decran-2026-03-05-a-15.55.50.png","contentUrl":"https:\/\/www.public.sn\/wp-content\/uploads\/2026\/03\/Capture-decran-2026-03-05-a-15.55.50.png","width":1187,"height":664},{"@type":"BreadcrumbList","@id":"https:\/\/www.public.sn\/index.php\/2026\/03\/05\/rationalisation-du-secteur-parapublic-vers-55-milliards-fcfa-deconomies-en-trois-ans\/#breadcrumb","itemListElement":[{"@type":"ListItem","position":1,"name":"Accueil","item":"https:\/\/www.public.sn\/"},{"@type":"ListItem","position":2,"name":"Rationalisation du secteur parapublic : Vers 55 milliards FCFA d\u2019\u00e9conomies en trois ans"}]},{"@type":"WebSite","@id":"https:\/\/www.public.sn\/#website","url":"https:\/\/www.public.sn\/","name":"LE PUBLIC","description":"","publisher":{"@id":"https:\/\/www.public.sn\/#organization"},"potentialAction":[{"@type":"SearchAction","target":{"@type":"EntryPoint","urlTemplate":"https:\/\/www.public.sn\/?s={search_term_string}"},"query-input":{"@type":"PropertyValueSpecification","valueRequired":true,"valueName":"search_term_string"}}],"inLanguage":"fr-FR"},{"@type":"Organization","@id":"https:\/\/www.public.sn\/#organization","name":"LE PUBLIC","url":"https:\/\/www.public.sn\/","logo":{"@type":"ImageObject","inLanguage":"fr-FR","@id":"https:\/\/www.public.sn\/#\/schema\/logo\/image\/","url":"https:\/\/www.public.sn\/wp-content\/uploads\/2024\/05\/cropped-LOGO-PUBLIC.SN_.png","contentUrl":"https:\/\/www.public.sn\/wp-content\/uploads\/2024\/05\/cropped-LOGO-PUBLIC.SN_.png","width":682,"height":192,"caption":"LE PUBLIC"},"image":{"@id":"https:\/\/www.public.sn\/#\/schema\/logo\/image\/"}},{"@type":"Person","@id":"https:\/\/www.public.sn\/#\/schema\/person\/cb76c8e1b8becc6be61fb5e92d6d0224","name":"LA REDACTION","image":{"@type":"ImageObject","inLanguage":"fr-FR","@id":"https:\/\/www.public.sn\/#\/schema\/person\/image\/","url":"https:\/\/secure.gravatar.com\/avatar\/2dce5ddd34b8fef0180efe03aa2a9bee7d953856048f9a16b298190a3178407c?s=96&d=mm&r=g","contentUrl":"https:\/\/secure.gravatar.com\/avatar\/2dce5ddd34b8fef0180efe03aa2a9bee7d953856048f9a16b298190a3178407c?s=96&d=mm&r=g","caption":"LA REDACTION"},"url":"https:\/\/www.public.sn\/index.php\/author\/editeurpsn\/"}]}},"jetpack_featured_media_url":"https:\/\/www.public.sn\/wp-content\/uploads\/2026\/03\/Capture-decran-2026-03-05-a-15.55.50.png","jetpack_sharing_enabled":true,"_links":{"self":[{"href":"https:\/\/www.public.sn\/index.php\/wp-json\/wp\/v2\/posts\/39424","targetHints":{"allow":["GET"]}}],"collection":[{"href":"https:\/\/www.public.sn\/index.php\/wp-json\/wp\/v2\/posts"}],"about":[{"href":"https:\/\/www.public.sn\/index.php\/wp-json\/wp\/v2\/types\/post"}],"author":[{"embeddable":true,"href":"https:\/\/www.public.sn\/index.php\/wp-json\/wp\/v2\/users\/7"}],"replies":[{"embeddable":true,"href":"https:\/\/www.public.sn\/index.php\/wp-json\/wp\/v2\/comments?post=39424"}],"version-history":[{"count":2,"href":"https:\/\/www.public.sn\/index.php\/wp-json\/wp\/v2\/posts\/39424\/revisions"}],"predecessor-version":[{"id":39427,"href":"https:\/\/www.public.sn\/index.php\/wp-json\/wp\/v2\/posts\/39424\/revisions\/39427"}],"wp:featuredmedia":[{"embeddable":true,"href":"https:\/\/www.public.sn\/index.php\/wp-json\/wp\/v2\/media\/39425"}],"wp:attachment":[{"href":"https:\/\/www.public.sn\/index.php\/wp-json\/wp\/v2\/media?parent=39424"}],"wp:term":[{"taxonomy":"category","embeddable":true,"href":"https:\/\/www.public.sn\/index.php\/wp-json\/wp\/v2\/categories?post=39424"},{"taxonomy":"post_tag","embeddable":true,"href":"https:\/\/www.public.sn\/index.php\/wp-json\/wp\/v2\/tags?post=39424"}],"curies":[{"name":"wp","href":"https:\/\/api.w.org\/{rel}","templated":true}]}}