{"id":39428,"date":"2026-03-05T16:06:52","date_gmt":"2026-03-05T16:06:52","guid":{"rendered":"https:\/\/www.public.sn\/?p=39428"},"modified":"2026-03-05T16:07:00","modified_gmt":"2026-03-05T16:07:00","slug":"surete-urbaine-me-moussa-diop-et-cheikh-oumar-diagne-sous-le-feu-de-lenquete","status":"publish","type":"post","link":"https:\/\/www.public.sn\/index.php\/2026\/03\/05\/surete-urbaine-me-moussa-diop-et-cheikh-oumar-diagne-sous-le-feu-de-lenquete\/","title":{"rendered":"S\u00fbret\u00e9 urbaine : Me Moussa Diop et Cheikh Oumar Diagne sous le feu de l\u2019enqu\u00eate"},"content":{"rendered":"\n<p>Comme r\u00e9v\u00e9l\u00e9 par notre confr\u00e8re Cheikh Thiam sur Facebook, Me Moussa Diop et Cheikh Oumar Diagne ont \u00e9t\u00e9 convoqu\u00e9s ce vendredi \u00e0 la S\u00fbret\u00e9 urbaine du commissariat central de Dakar, sous la supervision du commissaire divisionnaire Mamadou Tendeng.<\/p><div class=\"publi-paragraphe1\" style=\"margin-top: 10px;margin-bottom: 10px;margin-left: auto;margin-right: auto;text-align: center;\" id=\"publi-3820749651\"><div class=\"publi-adlabel\">Publicit\u00e9<\/div><script async src=\"\/\/pagead2.googlesyndication.com\/pagead\/js\/adsbygoogle.js?client=ca-pub-4089586018074219\" crossorigin=\"anonymous\"><\/script><ins class=\"adsbygoogle\" style=\"display:block;\" data-ad-client=\"ca-pub-4089586018074219\" \ndata-ad-slot=\"2087940154\" \ndata-ad-format=\"auto\"><\/ins>\n<script> \n(adsbygoogle = window.adsbygoogle || []).push({}); \n<\/script>\n<\/div>\n\n\n\n<p>Selon nos sources, cette double convocation fait suite \u00e0 une proc\u00e9dure judiciaire d\u00e9clench\u00e9e par le procureur de la R\u00e9publique pr\u00e8s le Tribunal de grande instance hors classe de Dakar.<\/p>\n\n\n\n<p>Tout a \u00e9clat\u00e9 apr\u00e8s les d\u00e9clarations pol\u00e9miques du professeur Cheikh Oumar Diagne, qui a accus\u00e9 le Premier ministre Ousmane Sonko d\u2019\u00eatre le \u00ab\u202fcommanditaire\u202f\u00bb de la mort de l\u2019\u00e9tudiant Abdoulaye Ba \u00e0 l\u2019UCAD, sur un plateau t\u00e9l\u00e9vis\u00e9 local.<\/p>\n\n\n\n<p>De son c\u00f4t\u00e9, l\u2019avocat Me Moussa Diop a affirm\u00e9, sur une autre cha\u00eene, que le chef du gouvernement entretenait des relations amicales avec des homosexuels.<\/p>\n\n\n\n<p>Face \u00e0 ces accusations, le parquet s\u2019est autosaisi et a ordonn\u00e9 \u00e0 la S\u00fbret\u00e9 urbaine d\u2019ouvrir une enqu\u00eate. Me Moussa Diop et Cheikh Oumar Diagne devront convaincre les enqu\u00eateurs pour esp\u00e9rer sortir libres apr\u00e8s leur audition.<\/p>\n<div class=\"publi-apres-le-contenu\" style=\"margin-top: 10px;margin-bottom: 10px;margin-left: auto;margin-right: auto;text-align: center;\" id=\"publi-954711009\"><div class=\"publi-adlabel\">Publicit\u00e9<\/div><script async src=\"\/\/pagead2.googlesyndication.com\/pagead\/js\/adsbygoogle.js?client=ca-pub-4089586018074219\" crossorigin=\"anonymous\"><\/script><ins class=\"adsbygoogle\" style=\"display:block;\" data-ad-client=\"ca-pub-4089586018074219\" \ndata-ad-slot=\"2087940154\" \ndata-ad-format=\"auto\"><\/ins>\n<script> \n(adsbygoogle = window.adsbygoogle || []).push({}); \n<\/script>\n<\/div>","protected":false},"excerpt":{"rendered":"<p>Comme r\u00e9v\u00e9l\u00e9 par notre confr\u00e8re Cheikh Thiam sur Facebook, Me Moussa Diop et Cheikh Oumar Diagne ont \u00e9t\u00e9 convoqu\u00e9s ce vendredi \u00e0 la S\u00fbret\u00e9 urbaine du commissariat central de Dakar, sous la supervision du commissaire divisionnaire Mamadou Tendeng. Selon nos sources, cette double convocation fait suite \u00e0 une proc\u00e9dure judiciaire d\u00e9clench\u00e9e par le procureur de la R\u00e9publique pr\u00e8s le Tribunal de grande instance hors classe de Dakar. Tout a \u00e9clat\u00e9 apr\u00e8s les d\u00e9clarations pol\u00e9miques du professeur Cheikh Oumar Diagne, qui a accus\u00e9 le Premier ministre Ousmane Sonko d\u2019\u00eatre le \u00ab\u202fcommanditaire\u202f\u00bb de la mort de l\u2019\u00e9tudiant Abdoulaye Ba \u00e0 l\u2019UCAD, sur un plateau t\u00e9l\u00e9vis\u00e9 local. De son c\u00f4t\u00e9, l\u2019avocat Me Moussa Diop a affirm\u00e9, sur une autre cha\u00eene, que le chef du gouvernement entretenait des relations amicales avec des homosexuels. Face \u00e0 ces accusations, le parquet s\u2019est autosaisi et a ordonn\u00e9 \u00e0 la S\u00fbret\u00e9 urbaine d\u2019ouvrir une enqu\u00eate. Me Moussa Diop et Cheikh Oumar Diagne devront convaincre les enqu\u00eateurs pour esp\u00e9rer sortir libres apr\u00e8s leur audition.<\/p>\n","protected":false},"author":7,"featured_media":39429,"comment_status":"open","ping_status":"open","sticky":false,"template":"","format":"standard","meta":{"_jetpack_memberships_contains_paid_content":false,"footnotes":""},"categories":[375,3724],"tags":[271,7413,8255],"class_list":["post-39428","post","type-post","status-publish","format-standard","has-post-thumbnail","hentry","category-actualites","category-justice","tag-cheikh-oumar-diagne","tag-me-moussa-diop","tag-surete-urbaine-2","entry","has-media","owp-thumbs-layout-horizontal","owp-btn-normal","owp-tabs-layout-horizontal","has-no-thumbnails","has-product-nav"],"yoast_head":"<!-- This site is optimized with the Yoast SEO plugin v25.5 - https:\/\/yoast.com\/wordpress\/plugins\/seo\/ -->\n<title>S\u00fbret\u00e9 urbaine : Me Moussa Diop et Cheikh Oumar Diagne sous le feu de l\u2019enqu\u00eate - LE PUBLIC<\/title>\n<meta name=\"robots\" content=\"index, follow, max-snippet:-1, max-image-preview:large, max-video-preview:-1\" \/>\n<link rel=\"canonical\" href=\"https:\/\/www.public.sn\/index.php\/2026\/03\/05\/surete-urbaine-me-moussa-diop-et-cheikh-oumar-diagne-sous-le-feu-de-lenquete\/\" \/>\n<meta property=\"og:locale\" content=\"fr_FR\" \/>\n<meta property=\"og:type\" content=\"article\" \/>\n<meta property=\"og:title\" content=\"S\u00fbret\u00e9 urbaine : Me Moussa Diop et Cheikh Oumar Diagne sous le feu de l\u2019enqu\u00eate - LE PUBLIC\" \/>\n<meta property=\"og:description\" content=\"Comme r\u00e9v\u00e9l\u00e9 par notre confr\u00e8re Cheikh Thiam sur Facebook, Me Moussa Diop et Cheikh Oumar Diagne ont \u00e9t\u00e9 convoqu\u00e9s ce vendredi \u00e0 la S\u00fbret\u00e9 urbaine du commissariat central de Dakar, sous la supervision du commissaire divisionnaire Mamadou Tendeng. Selon nos sources, cette double convocation fait suite \u00e0 une proc\u00e9dure judiciaire d\u00e9clench\u00e9e par le procureur de la R\u00e9publique pr\u00e8s le Tribunal de grande instance hors classe de Dakar. Tout a \u00e9clat\u00e9 apr\u00e8s les d\u00e9clarations pol\u00e9miques du professeur Cheikh Oumar Diagne, qui a accus\u00e9 le Premier ministre Ousmane Sonko d\u2019\u00eatre le \u00ab\u202fcommanditaire\u202f\u00bb de la mort de l\u2019\u00e9tudiant Abdoulaye Ba \u00e0 l\u2019UCAD, sur un plateau t\u00e9l\u00e9vis\u00e9 local. De son c\u00f4t\u00e9, l\u2019avocat Me Moussa Diop a affirm\u00e9, sur une autre cha\u00eene, que le chef du gouvernement entretenait des relations amicales avec des homosexuels. Face \u00e0 ces accusations, le parquet s\u2019est autosaisi et a ordonn\u00e9 \u00e0 la S\u00fbret\u00e9 urbaine d\u2019ouvrir une enqu\u00eate. Me Moussa Diop et Cheikh Oumar Diagne devront convaincre les enqu\u00eateurs pour esp\u00e9rer sortir libres apr\u00e8s leur audition.\" \/>\n<meta property=\"og:url\" content=\"https:\/\/www.public.sn\/index.php\/2026\/03\/05\/surete-urbaine-me-moussa-diop-et-cheikh-oumar-diagne-sous-le-feu-de-lenquete\/\" \/>\n<meta property=\"og:site_name\" content=\"LE PUBLIC\" \/>\n<meta property=\"article:published_time\" content=\"2026-03-05T16:06:52+00:00\" \/>\n<meta property=\"article:modified_time\" content=\"2026-03-05T16:07:00+00:00\" \/>\n<meta property=\"og:image\" content=\"https:\/\/www.public.sn\/wp-content\/uploads\/2026\/03\/Capture-decran-2026-03-05-a-16.03.48.png\" \/>\n\t<meta property=\"og:image:width\" content=\"749\" \/>\n\t<meta property=\"og:image:height\" content=\"420\" \/>\n\t<meta property=\"og:image:type\" content=\"image\/png\" \/>\n<meta name=\"author\" content=\"LA REDACTION\" \/>\n<meta name=\"twitter:card\" content=\"summary_large_image\" \/>\n<meta name=\"twitter:label1\" content=\"\u00c9crit par\" \/>\n\t<meta name=\"twitter:data1\" content=\"LA REDACTION\" \/>\n\t<meta name=\"twitter:label2\" content=\"Dur\u00e9e de lecture estim\u00e9e\" \/>\n\t<meta name=\"twitter:data2\" content=\"2 minutes\" \/>\n<script type=\"application\/ld+json\" class=\"yoast-schema-graph\">{\"@context\":\"https:\/\/schema.org\",\"@graph\":[{\"@type\":\"Article\",\"@id\":\"https:\/\/www.public.sn\/index.php\/2026\/03\/05\/surete-urbaine-me-moussa-diop-et-cheikh-oumar-diagne-sous-le-feu-de-lenquete\/#article\",\"isPartOf\":{\"@id\":\"https:\/\/www.public.sn\/index.php\/2026\/03\/05\/surete-urbaine-me-moussa-diop-et-cheikh-oumar-diagne-sous-le-feu-de-lenquete\/\"},\"author\":{\"name\":\"LA REDACTION\",\"@id\":\"https:\/\/www.public.sn\/#\/schema\/person\/cb76c8e1b8becc6be61fb5e92d6d0224\"},\"headline\":\"S\u00fbret\u00e9 urbaine : Me Moussa Diop et Cheikh Oumar Diagne sous le feu de l\u2019enqu\u00eate\",\"datePublished\":\"2026-03-05T16:06:52+00:00\",\"dateModified\":\"2026-03-05T16:07:00+00:00\",\"mainEntityOfPage\":{\"@id\":\"https:\/\/www.public.sn\/index.php\/2026\/03\/05\/surete-urbaine-me-moussa-diop-et-cheikh-oumar-diagne-sous-le-feu-de-lenquete\/\"},\"wordCount\":205,\"commentCount\":0,\"publisher\":{\"@id\":\"https:\/\/www.public.sn\/#organization\"},\"image\":{\"@id\":\"https:\/\/www.public.sn\/index.php\/2026\/03\/05\/surete-urbaine-me-moussa-diop-et-cheikh-oumar-diagne-sous-le-feu-de-lenquete\/#primaryimage\"},\"thumbnailUrl\":\"https:\/\/www.public.sn\/wp-content\/uploads\/2026\/03\/Capture-decran-2026-03-05-a-16.03.48.png\",\"keywords\":[\"Cheikh Oumar Diagne\",\"Me Moussa Diop\",\"S\u00fbret\u00e9 Urbaine\"],\"articleSection\":[\"ACTUALIT\u00c9S\",\"justice\"],\"inLanguage\":\"fr-FR\",\"potentialAction\":[{\"@type\":\"CommentAction\",\"name\":\"Comment\",\"target\":[\"https:\/\/www.public.sn\/index.php\/2026\/03\/05\/surete-urbaine-me-moussa-diop-et-cheikh-oumar-diagne-sous-le-feu-de-lenquete\/#respond\"]}]},{\"@type\":\"WebPage\",\"@id\":\"https:\/\/www.public.sn\/index.php\/2026\/03\/05\/surete-urbaine-me-moussa-diop-et-cheikh-oumar-diagne-sous-le-feu-de-lenquete\/\",\"url\":\"https:\/\/www.public.sn\/index.php\/2026\/03\/05\/surete-urbaine-me-moussa-diop-et-cheikh-oumar-diagne-sous-le-feu-de-lenquete\/\",\"name\":\"S\u00fbret\u00e9 urbaine : Me Moussa Diop et Cheikh Oumar Diagne sous le feu de l\u2019enqu\u00eate - LE PUBLIC\",\"isPartOf\":{\"@id\":\"https:\/\/www.public.sn\/#website\"},\"primaryImageOfPage\":{\"@id\":\"https:\/\/www.public.sn\/index.php\/2026\/03\/05\/surete-urbaine-me-moussa-diop-et-cheikh-oumar-diagne-sous-le-feu-de-lenquete\/#primaryimage\"},\"image\":{\"@id\":\"https:\/\/www.public.sn\/index.php\/2026\/03\/05\/surete-urbaine-me-moussa-diop-et-cheikh-oumar-diagne-sous-le-feu-de-lenquete\/#primaryimage\"},\"thumbnailUrl\":\"https:\/\/www.public.sn\/wp-content\/uploads\/2026\/03\/Capture-decran-2026-03-05-a-16.03.48.png\",\"datePublished\":\"2026-03-05T16:06:52+00:00\",\"dateModified\":\"2026-03-05T16:07:00+00:00\",\"breadcrumb\":{\"@id\":\"https:\/\/www.public.sn\/index.php\/2026\/03\/05\/surete-urbaine-me-moussa-diop-et-cheikh-oumar-diagne-sous-le-feu-de-lenquete\/#breadcrumb\"},\"inLanguage\":\"fr-FR\",\"potentialAction\":[{\"@type\":\"ReadAction\",\"target\":[\"https:\/\/www.public.sn\/index.php\/2026\/03\/05\/surete-urbaine-me-moussa-diop-et-cheikh-oumar-diagne-sous-le-feu-de-lenquete\/\"]}]},{\"@type\":\"ImageObject\",\"inLanguage\":\"fr-FR\",\"@id\":\"https:\/\/www.public.sn\/index.php\/2026\/03\/05\/surete-urbaine-me-moussa-diop-et-cheikh-oumar-diagne-sous-le-feu-de-lenquete\/#primaryimage\",\"url\":\"https:\/\/www.public.sn\/wp-content\/uploads\/2026\/03\/Capture-decran-2026-03-05-a-16.03.48.png\",\"contentUrl\":\"https:\/\/www.public.sn\/wp-content\/uploads\/2026\/03\/Capture-decran-2026-03-05-a-16.03.48.png\",\"width\":749,\"height\":420},{\"@type\":\"BreadcrumbList\",\"@id\":\"https:\/\/www.public.sn\/index.php\/2026\/03\/05\/surete-urbaine-me-moussa-diop-et-cheikh-oumar-diagne-sous-le-feu-de-lenquete\/#breadcrumb\",\"itemListElement\":[{\"@type\":\"ListItem\",\"position\":1,\"name\":\"Accueil\",\"item\":\"https:\/\/www.public.sn\/\"},{\"@type\":\"ListItem\",\"position\":2,\"name\":\"S\u00fbret\u00e9 urbaine : Me Moussa Diop et Cheikh Oumar Diagne sous le feu de l\u2019enqu\u00eate\"}]},{\"@type\":\"WebSite\",\"@id\":\"https:\/\/www.public.sn\/#website\",\"url\":\"https:\/\/www.public.sn\/\",\"name\":\"LE PUBLIC\",\"description\":\"\",\"publisher\":{\"@id\":\"https:\/\/www.public.sn\/#organization\"},\"potentialAction\":[{\"@type\":\"SearchAction\",\"target\":{\"@type\":\"EntryPoint\",\"urlTemplate\":\"https:\/\/www.public.sn\/?s={search_term_string}\"},\"query-input\":{\"@type\":\"PropertyValueSpecification\",\"valueRequired\":true,\"valueName\":\"search_term_string\"}}],\"inLanguage\":\"fr-FR\"},{\"@type\":\"Organization\",\"@id\":\"https:\/\/www.public.sn\/#organization\",\"name\":\"LE PUBLIC\",\"url\":\"https:\/\/www.public.sn\/\",\"logo\":{\"@type\":\"ImageObject\",\"inLanguage\":\"fr-FR\",\"@id\":\"https:\/\/www.public.sn\/#\/schema\/logo\/image\/\",\"url\":\"https:\/\/www.public.sn\/wp-content\/uploads\/2024\/05\/cropped-LOGO-PUBLIC.SN_.png\",\"contentUrl\":\"https:\/\/www.public.sn\/wp-content\/uploads\/2024\/05\/cropped-LOGO-PUBLIC.SN_.png\",\"width\":682,\"height\":192,\"caption\":\"LE PUBLIC\"},\"image\":{\"@id\":\"https:\/\/www.public.sn\/#\/schema\/logo\/image\/\"}},{\"@type\":\"Person\",\"@id\":\"https:\/\/www.public.sn\/#\/schema\/person\/cb76c8e1b8becc6be61fb5e92d6d0224\",\"name\":\"LA REDACTION\",\"image\":{\"@type\":\"ImageObject\",\"inLanguage\":\"fr-FR\",\"@id\":\"https:\/\/www.public.sn\/#\/schema\/person\/image\/\",\"url\":\"https:\/\/secure.gravatar.com\/avatar\/2dce5ddd34b8fef0180efe03aa2a9bee7d953856048f9a16b298190a3178407c?s=96&d=mm&r=g\",\"contentUrl\":\"https:\/\/secure.gravatar.com\/avatar\/2dce5ddd34b8fef0180efe03aa2a9bee7d953856048f9a16b298190a3178407c?s=96&d=mm&r=g\",\"caption\":\"LA REDACTION\"},\"url\":\"https:\/\/www.public.sn\/index.php\/author\/editeurpsn\/\"}]}<\/script>\n<!-- \/ Yoast SEO plugin. -->","yoast_head_json":{"title":"S\u00fbret\u00e9 urbaine : Me Moussa Diop et Cheikh Oumar Diagne sous le feu de l\u2019enqu\u00eate - LE PUBLIC","robots":{"index":"index","follow":"follow","max-snippet":"max-snippet:-1","max-image-preview":"max-image-preview:large","max-video-preview":"max-video-preview:-1"},"canonical":"https:\/\/www.public.sn\/index.php\/2026\/03\/05\/surete-urbaine-me-moussa-diop-et-cheikh-oumar-diagne-sous-le-feu-de-lenquete\/","og_locale":"fr_FR","og_type":"article","og_title":"S\u00fbret\u00e9 urbaine : Me Moussa Diop et Cheikh Oumar Diagne sous le feu de l\u2019enqu\u00eate - LE PUBLIC","og_description":"Comme r\u00e9v\u00e9l\u00e9 par notre confr\u00e8re Cheikh Thiam sur Facebook, Me Moussa Diop et Cheikh Oumar Diagne ont \u00e9t\u00e9 convoqu\u00e9s ce vendredi \u00e0 la S\u00fbret\u00e9 urbaine du commissariat central de Dakar, sous la supervision du commissaire divisionnaire Mamadou Tendeng. Selon nos sources, cette double convocation fait suite \u00e0 une proc\u00e9dure judiciaire d\u00e9clench\u00e9e par le procureur de la R\u00e9publique pr\u00e8s le Tribunal de grande instance hors classe de Dakar. Tout a \u00e9clat\u00e9 apr\u00e8s les d\u00e9clarations pol\u00e9miques du professeur Cheikh Oumar Diagne, qui a accus\u00e9 le Premier ministre Ousmane Sonko d\u2019\u00eatre le \u00ab\u202fcommanditaire\u202f\u00bb de la mort de l\u2019\u00e9tudiant Abdoulaye Ba \u00e0 l\u2019UCAD, sur un plateau t\u00e9l\u00e9vis\u00e9 local. De son c\u00f4t\u00e9, l\u2019avocat Me Moussa Diop a affirm\u00e9, sur une autre cha\u00eene, que le chef du gouvernement entretenait des relations amicales avec des homosexuels. Face \u00e0 ces accusations, le parquet s\u2019est autosaisi et a ordonn\u00e9 \u00e0 la S\u00fbret\u00e9 urbaine d\u2019ouvrir une enqu\u00eate. Me Moussa Diop et Cheikh Oumar Diagne devront convaincre les enqu\u00eateurs pour esp\u00e9rer sortir libres apr\u00e8s leur audition.","og_url":"https:\/\/www.public.sn\/index.php\/2026\/03\/05\/surete-urbaine-me-moussa-diop-et-cheikh-oumar-diagne-sous-le-feu-de-lenquete\/","og_site_name":"LE PUBLIC","article_published_time":"2026-03-05T16:06:52+00:00","article_modified_time":"2026-03-05T16:07:00+00:00","og_image":[{"width":749,"height":420,"url":"https:\/\/www.public.sn\/wp-content\/uploads\/2026\/03\/Capture-decran-2026-03-05-a-16.03.48.png","type":"image\/png"}],"author":"LA REDACTION","twitter_card":"summary_large_image","twitter_misc":{"\u00c9crit par":"LA REDACTION","Dur\u00e9e de lecture estim\u00e9e":"2 minutes"},"schema":{"@context":"https:\/\/schema.org","@graph":[{"@type":"Article","@id":"https:\/\/www.public.sn\/index.php\/2026\/03\/05\/surete-urbaine-me-moussa-diop-et-cheikh-oumar-diagne-sous-le-feu-de-lenquete\/#article","isPartOf":{"@id":"https:\/\/www.public.sn\/index.php\/2026\/03\/05\/surete-urbaine-me-moussa-diop-et-cheikh-oumar-diagne-sous-le-feu-de-lenquete\/"},"author":{"name":"LA REDACTION","@id":"https:\/\/www.public.sn\/#\/schema\/person\/cb76c8e1b8becc6be61fb5e92d6d0224"},"headline":"S\u00fbret\u00e9 urbaine : Me Moussa Diop et Cheikh Oumar Diagne sous le feu de l\u2019enqu\u00eate","datePublished":"2026-03-05T16:06:52+00:00","dateModified":"2026-03-05T16:07:00+00:00","mainEntityOfPage":{"@id":"https:\/\/www.public.sn\/index.php\/2026\/03\/05\/surete-urbaine-me-moussa-diop-et-cheikh-oumar-diagne-sous-le-feu-de-lenquete\/"},"wordCount":205,"commentCount":0,"publisher":{"@id":"https:\/\/www.public.sn\/#organization"},"image":{"@id":"https:\/\/www.public.sn\/index.php\/2026\/03\/05\/surete-urbaine-me-moussa-diop-et-cheikh-oumar-diagne-sous-le-feu-de-lenquete\/#primaryimage"},"thumbnailUrl":"https:\/\/www.public.sn\/wp-content\/uploads\/2026\/03\/Capture-decran-2026-03-05-a-16.03.48.png","keywords":["Cheikh Oumar Diagne","Me Moussa Diop","S\u00fbret\u00e9 Urbaine"],"articleSection":["ACTUALIT\u00c9S","justice"],"inLanguage":"fr-FR","potentialAction":[{"@type":"CommentAction","name":"Comment","target":["https:\/\/www.public.sn\/index.php\/2026\/03\/05\/surete-urbaine-me-moussa-diop-et-cheikh-oumar-diagne-sous-le-feu-de-lenquete\/#respond"]}]},{"@type":"WebPage","@id":"https:\/\/www.public.sn\/index.php\/2026\/03\/05\/surete-urbaine-me-moussa-diop-et-cheikh-oumar-diagne-sous-le-feu-de-lenquete\/","url":"https:\/\/www.public.sn\/index.php\/2026\/03\/05\/surete-urbaine-me-moussa-diop-et-cheikh-oumar-diagne-sous-le-feu-de-lenquete\/","name":"S\u00fbret\u00e9 urbaine : Me Moussa Diop et Cheikh Oumar Diagne sous le feu de l\u2019enqu\u00eate - LE PUBLIC","isPartOf":{"@id":"https:\/\/www.public.sn\/#website"},"primaryImageOfPage":{"@id":"https:\/\/www.public.sn\/index.php\/2026\/03\/05\/surete-urbaine-me-moussa-diop-et-cheikh-oumar-diagne-sous-le-feu-de-lenquete\/#primaryimage"},"image":{"@id":"https:\/\/www.public.sn\/index.php\/2026\/03\/05\/surete-urbaine-me-moussa-diop-et-cheikh-oumar-diagne-sous-le-feu-de-lenquete\/#primaryimage"},"thumbnailUrl":"https:\/\/www.public.sn\/wp-content\/uploads\/2026\/03\/Capture-decran-2026-03-05-a-16.03.48.png","datePublished":"2026-03-05T16:06:52+00:00","dateModified":"2026-03-05T16:07:00+00:00","breadcrumb":{"@id":"https:\/\/www.public.sn\/index.php\/2026\/03\/05\/surete-urbaine-me-moussa-diop-et-cheikh-oumar-diagne-sous-le-feu-de-lenquete\/#breadcrumb"},"inLanguage":"fr-FR","potentialAction":[{"@type":"ReadAction","target":["https:\/\/www.public.sn\/index.php\/2026\/03\/05\/surete-urbaine-me-moussa-diop-et-cheikh-oumar-diagne-sous-le-feu-de-lenquete\/"]}]},{"@type":"ImageObject","inLanguage":"fr-FR","@id":"https:\/\/www.public.sn\/index.php\/2026\/03\/05\/surete-urbaine-me-moussa-diop-et-cheikh-oumar-diagne-sous-le-feu-de-lenquete\/#primaryimage","url":"https:\/\/www.public.sn\/wp-content\/uploads\/2026\/03\/Capture-decran-2026-03-05-a-16.03.48.png","contentUrl":"https:\/\/www.public.sn\/wp-content\/uploads\/2026\/03\/Capture-decran-2026-03-05-a-16.03.48.png","width":749,"height":420},{"@type":"BreadcrumbList","@id":"https:\/\/www.public.sn\/index.php\/2026\/03\/05\/surete-urbaine-me-moussa-diop-et-cheikh-oumar-diagne-sous-le-feu-de-lenquete\/#breadcrumb","itemListElement":[{"@type":"ListItem","position":1,"name":"Accueil","item":"https:\/\/www.public.sn\/"},{"@type":"ListItem","position":2,"name":"S\u00fbret\u00e9 urbaine : Me Moussa Diop et Cheikh Oumar Diagne sous le feu de l\u2019enqu\u00eate"}]},{"@type":"WebSite","@id":"https:\/\/www.public.sn\/#website","url":"https:\/\/www.public.sn\/","name":"LE PUBLIC","description":"","publisher":{"@id":"https:\/\/www.public.sn\/#organization"},"potentialAction":[{"@type":"SearchAction","target":{"@type":"EntryPoint","urlTemplate":"https:\/\/www.public.sn\/?s={search_term_string}"},"query-input":{"@type":"PropertyValueSpecification","valueRequired":true,"valueName":"search_term_string"}}],"inLanguage":"fr-FR"},{"@type":"Organization","@id":"https:\/\/www.public.sn\/#organization","name":"LE PUBLIC","url":"https:\/\/www.public.sn\/","logo":{"@type":"ImageObject","inLanguage":"fr-FR","@id":"https:\/\/www.public.sn\/#\/schema\/logo\/image\/","url":"https:\/\/www.public.sn\/wp-content\/uploads\/2024\/05\/cropped-LOGO-PUBLIC.SN_.png","contentUrl":"https:\/\/www.public.sn\/wp-content\/uploads\/2024\/05\/cropped-LOGO-PUBLIC.SN_.png","width":682,"height":192,"caption":"LE PUBLIC"},"image":{"@id":"https:\/\/www.public.sn\/#\/schema\/logo\/image\/"}},{"@type":"Person","@id":"https:\/\/www.public.sn\/#\/schema\/person\/cb76c8e1b8becc6be61fb5e92d6d0224","name":"LA REDACTION","image":{"@type":"ImageObject","inLanguage":"fr-FR","@id":"https:\/\/www.public.sn\/#\/schema\/person\/image\/","url":"https:\/\/secure.gravatar.com\/avatar\/2dce5ddd34b8fef0180efe03aa2a9bee7d953856048f9a16b298190a3178407c?s=96&d=mm&r=g","contentUrl":"https:\/\/secure.gravatar.com\/avatar\/2dce5ddd34b8fef0180efe03aa2a9bee7d953856048f9a16b298190a3178407c?s=96&d=mm&r=g","caption":"LA REDACTION"},"url":"https:\/\/www.public.sn\/index.php\/author\/editeurpsn\/"}]}},"jetpack_featured_media_url":"https:\/\/www.public.sn\/wp-content\/uploads\/2026\/03\/Capture-decran-2026-03-05-a-16.03.48.png","jetpack_sharing_enabled":true,"_links":{"self":[{"href":"https:\/\/www.public.sn\/index.php\/wp-json\/wp\/v2\/posts\/39428","targetHints":{"allow":["GET"]}}],"collection":[{"href":"https:\/\/www.public.sn\/index.php\/wp-json\/wp\/v2\/posts"}],"about":[{"href":"https:\/\/www.public.sn\/index.php\/wp-json\/wp\/v2\/types\/post"}],"author":[{"embeddable":true,"href":"https:\/\/www.public.sn\/index.php\/wp-json\/wp\/v2\/users\/7"}],"replies":[{"embeddable":true,"href":"https:\/\/www.public.sn\/index.php\/wp-json\/wp\/v2\/comments?post=39428"}],"version-history":[{"count":1,"href":"https:\/\/www.public.sn\/index.php\/wp-json\/wp\/v2\/posts\/39428\/revisions"}],"predecessor-version":[{"id":39430,"href":"https:\/\/www.public.sn\/index.php\/wp-json\/wp\/v2\/posts\/39428\/revisions\/39430"}],"wp:featuredmedia":[{"embeddable":true,"href":"https:\/\/www.public.sn\/index.php\/wp-json\/wp\/v2\/media\/39429"}],"wp:attachment":[{"href":"https:\/\/www.public.sn\/index.php\/wp-json\/wp\/v2\/media?parent=39428"}],"wp:term":[{"taxonomy":"category","embeddable":true,"href":"https:\/\/www.public.sn\/index.php\/wp-json\/wp\/v2\/categories?post=39428"},{"taxonomy":"post_tag","embeddable":true,"href":"https:\/\/www.public.sn\/index.php\/wp-json\/wp\/v2\/tags?post=39428"}],"curies":[{"name":"wp","href":"https:\/\/api.w.org\/{rel}","templated":true}]}}