{"id":39445,"date":"2026-03-06T11:51:17","date_gmt":"2026-03-06T11:51:17","guid":{"rendered":"https:\/\/www.public.sn\/?p=39445"},"modified":"2026-03-06T11:51:25","modified_gmt":"2026-03-06T11:51:25","slug":"convocation-a-la-surete-urbaine-cheikh-oumar-diagne-repond-par-un-cinglant-je-ne-suis-pas-disponible","status":"publish","type":"post","link":"https:\/\/www.public.sn\/index.php\/2026\/03\/06\/convocation-a-la-surete-urbaine-cheikh-oumar-diagne-repond-par-un-cinglant-je-ne-suis-pas-disponible\/","title":{"rendered":"Convocation \u00e0 la S\u00fbret\u00e9 urbaine :\u00a0Cheikh Oumar Diagne\u00a0r\u00e9pond par un cinglant \u00ab je ne suis pas disponible \u00bb"},"content":{"rendered":"\n<p><strong>\u00ab Je ne suis pas disponible \u00bb :&nbsp;Cheikh Oumar Diagne&nbsp;r\u00e9pond \u00e0 sa convocation et d\u00e9nonce une d\u00e9marche \u00ab informelle \u00bb<\/strong><\/p><div class=\"publi-paragraphe1\" style=\"margin-top: 10px;margin-bottom: 10px;margin-left: auto;margin-right: auto;text-align: center;\" id=\"publi-4276915169\"><div class=\"publi-adlabel\">Publicit\u00e9<\/div><script async src=\"\/\/pagead2.googlesyndication.com\/pagead\/js\/adsbygoogle.js?client=ca-pub-4089586018074219\" crossorigin=\"anonymous\"><\/script><ins class=\"adsbygoogle\" style=\"display:block;\" data-ad-client=\"ca-pub-4089586018074219\" \ndata-ad-slot=\"2087940154\" \ndata-ad-format=\"auto\"><\/ins>\n<script> \n(adsbygoogle = window.adsbygoogle || []).push({}); \n<\/script>\n<\/div>\n\n\n\n<p>Convoqu\u00e9 ce vendredi en m\u00eame temps que&nbsp;Moussa Diop,&nbsp;Cheikh Oumar Diagne&nbsp;a tenu \u00e0 couper court aux rumeurs de fuite. Dans des propos rapport\u00e9s par&nbsp;<strong>L\u2019Observateur<\/strong>, l\u2019ancien Directeur des moyens g\u00e9n\u00e9raux de la Pr\u00e9sidence assure \u00eatre rest\u00e9 chez lui toute la journ\u00e9e.<\/p>\n\n\n\n<p>\u00ab Depuis ce matin, je suis chez moi. La police ne m\u2019a adress\u00e9 aucune convocation officielle. Je ne suis sorti qu\u2019\u00e0 17h40 pour aller faire le&nbsp;<em>weuzifa<\/em>&nbsp;avant de revenir \u00e0 la maison o\u00f9 j\u2019ai pris le&nbsp;<em>ndogou<\/em>&nbsp;\u00bb, a-t-il d\u00e9clar\u00e9.<\/p>\n\n\n\n<p>Selon lui, la d\u00e9marche des forces de l\u2019ordre ne rev\u00eat aucun caract\u00e8re formel. Il affirme n\u2019avoir re\u00e7u qu\u2019un&nbsp;<strong>simple message \u00e9crit envoy\u00e9 \u00e0 17h31 par un lieutenant de police<\/strong>, et non une convocation officielle \u00e9manant de la S\u00fbret\u00e9 urbaine.<\/p>\n\n\n\n<p>Face \u00e0 la demande des enqu\u00eateurs de se pr\u00e9senter \u00e0 10h ce vendredi, Cheikh Oumar Diagne dit avoir d\u00e9clin\u00e9 le rendez-vous, \u00e9voquant d\u2019autres obligations. \u00ab Je ne suis pas disponible. Je pr\u00e9f\u00e8re \u00e9ventuellement me pr\u00e9senter dans la soir\u00e9e. Jusqu\u2019\u00e0 pr\u00e9sent, j\u2019attends toujours leur retour \u00bb, a-t-il ajout\u00e9, laissant planer le doute sur sa comparution.<\/p>\n\n\n\n<hr class=\"wp-block-separator has-alpha-channel-opacity\"\/>\n<div class=\"publi-apres-le-contenu\" style=\"margin-top: 10px;margin-bottom: 10px;margin-left: auto;margin-right: auto;text-align: center;\" id=\"publi-3545094062\"><div class=\"publi-adlabel\">Publicit\u00e9<\/div><script async src=\"\/\/pagead2.googlesyndication.com\/pagead\/js\/adsbygoogle.js?client=ca-pub-4089586018074219\" crossorigin=\"anonymous\"><\/script><ins class=\"adsbygoogle\" style=\"display:block;\" data-ad-client=\"ca-pub-4089586018074219\" \ndata-ad-slot=\"2087940154\" \ndata-ad-format=\"auto\"><\/ins>\n<script> \n(adsbygoogle = window.adsbygoogle || []).push({}); \n<\/script>\n<\/div>","protected":false},"excerpt":{"rendered":"<p>\u00ab Je ne suis pas disponible \u00bb :&nbsp;Cheikh Oumar Diagne&nbsp;r\u00e9pond \u00e0 sa convocation et d\u00e9nonce une d\u00e9marche \u00ab informelle \u00bb Convoqu\u00e9 ce vendredi en m\u00eame temps que&nbsp;Moussa Diop,&nbsp;Cheikh Oumar Diagne&nbsp;a tenu \u00e0 couper court aux rumeurs de fuite. Dans des propos rapport\u00e9s par&nbsp;L\u2019Observateur, l\u2019ancien Directeur des moyens g\u00e9n\u00e9raux de la Pr\u00e9sidence assure \u00eatre rest\u00e9 chez lui toute la journ\u00e9e. \u00ab Depuis ce matin, je suis chez moi. La police ne m\u2019a adress\u00e9 aucune convocation officielle. Je ne suis sorti qu\u2019\u00e0 17h40 pour aller faire le&nbsp;weuzifa&nbsp;avant de revenir \u00e0 la maison o\u00f9 j\u2019ai pris le&nbsp;ndogou&nbsp;\u00bb, a-t-il d\u00e9clar\u00e9. Selon lui, la d\u00e9marche des forces de l\u2019ordre ne rev\u00eat aucun caract\u00e8re formel. Il affirme n\u2019avoir re\u00e7u qu\u2019un&nbsp;simple message \u00e9crit envoy\u00e9 \u00e0 17h31 par un lieutenant de police, et non une convocation officielle \u00e9manant de la S\u00fbret\u00e9 urbaine. Face \u00e0 la demande des enqu\u00eateurs de se pr\u00e9senter \u00e0 10h ce vendredi, Cheikh Oumar Diagne dit avoir d\u00e9clin\u00e9 le rendez-vous, \u00e9voquant d\u2019autres obligations. \u00ab Je ne suis pas disponible. Je pr\u00e9f\u00e8re \u00e9ventuellement me pr\u00e9senter dans la soir\u00e9e. Jusqu\u2019\u00e0 pr\u00e9sent, j\u2019attends toujours leur retour \u00bb, a-t-il ajout\u00e9, laissant planer le doute sur sa comparution.<\/p>\n","protected":false},"author":7,"featured_media":39446,"comment_status":"open","ping_status":"open","sticky":false,"template":"","format":"standard","meta":{"_jetpack_memberships_contains_paid_content":false,"footnotes":""},"categories":[375,3724],"tags":[271,8255],"class_list":["post-39445","post","type-post","status-publish","format-standard","has-post-thumbnail","hentry","category-actualites","category-justice","tag-cheikh-oumar-diagne","tag-surete-urbaine-2","entry","has-media","owp-thumbs-layout-horizontal","owp-btn-normal","owp-tabs-layout-horizontal","has-no-thumbnails","has-product-nav"],"yoast_head":"<!-- This site is optimized with the Yoast SEO plugin v25.5 - https:\/\/yoast.com\/wordpress\/plugins\/seo\/ -->\n<title>Convocation \u00e0 la S\u00fbret\u00e9 urbaine :\u00a0Cheikh Oumar Diagne\u00a0r\u00e9pond par un cinglant \u00ab je ne suis pas disponible \u00bb - LE PUBLIC<\/title>\n<meta name=\"robots\" content=\"index, follow, max-snippet:-1, max-image-preview:large, max-video-preview:-1\" \/>\n<link rel=\"canonical\" href=\"https:\/\/www.public.sn\/index.php\/2026\/03\/06\/convocation-a-la-surete-urbaine-cheikh-oumar-diagne-repond-par-un-cinglant-je-ne-suis-pas-disponible\/\" \/>\n<meta property=\"og:locale\" content=\"fr_FR\" \/>\n<meta property=\"og:type\" content=\"article\" \/>\n<meta property=\"og:title\" content=\"Convocation \u00e0 la S\u00fbret\u00e9 urbaine :\u00a0Cheikh Oumar Diagne\u00a0r\u00e9pond par un cinglant \u00ab je ne suis pas disponible \u00bb - LE PUBLIC\" \/>\n<meta property=\"og:description\" content=\"\u00ab Je ne suis pas disponible \u00bb :&nbsp;Cheikh Oumar Diagne&nbsp;r\u00e9pond \u00e0 sa convocation et d\u00e9nonce une d\u00e9marche \u00ab informelle \u00bb Convoqu\u00e9 ce vendredi en m\u00eame temps que&nbsp;Moussa Diop,&nbsp;Cheikh Oumar Diagne&nbsp;a tenu \u00e0 couper court aux rumeurs de fuite. Dans des propos rapport\u00e9s par&nbsp;L\u2019Observateur, l\u2019ancien Directeur des moyens g\u00e9n\u00e9raux de la Pr\u00e9sidence assure \u00eatre rest\u00e9 chez lui toute la journ\u00e9e. \u00ab Depuis ce matin, je suis chez moi. La police ne m\u2019a adress\u00e9 aucune convocation officielle. Je ne suis sorti qu\u2019\u00e0 17h40 pour aller faire le&nbsp;weuzifa&nbsp;avant de revenir \u00e0 la maison o\u00f9 j\u2019ai pris le&nbsp;ndogou&nbsp;\u00bb, a-t-il d\u00e9clar\u00e9. Selon lui, la d\u00e9marche des forces de l\u2019ordre ne rev\u00eat aucun caract\u00e8re formel. Il affirme n\u2019avoir re\u00e7u qu\u2019un&nbsp;simple message \u00e9crit envoy\u00e9 \u00e0 17h31 par un lieutenant de police, et non une convocation officielle \u00e9manant de la S\u00fbret\u00e9 urbaine. Face \u00e0 la demande des enqu\u00eateurs de se pr\u00e9senter \u00e0 10h ce vendredi, Cheikh Oumar Diagne dit avoir d\u00e9clin\u00e9 le rendez-vous, \u00e9voquant d\u2019autres obligations. \u00ab Je ne suis pas disponible. Je pr\u00e9f\u00e8re \u00e9ventuellement me pr\u00e9senter dans la soir\u00e9e. Jusqu\u2019\u00e0 pr\u00e9sent, j\u2019attends toujours leur retour \u00bb, a-t-il ajout\u00e9, laissant planer le doute sur sa comparution.\" \/>\n<meta property=\"og:url\" content=\"https:\/\/www.public.sn\/index.php\/2026\/03\/06\/convocation-a-la-surete-urbaine-cheikh-oumar-diagne-repond-par-un-cinglant-je-ne-suis-pas-disponible\/\" \/>\n<meta property=\"og:site_name\" content=\"LE PUBLIC\" \/>\n<meta property=\"article:published_time\" content=\"2026-03-06T11:51:17+00:00\" \/>\n<meta property=\"article:modified_time\" content=\"2026-03-06T11:51:25+00:00\" \/>\n<meta property=\"og:image\" content=\"https:\/\/www.public.sn\/wp-content\/uploads\/2026\/03\/Capture-decran-2026-03-06-a-11.48.34.png\" \/>\n\t<meta property=\"og:image:width\" content=\"764\" \/>\n\t<meta property=\"og:image:height\" content=\"430\" \/>\n\t<meta property=\"og:image:type\" content=\"image\/png\" \/>\n<meta name=\"author\" content=\"LA REDACTION\" \/>\n<meta name=\"twitter:card\" content=\"summary_large_image\" \/>\n<meta name=\"twitter:label1\" content=\"\u00c9crit par\" \/>\n\t<meta name=\"twitter:data1\" content=\"LA REDACTION\" \/>\n\t<meta name=\"twitter:label2\" content=\"Dur\u00e9e de lecture estim\u00e9e\" \/>\n\t<meta name=\"twitter:data2\" content=\"2 minutes\" \/>\n<script type=\"application\/ld+json\" class=\"yoast-schema-graph\">{\"@context\":\"https:\/\/schema.org\",\"@graph\":[{\"@type\":\"Article\",\"@id\":\"https:\/\/www.public.sn\/index.php\/2026\/03\/06\/convocation-a-la-surete-urbaine-cheikh-oumar-diagne-repond-par-un-cinglant-je-ne-suis-pas-disponible\/#article\",\"isPartOf\":{\"@id\":\"https:\/\/www.public.sn\/index.php\/2026\/03\/06\/convocation-a-la-surete-urbaine-cheikh-oumar-diagne-repond-par-un-cinglant-je-ne-suis-pas-disponible\/\"},\"author\":{\"name\":\"LA REDACTION\",\"@id\":\"https:\/\/www.public.sn\/#\/schema\/person\/cb76c8e1b8becc6be61fb5e92d6d0224\"},\"headline\":\"Convocation \u00e0 la S\u00fbret\u00e9 urbaine :\u00a0Cheikh Oumar Diagne\u00a0r\u00e9pond par un cinglant \u00ab je ne suis pas disponible \u00bb\",\"datePublished\":\"2026-03-06T11:51:17+00:00\",\"dateModified\":\"2026-03-06T11:51:25+00:00\",\"mainEntityOfPage\":{\"@id\":\"https:\/\/www.public.sn\/index.php\/2026\/03\/06\/convocation-a-la-surete-urbaine-cheikh-oumar-diagne-repond-par-un-cinglant-je-ne-suis-pas-disponible\/\"},\"wordCount\":245,\"commentCount\":0,\"publisher\":{\"@id\":\"https:\/\/www.public.sn\/#organization\"},\"image\":{\"@id\":\"https:\/\/www.public.sn\/index.php\/2026\/03\/06\/convocation-a-la-surete-urbaine-cheikh-oumar-diagne-repond-par-un-cinglant-je-ne-suis-pas-disponible\/#primaryimage\"},\"thumbnailUrl\":\"https:\/\/www.public.sn\/wp-content\/uploads\/2026\/03\/Capture-decran-2026-03-06-a-11.48.34.png\",\"keywords\":[\"Cheikh Oumar Diagne\",\"S\u00fbret\u00e9 Urbaine\"],\"articleSection\":[\"ACTUALIT\u00c9S\",\"justice\"],\"inLanguage\":\"fr-FR\",\"potentialAction\":[{\"@type\":\"CommentAction\",\"name\":\"Comment\",\"target\":[\"https:\/\/www.public.sn\/index.php\/2026\/03\/06\/convocation-a-la-surete-urbaine-cheikh-oumar-diagne-repond-par-un-cinglant-je-ne-suis-pas-disponible\/#respond\"]}]},{\"@type\":\"WebPage\",\"@id\":\"https:\/\/www.public.sn\/index.php\/2026\/03\/06\/convocation-a-la-surete-urbaine-cheikh-oumar-diagne-repond-par-un-cinglant-je-ne-suis-pas-disponible\/\",\"url\":\"https:\/\/www.public.sn\/index.php\/2026\/03\/06\/convocation-a-la-surete-urbaine-cheikh-oumar-diagne-repond-par-un-cinglant-je-ne-suis-pas-disponible\/\",\"name\":\"Convocation \u00e0 la S\u00fbret\u00e9 urbaine :\u00a0Cheikh Oumar Diagne\u00a0r\u00e9pond par un cinglant \u00ab je ne suis pas disponible \u00bb - LE PUBLIC\",\"isPartOf\":{\"@id\":\"https:\/\/www.public.sn\/#website\"},\"primaryImageOfPage\":{\"@id\":\"https:\/\/www.public.sn\/index.php\/2026\/03\/06\/convocation-a-la-surete-urbaine-cheikh-oumar-diagne-repond-par-un-cinglant-je-ne-suis-pas-disponible\/#primaryimage\"},\"image\":{\"@id\":\"https:\/\/www.public.sn\/index.php\/2026\/03\/06\/convocation-a-la-surete-urbaine-cheikh-oumar-diagne-repond-par-un-cinglant-je-ne-suis-pas-disponible\/#primaryimage\"},\"thumbnailUrl\":\"https:\/\/www.public.sn\/wp-content\/uploads\/2026\/03\/Capture-decran-2026-03-06-a-11.48.34.png\",\"datePublished\":\"2026-03-06T11:51:17+00:00\",\"dateModified\":\"2026-03-06T11:51:25+00:00\",\"breadcrumb\":{\"@id\":\"https:\/\/www.public.sn\/index.php\/2026\/03\/06\/convocation-a-la-surete-urbaine-cheikh-oumar-diagne-repond-par-un-cinglant-je-ne-suis-pas-disponible\/#breadcrumb\"},\"inLanguage\":\"fr-FR\",\"potentialAction\":[{\"@type\":\"ReadAction\",\"target\":[\"https:\/\/www.public.sn\/index.php\/2026\/03\/06\/convocation-a-la-surete-urbaine-cheikh-oumar-diagne-repond-par-un-cinglant-je-ne-suis-pas-disponible\/\"]}]},{\"@type\":\"ImageObject\",\"inLanguage\":\"fr-FR\",\"@id\":\"https:\/\/www.public.sn\/index.php\/2026\/03\/06\/convocation-a-la-surete-urbaine-cheikh-oumar-diagne-repond-par-un-cinglant-je-ne-suis-pas-disponible\/#primaryimage\",\"url\":\"https:\/\/www.public.sn\/wp-content\/uploads\/2026\/03\/Capture-decran-2026-03-06-a-11.48.34.png\",\"contentUrl\":\"https:\/\/www.public.sn\/wp-content\/uploads\/2026\/03\/Capture-decran-2026-03-06-a-11.48.34.png\",\"width\":764,\"height\":430},{\"@type\":\"BreadcrumbList\",\"@id\":\"https:\/\/www.public.sn\/index.php\/2026\/03\/06\/convocation-a-la-surete-urbaine-cheikh-oumar-diagne-repond-par-un-cinglant-je-ne-suis-pas-disponible\/#breadcrumb\",\"itemListElement\":[{\"@type\":\"ListItem\",\"position\":1,\"name\":\"Accueil\",\"item\":\"https:\/\/www.public.sn\/\"},{\"@type\":\"ListItem\",\"position\":2,\"name\":\"Convocation \u00e0 la S\u00fbret\u00e9 urbaine :\u00a0Cheikh Oumar Diagne\u00a0r\u00e9pond par un cinglant \u00ab je ne suis pas disponible \u00bb\"}]},{\"@type\":\"WebSite\",\"@id\":\"https:\/\/www.public.sn\/#website\",\"url\":\"https:\/\/www.public.sn\/\",\"name\":\"LE PUBLIC\",\"description\":\"\",\"publisher\":{\"@id\":\"https:\/\/www.public.sn\/#organization\"},\"potentialAction\":[{\"@type\":\"SearchAction\",\"target\":{\"@type\":\"EntryPoint\",\"urlTemplate\":\"https:\/\/www.public.sn\/?s={search_term_string}\"},\"query-input\":{\"@type\":\"PropertyValueSpecification\",\"valueRequired\":true,\"valueName\":\"search_term_string\"}}],\"inLanguage\":\"fr-FR\"},{\"@type\":\"Organization\",\"@id\":\"https:\/\/www.public.sn\/#organization\",\"name\":\"LE PUBLIC\",\"url\":\"https:\/\/www.public.sn\/\",\"logo\":{\"@type\":\"ImageObject\",\"inLanguage\":\"fr-FR\",\"@id\":\"https:\/\/www.public.sn\/#\/schema\/logo\/image\/\",\"url\":\"https:\/\/www.public.sn\/wp-content\/uploads\/2024\/05\/cropped-LOGO-PUBLIC.SN_.png\",\"contentUrl\":\"https:\/\/www.public.sn\/wp-content\/uploads\/2024\/05\/cropped-LOGO-PUBLIC.SN_.png\",\"width\":682,\"height\":192,\"caption\":\"LE PUBLIC\"},\"image\":{\"@id\":\"https:\/\/www.public.sn\/#\/schema\/logo\/image\/\"}},{\"@type\":\"Person\",\"@id\":\"https:\/\/www.public.sn\/#\/schema\/person\/cb76c8e1b8becc6be61fb5e92d6d0224\",\"name\":\"LA REDACTION\",\"image\":{\"@type\":\"ImageObject\",\"inLanguage\":\"fr-FR\",\"@id\":\"https:\/\/www.public.sn\/#\/schema\/person\/image\/\",\"url\":\"https:\/\/secure.gravatar.com\/avatar\/2dce5ddd34b8fef0180efe03aa2a9bee7d953856048f9a16b298190a3178407c?s=96&d=mm&r=g\",\"contentUrl\":\"https:\/\/secure.gravatar.com\/avatar\/2dce5ddd34b8fef0180efe03aa2a9bee7d953856048f9a16b298190a3178407c?s=96&d=mm&r=g\",\"caption\":\"LA REDACTION\"},\"url\":\"https:\/\/www.public.sn\/index.php\/author\/editeurpsn\/\"}]}<\/script>\n<!-- \/ Yoast SEO plugin. -->","yoast_head_json":{"title":"Convocation \u00e0 la S\u00fbret\u00e9 urbaine :\u00a0Cheikh Oumar Diagne\u00a0r\u00e9pond par un cinglant \u00ab je ne suis pas disponible \u00bb - LE PUBLIC","robots":{"index":"index","follow":"follow","max-snippet":"max-snippet:-1","max-image-preview":"max-image-preview:large","max-video-preview":"max-video-preview:-1"},"canonical":"https:\/\/www.public.sn\/index.php\/2026\/03\/06\/convocation-a-la-surete-urbaine-cheikh-oumar-diagne-repond-par-un-cinglant-je-ne-suis-pas-disponible\/","og_locale":"fr_FR","og_type":"article","og_title":"Convocation \u00e0 la S\u00fbret\u00e9 urbaine :\u00a0Cheikh Oumar Diagne\u00a0r\u00e9pond par un cinglant \u00ab je ne suis pas disponible \u00bb - LE PUBLIC","og_description":"\u00ab Je ne suis pas disponible \u00bb :&nbsp;Cheikh Oumar Diagne&nbsp;r\u00e9pond \u00e0 sa convocation et d\u00e9nonce une d\u00e9marche \u00ab informelle \u00bb Convoqu\u00e9 ce vendredi en m\u00eame temps que&nbsp;Moussa Diop,&nbsp;Cheikh Oumar Diagne&nbsp;a tenu \u00e0 couper court aux rumeurs de fuite. Dans des propos rapport\u00e9s par&nbsp;L\u2019Observateur, l\u2019ancien Directeur des moyens g\u00e9n\u00e9raux de la Pr\u00e9sidence assure \u00eatre rest\u00e9 chez lui toute la journ\u00e9e. \u00ab Depuis ce matin, je suis chez moi. La police ne m\u2019a adress\u00e9 aucune convocation officielle. Je ne suis sorti qu\u2019\u00e0 17h40 pour aller faire le&nbsp;weuzifa&nbsp;avant de revenir \u00e0 la maison o\u00f9 j\u2019ai pris le&nbsp;ndogou&nbsp;\u00bb, a-t-il d\u00e9clar\u00e9. Selon lui, la d\u00e9marche des forces de l\u2019ordre ne rev\u00eat aucun caract\u00e8re formel. Il affirme n\u2019avoir re\u00e7u qu\u2019un&nbsp;simple message \u00e9crit envoy\u00e9 \u00e0 17h31 par un lieutenant de police, et non une convocation officielle \u00e9manant de la S\u00fbret\u00e9 urbaine. Face \u00e0 la demande des enqu\u00eateurs de se pr\u00e9senter \u00e0 10h ce vendredi, Cheikh Oumar Diagne dit avoir d\u00e9clin\u00e9 le rendez-vous, \u00e9voquant d\u2019autres obligations. \u00ab Je ne suis pas disponible. Je pr\u00e9f\u00e8re \u00e9ventuellement me pr\u00e9senter dans la soir\u00e9e. Jusqu\u2019\u00e0 pr\u00e9sent, j\u2019attends toujours leur retour \u00bb, a-t-il ajout\u00e9, laissant planer le doute sur sa comparution.","og_url":"https:\/\/www.public.sn\/index.php\/2026\/03\/06\/convocation-a-la-surete-urbaine-cheikh-oumar-diagne-repond-par-un-cinglant-je-ne-suis-pas-disponible\/","og_site_name":"LE PUBLIC","article_published_time":"2026-03-06T11:51:17+00:00","article_modified_time":"2026-03-06T11:51:25+00:00","og_image":[{"width":764,"height":430,"url":"https:\/\/www.public.sn\/wp-content\/uploads\/2026\/03\/Capture-decran-2026-03-06-a-11.48.34.png","type":"image\/png"}],"author":"LA REDACTION","twitter_card":"summary_large_image","twitter_misc":{"\u00c9crit par":"LA REDACTION","Dur\u00e9e de lecture estim\u00e9e":"2 minutes"},"schema":{"@context":"https:\/\/schema.org","@graph":[{"@type":"Article","@id":"https:\/\/www.public.sn\/index.php\/2026\/03\/06\/convocation-a-la-surete-urbaine-cheikh-oumar-diagne-repond-par-un-cinglant-je-ne-suis-pas-disponible\/#article","isPartOf":{"@id":"https:\/\/www.public.sn\/index.php\/2026\/03\/06\/convocation-a-la-surete-urbaine-cheikh-oumar-diagne-repond-par-un-cinglant-je-ne-suis-pas-disponible\/"},"author":{"name":"LA REDACTION","@id":"https:\/\/www.public.sn\/#\/schema\/person\/cb76c8e1b8becc6be61fb5e92d6d0224"},"headline":"Convocation \u00e0 la S\u00fbret\u00e9 urbaine :\u00a0Cheikh Oumar Diagne\u00a0r\u00e9pond par un cinglant \u00ab je ne suis pas disponible \u00bb","datePublished":"2026-03-06T11:51:17+00:00","dateModified":"2026-03-06T11:51:25+00:00","mainEntityOfPage":{"@id":"https:\/\/www.public.sn\/index.php\/2026\/03\/06\/convocation-a-la-surete-urbaine-cheikh-oumar-diagne-repond-par-un-cinglant-je-ne-suis-pas-disponible\/"},"wordCount":245,"commentCount":0,"publisher":{"@id":"https:\/\/www.public.sn\/#organization"},"image":{"@id":"https:\/\/www.public.sn\/index.php\/2026\/03\/06\/convocation-a-la-surete-urbaine-cheikh-oumar-diagne-repond-par-un-cinglant-je-ne-suis-pas-disponible\/#primaryimage"},"thumbnailUrl":"https:\/\/www.public.sn\/wp-content\/uploads\/2026\/03\/Capture-decran-2026-03-06-a-11.48.34.png","keywords":["Cheikh Oumar Diagne","S\u00fbret\u00e9 Urbaine"],"articleSection":["ACTUALIT\u00c9S","justice"],"inLanguage":"fr-FR","potentialAction":[{"@type":"CommentAction","name":"Comment","target":["https:\/\/www.public.sn\/index.php\/2026\/03\/06\/convocation-a-la-surete-urbaine-cheikh-oumar-diagne-repond-par-un-cinglant-je-ne-suis-pas-disponible\/#respond"]}]},{"@type":"WebPage","@id":"https:\/\/www.public.sn\/index.php\/2026\/03\/06\/convocation-a-la-surete-urbaine-cheikh-oumar-diagne-repond-par-un-cinglant-je-ne-suis-pas-disponible\/","url":"https:\/\/www.public.sn\/index.php\/2026\/03\/06\/convocation-a-la-surete-urbaine-cheikh-oumar-diagne-repond-par-un-cinglant-je-ne-suis-pas-disponible\/","name":"Convocation \u00e0 la S\u00fbret\u00e9 urbaine :\u00a0Cheikh Oumar Diagne\u00a0r\u00e9pond par un cinglant \u00ab je ne suis pas disponible \u00bb - LE PUBLIC","isPartOf":{"@id":"https:\/\/www.public.sn\/#website"},"primaryImageOfPage":{"@id":"https:\/\/www.public.sn\/index.php\/2026\/03\/06\/convocation-a-la-surete-urbaine-cheikh-oumar-diagne-repond-par-un-cinglant-je-ne-suis-pas-disponible\/#primaryimage"},"image":{"@id":"https:\/\/www.public.sn\/index.php\/2026\/03\/06\/convocation-a-la-surete-urbaine-cheikh-oumar-diagne-repond-par-un-cinglant-je-ne-suis-pas-disponible\/#primaryimage"},"thumbnailUrl":"https:\/\/www.public.sn\/wp-content\/uploads\/2026\/03\/Capture-decran-2026-03-06-a-11.48.34.png","datePublished":"2026-03-06T11:51:17+00:00","dateModified":"2026-03-06T11:51:25+00:00","breadcrumb":{"@id":"https:\/\/www.public.sn\/index.php\/2026\/03\/06\/convocation-a-la-surete-urbaine-cheikh-oumar-diagne-repond-par-un-cinglant-je-ne-suis-pas-disponible\/#breadcrumb"},"inLanguage":"fr-FR","potentialAction":[{"@type":"ReadAction","target":["https:\/\/www.public.sn\/index.php\/2026\/03\/06\/convocation-a-la-surete-urbaine-cheikh-oumar-diagne-repond-par-un-cinglant-je-ne-suis-pas-disponible\/"]}]},{"@type":"ImageObject","inLanguage":"fr-FR","@id":"https:\/\/www.public.sn\/index.php\/2026\/03\/06\/convocation-a-la-surete-urbaine-cheikh-oumar-diagne-repond-par-un-cinglant-je-ne-suis-pas-disponible\/#primaryimage","url":"https:\/\/www.public.sn\/wp-content\/uploads\/2026\/03\/Capture-decran-2026-03-06-a-11.48.34.png","contentUrl":"https:\/\/www.public.sn\/wp-content\/uploads\/2026\/03\/Capture-decran-2026-03-06-a-11.48.34.png","width":764,"height":430},{"@type":"BreadcrumbList","@id":"https:\/\/www.public.sn\/index.php\/2026\/03\/06\/convocation-a-la-surete-urbaine-cheikh-oumar-diagne-repond-par-un-cinglant-je-ne-suis-pas-disponible\/#breadcrumb","itemListElement":[{"@type":"ListItem","position":1,"name":"Accueil","item":"https:\/\/www.public.sn\/"},{"@type":"ListItem","position":2,"name":"Convocation \u00e0 la S\u00fbret\u00e9 urbaine :\u00a0Cheikh Oumar Diagne\u00a0r\u00e9pond par un cinglant \u00ab je ne suis pas disponible \u00bb"}]},{"@type":"WebSite","@id":"https:\/\/www.public.sn\/#website","url":"https:\/\/www.public.sn\/","name":"LE PUBLIC","description":"","publisher":{"@id":"https:\/\/www.public.sn\/#organization"},"potentialAction":[{"@type":"SearchAction","target":{"@type":"EntryPoint","urlTemplate":"https:\/\/www.public.sn\/?s={search_term_string}"},"query-input":{"@type":"PropertyValueSpecification","valueRequired":true,"valueName":"search_term_string"}}],"inLanguage":"fr-FR"},{"@type":"Organization","@id":"https:\/\/www.public.sn\/#organization","name":"LE PUBLIC","url":"https:\/\/www.public.sn\/","logo":{"@type":"ImageObject","inLanguage":"fr-FR","@id":"https:\/\/www.public.sn\/#\/schema\/logo\/image\/","url":"https:\/\/www.public.sn\/wp-content\/uploads\/2024\/05\/cropped-LOGO-PUBLIC.SN_.png","contentUrl":"https:\/\/www.public.sn\/wp-content\/uploads\/2024\/05\/cropped-LOGO-PUBLIC.SN_.png","width":682,"height":192,"caption":"LE PUBLIC"},"image":{"@id":"https:\/\/www.public.sn\/#\/schema\/logo\/image\/"}},{"@type":"Person","@id":"https:\/\/www.public.sn\/#\/schema\/person\/cb76c8e1b8becc6be61fb5e92d6d0224","name":"LA REDACTION","image":{"@type":"ImageObject","inLanguage":"fr-FR","@id":"https:\/\/www.public.sn\/#\/schema\/person\/image\/","url":"https:\/\/secure.gravatar.com\/avatar\/2dce5ddd34b8fef0180efe03aa2a9bee7d953856048f9a16b298190a3178407c?s=96&d=mm&r=g","contentUrl":"https:\/\/secure.gravatar.com\/avatar\/2dce5ddd34b8fef0180efe03aa2a9bee7d953856048f9a16b298190a3178407c?s=96&d=mm&r=g","caption":"LA REDACTION"},"url":"https:\/\/www.public.sn\/index.php\/author\/editeurpsn\/"}]}},"jetpack_featured_media_url":"https:\/\/www.public.sn\/wp-content\/uploads\/2026\/03\/Capture-decran-2026-03-06-a-11.48.34.png","jetpack_sharing_enabled":true,"_links":{"self":[{"href":"https:\/\/www.public.sn\/index.php\/wp-json\/wp\/v2\/posts\/39445","targetHints":{"allow":["GET"]}}],"collection":[{"href":"https:\/\/www.public.sn\/index.php\/wp-json\/wp\/v2\/posts"}],"about":[{"href":"https:\/\/www.public.sn\/index.php\/wp-json\/wp\/v2\/types\/post"}],"author":[{"embeddable":true,"href":"https:\/\/www.public.sn\/index.php\/wp-json\/wp\/v2\/users\/7"}],"replies":[{"embeddable":true,"href":"https:\/\/www.public.sn\/index.php\/wp-json\/wp\/v2\/comments?post=39445"}],"version-history":[{"count":1,"href":"https:\/\/www.public.sn\/index.php\/wp-json\/wp\/v2\/posts\/39445\/revisions"}],"predecessor-version":[{"id":39447,"href":"https:\/\/www.public.sn\/index.php\/wp-json\/wp\/v2\/posts\/39445\/revisions\/39447"}],"wp:featuredmedia":[{"embeddable":true,"href":"https:\/\/www.public.sn\/index.php\/wp-json\/wp\/v2\/media\/39446"}],"wp:attachment":[{"href":"https:\/\/www.public.sn\/index.php\/wp-json\/wp\/v2\/media?parent=39445"}],"wp:term":[{"taxonomy":"category","embeddable":true,"href":"https:\/\/www.public.sn\/index.php\/wp-json\/wp\/v2\/categories?post=39445"},{"taxonomy":"post_tag","embeddable":true,"href":"https:\/\/www.public.sn\/index.php\/wp-json\/wp\/v2\/tags?post=39445"}],"curies":[{"name":"wp","href":"https:\/\/api.w.org\/{rel}","templated":true}]}}