{"id":39474,"date":"2026-03-06T18:49:27","date_gmt":"2026-03-06T18:49:27","guid":{"rendered":"https:\/\/www.public.sn\/?p=39474"},"modified":"2026-03-06T18:49:36","modified_gmt":"2026-03-06T18:49:36","slug":"surete-urbaine-cheikh-oumar-diagne-place-en-garde-a-vue-les-faits-reveles","status":"publish","type":"post","link":"https:\/\/www.public.sn\/index.php\/2026\/03\/06\/surete-urbaine-cheikh-oumar-diagne-place-en-garde-a-vue-les-faits-reveles\/","title":{"rendered":"S\u00fbret\u00e9 urbaine :\u00a0Cheikh Oumar Diagne\u00a0plac\u00e9 en garde \u00e0 vue, les faits r\u00e9v\u00e9l\u00e9s"},"content":{"rendered":"\n<p><strong>Garde \u00e0 vue :&nbsp;Cheikh Oumar Diagne&nbsp;poursuivi pour diffusion de fausses nouvelles et calomnie<\/strong><\/p><div class=\"publi-paragraphe1\" style=\"margin-top: 10px;margin-bottom: 10px;margin-left: auto;margin-right: auto;text-align: center;\" id=\"publi-3004208516\"><div class=\"publi-adlabel\">Publicit\u00e9<\/div><script async src=\"\/\/pagead2.googlesyndication.com\/pagead\/js\/adsbygoogle.js?client=ca-pub-4089586018074219\" crossorigin=\"anonymous\"><\/script><ins class=\"adsbygoogle\" style=\"display:block;\" data-ad-client=\"ca-pub-4089586018074219\" \ndata-ad-slot=\"2087940154\" \ndata-ad-format=\"auto\"><\/ins>\n<script> \n(adsbygoogle = window.adsbygoogle || []).push({}); \n<\/script>\n<\/div>\n\n\n\n<p>Apr\u00e8s son audition au commissariat central de\u00a0Dakar du commissaire divisionnaire\u00a0Mamadou Tendeng,\u00a0Cheikh Oumar Diagne\u00a0a \u00e9t\u00e9 plac\u00e9 en garde \u00e0 vue.<\/p>\n\n\n\n<p>Selon des sources de&nbsp;Seneweb, le professeur est poursuivi pour&nbsp;<strong>diffusion de fausses nouvelles et calomnie<\/strong>. Lors de son audition, assist\u00e9 de son avocat, il a imput\u00e9 au Premier ministre&nbsp;Ousmane Sonko&nbsp;une responsabilit\u00e9 politique dans la mort de l\u2019\u00e9tudiant&nbsp;Abdoulaye Ba, affirmant que le chef du gouvernement aurait donn\u00e9 des instructions ayant conduit \u00e0 l\u2019intervention polici\u00e8re \u00e0 l\u2019UCAD.<\/p>\n\n\n\n<p>Sauf changement de programme,&nbsp;Cheikh Oumar Diagne&nbsp;sera d\u00e9f\u00e9r\u00e9 lundi prochain devant le parquet de&nbsp;Dakar<\/p>\n<div class=\"publi-apres-le-contenu\" style=\"margin-top: 10px;margin-bottom: 10px;margin-left: auto;margin-right: auto;text-align: center;\" id=\"publi-2602899330\"><div class=\"publi-adlabel\">Publicit\u00e9<\/div><script async src=\"\/\/pagead2.googlesyndication.com\/pagead\/js\/adsbygoogle.js?client=ca-pub-4089586018074219\" crossorigin=\"anonymous\"><\/script><ins class=\"adsbygoogle\" style=\"display:block;\" data-ad-client=\"ca-pub-4089586018074219\" \ndata-ad-slot=\"2087940154\" \ndata-ad-format=\"auto\"><\/ins>\n<script> \n(adsbygoogle = window.adsbygoogle || []).push({}); \n<\/script>\n<\/div>","protected":false},"excerpt":{"rendered":"<p>Garde \u00e0 vue :&nbsp;Cheikh Oumar Diagne&nbsp;poursuivi pour diffusion de fausses nouvelles et calomnie Apr\u00e8s son audition au commissariat central de\u00a0Dakar du commissaire divisionnaire\u00a0Mamadou Tendeng,\u00a0Cheikh Oumar Diagne\u00a0a \u00e9t\u00e9 plac\u00e9 en garde \u00e0 vue. Selon des sources de&nbsp;Seneweb, le professeur est poursuivi pour&nbsp;diffusion de fausses nouvelles et calomnie. Lors de son audition, assist\u00e9 de son avocat, il a imput\u00e9 au Premier ministre&nbsp;Ousmane Sonko&nbsp;une responsabilit\u00e9 politique dans la mort de l\u2019\u00e9tudiant&nbsp;Abdoulaye Ba, affirmant que le chef du gouvernement aurait donn\u00e9 des instructions ayant conduit \u00e0 l\u2019intervention polici\u00e8re \u00e0 l\u2019UCAD. Sauf changement de programme,&nbsp;Cheikh Oumar Diagne&nbsp;sera d\u00e9f\u00e9r\u00e9 lundi prochain devant le parquet de&nbsp;Dakar<\/p>\n","protected":false},"author":7,"featured_media":39476,"comment_status":"open","ping_status":"open","sticky":false,"template":"","format":"standard","meta":{"_jetpack_memberships_contains_paid_content":false,"footnotes":""},"categories":[375,3724,3],"tags":[271,8255],"class_list":["post-39474","post","type-post","status-publish","format-standard","has-post-thumbnail","hentry","category-actualites","category-justice","category-politique","tag-cheikh-oumar-diagne","tag-surete-urbaine-2","entry","has-media","owp-thumbs-layout-horizontal","owp-btn-normal","owp-tabs-layout-horizontal","has-no-thumbnails","has-product-nav"],"yoast_head":"<!-- This site is optimized with the Yoast SEO plugin v25.5 - https:\/\/yoast.com\/wordpress\/plugins\/seo\/ -->\n<title>S\u00fbret\u00e9 urbaine :\u00a0Cheikh Oumar Diagne\u00a0plac\u00e9 en garde \u00e0 vue, les faits r\u00e9v\u00e9l\u00e9s - LE PUBLIC<\/title>\n<meta name=\"robots\" content=\"index, follow, max-snippet:-1, max-image-preview:large, max-video-preview:-1\" \/>\n<link rel=\"canonical\" href=\"https:\/\/www.public.sn\/index.php\/2026\/03\/06\/surete-urbaine-cheikh-oumar-diagne-place-en-garde-a-vue-les-faits-reveles\/\" \/>\n<meta property=\"og:locale\" content=\"fr_FR\" \/>\n<meta property=\"og:type\" content=\"article\" \/>\n<meta property=\"og:title\" content=\"S\u00fbret\u00e9 urbaine :\u00a0Cheikh Oumar Diagne\u00a0plac\u00e9 en garde \u00e0 vue, les faits r\u00e9v\u00e9l\u00e9s - LE PUBLIC\" \/>\n<meta property=\"og:description\" content=\"Garde \u00e0 vue :&nbsp;Cheikh Oumar Diagne&nbsp;poursuivi pour diffusion de fausses nouvelles et calomnie Apr\u00e8s son audition au commissariat central de\u00a0Dakar du commissaire divisionnaire\u00a0Mamadou Tendeng,\u00a0Cheikh Oumar Diagne\u00a0a \u00e9t\u00e9 plac\u00e9 en garde \u00e0 vue. Selon des sources de&nbsp;Seneweb, le professeur est poursuivi pour&nbsp;diffusion de fausses nouvelles et calomnie. Lors de son audition, assist\u00e9 de son avocat, il a imput\u00e9 au Premier ministre&nbsp;Ousmane Sonko&nbsp;une responsabilit\u00e9 politique dans la mort de l\u2019\u00e9tudiant&nbsp;Abdoulaye Ba, affirmant que le chef du gouvernement aurait donn\u00e9 des instructions ayant conduit \u00e0 l\u2019intervention polici\u00e8re \u00e0 l\u2019UCAD. Sauf changement de programme,&nbsp;Cheikh Oumar Diagne&nbsp;sera d\u00e9f\u00e9r\u00e9 lundi prochain devant le parquet de&nbsp;Dakar\" \/>\n<meta property=\"og:url\" content=\"https:\/\/www.public.sn\/index.php\/2026\/03\/06\/surete-urbaine-cheikh-oumar-diagne-place-en-garde-a-vue-les-faits-reveles\/\" \/>\n<meta property=\"og:site_name\" content=\"LE PUBLIC\" \/>\n<meta property=\"article:published_time\" content=\"2026-03-06T18:49:27+00:00\" \/>\n<meta property=\"article:modified_time\" content=\"2026-03-06T18:49:36+00:00\" \/>\n<meta property=\"og:image\" content=\"https:\/\/www.public.sn\/wp-content\/uploads\/2026\/03\/Capture-decran-2026-03-06-a-18.46.38.png\" \/>\n\t<meta property=\"og:image:width\" content=\"785\" \/>\n\t<meta property=\"og:image:height\" content=\"438\" \/>\n\t<meta property=\"og:image:type\" content=\"image\/png\" \/>\n<meta name=\"author\" content=\"LA REDACTION\" \/>\n<meta name=\"twitter:card\" content=\"summary_large_image\" \/>\n<meta name=\"twitter:label1\" content=\"\u00c9crit par\" \/>\n\t<meta name=\"twitter:data1\" content=\"LA REDACTION\" \/>\n\t<meta name=\"twitter:label2\" content=\"Dur\u00e9e de lecture estim\u00e9e\" \/>\n\t<meta name=\"twitter:data2\" content=\"1 minute\" \/>\n<script type=\"application\/ld+json\" class=\"yoast-schema-graph\">{\"@context\":\"https:\/\/schema.org\",\"@graph\":[{\"@type\":\"Article\",\"@id\":\"https:\/\/www.public.sn\/index.php\/2026\/03\/06\/surete-urbaine-cheikh-oumar-diagne-place-en-garde-a-vue-les-faits-reveles\/#article\",\"isPartOf\":{\"@id\":\"https:\/\/www.public.sn\/index.php\/2026\/03\/06\/surete-urbaine-cheikh-oumar-diagne-place-en-garde-a-vue-les-faits-reveles\/\"},\"author\":{\"name\":\"LA REDACTION\",\"@id\":\"https:\/\/www.public.sn\/#\/schema\/person\/cb76c8e1b8becc6be61fb5e92d6d0224\"},\"headline\":\"S\u00fbret\u00e9 urbaine :\u00a0Cheikh Oumar Diagne\u00a0plac\u00e9 en garde \u00e0 vue, les faits r\u00e9v\u00e9l\u00e9s\",\"datePublished\":\"2026-03-06T18:49:27+00:00\",\"dateModified\":\"2026-03-06T18:49:36+00:00\",\"mainEntityOfPage\":{\"@id\":\"https:\/\/www.public.sn\/index.php\/2026\/03\/06\/surete-urbaine-cheikh-oumar-diagne-place-en-garde-a-vue-les-faits-reveles\/\"},\"wordCount\":141,\"commentCount\":0,\"publisher\":{\"@id\":\"https:\/\/www.public.sn\/#organization\"},\"image\":{\"@id\":\"https:\/\/www.public.sn\/index.php\/2026\/03\/06\/surete-urbaine-cheikh-oumar-diagne-place-en-garde-a-vue-les-faits-reveles\/#primaryimage\"},\"thumbnailUrl\":\"https:\/\/www.public.sn\/wp-content\/uploads\/2026\/03\/Capture-decran-2026-03-06-a-18.46.38.png\",\"keywords\":[\"Cheikh Oumar Diagne\",\"S\u00fbret\u00e9 Urbaine\"],\"articleSection\":[\"ACTUALIT\u00c9S\",\"justice\",\"POLITIQUE\"],\"inLanguage\":\"fr-FR\",\"potentialAction\":[{\"@type\":\"CommentAction\",\"name\":\"Comment\",\"target\":[\"https:\/\/www.public.sn\/index.php\/2026\/03\/06\/surete-urbaine-cheikh-oumar-diagne-place-en-garde-a-vue-les-faits-reveles\/#respond\"]}]},{\"@type\":\"WebPage\",\"@id\":\"https:\/\/www.public.sn\/index.php\/2026\/03\/06\/surete-urbaine-cheikh-oumar-diagne-place-en-garde-a-vue-les-faits-reveles\/\",\"url\":\"https:\/\/www.public.sn\/index.php\/2026\/03\/06\/surete-urbaine-cheikh-oumar-diagne-place-en-garde-a-vue-les-faits-reveles\/\",\"name\":\"S\u00fbret\u00e9 urbaine :\u00a0Cheikh Oumar Diagne\u00a0plac\u00e9 en garde \u00e0 vue, les faits r\u00e9v\u00e9l\u00e9s - LE PUBLIC\",\"isPartOf\":{\"@id\":\"https:\/\/www.public.sn\/#website\"},\"primaryImageOfPage\":{\"@id\":\"https:\/\/www.public.sn\/index.php\/2026\/03\/06\/surete-urbaine-cheikh-oumar-diagne-place-en-garde-a-vue-les-faits-reveles\/#primaryimage\"},\"image\":{\"@id\":\"https:\/\/www.public.sn\/index.php\/2026\/03\/06\/surete-urbaine-cheikh-oumar-diagne-place-en-garde-a-vue-les-faits-reveles\/#primaryimage\"},\"thumbnailUrl\":\"https:\/\/www.public.sn\/wp-content\/uploads\/2026\/03\/Capture-decran-2026-03-06-a-18.46.38.png\",\"datePublished\":\"2026-03-06T18:49:27+00:00\",\"dateModified\":\"2026-03-06T18:49:36+00:00\",\"breadcrumb\":{\"@id\":\"https:\/\/www.public.sn\/index.php\/2026\/03\/06\/surete-urbaine-cheikh-oumar-diagne-place-en-garde-a-vue-les-faits-reveles\/#breadcrumb\"},\"inLanguage\":\"fr-FR\",\"potentialAction\":[{\"@type\":\"ReadAction\",\"target\":[\"https:\/\/www.public.sn\/index.php\/2026\/03\/06\/surete-urbaine-cheikh-oumar-diagne-place-en-garde-a-vue-les-faits-reveles\/\"]}]},{\"@type\":\"ImageObject\",\"inLanguage\":\"fr-FR\",\"@id\":\"https:\/\/www.public.sn\/index.php\/2026\/03\/06\/surete-urbaine-cheikh-oumar-diagne-place-en-garde-a-vue-les-faits-reveles\/#primaryimage\",\"url\":\"https:\/\/www.public.sn\/wp-content\/uploads\/2026\/03\/Capture-decran-2026-03-06-a-18.46.38.png\",\"contentUrl\":\"https:\/\/www.public.sn\/wp-content\/uploads\/2026\/03\/Capture-decran-2026-03-06-a-18.46.38.png\",\"width\":785,\"height\":438},{\"@type\":\"BreadcrumbList\",\"@id\":\"https:\/\/www.public.sn\/index.php\/2026\/03\/06\/surete-urbaine-cheikh-oumar-diagne-place-en-garde-a-vue-les-faits-reveles\/#breadcrumb\",\"itemListElement\":[{\"@type\":\"ListItem\",\"position\":1,\"name\":\"Accueil\",\"item\":\"https:\/\/www.public.sn\/\"},{\"@type\":\"ListItem\",\"position\":2,\"name\":\"S\u00fbret\u00e9 urbaine :\u00a0Cheikh Oumar Diagne\u00a0plac\u00e9 en garde \u00e0 vue, les faits r\u00e9v\u00e9l\u00e9s\"}]},{\"@type\":\"WebSite\",\"@id\":\"https:\/\/www.public.sn\/#website\",\"url\":\"https:\/\/www.public.sn\/\",\"name\":\"LE PUBLIC\",\"description\":\"\",\"publisher\":{\"@id\":\"https:\/\/www.public.sn\/#organization\"},\"potentialAction\":[{\"@type\":\"SearchAction\",\"target\":{\"@type\":\"EntryPoint\",\"urlTemplate\":\"https:\/\/www.public.sn\/?s={search_term_string}\"},\"query-input\":{\"@type\":\"PropertyValueSpecification\",\"valueRequired\":true,\"valueName\":\"search_term_string\"}}],\"inLanguage\":\"fr-FR\"},{\"@type\":\"Organization\",\"@id\":\"https:\/\/www.public.sn\/#organization\",\"name\":\"LE PUBLIC\",\"url\":\"https:\/\/www.public.sn\/\",\"logo\":{\"@type\":\"ImageObject\",\"inLanguage\":\"fr-FR\",\"@id\":\"https:\/\/www.public.sn\/#\/schema\/logo\/image\/\",\"url\":\"https:\/\/www.public.sn\/wp-content\/uploads\/2024\/05\/cropped-LOGO-PUBLIC.SN_.png\",\"contentUrl\":\"https:\/\/www.public.sn\/wp-content\/uploads\/2024\/05\/cropped-LOGO-PUBLIC.SN_.png\",\"width\":682,\"height\":192,\"caption\":\"LE PUBLIC\"},\"image\":{\"@id\":\"https:\/\/www.public.sn\/#\/schema\/logo\/image\/\"}},{\"@type\":\"Person\",\"@id\":\"https:\/\/www.public.sn\/#\/schema\/person\/cb76c8e1b8becc6be61fb5e92d6d0224\",\"name\":\"LA REDACTION\",\"image\":{\"@type\":\"ImageObject\",\"inLanguage\":\"fr-FR\",\"@id\":\"https:\/\/www.public.sn\/#\/schema\/person\/image\/\",\"url\":\"https:\/\/secure.gravatar.com\/avatar\/2dce5ddd34b8fef0180efe03aa2a9bee7d953856048f9a16b298190a3178407c?s=96&d=mm&r=g\",\"contentUrl\":\"https:\/\/secure.gravatar.com\/avatar\/2dce5ddd34b8fef0180efe03aa2a9bee7d953856048f9a16b298190a3178407c?s=96&d=mm&r=g\",\"caption\":\"LA REDACTION\"},\"url\":\"https:\/\/www.public.sn\/index.php\/author\/editeurpsn\/\"}]}<\/script>\n<!-- \/ Yoast SEO plugin. -->","yoast_head_json":{"title":"S\u00fbret\u00e9 urbaine :\u00a0Cheikh Oumar Diagne\u00a0plac\u00e9 en garde \u00e0 vue, les faits r\u00e9v\u00e9l\u00e9s - LE PUBLIC","robots":{"index":"index","follow":"follow","max-snippet":"max-snippet:-1","max-image-preview":"max-image-preview:large","max-video-preview":"max-video-preview:-1"},"canonical":"https:\/\/www.public.sn\/index.php\/2026\/03\/06\/surete-urbaine-cheikh-oumar-diagne-place-en-garde-a-vue-les-faits-reveles\/","og_locale":"fr_FR","og_type":"article","og_title":"S\u00fbret\u00e9 urbaine :\u00a0Cheikh Oumar Diagne\u00a0plac\u00e9 en garde \u00e0 vue, les faits r\u00e9v\u00e9l\u00e9s - LE PUBLIC","og_description":"Garde \u00e0 vue :&nbsp;Cheikh Oumar Diagne&nbsp;poursuivi pour diffusion de fausses nouvelles et calomnie Apr\u00e8s son audition au commissariat central de\u00a0Dakar du commissaire divisionnaire\u00a0Mamadou Tendeng,\u00a0Cheikh Oumar Diagne\u00a0a \u00e9t\u00e9 plac\u00e9 en garde \u00e0 vue. Selon des sources de&nbsp;Seneweb, le professeur est poursuivi pour&nbsp;diffusion de fausses nouvelles et calomnie. Lors de son audition, assist\u00e9 de son avocat, il a imput\u00e9 au Premier ministre&nbsp;Ousmane Sonko&nbsp;une responsabilit\u00e9 politique dans la mort de l\u2019\u00e9tudiant&nbsp;Abdoulaye Ba, affirmant que le chef du gouvernement aurait donn\u00e9 des instructions ayant conduit \u00e0 l\u2019intervention polici\u00e8re \u00e0 l\u2019UCAD. Sauf changement de programme,&nbsp;Cheikh Oumar Diagne&nbsp;sera d\u00e9f\u00e9r\u00e9 lundi prochain devant le parquet de&nbsp;Dakar","og_url":"https:\/\/www.public.sn\/index.php\/2026\/03\/06\/surete-urbaine-cheikh-oumar-diagne-place-en-garde-a-vue-les-faits-reveles\/","og_site_name":"LE PUBLIC","article_published_time":"2026-03-06T18:49:27+00:00","article_modified_time":"2026-03-06T18:49:36+00:00","og_image":[{"width":785,"height":438,"url":"https:\/\/www.public.sn\/wp-content\/uploads\/2026\/03\/Capture-decran-2026-03-06-a-18.46.38.png","type":"image\/png"}],"author":"LA REDACTION","twitter_card":"summary_large_image","twitter_misc":{"\u00c9crit par":"LA REDACTION","Dur\u00e9e de lecture estim\u00e9e":"1 minute"},"schema":{"@context":"https:\/\/schema.org","@graph":[{"@type":"Article","@id":"https:\/\/www.public.sn\/index.php\/2026\/03\/06\/surete-urbaine-cheikh-oumar-diagne-place-en-garde-a-vue-les-faits-reveles\/#article","isPartOf":{"@id":"https:\/\/www.public.sn\/index.php\/2026\/03\/06\/surete-urbaine-cheikh-oumar-diagne-place-en-garde-a-vue-les-faits-reveles\/"},"author":{"name":"LA REDACTION","@id":"https:\/\/www.public.sn\/#\/schema\/person\/cb76c8e1b8becc6be61fb5e92d6d0224"},"headline":"S\u00fbret\u00e9 urbaine :\u00a0Cheikh Oumar Diagne\u00a0plac\u00e9 en garde \u00e0 vue, les faits r\u00e9v\u00e9l\u00e9s","datePublished":"2026-03-06T18:49:27+00:00","dateModified":"2026-03-06T18:49:36+00:00","mainEntityOfPage":{"@id":"https:\/\/www.public.sn\/index.php\/2026\/03\/06\/surete-urbaine-cheikh-oumar-diagne-place-en-garde-a-vue-les-faits-reveles\/"},"wordCount":141,"commentCount":0,"publisher":{"@id":"https:\/\/www.public.sn\/#organization"},"image":{"@id":"https:\/\/www.public.sn\/index.php\/2026\/03\/06\/surete-urbaine-cheikh-oumar-diagne-place-en-garde-a-vue-les-faits-reveles\/#primaryimage"},"thumbnailUrl":"https:\/\/www.public.sn\/wp-content\/uploads\/2026\/03\/Capture-decran-2026-03-06-a-18.46.38.png","keywords":["Cheikh Oumar Diagne","S\u00fbret\u00e9 Urbaine"],"articleSection":["ACTUALIT\u00c9S","justice","POLITIQUE"],"inLanguage":"fr-FR","potentialAction":[{"@type":"CommentAction","name":"Comment","target":["https:\/\/www.public.sn\/index.php\/2026\/03\/06\/surete-urbaine-cheikh-oumar-diagne-place-en-garde-a-vue-les-faits-reveles\/#respond"]}]},{"@type":"WebPage","@id":"https:\/\/www.public.sn\/index.php\/2026\/03\/06\/surete-urbaine-cheikh-oumar-diagne-place-en-garde-a-vue-les-faits-reveles\/","url":"https:\/\/www.public.sn\/index.php\/2026\/03\/06\/surete-urbaine-cheikh-oumar-diagne-place-en-garde-a-vue-les-faits-reveles\/","name":"S\u00fbret\u00e9 urbaine :\u00a0Cheikh Oumar Diagne\u00a0plac\u00e9 en garde \u00e0 vue, les faits r\u00e9v\u00e9l\u00e9s - LE PUBLIC","isPartOf":{"@id":"https:\/\/www.public.sn\/#website"},"primaryImageOfPage":{"@id":"https:\/\/www.public.sn\/index.php\/2026\/03\/06\/surete-urbaine-cheikh-oumar-diagne-place-en-garde-a-vue-les-faits-reveles\/#primaryimage"},"image":{"@id":"https:\/\/www.public.sn\/index.php\/2026\/03\/06\/surete-urbaine-cheikh-oumar-diagne-place-en-garde-a-vue-les-faits-reveles\/#primaryimage"},"thumbnailUrl":"https:\/\/www.public.sn\/wp-content\/uploads\/2026\/03\/Capture-decran-2026-03-06-a-18.46.38.png","datePublished":"2026-03-06T18:49:27+00:00","dateModified":"2026-03-06T18:49:36+00:00","breadcrumb":{"@id":"https:\/\/www.public.sn\/index.php\/2026\/03\/06\/surete-urbaine-cheikh-oumar-diagne-place-en-garde-a-vue-les-faits-reveles\/#breadcrumb"},"inLanguage":"fr-FR","potentialAction":[{"@type":"ReadAction","target":["https:\/\/www.public.sn\/index.php\/2026\/03\/06\/surete-urbaine-cheikh-oumar-diagne-place-en-garde-a-vue-les-faits-reveles\/"]}]},{"@type":"ImageObject","inLanguage":"fr-FR","@id":"https:\/\/www.public.sn\/index.php\/2026\/03\/06\/surete-urbaine-cheikh-oumar-diagne-place-en-garde-a-vue-les-faits-reveles\/#primaryimage","url":"https:\/\/www.public.sn\/wp-content\/uploads\/2026\/03\/Capture-decran-2026-03-06-a-18.46.38.png","contentUrl":"https:\/\/www.public.sn\/wp-content\/uploads\/2026\/03\/Capture-decran-2026-03-06-a-18.46.38.png","width":785,"height":438},{"@type":"BreadcrumbList","@id":"https:\/\/www.public.sn\/index.php\/2026\/03\/06\/surete-urbaine-cheikh-oumar-diagne-place-en-garde-a-vue-les-faits-reveles\/#breadcrumb","itemListElement":[{"@type":"ListItem","position":1,"name":"Accueil","item":"https:\/\/www.public.sn\/"},{"@type":"ListItem","position":2,"name":"S\u00fbret\u00e9 urbaine :\u00a0Cheikh Oumar Diagne\u00a0plac\u00e9 en garde \u00e0 vue, les faits r\u00e9v\u00e9l\u00e9s"}]},{"@type":"WebSite","@id":"https:\/\/www.public.sn\/#website","url":"https:\/\/www.public.sn\/","name":"LE PUBLIC","description":"","publisher":{"@id":"https:\/\/www.public.sn\/#organization"},"potentialAction":[{"@type":"SearchAction","target":{"@type":"EntryPoint","urlTemplate":"https:\/\/www.public.sn\/?s={search_term_string}"},"query-input":{"@type":"PropertyValueSpecification","valueRequired":true,"valueName":"search_term_string"}}],"inLanguage":"fr-FR"},{"@type":"Organization","@id":"https:\/\/www.public.sn\/#organization","name":"LE PUBLIC","url":"https:\/\/www.public.sn\/","logo":{"@type":"ImageObject","inLanguage":"fr-FR","@id":"https:\/\/www.public.sn\/#\/schema\/logo\/image\/","url":"https:\/\/www.public.sn\/wp-content\/uploads\/2024\/05\/cropped-LOGO-PUBLIC.SN_.png","contentUrl":"https:\/\/www.public.sn\/wp-content\/uploads\/2024\/05\/cropped-LOGO-PUBLIC.SN_.png","width":682,"height":192,"caption":"LE PUBLIC"},"image":{"@id":"https:\/\/www.public.sn\/#\/schema\/logo\/image\/"}},{"@type":"Person","@id":"https:\/\/www.public.sn\/#\/schema\/person\/cb76c8e1b8becc6be61fb5e92d6d0224","name":"LA REDACTION","image":{"@type":"ImageObject","inLanguage":"fr-FR","@id":"https:\/\/www.public.sn\/#\/schema\/person\/image\/","url":"https:\/\/secure.gravatar.com\/avatar\/2dce5ddd34b8fef0180efe03aa2a9bee7d953856048f9a16b298190a3178407c?s=96&d=mm&r=g","contentUrl":"https:\/\/secure.gravatar.com\/avatar\/2dce5ddd34b8fef0180efe03aa2a9bee7d953856048f9a16b298190a3178407c?s=96&d=mm&r=g","caption":"LA REDACTION"},"url":"https:\/\/www.public.sn\/index.php\/author\/editeurpsn\/"}]}},"jetpack_featured_media_url":"https:\/\/www.public.sn\/wp-content\/uploads\/2026\/03\/Capture-decran-2026-03-06-a-18.46.38.png","jetpack_sharing_enabled":true,"_links":{"self":[{"href":"https:\/\/www.public.sn\/index.php\/wp-json\/wp\/v2\/posts\/39474","targetHints":{"allow":["GET"]}}],"collection":[{"href":"https:\/\/www.public.sn\/index.php\/wp-json\/wp\/v2\/posts"}],"about":[{"href":"https:\/\/www.public.sn\/index.php\/wp-json\/wp\/v2\/types\/post"}],"author":[{"embeddable":true,"href":"https:\/\/www.public.sn\/index.php\/wp-json\/wp\/v2\/users\/7"}],"replies":[{"embeddable":true,"href":"https:\/\/www.public.sn\/index.php\/wp-json\/wp\/v2\/comments?post=39474"}],"version-history":[{"count":1,"href":"https:\/\/www.public.sn\/index.php\/wp-json\/wp\/v2\/posts\/39474\/revisions"}],"predecessor-version":[{"id":39477,"href":"https:\/\/www.public.sn\/index.php\/wp-json\/wp\/v2\/posts\/39474\/revisions\/39477"}],"wp:featuredmedia":[{"embeddable":true,"href":"https:\/\/www.public.sn\/index.php\/wp-json\/wp\/v2\/media\/39476"}],"wp:attachment":[{"href":"https:\/\/www.public.sn\/index.php\/wp-json\/wp\/v2\/media?parent=39474"}],"wp:term":[{"taxonomy":"category","embeddable":true,"href":"https:\/\/www.public.sn\/index.php\/wp-json\/wp\/v2\/categories?post=39474"},{"taxonomy":"post_tag","embeddable":true,"href":"https:\/\/www.public.sn\/index.php\/wp-json\/wp\/v2\/tags?post=39474"}],"curies":[{"name":"wp","href":"https:\/\/api.w.org\/{rel}","templated":true}]}}