{"id":39483,"date":"2026-03-08T19:23:57","date_gmt":"2026-03-08T19:23:57","guid":{"rendered":"https:\/\/www.public.sn\/?p=39483"},"modified":"2026-03-08T19:24:11","modified_gmt":"2026-03-08T19:24:11","slug":"kaolack-la-police-interpelle-deux-presumes-agresseurs","status":"publish","type":"post","link":"https:\/\/www.public.sn\/index.php\/2026\/03\/08\/kaolack-la-police-interpelle-deux-presumes-agresseurs\/","title":{"rendered":"Kaolack\u00a0: la police interpelle deux pr\u00e9sum\u00e9s agresseurs"},"content":{"rendered":"\n<p>Deux jeunes individus ont \u00e9t\u00e9 interpell\u00e9s puis plac\u00e9s en garde \u00e0 vue par les \u00e9l\u00e9ments du commissariat central de&nbsp;Kaolackpour&nbsp;<strong>vol avec violence commis la nuit en r\u00e9union avec usage d\u2019un moyen de locomotion<\/strong>. Les faits se sont produits dans la nuit du 6 mars 2026, aux environs de 3 heures du matin.<\/p><div class=\"publi-paragraphe1\" style=\"margin-top: 10px;margin-bottom: 10px;margin-left: auto;margin-right: auto;text-align: center;\" id=\"publi-2037101313\"><div class=\"publi-adlabel\">Publicit\u00e9<\/div><script async src=\"\/\/pagead2.googlesyndication.com\/pagead\/js\/adsbygoogle.js?client=ca-pub-4089586018074219\" crossorigin=\"anonymous\"><\/script><ins class=\"adsbygoogle\" style=\"display:block;\" data-ad-client=\"ca-pub-4089586018074219\" \ndata-ad-slot=\"2087940154\" \ndata-ad-format=\"auto\"><\/ins>\n<script> \n(adsbygoogle = window.adsbygoogle || []).push({}); \n<\/script>\n<\/div>\n\n\n\n<p>Selon les d\u00e9clarations de la victime, M. T., un \u00e9l\u00e8ve de 19 ans domicili\u00e9 \u00e0&nbsp;Darou Rahmaty, il se trouvait devant son domicile en train d\u2019utiliser son t\u00e9l\u00e9phone portable lorsqu\u2019un individu l\u2019a attaqu\u00e9 par surprise avant de lui arracher l\u2019appareil. L\u2019agresseur a aussit\u00f4t pris la fuite et rejoint son complice qui l\u2019attendait sur une moto.<\/p>\n\n\n\n<p>La victime s\u2019est imm\u00e9diatement mise \u00e0 crier au voleur, attirant l\u2019attention des riverains. Alert\u00e9s, plusieurs habitants se sont lanc\u00e9s \u00e0 la poursuite des suspects \u00e0 bord de motos-Jakarta. Apr\u00e8s plusieurs minutes de chasse, les deux fuyards ont \u00e9t\u00e9 rattrap\u00e9s et ma\u00eetris\u00e9s \u00e0&nbsp;Fass Cheikh Tidiane.<\/p>\n\n\n\n<p>Craignant toutefois que les suspects ne soient victimes de repr\u00e9sailles, la victime a alert\u00e9 le commissariat central de&nbsp;Kaolack. Des policiers se sont rendus sur les lieux pour r\u00e9cup\u00e9rer les deux individus et les conduire au poste.<\/p>\n\n\n\n<p>Les mis en cause ont \u00e9t\u00e9 identifi\u00e9s sous les initiales&nbsp;<strong>S. S., 19 ans<\/strong>, conducteur de moto domicili\u00e9 \u00e0&nbsp;Taba Ngoye, et&nbsp;<strong>O. M., 18 ans<\/strong>, carreleur r\u00e9sidant dans le m\u00eame quartier.<\/p>\n\n\n\n<p>Interrog\u00e9s sommairement, les deux suspects ont reconnu les faits qui leur sont reproch\u00e9s. \u00c0 l\u2019issue de leur audition, ils ont \u00e9t\u00e9 plac\u00e9s en garde \u00e0 vue pour les besoins de l\u2019enqu\u00eate. Le parquet a \u00e9t\u00e9 inform\u00e9 et la proc\u00e9dure suit son cours. \ud83d\ude94\ud83d\udcf0<\/p>\n\n\n\n<p>Si tu veux, je peux aussi te proposer&nbsp;<strong>3 titres beaucoup plus \u201cbuzz\u201d (style Seneweb ou r\u00e9seaux sociaux)<\/strong>&nbsp;pour attirer davantage de lecteurs.<\/p>\n<div class=\"publi-apres-le-contenu\" style=\"margin-top: 10px;margin-bottom: 10px;margin-left: auto;margin-right: auto;text-align: center;\" id=\"publi-752744067\"><div class=\"publi-adlabel\">Publicit\u00e9<\/div><script async src=\"\/\/pagead2.googlesyndication.com\/pagead\/js\/adsbygoogle.js?client=ca-pub-4089586018074219\" crossorigin=\"anonymous\"><\/script><ins class=\"adsbygoogle\" style=\"display:block;\" data-ad-client=\"ca-pub-4089586018074219\" \ndata-ad-slot=\"2087940154\" \ndata-ad-format=\"auto\"><\/ins>\n<script> \n(adsbygoogle = window.adsbygoogle || []).push({}); \n<\/script>\n<\/div>","protected":false},"excerpt":{"rendered":"<p>Deux jeunes individus ont \u00e9t\u00e9 interpell\u00e9s puis plac\u00e9s en garde \u00e0 vue par les \u00e9l\u00e9ments du commissariat central de&nbsp;Kaolackpour&nbsp;vol avec violence commis la nuit en r\u00e9union avec usage d\u2019un moyen de locomotion. Les faits se sont produits dans la nuit du 6 mars 2026, aux environs de 3 heures du matin. Selon les d\u00e9clarations de la victime, M. T., un \u00e9l\u00e8ve de 19 ans domicili\u00e9 \u00e0&nbsp;Darou Rahmaty, il se trouvait devant son domicile en train d\u2019utiliser son t\u00e9l\u00e9phone portable lorsqu\u2019un individu l\u2019a attaqu\u00e9 par surprise avant de lui arracher l\u2019appareil. L\u2019agresseur a aussit\u00f4t pris la fuite et rejoint son complice qui l\u2019attendait sur une moto. La victime s\u2019est imm\u00e9diatement mise \u00e0 crier au voleur, attirant l\u2019attention des riverains. Alert\u00e9s, plusieurs habitants se sont lanc\u00e9s \u00e0 la poursuite des suspects \u00e0 bord de motos-Jakarta. Apr\u00e8s plusieurs minutes de chasse, les deux fuyards ont \u00e9t\u00e9 rattrap\u00e9s et ma\u00eetris\u00e9s \u00e0&nbsp;Fass Cheikh Tidiane. Craignant toutefois que les suspects ne soient victimes de repr\u00e9sailles, la victime a alert\u00e9 le commissariat central de&nbsp;Kaolack. Des policiers se sont rendus sur les lieux pour r\u00e9cup\u00e9rer les deux individus et les conduire au poste. Les mis en cause ont \u00e9t\u00e9 identifi\u00e9s sous les initiales&nbsp;S. S., 19 ans, conducteur de moto domicili\u00e9 \u00e0&nbsp;Taba Ngoye, et&nbsp;O. M., 18 ans, carreleur r\u00e9sidant dans le m\u00eame quartier. Interrog\u00e9s sommairement, les deux suspects ont reconnu les faits qui leur sont reproch\u00e9s. \u00c0 l\u2019issue de leur audition, ils ont \u00e9t\u00e9 plac\u00e9s en garde \u00e0 vue pour les besoins de l\u2019enqu\u00eate. Le parquet a \u00e9t\u00e9 inform\u00e9 et la proc\u00e9dure suit son cours. \ud83d\ude94\ud83d\udcf0 Si tu veux, je peux aussi te proposer&nbsp;3 titres beaucoup plus \u201cbuzz\u201d (style Seneweb ou r\u00e9seaux sociaux)&nbsp;pour attirer davantage de lecteurs.<\/p>\n","protected":false},"author":7,"featured_media":39484,"comment_status":"open","ping_status":"open","sticky":false,"template":"","format":"standard","meta":{"_jetpack_memberships_contains_paid_content":false,"footnotes":""},"categories":[375,3724],"tags":[33,37],"class_list":["post-39483","post","type-post","status-publish","format-standard","has-post-thumbnail","hentry","category-actualites","category-justice","tag-kaolack","tag-police","entry","has-media","owp-thumbs-layout-horizontal","owp-btn-normal","owp-tabs-layout-horizontal","has-no-thumbnails","has-product-nav"],"yoast_head":"<!-- This site is optimized with the Yoast SEO plugin v25.5 - https:\/\/yoast.com\/wordpress\/plugins\/seo\/ -->\n<title>Kaolack\u00a0: la police interpelle deux pr\u00e9sum\u00e9s agresseurs - LE PUBLIC<\/title>\n<meta name=\"robots\" content=\"index, follow, max-snippet:-1, max-image-preview:large, max-video-preview:-1\" \/>\n<link rel=\"canonical\" href=\"https:\/\/www.public.sn\/index.php\/2026\/03\/08\/kaolack-la-police-interpelle-deux-presumes-agresseurs\/\" \/>\n<meta property=\"og:locale\" content=\"fr_FR\" \/>\n<meta property=\"og:type\" content=\"article\" \/>\n<meta property=\"og:title\" content=\"Kaolack\u00a0: la police interpelle deux pr\u00e9sum\u00e9s agresseurs - LE PUBLIC\" \/>\n<meta property=\"og:description\" content=\"Deux jeunes individus ont \u00e9t\u00e9 interpell\u00e9s puis plac\u00e9s en garde \u00e0 vue par les \u00e9l\u00e9ments du commissariat central de&nbsp;Kaolackpour&nbsp;vol avec violence commis la nuit en r\u00e9union avec usage d\u2019un moyen de locomotion. Les faits se sont produits dans la nuit du 6 mars 2026, aux environs de 3 heures du matin. Selon les d\u00e9clarations de la victime, M. T., un \u00e9l\u00e8ve de 19 ans domicili\u00e9 \u00e0&nbsp;Darou Rahmaty, il se trouvait devant son domicile en train d\u2019utiliser son t\u00e9l\u00e9phone portable lorsqu\u2019un individu l\u2019a attaqu\u00e9 par surprise avant de lui arracher l\u2019appareil. L\u2019agresseur a aussit\u00f4t pris la fuite et rejoint son complice qui l\u2019attendait sur une moto. La victime s\u2019est imm\u00e9diatement mise \u00e0 crier au voleur, attirant l\u2019attention des riverains. Alert\u00e9s, plusieurs habitants se sont lanc\u00e9s \u00e0 la poursuite des suspects \u00e0 bord de motos-Jakarta. Apr\u00e8s plusieurs minutes de chasse, les deux fuyards ont \u00e9t\u00e9 rattrap\u00e9s et ma\u00eetris\u00e9s \u00e0&nbsp;Fass Cheikh Tidiane. Craignant toutefois que les suspects ne soient victimes de repr\u00e9sailles, la victime a alert\u00e9 le commissariat central de&nbsp;Kaolack. Des policiers se sont rendus sur les lieux pour r\u00e9cup\u00e9rer les deux individus et les conduire au poste. Les mis en cause ont \u00e9t\u00e9 identifi\u00e9s sous les initiales&nbsp;S. S., 19 ans, conducteur de moto domicili\u00e9 \u00e0&nbsp;Taba Ngoye, et&nbsp;O. M., 18 ans, carreleur r\u00e9sidant dans le m\u00eame quartier. Interrog\u00e9s sommairement, les deux suspects ont reconnu les faits qui leur sont reproch\u00e9s. \u00c0 l\u2019issue de leur audition, ils ont \u00e9t\u00e9 plac\u00e9s en garde \u00e0 vue pour les besoins de l\u2019enqu\u00eate. Le parquet a \u00e9t\u00e9 inform\u00e9 et la proc\u00e9dure suit son cours. \ud83d\ude94\ud83d\udcf0 Si tu veux, je peux aussi te proposer&nbsp;3 titres beaucoup plus \u201cbuzz\u201d (style Seneweb ou r\u00e9seaux sociaux)&nbsp;pour attirer davantage de lecteurs.\" \/>\n<meta property=\"og:url\" content=\"https:\/\/www.public.sn\/index.php\/2026\/03\/08\/kaolack-la-police-interpelle-deux-presumes-agresseurs\/\" \/>\n<meta property=\"og:site_name\" content=\"LE PUBLIC\" \/>\n<meta property=\"article:published_time\" content=\"2026-03-08T19:23:57+00:00\" \/>\n<meta property=\"article:modified_time\" content=\"2026-03-08T19:24:11+00:00\" \/>\n<meta property=\"og:image\" content=\"https:\/\/www.public.sn\/wp-content\/uploads\/2026\/03\/Capture-decran-2026-03-08-a-19.21.36.png\" \/>\n\t<meta property=\"og:image:width\" content=\"751\" \/>\n\t<meta property=\"og:image:height\" content=\"420\" \/>\n\t<meta property=\"og:image:type\" content=\"image\/png\" \/>\n<meta name=\"author\" content=\"LA REDACTION\" \/>\n<meta name=\"twitter:card\" content=\"summary_large_image\" \/>\n<meta name=\"twitter:label1\" content=\"\u00c9crit par\" \/>\n\t<meta name=\"twitter:data1\" content=\"LA REDACTION\" \/>\n\t<meta name=\"twitter:label2\" content=\"Dur\u00e9e de lecture estim\u00e9e\" \/>\n\t<meta name=\"twitter:data2\" content=\"2 minutes\" \/>\n<script type=\"application\/ld+json\" class=\"yoast-schema-graph\">{\"@context\":\"https:\/\/schema.org\",\"@graph\":[{\"@type\":\"Article\",\"@id\":\"https:\/\/www.public.sn\/index.php\/2026\/03\/08\/kaolack-la-police-interpelle-deux-presumes-agresseurs\/#article\",\"isPartOf\":{\"@id\":\"https:\/\/www.public.sn\/index.php\/2026\/03\/08\/kaolack-la-police-interpelle-deux-presumes-agresseurs\/\"},\"author\":{\"name\":\"LA REDACTION\",\"@id\":\"https:\/\/www.public.sn\/#\/schema\/person\/cb76c8e1b8becc6be61fb5e92d6d0224\"},\"headline\":\"Kaolack\u00a0: la police interpelle deux pr\u00e9sum\u00e9s agresseurs\",\"datePublished\":\"2026-03-08T19:23:57+00:00\",\"dateModified\":\"2026-03-08T19:24:11+00:00\",\"mainEntityOfPage\":{\"@id\":\"https:\/\/www.public.sn\/index.php\/2026\/03\/08\/kaolack-la-police-interpelle-deux-presumes-agresseurs\/\"},\"wordCount\":329,\"commentCount\":0,\"publisher\":{\"@id\":\"https:\/\/www.public.sn\/#organization\"},\"image\":{\"@id\":\"https:\/\/www.public.sn\/index.php\/2026\/03\/08\/kaolack-la-police-interpelle-deux-presumes-agresseurs\/#primaryimage\"},\"thumbnailUrl\":\"https:\/\/www.public.sn\/wp-content\/uploads\/2026\/03\/Capture-decran-2026-03-08-a-19.21.36.png\",\"keywords\":[\"Kaolack\",\"Police\"],\"articleSection\":[\"ACTUALIT\u00c9S\",\"justice\"],\"inLanguage\":\"fr-FR\",\"potentialAction\":[{\"@type\":\"CommentAction\",\"name\":\"Comment\",\"target\":[\"https:\/\/www.public.sn\/index.php\/2026\/03\/08\/kaolack-la-police-interpelle-deux-presumes-agresseurs\/#respond\"]}]},{\"@type\":\"WebPage\",\"@id\":\"https:\/\/www.public.sn\/index.php\/2026\/03\/08\/kaolack-la-police-interpelle-deux-presumes-agresseurs\/\",\"url\":\"https:\/\/www.public.sn\/index.php\/2026\/03\/08\/kaolack-la-police-interpelle-deux-presumes-agresseurs\/\",\"name\":\"Kaolack\u00a0: la police interpelle deux pr\u00e9sum\u00e9s agresseurs - LE PUBLIC\",\"isPartOf\":{\"@id\":\"https:\/\/www.public.sn\/#website\"},\"primaryImageOfPage\":{\"@id\":\"https:\/\/www.public.sn\/index.php\/2026\/03\/08\/kaolack-la-police-interpelle-deux-presumes-agresseurs\/#primaryimage\"},\"image\":{\"@id\":\"https:\/\/www.public.sn\/index.php\/2026\/03\/08\/kaolack-la-police-interpelle-deux-presumes-agresseurs\/#primaryimage\"},\"thumbnailUrl\":\"https:\/\/www.public.sn\/wp-content\/uploads\/2026\/03\/Capture-decran-2026-03-08-a-19.21.36.png\",\"datePublished\":\"2026-03-08T19:23:57+00:00\",\"dateModified\":\"2026-03-08T19:24:11+00:00\",\"breadcrumb\":{\"@id\":\"https:\/\/www.public.sn\/index.php\/2026\/03\/08\/kaolack-la-police-interpelle-deux-presumes-agresseurs\/#breadcrumb\"},\"inLanguage\":\"fr-FR\",\"potentialAction\":[{\"@type\":\"ReadAction\",\"target\":[\"https:\/\/www.public.sn\/index.php\/2026\/03\/08\/kaolack-la-police-interpelle-deux-presumes-agresseurs\/\"]}]},{\"@type\":\"ImageObject\",\"inLanguage\":\"fr-FR\",\"@id\":\"https:\/\/www.public.sn\/index.php\/2026\/03\/08\/kaolack-la-police-interpelle-deux-presumes-agresseurs\/#primaryimage\",\"url\":\"https:\/\/www.public.sn\/wp-content\/uploads\/2026\/03\/Capture-decran-2026-03-08-a-19.21.36.png\",\"contentUrl\":\"https:\/\/www.public.sn\/wp-content\/uploads\/2026\/03\/Capture-decran-2026-03-08-a-19.21.36.png\",\"width\":751,\"height\":420},{\"@type\":\"BreadcrumbList\",\"@id\":\"https:\/\/www.public.sn\/index.php\/2026\/03\/08\/kaolack-la-police-interpelle-deux-presumes-agresseurs\/#breadcrumb\",\"itemListElement\":[{\"@type\":\"ListItem\",\"position\":1,\"name\":\"Accueil\",\"item\":\"https:\/\/www.public.sn\/\"},{\"@type\":\"ListItem\",\"position\":2,\"name\":\"Kaolack\u00a0: la police interpelle deux pr\u00e9sum\u00e9s agresseurs\"}]},{\"@type\":\"WebSite\",\"@id\":\"https:\/\/www.public.sn\/#website\",\"url\":\"https:\/\/www.public.sn\/\",\"name\":\"LE PUBLIC\",\"description\":\"\",\"publisher\":{\"@id\":\"https:\/\/www.public.sn\/#organization\"},\"potentialAction\":[{\"@type\":\"SearchAction\",\"target\":{\"@type\":\"EntryPoint\",\"urlTemplate\":\"https:\/\/www.public.sn\/?s={search_term_string}\"},\"query-input\":{\"@type\":\"PropertyValueSpecification\",\"valueRequired\":true,\"valueName\":\"search_term_string\"}}],\"inLanguage\":\"fr-FR\"},{\"@type\":\"Organization\",\"@id\":\"https:\/\/www.public.sn\/#organization\",\"name\":\"LE PUBLIC\",\"url\":\"https:\/\/www.public.sn\/\",\"logo\":{\"@type\":\"ImageObject\",\"inLanguage\":\"fr-FR\",\"@id\":\"https:\/\/www.public.sn\/#\/schema\/logo\/image\/\",\"url\":\"https:\/\/www.public.sn\/wp-content\/uploads\/2024\/05\/cropped-LOGO-PUBLIC.SN_.png\",\"contentUrl\":\"https:\/\/www.public.sn\/wp-content\/uploads\/2024\/05\/cropped-LOGO-PUBLIC.SN_.png\",\"width\":682,\"height\":192,\"caption\":\"LE PUBLIC\"},\"image\":{\"@id\":\"https:\/\/www.public.sn\/#\/schema\/logo\/image\/\"}},{\"@type\":\"Person\",\"@id\":\"https:\/\/www.public.sn\/#\/schema\/person\/cb76c8e1b8becc6be61fb5e92d6d0224\",\"name\":\"LA REDACTION\",\"image\":{\"@type\":\"ImageObject\",\"inLanguage\":\"fr-FR\",\"@id\":\"https:\/\/www.public.sn\/#\/schema\/person\/image\/\",\"url\":\"https:\/\/secure.gravatar.com\/avatar\/2dce5ddd34b8fef0180efe03aa2a9bee7d953856048f9a16b298190a3178407c?s=96&d=mm&r=g\",\"contentUrl\":\"https:\/\/secure.gravatar.com\/avatar\/2dce5ddd34b8fef0180efe03aa2a9bee7d953856048f9a16b298190a3178407c?s=96&d=mm&r=g\",\"caption\":\"LA REDACTION\"},\"url\":\"https:\/\/www.public.sn\/index.php\/author\/editeurpsn\/\"}]}<\/script>\n<!-- \/ Yoast SEO plugin. -->","yoast_head_json":{"title":"Kaolack\u00a0: la police interpelle deux pr\u00e9sum\u00e9s agresseurs - LE PUBLIC","robots":{"index":"index","follow":"follow","max-snippet":"max-snippet:-1","max-image-preview":"max-image-preview:large","max-video-preview":"max-video-preview:-1"},"canonical":"https:\/\/www.public.sn\/index.php\/2026\/03\/08\/kaolack-la-police-interpelle-deux-presumes-agresseurs\/","og_locale":"fr_FR","og_type":"article","og_title":"Kaolack\u00a0: la police interpelle deux pr\u00e9sum\u00e9s agresseurs - LE PUBLIC","og_description":"Deux jeunes individus ont \u00e9t\u00e9 interpell\u00e9s puis plac\u00e9s en garde \u00e0 vue par les \u00e9l\u00e9ments du commissariat central de&nbsp;Kaolackpour&nbsp;vol avec violence commis la nuit en r\u00e9union avec usage d\u2019un moyen de locomotion. Les faits se sont produits dans la nuit du 6 mars 2026, aux environs de 3 heures du matin. Selon les d\u00e9clarations de la victime, M. T., un \u00e9l\u00e8ve de 19 ans domicili\u00e9 \u00e0&nbsp;Darou Rahmaty, il se trouvait devant son domicile en train d\u2019utiliser son t\u00e9l\u00e9phone portable lorsqu\u2019un individu l\u2019a attaqu\u00e9 par surprise avant de lui arracher l\u2019appareil. L\u2019agresseur a aussit\u00f4t pris la fuite et rejoint son complice qui l\u2019attendait sur une moto. La victime s\u2019est imm\u00e9diatement mise \u00e0 crier au voleur, attirant l\u2019attention des riverains. Alert\u00e9s, plusieurs habitants se sont lanc\u00e9s \u00e0 la poursuite des suspects \u00e0 bord de motos-Jakarta. Apr\u00e8s plusieurs minutes de chasse, les deux fuyards ont \u00e9t\u00e9 rattrap\u00e9s et ma\u00eetris\u00e9s \u00e0&nbsp;Fass Cheikh Tidiane. Craignant toutefois que les suspects ne soient victimes de repr\u00e9sailles, la victime a alert\u00e9 le commissariat central de&nbsp;Kaolack. Des policiers se sont rendus sur les lieux pour r\u00e9cup\u00e9rer les deux individus et les conduire au poste. Les mis en cause ont \u00e9t\u00e9 identifi\u00e9s sous les initiales&nbsp;S. S., 19 ans, conducteur de moto domicili\u00e9 \u00e0&nbsp;Taba Ngoye, et&nbsp;O. M., 18 ans, carreleur r\u00e9sidant dans le m\u00eame quartier. Interrog\u00e9s sommairement, les deux suspects ont reconnu les faits qui leur sont reproch\u00e9s. \u00c0 l\u2019issue de leur audition, ils ont \u00e9t\u00e9 plac\u00e9s en garde \u00e0 vue pour les besoins de l\u2019enqu\u00eate. Le parquet a \u00e9t\u00e9 inform\u00e9 et la proc\u00e9dure suit son cours. \ud83d\ude94\ud83d\udcf0 Si tu veux, je peux aussi te proposer&nbsp;3 titres beaucoup plus \u201cbuzz\u201d (style Seneweb ou r\u00e9seaux sociaux)&nbsp;pour attirer davantage de lecteurs.","og_url":"https:\/\/www.public.sn\/index.php\/2026\/03\/08\/kaolack-la-police-interpelle-deux-presumes-agresseurs\/","og_site_name":"LE PUBLIC","article_published_time":"2026-03-08T19:23:57+00:00","article_modified_time":"2026-03-08T19:24:11+00:00","og_image":[{"width":751,"height":420,"url":"https:\/\/www.public.sn\/wp-content\/uploads\/2026\/03\/Capture-decran-2026-03-08-a-19.21.36.png","type":"image\/png"}],"author":"LA REDACTION","twitter_card":"summary_large_image","twitter_misc":{"\u00c9crit par":"LA REDACTION","Dur\u00e9e de lecture estim\u00e9e":"2 minutes"},"schema":{"@context":"https:\/\/schema.org","@graph":[{"@type":"Article","@id":"https:\/\/www.public.sn\/index.php\/2026\/03\/08\/kaolack-la-police-interpelle-deux-presumes-agresseurs\/#article","isPartOf":{"@id":"https:\/\/www.public.sn\/index.php\/2026\/03\/08\/kaolack-la-police-interpelle-deux-presumes-agresseurs\/"},"author":{"name":"LA REDACTION","@id":"https:\/\/www.public.sn\/#\/schema\/person\/cb76c8e1b8becc6be61fb5e92d6d0224"},"headline":"Kaolack\u00a0: la police interpelle deux pr\u00e9sum\u00e9s agresseurs","datePublished":"2026-03-08T19:23:57+00:00","dateModified":"2026-03-08T19:24:11+00:00","mainEntityOfPage":{"@id":"https:\/\/www.public.sn\/index.php\/2026\/03\/08\/kaolack-la-police-interpelle-deux-presumes-agresseurs\/"},"wordCount":329,"commentCount":0,"publisher":{"@id":"https:\/\/www.public.sn\/#organization"},"image":{"@id":"https:\/\/www.public.sn\/index.php\/2026\/03\/08\/kaolack-la-police-interpelle-deux-presumes-agresseurs\/#primaryimage"},"thumbnailUrl":"https:\/\/www.public.sn\/wp-content\/uploads\/2026\/03\/Capture-decran-2026-03-08-a-19.21.36.png","keywords":["Kaolack","Police"],"articleSection":["ACTUALIT\u00c9S","justice"],"inLanguage":"fr-FR","potentialAction":[{"@type":"CommentAction","name":"Comment","target":["https:\/\/www.public.sn\/index.php\/2026\/03\/08\/kaolack-la-police-interpelle-deux-presumes-agresseurs\/#respond"]}]},{"@type":"WebPage","@id":"https:\/\/www.public.sn\/index.php\/2026\/03\/08\/kaolack-la-police-interpelle-deux-presumes-agresseurs\/","url":"https:\/\/www.public.sn\/index.php\/2026\/03\/08\/kaolack-la-police-interpelle-deux-presumes-agresseurs\/","name":"Kaolack\u00a0: la police interpelle deux pr\u00e9sum\u00e9s agresseurs - LE PUBLIC","isPartOf":{"@id":"https:\/\/www.public.sn\/#website"},"primaryImageOfPage":{"@id":"https:\/\/www.public.sn\/index.php\/2026\/03\/08\/kaolack-la-police-interpelle-deux-presumes-agresseurs\/#primaryimage"},"image":{"@id":"https:\/\/www.public.sn\/index.php\/2026\/03\/08\/kaolack-la-police-interpelle-deux-presumes-agresseurs\/#primaryimage"},"thumbnailUrl":"https:\/\/www.public.sn\/wp-content\/uploads\/2026\/03\/Capture-decran-2026-03-08-a-19.21.36.png","datePublished":"2026-03-08T19:23:57+00:00","dateModified":"2026-03-08T19:24:11+00:00","breadcrumb":{"@id":"https:\/\/www.public.sn\/index.php\/2026\/03\/08\/kaolack-la-police-interpelle-deux-presumes-agresseurs\/#breadcrumb"},"inLanguage":"fr-FR","potentialAction":[{"@type":"ReadAction","target":["https:\/\/www.public.sn\/index.php\/2026\/03\/08\/kaolack-la-police-interpelle-deux-presumes-agresseurs\/"]}]},{"@type":"ImageObject","inLanguage":"fr-FR","@id":"https:\/\/www.public.sn\/index.php\/2026\/03\/08\/kaolack-la-police-interpelle-deux-presumes-agresseurs\/#primaryimage","url":"https:\/\/www.public.sn\/wp-content\/uploads\/2026\/03\/Capture-decran-2026-03-08-a-19.21.36.png","contentUrl":"https:\/\/www.public.sn\/wp-content\/uploads\/2026\/03\/Capture-decran-2026-03-08-a-19.21.36.png","width":751,"height":420},{"@type":"BreadcrumbList","@id":"https:\/\/www.public.sn\/index.php\/2026\/03\/08\/kaolack-la-police-interpelle-deux-presumes-agresseurs\/#breadcrumb","itemListElement":[{"@type":"ListItem","position":1,"name":"Accueil","item":"https:\/\/www.public.sn\/"},{"@type":"ListItem","position":2,"name":"Kaolack\u00a0: la police interpelle deux pr\u00e9sum\u00e9s agresseurs"}]},{"@type":"WebSite","@id":"https:\/\/www.public.sn\/#website","url":"https:\/\/www.public.sn\/","name":"LE PUBLIC","description":"","publisher":{"@id":"https:\/\/www.public.sn\/#organization"},"potentialAction":[{"@type":"SearchAction","target":{"@type":"EntryPoint","urlTemplate":"https:\/\/www.public.sn\/?s={search_term_string}"},"query-input":{"@type":"PropertyValueSpecification","valueRequired":true,"valueName":"search_term_string"}}],"inLanguage":"fr-FR"},{"@type":"Organization","@id":"https:\/\/www.public.sn\/#organization","name":"LE PUBLIC","url":"https:\/\/www.public.sn\/","logo":{"@type":"ImageObject","inLanguage":"fr-FR","@id":"https:\/\/www.public.sn\/#\/schema\/logo\/image\/","url":"https:\/\/www.public.sn\/wp-content\/uploads\/2024\/05\/cropped-LOGO-PUBLIC.SN_.png","contentUrl":"https:\/\/www.public.sn\/wp-content\/uploads\/2024\/05\/cropped-LOGO-PUBLIC.SN_.png","width":682,"height":192,"caption":"LE PUBLIC"},"image":{"@id":"https:\/\/www.public.sn\/#\/schema\/logo\/image\/"}},{"@type":"Person","@id":"https:\/\/www.public.sn\/#\/schema\/person\/cb76c8e1b8becc6be61fb5e92d6d0224","name":"LA REDACTION","image":{"@type":"ImageObject","inLanguage":"fr-FR","@id":"https:\/\/www.public.sn\/#\/schema\/person\/image\/","url":"https:\/\/secure.gravatar.com\/avatar\/2dce5ddd34b8fef0180efe03aa2a9bee7d953856048f9a16b298190a3178407c?s=96&d=mm&r=g","contentUrl":"https:\/\/secure.gravatar.com\/avatar\/2dce5ddd34b8fef0180efe03aa2a9bee7d953856048f9a16b298190a3178407c?s=96&d=mm&r=g","caption":"LA REDACTION"},"url":"https:\/\/www.public.sn\/index.php\/author\/editeurpsn\/"}]}},"jetpack_featured_media_url":"https:\/\/www.public.sn\/wp-content\/uploads\/2026\/03\/Capture-decran-2026-03-08-a-19.21.36.png","jetpack_sharing_enabled":true,"_links":{"self":[{"href":"https:\/\/www.public.sn\/index.php\/wp-json\/wp\/v2\/posts\/39483","targetHints":{"allow":["GET"]}}],"collection":[{"href":"https:\/\/www.public.sn\/index.php\/wp-json\/wp\/v2\/posts"}],"about":[{"href":"https:\/\/www.public.sn\/index.php\/wp-json\/wp\/v2\/types\/post"}],"author":[{"embeddable":true,"href":"https:\/\/www.public.sn\/index.php\/wp-json\/wp\/v2\/users\/7"}],"replies":[{"embeddable":true,"href":"https:\/\/www.public.sn\/index.php\/wp-json\/wp\/v2\/comments?post=39483"}],"version-history":[{"count":2,"href":"https:\/\/www.public.sn\/index.php\/wp-json\/wp\/v2\/posts\/39483\/revisions"}],"predecessor-version":[{"id":39486,"href":"https:\/\/www.public.sn\/index.php\/wp-json\/wp\/v2\/posts\/39483\/revisions\/39486"}],"wp:featuredmedia":[{"embeddable":true,"href":"https:\/\/www.public.sn\/index.php\/wp-json\/wp\/v2\/media\/39484"}],"wp:attachment":[{"href":"https:\/\/www.public.sn\/index.php\/wp-json\/wp\/v2\/media?parent=39483"}],"wp:term":[{"taxonomy":"category","embeddable":true,"href":"https:\/\/www.public.sn\/index.php\/wp-json\/wp\/v2\/categories?post=39483"},{"taxonomy":"post_tag","embeddable":true,"href":"https:\/\/www.public.sn\/index.php\/wp-json\/wp\/v2\/tags?post=39483"}],"curies":[{"name":"wp","href":"https:\/\/api.w.org\/{rel}","templated":true}]}}