{"id":39499,"date":"2026-03-10T12:39:56","date_gmt":"2026-03-10T12:39:56","guid":{"rendered":"https:\/\/www.public.sn\/?p=39499"},"modified":"2026-03-10T12:40:11","modified_gmt":"2026-03-10T12:40:11","slug":"tambacounda-deux-jeunes-talibes-ages-de-11-ans-retrouves-morts","status":"publish","type":"post","link":"https:\/\/www.public.sn\/index.php\/2026\/03\/10\/tambacounda-deux-jeunes-talibes-ages-de-11-ans-retrouves-morts\/","title":{"rendered":"Tambacounda : Deux jeunes talib\u00e9s \u00e2g\u00e9s de 11 ans retrouv\u00e9s morts"},"content":{"rendered":"\n<p>La tristesse et la consternation ont envahi le village de Laboya, dans la commune de Missirah, apr\u00e8s la d\u00e9couverte tragique des corps de deux enfants. M. Mounkaro et S. Kant\u00e9, tous deux \u00e2g\u00e9s de 11 ans et \u00e9l\u00e8ves d\u2019une \u00e9cole coranique de la localit\u00e9, ont \u00e9t\u00e9 retrouv\u00e9s sans vie lundi matin dans un bras du fleuve Gambie.<\/p><div class=\"publi-paragraphe1\" style=\"margin-top: 10px;margin-bottom: 10px;margin-left: auto;margin-right: auto;text-align: center;\" id=\"publi-2566480033\"><div class=\"publi-adlabel\">Publicit\u00e9<\/div><script async src=\"\/\/pagead2.googlesyndication.com\/pagead\/js\/adsbygoogle.js?client=ca-pub-4089586018074219\" crossorigin=\"anonymous\"><\/script><ins class=\"adsbygoogle\" style=\"display:block;\" data-ad-client=\"ca-pub-4089586018074219\" \ndata-ad-slot=\"2087940154\" \ndata-ad-format=\"auto\"><\/ins>\n<script> \n(adsbygoogle = window.adsbygoogle || []).push({}); \n<\/script>\n<\/div>\n\n\n\n<p>Alert\u00e9s par des habitants du village, les sapeurs-pompiers se sont rapidement rendus sur les lieux pour rep\u00eacher les corps des deux gar\u00e7ons. Les d\u00e9pouilles ont ensuite \u00e9t\u00e9 transf\u00e9r\u00e9es \u00e0 la morgue de l\u2019h\u00f4pital r\u00e9gional de Tambacounda.<\/p>\n\n\n\n<p>Selon leurs proches, les deux enfants \u00e9taient port\u00e9s disparus depuis dimanche matin. Leur disparition avait suscit\u00e9 une vive inqui\u00e9tude et mobilis\u00e9 de nombreux habitants du village, engag\u00e9s dans les recherches.<\/p>\n\n\n\n<p>Face \u00e0 ce drame qui plonge plusieurs familles dans une profonde douleur, la gendarmerie de Dialacoto a ouvert une enqu\u00eate afin de d\u00e9terminer les circonstances exactes de cette trag\u00e9die.<\/p>\n\n\n\n<p>En attendant les r\u00e9sultats de l\u2019enqu\u00eate, le village de Laboya reste sous le choc, dans l\u2019attente de r\u00e9ponses sur les derniers instants de ces deux jeunes talib\u00e9s.<\/p>\n<div class=\"publi-apres-le-contenu\" style=\"margin-top: 10px;margin-bottom: 10px;margin-left: auto;margin-right: auto;text-align: center;\" id=\"publi-2444123151\"><div class=\"publi-adlabel\">Publicit\u00e9<\/div><script async src=\"\/\/pagead2.googlesyndication.com\/pagead\/js\/adsbygoogle.js?client=ca-pub-4089586018074219\" crossorigin=\"anonymous\"><\/script><ins class=\"adsbygoogle\" style=\"display:block;\" data-ad-client=\"ca-pub-4089586018074219\" \ndata-ad-slot=\"2087940154\" \ndata-ad-format=\"auto\"><\/ins>\n<script> \n(adsbygoogle = window.adsbygoogle || []).push({}); \n<\/script>\n<\/div>","protected":false},"excerpt":{"rendered":"<p>La tristesse et la consternation ont envahi le village de Laboya, dans la commune de Missirah, apr\u00e8s la d\u00e9couverte tragique des corps de deux enfants. M. Mounkaro et S. Kant\u00e9, tous deux \u00e2g\u00e9s de 11 ans et \u00e9l\u00e8ves d\u2019une \u00e9cole coranique de la localit\u00e9, ont \u00e9t\u00e9 retrouv\u00e9s sans vie lundi matin dans un bras du fleuve Gambie. Alert\u00e9s par des habitants du village, les sapeurs-pompiers se sont rapidement rendus sur les lieux pour rep\u00eacher les corps des deux gar\u00e7ons. Les d\u00e9pouilles ont ensuite \u00e9t\u00e9 transf\u00e9r\u00e9es \u00e0 la morgue de l\u2019h\u00f4pital r\u00e9gional de Tambacounda. Selon leurs proches, les deux enfants \u00e9taient port\u00e9s disparus depuis dimanche matin. Leur disparition avait suscit\u00e9 une vive inqui\u00e9tude et mobilis\u00e9 de nombreux habitants du village, engag\u00e9s dans les recherches. Face \u00e0 ce drame qui plonge plusieurs familles dans une profonde douleur, la gendarmerie de Dialacoto a ouvert une enqu\u00eate afin de d\u00e9terminer les circonstances exactes de cette trag\u00e9die. En attendant les r\u00e9sultats de l\u2019enqu\u00eate, le village de Laboya reste sous le choc, dans l\u2019attente de r\u00e9ponses sur les derniers instants de ces deux jeunes talib\u00e9s.<\/p>\n","protected":false},"author":7,"featured_media":39500,"comment_status":"open","ping_status":"open","sticky":false,"template":"","format":"standard","meta":{"_jetpack_memberships_contains_paid_content":false,"footnotes":""},"categories":[375,1051,371],"tags":[8282,930],"class_list":["post-39499","post","type-post","status-publish","format-standard","has-post-thumbnail","hentry","category-actualites","category-drame","category-necrologie","tag-jeunes-talibes","tag-tambacounda","entry","has-media","owp-thumbs-layout-horizontal","owp-btn-normal","owp-tabs-layout-horizontal","has-no-thumbnails","has-product-nav"],"yoast_head":"<!-- This site is optimized with the Yoast SEO plugin v25.5 - https:\/\/yoast.com\/wordpress\/plugins\/seo\/ -->\n<title>Tambacounda : Deux jeunes talib\u00e9s \u00e2g\u00e9s de 11 ans retrouv\u00e9s morts - LE PUBLIC<\/title>\n<meta name=\"robots\" content=\"index, follow, max-snippet:-1, max-image-preview:large, max-video-preview:-1\" \/>\n<link rel=\"canonical\" href=\"https:\/\/www.public.sn\/index.php\/2026\/03\/10\/tambacounda-deux-jeunes-talibes-ages-de-11-ans-retrouves-morts\/\" \/>\n<meta property=\"og:locale\" content=\"fr_FR\" \/>\n<meta property=\"og:type\" content=\"article\" \/>\n<meta property=\"og:title\" content=\"Tambacounda : Deux jeunes talib\u00e9s \u00e2g\u00e9s de 11 ans retrouv\u00e9s morts - LE PUBLIC\" \/>\n<meta property=\"og:description\" content=\"La tristesse et la consternation ont envahi le village de Laboya, dans la commune de Missirah, apr\u00e8s la d\u00e9couverte tragique des corps de deux enfants. M. Mounkaro et S. Kant\u00e9, tous deux \u00e2g\u00e9s de 11 ans et \u00e9l\u00e8ves d\u2019une \u00e9cole coranique de la localit\u00e9, ont \u00e9t\u00e9 retrouv\u00e9s sans vie lundi matin dans un bras du fleuve Gambie. Alert\u00e9s par des habitants du village, les sapeurs-pompiers se sont rapidement rendus sur les lieux pour rep\u00eacher les corps des deux gar\u00e7ons. Les d\u00e9pouilles ont ensuite \u00e9t\u00e9 transf\u00e9r\u00e9es \u00e0 la morgue de l\u2019h\u00f4pital r\u00e9gional de Tambacounda. Selon leurs proches, les deux enfants \u00e9taient port\u00e9s disparus depuis dimanche matin. Leur disparition avait suscit\u00e9 une vive inqui\u00e9tude et mobilis\u00e9 de nombreux habitants du village, engag\u00e9s dans les recherches. Face \u00e0 ce drame qui plonge plusieurs familles dans une profonde douleur, la gendarmerie de Dialacoto a ouvert une enqu\u00eate afin de d\u00e9terminer les circonstances exactes de cette trag\u00e9die. En attendant les r\u00e9sultats de l\u2019enqu\u00eate, le village de Laboya reste sous le choc, dans l\u2019attente de r\u00e9ponses sur les derniers instants de ces deux jeunes talib\u00e9s.\" \/>\n<meta property=\"og:url\" content=\"https:\/\/www.public.sn\/index.php\/2026\/03\/10\/tambacounda-deux-jeunes-talibes-ages-de-11-ans-retrouves-morts\/\" \/>\n<meta property=\"og:site_name\" content=\"LE PUBLIC\" \/>\n<meta property=\"article:published_time\" content=\"2026-03-10T12:39:56+00:00\" \/>\n<meta property=\"article:modified_time\" content=\"2026-03-10T12:40:11+00:00\" \/>\n<meta property=\"og:image\" content=\"https:\/\/www.public.sn\/wp-content\/uploads\/2026\/03\/Capture-decran-2026-03-10-a-12.37.35.png\" \/>\n\t<meta property=\"og:image:width\" content=\"1099\" \/>\n\t<meta property=\"og:image:height\" content=\"619\" \/>\n\t<meta property=\"og:image:type\" content=\"image\/png\" \/>\n<meta name=\"author\" content=\"LA REDACTION\" \/>\n<meta name=\"twitter:card\" content=\"summary_large_image\" \/>\n<meta name=\"twitter:label1\" content=\"\u00c9crit par\" \/>\n\t<meta name=\"twitter:data1\" content=\"LA REDACTION\" \/>\n\t<meta name=\"twitter:label2\" content=\"Dur\u00e9e de lecture estim\u00e9e\" \/>\n\t<meta name=\"twitter:data2\" content=\"2 minutes\" \/>\n<script type=\"application\/ld+json\" class=\"yoast-schema-graph\">{\"@context\":\"https:\/\/schema.org\",\"@graph\":[{\"@type\":\"Article\",\"@id\":\"https:\/\/www.public.sn\/index.php\/2026\/03\/10\/tambacounda-deux-jeunes-talibes-ages-de-11-ans-retrouves-morts\/#article\",\"isPartOf\":{\"@id\":\"https:\/\/www.public.sn\/index.php\/2026\/03\/10\/tambacounda-deux-jeunes-talibes-ages-de-11-ans-retrouves-morts\/\"},\"author\":{\"name\":\"LA REDACTION\",\"@id\":\"https:\/\/www.public.sn\/#\/schema\/person\/cb76c8e1b8becc6be61fb5e92d6d0224\"},\"headline\":\"Tambacounda : Deux jeunes talib\u00e9s \u00e2g\u00e9s de 11 ans retrouv\u00e9s morts\",\"datePublished\":\"2026-03-10T12:39:56+00:00\",\"dateModified\":\"2026-03-10T12:40:11+00:00\",\"mainEntityOfPage\":{\"@id\":\"https:\/\/www.public.sn\/index.php\/2026\/03\/10\/tambacounda-deux-jeunes-talibes-ages-de-11-ans-retrouves-morts\/\"},\"wordCount\":215,\"commentCount\":0,\"publisher\":{\"@id\":\"https:\/\/www.public.sn\/#organization\"},\"image\":{\"@id\":\"https:\/\/www.public.sn\/index.php\/2026\/03\/10\/tambacounda-deux-jeunes-talibes-ages-de-11-ans-retrouves-morts\/#primaryimage\"},\"thumbnailUrl\":\"https:\/\/www.public.sn\/wp-content\/uploads\/2026\/03\/Capture-decran-2026-03-10-a-12.37.35.png\",\"keywords\":[\"jeunes talib\u00e9s\",\"Tambacounda\"],\"articleSection\":[\"ACTUALIT\u00c9S\",\"DRAME\",\"N\u00c9CROLOGIE\"],\"inLanguage\":\"fr-FR\",\"potentialAction\":[{\"@type\":\"CommentAction\",\"name\":\"Comment\",\"target\":[\"https:\/\/www.public.sn\/index.php\/2026\/03\/10\/tambacounda-deux-jeunes-talibes-ages-de-11-ans-retrouves-morts\/#respond\"]}]},{\"@type\":\"WebPage\",\"@id\":\"https:\/\/www.public.sn\/index.php\/2026\/03\/10\/tambacounda-deux-jeunes-talibes-ages-de-11-ans-retrouves-morts\/\",\"url\":\"https:\/\/www.public.sn\/index.php\/2026\/03\/10\/tambacounda-deux-jeunes-talibes-ages-de-11-ans-retrouves-morts\/\",\"name\":\"Tambacounda : Deux jeunes talib\u00e9s \u00e2g\u00e9s de 11 ans retrouv\u00e9s morts - LE PUBLIC\",\"isPartOf\":{\"@id\":\"https:\/\/www.public.sn\/#website\"},\"primaryImageOfPage\":{\"@id\":\"https:\/\/www.public.sn\/index.php\/2026\/03\/10\/tambacounda-deux-jeunes-talibes-ages-de-11-ans-retrouves-morts\/#primaryimage\"},\"image\":{\"@id\":\"https:\/\/www.public.sn\/index.php\/2026\/03\/10\/tambacounda-deux-jeunes-talibes-ages-de-11-ans-retrouves-morts\/#primaryimage\"},\"thumbnailUrl\":\"https:\/\/www.public.sn\/wp-content\/uploads\/2026\/03\/Capture-decran-2026-03-10-a-12.37.35.png\",\"datePublished\":\"2026-03-10T12:39:56+00:00\",\"dateModified\":\"2026-03-10T12:40:11+00:00\",\"breadcrumb\":{\"@id\":\"https:\/\/www.public.sn\/index.php\/2026\/03\/10\/tambacounda-deux-jeunes-talibes-ages-de-11-ans-retrouves-morts\/#breadcrumb\"},\"inLanguage\":\"fr-FR\",\"potentialAction\":[{\"@type\":\"ReadAction\",\"target\":[\"https:\/\/www.public.sn\/index.php\/2026\/03\/10\/tambacounda-deux-jeunes-talibes-ages-de-11-ans-retrouves-morts\/\"]}]},{\"@type\":\"ImageObject\",\"inLanguage\":\"fr-FR\",\"@id\":\"https:\/\/www.public.sn\/index.php\/2026\/03\/10\/tambacounda-deux-jeunes-talibes-ages-de-11-ans-retrouves-morts\/#primaryimage\",\"url\":\"https:\/\/www.public.sn\/wp-content\/uploads\/2026\/03\/Capture-decran-2026-03-10-a-12.37.35.png\",\"contentUrl\":\"https:\/\/www.public.sn\/wp-content\/uploads\/2026\/03\/Capture-decran-2026-03-10-a-12.37.35.png\",\"width\":1099,\"height\":619},{\"@type\":\"BreadcrumbList\",\"@id\":\"https:\/\/www.public.sn\/index.php\/2026\/03\/10\/tambacounda-deux-jeunes-talibes-ages-de-11-ans-retrouves-morts\/#breadcrumb\",\"itemListElement\":[{\"@type\":\"ListItem\",\"position\":1,\"name\":\"Accueil\",\"item\":\"https:\/\/www.public.sn\/\"},{\"@type\":\"ListItem\",\"position\":2,\"name\":\"Tambacounda : Deux jeunes talib\u00e9s \u00e2g\u00e9s de 11 ans retrouv\u00e9s morts\"}]},{\"@type\":\"WebSite\",\"@id\":\"https:\/\/www.public.sn\/#website\",\"url\":\"https:\/\/www.public.sn\/\",\"name\":\"LE PUBLIC\",\"description\":\"\",\"publisher\":{\"@id\":\"https:\/\/www.public.sn\/#organization\"},\"potentialAction\":[{\"@type\":\"SearchAction\",\"target\":{\"@type\":\"EntryPoint\",\"urlTemplate\":\"https:\/\/www.public.sn\/?s={search_term_string}\"},\"query-input\":{\"@type\":\"PropertyValueSpecification\",\"valueRequired\":true,\"valueName\":\"search_term_string\"}}],\"inLanguage\":\"fr-FR\"},{\"@type\":\"Organization\",\"@id\":\"https:\/\/www.public.sn\/#organization\",\"name\":\"LE PUBLIC\",\"url\":\"https:\/\/www.public.sn\/\",\"logo\":{\"@type\":\"ImageObject\",\"inLanguage\":\"fr-FR\",\"@id\":\"https:\/\/www.public.sn\/#\/schema\/logo\/image\/\",\"url\":\"https:\/\/www.public.sn\/wp-content\/uploads\/2024\/05\/cropped-LOGO-PUBLIC.SN_.png\",\"contentUrl\":\"https:\/\/www.public.sn\/wp-content\/uploads\/2024\/05\/cropped-LOGO-PUBLIC.SN_.png\",\"width\":682,\"height\":192,\"caption\":\"LE PUBLIC\"},\"image\":{\"@id\":\"https:\/\/www.public.sn\/#\/schema\/logo\/image\/\"}},{\"@type\":\"Person\",\"@id\":\"https:\/\/www.public.sn\/#\/schema\/person\/cb76c8e1b8becc6be61fb5e92d6d0224\",\"name\":\"LA REDACTION\",\"image\":{\"@type\":\"ImageObject\",\"inLanguage\":\"fr-FR\",\"@id\":\"https:\/\/www.public.sn\/#\/schema\/person\/image\/\",\"url\":\"https:\/\/secure.gravatar.com\/avatar\/2dce5ddd34b8fef0180efe03aa2a9bee7d953856048f9a16b298190a3178407c?s=96&d=mm&r=g\",\"contentUrl\":\"https:\/\/secure.gravatar.com\/avatar\/2dce5ddd34b8fef0180efe03aa2a9bee7d953856048f9a16b298190a3178407c?s=96&d=mm&r=g\",\"caption\":\"LA REDACTION\"},\"url\":\"https:\/\/www.public.sn\/index.php\/author\/editeurpsn\/\"}]}<\/script>\n<!-- \/ Yoast SEO plugin. -->","yoast_head_json":{"title":"Tambacounda : Deux jeunes talib\u00e9s \u00e2g\u00e9s de 11 ans retrouv\u00e9s morts - LE PUBLIC","robots":{"index":"index","follow":"follow","max-snippet":"max-snippet:-1","max-image-preview":"max-image-preview:large","max-video-preview":"max-video-preview:-1"},"canonical":"https:\/\/www.public.sn\/index.php\/2026\/03\/10\/tambacounda-deux-jeunes-talibes-ages-de-11-ans-retrouves-morts\/","og_locale":"fr_FR","og_type":"article","og_title":"Tambacounda : Deux jeunes talib\u00e9s \u00e2g\u00e9s de 11 ans retrouv\u00e9s morts - LE PUBLIC","og_description":"La tristesse et la consternation ont envahi le village de Laboya, dans la commune de Missirah, apr\u00e8s la d\u00e9couverte tragique des corps de deux enfants. M. Mounkaro et S. Kant\u00e9, tous deux \u00e2g\u00e9s de 11 ans et \u00e9l\u00e8ves d\u2019une \u00e9cole coranique de la localit\u00e9, ont \u00e9t\u00e9 retrouv\u00e9s sans vie lundi matin dans un bras du fleuve Gambie. Alert\u00e9s par des habitants du village, les sapeurs-pompiers se sont rapidement rendus sur les lieux pour rep\u00eacher les corps des deux gar\u00e7ons. Les d\u00e9pouilles ont ensuite \u00e9t\u00e9 transf\u00e9r\u00e9es \u00e0 la morgue de l\u2019h\u00f4pital r\u00e9gional de Tambacounda. Selon leurs proches, les deux enfants \u00e9taient port\u00e9s disparus depuis dimanche matin. Leur disparition avait suscit\u00e9 une vive inqui\u00e9tude et mobilis\u00e9 de nombreux habitants du village, engag\u00e9s dans les recherches. Face \u00e0 ce drame qui plonge plusieurs familles dans une profonde douleur, la gendarmerie de Dialacoto a ouvert une enqu\u00eate afin de d\u00e9terminer les circonstances exactes de cette trag\u00e9die. En attendant les r\u00e9sultats de l\u2019enqu\u00eate, le village de Laboya reste sous le choc, dans l\u2019attente de r\u00e9ponses sur les derniers instants de ces deux jeunes talib\u00e9s.","og_url":"https:\/\/www.public.sn\/index.php\/2026\/03\/10\/tambacounda-deux-jeunes-talibes-ages-de-11-ans-retrouves-morts\/","og_site_name":"LE PUBLIC","article_published_time":"2026-03-10T12:39:56+00:00","article_modified_time":"2026-03-10T12:40:11+00:00","og_image":[{"width":1099,"height":619,"url":"https:\/\/www.public.sn\/wp-content\/uploads\/2026\/03\/Capture-decran-2026-03-10-a-12.37.35.png","type":"image\/png"}],"author":"LA REDACTION","twitter_card":"summary_large_image","twitter_misc":{"\u00c9crit par":"LA REDACTION","Dur\u00e9e de lecture estim\u00e9e":"2 minutes"},"schema":{"@context":"https:\/\/schema.org","@graph":[{"@type":"Article","@id":"https:\/\/www.public.sn\/index.php\/2026\/03\/10\/tambacounda-deux-jeunes-talibes-ages-de-11-ans-retrouves-morts\/#article","isPartOf":{"@id":"https:\/\/www.public.sn\/index.php\/2026\/03\/10\/tambacounda-deux-jeunes-talibes-ages-de-11-ans-retrouves-morts\/"},"author":{"name":"LA REDACTION","@id":"https:\/\/www.public.sn\/#\/schema\/person\/cb76c8e1b8becc6be61fb5e92d6d0224"},"headline":"Tambacounda : Deux jeunes talib\u00e9s \u00e2g\u00e9s de 11 ans retrouv\u00e9s morts","datePublished":"2026-03-10T12:39:56+00:00","dateModified":"2026-03-10T12:40:11+00:00","mainEntityOfPage":{"@id":"https:\/\/www.public.sn\/index.php\/2026\/03\/10\/tambacounda-deux-jeunes-talibes-ages-de-11-ans-retrouves-morts\/"},"wordCount":215,"commentCount":0,"publisher":{"@id":"https:\/\/www.public.sn\/#organization"},"image":{"@id":"https:\/\/www.public.sn\/index.php\/2026\/03\/10\/tambacounda-deux-jeunes-talibes-ages-de-11-ans-retrouves-morts\/#primaryimage"},"thumbnailUrl":"https:\/\/www.public.sn\/wp-content\/uploads\/2026\/03\/Capture-decran-2026-03-10-a-12.37.35.png","keywords":["jeunes talib\u00e9s","Tambacounda"],"articleSection":["ACTUALIT\u00c9S","DRAME","N\u00c9CROLOGIE"],"inLanguage":"fr-FR","potentialAction":[{"@type":"CommentAction","name":"Comment","target":["https:\/\/www.public.sn\/index.php\/2026\/03\/10\/tambacounda-deux-jeunes-talibes-ages-de-11-ans-retrouves-morts\/#respond"]}]},{"@type":"WebPage","@id":"https:\/\/www.public.sn\/index.php\/2026\/03\/10\/tambacounda-deux-jeunes-talibes-ages-de-11-ans-retrouves-morts\/","url":"https:\/\/www.public.sn\/index.php\/2026\/03\/10\/tambacounda-deux-jeunes-talibes-ages-de-11-ans-retrouves-morts\/","name":"Tambacounda : Deux jeunes talib\u00e9s \u00e2g\u00e9s de 11 ans retrouv\u00e9s morts - LE PUBLIC","isPartOf":{"@id":"https:\/\/www.public.sn\/#website"},"primaryImageOfPage":{"@id":"https:\/\/www.public.sn\/index.php\/2026\/03\/10\/tambacounda-deux-jeunes-talibes-ages-de-11-ans-retrouves-morts\/#primaryimage"},"image":{"@id":"https:\/\/www.public.sn\/index.php\/2026\/03\/10\/tambacounda-deux-jeunes-talibes-ages-de-11-ans-retrouves-morts\/#primaryimage"},"thumbnailUrl":"https:\/\/www.public.sn\/wp-content\/uploads\/2026\/03\/Capture-decran-2026-03-10-a-12.37.35.png","datePublished":"2026-03-10T12:39:56+00:00","dateModified":"2026-03-10T12:40:11+00:00","breadcrumb":{"@id":"https:\/\/www.public.sn\/index.php\/2026\/03\/10\/tambacounda-deux-jeunes-talibes-ages-de-11-ans-retrouves-morts\/#breadcrumb"},"inLanguage":"fr-FR","potentialAction":[{"@type":"ReadAction","target":["https:\/\/www.public.sn\/index.php\/2026\/03\/10\/tambacounda-deux-jeunes-talibes-ages-de-11-ans-retrouves-morts\/"]}]},{"@type":"ImageObject","inLanguage":"fr-FR","@id":"https:\/\/www.public.sn\/index.php\/2026\/03\/10\/tambacounda-deux-jeunes-talibes-ages-de-11-ans-retrouves-morts\/#primaryimage","url":"https:\/\/www.public.sn\/wp-content\/uploads\/2026\/03\/Capture-decran-2026-03-10-a-12.37.35.png","contentUrl":"https:\/\/www.public.sn\/wp-content\/uploads\/2026\/03\/Capture-decran-2026-03-10-a-12.37.35.png","width":1099,"height":619},{"@type":"BreadcrumbList","@id":"https:\/\/www.public.sn\/index.php\/2026\/03\/10\/tambacounda-deux-jeunes-talibes-ages-de-11-ans-retrouves-morts\/#breadcrumb","itemListElement":[{"@type":"ListItem","position":1,"name":"Accueil","item":"https:\/\/www.public.sn\/"},{"@type":"ListItem","position":2,"name":"Tambacounda : Deux jeunes talib\u00e9s \u00e2g\u00e9s de 11 ans retrouv\u00e9s morts"}]},{"@type":"WebSite","@id":"https:\/\/www.public.sn\/#website","url":"https:\/\/www.public.sn\/","name":"LE PUBLIC","description":"","publisher":{"@id":"https:\/\/www.public.sn\/#organization"},"potentialAction":[{"@type":"SearchAction","target":{"@type":"EntryPoint","urlTemplate":"https:\/\/www.public.sn\/?s={search_term_string}"},"query-input":{"@type":"PropertyValueSpecification","valueRequired":true,"valueName":"search_term_string"}}],"inLanguage":"fr-FR"},{"@type":"Organization","@id":"https:\/\/www.public.sn\/#organization","name":"LE PUBLIC","url":"https:\/\/www.public.sn\/","logo":{"@type":"ImageObject","inLanguage":"fr-FR","@id":"https:\/\/www.public.sn\/#\/schema\/logo\/image\/","url":"https:\/\/www.public.sn\/wp-content\/uploads\/2024\/05\/cropped-LOGO-PUBLIC.SN_.png","contentUrl":"https:\/\/www.public.sn\/wp-content\/uploads\/2024\/05\/cropped-LOGO-PUBLIC.SN_.png","width":682,"height":192,"caption":"LE PUBLIC"},"image":{"@id":"https:\/\/www.public.sn\/#\/schema\/logo\/image\/"}},{"@type":"Person","@id":"https:\/\/www.public.sn\/#\/schema\/person\/cb76c8e1b8becc6be61fb5e92d6d0224","name":"LA REDACTION","image":{"@type":"ImageObject","inLanguage":"fr-FR","@id":"https:\/\/www.public.sn\/#\/schema\/person\/image\/","url":"https:\/\/secure.gravatar.com\/avatar\/2dce5ddd34b8fef0180efe03aa2a9bee7d953856048f9a16b298190a3178407c?s=96&d=mm&r=g","contentUrl":"https:\/\/secure.gravatar.com\/avatar\/2dce5ddd34b8fef0180efe03aa2a9bee7d953856048f9a16b298190a3178407c?s=96&d=mm&r=g","caption":"LA REDACTION"},"url":"https:\/\/www.public.sn\/index.php\/author\/editeurpsn\/"}]}},"jetpack_featured_media_url":"https:\/\/www.public.sn\/wp-content\/uploads\/2026\/03\/Capture-decran-2026-03-10-a-12.37.35.png","jetpack_sharing_enabled":true,"_links":{"self":[{"href":"https:\/\/www.public.sn\/index.php\/wp-json\/wp\/v2\/posts\/39499","targetHints":{"allow":["GET"]}}],"collection":[{"href":"https:\/\/www.public.sn\/index.php\/wp-json\/wp\/v2\/posts"}],"about":[{"href":"https:\/\/www.public.sn\/index.php\/wp-json\/wp\/v2\/types\/post"}],"author":[{"embeddable":true,"href":"https:\/\/www.public.sn\/index.php\/wp-json\/wp\/v2\/users\/7"}],"replies":[{"embeddable":true,"href":"https:\/\/www.public.sn\/index.php\/wp-json\/wp\/v2\/comments?post=39499"}],"version-history":[{"count":2,"href":"https:\/\/www.public.sn\/index.php\/wp-json\/wp\/v2\/posts\/39499\/revisions"}],"predecessor-version":[{"id":39502,"href":"https:\/\/www.public.sn\/index.php\/wp-json\/wp\/v2\/posts\/39499\/revisions\/39502"}],"wp:featuredmedia":[{"embeddable":true,"href":"https:\/\/www.public.sn\/index.php\/wp-json\/wp\/v2\/media\/39500"}],"wp:attachment":[{"href":"https:\/\/www.public.sn\/index.php\/wp-json\/wp\/v2\/media?parent=39499"}],"wp:term":[{"taxonomy":"category","embeddable":true,"href":"https:\/\/www.public.sn\/index.php\/wp-json\/wp\/v2\/categories?post=39499"},{"taxonomy":"post_tag","embeddable":true,"href":"https:\/\/www.public.sn\/index.php\/wp-json\/wp\/v2\/tags?post=39499"}],"curies":[{"name":"wp","href":"https:\/\/api.w.org\/{rel}","templated":true}]}}