{"id":39503,"date":"2026-03-10T16:45:25","date_gmt":"2026-03-10T16:45:25","guid":{"rendered":"https:\/\/www.public.sn\/?p=39503"},"modified":"2026-03-10T16:45:35","modified_gmt":"2026-03-10T16:45:35","slug":"aissatou-diop-fall-auditionnee-a-la-section-de-recherches-de-colobane-sous-le-regard-de-ses-soutiens","status":"publish","type":"post","link":"https:\/\/www.public.sn\/index.php\/2026\/03\/10\/aissatou-diop-fall-auditionnee-a-la-section-de-recherches-de-colobane-sous-le-regard-de-ses-soutiens\/","title":{"rendered":"Aissatou Diop Fall auditionn\u00e9e \u00e0 la Section de Recherches de Colobane sous le regard de ses soutiens"},"content":{"rendered":"\n<p>La journaliste et chroniqueuse Aissatou Diop Fall a \u00e9t\u00e9 entendue ce matin dans les locaux de la Section de Recherches de Colobane, dans le cadre d\u2019une audition men\u00e9e par les enqu\u00eateurs.<br><\/p><div class=\"publi-paragraphe1\" style=\"margin-top: 10px;margin-bottom: 10px;margin-left: auto;margin-right: auto;text-align: center;\" id=\"publi-1997006905\"><div class=\"publi-adlabel\">Publicit\u00e9<\/div><script async src=\"\/\/pagead2.googlesyndication.com\/pagead\/js\/adsbygoogle.js?client=ca-pub-4089586018074219\" crossorigin=\"anonymous\"><\/script><ins class=\"adsbygoogle\" style=\"display:block;\" data-ad-client=\"ca-pub-4089586018074219\" \ndata-ad-slot=\"2087940154\" \ndata-ad-format=\"auto\"><\/ins>\n<script> \n(adsbygoogle = window.adsbygoogle || []).push({}); \n<\/script>\n<\/div>\n\n\n\n<p>Arriv\u00e9e dans la matin\u00e9e, elle \u00e9tait accompagn\u00e9e de son avocate Ndeye Anta Mbaye, qui assure sa d\u00e9fense tout au long de cette proc\u00e9dure. L\u2019audition se d\u00e9roule dans un contexte marqu\u00e9 par une forte attention m\u00e9diatique et une mobilisation de plusieurs soutiens.<br><\/p>\n\n\n\n<p>Sur place, son mentor Doudou Coulibaly s\u2019est \u00e9galement pr\u00e9sent\u00e9 pour lui t\u00e9moigner son appui, aux c\u00f4t\u00e9s de proches et sympathisants venus nombreux devant les locaux de la gendarmerie.<br>Plusieurs membres de la soci\u00e9t\u00e9 civile ont \u00e9galement fait le d\u00e9placement afin d\u2019exprimer leur solidarit\u00e9. Une pr\u00e9sence importante a \u00e9t\u00e9 constat\u00e9e aux abords de la Section de Recherches, o\u00f9 certains soutiens ont manifest\u00e9 en scandant des slogans r\u00e9clamant la lib\u00e9ration imm\u00e9diate et sans condition d\u2019Aissatou Diop Fall.<br><\/p>\n\n\n\n<p>Pour l\u2019heure, aucune d\u00e9claration officielle n\u2019a encore \u00e9t\u00e9 faite par les autorit\u00e9s \u00e0 l\u2019issue de cette audition. La situation reste suivie de pr\u00e8s par l\u2019opinion publique et les acteurs de la soci\u00e9t\u00e9 civile.<br>Les d\u00e9veloppements de cette affaire devraient \u00eatre connus dans les prochaines heures.<\/p>\n<div class=\"publi-apres-le-contenu\" style=\"margin-top: 10px;margin-bottom: 10px;margin-left: auto;margin-right: auto;text-align: center;\" id=\"publi-3678753931\"><div class=\"publi-adlabel\">Publicit\u00e9<\/div><script async src=\"\/\/pagead2.googlesyndication.com\/pagead\/js\/adsbygoogle.js?client=ca-pub-4089586018074219\" crossorigin=\"anonymous\"><\/script><ins class=\"adsbygoogle\" style=\"display:block;\" data-ad-client=\"ca-pub-4089586018074219\" \ndata-ad-slot=\"2087940154\" \ndata-ad-format=\"auto\"><\/ins>\n<script> \n(adsbygoogle = window.adsbygoogle || []).push({}); \n<\/script>\n<\/div>","protected":false},"excerpt":{"rendered":"<p>La journaliste et chroniqueuse Aissatou Diop Fall a \u00e9t\u00e9 entendue ce matin dans les locaux de la Section de Recherches de Colobane, dans le cadre d\u2019une audition men\u00e9e par les enqu\u00eateurs. Arriv\u00e9e dans la matin\u00e9e, elle \u00e9tait accompagn\u00e9e de son avocate Ndeye Anta Mbaye, qui assure sa d\u00e9fense tout au long de cette proc\u00e9dure. L\u2019audition se d\u00e9roule dans un contexte marqu\u00e9 par une forte attention m\u00e9diatique et une mobilisation de plusieurs soutiens. Sur place, son mentor Doudou Coulibaly s\u2019est \u00e9galement pr\u00e9sent\u00e9 pour lui t\u00e9moigner son appui, aux c\u00f4t\u00e9s de proches et sympathisants venus nombreux devant les locaux de la gendarmerie.Plusieurs membres de la soci\u00e9t\u00e9 civile ont \u00e9galement fait le d\u00e9placement afin d\u2019exprimer leur solidarit\u00e9. Une pr\u00e9sence importante a \u00e9t\u00e9 constat\u00e9e aux abords de la Section de Recherches, o\u00f9 certains soutiens ont manifest\u00e9 en scandant des slogans r\u00e9clamant la lib\u00e9ration imm\u00e9diate et sans condition d\u2019Aissatou Diop Fall. Pour l\u2019heure, aucune d\u00e9claration officielle n\u2019a encore \u00e9t\u00e9 faite par les autorit\u00e9s \u00e0 l\u2019issue de cette audition. La situation reste suivie de pr\u00e8s par l\u2019opinion publique et les acteurs de la soci\u00e9t\u00e9 civile.Les d\u00e9veloppements de cette affaire devraient \u00eatre connus dans les prochaines heures.<\/p>\n","protected":false},"author":7,"featured_media":39504,"comment_status":"open","ping_status":"open","sticky":false,"template":"","format":"standard","meta":{"_jetpack_memberships_contains_paid_content":false,"footnotes":""},"categories":[375,3724,3],"tags":[3141,8283],"class_list":["post-39503","post","type-post","status-publish","format-standard","has-post-thumbnail","hentry","category-actualites","category-justice","category-politique","tag-aissatou-diop-fall","tag-ndeye-anta-mbaye","entry","has-media","owp-thumbs-layout-horizontal","owp-btn-normal","owp-tabs-layout-horizontal","has-no-thumbnails","has-product-nav"],"yoast_head":"<!-- This site is optimized with the Yoast SEO plugin v25.5 - https:\/\/yoast.com\/wordpress\/plugins\/seo\/ -->\n<title>Aissatou Diop Fall auditionn\u00e9e \u00e0 la Section de Recherches de Colobane sous le regard de ses soutiens - LE PUBLIC<\/title>\n<meta name=\"robots\" content=\"index, follow, max-snippet:-1, max-image-preview:large, max-video-preview:-1\" \/>\n<link rel=\"canonical\" href=\"https:\/\/www.public.sn\/index.php\/2026\/03\/10\/aissatou-diop-fall-auditionnee-a-la-section-de-recherches-de-colobane-sous-le-regard-de-ses-soutiens\/\" \/>\n<meta property=\"og:locale\" content=\"fr_FR\" \/>\n<meta property=\"og:type\" content=\"article\" \/>\n<meta property=\"og:title\" content=\"Aissatou Diop Fall auditionn\u00e9e \u00e0 la Section de Recherches de Colobane sous le regard de ses soutiens - LE PUBLIC\" \/>\n<meta property=\"og:description\" content=\"La journaliste et chroniqueuse Aissatou Diop Fall a \u00e9t\u00e9 entendue ce matin dans les locaux de la Section de Recherches de Colobane, dans le cadre d\u2019une audition men\u00e9e par les enqu\u00eateurs. Arriv\u00e9e dans la matin\u00e9e, elle \u00e9tait accompagn\u00e9e de son avocate Ndeye Anta Mbaye, qui assure sa d\u00e9fense tout au long de cette proc\u00e9dure. L\u2019audition se d\u00e9roule dans un contexte marqu\u00e9 par une forte attention m\u00e9diatique et une mobilisation de plusieurs soutiens. Sur place, son mentor Doudou Coulibaly s\u2019est \u00e9galement pr\u00e9sent\u00e9 pour lui t\u00e9moigner son appui, aux c\u00f4t\u00e9s de proches et sympathisants venus nombreux devant les locaux de la gendarmerie.Plusieurs membres de la soci\u00e9t\u00e9 civile ont \u00e9galement fait le d\u00e9placement afin d\u2019exprimer leur solidarit\u00e9. Une pr\u00e9sence importante a \u00e9t\u00e9 constat\u00e9e aux abords de la Section de Recherches, o\u00f9 certains soutiens ont manifest\u00e9 en scandant des slogans r\u00e9clamant la lib\u00e9ration imm\u00e9diate et sans condition d\u2019Aissatou Diop Fall. Pour l\u2019heure, aucune d\u00e9claration officielle n\u2019a encore \u00e9t\u00e9 faite par les autorit\u00e9s \u00e0 l\u2019issue de cette audition. La situation reste suivie de pr\u00e8s par l\u2019opinion publique et les acteurs de la soci\u00e9t\u00e9 civile.Les d\u00e9veloppements de cette affaire devraient \u00eatre connus dans les prochaines heures.\" \/>\n<meta property=\"og:url\" content=\"https:\/\/www.public.sn\/index.php\/2026\/03\/10\/aissatou-diop-fall-auditionnee-a-la-section-de-recherches-de-colobane-sous-le-regard-de-ses-soutiens\/\" \/>\n<meta property=\"og:site_name\" content=\"LE PUBLIC\" \/>\n<meta property=\"article:published_time\" content=\"2026-03-10T16:45:25+00:00\" \/>\n<meta property=\"article:modified_time\" content=\"2026-03-10T16:45:35+00:00\" \/>\n<meta property=\"og:image\" content=\"https:\/\/www.public.sn\/wp-content\/uploads\/2026\/03\/BON-CONEVCATION-Mu.jpg\" \/>\n\t<meta property=\"og:image:width\" content=\"1280\" \/>\n\t<meta property=\"og:image:height\" content=\"720\" \/>\n\t<meta property=\"og:image:type\" content=\"image\/jpeg\" \/>\n<meta name=\"author\" content=\"LA REDACTION\" \/>\n<meta name=\"twitter:card\" content=\"summary_large_image\" \/>\n<meta name=\"twitter:label1\" content=\"\u00c9crit par\" \/>\n\t<meta name=\"twitter:data1\" content=\"LA REDACTION\" \/>\n\t<meta name=\"twitter:label2\" content=\"Dur\u00e9e de lecture estim\u00e9e\" \/>\n\t<meta name=\"twitter:data2\" content=\"2 minutes\" \/>\n<script type=\"application\/ld+json\" class=\"yoast-schema-graph\">{\"@context\":\"https:\/\/schema.org\",\"@graph\":[{\"@type\":\"Article\",\"@id\":\"https:\/\/www.public.sn\/index.php\/2026\/03\/10\/aissatou-diop-fall-auditionnee-a-la-section-de-recherches-de-colobane-sous-le-regard-de-ses-soutiens\/#article\",\"isPartOf\":{\"@id\":\"https:\/\/www.public.sn\/index.php\/2026\/03\/10\/aissatou-diop-fall-auditionnee-a-la-section-de-recherches-de-colobane-sous-le-regard-de-ses-soutiens\/\"},\"author\":{\"name\":\"LA REDACTION\",\"@id\":\"https:\/\/www.public.sn\/#\/schema\/person\/cb76c8e1b8becc6be61fb5e92d6d0224\"},\"headline\":\"Aissatou Diop Fall auditionn\u00e9e \u00e0 la Section de Recherches de Colobane sous le regard de ses soutiens\",\"datePublished\":\"2026-03-10T16:45:25+00:00\",\"dateModified\":\"2026-03-10T16:45:35+00:00\",\"mainEntityOfPage\":{\"@id\":\"https:\/\/www.public.sn\/index.php\/2026\/03\/10\/aissatou-diop-fall-auditionnee-a-la-section-de-recherches-de-colobane-sous-le-regard-de-ses-soutiens\/\"},\"wordCount\":242,\"commentCount\":0,\"publisher\":{\"@id\":\"https:\/\/www.public.sn\/#organization\"},\"image\":{\"@id\":\"https:\/\/www.public.sn\/index.php\/2026\/03\/10\/aissatou-diop-fall-auditionnee-a-la-section-de-recherches-de-colobane-sous-le-regard-de-ses-soutiens\/#primaryimage\"},\"thumbnailUrl\":\"https:\/\/www.public.sn\/wp-content\/uploads\/2026\/03\/BON-CONEVCATION-Mu.jpg\",\"keywords\":[\"Aissatou Diop Fall\",\"Ndeye Anta Mbaye\"],\"articleSection\":[\"ACTUALIT\u00c9S\",\"justice\",\"POLITIQUE\"],\"inLanguage\":\"fr-FR\",\"potentialAction\":[{\"@type\":\"CommentAction\",\"name\":\"Comment\",\"target\":[\"https:\/\/www.public.sn\/index.php\/2026\/03\/10\/aissatou-diop-fall-auditionnee-a-la-section-de-recherches-de-colobane-sous-le-regard-de-ses-soutiens\/#respond\"]}]},{\"@type\":\"WebPage\",\"@id\":\"https:\/\/www.public.sn\/index.php\/2026\/03\/10\/aissatou-diop-fall-auditionnee-a-la-section-de-recherches-de-colobane-sous-le-regard-de-ses-soutiens\/\",\"url\":\"https:\/\/www.public.sn\/index.php\/2026\/03\/10\/aissatou-diop-fall-auditionnee-a-la-section-de-recherches-de-colobane-sous-le-regard-de-ses-soutiens\/\",\"name\":\"Aissatou Diop Fall auditionn\u00e9e \u00e0 la Section de Recherches de Colobane sous le regard de ses soutiens - LE PUBLIC\",\"isPartOf\":{\"@id\":\"https:\/\/www.public.sn\/#website\"},\"primaryImageOfPage\":{\"@id\":\"https:\/\/www.public.sn\/index.php\/2026\/03\/10\/aissatou-diop-fall-auditionnee-a-la-section-de-recherches-de-colobane-sous-le-regard-de-ses-soutiens\/#primaryimage\"},\"image\":{\"@id\":\"https:\/\/www.public.sn\/index.php\/2026\/03\/10\/aissatou-diop-fall-auditionnee-a-la-section-de-recherches-de-colobane-sous-le-regard-de-ses-soutiens\/#primaryimage\"},\"thumbnailUrl\":\"https:\/\/www.public.sn\/wp-content\/uploads\/2026\/03\/BON-CONEVCATION-Mu.jpg\",\"datePublished\":\"2026-03-10T16:45:25+00:00\",\"dateModified\":\"2026-03-10T16:45:35+00:00\",\"breadcrumb\":{\"@id\":\"https:\/\/www.public.sn\/index.php\/2026\/03\/10\/aissatou-diop-fall-auditionnee-a-la-section-de-recherches-de-colobane-sous-le-regard-de-ses-soutiens\/#breadcrumb\"},\"inLanguage\":\"fr-FR\",\"potentialAction\":[{\"@type\":\"ReadAction\",\"target\":[\"https:\/\/www.public.sn\/index.php\/2026\/03\/10\/aissatou-diop-fall-auditionnee-a-la-section-de-recherches-de-colobane-sous-le-regard-de-ses-soutiens\/\"]}]},{\"@type\":\"ImageObject\",\"inLanguage\":\"fr-FR\",\"@id\":\"https:\/\/www.public.sn\/index.php\/2026\/03\/10\/aissatou-diop-fall-auditionnee-a-la-section-de-recherches-de-colobane-sous-le-regard-de-ses-soutiens\/#primaryimage\",\"url\":\"https:\/\/www.public.sn\/wp-content\/uploads\/2026\/03\/BON-CONEVCATION-Mu.jpg\",\"contentUrl\":\"https:\/\/www.public.sn\/wp-content\/uploads\/2026\/03\/BON-CONEVCATION-Mu.jpg\",\"width\":1280,\"height\":720},{\"@type\":\"BreadcrumbList\",\"@id\":\"https:\/\/www.public.sn\/index.php\/2026\/03\/10\/aissatou-diop-fall-auditionnee-a-la-section-de-recherches-de-colobane-sous-le-regard-de-ses-soutiens\/#breadcrumb\",\"itemListElement\":[{\"@type\":\"ListItem\",\"position\":1,\"name\":\"Accueil\",\"item\":\"https:\/\/www.public.sn\/\"},{\"@type\":\"ListItem\",\"position\":2,\"name\":\"Aissatou Diop Fall auditionn\u00e9e \u00e0 la Section de Recherches de Colobane sous le regard de ses soutiens\"}]},{\"@type\":\"WebSite\",\"@id\":\"https:\/\/www.public.sn\/#website\",\"url\":\"https:\/\/www.public.sn\/\",\"name\":\"LE PUBLIC\",\"description\":\"\",\"publisher\":{\"@id\":\"https:\/\/www.public.sn\/#organization\"},\"potentialAction\":[{\"@type\":\"SearchAction\",\"target\":{\"@type\":\"EntryPoint\",\"urlTemplate\":\"https:\/\/www.public.sn\/?s={search_term_string}\"},\"query-input\":{\"@type\":\"PropertyValueSpecification\",\"valueRequired\":true,\"valueName\":\"search_term_string\"}}],\"inLanguage\":\"fr-FR\"},{\"@type\":\"Organization\",\"@id\":\"https:\/\/www.public.sn\/#organization\",\"name\":\"LE PUBLIC\",\"url\":\"https:\/\/www.public.sn\/\",\"logo\":{\"@type\":\"ImageObject\",\"inLanguage\":\"fr-FR\",\"@id\":\"https:\/\/www.public.sn\/#\/schema\/logo\/image\/\",\"url\":\"https:\/\/www.public.sn\/wp-content\/uploads\/2024\/05\/cropped-LOGO-PUBLIC.SN_.png\",\"contentUrl\":\"https:\/\/www.public.sn\/wp-content\/uploads\/2024\/05\/cropped-LOGO-PUBLIC.SN_.png\",\"width\":682,\"height\":192,\"caption\":\"LE PUBLIC\"},\"image\":{\"@id\":\"https:\/\/www.public.sn\/#\/schema\/logo\/image\/\"}},{\"@type\":\"Person\",\"@id\":\"https:\/\/www.public.sn\/#\/schema\/person\/cb76c8e1b8becc6be61fb5e92d6d0224\",\"name\":\"LA REDACTION\",\"image\":{\"@type\":\"ImageObject\",\"inLanguage\":\"fr-FR\",\"@id\":\"https:\/\/www.public.sn\/#\/schema\/person\/image\/\",\"url\":\"https:\/\/secure.gravatar.com\/avatar\/2dce5ddd34b8fef0180efe03aa2a9bee7d953856048f9a16b298190a3178407c?s=96&d=mm&r=g\",\"contentUrl\":\"https:\/\/secure.gravatar.com\/avatar\/2dce5ddd34b8fef0180efe03aa2a9bee7d953856048f9a16b298190a3178407c?s=96&d=mm&r=g\",\"caption\":\"LA REDACTION\"},\"url\":\"https:\/\/www.public.sn\/index.php\/author\/editeurpsn\/\"}]}<\/script>\n<!-- \/ Yoast SEO plugin. -->","yoast_head_json":{"title":"Aissatou Diop Fall auditionn\u00e9e \u00e0 la Section de Recherches de Colobane sous le regard de ses soutiens - LE PUBLIC","robots":{"index":"index","follow":"follow","max-snippet":"max-snippet:-1","max-image-preview":"max-image-preview:large","max-video-preview":"max-video-preview:-1"},"canonical":"https:\/\/www.public.sn\/index.php\/2026\/03\/10\/aissatou-diop-fall-auditionnee-a-la-section-de-recherches-de-colobane-sous-le-regard-de-ses-soutiens\/","og_locale":"fr_FR","og_type":"article","og_title":"Aissatou Diop Fall auditionn\u00e9e \u00e0 la Section de Recherches de Colobane sous le regard de ses soutiens - LE PUBLIC","og_description":"La journaliste et chroniqueuse Aissatou Diop Fall a \u00e9t\u00e9 entendue ce matin dans les locaux de la Section de Recherches de Colobane, dans le cadre d\u2019une audition men\u00e9e par les enqu\u00eateurs. Arriv\u00e9e dans la matin\u00e9e, elle \u00e9tait accompagn\u00e9e de son avocate Ndeye Anta Mbaye, qui assure sa d\u00e9fense tout au long de cette proc\u00e9dure. L\u2019audition se d\u00e9roule dans un contexte marqu\u00e9 par une forte attention m\u00e9diatique et une mobilisation de plusieurs soutiens. Sur place, son mentor Doudou Coulibaly s\u2019est \u00e9galement pr\u00e9sent\u00e9 pour lui t\u00e9moigner son appui, aux c\u00f4t\u00e9s de proches et sympathisants venus nombreux devant les locaux de la gendarmerie.Plusieurs membres de la soci\u00e9t\u00e9 civile ont \u00e9galement fait le d\u00e9placement afin d\u2019exprimer leur solidarit\u00e9. Une pr\u00e9sence importante a \u00e9t\u00e9 constat\u00e9e aux abords de la Section de Recherches, o\u00f9 certains soutiens ont manifest\u00e9 en scandant des slogans r\u00e9clamant la lib\u00e9ration imm\u00e9diate et sans condition d\u2019Aissatou Diop Fall. Pour l\u2019heure, aucune d\u00e9claration officielle n\u2019a encore \u00e9t\u00e9 faite par les autorit\u00e9s \u00e0 l\u2019issue de cette audition. La situation reste suivie de pr\u00e8s par l\u2019opinion publique et les acteurs de la soci\u00e9t\u00e9 civile.Les d\u00e9veloppements de cette affaire devraient \u00eatre connus dans les prochaines heures.","og_url":"https:\/\/www.public.sn\/index.php\/2026\/03\/10\/aissatou-diop-fall-auditionnee-a-la-section-de-recherches-de-colobane-sous-le-regard-de-ses-soutiens\/","og_site_name":"LE PUBLIC","article_published_time":"2026-03-10T16:45:25+00:00","article_modified_time":"2026-03-10T16:45:35+00:00","og_image":[{"width":1280,"height":720,"url":"https:\/\/www.public.sn\/wp-content\/uploads\/2026\/03\/BON-CONEVCATION-Mu.jpg","type":"image\/jpeg"}],"author":"LA REDACTION","twitter_card":"summary_large_image","twitter_misc":{"\u00c9crit par":"LA REDACTION","Dur\u00e9e de lecture estim\u00e9e":"2 minutes"},"schema":{"@context":"https:\/\/schema.org","@graph":[{"@type":"Article","@id":"https:\/\/www.public.sn\/index.php\/2026\/03\/10\/aissatou-diop-fall-auditionnee-a-la-section-de-recherches-de-colobane-sous-le-regard-de-ses-soutiens\/#article","isPartOf":{"@id":"https:\/\/www.public.sn\/index.php\/2026\/03\/10\/aissatou-diop-fall-auditionnee-a-la-section-de-recherches-de-colobane-sous-le-regard-de-ses-soutiens\/"},"author":{"name":"LA REDACTION","@id":"https:\/\/www.public.sn\/#\/schema\/person\/cb76c8e1b8becc6be61fb5e92d6d0224"},"headline":"Aissatou Diop Fall auditionn\u00e9e \u00e0 la Section de Recherches de Colobane sous le regard de ses soutiens","datePublished":"2026-03-10T16:45:25+00:00","dateModified":"2026-03-10T16:45:35+00:00","mainEntityOfPage":{"@id":"https:\/\/www.public.sn\/index.php\/2026\/03\/10\/aissatou-diop-fall-auditionnee-a-la-section-de-recherches-de-colobane-sous-le-regard-de-ses-soutiens\/"},"wordCount":242,"commentCount":0,"publisher":{"@id":"https:\/\/www.public.sn\/#organization"},"image":{"@id":"https:\/\/www.public.sn\/index.php\/2026\/03\/10\/aissatou-diop-fall-auditionnee-a-la-section-de-recherches-de-colobane-sous-le-regard-de-ses-soutiens\/#primaryimage"},"thumbnailUrl":"https:\/\/www.public.sn\/wp-content\/uploads\/2026\/03\/BON-CONEVCATION-Mu.jpg","keywords":["Aissatou Diop Fall","Ndeye Anta Mbaye"],"articleSection":["ACTUALIT\u00c9S","justice","POLITIQUE"],"inLanguage":"fr-FR","potentialAction":[{"@type":"CommentAction","name":"Comment","target":["https:\/\/www.public.sn\/index.php\/2026\/03\/10\/aissatou-diop-fall-auditionnee-a-la-section-de-recherches-de-colobane-sous-le-regard-de-ses-soutiens\/#respond"]}]},{"@type":"WebPage","@id":"https:\/\/www.public.sn\/index.php\/2026\/03\/10\/aissatou-diop-fall-auditionnee-a-la-section-de-recherches-de-colobane-sous-le-regard-de-ses-soutiens\/","url":"https:\/\/www.public.sn\/index.php\/2026\/03\/10\/aissatou-diop-fall-auditionnee-a-la-section-de-recherches-de-colobane-sous-le-regard-de-ses-soutiens\/","name":"Aissatou Diop Fall auditionn\u00e9e \u00e0 la Section de Recherches de Colobane sous le regard de ses soutiens - LE PUBLIC","isPartOf":{"@id":"https:\/\/www.public.sn\/#website"},"primaryImageOfPage":{"@id":"https:\/\/www.public.sn\/index.php\/2026\/03\/10\/aissatou-diop-fall-auditionnee-a-la-section-de-recherches-de-colobane-sous-le-regard-de-ses-soutiens\/#primaryimage"},"image":{"@id":"https:\/\/www.public.sn\/index.php\/2026\/03\/10\/aissatou-diop-fall-auditionnee-a-la-section-de-recherches-de-colobane-sous-le-regard-de-ses-soutiens\/#primaryimage"},"thumbnailUrl":"https:\/\/www.public.sn\/wp-content\/uploads\/2026\/03\/BON-CONEVCATION-Mu.jpg","datePublished":"2026-03-10T16:45:25+00:00","dateModified":"2026-03-10T16:45:35+00:00","breadcrumb":{"@id":"https:\/\/www.public.sn\/index.php\/2026\/03\/10\/aissatou-diop-fall-auditionnee-a-la-section-de-recherches-de-colobane-sous-le-regard-de-ses-soutiens\/#breadcrumb"},"inLanguage":"fr-FR","potentialAction":[{"@type":"ReadAction","target":["https:\/\/www.public.sn\/index.php\/2026\/03\/10\/aissatou-diop-fall-auditionnee-a-la-section-de-recherches-de-colobane-sous-le-regard-de-ses-soutiens\/"]}]},{"@type":"ImageObject","inLanguage":"fr-FR","@id":"https:\/\/www.public.sn\/index.php\/2026\/03\/10\/aissatou-diop-fall-auditionnee-a-la-section-de-recherches-de-colobane-sous-le-regard-de-ses-soutiens\/#primaryimage","url":"https:\/\/www.public.sn\/wp-content\/uploads\/2026\/03\/BON-CONEVCATION-Mu.jpg","contentUrl":"https:\/\/www.public.sn\/wp-content\/uploads\/2026\/03\/BON-CONEVCATION-Mu.jpg","width":1280,"height":720},{"@type":"BreadcrumbList","@id":"https:\/\/www.public.sn\/index.php\/2026\/03\/10\/aissatou-diop-fall-auditionnee-a-la-section-de-recherches-de-colobane-sous-le-regard-de-ses-soutiens\/#breadcrumb","itemListElement":[{"@type":"ListItem","position":1,"name":"Accueil","item":"https:\/\/www.public.sn\/"},{"@type":"ListItem","position":2,"name":"Aissatou Diop Fall auditionn\u00e9e \u00e0 la Section de Recherches de Colobane sous le regard de ses soutiens"}]},{"@type":"WebSite","@id":"https:\/\/www.public.sn\/#website","url":"https:\/\/www.public.sn\/","name":"LE PUBLIC","description":"","publisher":{"@id":"https:\/\/www.public.sn\/#organization"},"potentialAction":[{"@type":"SearchAction","target":{"@type":"EntryPoint","urlTemplate":"https:\/\/www.public.sn\/?s={search_term_string}"},"query-input":{"@type":"PropertyValueSpecification","valueRequired":true,"valueName":"search_term_string"}}],"inLanguage":"fr-FR"},{"@type":"Organization","@id":"https:\/\/www.public.sn\/#organization","name":"LE PUBLIC","url":"https:\/\/www.public.sn\/","logo":{"@type":"ImageObject","inLanguage":"fr-FR","@id":"https:\/\/www.public.sn\/#\/schema\/logo\/image\/","url":"https:\/\/www.public.sn\/wp-content\/uploads\/2024\/05\/cropped-LOGO-PUBLIC.SN_.png","contentUrl":"https:\/\/www.public.sn\/wp-content\/uploads\/2024\/05\/cropped-LOGO-PUBLIC.SN_.png","width":682,"height":192,"caption":"LE PUBLIC"},"image":{"@id":"https:\/\/www.public.sn\/#\/schema\/logo\/image\/"}},{"@type":"Person","@id":"https:\/\/www.public.sn\/#\/schema\/person\/cb76c8e1b8becc6be61fb5e92d6d0224","name":"LA REDACTION","image":{"@type":"ImageObject","inLanguage":"fr-FR","@id":"https:\/\/www.public.sn\/#\/schema\/person\/image\/","url":"https:\/\/secure.gravatar.com\/avatar\/2dce5ddd34b8fef0180efe03aa2a9bee7d953856048f9a16b298190a3178407c?s=96&d=mm&r=g","contentUrl":"https:\/\/secure.gravatar.com\/avatar\/2dce5ddd34b8fef0180efe03aa2a9bee7d953856048f9a16b298190a3178407c?s=96&d=mm&r=g","caption":"LA REDACTION"},"url":"https:\/\/www.public.sn\/index.php\/author\/editeurpsn\/"}]}},"jetpack_featured_media_url":"https:\/\/www.public.sn\/wp-content\/uploads\/2026\/03\/BON-CONEVCATION-Mu.jpg","jetpack_sharing_enabled":true,"_links":{"self":[{"href":"https:\/\/www.public.sn\/index.php\/wp-json\/wp\/v2\/posts\/39503","targetHints":{"allow":["GET"]}}],"collection":[{"href":"https:\/\/www.public.sn\/index.php\/wp-json\/wp\/v2\/posts"}],"about":[{"href":"https:\/\/www.public.sn\/index.php\/wp-json\/wp\/v2\/types\/post"}],"author":[{"embeddable":true,"href":"https:\/\/www.public.sn\/index.php\/wp-json\/wp\/v2\/users\/7"}],"replies":[{"embeddable":true,"href":"https:\/\/www.public.sn\/index.php\/wp-json\/wp\/v2\/comments?post=39503"}],"version-history":[{"count":2,"href":"https:\/\/www.public.sn\/index.php\/wp-json\/wp\/v2\/posts\/39503\/revisions"}],"predecessor-version":[{"id":39506,"href":"https:\/\/www.public.sn\/index.php\/wp-json\/wp\/v2\/posts\/39503\/revisions\/39506"}],"wp:featuredmedia":[{"embeddable":true,"href":"https:\/\/www.public.sn\/index.php\/wp-json\/wp\/v2\/media\/39504"}],"wp:attachment":[{"href":"https:\/\/www.public.sn\/index.php\/wp-json\/wp\/v2\/media?parent=39503"}],"wp:term":[{"taxonomy":"category","embeddable":true,"href":"https:\/\/www.public.sn\/index.php\/wp-json\/wp\/v2\/categories?post=39503"},{"taxonomy":"post_tag","embeddable":true,"href":"https:\/\/www.public.sn\/index.php\/wp-json\/wp\/v2\/tags?post=39503"}],"curies":[{"name":"wp","href":"https:\/\/api.w.org\/{rel}","templated":true}]}}