{"id":39513,"date":"2026-03-10T21:30:36","date_gmt":"2026-03-10T21:30:36","guid":{"rendered":"https:\/\/www.public.sn\/?p=39513"},"modified":"2026-03-10T21:30:44","modified_gmt":"2026-03-10T21:30:44","slug":"affaire-ouzin-keita-lombre-de-pape-cheikh-diallo","status":"publish","type":"post","link":"https:\/\/www.public.sn\/index.php\/2026\/03\/10\/affaire-ouzin-keita-lombre-de-pape-cheikh-diallo\/","title":{"rendered":"Affaire\u00a0Ouzin Ke\u00efta\u00a0: l\u2019ombre de\u00a0Pape Cheikh Diallo"},"content":{"rendered":"\n<p>Un nouveau rebondissement est venu marquer les interrogatoires men\u00e9s par la&nbsp;Division des investigations criminelles(DIC) dans l\u2019affaire visant l\u2019artiste&nbsp;Ouzin Ke\u00efta&nbsp;et plusieurs membres de son entourage. Selon les r\u00e9v\u00e9lations du journal&nbsp;Lib\u00e9ration, le nom de l\u2019animateur&nbsp;Pape Cheikh Diallo, d\u00e9j\u00e0 \u00e9crou\u00e9 dans une autre proc\u00e9dure li\u00e9e \u00e0 une affaire de m\u0153urs, s\u2019est invit\u00e9 au c\u0153ur de l\u2019enqu\u00eate.<\/p><div class=\"publi-paragraphe1\" style=\"margin-top: 10px;margin-bottom: 10px;margin-left: auto;margin-right: auto;text-align: center;\" id=\"publi-2713189092\"><div class=\"publi-adlabel\">Publicit\u00e9<\/div><script async src=\"\/\/pagead2.googlesyndication.com\/pagead\/js\/adsbygoogle.js?client=ca-pub-4089586018074219\" crossorigin=\"anonymous\"><\/script><ins class=\"adsbygoogle\" style=\"display:block;\" data-ad-client=\"ca-pub-4089586018074219\" \ndata-ad-slot=\"2087940154\" \ndata-ad-format=\"auto\"><\/ins>\n<script> \n(adsbygoogle = window.adsbygoogle || []).push({}); \n<\/script>\n<\/div>\n\n\n\n<p>D\u2019apr\u00e8s la m\u00eame source, ce lien serait apparu \u00e0 la suite du t\u00e9moignage de P. S. Faye, \u00e9galement connu sous le nom de Mamadou Faye, l\u2019un des quinze individus d\u00e9f\u00e9r\u00e9s ce lundi dans le cadre de cette affaire li\u00e9e au r\u00e9seau pr\u00e9sum\u00e9 de l\u2019appartement d\u2019Ouest-Foire.<\/p>\n\n\n\n<p>Cit\u00e9 par le quotidien, le mis en cause aurait confi\u00e9 aux enqu\u00eateurs s\u2019\u00eatre pr\u00e9cipit\u00e9 pour effectuer un test de d\u00e9pistage du VIH\/Sida apr\u00e8s avoir appris l\u2019arrestation de&nbsp;Pape Cheikh Diallo, ainsi que certains d\u00e9tails sensibles \u00e9voqu\u00e9s autour de son dossier.<\/p>\n\n\n\n<p>Ces d\u00e9clarations ont attir\u00e9 l\u2019attention des enqu\u00eateurs et contribu\u00e9 \u00e0 introduire le nom de l\u2019animateur dans les discussions entourant l\u2019affaire. Toutefois, \u00e0 ce stade, aucune pr\u00e9cision officielle n\u2019a \u00e9t\u00e9 donn\u00e9e quant \u00e0 un \u00e9ventuel lien direct entre les deux proc\u00e9dures.<\/p>\n\n\n\n<p>L\u2019enqu\u00eate men\u00e9e par la&nbsp;Division des investigations criminelles&nbsp;se poursuit afin de faire toute la lumi\u00e8re sur ce dossier qui continue de susciter de vives r\u00e9actions.<\/p>\n<div class=\"publi-apres-le-contenu\" style=\"margin-top: 10px;margin-bottom: 10px;margin-left: auto;margin-right: auto;text-align: center;\" id=\"publi-3168183248\"><div class=\"publi-adlabel\">Publicit\u00e9<\/div><script async src=\"\/\/pagead2.googlesyndication.com\/pagead\/js\/adsbygoogle.js?client=ca-pub-4089586018074219\" crossorigin=\"anonymous\"><\/script><ins class=\"adsbygoogle\" style=\"display:block;\" data-ad-client=\"ca-pub-4089586018074219\" \ndata-ad-slot=\"2087940154\" \ndata-ad-format=\"auto\"><\/ins>\n<script> \n(adsbygoogle = window.adsbygoogle || []).push({}); \n<\/script>\n<\/div>","protected":false},"excerpt":{"rendered":"<p>Un nouveau rebondissement est venu marquer les interrogatoires men\u00e9s par la&nbsp;Division des investigations criminelles(DIC) dans l\u2019affaire visant l\u2019artiste&nbsp;Ouzin Ke\u00efta&nbsp;et plusieurs membres de son entourage. Selon les r\u00e9v\u00e9lations du journal&nbsp;Lib\u00e9ration, le nom de l\u2019animateur&nbsp;Pape Cheikh Diallo, d\u00e9j\u00e0 \u00e9crou\u00e9 dans une autre proc\u00e9dure li\u00e9e \u00e0 une affaire de m\u0153urs, s\u2019est invit\u00e9 au c\u0153ur de l\u2019enqu\u00eate. D\u2019apr\u00e8s la m\u00eame source, ce lien serait apparu \u00e0 la suite du t\u00e9moignage de P. S. Faye, \u00e9galement connu sous le nom de Mamadou Faye, l\u2019un des quinze individus d\u00e9f\u00e9r\u00e9s ce lundi dans le cadre de cette affaire li\u00e9e au r\u00e9seau pr\u00e9sum\u00e9 de l\u2019appartement d\u2019Ouest-Foire. Cit\u00e9 par le quotidien, le mis en cause aurait confi\u00e9 aux enqu\u00eateurs s\u2019\u00eatre pr\u00e9cipit\u00e9 pour effectuer un test de d\u00e9pistage du VIH\/Sida apr\u00e8s avoir appris l\u2019arrestation de&nbsp;Pape Cheikh Diallo, ainsi que certains d\u00e9tails sensibles \u00e9voqu\u00e9s autour de son dossier. Ces d\u00e9clarations ont attir\u00e9 l\u2019attention des enqu\u00eateurs et contribu\u00e9 \u00e0 introduire le nom de l\u2019animateur dans les discussions entourant l\u2019affaire. Toutefois, \u00e0 ce stade, aucune pr\u00e9cision officielle n\u2019a \u00e9t\u00e9 donn\u00e9e quant \u00e0 un \u00e9ventuel lien direct entre les deux proc\u00e9dures. L\u2019enqu\u00eate men\u00e9e par la&nbsp;Division des investigations criminelles&nbsp;se poursuit afin de faire toute la lumi\u00e8re sur ce dossier qui continue de susciter de vives r\u00e9actions.<\/p>\n","protected":false},"author":7,"featured_media":39514,"comment_status":"open","ping_status":"open","sticky":false,"template":"","format":"standard","meta":{"_jetpack_memberships_contains_paid_content":false,"footnotes":""},"categories":[375,1023,5],"tags":[8285,2585],"class_list":["post-39513","post","type-post","status-publish","format-standard","has-post-thumbnail","hentry","category-actualites","category-buzz","category-people","tag-ouzin-keita","tag-pape-cheikh-diallo","entry","has-media","owp-thumbs-layout-horizontal","owp-btn-normal","owp-tabs-layout-horizontal","has-no-thumbnails","has-product-nav"],"yoast_head":"<!-- This site is optimized with the Yoast SEO plugin v25.5 - https:\/\/yoast.com\/wordpress\/plugins\/seo\/ -->\n<title>Affaire\u00a0Ouzin Ke\u00efta\u00a0: l\u2019ombre de\u00a0Pape Cheikh Diallo - LE PUBLIC<\/title>\n<meta name=\"robots\" content=\"index, follow, max-snippet:-1, max-image-preview:large, max-video-preview:-1\" \/>\n<link rel=\"canonical\" href=\"https:\/\/www.public.sn\/index.php\/2026\/03\/10\/affaire-ouzin-keita-lombre-de-pape-cheikh-diallo\/\" \/>\n<meta property=\"og:locale\" content=\"fr_FR\" \/>\n<meta property=\"og:type\" content=\"article\" \/>\n<meta property=\"og:title\" content=\"Affaire\u00a0Ouzin Ke\u00efta\u00a0: l\u2019ombre de\u00a0Pape Cheikh Diallo - LE PUBLIC\" \/>\n<meta property=\"og:description\" content=\"Un nouveau rebondissement est venu marquer les interrogatoires men\u00e9s par la&nbsp;Division des investigations criminelles(DIC) dans l\u2019affaire visant l\u2019artiste&nbsp;Ouzin Ke\u00efta&nbsp;et plusieurs membres de son entourage. Selon les r\u00e9v\u00e9lations du journal&nbsp;Lib\u00e9ration, le nom de l\u2019animateur&nbsp;Pape Cheikh Diallo, d\u00e9j\u00e0 \u00e9crou\u00e9 dans une autre proc\u00e9dure li\u00e9e \u00e0 une affaire de m\u0153urs, s\u2019est invit\u00e9 au c\u0153ur de l\u2019enqu\u00eate. D\u2019apr\u00e8s la m\u00eame source, ce lien serait apparu \u00e0 la suite du t\u00e9moignage de P. S. Faye, \u00e9galement connu sous le nom de Mamadou Faye, l\u2019un des quinze individus d\u00e9f\u00e9r\u00e9s ce lundi dans le cadre de cette affaire li\u00e9e au r\u00e9seau pr\u00e9sum\u00e9 de l\u2019appartement d\u2019Ouest-Foire. Cit\u00e9 par le quotidien, le mis en cause aurait confi\u00e9 aux enqu\u00eateurs s\u2019\u00eatre pr\u00e9cipit\u00e9 pour effectuer un test de d\u00e9pistage du VIH\/Sida apr\u00e8s avoir appris l\u2019arrestation de&nbsp;Pape Cheikh Diallo, ainsi que certains d\u00e9tails sensibles \u00e9voqu\u00e9s autour de son dossier. Ces d\u00e9clarations ont attir\u00e9 l\u2019attention des enqu\u00eateurs et contribu\u00e9 \u00e0 introduire le nom de l\u2019animateur dans les discussions entourant l\u2019affaire. Toutefois, \u00e0 ce stade, aucune pr\u00e9cision officielle n\u2019a \u00e9t\u00e9 donn\u00e9e quant \u00e0 un \u00e9ventuel lien direct entre les deux proc\u00e9dures. L\u2019enqu\u00eate men\u00e9e par la&nbsp;Division des investigations criminelles&nbsp;se poursuit afin de faire toute la lumi\u00e8re sur ce dossier qui continue de susciter de vives r\u00e9actions.\" \/>\n<meta property=\"og:url\" content=\"https:\/\/www.public.sn\/index.php\/2026\/03\/10\/affaire-ouzin-keita-lombre-de-pape-cheikh-diallo\/\" \/>\n<meta property=\"og:site_name\" content=\"LE PUBLIC\" \/>\n<meta property=\"article:published_time\" content=\"2026-03-10T21:30:36+00:00\" \/>\n<meta property=\"article:modified_time\" content=\"2026-03-10T21:30:44+00:00\" \/>\n<meta property=\"og:image\" content=\"https:\/\/www.public.sn\/wp-content\/uploads\/2026\/03\/Capture-decran-2026-03-10-a-21.28.41.png\" \/>\n\t<meta property=\"og:image:width\" content=\"989\" \/>\n\t<meta property=\"og:image:height\" content=\"554\" \/>\n\t<meta property=\"og:image:type\" content=\"image\/png\" \/>\n<meta name=\"author\" content=\"LA REDACTION\" \/>\n<meta name=\"twitter:card\" content=\"summary_large_image\" \/>\n<meta name=\"twitter:label1\" content=\"\u00c9crit par\" \/>\n\t<meta name=\"twitter:data1\" content=\"LA REDACTION\" \/>\n\t<meta name=\"twitter:label2\" content=\"Dur\u00e9e de lecture estim\u00e9e\" \/>\n\t<meta name=\"twitter:data2\" content=\"2 minutes\" \/>\n<script type=\"application\/ld+json\" class=\"yoast-schema-graph\">{\"@context\":\"https:\/\/schema.org\",\"@graph\":[{\"@type\":\"Article\",\"@id\":\"https:\/\/www.public.sn\/index.php\/2026\/03\/10\/affaire-ouzin-keita-lombre-de-pape-cheikh-diallo\/#article\",\"isPartOf\":{\"@id\":\"https:\/\/www.public.sn\/index.php\/2026\/03\/10\/affaire-ouzin-keita-lombre-de-pape-cheikh-diallo\/\"},\"author\":{\"name\":\"LA REDACTION\",\"@id\":\"https:\/\/www.public.sn\/#\/schema\/person\/cb76c8e1b8becc6be61fb5e92d6d0224\"},\"headline\":\"Affaire\u00a0Ouzin Ke\u00efta\u00a0: l\u2019ombre de\u00a0Pape Cheikh Diallo\",\"datePublished\":\"2026-03-10T21:30:36+00:00\",\"dateModified\":\"2026-03-10T21:30:44+00:00\",\"mainEntityOfPage\":{\"@id\":\"https:\/\/www.public.sn\/index.php\/2026\/03\/10\/affaire-ouzin-keita-lombre-de-pape-cheikh-diallo\/\"},\"wordCount\":275,\"commentCount\":0,\"publisher\":{\"@id\":\"https:\/\/www.public.sn\/#organization\"},\"image\":{\"@id\":\"https:\/\/www.public.sn\/index.php\/2026\/03\/10\/affaire-ouzin-keita-lombre-de-pape-cheikh-diallo\/#primaryimage\"},\"thumbnailUrl\":\"https:\/\/www.public.sn\/wp-content\/uploads\/2026\/03\/Capture-decran-2026-03-10-a-21.28.41.png\",\"keywords\":[\"Ouzin Ke\u00efta\",\"pape cheikh diallo\"],\"articleSection\":[\"ACTUALIT\u00c9S\",\"BUZZ\",\"PEOPLE\"],\"inLanguage\":\"fr-FR\",\"potentialAction\":[{\"@type\":\"CommentAction\",\"name\":\"Comment\",\"target\":[\"https:\/\/www.public.sn\/index.php\/2026\/03\/10\/affaire-ouzin-keita-lombre-de-pape-cheikh-diallo\/#respond\"]}]},{\"@type\":\"WebPage\",\"@id\":\"https:\/\/www.public.sn\/index.php\/2026\/03\/10\/affaire-ouzin-keita-lombre-de-pape-cheikh-diallo\/\",\"url\":\"https:\/\/www.public.sn\/index.php\/2026\/03\/10\/affaire-ouzin-keita-lombre-de-pape-cheikh-diallo\/\",\"name\":\"Affaire\u00a0Ouzin Ke\u00efta\u00a0: l\u2019ombre de\u00a0Pape Cheikh Diallo - LE PUBLIC\",\"isPartOf\":{\"@id\":\"https:\/\/www.public.sn\/#website\"},\"primaryImageOfPage\":{\"@id\":\"https:\/\/www.public.sn\/index.php\/2026\/03\/10\/affaire-ouzin-keita-lombre-de-pape-cheikh-diallo\/#primaryimage\"},\"image\":{\"@id\":\"https:\/\/www.public.sn\/index.php\/2026\/03\/10\/affaire-ouzin-keita-lombre-de-pape-cheikh-diallo\/#primaryimage\"},\"thumbnailUrl\":\"https:\/\/www.public.sn\/wp-content\/uploads\/2026\/03\/Capture-decran-2026-03-10-a-21.28.41.png\",\"datePublished\":\"2026-03-10T21:30:36+00:00\",\"dateModified\":\"2026-03-10T21:30:44+00:00\",\"breadcrumb\":{\"@id\":\"https:\/\/www.public.sn\/index.php\/2026\/03\/10\/affaire-ouzin-keita-lombre-de-pape-cheikh-diallo\/#breadcrumb\"},\"inLanguage\":\"fr-FR\",\"potentialAction\":[{\"@type\":\"ReadAction\",\"target\":[\"https:\/\/www.public.sn\/index.php\/2026\/03\/10\/affaire-ouzin-keita-lombre-de-pape-cheikh-diallo\/\"]}]},{\"@type\":\"ImageObject\",\"inLanguage\":\"fr-FR\",\"@id\":\"https:\/\/www.public.sn\/index.php\/2026\/03\/10\/affaire-ouzin-keita-lombre-de-pape-cheikh-diallo\/#primaryimage\",\"url\":\"https:\/\/www.public.sn\/wp-content\/uploads\/2026\/03\/Capture-decran-2026-03-10-a-21.28.41.png\",\"contentUrl\":\"https:\/\/www.public.sn\/wp-content\/uploads\/2026\/03\/Capture-decran-2026-03-10-a-21.28.41.png\",\"width\":989,\"height\":554},{\"@type\":\"BreadcrumbList\",\"@id\":\"https:\/\/www.public.sn\/index.php\/2026\/03\/10\/affaire-ouzin-keita-lombre-de-pape-cheikh-diallo\/#breadcrumb\",\"itemListElement\":[{\"@type\":\"ListItem\",\"position\":1,\"name\":\"Accueil\",\"item\":\"https:\/\/www.public.sn\/\"},{\"@type\":\"ListItem\",\"position\":2,\"name\":\"Affaire\u00a0Ouzin Ke\u00efta\u00a0: l\u2019ombre de\u00a0Pape Cheikh Diallo\"}]},{\"@type\":\"WebSite\",\"@id\":\"https:\/\/www.public.sn\/#website\",\"url\":\"https:\/\/www.public.sn\/\",\"name\":\"LE PUBLIC\",\"description\":\"\",\"publisher\":{\"@id\":\"https:\/\/www.public.sn\/#organization\"},\"potentialAction\":[{\"@type\":\"SearchAction\",\"target\":{\"@type\":\"EntryPoint\",\"urlTemplate\":\"https:\/\/www.public.sn\/?s={search_term_string}\"},\"query-input\":{\"@type\":\"PropertyValueSpecification\",\"valueRequired\":true,\"valueName\":\"search_term_string\"}}],\"inLanguage\":\"fr-FR\"},{\"@type\":\"Organization\",\"@id\":\"https:\/\/www.public.sn\/#organization\",\"name\":\"LE PUBLIC\",\"url\":\"https:\/\/www.public.sn\/\",\"logo\":{\"@type\":\"ImageObject\",\"inLanguage\":\"fr-FR\",\"@id\":\"https:\/\/www.public.sn\/#\/schema\/logo\/image\/\",\"url\":\"https:\/\/www.public.sn\/wp-content\/uploads\/2024\/05\/cropped-LOGO-PUBLIC.SN_.png\",\"contentUrl\":\"https:\/\/www.public.sn\/wp-content\/uploads\/2024\/05\/cropped-LOGO-PUBLIC.SN_.png\",\"width\":682,\"height\":192,\"caption\":\"LE PUBLIC\"},\"image\":{\"@id\":\"https:\/\/www.public.sn\/#\/schema\/logo\/image\/\"}},{\"@type\":\"Person\",\"@id\":\"https:\/\/www.public.sn\/#\/schema\/person\/cb76c8e1b8becc6be61fb5e92d6d0224\",\"name\":\"LA REDACTION\",\"image\":{\"@type\":\"ImageObject\",\"inLanguage\":\"fr-FR\",\"@id\":\"https:\/\/www.public.sn\/#\/schema\/person\/image\/\",\"url\":\"https:\/\/secure.gravatar.com\/avatar\/2dce5ddd34b8fef0180efe03aa2a9bee7d953856048f9a16b298190a3178407c?s=96&d=mm&r=g\",\"contentUrl\":\"https:\/\/secure.gravatar.com\/avatar\/2dce5ddd34b8fef0180efe03aa2a9bee7d953856048f9a16b298190a3178407c?s=96&d=mm&r=g\",\"caption\":\"LA REDACTION\"},\"url\":\"https:\/\/www.public.sn\/index.php\/author\/editeurpsn\/\"}]}<\/script>\n<!-- \/ Yoast SEO plugin. -->","yoast_head_json":{"title":"Affaire\u00a0Ouzin Ke\u00efta\u00a0: l\u2019ombre de\u00a0Pape Cheikh Diallo - LE PUBLIC","robots":{"index":"index","follow":"follow","max-snippet":"max-snippet:-1","max-image-preview":"max-image-preview:large","max-video-preview":"max-video-preview:-1"},"canonical":"https:\/\/www.public.sn\/index.php\/2026\/03\/10\/affaire-ouzin-keita-lombre-de-pape-cheikh-diallo\/","og_locale":"fr_FR","og_type":"article","og_title":"Affaire\u00a0Ouzin Ke\u00efta\u00a0: l\u2019ombre de\u00a0Pape Cheikh Diallo - LE PUBLIC","og_description":"Un nouveau rebondissement est venu marquer les interrogatoires men\u00e9s par la&nbsp;Division des investigations criminelles(DIC) dans l\u2019affaire visant l\u2019artiste&nbsp;Ouzin Ke\u00efta&nbsp;et plusieurs membres de son entourage. Selon les r\u00e9v\u00e9lations du journal&nbsp;Lib\u00e9ration, le nom de l\u2019animateur&nbsp;Pape Cheikh Diallo, d\u00e9j\u00e0 \u00e9crou\u00e9 dans une autre proc\u00e9dure li\u00e9e \u00e0 une affaire de m\u0153urs, s\u2019est invit\u00e9 au c\u0153ur de l\u2019enqu\u00eate. D\u2019apr\u00e8s la m\u00eame source, ce lien serait apparu \u00e0 la suite du t\u00e9moignage de P. S. Faye, \u00e9galement connu sous le nom de Mamadou Faye, l\u2019un des quinze individus d\u00e9f\u00e9r\u00e9s ce lundi dans le cadre de cette affaire li\u00e9e au r\u00e9seau pr\u00e9sum\u00e9 de l\u2019appartement d\u2019Ouest-Foire. Cit\u00e9 par le quotidien, le mis en cause aurait confi\u00e9 aux enqu\u00eateurs s\u2019\u00eatre pr\u00e9cipit\u00e9 pour effectuer un test de d\u00e9pistage du VIH\/Sida apr\u00e8s avoir appris l\u2019arrestation de&nbsp;Pape Cheikh Diallo, ainsi que certains d\u00e9tails sensibles \u00e9voqu\u00e9s autour de son dossier. Ces d\u00e9clarations ont attir\u00e9 l\u2019attention des enqu\u00eateurs et contribu\u00e9 \u00e0 introduire le nom de l\u2019animateur dans les discussions entourant l\u2019affaire. Toutefois, \u00e0 ce stade, aucune pr\u00e9cision officielle n\u2019a \u00e9t\u00e9 donn\u00e9e quant \u00e0 un \u00e9ventuel lien direct entre les deux proc\u00e9dures. L\u2019enqu\u00eate men\u00e9e par la&nbsp;Division des investigations criminelles&nbsp;se poursuit afin de faire toute la lumi\u00e8re sur ce dossier qui continue de susciter de vives r\u00e9actions.","og_url":"https:\/\/www.public.sn\/index.php\/2026\/03\/10\/affaire-ouzin-keita-lombre-de-pape-cheikh-diallo\/","og_site_name":"LE PUBLIC","article_published_time":"2026-03-10T21:30:36+00:00","article_modified_time":"2026-03-10T21:30:44+00:00","og_image":[{"width":989,"height":554,"url":"https:\/\/www.public.sn\/wp-content\/uploads\/2026\/03\/Capture-decran-2026-03-10-a-21.28.41.png","type":"image\/png"}],"author":"LA REDACTION","twitter_card":"summary_large_image","twitter_misc":{"\u00c9crit par":"LA REDACTION","Dur\u00e9e de lecture estim\u00e9e":"2 minutes"},"schema":{"@context":"https:\/\/schema.org","@graph":[{"@type":"Article","@id":"https:\/\/www.public.sn\/index.php\/2026\/03\/10\/affaire-ouzin-keita-lombre-de-pape-cheikh-diallo\/#article","isPartOf":{"@id":"https:\/\/www.public.sn\/index.php\/2026\/03\/10\/affaire-ouzin-keita-lombre-de-pape-cheikh-diallo\/"},"author":{"name":"LA REDACTION","@id":"https:\/\/www.public.sn\/#\/schema\/person\/cb76c8e1b8becc6be61fb5e92d6d0224"},"headline":"Affaire\u00a0Ouzin Ke\u00efta\u00a0: l\u2019ombre de\u00a0Pape Cheikh Diallo","datePublished":"2026-03-10T21:30:36+00:00","dateModified":"2026-03-10T21:30:44+00:00","mainEntityOfPage":{"@id":"https:\/\/www.public.sn\/index.php\/2026\/03\/10\/affaire-ouzin-keita-lombre-de-pape-cheikh-diallo\/"},"wordCount":275,"commentCount":0,"publisher":{"@id":"https:\/\/www.public.sn\/#organization"},"image":{"@id":"https:\/\/www.public.sn\/index.php\/2026\/03\/10\/affaire-ouzin-keita-lombre-de-pape-cheikh-diallo\/#primaryimage"},"thumbnailUrl":"https:\/\/www.public.sn\/wp-content\/uploads\/2026\/03\/Capture-decran-2026-03-10-a-21.28.41.png","keywords":["Ouzin Ke\u00efta","pape cheikh diallo"],"articleSection":["ACTUALIT\u00c9S","BUZZ","PEOPLE"],"inLanguage":"fr-FR","potentialAction":[{"@type":"CommentAction","name":"Comment","target":["https:\/\/www.public.sn\/index.php\/2026\/03\/10\/affaire-ouzin-keita-lombre-de-pape-cheikh-diallo\/#respond"]}]},{"@type":"WebPage","@id":"https:\/\/www.public.sn\/index.php\/2026\/03\/10\/affaire-ouzin-keita-lombre-de-pape-cheikh-diallo\/","url":"https:\/\/www.public.sn\/index.php\/2026\/03\/10\/affaire-ouzin-keita-lombre-de-pape-cheikh-diallo\/","name":"Affaire\u00a0Ouzin Ke\u00efta\u00a0: l\u2019ombre de\u00a0Pape Cheikh Diallo - LE PUBLIC","isPartOf":{"@id":"https:\/\/www.public.sn\/#website"},"primaryImageOfPage":{"@id":"https:\/\/www.public.sn\/index.php\/2026\/03\/10\/affaire-ouzin-keita-lombre-de-pape-cheikh-diallo\/#primaryimage"},"image":{"@id":"https:\/\/www.public.sn\/index.php\/2026\/03\/10\/affaire-ouzin-keita-lombre-de-pape-cheikh-diallo\/#primaryimage"},"thumbnailUrl":"https:\/\/www.public.sn\/wp-content\/uploads\/2026\/03\/Capture-decran-2026-03-10-a-21.28.41.png","datePublished":"2026-03-10T21:30:36+00:00","dateModified":"2026-03-10T21:30:44+00:00","breadcrumb":{"@id":"https:\/\/www.public.sn\/index.php\/2026\/03\/10\/affaire-ouzin-keita-lombre-de-pape-cheikh-diallo\/#breadcrumb"},"inLanguage":"fr-FR","potentialAction":[{"@type":"ReadAction","target":["https:\/\/www.public.sn\/index.php\/2026\/03\/10\/affaire-ouzin-keita-lombre-de-pape-cheikh-diallo\/"]}]},{"@type":"ImageObject","inLanguage":"fr-FR","@id":"https:\/\/www.public.sn\/index.php\/2026\/03\/10\/affaire-ouzin-keita-lombre-de-pape-cheikh-diallo\/#primaryimage","url":"https:\/\/www.public.sn\/wp-content\/uploads\/2026\/03\/Capture-decran-2026-03-10-a-21.28.41.png","contentUrl":"https:\/\/www.public.sn\/wp-content\/uploads\/2026\/03\/Capture-decran-2026-03-10-a-21.28.41.png","width":989,"height":554},{"@type":"BreadcrumbList","@id":"https:\/\/www.public.sn\/index.php\/2026\/03\/10\/affaire-ouzin-keita-lombre-de-pape-cheikh-diallo\/#breadcrumb","itemListElement":[{"@type":"ListItem","position":1,"name":"Accueil","item":"https:\/\/www.public.sn\/"},{"@type":"ListItem","position":2,"name":"Affaire\u00a0Ouzin Ke\u00efta\u00a0: l\u2019ombre de\u00a0Pape Cheikh Diallo"}]},{"@type":"WebSite","@id":"https:\/\/www.public.sn\/#website","url":"https:\/\/www.public.sn\/","name":"LE PUBLIC","description":"","publisher":{"@id":"https:\/\/www.public.sn\/#organization"},"potentialAction":[{"@type":"SearchAction","target":{"@type":"EntryPoint","urlTemplate":"https:\/\/www.public.sn\/?s={search_term_string}"},"query-input":{"@type":"PropertyValueSpecification","valueRequired":true,"valueName":"search_term_string"}}],"inLanguage":"fr-FR"},{"@type":"Organization","@id":"https:\/\/www.public.sn\/#organization","name":"LE PUBLIC","url":"https:\/\/www.public.sn\/","logo":{"@type":"ImageObject","inLanguage":"fr-FR","@id":"https:\/\/www.public.sn\/#\/schema\/logo\/image\/","url":"https:\/\/www.public.sn\/wp-content\/uploads\/2024\/05\/cropped-LOGO-PUBLIC.SN_.png","contentUrl":"https:\/\/www.public.sn\/wp-content\/uploads\/2024\/05\/cropped-LOGO-PUBLIC.SN_.png","width":682,"height":192,"caption":"LE PUBLIC"},"image":{"@id":"https:\/\/www.public.sn\/#\/schema\/logo\/image\/"}},{"@type":"Person","@id":"https:\/\/www.public.sn\/#\/schema\/person\/cb76c8e1b8becc6be61fb5e92d6d0224","name":"LA REDACTION","image":{"@type":"ImageObject","inLanguage":"fr-FR","@id":"https:\/\/www.public.sn\/#\/schema\/person\/image\/","url":"https:\/\/secure.gravatar.com\/avatar\/2dce5ddd34b8fef0180efe03aa2a9bee7d953856048f9a16b298190a3178407c?s=96&d=mm&r=g","contentUrl":"https:\/\/secure.gravatar.com\/avatar\/2dce5ddd34b8fef0180efe03aa2a9bee7d953856048f9a16b298190a3178407c?s=96&d=mm&r=g","caption":"LA REDACTION"},"url":"https:\/\/www.public.sn\/index.php\/author\/editeurpsn\/"}]}},"jetpack_featured_media_url":"https:\/\/www.public.sn\/wp-content\/uploads\/2026\/03\/Capture-decran-2026-03-10-a-21.28.41.png","jetpack_sharing_enabled":true,"_links":{"self":[{"href":"https:\/\/www.public.sn\/index.php\/wp-json\/wp\/v2\/posts\/39513","targetHints":{"allow":["GET"]}}],"collection":[{"href":"https:\/\/www.public.sn\/index.php\/wp-json\/wp\/v2\/posts"}],"about":[{"href":"https:\/\/www.public.sn\/index.php\/wp-json\/wp\/v2\/types\/post"}],"author":[{"embeddable":true,"href":"https:\/\/www.public.sn\/index.php\/wp-json\/wp\/v2\/users\/7"}],"replies":[{"embeddable":true,"href":"https:\/\/www.public.sn\/index.php\/wp-json\/wp\/v2\/comments?post=39513"}],"version-history":[{"count":2,"href":"https:\/\/www.public.sn\/index.php\/wp-json\/wp\/v2\/posts\/39513\/revisions"}],"predecessor-version":[{"id":39516,"href":"https:\/\/www.public.sn\/index.php\/wp-json\/wp\/v2\/posts\/39513\/revisions\/39516"}],"wp:featuredmedia":[{"embeddable":true,"href":"https:\/\/www.public.sn\/index.php\/wp-json\/wp\/v2\/media\/39514"}],"wp:attachment":[{"href":"https:\/\/www.public.sn\/index.php\/wp-json\/wp\/v2\/media?parent=39513"}],"wp:term":[{"taxonomy":"category","embeddable":true,"href":"https:\/\/www.public.sn\/index.php\/wp-json\/wp\/v2\/categories?post=39513"},{"taxonomy":"post_tag","embeddable":true,"href":"https:\/\/www.public.sn\/index.php\/wp-json\/wp\/v2\/tags?post=39513"}],"curies":[{"name":"wp","href":"https:\/\/api.w.org\/{rel}","templated":true}]}}