{"id":39517,"date":"2026-03-11T12:45:19","date_gmt":"2026-03-11T12:45:19","guid":{"rendered":"https:\/\/www.public.sn\/?p=39517"},"modified":"2026-03-11T12:45:29","modified_gmt":"2026-03-11T12:45:29","slug":"affaire-des-fausses-nouvelles-cheikh-oumar-diagne-reconnu-coupable","status":"publish","type":"post","link":"https:\/\/www.public.sn\/index.php\/2026\/03\/11\/affaire-des-fausses-nouvelles-cheikh-oumar-diagne-reconnu-coupable\/","title":{"rendered":"Affaire des fausses nouvelles :\u00a0Cheikh Oumar Diagne\u00a0reconnu coupable"},"content":{"rendered":"\n<p>Le leader du Rassemblement pour la v\u00e9rit\u00e9 (RPV),&nbsp;<strong>Cheikh Oumar Diagne<\/strong>, a \u00e9t\u00e9 jug\u00e9 ce mercredi 11 mars 2026 devant le tribunal des flagrants d\u00e9lits de&nbsp;<strong>Dakar<\/strong>&nbsp;pour diffusion de fausses nouvelles. \u00c0 l\u2019issue des d\u00e9bats, il a \u00e9t\u00e9 reconnu coupable des faits qui lui sont reproch\u00e9s et condamn\u00e9 \u00e0 une&nbsp;<strong>amende ferme de 500 000 FCFA<\/strong>.<\/p><div class=\"publi-paragraphe1\" style=\"margin-top: 10px;margin-bottom: 10px;margin-left: auto;margin-right: auto;text-align: center;\" id=\"publi-3848176658\"><div class=\"publi-adlabel\">Publicit\u00e9<\/div><script async src=\"\/\/pagead2.googlesyndication.com\/pagead\/js\/adsbygoogle.js?client=ca-pub-4089586018074219\" crossorigin=\"anonymous\"><\/script><ins class=\"adsbygoogle\" style=\"display:block;\" data-ad-client=\"ca-pub-4089586018074219\" \ndata-ad-slot=\"2087940154\" \ndata-ad-format=\"auto\"><\/ins>\n<script> \n(adsbygoogle = window.adsbygoogle || []).push({}); \n<\/script>\n<\/div>\n\n\n\n<p>Le pr\u00e9venu, qui conteste les accusations, avait \u00e9t\u00e9 interpell\u00e9 \u00e0 la suite de d\u00e9clarations faites lors d\u2019une \u00e9mission t\u00e9l\u00e9vis\u00e9e sur&nbsp;<strong>SenTV<\/strong>. Les propos portaient sur la mort de l\u2019\u00e9tudiant Abdoulaye Ba lors de manifestations \u00e0 l\u2019<strong>Universit\u00e9 Cheikh Anta Diop de Dakar<\/strong>&nbsp;(UCAD). Au cours de l\u2019\u00e9mission, l\u2019enseignant-chercheur avait affirm\u00e9 que le Premier ministre&nbsp;<strong>Ousmane Sonko<\/strong>&nbsp;\u00ab a donn\u00e9 l\u2019ordre de tuer l\u2019\u00e9tudiant \u00bb.<\/p>\n\n\n\n<p>\u00c0 la barre, Cheikh Oumar Diagne est revenu sur ses propos, expliquant qu\u2019il intervenait dans l\u2019\u00e9mission en tant qu\u2019acteur politique pour commenter l\u2019actualit\u00e9. Selon lui, ses d\u00e9clarations faisaient r\u00e9f\u00e9rence \u00e0 une intervention du Premier ministre \u00e0 l\u2019Assembl\u00e9e nationale, au cours de laquelle celui-ci avait reconnu avoir donn\u00e9 l\u2019ordre aux forces de d\u00e9fense et de s\u00e9curit\u00e9 d\u2019entrer dans l\u2019enceinte de l\u2019universit\u00e9.<\/p>\n\n\n\n<p>\u00ab J\u2019ai voulu dire qu\u2019il a indirectement donn\u00e9 l\u2019ordre qui a conduit \u00e0 la mort de l\u2019\u00e9tudiant \u00bb, a-t-il pr\u00e9cis\u00e9. Il a \u00e9galement soutenu que l\u2019\u00e9tudiant serait d\u00e9c\u00e9d\u00e9 \u00e0 la suite de l\u2019intervention des forces de d\u00e9fense et de s\u00e9curit\u00e9 sur le campus. \u00ab Je suis tr\u00e8s respectueux des institutions. Je ne pense pas que mes propos jettent le discr\u00e9dit sur elles \u00bb, a-t-il ajout\u00e9.<\/p>\n\n\n\n<p>Poursuivant ses explications, il a indiqu\u00e9 qu\u2019il souhaitait souligner la responsabilit\u00e9 morale et politique de l\u2019autorit\u00e9 ayant ordonn\u00e9 l\u2019intervention. \u00ab Le Premier ministre a assum\u00e9 avoir donn\u00e9 cet ordre. J\u2019ai voulu dire que nous savons d\u00e9sormais qui l\u2019a donn\u00e9 \u00bb, a-t-il d\u00e9clar\u00e9, rappelant qu\u2019il y a trois ans, certains responsables politiques affirmaient que les \u00e9v\u00e9nements survenus \u00e0 l\u2019universit\u00e9 se d\u00e9roulaient \u00ab dans le dos \u00bb de l\u2019ancien pr\u00e9sident&nbsp;<strong>Macky Sall<\/strong>.<\/p>\n\n\n\n<p>Dans ses r\u00e9quisitions, le procureur de la R\u00e9publique a estim\u00e9 que les faits de diffusion de fausses nouvelles \u00e9taient \u00e9tablis. Le minist\u00e8re public avait requis&nbsp;<strong>six mois d\u2019emprisonnement avec sursis<\/strong>&nbsp;ainsi qu\u2019une&nbsp;<strong>amende de 500 000 FCFA<\/strong>.<\/p>\n\n\n\n<p>La d\u00e9fense, assur\u00e9e par Mes Sayba Danfakha et Hosni Maati du barreau de Paris, a plaid\u00e9 la relaxe pure et simple. Me Danfakha s\u2019est appuy\u00e9 sur l\u2019article 255 du Code p\u00e9nal, soutenant que les propos incrimin\u00e9s ne constituent pas une \u00ab nouvelle \u00bb au sens de la loi et que leur caract\u00e8re faux n\u2019a pas \u00e9t\u00e9 d\u00e9montr\u00e9. Me Maati a, pour sa part, affirm\u00e9 que les d\u00e9clarations de son client avaient \u00e9t\u00e9 tronqu\u00e9es, versant une jurisprudence au dossier.<\/p>\n\n\n\n<p>Apr\u00e8s en avoir d\u00e9lib\u00e9r\u00e9, le tribunal a finalement d\u00e9clar\u00e9 Cheikh Oumar Diagne coupable du d\u00e9lit de diffusion de fausses nouvelles et l\u2019a condamn\u00e9 \u00e0 une&nbsp;<strong>amende ferme de 500 000 FCFA<\/strong>.<\/p>\n<div class=\"publi-apres-le-contenu\" style=\"margin-top: 10px;margin-bottom: 10px;margin-left: auto;margin-right: auto;text-align: center;\" id=\"publi-1546219912\"><div class=\"publi-adlabel\">Publicit\u00e9<\/div><script async src=\"\/\/pagead2.googlesyndication.com\/pagead\/js\/adsbygoogle.js?client=ca-pub-4089586018074219\" crossorigin=\"anonymous\"><\/script><ins class=\"adsbygoogle\" style=\"display:block;\" data-ad-client=\"ca-pub-4089586018074219\" \ndata-ad-slot=\"2087940154\" \ndata-ad-format=\"auto\"><\/ins>\n<script> \n(adsbygoogle = window.adsbygoogle || []).push({}); \n<\/script>\n<\/div>","protected":false},"excerpt":{"rendered":"<p>Le leader du Rassemblement pour la v\u00e9rit\u00e9 (RPV),&nbsp;Cheikh Oumar Diagne, a \u00e9t\u00e9 jug\u00e9 ce mercredi 11 mars 2026 devant le tribunal des flagrants d\u00e9lits de&nbsp;Dakar&nbsp;pour diffusion de fausses nouvelles. \u00c0 l\u2019issue des d\u00e9bats, il a \u00e9t\u00e9 reconnu coupable des faits qui lui sont reproch\u00e9s et condamn\u00e9 \u00e0 une&nbsp;amende ferme de 500 000 FCFA. Le pr\u00e9venu, qui conteste les accusations, avait \u00e9t\u00e9 interpell\u00e9 \u00e0 la suite de d\u00e9clarations faites lors d\u2019une \u00e9mission t\u00e9l\u00e9vis\u00e9e sur&nbsp;SenTV. Les propos portaient sur la mort de l\u2019\u00e9tudiant Abdoulaye Ba lors de manifestations \u00e0 l\u2019Universit\u00e9 Cheikh Anta Diop de Dakar&nbsp;(UCAD). Au cours de l\u2019\u00e9mission, l\u2019enseignant-chercheur avait affirm\u00e9 que le Premier ministre&nbsp;Ousmane Sonko&nbsp;\u00ab a donn\u00e9 l\u2019ordre de tuer l\u2019\u00e9tudiant \u00bb. \u00c0 la barre, Cheikh Oumar Diagne est revenu sur ses propos, expliquant qu\u2019il intervenait dans l\u2019\u00e9mission en tant qu\u2019acteur politique pour commenter l\u2019actualit\u00e9. Selon lui, ses d\u00e9clarations faisaient r\u00e9f\u00e9rence \u00e0 une intervention du Premier ministre \u00e0 l\u2019Assembl\u00e9e nationale, au cours de laquelle celui-ci avait reconnu avoir donn\u00e9 l\u2019ordre aux forces de d\u00e9fense et de s\u00e9curit\u00e9 d\u2019entrer dans l\u2019enceinte de l\u2019universit\u00e9. \u00ab J\u2019ai voulu dire qu\u2019il a indirectement donn\u00e9 l\u2019ordre qui a conduit \u00e0 la mort de l\u2019\u00e9tudiant \u00bb, a-t-il pr\u00e9cis\u00e9. Il a \u00e9galement soutenu que l\u2019\u00e9tudiant serait d\u00e9c\u00e9d\u00e9 \u00e0 la suite de l\u2019intervention des forces de d\u00e9fense et de s\u00e9curit\u00e9 sur le campus. \u00ab Je suis tr\u00e8s respectueux des institutions. Je ne pense pas que mes propos jettent le discr\u00e9dit sur elles \u00bb, a-t-il ajout\u00e9. Poursuivant ses explications, il a indiqu\u00e9 qu\u2019il souhaitait souligner la responsabilit\u00e9 morale et politique de l\u2019autorit\u00e9 ayant ordonn\u00e9 l\u2019intervention. \u00ab Le Premier ministre a assum\u00e9 avoir donn\u00e9 cet ordre. J\u2019ai voulu dire que nous savons d\u00e9sormais qui l\u2019a donn\u00e9 \u00bb, a-t-il d\u00e9clar\u00e9, rappelant qu\u2019il y a trois ans, certains responsables politiques affirmaient que les \u00e9v\u00e9nements survenus \u00e0 l\u2019universit\u00e9 se d\u00e9roulaient \u00ab dans le dos \u00bb de l\u2019ancien pr\u00e9sident&nbsp;Macky Sall. Dans ses r\u00e9quisitions, le procureur de la R\u00e9publique a estim\u00e9 que les faits de diffusion de fausses nouvelles \u00e9taient \u00e9tablis. Le minist\u00e8re public avait requis&nbsp;six mois d\u2019emprisonnement avec sursis&nbsp;ainsi qu\u2019une&nbsp;amende de 500 000 FCFA. La d\u00e9fense, assur\u00e9e par Mes Sayba Danfakha et Hosni Maati du barreau de Paris, a plaid\u00e9 la relaxe pure et simple. Me Danfakha s\u2019est appuy\u00e9 sur l\u2019article 255 du Code p\u00e9nal, soutenant que les propos incrimin\u00e9s ne constituent pas une \u00ab nouvelle \u00bb au sens de la loi et que leur caract\u00e8re faux n\u2019a pas \u00e9t\u00e9 d\u00e9montr\u00e9. Me Maati a, pour sa part, affirm\u00e9 que les d\u00e9clarations de son client avaient \u00e9t\u00e9 tronqu\u00e9es, versant une jurisprudence au dossier. Apr\u00e8s en avoir d\u00e9lib\u00e9r\u00e9, le tribunal a finalement d\u00e9clar\u00e9 Cheikh Oumar Diagne coupable du d\u00e9lit de diffusion de fausses nouvelles et l\u2019a condamn\u00e9 \u00e0 une&nbsp;amende ferme de 500 000 FCFA.<\/p>\n","protected":false},"author":7,"featured_media":39518,"comment_status":"open","ping_status":"open","sticky":false,"template":"","format":"standard","meta":{"_jetpack_memberships_contains_paid_content":false,"footnotes":""},"categories":[375],"tags":[271,8286],"class_list":["post-39517","post","type-post","status-publish","format-standard","has-post-thumbnail","hentry","category-actualites","tag-cheikh-oumar-diagne","tag-fausses-nouvelles","entry","has-media","owp-thumbs-layout-horizontal","owp-btn-normal","owp-tabs-layout-horizontal","has-no-thumbnails","has-product-nav"],"yoast_head":"<!-- This site is optimized with the Yoast SEO plugin v25.5 - https:\/\/yoast.com\/wordpress\/plugins\/seo\/ -->\n<title>Affaire des fausses nouvelles :\u00a0Cheikh Oumar Diagne\u00a0reconnu coupable - LE PUBLIC<\/title>\n<meta name=\"robots\" content=\"index, follow, max-snippet:-1, max-image-preview:large, max-video-preview:-1\" \/>\n<link rel=\"canonical\" href=\"https:\/\/www.public.sn\/index.php\/2026\/03\/11\/affaire-des-fausses-nouvelles-cheikh-oumar-diagne-reconnu-coupable\/\" \/>\n<meta property=\"og:locale\" content=\"fr_FR\" \/>\n<meta property=\"og:type\" content=\"article\" \/>\n<meta property=\"og:title\" content=\"Affaire des fausses nouvelles :\u00a0Cheikh Oumar Diagne\u00a0reconnu coupable - LE PUBLIC\" \/>\n<meta property=\"og:description\" content=\"Le leader du Rassemblement pour la v\u00e9rit\u00e9 (RPV),&nbsp;Cheikh Oumar Diagne, a \u00e9t\u00e9 jug\u00e9 ce mercredi 11 mars 2026 devant le tribunal des flagrants d\u00e9lits de&nbsp;Dakar&nbsp;pour diffusion de fausses nouvelles. \u00c0 l\u2019issue des d\u00e9bats, il a \u00e9t\u00e9 reconnu coupable des faits qui lui sont reproch\u00e9s et condamn\u00e9 \u00e0 une&nbsp;amende ferme de 500 000 FCFA. Le pr\u00e9venu, qui conteste les accusations, avait \u00e9t\u00e9 interpell\u00e9 \u00e0 la suite de d\u00e9clarations faites lors d\u2019une \u00e9mission t\u00e9l\u00e9vis\u00e9e sur&nbsp;SenTV. Les propos portaient sur la mort de l\u2019\u00e9tudiant Abdoulaye Ba lors de manifestations \u00e0 l\u2019Universit\u00e9 Cheikh Anta Diop de Dakar&nbsp;(UCAD). Au cours de l\u2019\u00e9mission, l\u2019enseignant-chercheur avait affirm\u00e9 que le Premier ministre&nbsp;Ousmane Sonko&nbsp;\u00ab a donn\u00e9 l\u2019ordre de tuer l\u2019\u00e9tudiant \u00bb. \u00c0 la barre, Cheikh Oumar Diagne est revenu sur ses propos, expliquant qu\u2019il intervenait dans l\u2019\u00e9mission en tant qu\u2019acteur politique pour commenter l\u2019actualit\u00e9. Selon lui, ses d\u00e9clarations faisaient r\u00e9f\u00e9rence \u00e0 une intervention du Premier ministre \u00e0 l\u2019Assembl\u00e9e nationale, au cours de laquelle celui-ci avait reconnu avoir donn\u00e9 l\u2019ordre aux forces de d\u00e9fense et de s\u00e9curit\u00e9 d\u2019entrer dans l\u2019enceinte de l\u2019universit\u00e9. \u00ab J\u2019ai voulu dire qu\u2019il a indirectement donn\u00e9 l\u2019ordre qui a conduit \u00e0 la mort de l\u2019\u00e9tudiant \u00bb, a-t-il pr\u00e9cis\u00e9. Il a \u00e9galement soutenu que l\u2019\u00e9tudiant serait d\u00e9c\u00e9d\u00e9 \u00e0 la suite de l\u2019intervention des forces de d\u00e9fense et de s\u00e9curit\u00e9 sur le campus. \u00ab Je suis tr\u00e8s respectueux des institutions. Je ne pense pas que mes propos jettent le discr\u00e9dit sur elles \u00bb, a-t-il ajout\u00e9. Poursuivant ses explications, il a indiqu\u00e9 qu\u2019il souhaitait souligner la responsabilit\u00e9 morale et politique de l\u2019autorit\u00e9 ayant ordonn\u00e9 l\u2019intervention. \u00ab Le Premier ministre a assum\u00e9 avoir donn\u00e9 cet ordre. J\u2019ai voulu dire que nous savons d\u00e9sormais qui l\u2019a donn\u00e9 \u00bb, a-t-il d\u00e9clar\u00e9, rappelant qu\u2019il y a trois ans, certains responsables politiques affirmaient que les \u00e9v\u00e9nements survenus \u00e0 l\u2019universit\u00e9 se d\u00e9roulaient \u00ab dans le dos \u00bb de l\u2019ancien pr\u00e9sident&nbsp;Macky Sall. Dans ses r\u00e9quisitions, le procureur de la R\u00e9publique a estim\u00e9 que les faits de diffusion de fausses nouvelles \u00e9taient \u00e9tablis. Le minist\u00e8re public avait requis&nbsp;six mois d\u2019emprisonnement avec sursis&nbsp;ainsi qu\u2019une&nbsp;amende de 500 000 FCFA. La d\u00e9fense, assur\u00e9e par Mes Sayba Danfakha et Hosni Maati du barreau de Paris, a plaid\u00e9 la relaxe pure et simple. Me Danfakha s\u2019est appuy\u00e9 sur l\u2019article 255 du Code p\u00e9nal, soutenant que les propos incrimin\u00e9s ne constituent pas une \u00ab nouvelle \u00bb au sens de la loi et que leur caract\u00e8re faux n\u2019a pas \u00e9t\u00e9 d\u00e9montr\u00e9. Me Maati a, pour sa part, affirm\u00e9 que les d\u00e9clarations de son client avaient \u00e9t\u00e9 tronqu\u00e9es, versant une jurisprudence au dossier. Apr\u00e8s en avoir d\u00e9lib\u00e9r\u00e9, le tribunal a finalement d\u00e9clar\u00e9 Cheikh Oumar Diagne coupable du d\u00e9lit de diffusion de fausses nouvelles et l\u2019a condamn\u00e9 \u00e0 une&nbsp;amende ferme de 500 000 FCFA.\" \/>\n<meta property=\"og:url\" content=\"https:\/\/www.public.sn\/index.php\/2026\/03\/11\/affaire-des-fausses-nouvelles-cheikh-oumar-diagne-reconnu-coupable\/\" \/>\n<meta property=\"og:site_name\" content=\"LE PUBLIC\" \/>\n<meta property=\"article:published_time\" content=\"2026-03-11T12:45:19+00:00\" \/>\n<meta property=\"article:modified_time\" content=\"2026-03-11T12:45:29+00:00\" \/>\n<meta property=\"og:image\" content=\"https:\/\/www.public.sn\/wp-content\/uploads\/2026\/03\/Capture-decran-2026-03-11-a-12.44.23.png\" \/>\n\t<meta property=\"og:image:width\" content=\"744\" \/>\n\t<meta property=\"og:image:height\" content=\"418\" \/>\n\t<meta property=\"og:image:type\" content=\"image\/png\" \/>\n<meta name=\"author\" content=\"LA REDACTION\" \/>\n<meta name=\"twitter:card\" content=\"summary_large_image\" \/>\n<meta name=\"twitter:label1\" content=\"\u00c9crit par\" \/>\n\t<meta name=\"twitter:data1\" content=\"LA REDACTION\" \/>\n\t<meta name=\"twitter:label2\" content=\"Dur\u00e9e de lecture estim\u00e9e\" \/>\n\t<meta name=\"twitter:data2\" content=\"3 minutes\" \/>\n<script type=\"application\/ld+json\" class=\"yoast-schema-graph\">{\"@context\":\"https:\/\/schema.org\",\"@graph\":[{\"@type\":\"Article\",\"@id\":\"https:\/\/www.public.sn\/index.php\/2026\/03\/11\/affaire-des-fausses-nouvelles-cheikh-oumar-diagne-reconnu-coupable\/#article\",\"isPartOf\":{\"@id\":\"https:\/\/www.public.sn\/index.php\/2026\/03\/11\/affaire-des-fausses-nouvelles-cheikh-oumar-diagne-reconnu-coupable\/\"},\"author\":{\"name\":\"LA REDACTION\",\"@id\":\"https:\/\/www.public.sn\/#\/schema\/person\/cb76c8e1b8becc6be61fb5e92d6d0224\"},\"headline\":\"Affaire des fausses nouvelles :\u00a0Cheikh Oumar Diagne\u00a0reconnu coupable\",\"datePublished\":\"2026-03-11T12:45:19+00:00\",\"dateModified\":\"2026-03-11T12:45:29+00:00\",\"mainEntityOfPage\":{\"@id\":\"https:\/\/www.public.sn\/index.php\/2026\/03\/11\/affaire-des-fausses-nouvelles-cheikh-oumar-diagne-reconnu-coupable\/\"},\"wordCount\":531,\"commentCount\":0,\"publisher\":{\"@id\":\"https:\/\/www.public.sn\/#organization\"},\"image\":{\"@id\":\"https:\/\/www.public.sn\/index.php\/2026\/03\/11\/affaire-des-fausses-nouvelles-cheikh-oumar-diagne-reconnu-coupable\/#primaryimage\"},\"thumbnailUrl\":\"https:\/\/www.public.sn\/wp-content\/uploads\/2026\/03\/Capture-decran-2026-03-11-a-12.44.23.png\",\"keywords\":[\"Cheikh Oumar Diagne\",\"fausses nouvelles\"],\"articleSection\":[\"ACTUALIT\u00c9S\"],\"inLanguage\":\"fr-FR\",\"potentialAction\":[{\"@type\":\"CommentAction\",\"name\":\"Comment\",\"target\":[\"https:\/\/www.public.sn\/index.php\/2026\/03\/11\/affaire-des-fausses-nouvelles-cheikh-oumar-diagne-reconnu-coupable\/#respond\"]}]},{\"@type\":\"WebPage\",\"@id\":\"https:\/\/www.public.sn\/index.php\/2026\/03\/11\/affaire-des-fausses-nouvelles-cheikh-oumar-diagne-reconnu-coupable\/\",\"url\":\"https:\/\/www.public.sn\/index.php\/2026\/03\/11\/affaire-des-fausses-nouvelles-cheikh-oumar-diagne-reconnu-coupable\/\",\"name\":\"Affaire des fausses nouvelles :\u00a0Cheikh Oumar Diagne\u00a0reconnu coupable - LE PUBLIC\",\"isPartOf\":{\"@id\":\"https:\/\/www.public.sn\/#website\"},\"primaryImageOfPage\":{\"@id\":\"https:\/\/www.public.sn\/index.php\/2026\/03\/11\/affaire-des-fausses-nouvelles-cheikh-oumar-diagne-reconnu-coupable\/#primaryimage\"},\"image\":{\"@id\":\"https:\/\/www.public.sn\/index.php\/2026\/03\/11\/affaire-des-fausses-nouvelles-cheikh-oumar-diagne-reconnu-coupable\/#primaryimage\"},\"thumbnailUrl\":\"https:\/\/www.public.sn\/wp-content\/uploads\/2026\/03\/Capture-decran-2026-03-11-a-12.44.23.png\",\"datePublished\":\"2026-03-11T12:45:19+00:00\",\"dateModified\":\"2026-03-11T12:45:29+00:00\",\"breadcrumb\":{\"@id\":\"https:\/\/www.public.sn\/index.php\/2026\/03\/11\/affaire-des-fausses-nouvelles-cheikh-oumar-diagne-reconnu-coupable\/#breadcrumb\"},\"inLanguage\":\"fr-FR\",\"potentialAction\":[{\"@type\":\"ReadAction\",\"target\":[\"https:\/\/www.public.sn\/index.php\/2026\/03\/11\/affaire-des-fausses-nouvelles-cheikh-oumar-diagne-reconnu-coupable\/\"]}]},{\"@type\":\"ImageObject\",\"inLanguage\":\"fr-FR\",\"@id\":\"https:\/\/www.public.sn\/index.php\/2026\/03\/11\/affaire-des-fausses-nouvelles-cheikh-oumar-diagne-reconnu-coupable\/#primaryimage\",\"url\":\"https:\/\/www.public.sn\/wp-content\/uploads\/2026\/03\/Capture-decran-2026-03-11-a-12.44.23.png\",\"contentUrl\":\"https:\/\/www.public.sn\/wp-content\/uploads\/2026\/03\/Capture-decran-2026-03-11-a-12.44.23.png\",\"width\":744,\"height\":418},{\"@type\":\"BreadcrumbList\",\"@id\":\"https:\/\/www.public.sn\/index.php\/2026\/03\/11\/affaire-des-fausses-nouvelles-cheikh-oumar-diagne-reconnu-coupable\/#breadcrumb\",\"itemListElement\":[{\"@type\":\"ListItem\",\"position\":1,\"name\":\"Accueil\",\"item\":\"https:\/\/www.public.sn\/\"},{\"@type\":\"ListItem\",\"position\":2,\"name\":\"Affaire des fausses nouvelles :\u00a0Cheikh Oumar Diagne\u00a0reconnu coupable\"}]},{\"@type\":\"WebSite\",\"@id\":\"https:\/\/www.public.sn\/#website\",\"url\":\"https:\/\/www.public.sn\/\",\"name\":\"LE PUBLIC\",\"description\":\"\",\"publisher\":{\"@id\":\"https:\/\/www.public.sn\/#organization\"},\"potentialAction\":[{\"@type\":\"SearchAction\",\"target\":{\"@type\":\"EntryPoint\",\"urlTemplate\":\"https:\/\/www.public.sn\/?s={search_term_string}\"},\"query-input\":{\"@type\":\"PropertyValueSpecification\",\"valueRequired\":true,\"valueName\":\"search_term_string\"}}],\"inLanguage\":\"fr-FR\"},{\"@type\":\"Organization\",\"@id\":\"https:\/\/www.public.sn\/#organization\",\"name\":\"LE PUBLIC\",\"url\":\"https:\/\/www.public.sn\/\",\"logo\":{\"@type\":\"ImageObject\",\"inLanguage\":\"fr-FR\",\"@id\":\"https:\/\/www.public.sn\/#\/schema\/logo\/image\/\",\"url\":\"https:\/\/www.public.sn\/wp-content\/uploads\/2024\/05\/cropped-LOGO-PUBLIC.SN_.png\",\"contentUrl\":\"https:\/\/www.public.sn\/wp-content\/uploads\/2024\/05\/cropped-LOGO-PUBLIC.SN_.png\",\"width\":682,\"height\":192,\"caption\":\"LE PUBLIC\"},\"image\":{\"@id\":\"https:\/\/www.public.sn\/#\/schema\/logo\/image\/\"}},{\"@type\":\"Person\",\"@id\":\"https:\/\/www.public.sn\/#\/schema\/person\/cb76c8e1b8becc6be61fb5e92d6d0224\",\"name\":\"LA REDACTION\",\"image\":{\"@type\":\"ImageObject\",\"inLanguage\":\"fr-FR\",\"@id\":\"https:\/\/www.public.sn\/#\/schema\/person\/image\/\",\"url\":\"https:\/\/secure.gravatar.com\/avatar\/2dce5ddd34b8fef0180efe03aa2a9bee7d953856048f9a16b298190a3178407c?s=96&d=mm&r=g\",\"contentUrl\":\"https:\/\/secure.gravatar.com\/avatar\/2dce5ddd34b8fef0180efe03aa2a9bee7d953856048f9a16b298190a3178407c?s=96&d=mm&r=g\",\"caption\":\"LA REDACTION\"},\"url\":\"https:\/\/www.public.sn\/index.php\/author\/editeurpsn\/\"}]}<\/script>\n<!-- \/ Yoast SEO plugin. -->","yoast_head_json":{"title":"Affaire des fausses nouvelles :\u00a0Cheikh Oumar Diagne\u00a0reconnu coupable - LE PUBLIC","robots":{"index":"index","follow":"follow","max-snippet":"max-snippet:-1","max-image-preview":"max-image-preview:large","max-video-preview":"max-video-preview:-1"},"canonical":"https:\/\/www.public.sn\/index.php\/2026\/03\/11\/affaire-des-fausses-nouvelles-cheikh-oumar-diagne-reconnu-coupable\/","og_locale":"fr_FR","og_type":"article","og_title":"Affaire des fausses nouvelles :\u00a0Cheikh Oumar Diagne\u00a0reconnu coupable - LE PUBLIC","og_description":"Le leader du Rassemblement pour la v\u00e9rit\u00e9 (RPV),&nbsp;Cheikh Oumar Diagne, a \u00e9t\u00e9 jug\u00e9 ce mercredi 11 mars 2026 devant le tribunal des flagrants d\u00e9lits de&nbsp;Dakar&nbsp;pour diffusion de fausses nouvelles. \u00c0 l\u2019issue des d\u00e9bats, il a \u00e9t\u00e9 reconnu coupable des faits qui lui sont reproch\u00e9s et condamn\u00e9 \u00e0 une&nbsp;amende ferme de 500 000 FCFA. Le pr\u00e9venu, qui conteste les accusations, avait \u00e9t\u00e9 interpell\u00e9 \u00e0 la suite de d\u00e9clarations faites lors d\u2019une \u00e9mission t\u00e9l\u00e9vis\u00e9e sur&nbsp;SenTV. Les propos portaient sur la mort de l\u2019\u00e9tudiant Abdoulaye Ba lors de manifestations \u00e0 l\u2019Universit\u00e9 Cheikh Anta Diop de Dakar&nbsp;(UCAD). Au cours de l\u2019\u00e9mission, l\u2019enseignant-chercheur avait affirm\u00e9 que le Premier ministre&nbsp;Ousmane Sonko&nbsp;\u00ab a donn\u00e9 l\u2019ordre de tuer l\u2019\u00e9tudiant \u00bb. \u00c0 la barre, Cheikh Oumar Diagne est revenu sur ses propos, expliquant qu\u2019il intervenait dans l\u2019\u00e9mission en tant qu\u2019acteur politique pour commenter l\u2019actualit\u00e9. Selon lui, ses d\u00e9clarations faisaient r\u00e9f\u00e9rence \u00e0 une intervention du Premier ministre \u00e0 l\u2019Assembl\u00e9e nationale, au cours de laquelle celui-ci avait reconnu avoir donn\u00e9 l\u2019ordre aux forces de d\u00e9fense et de s\u00e9curit\u00e9 d\u2019entrer dans l\u2019enceinte de l\u2019universit\u00e9. \u00ab J\u2019ai voulu dire qu\u2019il a indirectement donn\u00e9 l\u2019ordre qui a conduit \u00e0 la mort de l\u2019\u00e9tudiant \u00bb, a-t-il pr\u00e9cis\u00e9. Il a \u00e9galement soutenu que l\u2019\u00e9tudiant serait d\u00e9c\u00e9d\u00e9 \u00e0 la suite de l\u2019intervention des forces de d\u00e9fense et de s\u00e9curit\u00e9 sur le campus. \u00ab Je suis tr\u00e8s respectueux des institutions. Je ne pense pas que mes propos jettent le discr\u00e9dit sur elles \u00bb, a-t-il ajout\u00e9. Poursuivant ses explications, il a indiqu\u00e9 qu\u2019il souhaitait souligner la responsabilit\u00e9 morale et politique de l\u2019autorit\u00e9 ayant ordonn\u00e9 l\u2019intervention. \u00ab Le Premier ministre a assum\u00e9 avoir donn\u00e9 cet ordre. J\u2019ai voulu dire que nous savons d\u00e9sormais qui l\u2019a donn\u00e9 \u00bb, a-t-il d\u00e9clar\u00e9, rappelant qu\u2019il y a trois ans, certains responsables politiques affirmaient que les \u00e9v\u00e9nements survenus \u00e0 l\u2019universit\u00e9 se d\u00e9roulaient \u00ab dans le dos \u00bb de l\u2019ancien pr\u00e9sident&nbsp;Macky Sall. Dans ses r\u00e9quisitions, le procureur de la R\u00e9publique a estim\u00e9 que les faits de diffusion de fausses nouvelles \u00e9taient \u00e9tablis. Le minist\u00e8re public avait requis&nbsp;six mois d\u2019emprisonnement avec sursis&nbsp;ainsi qu\u2019une&nbsp;amende de 500 000 FCFA. La d\u00e9fense, assur\u00e9e par Mes Sayba Danfakha et Hosni Maati du barreau de Paris, a plaid\u00e9 la relaxe pure et simple. Me Danfakha s\u2019est appuy\u00e9 sur l\u2019article 255 du Code p\u00e9nal, soutenant que les propos incrimin\u00e9s ne constituent pas une \u00ab nouvelle \u00bb au sens de la loi et que leur caract\u00e8re faux n\u2019a pas \u00e9t\u00e9 d\u00e9montr\u00e9. Me Maati a, pour sa part, affirm\u00e9 que les d\u00e9clarations de son client avaient \u00e9t\u00e9 tronqu\u00e9es, versant une jurisprudence au dossier. Apr\u00e8s en avoir d\u00e9lib\u00e9r\u00e9, le tribunal a finalement d\u00e9clar\u00e9 Cheikh Oumar Diagne coupable du d\u00e9lit de diffusion de fausses nouvelles et l\u2019a condamn\u00e9 \u00e0 une&nbsp;amende ferme de 500 000 FCFA.","og_url":"https:\/\/www.public.sn\/index.php\/2026\/03\/11\/affaire-des-fausses-nouvelles-cheikh-oumar-diagne-reconnu-coupable\/","og_site_name":"LE PUBLIC","article_published_time":"2026-03-11T12:45:19+00:00","article_modified_time":"2026-03-11T12:45:29+00:00","og_image":[{"width":744,"height":418,"url":"https:\/\/www.public.sn\/wp-content\/uploads\/2026\/03\/Capture-decran-2026-03-11-a-12.44.23.png","type":"image\/png"}],"author":"LA REDACTION","twitter_card":"summary_large_image","twitter_misc":{"\u00c9crit par":"LA REDACTION","Dur\u00e9e de lecture estim\u00e9e":"3 minutes"},"schema":{"@context":"https:\/\/schema.org","@graph":[{"@type":"Article","@id":"https:\/\/www.public.sn\/index.php\/2026\/03\/11\/affaire-des-fausses-nouvelles-cheikh-oumar-diagne-reconnu-coupable\/#article","isPartOf":{"@id":"https:\/\/www.public.sn\/index.php\/2026\/03\/11\/affaire-des-fausses-nouvelles-cheikh-oumar-diagne-reconnu-coupable\/"},"author":{"name":"LA REDACTION","@id":"https:\/\/www.public.sn\/#\/schema\/person\/cb76c8e1b8becc6be61fb5e92d6d0224"},"headline":"Affaire des fausses nouvelles :\u00a0Cheikh Oumar Diagne\u00a0reconnu coupable","datePublished":"2026-03-11T12:45:19+00:00","dateModified":"2026-03-11T12:45:29+00:00","mainEntityOfPage":{"@id":"https:\/\/www.public.sn\/index.php\/2026\/03\/11\/affaire-des-fausses-nouvelles-cheikh-oumar-diagne-reconnu-coupable\/"},"wordCount":531,"commentCount":0,"publisher":{"@id":"https:\/\/www.public.sn\/#organization"},"image":{"@id":"https:\/\/www.public.sn\/index.php\/2026\/03\/11\/affaire-des-fausses-nouvelles-cheikh-oumar-diagne-reconnu-coupable\/#primaryimage"},"thumbnailUrl":"https:\/\/www.public.sn\/wp-content\/uploads\/2026\/03\/Capture-decran-2026-03-11-a-12.44.23.png","keywords":["Cheikh Oumar Diagne","fausses nouvelles"],"articleSection":["ACTUALIT\u00c9S"],"inLanguage":"fr-FR","potentialAction":[{"@type":"CommentAction","name":"Comment","target":["https:\/\/www.public.sn\/index.php\/2026\/03\/11\/affaire-des-fausses-nouvelles-cheikh-oumar-diagne-reconnu-coupable\/#respond"]}]},{"@type":"WebPage","@id":"https:\/\/www.public.sn\/index.php\/2026\/03\/11\/affaire-des-fausses-nouvelles-cheikh-oumar-diagne-reconnu-coupable\/","url":"https:\/\/www.public.sn\/index.php\/2026\/03\/11\/affaire-des-fausses-nouvelles-cheikh-oumar-diagne-reconnu-coupable\/","name":"Affaire des fausses nouvelles :\u00a0Cheikh Oumar Diagne\u00a0reconnu coupable - LE PUBLIC","isPartOf":{"@id":"https:\/\/www.public.sn\/#website"},"primaryImageOfPage":{"@id":"https:\/\/www.public.sn\/index.php\/2026\/03\/11\/affaire-des-fausses-nouvelles-cheikh-oumar-diagne-reconnu-coupable\/#primaryimage"},"image":{"@id":"https:\/\/www.public.sn\/index.php\/2026\/03\/11\/affaire-des-fausses-nouvelles-cheikh-oumar-diagne-reconnu-coupable\/#primaryimage"},"thumbnailUrl":"https:\/\/www.public.sn\/wp-content\/uploads\/2026\/03\/Capture-decran-2026-03-11-a-12.44.23.png","datePublished":"2026-03-11T12:45:19+00:00","dateModified":"2026-03-11T12:45:29+00:00","breadcrumb":{"@id":"https:\/\/www.public.sn\/index.php\/2026\/03\/11\/affaire-des-fausses-nouvelles-cheikh-oumar-diagne-reconnu-coupable\/#breadcrumb"},"inLanguage":"fr-FR","potentialAction":[{"@type":"ReadAction","target":["https:\/\/www.public.sn\/index.php\/2026\/03\/11\/affaire-des-fausses-nouvelles-cheikh-oumar-diagne-reconnu-coupable\/"]}]},{"@type":"ImageObject","inLanguage":"fr-FR","@id":"https:\/\/www.public.sn\/index.php\/2026\/03\/11\/affaire-des-fausses-nouvelles-cheikh-oumar-diagne-reconnu-coupable\/#primaryimage","url":"https:\/\/www.public.sn\/wp-content\/uploads\/2026\/03\/Capture-decran-2026-03-11-a-12.44.23.png","contentUrl":"https:\/\/www.public.sn\/wp-content\/uploads\/2026\/03\/Capture-decran-2026-03-11-a-12.44.23.png","width":744,"height":418},{"@type":"BreadcrumbList","@id":"https:\/\/www.public.sn\/index.php\/2026\/03\/11\/affaire-des-fausses-nouvelles-cheikh-oumar-diagne-reconnu-coupable\/#breadcrumb","itemListElement":[{"@type":"ListItem","position":1,"name":"Accueil","item":"https:\/\/www.public.sn\/"},{"@type":"ListItem","position":2,"name":"Affaire des fausses nouvelles :\u00a0Cheikh Oumar Diagne\u00a0reconnu coupable"}]},{"@type":"WebSite","@id":"https:\/\/www.public.sn\/#website","url":"https:\/\/www.public.sn\/","name":"LE PUBLIC","description":"","publisher":{"@id":"https:\/\/www.public.sn\/#organization"},"potentialAction":[{"@type":"SearchAction","target":{"@type":"EntryPoint","urlTemplate":"https:\/\/www.public.sn\/?s={search_term_string}"},"query-input":{"@type":"PropertyValueSpecification","valueRequired":true,"valueName":"search_term_string"}}],"inLanguage":"fr-FR"},{"@type":"Organization","@id":"https:\/\/www.public.sn\/#organization","name":"LE PUBLIC","url":"https:\/\/www.public.sn\/","logo":{"@type":"ImageObject","inLanguage":"fr-FR","@id":"https:\/\/www.public.sn\/#\/schema\/logo\/image\/","url":"https:\/\/www.public.sn\/wp-content\/uploads\/2024\/05\/cropped-LOGO-PUBLIC.SN_.png","contentUrl":"https:\/\/www.public.sn\/wp-content\/uploads\/2024\/05\/cropped-LOGO-PUBLIC.SN_.png","width":682,"height":192,"caption":"LE PUBLIC"},"image":{"@id":"https:\/\/www.public.sn\/#\/schema\/logo\/image\/"}},{"@type":"Person","@id":"https:\/\/www.public.sn\/#\/schema\/person\/cb76c8e1b8becc6be61fb5e92d6d0224","name":"LA REDACTION","image":{"@type":"ImageObject","inLanguage":"fr-FR","@id":"https:\/\/www.public.sn\/#\/schema\/person\/image\/","url":"https:\/\/secure.gravatar.com\/avatar\/2dce5ddd34b8fef0180efe03aa2a9bee7d953856048f9a16b298190a3178407c?s=96&d=mm&r=g","contentUrl":"https:\/\/secure.gravatar.com\/avatar\/2dce5ddd34b8fef0180efe03aa2a9bee7d953856048f9a16b298190a3178407c?s=96&d=mm&r=g","caption":"LA REDACTION"},"url":"https:\/\/www.public.sn\/index.php\/author\/editeurpsn\/"}]}},"jetpack_featured_media_url":"https:\/\/www.public.sn\/wp-content\/uploads\/2026\/03\/Capture-decran-2026-03-11-a-12.44.23.png","jetpack_sharing_enabled":true,"_links":{"self":[{"href":"https:\/\/www.public.sn\/index.php\/wp-json\/wp\/v2\/posts\/39517","targetHints":{"allow":["GET"]}}],"collection":[{"href":"https:\/\/www.public.sn\/index.php\/wp-json\/wp\/v2\/posts"}],"about":[{"href":"https:\/\/www.public.sn\/index.php\/wp-json\/wp\/v2\/types\/post"}],"author":[{"embeddable":true,"href":"https:\/\/www.public.sn\/index.php\/wp-json\/wp\/v2\/users\/7"}],"replies":[{"embeddable":true,"href":"https:\/\/www.public.sn\/index.php\/wp-json\/wp\/v2\/comments?post=39517"}],"version-history":[{"count":1,"href":"https:\/\/www.public.sn\/index.php\/wp-json\/wp\/v2\/posts\/39517\/revisions"}],"predecessor-version":[{"id":39519,"href":"https:\/\/www.public.sn\/index.php\/wp-json\/wp\/v2\/posts\/39517\/revisions\/39519"}],"wp:featuredmedia":[{"embeddable":true,"href":"https:\/\/www.public.sn\/index.php\/wp-json\/wp\/v2\/media\/39518"}],"wp:attachment":[{"href":"https:\/\/www.public.sn\/index.php\/wp-json\/wp\/v2\/media?parent=39517"}],"wp:term":[{"taxonomy":"category","embeddable":true,"href":"https:\/\/www.public.sn\/index.php\/wp-json\/wp\/v2\/categories?post=39517"},{"taxonomy":"post_tag","embeddable":true,"href":"https:\/\/www.public.sn\/index.php\/wp-json\/wp\/v2\/tags?post=39517"}],"curies":[{"name":"wp","href":"https:\/\/api.w.org\/{rel}","templated":true}]}}