{"id":39520,"date":"2026-03-11T18:50:18","date_gmt":"2026-03-11T18:50:18","guid":{"rendered":"https:\/\/www.public.sn\/?p=39520"},"modified":"2026-03-11T18:50:30","modified_gmt":"2026-03-11T18:50:30","slug":"dakar-azoura-fall-admis-en-psychiatrie-son-ami-place-sous-mandat-de-depot","status":"publish","type":"post","link":"https:\/\/www.public.sn\/index.php\/2026\/03\/11\/dakar-azoura-fall-admis-en-psychiatrie-son-ami-place-sous-mandat-de-depot\/","title":{"rendered":"Dakar : Azoura Fall admis en psychiatrie, son ami plac\u00e9 sous mandat de d\u00e9p\u00f4t"},"content":{"rendered":"\n<p>Sur avis du pr\u00e9sident du Tribunal de grande instance hors classe de Dakar, le procureur de la R\u00e9publique a ordonn\u00e9 l\u2019internement du militant de Pastef, Assane Fall, dit \u00ab Azoura \u00bb, au centre psychiatrique de Thiaroye.<\/p><div class=\"publi-paragraphe1\" style=\"margin-top: 10px;margin-bottom: 10px;margin-left: auto;margin-right: auto;text-align: center;\" id=\"publi-1799901661\"><div class=\"publi-adlabel\">Publicit\u00e9<\/div><script async src=\"\/\/pagead2.googlesyndication.com\/pagead\/js\/adsbygoogle.js?client=ca-pub-4089586018074219\" crossorigin=\"anonymous\"><\/script><ins class=\"adsbygoogle\" style=\"display:block;\" data-ad-client=\"ca-pub-4089586018074219\" \ndata-ad-slot=\"2087940154\" \ndata-ad-format=\"auto\"><\/ins>\n<script> \n(adsbygoogle = window.adsbygoogle || []).push({}); \n<\/script>\n<\/div>\n\n\n\n<p>Quant \u00e0 son ami, Serigne Saliou Fall, il a \u00e9t\u00e9 plac\u00e9 sous mandat de d\u00e9p\u00f4t. Le pr\u00e9venu doit compara\u00eetre ce vendredi devant le tribunal des flagrants d\u00e9lits de Dakar pour abandon de v\u00e9hicule \u00e0 un tiers non titulaire d\u2019un permis de conduire, ainsi que pour complicit\u00e9 de coups et blessures involontaires.<\/p>\n<div class=\"publi-apres-le-contenu\" style=\"margin-top: 10px;margin-bottom: 10px;margin-left: auto;margin-right: auto;text-align: center;\" id=\"publi-3993449438\"><div class=\"publi-adlabel\">Publicit\u00e9<\/div><script async src=\"\/\/pagead2.googlesyndication.com\/pagead\/js\/adsbygoogle.js?client=ca-pub-4089586018074219\" crossorigin=\"anonymous\"><\/script><ins class=\"adsbygoogle\" style=\"display:block;\" data-ad-client=\"ca-pub-4089586018074219\" \ndata-ad-slot=\"2087940154\" \ndata-ad-format=\"auto\"><\/ins>\n<script> \n(adsbygoogle = window.adsbygoogle || []).push({}); \n<\/script>\n<\/div>","protected":false},"excerpt":{"rendered":"<p>Sur avis du pr\u00e9sident du Tribunal de grande instance hors classe de Dakar, le procureur de la R\u00e9publique a ordonn\u00e9 l\u2019internement du militant de Pastef, Assane Fall, dit \u00ab Azoura \u00bb, au centre psychiatrique de Thiaroye. Quant \u00e0 son ami, Serigne Saliou Fall, il a \u00e9t\u00e9 plac\u00e9 sous mandat de d\u00e9p\u00f4t. Le pr\u00e9venu doit compara\u00eetre ce vendredi devant le tribunal des flagrants d\u00e9lits de Dakar pour abandon de v\u00e9hicule \u00e0 un tiers non titulaire d\u2019un permis de conduire, ainsi que pour complicit\u00e9 de coups et blessures involontaires.<\/p>\n","protected":false},"author":7,"featured_media":39521,"comment_status":"open","ping_status":"open","sticky":false,"template":"","format":"standard","meta":{"_jetpack_memberships_contains_paid_content":false,"footnotes":""},"categories":[375,1051,3724],"tags":[4371,8287],"class_list":["post-39520","post","type-post","status-publish","format-standard","has-post-thumbnail","hentry","category-actualites","category-drame","category-justice","tag-azoura-fall","tag-psychiatrie","entry","has-media","owp-thumbs-layout-horizontal","owp-btn-normal","owp-tabs-layout-horizontal","has-no-thumbnails","has-product-nav"],"yoast_head":"<!-- This site is optimized with the Yoast SEO plugin v25.5 - https:\/\/yoast.com\/wordpress\/plugins\/seo\/ -->\n<title>Dakar : Azoura Fall admis en psychiatrie, son ami plac\u00e9 sous mandat de d\u00e9p\u00f4t - LE PUBLIC<\/title>\n<meta name=\"robots\" content=\"index, follow, max-snippet:-1, max-image-preview:large, max-video-preview:-1\" \/>\n<link rel=\"canonical\" href=\"https:\/\/www.public.sn\/index.php\/2026\/03\/11\/dakar-azoura-fall-admis-en-psychiatrie-son-ami-place-sous-mandat-de-depot\/\" \/>\n<meta property=\"og:locale\" content=\"fr_FR\" \/>\n<meta property=\"og:type\" content=\"article\" \/>\n<meta property=\"og:title\" content=\"Dakar : Azoura Fall admis en psychiatrie, son ami plac\u00e9 sous mandat de d\u00e9p\u00f4t - LE PUBLIC\" \/>\n<meta property=\"og:description\" content=\"Sur avis du pr\u00e9sident du Tribunal de grande instance hors classe de Dakar, le procureur de la R\u00e9publique a ordonn\u00e9 l\u2019internement du militant de Pastef, Assane Fall, dit \u00ab Azoura \u00bb, au centre psychiatrique de Thiaroye. Quant \u00e0 son ami, Serigne Saliou Fall, il a \u00e9t\u00e9 plac\u00e9 sous mandat de d\u00e9p\u00f4t. Le pr\u00e9venu doit compara\u00eetre ce vendredi devant le tribunal des flagrants d\u00e9lits de Dakar pour abandon de v\u00e9hicule \u00e0 un tiers non titulaire d\u2019un permis de conduire, ainsi que pour complicit\u00e9 de coups et blessures involontaires.\" \/>\n<meta property=\"og:url\" content=\"https:\/\/www.public.sn\/index.php\/2026\/03\/11\/dakar-azoura-fall-admis-en-psychiatrie-son-ami-place-sous-mandat-de-depot\/\" \/>\n<meta property=\"og:site_name\" content=\"LE PUBLIC\" \/>\n<meta property=\"article:published_time\" content=\"2026-03-11T18:50:18+00:00\" \/>\n<meta property=\"article:modified_time\" content=\"2026-03-11T18:50:30+00:00\" \/>\n<meta property=\"og:image\" content=\"https:\/\/www.public.sn\/wp-content\/uploads\/2026\/03\/Capture-decran-2026-03-11-a-18.47.42.png\" \/>\n\t<meta property=\"og:image:width\" content=\"1134\" \/>\n\t<meta property=\"og:image:height\" content=\"634\" \/>\n\t<meta property=\"og:image:type\" content=\"image\/png\" \/>\n<meta name=\"author\" content=\"LA REDACTION\" \/>\n<meta name=\"twitter:card\" content=\"summary_large_image\" \/>\n<meta name=\"twitter:label1\" content=\"\u00c9crit par\" \/>\n\t<meta name=\"twitter:data1\" content=\"LA REDACTION\" \/>\n\t<meta name=\"twitter:label2\" content=\"Dur\u00e9e de lecture estim\u00e9e\" \/>\n\t<meta name=\"twitter:data2\" content=\"1 minute\" \/>\n<script type=\"application\/ld+json\" class=\"yoast-schema-graph\">{\"@context\":\"https:\/\/schema.org\",\"@graph\":[{\"@type\":\"Article\",\"@id\":\"https:\/\/www.public.sn\/index.php\/2026\/03\/11\/dakar-azoura-fall-admis-en-psychiatrie-son-ami-place-sous-mandat-de-depot\/#article\",\"isPartOf\":{\"@id\":\"https:\/\/www.public.sn\/index.php\/2026\/03\/11\/dakar-azoura-fall-admis-en-psychiatrie-son-ami-place-sous-mandat-de-depot\/\"},\"author\":{\"name\":\"LA REDACTION\",\"@id\":\"https:\/\/www.public.sn\/#\/schema\/person\/cb76c8e1b8becc6be61fb5e92d6d0224\"},\"headline\":\"Dakar : Azoura Fall admis en psychiatrie, son ami plac\u00e9 sous mandat de d\u00e9p\u00f4t\",\"datePublished\":\"2026-03-11T18:50:18+00:00\",\"dateModified\":\"2026-03-11T18:50:30+00:00\",\"mainEntityOfPage\":{\"@id\":\"https:\/\/www.public.sn\/index.php\/2026\/03\/11\/dakar-azoura-fall-admis-en-psychiatrie-son-ami-place-sous-mandat-de-depot\/\"},\"wordCount\":108,\"commentCount\":0,\"publisher\":{\"@id\":\"https:\/\/www.public.sn\/#organization\"},\"image\":{\"@id\":\"https:\/\/www.public.sn\/index.php\/2026\/03\/11\/dakar-azoura-fall-admis-en-psychiatrie-son-ami-place-sous-mandat-de-depot\/#primaryimage\"},\"thumbnailUrl\":\"https:\/\/www.public.sn\/wp-content\/uploads\/2026\/03\/Capture-decran-2026-03-11-a-18.47.42.png\",\"keywords\":[\"Azoura Fall\",\"psychiatrie\"],\"articleSection\":[\"ACTUALIT\u00c9S\",\"DRAME\",\"justice\"],\"inLanguage\":\"fr-FR\",\"potentialAction\":[{\"@type\":\"CommentAction\",\"name\":\"Comment\",\"target\":[\"https:\/\/www.public.sn\/index.php\/2026\/03\/11\/dakar-azoura-fall-admis-en-psychiatrie-son-ami-place-sous-mandat-de-depot\/#respond\"]}]},{\"@type\":\"WebPage\",\"@id\":\"https:\/\/www.public.sn\/index.php\/2026\/03\/11\/dakar-azoura-fall-admis-en-psychiatrie-son-ami-place-sous-mandat-de-depot\/\",\"url\":\"https:\/\/www.public.sn\/index.php\/2026\/03\/11\/dakar-azoura-fall-admis-en-psychiatrie-son-ami-place-sous-mandat-de-depot\/\",\"name\":\"Dakar : Azoura Fall admis en psychiatrie, son ami plac\u00e9 sous mandat de d\u00e9p\u00f4t - LE PUBLIC\",\"isPartOf\":{\"@id\":\"https:\/\/www.public.sn\/#website\"},\"primaryImageOfPage\":{\"@id\":\"https:\/\/www.public.sn\/index.php\/2026\/03\/11\/dakar-azoura-fall-admis-en-psychiatrie-son-ami-place-sous-mandat-de-depot\/#primaryimage\"},\"image\":{\"@id\":\"https:\/\/www.public.sn\/index.php\/2026\/03\/11\/dakar-azoura-fall-admis-en-psychiatrie-son-ami-place-sous-mandat-de-depot\/#primaryimage\"},\"thumbnailUrl\":\"https:\/\/www.public.sn\/wp-content\/uploads\/2026\/03\/Capture-decran-2026-03-11-a-18.47.42.png\",\"datePublished\":\"2026-03-11T18:50:18+00:00\",\"dateModified\":\"2026-03-11T18:50:30+00:00\",\"breadcrumb\":{\"@id\":\"https:\/\/www.public.sn\/index.php\/2026\/03\/11\/dakar-azoura-fall-admis-en-psychiatrie-son-ami-place-sous-mandat-de-depot\/#breadcrumb\"},\"inLanguage\":\"fr-FR\",\"potentialAction\":[{\"@type\":\"ReadAction\",\"target\":[\"https:\/\/www.public.sn\/index.php\/2026\/03\/11\/dakar-azoura-fall-admis-en-psychiatrie-son-ami-place-sous-mandat-de-depot\/\"]}]},{\"@type\":\"ImageObject\",\"inLanguage\":\"fr-FR\",\"@id\":\"https:\/\/www.public.sn\/index.php\/2026\/03\/11\/dakar-azoura-fall-admis-en-psychiatrie-son-ami-place-sous-mandat-de-depot\/#primaryimage\",\"url\":\"https:\/\/www.public.sn\/wp-content\/uploads\/2026\/03\/Capture-decran-2026-03-11-a-18.47.42.png\",\"contentUrl\":\"https:\/\/www.public.sn\/wp-content\/uploads\/2026\/03\/Capture-decran-2026-03-11-a-18.47.42.png\",\"width\":1134,\"height\":634},{\"@type\":\"BreadcrumbList\",\"@id\":\"https:\/\/www.public.sn\/index.php\/2026\/03\/11\/dakar-azoura-fall-admis-en-psychiatrie-son-ami-place-sous-mandat-de-depot\/#breadcrumb\",\"itemListElement\":[{\"@type\":\"ListItem\",\"position\":1,\"name\":\"Accueil\",\"item\":\"https:\/\/www.public.sn\/\"},{\"@type\":\"ListItem\",\"position\":2,\"name\":\"Dakar : Azoura Fall admis en psychiatrie, son ami plac\u00e9 sous mandat de d\u00e9p\u00f4t\"}]},{\"@type\":\"WebSite\",\"@id\":\"https:\/\/www.public.sn\/#website\",\"url\":\"https:\/\/www.public.sn\/\",\"name\":\"LE PUBLIC\",\"description\":\"\",\"publisher\":{\"@id\":\"https:\/\/www.public.sn\/#organization\"},\"potentialAction\":[{\"@type\":\"SearchAction\",\"target\":{\"@type\":\"EntryPoint\",\"urlTemplate\":\"https:\/\/www.public.sn\/?s={search_term_string}\"},\"query-input\":{\"@type\":\"PropertyValueSpecification\",\"valueRequired\":true,\"valueName\":\"search_term_string\"}}],\"inLanguage\":\"fr-FR\"},{\"@type\":\"Organization\",\"@id\":\"https:\/\/www.public.sn\/#organization\",\"name\":\"LE PUBLIC\",\"url\":\"https:\/\/www.public.sn\/\",\"logo\":{\"@type\":\"ImageObject\",\"inLanguage\":\"fr-FR\",\"@id\":\"https:\/\/www.public.sn\/#\/schema\/logo\/image\/\",\"url\":\"https:\/\/www.public.sn\/wp-content\/uploads\/2024\/05\/cropped-LOGO-PUBLIC.SN_.png\",\"contentUrl\":\"https:\/\/www.public.sn\/wp-content\/uploads\/2024\/05\/cropped-LOGO-PUBLIC.SN_.png\",\"width\":682,\"height\":192,\"caption\":\"LE PUBLIC\"},\"image\":{\"@id\":\"https:\/\/www.public.sn\/#\/schema\/logo\/image\/\"}},{\"@type\":\"Person\",\"@id\":\"https:\/\/www.public.sn\/#\/schema\/person\/cb76c8e1b8becc6be61fb5e92d6d0224\",\"name\":\"LA REDACTION\",\"image\":{\"@type\":\"ImageObject\",\"inLanguage\":\"fr-FR\",\"@id\":\"https:\/\/www.public.sn\/#\/schema\/person\/image\/\",\"url\":\"https:\/\/secure.gravatar.com\/avatar\/2dce5ddd34b8fef0180efe03aa2a9bee7d953856048f9a16b298190a3178407c?s=96&d=mm&r=g\",\"contentUrl\":\"https:\/\/secure.gravatar.com\/avatar\/2dce5ddd34b8fef0180efe03aa2a9bee7d953856048f9a16b298190a3178407c?s=96&d=mm&r=g\",\"caption\":\"LA REDACTION\"},\"url\":\"https:\/\/www.public.sn\/index.php\/author\/editeurpsn\/\"}]}<\/script>\n<!-- \/ Yoast SEO plugin. -->","yoast_head_json":{"title":"Dakar : Azoura Fall admis en psychiatrie, son ami plac\u00e9 sous mandat de d\u00e9p\u00f4t - LE PUBLIC","robots":{"index":"index","follow":"follow","max-snippet":"max-snippet:-1","max-image-preview":"max-image-preview:large","max-video-preview":"max-video-preview:-1"},"canonical":"https:\/\/www.public.sn\/index.php\/2026\/03\/11\/dakar-azoura-fall-admis-en-psychiatrie-son-ami-place-sous-mandat-de-depot\/","og_locale":"fr_FR","og_type":"article","og_title":"Dakar : Azoura Fall admis en psychiatrie, son ami plac\u00e9 sous mandat de d\u00e9p\u00f4t - LE PUBLIC","og_description":"Sur avis du pr\u00e9sident du Tribunal de grande instance hors classe de Dakar, le procureur de la R\u00e9publique a ordonn\u00e9 l\u2019internement du militant de Pastef, Assane Fall, dit \u00ab Azoura \u00bb, au centre psychiatrique de Thiaroye. Quant \u00e0 son ami, Serigne Saliou Fall, il a \u00e9t\u00e9 plac\u00e9 sous mandat de d\u00e9p\u00f4t. Le pr\u00e9venu doit compara\u00eetre ce vendredi devant le tribunal des flagrants d\u00e9lits de Dakar pour abandon de v\u00e9hicule \u00e0 un tiers non titulaire d\u2019un permis de conduire, ainsi que pour complicit\u00e9 de coups et blessures involontaires.","og_url":"https:\/\/www.public.sn\/index.php\/2026\/03\/11\/dakar-azoura-fall-admis-en-psychiatrie-son-ami-place-sous-mandat-de-depot\/","og_site_name":"LE PUBLIC","article_published_time":"2026-03-11T18:50:18+00:00","article_modified_time":"2026-03-11T18:50:30+00:00","og_image":[{"width":1134,"height":634,"url":"https:\/\/www.public.sn\/wp-content\/uploads\/2026\/03\/Capture-decran-2026-03-11-a-18.47.42.png","type":"image\/png"}],"author":"LA REDACTION","twitter_card":"summary_large_image","twitter_misc":{"\u00c9crit par":"LA REDACTION","Dur\u00e9e de lecture estim\u00e9e":"1 minute"},"schema":{"@context":"https:\/\/schema.org","@graph":[{"@type":"Article","@id":"https:\/\/www.public.sn\/index.php\/2026\/03\/11\/dakar-azoura-fall-admis-en-psychiatrie-son-ami-place-sous-mandat-de-depot\/#article","isPartOf":{"@id":"https:\/\/www.public.sn\/index.php\/2026\/03\/11\/dakar-azoura-fall-admis-en-psychiatrie-son-ami-place-sous-mandat-de-depot\/"},"author":{"name":"LA REDACTION","@id":"https:\/\/www.public.sn\/#\/schema\/person\/cb76c8e1b8becc6be61fb5e92d6d0224"},"headline":"Dakar : Azoura Fall admis en psychiatrie, son ami plac\u00e9 sous mandat de d\u00e9p\u00f4t","datePublished":"2026-03-11T18:50:18+00:00","dateModified":"2026-03-11T18:50:30+00:00","mainEntityOfPage":{"@id":"https:\/\/www.public.sn\/index.php\/2026\/03\/11\/dakar-azoura-fall-admis-en-psychiatrie-son-ami-place-sous-mandat-de-depot\/"},"wordCount":108,"commentCount":0,"publisher":{"@id":"https:\/\/www.public.sn\/#organization"},"image":{"@id":"https:\/\/www.public.sn\/index.php\/2026\/03\/11\/dakar-azoura-fall-admis-en-psychiatrie-son-ami-place-sous-mandat-de-depot\/#primaryimage"},"thumbnailUrl":"https:\/\/www.public.sn\/wp-content\/uploads\/2026\/03\/Capture-decran-2026-03-11-a-18.47.42.png","keywords":["Azoura Fall","psychiatrie"],"articleSection":["ACTUALIT\u00c9S","DRAME","justice"],"inLanguage":"fr-FR","potentialAction":[{"@type":"CommentAction","name":"Comment","target":["https:\/\/www.public.sn\/index.php\/2026\/03\/11\/dakar-azoura-fall-admis-en-psychiatrie-son-ami-place-sous-mandat-de-depot\/#respond"]}]},{"@type":"WebPage","@id":"https:\/\/www.public.sn\/index.php\/2026\/03\/11\/dakar-azoura-fall-admis-en-psychiatrie-son-ami-place-sous-mandat-de-depot\/","url":"https:\/\/www.public.sn\/index.php\/2026\/03\/11\/dakar-azoura-fall-admis-en-psychiatrie-son-ami-place-sous-mandat-de-depot\/","name":"Dakar : Azoura Fall admis en psychiatrie, son ami plac\u00e9 sous mandat de d\u00e9p\u00f4t - LE PUBLIC","isPartOf":{"@id":"https:\/\/www.public.sn\/#website"},"primaryImageOfPage":{"@id":"https:\/\/www.public.sn\/index.php\/2026\/03\/11\/dakar-azoura-fall-admis-en-psychiatrie-son-ami-place-sous-mandat-de-depot\/#primaryimage"},"image":{"@id":"https:\/\/www.public.sn\/index.php\/2026\/03\/11\/dakar-azoura-fall-admis-en-psychiatrie-son-ami-place-sous-mandat-de-depot\/#primaryimage"},"thumbnailUrl":"https:\/\/www.public.sn\/wp-content\/uploads\/2026\/03\/Capture-decran-2026-03-11-a-18.47.42.png","datePublished":"2026-03-11T18:50:18+00:00","dateModified":"2026-03-11T18:50:30+00:00","breadcrumb":{"@id":"https:\/\/www.public.sn\/index.php\/2026\/03\/11\/dakar-azoura-fall-admis-en-psychiatrie-son-ami-place-sous-mandat-de-depot\/#breadcrumb"},"inLanguage":"fr-FR","potentialAction":[{"@type":"ReadAction","target":["https:\/\/www.public.sn\/index.php\/2026\/03\/11\/dakar-azoura-fall-admis-en-psychiatrie-son-ami-place-sous-mandat-de-depot\/"]}]},{"@type":"ImageObject","inLanguage":"fr-FR","@id":"https:\/\/www.public.sn\/index.php\/2026\/03\/11\/dakar-azoura-fall-admis-en-psychiatrie-son-ami-place-sous-mandat-de-depot\/#primaryimage","url":"https:\/\/www.public.sn\/wp-content\/uploads\/2026\/03\/Capture-decran-2026-03-11-a-18.47.42.png","contentUrl":"https:\/\/www.public.sn\/wp-content\/uploads\/2026\/03\/Capture-decran-2026-03-11-a-18.47.42.png","width":1134,"height":634},{"@type":"BreadcrumbList","@id":"https:\/\/www.public.sn\/index.php\/2026\/03\/11\/dakar-azoura-fall-admis-en-psychiatrie-son-ami-place-sous-mandat-de-depot\/#breadcrumb","itemListElement":[{"@type":"ListItem","position":1,"name":"Accueil","item":"https:\/\/www.public.sn\/"},{"@type":"ListItem","position":2,"name":"Dakar : Azoura Fall admis en psychiatrie, son ami plac\u00e9 sous mandat de d\u00e9p\u00f4t"}]},{"@type":"WebSite","@id":"https:\/\/www.public.sn\/#website","url":"https:\/\/www.public.sn\/","name":"LE PUBLIC","description":"","publisher":{"@id":"https:\/\/www.public.sn\/#organization"},"potentialAction":[{"@type":"SearchAction","target":{"@type":"EntryPoint","urlTemplate":"https:\/\/www.public.sn\/?s={search_term_string}"},"query-input":{"@type":"PropertyValueSpecification","valueRequired":true,"valueName":"search_term_string"}}],"inLanguage":"fr-FR"},{"@type":"Organization","@id":"https:\/\/www.public.sn\/#organization","name":"LE PUBLIC","url":"https:\/\/www.public.sn\/","logo":{"@type":"ImageObject","inLanguage":"fr-FR","@id":"https:\/\/www.public.sn\/#\/schema\/logo\/image\/","url":"https:\/\/www.public.sn\/wp-content\/uploads\/2024\/05\/cropped-LOGO-PUBLIC.SN_.png","contentUrl":"https:\/\/www.public.sn\/wp-content\/uploads\/2024\/05\/cropped-LOGO-PUBLIC.SN_.png","width":682,"height":192,"caption":"LE PUBLIC"},"image":{"@id":"https:\/\/www.public.sn\/#\/schema\/logo\/image\/"}},{"@type":"Person","@id":"https:\/\/www.public.sn\/#\/schema\/person\/cb76c8e1b8becc6be61fb5e92d6d0224","name":"LA REDACTION","image":{"@type":"ImageObject","inLanguage":"fr-FR","@id":"https:\/\/www.public.sn\/#\/schema\/person\/image\/","url":"https:\/\/secure.gravatar.com\/avatar\/2dce5ddd34b8fef0180efe03aa2a9bee7d953856048f9a16b298190a3178407c?s=96&d=mm&r=g","contentUrl":"https:\/\/secure.gravatar.com\/avatar\/2dce5ddd34b8fef0180efe03aa2a9bee7d953856048f9a16b298190a3178407c?s=96&d=mm&r=g","caption":"LA REDACTION"},"url":"https:\/\/www.public.sn\/index.php\/author\/editeurpsn\/"}]}},"jetpack_featured_media_url":"https:\/\/www.public.sn\/wp-content\/uploads\/2026\/03\/Capture-decran-2026-03-11-a-18.47.42.png","jetpack_sharing_enabled":true,"_links":{"self":[{"href":"https:\/\/www.public.sn\/index.php\/wp-json\/wp\/v2\/posts\/39520","targetHints":{"allow":["GET"]}}],"collection":[{"href":"https:\/\/www.public.sn\/index.php\/wp-json\/wp\/v2\/posts"}],"about":[{"href":"https:\/\/www.public.sn\/index.php\/wp-json\/wp\/v2\/types\/post"}],"author":[{"embeddable":true,"href":"https:\/\/www.public.sn\/index.php\/wp-json\/wp\/v2\/users\/7"}],"replies":[{"embeddable":true,"href":"https:\/\/www.public.sn\/index.php\/wp-json\/wp\/v2\/comments?post=39520"}],"version-history":[{"count":1,"href":"https:\/\/www.public.sn\/index.php\/wp-json\/wp\/v2\/posts\/39520\/revisions"}],"predecessor-version":[{"id":39522,"href":"https:\/\/www.public.sn\/index.php\/wp-json\/wp\/v2\/posts\/39520\/revisions\/39522"}],"wp:featuredmedia":[{"embeddable":true,"href":"https:\/\/www.public.sn\/index.php\/wp-json\/wp\/v2\/media\/39521"}],"wp:attachment":[{"href":"https:\/\/www.public.sn\/index.php\/wp-json\/wp\/v2\/media?parent=39520"}],"wp:term":[{"taxonomy":"category","embeddable":true,"href":"https:\/\/www.public.sn\/index.php\/wp-json\/wp\/v2\/categories?post=39520"},{"taxonomy":"post_tag","embeddable":true,"href":"https:\/\/www.public.sn\/index.php\/wp-json\/wp\/v2\/tags?post=39520"}],"curies":[{"name":"wp","href":"https:\/\/api.w.org\/{rel}","templated":true}]}}