{"id":39524,"date":"2026-03-11T18:56:57","date_gmt":"2026-03-11T18:56:57","guid":{"rendered":"https:\/\/www.public.sn\/?p=39524"},"modified":"2026-03-11T18:57:02","modified_gmt":"2026-03-11T18:57:02","slug":"scandale-ouzin-keita-et-sa-bande-ecroues-pour-actes-contre-nature-et-transmission-du-vih","status":"publish","type":"post","link":"https:\/\/www.public.sn\/index.php\/2026\/03\/11\/scandale-ouzin-keita-et-sa-bande-ecroues-pour-actes-contre-nature-et-transmission-du-vih\/","title":{"rendered":"Scandale : Ouzin Ke\u00efta et sa bande \u00e9crou\u00e9s pour actes contre nature et transmission du VIH"},"content":{"rendered":"\n<p><strong>Apr\u00e8s deux retours de parquet, Ouzin Ke\u00efta et ses coaccus\u00e9s fix\u00e9s sur leur sort<\/strong><\/p><div class=\"publi-paragraphe1\" style=\"margin-top: 10px;margin-bottom: 10px;margin-left: auto;margin-right: auto;text-align: center;\" id=\"publi-3172872334\"><div class=\"publi-adlabel\">Publicit\u00e9<\/div><script async src=\"\/\/pagead2.googlesyndication.com\/pagead\/js\/adsbygoogle.js?client=ca-pub-4089586018074219\" crossorigin=\"anonymous\"><\/script><ins class=\"adsbygoogle\" style=\"display:block;\" data-ad-client=\"ca-pub-4089586018074219\" \ndata-ad-slot=\"2087940154\" \ndata-ad-format=\"auto\"><\/ins>\n<script> \n(adsbygoogle = window.adsbygoogle || []).push({}); \n<\/script>\n<\/div>\n\n\n\n<p>Apr\u00e8s deux retours de parquet, Ouzin Ke\u00efta et ses coaccus\u00e9s ont finalement \u00e9t\u00e9 fix\u00e9s sur leur sort ce mercredi 11 mars. \u00c0 la suite du r\u00e9quisitoire du minist\u00e8re public demandant l\u2019ouverture d\u2019une information judiciaire, le dossier a \u00e9t\u00e9 confi\u00e9 au juge du premier cabinet d\u2019instruction du tribunal de Dakar.<\/p>\n\n\n\n<p>Selon les informations de Seneweb, le parquet a vis\u00e9 plusieurs chefs d\u2019accusation dans son r\u00e9quisitoire introductif, notamment&nbsp;<strong>association de malfaiteurs, actes contre nature, prox\u00e9n\u00e9tisme, escroquerie, chantage, extorsion de fonds, transmission volontaire du VIH\/Sida et usage de drogue<\/strong>. Le procureur de la R\u00e9publique a requis le placement sous mandat de d\u00e9p\u00f4t de l\u2019ensemble des mis en cause.<\/p>\n\n\n\n<p>\u00c0 l\u2019issue de leur inculpation, le doyen des juges d\u2019instruction a suivi les r\u00e9quisitions du parquet.&nbsp;<strong>Ouzin Ke\u00efta et les membres de son groupe ont ainsi \u00e9t\u00e9 plac\u00e9s en d\u00e9tention.<\/strong><\/p>\n<div class=\"publi-apres-le-contenu\" style=\"margin-top: 10px;margin-bottom: 10px;margin-left: auto;margin-right: auto;text-align: center;\" id=\"publi-2818840537\"><div class=\"publi-adlabel\">Publicit\u00e9<\/div><script async src=\"\/\/pagead2.googlesyndication.com\/pagead\/js\/adsbygoogle.js?client=ca-pub-4089586018074219\" crossorigin=\"anonymous\"><\/script><ins class=\"adsbygoogle\" style=\"display:block;\" data-ad-client=\"ca-pub-4089586018074219\" \ndata-ad-slot=\"2087940154\" \ndata-ad-format=\"auto\"><\/ins>\n<script> \n(adsbygoogle = window.adsbygoogle || []).push({}); \n<\/script>\n<\/div>","protected":false},"excerpt":{"rendered":"<p>Apr\u00e8s deux retours de parquet, Ouzin Ke\u00efta et ses coaccus\u00e9s fix\u00e9s sur leur sort Apr\u00e8s deux retours de parquet, Ouzin Ke\u00efta et ses coaccus\u00e9s ont finalement \u00e9t\u00e9 fix\u00e9s sur leur sort ce mercredi 11 mars. \u00c0 la suite du r\u00e9quisitoire du minist\u00e8re public demandant l\u2019ouverture d\u2019une information judiciaire, le dossier a \u00e9t\u00e9 confi\u00e9 au juge du premier cabinet d\u2019instruction du tribunal de Dakar. Selon les informations de Seneweb, le parquet a vis\u00e9 plusieurs chefs d\u2019accusation dans son r\u00e9quisitoire introductif, notamment&nbsp;association de malfaiteurs, actes contre nature, prox\u00e9n\u00e9tisme, escroquerie, chantage, extorsion de fonds, transmission volontaire du VIH\/Sida et usage de drogue. Le procureur de la R\u00e9publique a requis le placement sous mandat de d\u00e9p\u00f4t de l\u2019ensemble des mis en cause. \u00c0 l\u2019issue de leur inculpation, le doyen des juges d\u2019instruction a suivi les r\u00e9quisitions du parquet.&nbsp;Ouzin Ke\u00efta et les membres de son groupe ont ainsi \u00e9t\u00e9 plac\u00e9s en d\u00e9tention.<\/p>\n","protected":false},"author":7,"featured_media":39525,"comment_status":"open","ping_status":"open","sticky":false,"template":"","format":"standard","meta":{"_jetpack_memberships_contains_paid_content":false,"footnotes":""},"categories":[375,1023,5],"tags":[8285,8112],"class_list":["post-39524","post","type-post","status-publish","format-standard","has-post-thumbnail","hentry","category-actualites","category-buzz","category-people","tag-ouzin-keita","tag-vih","entry","has-media","owp-thumbs-layout-horizontal","owp-btn-normal","owp-tabs-layout-horizontal","has-no-thumbnails","has-product-nav"],"yoast_head":"<!-- This site is optimized with the Yoast SEO plugin v25.5 - https:\/\/yoast.com\/wordpress\/plugins\/seo\/ -->\n<title>Scandale : Ouzin Ke\u00efta et sa bande \u00e9crou\u00e9s pour actes contre nature et transmission du VIH - LE PUBLIC<\/title>\n<meta name=\"robots\" content=\"index, follow, max-snippet:-1, max-image-preview:large, max-video-preview:-1\" \/>\n<link rel=\"canonical\" href=\"https:\/\/www.public.sn\/index.php\/2026\/03\/11\/scandale-ouzin-keita-et-sa-bande-ecroues-pour-actes-contre-nature-et-transmission-du-vih\/\" \/>\n<meta property=\"og:locale\" content=\"fr_FR\" \/>\n<meta property=\"og:type\" content=\"article\" \/>\n<meta property=\"og:title\" content=\"Scandale : Ouzin Ke\u00efta et sa bande \u00e9crou\u00e9s pour actes contre nature et transmission du VIH - LE PUBLIC\" \/>\n<meta property=\"og:description\" content=\"Apr\u00e8s deux retours de parquet, Ouzin Ke\u00efta et ses coaccus\u00e9s fix\u00e9s sur leur sort Apr\u00e8s deux retours de parquet, Ouzin Ke\u00efta et ses coaccus\u00e9s ont finalement \u00e9t\u00e9 fix\u00e9s sur leur sort ce mercredi 11 mars. \u00c0 la suite du r\u00e9quisitoire du minist\u00e8re public demandant l\u2019ouverture d\u2019une information judiciaire, le dossier a \u00e9t\u00e9 confi\u00e9 au juge du premier cabinet d\u2019instruction du tribunal de Dakar. Selon les informations de Seneweb, le parquet a vis\u00e9 plusieurs chefs d\u2019accusation dans son r\u00e9quisitoire introductif, notamment&nbsp;association de malfaiteurs, actes contre nature, prox\u00e9n\u00e9tisme, escroquerie, chantage, extorsion de fonds, transmission volontaire du VIH\/Sida et usage de drogue. Le procureur de la R\u00e9publique a requis le placement sous mandat de d\u00e9p\u00f4t de l\u2019ensemble des mis en cause. \u00c0 l\u2019issue de leur inculpation, le doyen des juges d\u2019instruction a suivi les r\u00e9quisitions du parquet.&nbsp;Ouzin Ke\u00efta et les membres de son groupe ont ainsi \u00e9t\u00e9 plac\u00e9s en d\u00e9tention.\" \/>\n<meta property=\"og:url\" content=\"https:\/\/www.public.sn\/index.php\/2026\/03\/11\/scandale-ouzin-keita-et-sa-bande-ecroues-pour-actes-contre-nature-et-transmission-du-vih\/\" \/>\n<meta property=\"og:site_name\" content=\"LE PUBLIC\" \/>\n<meta property=\"article:published_time\" content=\"2026-03-11T18:56:57+00:00\" \/>\n<meta property=\"article:modified_time\" content=\"2026-03-11T18:57:02+00:00\" \/>\n<meta property=\"og:image\" content=\"https:\/\/www.public.sn\/wp-content\/uploads\/2026\/03\/Capture-decran-2026-03-11-a-18.52.58.png\" \/>\n\t<meta property=\"og:image:width\" content=\"1134\" \/>\n\t<meta property=\"og:image:height\" content=\"634\" \/>\n\t<meta property=\"og:image:type\" content=\"image\/png\" \/>\n<meta name=\"author\" content=\"LA REDACTION\" \/>\n<meta name=\"twitter:card\" content=\"summary_large_image\" \/>\n<meta name=\"twitter:label1\" content=\"\u00c9crit par\" \/>\n\t<meta name=\"twitter:data1\" content=\"LA REDACTION\" \/>\n\t<meta name=\"twitter:label2\" content=\"Dur\u00e9e de lecture estim\u00e9e\" \/>\n\t<meta name=\"twitter:data2\" content=\"1 minute\" \/>\n<script type=\"application\/ld+json\" class=\"yoast-schema-graph\">{\"@context\":\"https:\/\/schema.org\",\"@graph\":[{\"@type\":\"Article\",\"@id\":\"https:\/\/www.public.sn\/index.php\/2026\/03\/11\/scandale-ouzin-keita-et-sa-bande-ecroues-pour-actes-contre-nature-et-transmission-du-vih\/#article\",\"isPartOf\":{\"@id\":\"https:\/\/www.public.sn\/index.php\/2026\/03\/11\/scandale-ouzin-keita-et-sa-bande-ecroues-pour-actes-contre-nature-et-transmission-du-vih\/\"},\"author\":{\"name\":\"LA REDACTION\",\"@id\":\"https:\/\/www.public.sn\/#\/schema\/person\/cb76c8e1b8becc6be61fb5e92d6d0224\"},\"headline\":\"Scandale : Ouzin Ke\u00efta et sa bande \u00e9crou\u00e9s pour actes contre nature et transmission du VIH\",\"datePublished\":\"2026-03-11T18:56:57+00:00\",\"dateModified\":\"2026-03-11T18:57:02+00:00\",\"mainEntityOfPage\":{\"@id\":\"https:\/\/www.public.sn\/index.php\/2026\/03\/11\/scandale-ouzin-keita-et-sa-bande-ecroues-pour-actes-contre-nature-et-transmission-du-vih\/\"},\"wordCount\":193,\"commentCount\":0,\"publisher\":{\"@id\":\"https:\/\/www.public.sn\/#organization\"},\"image\":{\"@id\":\"https:\/\/www.public.sn\/index.php\/2026\/03\/11\/scandale-ouzin-keita-et-sa-bande-ecroues-pour-actes-contre-nature-et-transmission-du-vih\/#primaryimage\"},\"thumbnailUrl\":\"https:\/\/www.public.sn\/wp-content\/uploads\/2026\/03\/Capture-decran-2026-03-11-a-18.52.58.png\",\"keywords\":[\"Ouzin Ke\u00efta\",\"VIH\"],\"articleSection\":[\"ACTUALIT\u00c9S\",\"BUZZ\",\"PEOPLE\"],\"inLanguage\":\"fr-FR\",\"potentialAction\":[{\"@type\":\"CommentAction\",\"name\":\"Comment\",\"target\":[\"https:\/\/www.public.sn\/index.php\/2026\/03\/11\/scandale-ouzin-keita-et-sa-bande-ecroues-pour-actes-contre-nature-et-transmission-du-vih\/#respond\"]}]},{\"@type\":\"WebPage\",\"@id\":\"https:\/\/www.public.sn\/index.php\/2026\/03\/11\/scandale-ouzin-keita-et-sa-bande-ecroues-pour-actes-contre-nature-et-transmission-du-vih\/\",\"url\":\"https:\/\/www.public.sn\/index.php\/2026\/03\/11\/scandale-ouzin-keita-et-sa-bande-ecroues-pour-actes-contre-nature-et-transmission-du-vih\/\",\"name\":\"Scandale : Ouzin Ke\u00efta et sa bande \u00e9crou\u00e9s pour actes contre nature et transmission du VIH - LE PUBLIC\",\"isPartOf\":{\"@id\":\"https:\/\/www.public.sn\/#website\"},\"primaryImageOfPage\":{\"@id\":\"https:\/\/www.public.sn\/index.php\/2026\/03\/11\/scandale-ouzin-keita-et-sa-bande-ecroues-pour-actes-contre-nature-et-transmission-du-vih\/#primaryimage\"},\"image\":{\"@id\":\"https:\/\/www.public.sn\/index.php\/2026\/03\/11\/scandale-ouzin-keita-et-sa-bande-ecroues-pour-actes-contre-nature-et-transmission-du-vih\/#primaryimage\"},\"thumbnailUrl\":\"https:\/\/www.public.sn\/wp-content\/uploads\/2026\/03\/Capture-decran-2026-03-11-a-18.52.58.png\",\"datePublished\":\"2026-03-11T18:56:57+00:00\",\"dateModified\":\"2026-03-11T18:57:02+00:00\",\"breadcrumb\":{\"@id\":\"https:\/\/www.public.sn\/index.php\/2026\/03\/11\/scandale-ouzin-keita-et-sa-bande-ecroues-pour-actes-contre-nature-et-transmission-du-vih\/#breadcrumb\"},\"inLanguage\":\"fr-FR\",\"potentialAction\":[{\"@type\":\"ReadAction\",\"target\":[\"https:\/\/www.public.sn\/index.php\/2026\/03\/11\/scandale-ouzin-keita-et-sa-bande-ecroues-pour-actes-contre-nature-et-transmission-du-vih\/\"]}]},{\"@type\":\"ImageObject\",\"inLanguage\":\"fr-FR\",\"@id\":\"https:\/\/www.public.sn\/index.php\/2026\/03\/11\/scandale-ouzin-keita-et-sa-bande-ecroues-pour-actes-contre-nature-et-transmission-du-vih\/#primaryimage\",\"url\":\"https:\/\/www.public.sn\/wp-content\/uploads\/2026\/03\/Capture-decran-2026-03-11-a-18.52.58.png\",\"contentUrl\":\"https:\/\/www.public.sn\/wp-content\/uploads\/2026\/03\/Capture-decran-2026-03-11-a-18.52.58.png\",\"width\":1134,\"height\":634},{\"@type\":\"BreadcrumbList\",\"@id\":\"https:\/\/www.public.sn\/index.php\/2026\/03\/11\/scandale-ouzin-keita-et-sa-bande-ecroues-pour-actes-contre-nature-et-transmission-du-vih\/#breadcrumb\",\"itemListElement\":[{\"@type\":\"ListItem\",\"position\":1,\"name\":\"Accueil\",\"item\":\"https:\/\/www.public.sn\/\"},{\"@type\":\"ListItem\",\"position\":2,\"name\":\"Scandale : Ouzin Ke\u00efta et sa bande \u00e9crou\u00e9s pour actes contre nature et transmission du VIH\"}]},{\"@type\":\"WebSite\",\"@id\":\"https:\/\/www.public.sn\/#website\",\"url\":\"https:\/\/www.public.sn\/\",\"name\":\"LE PUBLIC\",\"description\":\"\",\"publisher\":{\"@id\":\"https:\/\/www.public.sn\/#organization\"},\"potentialAction\":[{\"@type\":\"SearchAction\",\"target\":{\"@type\":\"EntryPoint\",\"urlTemplate\":\"https:\/\/www.public.sn\/?s={search_term_string}\"},\"query-input\":{\"@type\":\"PropertyValueSpecification\",\"valueRequired\":true,\"valueName\":\"search_term_string\"}}],\"inLanguage\":\"fr-FR\"},{\"@type\":\"Organization\",\"@id\":\"https:\/\/www.public.sn\/#organization\",\"name\":\"LE PUBLIC\",\"url\":\"https:\/\/www.public.sn\/\",\"logo\":{\"@type\":\"ImageObject\",\"inLanguage\":\"fr-FR\",\"@id\":\"https:\/\/www.public.sn\/#\/schema\/logo\/image\/\",\"url\":\"https:\/\/www.public.sn\/wp-content\/uploads\/2024\/05\/cropped-LOGO-PUBLIC.SN_.png\",\"contentUrl\":\"https:\/\/www.public.sn\/wp-content\/uploads\/2024\/05\/cropped-LOGO-PUBLIC.SN_.png\",\"width\":682,\"height\":192,\"caption\":\"LE PUBLIC\"},\"image\":{\"@id\":\"https:\/\/www.public.sn\/#\/schema\/logo\/image\/\"}},{\"@type\":\"Person\",\"@id\":\"https:\/\/www.public.sn\/#\/schema\/person\/cb76c8e1b8becc6be61fb5e92d6d0224\",\"name\":\"LA REDACTION\",\"image\":{\"@type\":\"ImageObject\",\"inLanguage\":\"fr-FR\",\"@id\":\"https:\/\/www.public.sn\/#\/schema\/person\/image\/\",\"url\":\"https:\/\/secure.gravatar.com\/avatar\/2dce5ddd34b8fef0180efe03aa2a9bee7d953856048f9a16b298190a3178407c?s=96&d=mm&r=g\",\"contentUrl\":\"https:\/\/secure.gravatar.com\/avatar\/2dce5ddd34b8fef0180efe03aa2a9bee7d953856048f9a16b298190a3178407c?s=96&d=mm&r=g\",\"caption\":\"LA REDACTION\"},\"url\":\"https:\/\/www.public.sn\/index.php\/author\/editeurpsn\/\"}]}<\/script>\n<!-- \/ Yoast SEO plugin. -->","yoast_head_json":{"title":"Scandale : Ouzin Ke\u00efta et sa bande \u00e9crou\u00e9s pour actes contre nature et transmission du VIH - LE PUBLIC","robots":{"index":"index","follow":"follow","max-snippet":"max-snippet:-1","max-image-preview":"max-image-preview:large","max-video-preview":"max-video-preview:-1"},"canonical":"https:\/\/www.public.sn\/index.php\/2026\/03\/11\/scandale-ouzin-keita-et-sa-bande-ecroues-pour-actes-contre-nature-et-transmission-du-vih\/","og_locale":"fr_FR","og_type":"article","og_title":"Scandale : Ouzin Ke\u00efta et sa bande \u00e9crou\u00e9s pour actes contre nature et transmission du VIH - LE PUBLIC","og_description":"Apr\u00e8s deux retours de parquet, Ouzin Ke\u00efta et ses coaccus\u00e9s fix\u00e9s sur leur sort Apr\u00e8s deux retours de parquet, Ouzin Ke\u00efta et ses coaccus\u00e9s ont finalement \u00e9t\u00e9 fix\u00e9s sur leur sort ce mercredi 11 mars. \u00c0 la suite du r\u00e9quisitoire du minist\u00e8re public demandant l\u2019ouverture d\u2019une information judiciaire, le dossier a \u00e9t\u00e9 confi\u00e9 au juge du premier cabinet d\u2019instruction du tribunal de Dakar. Selon les informations de Seneweb, le parquet a vis\u00e9 plusieurs chefs d\u2019accusation dans son r\u00e9quisitoire introductif, notamment&nbsp;association de malfaiteurs, actes contre nature, prox\u00e9n\u00e9tisme, escroquerie, chantage, extorsion de fonds, transmission volontaire du VIH\/Sida et usage de drogue. Le procureur de la R\u00e9publique a requis le placement sous mandat de d\u00e9p\u00f4t de l\u2019ensemble des mis en cause. \u00c0 l\u2019issue de leur inculpation, le doyen des juges d\u2019instruction a suivi les r\u00e9quisitions du parquet.&nbsp;Ouzin Ke\u00efta et les membres de son groupe ont ainsi \u00e9t\u00e9 plac\u00e9s en d\u00e9tention.","og_url":"https:\/\/www.public.sn\/index.php\/2026\/03\/11\/scandale-ouzin-keita-et-sa-bande-ecroues-pour-actes-contre-nature-et-transmission-du-vih\/","og_site_name":"LE PUBLIC","article_published_time":"2026-03-11T18:56:57+00:00","article_modified_time":"2026-03-11T18:57:02+00:00","og_image":[{"width":1134,"height":634,"url":"https:\/\/www.public.sn\/wp-content\/uploads\/2026\/03\/Capture-decran-2026-03-11-a-18.52.58.png","type":"image\/png"}],"author":"LA REDACTION","twitter_card":"summary_large_image","twitter_misc":{"\u00c9crit par":"LA REDACTION","Dur\u00e9e de lecture estim\u00e9e":"1 minute"},"schema":{"@context":"https:\/\/schema.org","@graph":[{"@type":"Article","@id":"https:\/\/www.public.sn\/index.php\/2026\/03\/11\/scandale-ouzin-keita-et-sa-bande-ecroues-pour-actes-contre-nature-et-transmission-du-vih\/#article","isPartOf":{"@id":"https:\/\/www.public.sn\/index.php\/2026\/03\/11\/scandale-ouzin-keita-et-sa-bande-ecroues-pour-actes-contre-nature-et-transmission-du-vih\/"},"author":{"name":"LA REDACTION","@id":"https:\/\/www.public.sn\/#\/schema\/person\/cb76c8e1b8becc6be61fb5e92d6d0224"},"headline":"Scandale : Ouzin Ke\u00efta et sa bande \u00e9crou\u00e9s pour actes contre nature et transmission du VIH","datePublished":"2026-03-11T18:56:57+00:00","dateModified":"2026-03-11T18:57:02+00:00","mainEntityOfPage":{"@id":"https:\/\/www.public.sn\/index.php\/2026\/03\/11\/scandale-ouzin-keita-et-sa-bande-ecroues-pour-actes-contre-nature-et-transmission-du-vih\/"},"wordCount":193,"commentCount":0,"publisher":{"@id":"https:\/\/www.public.sn\/#organization"},"image":{"@id":"https:\/\/www.public.sn\/index.php\/2026\/03\/11\/scandale-ouzin-keita-et-sa-bande-ecroues-pour-actes-contre-nature-et-transmission-du-vih\/#primaryimage"},"thumbnailUrl":"https:\/\/www.public.sn\/wp-content\/uploads\/2026\/03\/Capture-decran-2026-03-11-a-18.52.58.png","keywords":["Ouzin Ke\u00efta","VIH"],"articleSection":["ACTUALIT\u00c9S","BUZZ","PEOPLE"],"inLanguage":"fr-FR","potentialAction":[{"@type":"CommentAction","name":"Comment","target":["https:\/\/www.public.sn\/index.php\/2026\/03\/11\/scandale-ouzin-keita-et-sa-bande-ecroues-pour-actes-contre-nature-et-transmission-du-vih\/#respond"]}]},{"@type":"WebPage","@id":"https:\/\/www.public.sn\/index.php\/2026\/03\/11\/scandale-ouzin-keita-et-sa-bande-ecroues-pour-actes-contre-nature-et-transmission-du-vih\/","url":"https:\/\/www.public.sn\/index.php\/2026\/03\/11\/scandale-ouzin-keita-et-sa-bande-ecroues-pour-actes-contre-nature-et-transmission-du-vih\/","name":"Scandale : Ouzin Ke\u00efta et sa bande \u00e9crou\u00e9s pour actes contre nature et transmission du VIH - LE PUBLIC","isPartOf":{"@id":"https:\/\/www.public.sn\/#website"},"primaryImageOfPage":{"@id":"https:\/\/www.public.sn\/index.php\/2026\/03\/11\/scandale-ouzin-keita-et-sa-bande-ecroues-pour-actes-contre-nature-et-transmission-du-vih\/#primaryimage"},"image":{"@id":"https:\/\/www.public.sn\/index.php\/2026\/03\/11\/scandale-ouzin-keita-et-sa-bande-ecroues-pour-actes-contre-nature-et-transmission-du-vih\/#primaryimage"},"thumbnailUrl":"https:\/\/www.public.sn\/wp-content\/uploads\/2026\/03\/Capture-decran-2026-03-11-a-18.52.58.png","datePublished":"2026-03-11T18:56:57+00:00","dateModified":"2026-03-11T18:57:02+00:00","breadcrumb":{"@id":"https:\/\/www.public.sn\/index.php\/2026\/03\/11\/scandale-ouzin-keita-et-sa-bande-ecroues-pour-actes-contre-nature-et-transmission-du-vih\/#breadcrumb"},"inLanguage":"fr-FR","potentialAction":[{"@type":"ReadAction","target":["https:\/\/www.public.sn\/index.php\/2026\/03\/11\/scandale-ouzin-keita-et-sa-bande-ecroues-pour-actes-contre-nature-et-transmission-du-vih\/"]}]},{"@type":"ImageObject","inLanguage":"fr-FR","@id":"https:\/\/www.public.sn\/index.php\/2026\/03\/11\/scandale-ouzin-keita-et-sa-bande-ecroues-pour-actes-contre-nature-et-transmission-du-vih\/#primaryimage","url":"https:\/\/www.public.sn\/wp-content\/uploads\/2026\/03\/Capture-decran-2026-03-11-a-18.52.58.png","contentUrl":"https:\/\/www.public.sn\/wp-content\/uploads\/2026\/03\/Capture-decran-2026-03-11-a-18.52.58.png","width":1134,"height":634},{"@type":"BreadcrumbList","@id":"https:\/\/www.public.sn\/index.php\/2026\/03\/11\/scandale-ouzin-keita-et-sa-bande-ecroues-pour-actes-contre-nature-et-transmission-du-vih\/#breadcrumb","itemListElement":[{"@type":"ListItem","position":1,"name":"Accueil","item":"https:\/\/www.public.sn\/"},{"@type":"ListItem","position":2,"name":"Scandale : Ouzin Ke\u00efta et sa bande \u00e9crou\u00e9s pour actes contre nature et transmission du VIH"}]},{"@type":"WebSite","@id":"https:\/\/www.public.sn\/#website","url":"https:\/\/www.public.sn\/","name":"LE PUBLIC","description":"","publisher":{"@id":"https:\/\/www.public.sn\/#organization"},"potentialAction":[{"@type":"SearchAction","target":{"@type":"EntryPoint","urlTemplate":"https:\/\/www.public.sn\/?s={search_term_string}"},"query-input":{"@type":"PropertyValueSpecification","valueRequired":true,"valueName":"search_term_string"}}],"inLanguage":"fr-FR"},{"@type":"Organization","@id":"https:\/\/www.public.sn\/#organization","name":"LE PUBLIC","url":"https:\/\/www.public.sn\/","logo":{"@type":"ImageObject","inLanguage":"fr-FR","@id":"https:\/\/www.public.sn\/#\/schema\/logo\/image\/","url":"https:\/\/www.public.sn\/wp-content\/uploads\/2024\/05\/cropped-LOGO-PUBLIC.SN_.png","contentUrl":"https:\/\/www.public.sn\/wp-content\/uploads\/2024\/05\/cropped-LOGO-PUBLIC.SN_.png","width":682,"height":192,"caption":"LE PUBLIC"},"image":{"@id":"https:\/\/www.public.sn\/#\/schema\/logo\/image\/"}},{"@type":"Person","@id":"https:\/\/www.public.sn\/#\/schema\/person\/cb76c8e1b8becc6be61fb5e92d6d0224","name":"LA REDACTION","image":{"@type":"ImageObject","inLanguage":"fr-FR","@id":"https:\/\/www.public.sn\/#\/schema\/person\/image\/","url":"https:\/\/secure.gravatar.com\/avatar\/2dce5ddd34b8fef0180efe03aa2a9bee7d953856048f9a16b298190a3178407c?s=96&d=mm&r=g","contentUrl":"https:\/\/secure.gravatar.com\/avatar\/2dce5ddd34b8fef0180efe03aa2a9bee7d953856048f9a16b298190a3178407c?s=96&d=mm&r=g","caption":"LA REDACTION"},"url":"https:\/\/www.public.sn\/index.php\/author\/editeurpsn\/"}]}},"jetpack_featured_media_url":"https:\/\/www.public.sn\/wp-content\/uploads\/2026\/03\/Capture-decran-2026-03-11-a-18.52.58.png","jetpack_sharing_enabled":true,"_links":{"self":[{"href":"https:\/\/www.public.sn\/index.php\/wp-json\/wp\/v2\/posts\/39524","targetHints":{"allow":["GET"]}}],"collection":[{"href":"https:\/\/www.public.sn\/index.php\/wp-json\/wp\/v2\/posts"}],"about":[{"href":"https:\/\/www.public.sn\/index.php\/wp-json\/wp\/v2\/types\/post"}],"author":[{"embeddable":true,"href":"https:\/\/www.public.sn\/index.php\/wp-json\/wp\/v2\/users\/7"}],"replies":[{"embeddable":true,"href":"https:\/\/www.public.sn\/index.php\/wp-json\/wp\/v2\/comments?post=39524"}],"version-history":[{"count":1,"href":"https:\/\/www.public.sn\/index.php\/wp-json\/wp\/v2\/posts\/39524\/revisions"}],"predecessor-version":[{"id":39526,"href":"https:\/\/www.public.sn\/index.php\/wp-json\/wp\/v2\/posts\/39524\/revisions\/39526"}],"wp:featuredmedia":[{"embeddable":true,"href":"https:\/\/www.public.sn\/index.php\/wp-json\/wp\/v2\/media\/39525"}],"wp:attachment":[{"href":"https:\/\/www.public.sn\/index.php\/wp-json\/wp\/v2\/media?parent=39524"}],"wp:term":[{"taxonomy":"category","embeddable":true,"href":"https:\/\/www.public.sn\/index.php\/wp-json\/wp\/v2\/categories?post=39524"},{"taxonomy":"post_tag","embeddable":true,"href":"https:\/\/www.public.sn\/index.php\/wp-json\/wp\/v2\/tags?post=39524"}],"curies":[{"name":"wp","href":"https:\/\/api.w.org\/{rel}","templated":true}]}}