{"id":39547,"date":"2026-03-11T22:48:52","date_gmt":"2026-03-11T22:48:52","guid":{"rendered":"https:\/\/www.public.sn\/?p=39547"},"modified":"2026-03-11T22:49:03","modified_gmt":"2026-03-11T22:49:03","slug":"cette-loi-ne-sappliquera-pas-a-pape-cheikh-diallo-et-cie-bamba-cisse-clarifie-le-texte","status":"publish","type":"post","link":"https:\/\/www.public.sn\/index.php\/2026\/03\/11\/cette-loi-ne-sappliquera-pas-a-pape-cheikh-diallo-et-cie-bamba-cisse-clarifie-le-texte\/","title":{"rendered":"\u00ab Cette loi ne s\u2019appliquera pas \u00e0 Pape Cheikh Diallo et cie \u00bb : Bamba Ciss\u00e9 clarifie le texte"},"content":{"rendered":"\n<p>Lors des d\u00e9bats \u00e0 l\u2019Assembl\u00e9e nationale sur la modification de l\u2019article 319 du Code p\u00e9nal, le ministre de l\u2019Int\u00e9rieur, Bamba Ciss\u00e9, est revenu sur la&nbsp;<strong>port\u00e9e juridique de la r\u00e9forme<\/strong>, en particulier sur la question de la&nbsp;<strong>r\u00e9troactivit\u00e9 de la loi<\/strong>.<\/p><div class=\"publi-paragraphe1\" style=\"margin-top: 10px;margin-bottom: 10px;margin-left: auto;margin-right: auto;text-align: center;\" id=\"publi-1062559046\"><div class=\"publi-adlabel\">Publicit\u00e9<\/div><script async src=\"\/\/pagead2.googlesyndication.com\/pagead\/js\/adsbygoogle.js?client=ca-pub-4089586018074219\" crossorigin=\"anonymous\"><\/script><ins class=\"adsbygoogle\" style=\"display:block;\" data-ad-client=\"ca-pub-4089586018074219\" \ndata-ad-slot=\"2087940154\" \ndata-ad-format=\"auto\"><\/ins>\n<script> \n(adsbygoogle = window.adsbygoogle || []).push({}); \n<\/script>\n<\/div>\n\n\n\n<p>Le ministre a pr\u00e9cis\u00e9 que le texte ne concernera&nbsp;<strong>pas les faits ant\u00e9rieurs \u00e0 son adoption<\/strong>, citant nomm\u00e9ment l\u2019animateur&nbsp;<strong>Pape Cheikh Diallo<\/strong>&nbsp;:<\/p>\n\n\n\n<blockquote class=\"wp-block-quote is-layout-flow wp-block-quote-is-layout-flow\">\n<p>\u00ab Cette loi ne s\u2019appliquera pas \u00e0 Pape Cheikh Diallo et cie. La loi p\u00e9nale ne r\u00e9troagit pas. Ceux qui seront concern\u00e9s sont ceux qui commettent ces actes apr\u00e8s le vote et la promulgation de la loi \u00bb, a-t-il expliqu\u00e9 devant les d\u00e9put\u00e9s.<\/p>\n<\/blockquote>\n\n\n\n<p>Bamba Ciss\u00e9 a insist\u00e9 sur la distinction entre&nbsp;<strong>qualification d\u2019une infraction et niveau des peines<\/strong>, soulignant une incompr\u00e9hension fr\u00e9quente dans le d\u00e9bat public.<\/p>\n\n\n\n<blockquote class=\"wp-block-quote is-layout-flow wp-block-quote-is-layout-flow\">\n<p>\u00ab La criminalisation n\u2019est pas qu\u2019une question de peine. Un d\u00e9lit peut parfois \u00eatre plus s\u00e9v\u00e8rement puni qu\u2019un crime \u00bb, a-t-il d\u00e9clar\u00e9.<\/p>\n<\/blockquote>\n\n\n\n<p>Pour illustrer son propos, le ministre a rappel\u00e9 la flexibilit\u00e9 des d\u00e9cisions judiciaires : \u00ab Quelqu\u2019un peut commettre un meurtre et \u00eatre condamn\u00e9 \u00e0 cinq ans de prison \u00bb. Concernant l\u2019<strong>acte contre nature<\/strong>, il a pr\u00e9cis\u00e9 :<\/p>\n\n\n\n<blockquote class=\"wp-block-quote is-layout-flow wp-block-quote-is-layout-flow\">\n<p>\u00ab Aujourd\u2019hui, l\u2019acte contre nature est un d\u00e9lit, mais la peine est criminelle. On parle de 5 \u00e0 10 ans. C\u2019est verrouill\u00e9 : on ne peut pas descendre en dessous de cinq ans, et le juge peut aller jusqu\u2019\u00e0 dix ans. \u00bb<\/p>\n<\/blockquote>\n\n\n\n<p>Selon Bamba Ciss\u00e9,&nbsp;<strong>maintenir l\u2019infraction dans le registre du d\u00e9lit tout en conservant des peines lourdes<\/strong>&nbsp;r\u00e9pond \u00e0 une logique d\u2019efficacit\u00e9 :<\/p>\n\n\n\n<blockquote class=\"wp-block-quote is-layout-flow wp-block-quote-is-layout-flow\">\n<p>\u00ab Le d\u00e9bat sur la criminalisation est souvent une incompr\u00e9hension. C\u2019est une strat\u00e9gie tr\u00e8s intelligente. \u00bb<\/p>\n<\/blockquote>\n\n\n\n<p>Le ministre a \u00e9galement rappel\u00e9 que la proc\u00e9dure criminelle est&nbsp;<strong>plus lourde et plus lente<\/strong>, ce qui peut&nbsp;<strong>ralentir le traitement des affaires<\/strong>&nbsp;et contribuer \u00e0 l\u2019<strong>engorgement des prisons<\/strong>.<\/p>\n\n\n\n<p>Pour \u00e9tayer ses propos, Bamba Ciss\u00e9 a pr\u00e9sent\u00e9 des statistiques sur les infractions sexuelles :<\/p>\n\n\n\n<ul class=\"wp-block-list\">\n<li>506 cas de viol et d\u2019attentat \u00e0 la pudeur enregistr\u00e9s en 2021<\/li>\n\n\n\n<li>623 cas en 2023<\/li>\n<\/ul>\n\n\n\n<p>Selon lui,&nbsp;<strong>plus de 800 affaires de viol seraient actuellement en attente de jugement en 2026<\/strong>, illustrant les difficult\u00e9s du syst\u00e8me judiciaire face \u00e0 l\u2019augmentation du volume des dossiers.<\/p>\n<div class=\"publi-apres-le-contenu\" style=\"margin-top: 10px;margin-bottom: 10px;margin-left: auto;margin-right: auto;text-align: center;\" id=\"publi-3680414143\"><div class=\"publi-adlabel\">Publicit\u00e9<\/div><script async src=\"\/\/pagead2.googlesyndication.com\/pagead\/js\/adsbygoogle.js?client=ca-pub-4089586018074219\" crossorigin=\"anonymous\"><\/script><ins class=\"adsbygoogle\" style=\"display:block;\" data-ad-client=\"ca-pub-4089586018074219\" \ndata-ad-slot=\"2087940154\" \ndata-ad-format=\"auto\"><\/ins>\n<script> \n(adsbygoogle = window.adsbygoogle || []).push({}); \n<\/script>\n<\/div>","protected":false},"excerpt":{"rendered":"<p>Lors des d\u00e9bats \u00e0 l\u2019Assembl\u00e9e nationale sur la modification de l\u2019article 319 du Code p\u00e9nal, le ministre de l\u2019Int\u00e9rieur, Bamba Ciss\u00e9, est revenu sur la&nbsp;port\u00e9e juridique de la r\u00e9forme, en particulier sur la question de la&nbsp;r\u00e9troactivit\u00e9 de la loi. Le ministre a pr\u00e9cis\u00e9 que le texte ne concernera&nbsp;pas les faits ant\u00e9rieurs \u00e0 son adoption, citant nomm\u00e9ment l\u2019animateur&nbsp;Pape Cheikh Diallo&nbsp;: \u00ab Cette loi ne s\u2019appliquera pas \u00e0 Pape Cheikh Diallo et cie. La loi p\u00e9nale ne r\u00e9troagit pas. Ceux qui seront concern\u00e9s sont ceux qui commettent ces actes apr\u00e8s le vote et la promulgation de la loi \u00bb, a-t-il expliqu\u00e9 devant les d\u00e9put\u00e9s. Bamba Ciss\u00e9 a insist\u00e9 sur la distinction entre&nbsp;qualification d\u2019une infraction et niveau des peines, soulignant une incompr\u00e9hension fr\u00e9quente dans le d\u00e9bat public. \u00ab La criminalisation n\u2019est pas qu\u2019une question de peine. Un d\u00e9lit peut parfois \u00eatre plus s\u00e9v\u00e8rement puni qu\u2019un crime \u00bb, a-t-il d\u00e9clar\u00e9. Pour illustrer son propos, le ministre a rappel\u00e9 la flexibilit\u00e9 des d\u00e9cisions judiciaires : \u00ab Quelqu\u2019un peut commettre un meurtre et \u00eatre condamn\u00e9 \u00e0 cinq ans de prison \u00bb. Concernant l\u2019acte contre nature, il a pr\u00e9cis\u00e9 : \u00ab Aujourd\u2019hui, l\u2019acte contre nature est un d\u00e9lit, mais la peine est criminelle. On parle de 5 \u00e0 10 ans. C\u2019est verrouill\u00e9 : on ne peut pas descendre en dessous de cinq ans, et le juge peut aller jusqu\u2019\u00e0 dix ans. \u00bb Selon Bamba Ciss\u00e9,&nbsp;maintenir l\u2019infraction dans le registre du d\u00e9lit tout en conservant des peines lourdes&nbsp;r\u00e9pond \u00e0 une logique d\u2019efficacit\u00e9 : \u00ab Le d\u00e9bat sur la criminalisation est souvent une incompr\u00e9hension. C\u2019est une strat\u00e9gie tr\u00e8s intelligente. \u00bb Le ministre a \u00e9galement rappel\u00e9 que la proc\u00e9dure criminelle est&nbsp;plus lourde et plus lente, ce qui peut&nbsp;ralentir le traitement des affaires&nbsp;et contribuer \u00e0 l\u2019engorgement des prisons. Pour \u00e9tayer ses propos, Bamba Ciss\u00e9 a pr\u00e9sent\u00e9 des statistiques sur les infractions sexuelles : Selon lui,&nbsp;plus de 800 affaires de viol seraient actuellement en attente de jugement en 2026, illustrant les difficult\u00e9s du syst\u00e8me judiciaire face \u00e0 l\u2019augmentation du volume des dossiers.<\/p>\n","protected":false},"author":7,"featured_media":39548,"comment_status":"open","ping_status":"open","sticky":false,"template":"","format":"standard","meta":{"_jetpack_memberships_contains_paid_content":false,"footnotes":""},"categories":[375,379,3724,5],"tags":[8136,2585],"class_list":["post-39547","post","type-post","status-publish","format-standard","has-post-thumbnail","hentry","category-actualites","category-faits-divers","category-justice","category-people","tag-bamba-cisse","tag-pape-cheikh-diallo","entry","has-media","owp-thumbs-layout-horizontal","owp-btn-normal","owp-tabs-layout-horizontal","has-no-thumbnails","has-product-nav"],"yoast_head":"<!-- This site is optimized with the Yoast SEO plugin v25.5 - https:\/\/yoast.com\/wordpress\/plugins\/seo\/ -->\n<title>\u00ab Cette loi ne s\u2019appliquera pas \u00e0 Pape Cheikh Diallo et cie \u00bb : Bamba Ciss\u00e9 clarifie le texte - LE PUBLIC<\/title>\n<meta name=\"robots\" content=\"index, follow, max-snippet:-1, max-image-preview:large, max-video-preview:-1\" \/>\n<link rel=\"canonical\" href=\"https:\/\/www.public.sn\/index.php\/2026\/03\/11\/cette-loi-ne-sappliquera-pas-a-pape-cheikh-diallo-et-cie-bamba-cisse-clarifie-le-texte\/\" \/>\n<meta property=\"og:locale\" content=\"fr_FR\" \/>\n<meta property=\"og:type\" content=\"article\" \/>\n<meta property=\"og:title\" content=\"\u00ab Cette loi ne s\u2019appliquera pas \u00e0 Pape Cheikh Diallo et cie \u00bb : Bamba Ciss\u00e9 clarifie le texte - LE PUBLIC\" \/>\n<meta property=\"og:description\" content=\"Lors des d\u00e9bats \u00e0 l\u2019Assembl\u00e9e nationale sur la modification de l\u2019article 319 du Code p\u00e9nal, le ministre de l\u2019Int\u00e9rieur, Bamba Ciss\u00e9, est revenu sur la&nbsp;port\u00e9e juridique de la r\u00e9forme, en particulier sur la question de la&nbsp;r\u00e9troactivit\u00e9 de la loi. Le ministre a pr\u00e9cis\u00e9 que le texte ne concernera&nbsp;pas les faits ant\u00e9rieurs \u00e0 son adoption, citant nomm\u00e9ment l\u2019animateur&nbsp;Pape Cheikh Diallo&nbsp;: \u00ab Cette loi ne s\u2019appliquera pas \u00e0 Pape Cheikh Diallo et cie. La loi p\u00e9nale ne r\u00e9troagit pas. Ceux qui seront concern\u00e9s sont ceux qui commettent ces actes apr\u00e8s le vote et la promulgation de la loi \u00bb, a-t-il expliqu\u00e9 devant les d\u00e9put\u00e9s. Bamba Ciss\u00e9 a insist\u00e9 sur la distinction entre&nbsp;qualification d\u2019une infraction et niveau des peines, soulignant une incompr\u00e9hension fr\u00e9quente dans le d\u00e9bat public. \u00ab La criminalisation n\u2019est pas qu\u2019une question de peine. Un d\u00e9lit peut parfois \u00eatre plus s\u00e9v\u00e8rement puni qu\u2019un crime \u00bb, a-t-il d\u00e9clar\u00e9. Pour illustrer son propos, le ministre a rappel\u00e9 la flexibilit\u00e9 des d\u00e9cisions judiciaires : \u00ab Quelqu\u2019un peut commettre un meurtre et \u00eatre condamn\u00e9 \u00e0 cinq ans de prison \u00bb. Concernant l\u2019acte contre nature, il a pr\u00e9cis\u00e9 : \u00ab Aujourd\u2019hui, l\u2019acte contre nature est un d\u00e9lit, mais la peine est criminelle. On parle de 5 \u00e0 10 ans. C\u2019est verrouill\u00e9 : on ne peut pas descendre en dessous de cinq ans, et le juge peut aller jusqu\u2019\u00e0 dix ans. \u00bb Selon Bamba Ciss\u00e9,&nbsp;maintenir l\u2019infraction dans le registre du d\u00e9lit tout en conservant des peines lourdes&nbsp;r\u00e9pond \u00e0 une logique d\u2019efficacit\u00e9 : \u00ab Le d\u00e9bat sur la criminalisation est souvent une incompr\u00e9hension. C\u2019est une strat\u00e9gie tr\u00e8s intelligente. \u00bb Le ministre a \u00e9galement rappel\u00e9 que la proc\u00e9dure criminelle est&nbsp;plus lourde et plus lente, ce qui peut&nbsp;ralentir le traitement des affaires&nbsp;et contribuer \u00e0 l\u2019engorgement des prisons. Pour \u00e9tayer ses propos, Bamba Ciss\u00e9 a pr\u00e9sent\u00e9 des statistiques sur les infractions sexuelles : Selon lui,&nbsp;plus de 800 affaires de viol seraient actuellement en attente de jugement en 2026, illustrant les difficult\u00e9s du syst\u00e8me judiciaire face \u00e0 l\u2019augmentation du volume des dossiers.\" \/>\n<meta property=\"og:url\" content=\"https:\/\/www.public.sn\/index.php\/2026\/03\/11\/cette-loi-ne-sappliquera-pas-a-pape-cheikh-diallo-et-cie-bamba-cisse-clarifie-le-texte\/\" \/>\n<meta property=\"og:site_name\" content=\"LE PUBLIC\" \/>\n<meta property=\"article:published_time\" content=\"2026-03-11T22:48:52+00:00\" \/>\n<meta property=\"article:modified_time\" content=\"2026-03-11T22:49:03+00:00\" \/>\n<meta property=\"og:image\" content=\"https:\/\/www.public.sn\/wp-content\/uploads\/2026\/03\/Capture-decran-2026-03-11-a-22.47.37.png\" \/>\n\t<meta property=\"og:image:width\" content=\"1091\" \/>\n\t<meta property=\"og:image:height\" content=\"615\" \/>\n\t<meta property=\"og:image:type\" content=\"image\/png\" \/>\n<meta name=\"author\" content=\"LA REDACTION\" \/>\n<meta name=\"twitter:card\" content=\"summary_large_image\" \/>\n<meta name=\"twitter:label1\" content=\"\u00c9crit par\" \/>\n\t<meta name=\"twitter:data1\" content=\"LA REDACTION\" \/>\n\t<meta name=\"twitter:label2\" content=\"Dur\u00e9e de lecture estim\u00e9e\" \/>\n\t<meta name=\"twitter:data2\" content=\"2 minutes\" \/>\n<script type=\"application\/ld+json\" class=\"yoast-schema-graph\">{\"@context\":\"https:\/\/schema.org\",\"@graph\":[{\"@type\":\"Article\",\"@id\":\"https:\/\/www.public.sn\/index.php\/2026\/03\/11\/cette-loi-ne-sappliquera-pas-a-pape-cheikh-diallo-et-cie-bamba-cisse-clarifie-le-texte\/#article\",\"isPartOf\":{\"@id\":\"https:\/\/www.public.sn\/index.php\/2026\/03\/11\/cette-loi-ne-sappliquera-pas-a-pape-cheikh-diallo-et-cie-bamba-cisse-clarifie-le-texte\/\"},\"author\":{\"name\":\"LA REDACTION\",\"@id\":\"https:\/\/www.public.sn\/#\/schema\/person\/cb76c8e1b8becc6be61fb5e92d6d0224\"},\"headline\":\"\u00ab Cette loi ne s\u2019appliquera pas \u00e0 Pape Cheikh Diallo et cie \u00bb : Bamba Ciss\u00e9 clarifie le texte\",\"datePublished\":\"2026-03-11T22:48:52+00:00\",\"dateModified\":\"2026-03-11T22:49:03+00:00\",\"mainEntityOfPage\":{\"@id\":\"https:\/\/www.public.sn\/index.php\/2026\/03\/11\/cette-loi-ne-sappliquera-pas-a-pape-cheikh-diallo-et-cie-bamba-cisse-clarifie-le-texte\/\"},\"wordCount\":409,\"commentCount\":0,\"publisher\":{\"@id\":\"https:\/\/www.public.sn\/#organization\"},\"image\":{\"@id\":\"https:\/\/www.public.sn\/index.php\/2026\/03\/11\/cette-loi-ne-sappliquera-pas-a-pape-cheikh-diallo-et-cie-bamba-cisse-clarifie-le-texte\/#primaryimage\"},\"thumbnailUrl\":\"https:\/\/www.public.sn\/wp-content\/uploads\/2026\/03\/Capture-decran-2026-03-11-a-22.47.37.png\",\"keywords\":[\"Bamba Ciss\u00e9\",\"pape cheikh diallo\"],\"articleSection\":[\"ACTUALIT\u00c9S\",\"FAITS DIVERS\",\"justice\",\"PEOPLE\"],\"inLanguage\":\"fr-FR\",\"potentialAction\":[{\"@type\":\"CommentAction\",\"name\":\"Comment\",\"target\":[\"https:\/\/www.public.sn\/index.php\/2026\/03\/11\/cette-loi-ne-sappliquera-pas-a-pape-cheikh-diallo-et-cie-bamba-cisse-clarifie-le-texte\/#respond\"]}]},{\"@type\":\"WebPage\",\"@id\":\"https:\/\/www.public.sn\/index.php\/2026\/03\/11\/cette-loi-ne-sappliquera-pas-a-pape-cheikh-diallo-et-cie-bamba-cisse-clarifie-le-texte\/\",\"url\":\"https:\/\/www.public.sn\/index.php\/2026\/03\/11\/cette-loi-ne-sappliquera-pas-a-pape-cheikh-diallo-et-cie-bamba-cisse-clarifie-le-texte\/\",\"name\":\"\u00ab Cette loi ne s\u2019appliquera pas \u00e0 Pape Cheikh Diallo et cie \u00bb : Bamba Ciss\u00e9 clarifie le texte - LE PUBLIC\",\"isPartOf\":{\"@id\":\"https:\/\/www.public.sn\/#website\"},\"primaryImageOfPage\":{\"@id\":\"https:\/\/www.public.sn\/index.php\/2026\/03\/11\/cette-loi-ne-sappliquera-pas-a-pape-cheikh-diallo-et-cie-bamba-cisse-clarifie-le-texte\/#primaryimage\"},\"image\":{\"@id\":\"https:\/\/www.public.sn\/index.php\/2026\/03\/11\/cette-loi-ne-sappliquera-pas-a-pape-cheikh-diallo-et-cie-bamba-cisse-clarifie-le-texte\/#primaryimage\"},\"thumbnailUrl\":\"https:\/\/www.public.sn\/wp-content\/uploads\/2026\/03\/Capture-decran-2026-03-11-a-22.47.37.png\",\"datePublished\":\"2026-03-11T22:48:52+00:00\",\"dateModified\":\"2026-03-11T22:49:03+00:00\",\"breadcrumb\":{\"@id\":\"https:\/\/www.public.sn\/index.php\/2026\/03\/11\/cette-loi-ne-sappliquera-pas-a-pape-cheikh-diallo-et-cie-bamba-cisse-clarifie-le-texte\/#breadcrumb\"},\"inLanguage\":\"fr-FR\",\"potentialAction\":[{\"@type\":\"ReadAction\",\"target\":[\"https:\/\/www.public.sn\/index.php\/2026\/03\/11\/cette-loi-ne-sappliquera-pas-a-pape-cheikh-diallo-et-cie-bamba-cisse-clarifie-le-texte\/\"]}]},{\"@type\":\"ImageObject\",\"inLanguage\":\"fr-FR\",\"@id\":\"https:\/\/www.public.sn\/index.php\/2026\/03\/11\/cette-loi-ne-sappliquera-pas-a-pape-cheikh-diallo-et-cie-bamba-cisse-clarifie-le-texte\/#primaryimage\",\"url\":\"https:\/\/www.public.sn\/wp-content\/uploads\/2026\/03\/Capture-decran-2026-03-11-a-22.47.37.png\",\"contentUrl\":\"https:\/\/www.public.sn\/wp-content\/uploads\/2026\/03\/Capture-decran-2026-03-11-a-22.47.37.png\",\"width\":1091,\"height\":615},{\"@type\":\"BreadcrumbList\",\"@id\":\"https:\/\/www.public.sn\/index.php\/2026\/03\/11\/cette-loi-ne-sappliquera-pas-a-pape-cheikh-diallo-et-cie-bamba-cisse-clarifie-le-texte\/#breadcrumb\",\"itemListElement\":[{\"@type\":\"ListItem\",\"position\":1,\"name\":\"Accueil\",\"item\":\"https:\/\/www.public.sn\/\"},{\"@type\":\"ListItem\",\"position\":2,\"name\":\"\u00ab Cette loi ne s\u2019appliquera pas \u00e0 Pape Cheikh Diallo et cie \u00bb : Bamba Ciss\u00e9 clarifie le texte\"}]},{\"@type\":\"WebSite\",\"@id\":\"https:\/\/www.public.sn\/#website\",\"url\":\"https:\/\/www.public.sn\/\",\"name\":\"LE PUBLIC\",\"description\":\"\",\"publisher\":{\"@id\":\"https:\/\/www.public.sn\/#organization\"},\"potentialAction\":[{\"@type\":\"SearchAction\",\"target\":{\"@type\":\"EntryPoint\",\"urlTemplate\":\"https:\/\/www.public.sn\/?s={search_term_string}\"},\"query-input\":{\"@type\":\"PropertyValueSpecification\",\"valueRequired\":true,\"valueName\":\"search_term_string\"}}],\"inLanguage\":\"fr-FR\"},{\"@type\":\"Organization\",\"@id\":\"https:\/\/www.public.sn\/#organization\",\"name\":\"LE PUBLIC\",\"url\":\"https:\/\/www.public.sn\/\",\"logo\":{\"@type\":\"ImageObject\",\"inLanguage\":\"fr-FR\",\"@id\":\"https:\/\/www.public.sn\/#\/schema\/logo\/image\/\",\"url\":\"https:\/\/www.public.sn\/wp-content\/uploads\/2024\/05\/cropped-LOGO-PUBLIC.SN_.png\",\"contentUrl\":\"https:\/\/www.public.sn\/wp-content\/uploads\/2024\/05\/cropped-LOGO-PUBLIC.SN_.png\",\"width\":682,\"height\":192,\"caption\":\"LE PUBLIC\"},\"image\":{\"@id\":\"https:\/\/www.public.sn\/#\/schema\/logo\/image\/\"}},{\"@type\":\"Person\",\"@id\":\"https:\/\/www.public.sn\/#\/schema\/person\/cb76c8e1b8becc6be61fb5e92d6d0224\",\"name\":\"LA REDACTION\",\"image\":{\"@type\":\"ImageObject\",\"inLanguage\":\"fr-FR\",\"@id\":\"https:\/\/www.public.sn\/#\/schema\/person\/image\/\",\"url\":\"https:\/\/secure.gravatar.com\/avatar\/2dce5ddd34b8fef0180efe03aa2a9bee7d953856048f9a16b298190a3178407c?s=96&d=mm&r=g\",\"contentUrl\":\"https:\/\/secure.gravatar.com\/avatar\/2dce5ddd34b8fef0180efe03aa2a9bee7d953856048f9a16b298190a3178407c?s=96&d=mm&r=g\",\"caption\":\"LA REDACTION\"},\"url\":\"https:\/\/www.public.sn\/index.php\/author\/editeurpsn\/\"}]}<\/script>\n<!-- \/ Yoast SEO plugin. -->","yoast_head_json":{"title":"\u00ab Cette loi ne s\u2019appliquera pas \u00e0 Pape Cheikh Diallo et cie \u00bb : Bamba Ciss\u00e9 clarifie le texte - LE PUBLIC","robots":{"index":"index","follow":"follow","max-snippet":"max-snippet:-1","max-image-preview":"max-image-preview:large","max-video-preview":"max-video-preview:-1"},"canonical":"https:\/\/www.public.sn\/index.php\/2026\/03\/11\/cette-loi-ne-sappliquera-pas-a-pape-cheikh-diallo-et-cie-bamba-cisse-clarifie-le-texte\/","og_locale":"fr_FR","og_type":"article","og_title":"\u00ab Cette loi ne s\u2019appliquera pas \u00e0 Pape Cheikh Diallo et cie \u00bb : Bamba Ciss\u00e9 clarifie le texte - LE PUBLIC","og_description":"Lors des d\u00e9bats \u00e0 l\u2019Assembl\u00e9e nationale sur la modification de l\u2019article 319 du Code p\u00e9nal, le ministre de l\u2019Int\u00e9rieur, Bamba Ciss\u00e9, est revenu sur la&nbsp;port\u00e9e juridique de la r\u00e9forme, en particulier sur la question de la&nbsp;r\u00e9troactivit\u00e9 de la loi. Le ministre a pr\u00e9cis\u00e9 que le texte ne concernera&nbsp;pas les faits ant\u00e9rieurs \u00e0 son adoption, citant nomm\u00e9ment l\u2019animateur&nbsp;Pape Cheikh Diallo&nbsp;: \u00ab Cette loi ne s\u2019appliquera pas \u00e0 Pape Cheikh Diallo et cie. La loi p\u00e9nale ne r\u00e9troagit pas. Ceux qui seront concern\u00e9s sont ceux qui commettent ces actes apr\u00e8s le vote et la promulgation de la loi \u00bb, a-t-il expliqu\u00e9 devant les d\u00e9put\u00e9s. Bamba Ciss\u00e9 a insist\u00e9 sur la distinction entre&nbsp;qualification d\u2019une infraction et niveau des peines, soulignant une incompr\u00e9hension fr\u00e9quente dans le d\u00e9bat public. \u00ab La criminalisation n\u2019est pas qu\u2019une question de peine. Un d\u00e9lit peut parfois \u00eatre plus s\u00e9v\u00e8rement puni qu\u2019un crime \u00bb, a-t-il d\u00e9clar\u00e9. Pour illustrer son propos, le ministre a rappel\u00e9 la flexibilit\u00e9 des d\u00e9cisions judiciaires : \u00ab Quelqu\u2019un peut commettre un meurtre et \u00eatre condamn\u00e9 \u00e0 cinq ans de prison \u00bb. Concernant l\u2019acte contre nature, il a pr\u00e9cis\u00e9 : \u00ab Aujourd\u2019hui, l\u2019acte contre nature est un d\u00e9lit, mais la peine est criminelle. On parle de 5 \u00e0 10 ans. C\u2019est verrouill\u00e9 : on ne peut pas descendre en dessous de cinq ans, et le juge peut aller jusqu\u2019\u00e0 dix ans. \u00bb Selon Bamba Ciss\u00e9,&nbsp;maintenir l\u2019infraction dans le registre du d\u00e9lit tout en conservant des peines lourdes&nbsp;r\u00e9pond \u00e0 une logique d\u2019efficacit\u00e9 : \u00ab Le d\u00e9bat sur la criminalisation est souvent une incompr\u00e9hension. C\u2019est une strat\u00e9gie tr\u00e8s intelligente. \u00bb Le ministre a \u00e9galement rappel\u00e9 que la proc\u00e9dure criminelle est&nbsp;plus lourde et plus lente, ce qui peut&nbsp;ralentir le traitement des affaires&nbsp;et contribuer \u00e0 l\u2019engorgement des prisons. Pour \u00e9tayer ses propos, Bamba Ciss\u00e9 a pr\u00e9sent\u00e9 des statistiques sur les infractions sexuelles : Selon lui,&nbsp;plus de 800 affaires de viol seraient actuellement en attente de jugement en 2026, illustrant les difficult\u00e9s du syst\u00e8me judiciaire face \u00e0 l\u2019augmentation du volume des dossiers.","og_url":"https:\/\/www.public.sn\/index.php\/2026\/03\/11\/cette-loi-ne-sappliquera-pas-a-pape-cheikh-diallo-et-cie-bamba-cisse-clarifie-le-texte\/","og_site_name":"LE PUBLIC","article_published_time":"2026-03-11T22:48:52+00:00","article_modified_time":"2026-03-11T22:49:03+00:00","og_image":[{"width":1091,"height":615,"url":"https:\/\/www.public.sn\/wp-content\/uploads\/2026\/03\/Capture-decran-2026-03-11-a-22.47.37.png","type":"image\/png"}],"author":"LA REDACTION","twitter_card":"summary_large_image","twitter_misc":{"\u00c9crit par":"LA REDACTION","Dur\u00e9e de lecture estim\u00e9e":"2 minutes"},"schema":{"@context":"https:\/\/schema.org","@graph":[{"@type":"Article","@id":"https:\/\/www.public.sn\/index.php\/2026\/03\/11\/cette-loi-ne-sappliquera-pas-a-pape-cheikh-diallo-et-cie-bamba-cisse-clarifie-le-texte\/#article","isPartOf":{"@id":"https:\/\/www.public.sn\/index.php\/2026\/03\/11\/cette-loi-ne-sappliquera-pas-a-pape-cheikh-diallo-et-cie-bamba-cisse-clarifie-le-texte\/"},"author":{"name":"LA REDACTION","@id":"https:\/\/www.public.sn\/#\/schema\/person\/cb76c8e1b8becc6be61fb5e92d6d0224"},"headline":"\u00ab Cette loi ne s\u2019appliquera pas \u00e0 Pape Cheikh Diallo et cie \u00bb : Bamba Ciss\u00e9 clarifie le texte","datePublished":"2026-03-11T22:48:52+00:00","dateModified":"2026-03-11T22:49:03+00:00","mainEntityOfPage":{"@id":"https:\/\/www.public.sn\/index.php\/2026\/03\/11\/cette-loi-ne-sappliquera-pas-a-pape-cheikh-diallo-et-cie-bamba-cisse-clarifie-le-texte\/"},"wordCount":409,"commentCount":0,"publisher":{"@id":"https:\/\/www.public.sn\/#organization"},"image":{"@id":"https:\/\/www.public.sn\/index.php\/2026\/03\/11\/cette-loi-ne-sappliquera-pas-a-pape-cheikh-diallo-et-cie-bamba-cisse-clarifie-le-texte\/#primaryimage"},"thumbnailUrl":"https:\/\/www.public.sn\/wp-content\/uploads\/2026\/03\/Capture-decran-2026-03-11-a-22.47.37.png","keywords":["Bamba Ciss\u00e9","pape cheikh diallo"],"articleSection":["ACTUALIT\u00c9S","FAITS DIVERS","justice","PEOPLE"],"inLanguage":"fr-FR","potentialAction":[{"@type":"CommentAction","name":"Comment","target":["https:\/\/www.public.sn\/index.php\/2026\/03\/11\/cette-loi-ne-sappliquera-pas-a-pape-cheikh-diallo-et-cie-bamba-cisse-clarifie-le-texte\/#respond"]}]},{"@type":"WebPage","@id":"https:\/\/www.public.sn\/index.php\/2026\/03\/11\/cette-loi-ne-sappliquera-pas-a-pape-cheikh-diallo-et-cie-bamba-cisse-clarifie-le-texte\/","url":"https:\/\/www.public.sn\/index.php\/2026\/03\/11\/cette-loi-ne-sappliquera-pas-a-pape-cheikh-diallo-et-cie-bamba-cisse-clarifie-le-texte\/","name":"\u00ab Cette loi ne s\u2019appliquera pas \u00e0 Pape Cheikh Diallo et cie \u00bb : Bamba Ciss\u00e9 clarifie le texte - LE PUBLIC","isPartOf":{"@id":"https:\/\/www.public.sn\/#website"},"primaryImageOfPage":{"@id":"https:\/\/www.public.sn\/index.php\/2026\/03\/11\/cette-loi-ne-sappliquera-pas-a-pape-cheikh-diallo-et-cie-bamba-cisse-clarifie-le-texte\/#primaryimage"},"image":{"@id":"https:\/\/www.public.sn\/index.php\/2026\/03\/11\/cette-loi-ne-sappliquera-pas-a-pape-cheikh-diallo-et-cie-bamba-cisse-clarifie-le-texte\/#primaryimage"},"thumbnailUrl":"https:\/\/www.public.sn\/wp-content\/uploads\/2026\/03\/Capture-decran-2026-03-11-a-22.47.37.png","datePublished":"2026-03-11T22:48:52+00:00","dateModified":"2026-03-11T22:49:03+00:00","breadcrumb":{"@id":"https:\/\/www.public.sn\/index.php\/2026\/03\/11\/cette-loi-ne-sappliquera-pas-a-pape-cheikh-diallo-et-cie-bamba-cisse-clarifie-le-texte\/#breadcrumb"},"inLanguage":"fr-FR","potentialAction":[{"@type":"ReadAction","target":["https:\/\/www.public.sn\/index.php\/2026\/03\/11\/cette-loi-ne-sappliquera-pas-a-pape-cheikh-diallo-et-cie-bamba-cisse-clarifie-le-texte\/"]}]},{"@type":"ImageObject","inLanguage":"fr-FR","@id":"https:\/\/www.public.sn\/index.php\/2026\/03\/11\/cette-loi-ne-sappliquera-pas-a-pape-cheikh-diallo-et-cie-bamba-cisse-clarifie-le-texte\/#primaryimage","url":"https:\/\/www.public.sn\/wp-content\/uploads\/2026\/03\/Capture-decran-2026-03-11-a-22.47.37.png","contentUrl":"https:\/\/www.public.sn\/wp-content\/uploads\/2026\/03\/Capture-decran-2026-03-11-a-22.47.37.png","width":1091,"height":615},{"@type":"BreadcrumbList","@id":"https:\/\/www.public.sn\/index.php\/2026\/03\/11\/cette-loi-ne-sappliquera-pas-a-pape-cheikh-diallo-et-cie-bamba-cisse-clarifie-le-texte\/#breadcrumb","itemListElement":[{"@type":"ListItem","position":1,"name":"Accueil","item":"https:\/\/www.public.sn\/"},{"@type":"ListItem","position":2,"name":"\u00ab Cette loi ne s\u2019appliquera pas \u00e0 Pape Cheikh Diallo et cie \u00bb : Bamba Ciss\u00e9 clarifie le texte"}]},{"@type":"WebSite","@id":"https:\/\/www.public.sn\/#website","url":"https:\/\/www.public.sn\/","name":"LE PUBLIC","description":"","publisher":{"@id":"https:\/\/www.public.sn\/#organization"},"potentialAction":[{"@type":"SearchAction","target":{"@type":"EntryPoint","urlTemplate":"https:\/\/www.public.sn\/?s={search_term_string}"},"query-input":{"@type":"PropertyValueSpecification","valueRequired":true,"valueName":"search_term_string"}}],"inLanguage":"fr-FR"},{"@type":"Organization","@id":"https:\/\/www.public.sn\/#organization","name":"LE PUBLIC","url":"https:\/\/www.public.sn\/","logo":{"@type":"ImageObject","inLanguage":"fr-FR","@id":"https:\/\/www.public.sn\/#\/schema\/logo\/image\/","url":"https:\/\/www.public.sn\/wp-content\/uploads\/2024\/05\/cropped-LOGO-PUBLIC.SN_.png","contentUrl":"https:\/\/www.public.sn\/wp-content\/uploads\/2024\/05\/cropped-LOGO-PUBLIC.SN_.png","width":682,"height":192,"caption":"LE PUBLIC"},"image":{"@id":"https:\/\/www.public.sn\/#\/schema\/logo\/image\/"}},{"@type":"Person","@id":"https:\/\/www.public.sn\/#\/schema\/person\/cb76c8e1b8becc6be61fb5e92d6d0224","name":"LA REDACTION","image":{"@type":"ImageObject","inLanguage":"fr-FR","@id":"https:\/\/www.public.sn\/#\/schema\/person\/image\/","url":"https:\/\/secure.gravatar.com\/avatar\/2dce5ddd34b8fef0180efe03aa2a9bee7d953856048f9a16b298190a3178407c?s=96&d=mm&r=g","contentUrl":"https:\/\/secure.gravatar.com\/avatar\/2dce5ddd34b8fef0180efe03aa2a9bee7d953856048f9a16b298190a3178407c?s=96&d=mm&r=g","caption":"LA REDACTION"},"url":"https:\/\/www.public.sn\/index.php\/author\/editeurpsn\/"}]}},"jetpack_featured_media_url":"https:\/\/www.public.sn\/wp-content\/uploads\/2026\/03\/Capture-decran-2026-03-11-a-22.47.37.png","jetpack_sharing_enabled":true,"_links":{"self":[{"href":"https:\/\/www.public.sn\/index.php\/wp-json\/wp\/v2\/posts\/39547","targetHints":{"allow":["GET"]}}],"collection":[{"href":"https:\/\/www.public.sn\/index.php\/wp-json\/wp\/v2\/posts"}],"about":[{"href":"https:\/\/www.public.sn\/index.php\/wp-json\/wp\/v2\/types\/post"}],"author":[{"embeddable":true,"href":"https:\/\/www.public.sn\/index.php\/wp-json\/wp\/v2\/users\/7"}],"replies":[{"embeddable":true,"href":"https:\/\/www.public.sn\/index.php\/wp-json\/wp\/v2\/comments?post=39547"}],"version-history":[{"count":1,"href":"https:\/\/www.public.sn\/index.php\/wp-json\/wp\/v2\/posts\/39547\/revisions"}],"predecessor-version":[{"id":39549,"href":"https:\/\/www.public.sn\/index.php\/wp-json\/wp\/v2\/posts\/39547\/revisions\/39549"}],"wp:featuredmedia":[{"embeddable":true,"href":"https:\/\/www.public.sn\/index.php\/wp-json\/wp\/v2\/media\/39548"}],"wp:attachment":[{"href":"https:\/\/www.public.sn\/index.php\/wp-json\/wp\/v2\/media?parent=39547"}],"wp:term":[{"taxonomy":"category","embeddable":true,"href":"https:\/\/www.public.sn\/index.php\/wp-json\/wp\/v2\/categories?post=39547"},{"taxonomy":"post_tag","embeddable":true,"href":"https:\/\/www.public.sn\/index.php\/wp-json\/wp\/v2\/tags?post=39547"}],"curies":[{"name":"wp","href":"https:\/\/api.w.org\/{rel}","templated":true}]}}