{"id":39556,"date":"2026-03-13T13:05:14","date_gmt":"2026-03-13T13:05:14","guid":{"rendered":"https:\/\/www.public.sn\/?p=39556"},"modified":"2026-03-13T13:05:24","modified_gmt":"2026-03-13T13:05:24","slug":"pape-ndiaye-walf-lache-une-bombe-trois-celebrites-seront-revelees-dans-les-prochains-jours","status":"publish","type":"post","link":"https:\/\/www.public.sn\/index.php\/2026\/03\/13\/pape-ndiaye-walf-lache-une-bombe-trois-celebrites-seront-revelees-dans-les-prochains-jours\/","title":{"rendered":"Pape Ndiaye Walf l\u00e2che une bombe : \u00ab Trois c\u00e9l\u00e9brit\u00e9s seront r\u00e9v\u00e9l\u00e9es dans les prochains jours \u00bb"},"content":{"rendered":"\n<p>Le chroniqueur judiciaire&nbsp;Pape Ndiaye&nbsp;a fait de nouvelles r\u00e9v\u00e9lations concernant l\u2019affaire impliquant&nbsp;Pape Cheikh Diallo. Invit\u00e9 de l\u2019\u00e9mission matinale diffus\u00e9e sur la cha\u00eene&nbsp;Walf TV, il a indiqu\u00e9 que l\u2019enqu\u00eate pourrait conna\u00eetre de nouveaux d\u00e9veloppements dans les prochains jours.<\/p><div class=\"publi-paragraphe1\" style=\"margin-top: 10px;margin-bottom: 10px;margin-left: auto;margin-right: auto;text-align: center;\" id=\"publi-650844597\"><div class=\"publi-adlabel\">Publicit\u00e9<\/div><script async src=\"\/\/pagead2.googlesyndication.com\/pagead\/js\/adsbygoogle.js?client=ca-pub-4089586018074219\" crossorigin=\"anonymous\"><\/script><ins class=\"adsbygoogle\" style=\"display:block;\" data-ad-client=\"ca-pub-4089586018074219\" \ndata-ad-slot=\"2087940154\" \ndata-ad-format=\"auto\"><\/ins>\n<script> \n(adsbygoogle = window.adsbygoogle || []).push({}); \n<\/script>\n<\/div>\n\n\n\n<p>Selon lui, les investigations se poursuivent activement et pourraient d\u00e9boucher sur de nouvelles interpellations. Le chroniqueur affirme \u00e9galement que&nbsp;<strong>trois c\u00e9l\u00e9brit\u00e9s seraient actuellement dans le viseur des enqu\u00eateurs<\/strong>, sans toutefois d\u00e9voiler leurs identit\u00e9s pour le moment.<\/p>\n\n\n\n<p>Ces d\u00e9clarations relancent l\u2019attention autour de cette affaire d\u00e9j\u00e0 tr\u00e8s m\u00e9diatis\u00e9e, qui continue de susciter de nombreuses r\u00e9actions dans l\u2019opinion publique.<\/p>\n<div class=\"publi-apres-le-contenu\" style=\"margin-top: 10px;margin-bottom: 10px;margin-left: auto;margin-right: auto;text-align: center;\" id=\"publi-1802834396\"><div class=\"publi-adlabel\">Publicit\u00e9<\/div><script async src=\"\/\/pagead2.googlesyndication.com\/pagead\/js\/adsbygoogle.js?client=ca-pub-4089586018074219\" crossorigin=\"anonymous\"><\/script><ins class=\"adsbygoogle\" style=\"display:block;\" data-ad-client=\"ca-pub-4089586018074219\" \ndata-ad-slot=\"2087940154\" \ndata-ad-format=\"auto\"><\/ins>\n<script> \n(adsbygoogle = window.adsbygoogle || []).push({}); \n<\/script>\n<\/div>","protected":false},"excerpt":{"rendered":"<p>Le chroniqueur judiciaire&nbsp;Pape Ndiaye&nbsp;a fait de nouvelles r\u00e9v\u00e9lations concernant l\u2019affaire impliquant&nbsp;Pape Cheikh Diallo. Invit\u00e9 de l\u2019\u00e9mission matinale diffus\u00e9e sur la cha\u00eene&nbsp;Walf TV, il a indiqu\u00e9 que l\u2019enqu\u00eate pourrait conna\u00eetre de nouveaux d\u00e9veloppements dans les prochains jours. Selon lui, les investigations se poursuivent activement et pourraient d\u00e9boucher sur de nouvelles interpellations. Le chroniqueur affirme \u00e9galement que&nbsp;trois c\u00e9l\u00e9brit\u00e9s seraient actuellement dans le viseur des enqu\u00eateurs, sans toutefois d\u00e9voiler leurs identit\u00e9s pour le moment. Ces d\u00e9clarations relancent l\u2019attention autour de cette affaire d\u00e9j\u00e0 tr\u00e8s m\u00e9diatis\u00e9e, qui continue de susciter de nombreuses r\u00e9actions dans l\u2019opinion publique.<\/p>\n","protected":false},"author":7,"featured_media":39557,"comment_status":"open","ping_status":"open","sticky":false,"template":"","format":"standard","meta":{"_jetpack_memberships_contains_paid_content":false,"footnotes":""},"categories":[375,1023,5],"tags":[8297],"class_list":["post-39556","post","type-post","status-publish","format-standard","has-post-thumbnail","hentry","category-actualites","category-buzz","category-people","tag-pape-ndiaye-walf","entry","has-media","owp-thumbs-layout-horizontal","owp-btn-normal","owp-tabs-layout-horizontal","has-no-thumbnails","has-product-nav"],"yoast_head":"<!-- This site is optimized with the Yoast SEO plugin v25.5 - https:\/\/yoast.com\/wordpress\/plugins\/seo\/ -->\n<title>Pape Ndiaye Walf l\u00e2che une bombe : \u00ab Trois c\u00e9l\u00e9brit\u00e9s seront r\u00e9v\u00e9l\u00e9es dans les prochains jours \u00bb - LE PUBLIC<\/title>\n<meta name=\"robots\" content=\"index, follow, max-snippet:-1, max-image-preview:large, max-video-preview:-1\" \/>\n<link rel=\"canonical\" href=\"https:\/\/www.public.sn\/index.php\/2026\/03\/13\/pape-ndiaye-walf-lache-une-bombe-trois-celebrites-seront-revelees-dans-les-prochains-jours\/\" \/>\n<meta property=\"og:locale\" content=\"fr_FR\" \/>\n<meta property=\"og:type\" content=\"article\" \/>\n<meta property=\"og:title\" content=\"Pape Ndiaye Walf l\u00e2che une bombe : \u00ab Trois c\u00e9l\u00e9brit\u00e9s seront r\u00e9v\u00e9l\u00e9es dans les prochains jours \u00bb - LE PUBLIC\" \/>\n<meta property=\"og:description\" content=\"Le chroniqueur judiciaire&nbsp;Pape Ndiaye&nbsp;a fait de nouvelles r\u00e9v\u00e9lations concernant l\u2019affaire impliquant&nbsp;Pape Cheikh Diallo. Invit\u00e9 de l\u2019\u00e9mission matinale diffus\u00e9e sur la cha\u00eene&nbsp;Walf TV, il a indiqu\u00e9 que l\u2019enqu\u00eate pourrait conna\u00eetre de nouveaux d\u00e9veloppements dans les prochains jours. Selon lui, les investigations se poursuivent activement et pourraient d\u00e9boucher sur de nouvelles interpellations. Le chroniqueur affirme \u00e9galement que&nbsp;trois c\u00e9l\u00e9brit\u00e9s seraient actuellement dans le viseur des enqu\u00eateurs, sans toutefois d\u00e9voiler leurs identit\u00e9s pour le moment. Ces d\u00e9clarations relancent l\u2019attention autour de cette affaire d\u00e9j\u00e0 tr\u00e8s m\u00e9diatis\u00e9e, qui continue de susciter de nombreuses r\u00e9actions dans l\u2019opinion publique.\" \/>\n<meta property=\"og:url\" content=\"https:\/\/www.public.sn\/index.php\/2026\/03\/13\/pape-ndiaye-walf-lache-une-bombe-trois-celebrites-seront-revelees-dans-les-prochains-jours\/\" \/>\n<meta property=\"og:site_name\" content=\"LE PUBLIC\" \/>\n<meta property=\"article:published_time\" content=\"2026-03-13T13:05:14+00:00\" \/>\n<meta property=\"article:modified_time\" content=\"2026-03-13T13:05:24+00:00\" \/>\n<meta property=\"og:image\" content=\"https:\/\/www.public.sn\/wp-content\/uploads\/2026\/03\/Capture-decran-2026-03-13-a-13.02.26.png\" \/>\n\t<meta property=\"og:image:width\" content=\"669\" \/>\n\t<meta property=\"og:image:height\" content=\"377\" \/>\n\t<meta property=\"og:image:type\" content=\"image\/png\" \/>\n<meta name=\"author\" content=\"LA REDACTION\" \/>\n<meta name=\"twitter:card\" content=\"summary_large_image\" \/>\n<meta name=\"twitter:label1\" content=\"\u00c9crit par\" \/>\n\t<meta name=\"twitter:data1\" content=\"LA REDACTION\" \/>\n\t<meta name=\"twitter:label2\" content=\"Dur\u00e9e de lecture estim\u00e9e\" \/>\n\t<meta name=\"twitter:data2\" content=\"1 minute\" \/>\n<script type=\"application\/ld+json\" class=\"yoast-schema-graph\">{\"@context\":\"https:\/\/schema.org\",\"@graph\":[{\"@type\":\"Article\",\"@id\":\"https:\/\/www.public.sn\/index.php\/2026\/03\/13\/pape-ndiaye-walf-lache-une-bombe-trois-celebrites-seront-revelees-dans-les-prochains-jours\/#article\",\"isPartOf\":{\"@id\":\"https:\/\/www.public.sn\/index.php\/2026\/03\/13\/pape-ndiaye-walf-lache-une-bombe-trois-celebrites-seront-revelees-dans-les-prochains-jours\/\"},\"author\":{\"name\":\"LA REDACTION\",\"@id\":\"https:\/\/www.public.sn\/#\/schema\/person\/cb76c8e1b8becc6be61fb5e92d6d0224\"},\"headline\":\"Pape Ndiaye Walf l\u00e2che une bombe : \u00ab Trois c\u00e9l\u00e9brit\u00e9s seront r\u00e9v\u00e9l\u00e9es dans les prochains jours \u00bb\",\"datePublished\":\"2026-03-13T13:05:14+00:00\",\"dateModified\":\"2026-03-13T13:05:24+00:00\",\"mainEntityOfPage\":{\"@id\":\"https:\/\/www.public.sn\/index.php\/2026\/03\/13\/pape-ndiaye-walf-lache-une-bombe-trois-celebrites-seront-revelees-dans-les-prochains-jours\/\"},\"wordCount\":148,\"commentCount\":0,\"publisher\":{\"@id\":\"https:\/\/www.public.sn\/#organization\"},\"image\":{\"@id\":\"https:\/\/www.public.sn\/index.php\/2026\/03\/13\/pape-ndiaye-walf-lache-une-bombe-trois-celebrites-seront-revelees-dans-les-prochains-jours\/#primaryimage\"},\"thumbnailUrl\":\"https:\/\/www.public.sn\/wp-content\/uploads\/2026\/03\/Capture-decran-2026-03-13-a-13.02.26.png\",\"keywords\":[\"Pape Ndiaye Walf\"],\"articleSection\":[\"ACTUALIT\u00c9S\",\"BUZZ\",\"PEOPLE\"],\"inLanguage\":\"fr-FR\",\"potentialAction\":[{\"@type\":\"CommentAction\",\"name\":\"Comment\",\"target\":[\"https:\/\/www.public.sn\/index.php\/2026\/03\/13\/pape-ndiaye-walf-lache-une-bombe-trois-celebrites-seront-revelees-dans-les-prochains-jours\/#respond\"]}]},{\"@type\":\"WebPage\",\"@id\":\"https:\/\/www.public.sn\/index.php\/2026\/03\/13\/pape-ndiaye-walf-lache-une-bombe-trois-celebrites-seront-revelees-dans-les-prochains-jours\/\",\"url\":\"https:\/\/www.public.sn\/index.php\/2026\/03\/13\/pape-ndiaye-walf-lache-une-bombe-trois-celebrites-seront-revelees-dans-les-prochains-jours\/\",\"name\":\"Pape Ndiaye Walf l\u00e2che une bombe : \u00ab Trois c\u00e9l\u00e9brit\u00e9s seront r\u00e9v\u00e9l\u00e9es dans les prochains jours \u00bb - LE PUBLIC\",\"isPartOf\":{\"@id\":\"https:\/\/www.public.sn\/#website\"},\"primaryImageOfPage\":{\"@id\":\"https:\/\/www.public.sn\/index.php\/2026\/03\/13\/pape-ndiaye-walf-lache-une-bombe-trois-celebrites-seront-revelees-dans-les-prochains-jours\/#primaryimage\"},\"image\":{\"@id\":\"https:\/\/www.public.sn\/index.php\/2026\/03\/13\/pape-ndiaye-walf-lache-une-bombe-trois-celebrites-seront-revelees-dans-les-prochains-jours\/#primaryimage\"},\"thumbnailUrl\":\"https:\/\/www.public.sn\/wp-content\/uploads\/2026\/03\/Capture-decran-2026-03-13-a-13.02.26.png\",\"datePublished\":\"2026-03-13T13:05:14+00:00\",\"dateModified\":\"2026-03-13T13:05:24+00:00\",\"breadcrumb\":{\"@id\":\"https:\/\/www.public.sn\/index.php\/2026\/03\/13\/pape-ndiaye-walf-lache-une-bombe-trois-celebrites-seront-revelees-dans-les-prochains-jours\/#breadcrumb\"},\"inLanguage\":\"fr-FR\",\"potentialAction\":[{\"@type\":\"ReadAction\",\"target\":[\"https:\/\/www.public.sn\/index.php\/2026\/03\/13\/pape-ndiaye-walf-lache-une-bombe-trois-celebrites-seront-revelees-dans-les-prochains-jours\/\"]}]},{\"@type\":\"ImageObject\",\"inLanguage\":\"fr-FR\",\"@id\":\"https:\/\/www.public.sn\/index.php\/2026\/03\/13\/pape-ndiaye-walf-lache-une-bombe-trois-celebrites-seront-revelees-dans-les-prochains-jours\/#primaryimage\",\"url\":\"https:\/\/www.public.sn\/wp-content\/uploads\/2026\/03\/Capture-decran-2026-03-13-a-13.02.26.png\",\"contentUrl\":\"https:\/\/www.public.sn\/wp-content\/uploads\/2026\/03\/Capture-decran-2026-03-13-a-13.02.26.png\",\"width\":669,\"height\":377},{\"@type\":\"BreadcrumbList\",\"@id\":\"https:\/\/www.public.sn\/index.php\/2026\/03\/13\/pape-ndiaye-walf-lache-une-bombe-trois-celebrites-seront-revelees-dans-les-prochains-jours\/#breadcrumb\",\"itemListElement\":[{\"@type\":\"ListItem\",\"position\":1,\"name\":\"Accueil\",\"item\":\"https:\/\/www.public.sn\/\"},{\"@type\":\"ListItem\",\"position\":2,\"name\":\"Pape Ndiaye Walf l\u00e2che une bombe : \u00ab Trois c\u00e9l\u00e9brit\u00e9s seront r\u00e9v\u00e9l\u00e9es dans les prochains jours \u00bb\"}]},{\"@type\":\"WebSite\",\"@id\":\"https:\/\/www.public.sn\/#website\",\"url\":\"https:\/\/www.public.sn\/\",\"name\":\"LE PUBLIC\",\"description\":\"\",\"publisher\":{\"@id\":\"https:\/\/www.public.sn\/#organization\"},\"potentialAction\":[{\"@type\":\"SearchAction\",\"target\":{\"@type\":\"EntryPoint\",\"urlTemplate\":\"https:\/\/www.public.sn\/?s={search_term_string}\"},\"query-input\":{\"@type\":\"PropertyValueSpecification\",\"valueRequired\":true,\"valueName\":\"search_term_string\"}}],\"inLanguage\":\"fr-FR\"},{\"@type\":\"Organization\",\"@id\":\"https:\/\/www.public.sn\/#organization\",\"name\":\"LE PUBLIC\",\"url\":\"https:\/\/www.public.sn\/\",\"logo\":{\"@type\":\"ImageObject\",\"inLanguage\":\"fr-FR\",\"@id\":\"https:\/\/www.public.sn\/#\/schema\/logo\/image\/\",\"url\":\"https:\/\/www.public.sn\/wp-content\/uploads\/2024\/05\/cropped-LOGO-PUBLIC.SN_.png\",\"contentUrl\":\"https:\/\/www.public.sn\/wp-content\/uploads\/2024\/05\/cropped-LOGO-PUBLIC.SN_.png\",\"width\":682,\"height\":192,\"caption\":\"LE PUBLIC\"},\"image\":{\"@id\":\"https:\/\/www.public.sn\/#\/schema\/logo\/image\/\"}},{\"@type\":\"Person\",\"@id\":\"https:\/\/www.public.sn\/#\/schema\/person\/cb76c8e1b8becc6be61fb5e92d6d0224\",\"name\":\"LA REDACTION\",\"image\":{\"@type\":\"ImageObject\",\"inLanguage\":\"fr-FR\",\"@id\":\"https:\/\/www.public.sn\/#\/schema\/person\/image\/\",\"url\":\"https:\/\/secure.gravatar.com\/avatar\/2dce5ddd34b8fef0180efe03aa2a9bee7d953856048f9a16b298190a3178407c?s=96&d=mm&r=g\",\"contentUrl\":\"https:\/\/secure.gravatar.com\/avatar\/2dce5ddd34b8fef0180efe03aa2a9bee7d953856048f9a16b298190a3178407c?s=96&d=mm&r=g\",\"caption\":\"LA REDACTION\"},\"url\":\"https:\/\/www.public.sn\/index.php\/author\/editeurpsn\/\"}]}<\/script>\n<!-- \/ Yoast SEO plugin. -->","yoast_head_json":{"title":"Pape Ndiaye Walf l\u00e2che une bombe : \u00ab Trois c\u00e9l\u00e9brit\u00e9s seront r\u00e9v\u00e9l\u00e9es dans les prochains jours \u00bb - LE PUBLIC","robots":{"index":"index","follow":"follow","max-snippet":"max-snippet:-1","max-image-preview":"max-image-preview:large","max-video-preview":"max-video-preview:-1"},"canonical":"https:\/\/www.public.sn\/index.php\/2026\/03\/13\/pape-ndiaye-walf-lache-une-bombe-trois-celebrites-seront-revelees-dans-les-prochains-jours\/","og_locale":"fr_FR","og_type":"article","og_title":"Pape Ndiaye Walf l\u00e2che une bombe : \u00ab Trois c\u00e9l\u00e9brit\u00e9s seront r\u00e9v\u00e9l\u00e9es dans les prochains jours \u00bb - LE PUBLIC","og_description":"Le chroniqueur judiciaire&nbsp;Pape Ndiaye&nbsp;a fait de nouvelles r\u00e9v\u00e9lations concernant l\u2019affaire impliquant&nbsp;Pape Cheikh Diallo. Invit\u00e9 de l\u2019\u00e9mission matinale diffus\u00e9e sur la cha\u00eene&nbsp;Walf TV, il a indiqu\u00e9 que l\u2019enqu\u00eate pourrait conna\u00eetre de nouveaux d\u00e9veloppements dans les prochains jours. Selon lui, les investigations se poursuivent activement et pourraient d\u00e9boucher sur de nouvelles interpellations. Le chroniqueur affirme \u00e9galement que&nbsp;trois c\u00e9l\u00e9brit\u00e9s seraient actuellement dans le viseur des enqu\u00eateurs, sans toutefois d\u00e9voiler leurs identit\u00e9s pour le moment. Ces d\u00e9clarations relancent l\u2019attention autour de cette affaire d\u00e9j\u00e0 tr\u00e8s m\u00e9diatis\u00e9e, qui continue de susciter de nombreuses r\u00e9actions dans l\u2019opinion publique.","og_url":"https:\/\/www.public.sn\/index.php\/2026\/03\/13\/pape-ndiaye-walf-lache-une-bombe-trois-celebrites-seront-revelees-dans-les-prochains-jours\/","og_site_name":"LE PUBLIC","article_published_time":"2026-03-13T13:05:14+00:00","article_modified_time":"2026-03-13T13:05:24+00:00","og_image":[{"width":669,"height":377,"url":"https:\/\/www.public.sn\/wp-content\/uploads\/2026\/03\/Capture-decran-2026-03-13-a-13.02.26.png","type":"image\/png"}],"author":"LA REDACTION","twitter_card":"summary_large_image","twitter_misc":{"\u00c9crit par":"LA REDACTION","Dur\u00e9e de lecture estim\u00e9e":"1 minute"},"schema":{"@context":"https:\/\/schema.org","@graph":[{"@type":"Article","@id":"https:\/\/www.public.sn\/index.php\/2026\/03\/13\/pape-ndiaye-walf-lache-une-bombe-trois-celebrites-seront-revelees-dans-les-prochains-jours\/#article","isPartOf":{"@id":"https:\/\/www.public.sn\/index.php\/2026\/03\/13\/pape-ndiaye-walf-lache-une-bombe-trois-celebrites-seront-revelees-dans-les-prochains-jours\/"},"author":{"name":"LA REDACTION","@id":"https:\/\/www.public.sn\/#\/schema\/person\/cb76c8e1b8becc6be61fb5e92d6d0224"},"headline":"Pape Ndiaye Walf l\u00e2che une bombe : \u00ab Trois c\u00e9l\u00e9brit\u00e9s seront r\u00e9v\u00e9l\u00e9es dans les prochains jours \u00bb","datePublished":"2026-03-13T13:05:14+00:00","dateModified":"2026-03-13T13:05:24+00:00","mainEntityOfPage":{"@id":"https:\/\/www.public.sn\/index.php\/2026\/03\/13\/pape-ndiaye-walf-lache-une-bombe-trois-celebrites-seront-revelees-dans-les-prochains-jours\/"},"wordCount":148,"commentCount":0,"publisher":{"@id":"https:\/\/www.public.sn\/#organization"},"image":{"@id":"https:\/\/www.public.sn\/index.php\/2026\/03\/13\/pape-ndiaye-walf-lache-une-bombe-trois-celebrites-seront-revelees-dans-les-prochains-jours\/#primaryimage"},"thumbnailUrl":"https:\/\/www.public.sn\/wp-content\/uploads\/2026\/03\/Capture-decran-2026-03-13-a-13.02.26.png","keywords":["Pape Ndiaye Walf"],"articleSection":["ACTUALIT\u00c9S","BUZZ","PEOPLE"],"inLanguage":"fr-FR","potentialAction":[{"@type":"CommentAction","name":"Comment","target":["https:\/\/www.public.sn\/index.php\/2026\/03\/13\/pape-ndiaye-walf-lache-une-bombe-trois-celebrites-seront-revelees-dans-les-prochains-jours\/#respond"]}]},{"@type":"WebPage","@id":"https:\/\/www.public.sn\/index.php\/2026\/03\/13\/pape-ndiaye-walf-lache-une-bombe-trois-celebrites-seront-revelees-dans-les-prochains-jours\/","url":"https:\/\/www.public.sn\/index.php\/2026\/03\/13\/pape-ndiaye-walf-lache-une-bombe-trois-celebrites-seront-revelees-dans-les-prochains-jours\/","name":"Pape Ndiaye Walf l\u00e2che une bombe : \u00ab Trois c\u00e9l\u00e9brit\u00e9s seront r\u00e9v\u00e9l\u00e9es dans les prochains jours \u00bb - LE PUBLIC","isPartOf":{"@id":"https:\/\/www.public.sn\/#website"},"primaryImageOfPage":{"@id":"https:\/\/www.public.sn\/index.php\/2026\/03\/13\/pape-ndiaye-walf-lache-une-bombe-trois-celebrites-seront-revelees-dans-les-prochains-jours\/#primaryimage"},"image":{"@id":"https:\/\/www.public.sn\/index.php\/2026\/03\/13\/pape-ndiaye-walf-lache-une-bombe-trois-celebrites-seront-revelees-dans-les-prochains-jours\/#primaryimage"},"thumbnailUrl":"https:\/\/www.public.sn\/wp-content\/uploads\/2026\/03\/Capture-decran-2026-03-13-a-13.02.26.png","datePublished":"2026-03-13T13:05:14+00:00","dateModified":"2026-03-13T13:05:24+00:00","breadcrumb":{"@id":"https:\/\/www.public.sn\/index.php\/2026\/03\/13\/pape-ndiaye-walf-lache-une-bombe-trois-celebrites-seront-revelees-dans-les-prochains-jours\/#breadcrumb"},"inLanguage":"fr-FR","potentialAction":[{"@type":"ReadAction","target":["https:\/\/www.public.sn\/index.php\/2026\/03\/13\/pape-ndiaye-walf-lache-une-bombe-trois-celebrites-seront-revelees-dans-les-prochains-jours\/"]}]},{"@type":"ImageObject","inLanguage":"fr-FR","@id":"https:\/\/www.public.sn\/index.php\/2026\/03\/13\/pape-ndiaye-walf-lache-une-bombe-trois-celebrites-seront-revelees-dans-les-prochains-jours\/#primaryimage","url":"https:\/\/www.public.sn\/wp-content\/uploads\/2026\/03\/Capture-decran-2026-03-13-a-13.02.26.png","contentUrl":"https:\/\/www.public.sn\/wp-content\/uploads\/2026\/03\/Capture-decran-2026-03-13-a-13.02.26.png","width":669,"height":377},{"@type":"BreadcrumbList","@id":"https:\/\/www.public.sn\/index.php\/2026\/03\/13\/pape-ndiaye-walf-lache-une-bombe-trois-celebrites-seront-revelees-dans-les-prochains-jours\/#breadcrumb","itemListElement":[{"@type":"ListItem","position":1,"name":"Accueil","item":"https:\/\/www.public.sn\/"},{"@type":"ListItem","position":2,"name":"Pape Ndiaye Walf l\u00e2che une bombe : \u00ab Trois c\u00e9l\u00e9brit\u00e9s seront r\u00e9v\u00e9l\u00e9es dans les prochains jours \u00bb"}]},{"@type":"WebSite","@id":"https:\/\/www.public.sn\/#website","url":"https:\/\/www.public.sn\/","name":"LE PUBLIC","description":"","publisher":{"@id":"https:\/\/www.public.sn\/#organization"},"potentialAction":[{"@type":"SearchAction","target":{"@type":"EntryPoint","urlTemplate":"https:\/\/www.public.sn\/?s={search_term_string}"},"query-input":{"@type":"PropertyValueSpecification","valueRequired":true,"valueName":"search_term_string"}}],"inLanguage":"fr-FR"},{"@type":"Organization","@id":"https:\/\/www.public.sn\/#organization","name":"LE PUBLIC","url":"https:\/\/www.public.sn\/","logo":{"@type":"ImageObject","inLanguage":"fr-FR","@id":"https:\/\/www.public.sn\/#\/schema\/logo\/image\/","url":"https:\/\/www.public.sn\/wp-content\/uploads\/2024\/05\/cropped-LOGO-PUBLIC.SN_.png","contentUrl":"https:\/\/www.public.sn\/wp-content\/uploads\/2024\/05\/cropped-LOGO-PUBLIC.SN_.png","width":682,"height":192,"caption":"LE PUBLIC"},"image":{"@id":"https:\/\/www.public.sn\/#\/schema\/logo\/image\/"}},{"@type":"Person","@id":"https:\/\/www.public.sn\/#\/schema\/person\/cb76c8e1b8becc6be61fb5e92d6d0224","name":"LA REDACTION","image":{"@type":"ImageObject","inLanguage":"fr-FR","@id":"https:\/\/www.public.sn\/#\/schema\/person\/image\/","url":"https:\/\/secure.gravatar.com\/avatar\/2dce5ddd34b8fef0180efe03aa2a9bee7d953856048f9a16b298190a3178407c?s=96&d=mm&r=g","contentUrl":"https:\/\/secure.gravatar.com\/avatar\/2dce5ddd34b8fef0180efe03aa2a9bee7d953856048f9a16b298190a3178407c?s=96&d=mm&r=g","caption":"LA REDACTION"},"url":"https:\/\/www.public.sn\/index.php\/author\/editeurpsn\/"}]}},"jetpack_featured_media_url":"https:\/\/www.public.sn\/wp-content\/uploads\/2026\/03\/Capture-decran-2026-03-13-a-13.02.26.png","jetpack_sharing_enabled":true,"_links":{"self":[{"href":"https:\/\/www.public.sn\/index.php\/wp-json\/wp\/v2\/posts\/39556","targetHints":{"allow":["GET"]}}],"collection":[{"href":"https:\/\/www.public.sn\/index.php\/wp-json\/wp\/v2\/posts"}],"about":[{"href":"https:\/\/www.public.sn\/index.php\/wp-json\/wp\/v2\/types\/post"}],"author":[{"embeddable":true,"href":"https:\/\/www.public.sn\/index.php\/wp-json\/wp\/v2\/users\/7"}],"replies":[{"embeddable":true,"href":"https:\/\/www.public.sn\/index.php\/wp-json\/wp\/v2\/comments?post=39556"}],"version-history":[{"count":1,"href":"https:\/\/www.public.sn\/index.php\/wp-json\/wp\/v2\/posts\/39556\/revisions"}],"predecessor-version":[{"id":39558,"href":"https:\/\/www.public.sn\/index.php\/wp-json\/wp\/v2\/posts\/39556\/revisions\/39558"}],"wp:featuredmedia":[{"embeddable":true,"href":"https:\/\/www.public.sn\/index.php\/wp-json\/wp\/v2\/media\/39557"}],"wp:attachment":[{"href":"https:\/\/www.public.sn\/index.php\/wp-json\/wp\/v2\/media?parent=39556"}],"wp:term":[{"taxonomy":"category","embeddable":true,"href":"https:\/\/www.public.sn\/index.php\/wp-json\/wp\/v2\/categories?post=39556"},{"taxonomy":"post_tag","embeddable":true,"href":"https:\/\/www.public.sn\/index.php\/wp-json\/wp\/v2\/tags?post=39556"}],"curies":[{"name":"wp","href":"https:\/\/api.w.org\/{rel}","templated":true}]}}