{"id":39559,"date":"2026-03-13T13:20:32","date_gmt":"2026-03-13T13:20:32","guid":{"rendered":"https:\/\/www.public.sn\/?p=39559"},"modified":"2026-03-13T13:20:45","modified_gmt":"2026-03-13T13:20:45","slug":"combat-boy-niang-vs-reug-reug-la-nouvelle-date-devoilee","status":"publish","type":"post","link":"https:\/\/www.public.sn\/index.php\/2026\/03\/13\/combat-boy-niang-vs-reug-reug-la-nouvelle-date-devoilee\/","title":{"rendered":"Combat Boy Niang vs Reug Reug : la nouvelle date d\u00e9voil\u00e9e"},"content":{"rendered":"\n<p>Le combat de lutte entre&nbsp;Boy Niang 2&nbsp;et&nbsp;Reug Reug&nbsp;continue d\u2019alimenter les discussions dans l\u2019ar\u00e8ne s\u00e9n\u00e9galaise. Tr\u00e8s attendu par les amateurs, ce duel avait \u00e9t\u00e9 ficel\u00e9 depuis la saison 2023-2024. Toutefois, il a \u00e9t\u00e9 report\u00e9 \u00e0 plusieurs reprises en raison de probl\u00e8mes m\u00e9dicaux \u00e9voqu\u00e9s par les deux lutteurs \u00e0 quelques mois de l\u2019affiche. Ces reports successifs ont longtemps entretenu le suspense autour de cette confrontation tr\u00e8s attendue.<\/p><div class=\"publi-paragraphe1\" style=\"margin-top: 10px;margin-bottom: 10px;margin-left: auto;margin-right: auto;text-align: center;\" id=\"publi-2747046290\"><div class=\"publi-adlabel\">Publicit\u00e9<\/div><script async src=\"\/\/pagead2.googlesyndication.com\/pagead\/js\/adsbygoogle.js?client=ca-pub-4089586018074219\" crossorigin=\"anonymous\"><\/script><ins class=\"adsbygoogle\" style=\"display:block;\" data-ad-client=\"ca-pub-4089586018074219\" \ndata-ad-slot=\"2087940154\" \ndata-ad-format=\"auto\"><\/ins>\n<script> \n(adsbygoogle = window.adsbygoogle || []).push({}); \n<\/script>\n<\/div>\n\n\n\n<p>Bonne nouvelle pour les f\u00e9rus de lutte. Les deux champions, d\u00e9sormais en pleine forme, se disent pr\u00eats \u00e0 en d\u00e9coudre pour r\u00e9pondre \u00e0 l\u2019impatience des amateurs qui attendent ce choc depuis plusieurs saisons.<\/p>\n\n\n\n<p>Selon&nbsp;Lutte TV, le combat devrait finalement se tenir&nbsp;<strong>le 7 juin 2026<\/strong>, sauf nouveau contretemps.<\/p>\n\n\n\n<p>Cette affiche promet un face-\u00e0-face explosif entre deux lutteurs d\u00e9termin\u00e9s \u00e0 marquer les esprits et \u00e0 s\u2019imposer comme l\u2019un des hommes forts de l\u2019ar\u00e8ne.<\/p>\n<div class=\"publi-apres-le-contenu\" style=\"margin-top: 10px;margin-bottom: 10px;margin-left: auto;margin-right: auto;text-align: center;\" id=\"publi-3852433503\"><div class=\"publi-adlabel\">Publicit\u00e9<\/div><script async src=\"\/\/pagead2.googlesyndication.com\/pagead\/js\/adsbygoogle.js?client=ca-pub-4089586018074219\" crossorigin=\"anonymous\"><\/script><ins class=\"adsbygoogle\" style=\"display:block;\" data-ad-client=\"ca-pub-4089586018074219\" \ndata-ad-slot=\"2087940154\" \ndata-ad-format=\"auto\"><\/ins>\n<script> \n(adsbygoogle = window.adsbygoogle || []).push({}); \n<\/script>\n<\/div>","protected":false},"excerpt":{"rendered":"<p>Le combat de lutte entre&nbsp;Boy Niang 2&nbsp;et&nbsp;Reug Reug&nbsp;continue d\u2019alimenter les discussions dans l\u2019ar\u00e8ne s\u00e9n\u00e9galaise. Tr\u00e8s attendu par les amateurs, ce duel avait \u00e9t\u00e9 ficel\u00e9 depuis la saison 2023-2024. Toutefois, il a \u00e9t\u00e9 report\u00e9 \u00e0 plusieurs reprises en raison de probl\u00e8mes m\u00e9dicaux \u00e9voqu\u00e9s par les deux lutteurs \u00e0 quelques mois de l\u2019affiche. Ces reports successifs ont longtemps entretenu le suspense autour de cette confrontation tr\u00e8s attendue. Bonne nouvelle pour les f\u00e9rus de lutte. Les deux champions, d\u00e9sormais en pleine forme, se disent pr\u00eats \u00e0 en d\u00e9coudre pour r\u00e9pondre \u00e0 l\u2019impatience des amateurs qui attendent ce choc depuis plusieurs saisons. Selon&nbsp;Lutte TV, le combat devrait finalement se tenir&nbsp;le 7 juin 2026, sauf nouveau contretemps. Cette affiche promet un face-\u00e0-face explosif entre deux lutteurs d\u00e9termin\u00e9s \u00e0 marquer les esprits et \u00e0 s\u2019imposer comme l\u2019un des hommes forts de l\u2019ar\u00e8ne.<\/p>\n","protected":false},"author":7,"featured_media":39560,"comment_status":"open","ping_status":"open","sticky":false,"template":"","format":"standard","meta":{"_jetpack_memberships_contains_paid_content":false,"footnotes":""},"categories":[375,902,7],"tags":[4194,1845],"class_list":["post-39559","post","type-post","status-publish","format-standard","has-post-thumbnail","hentry","category-actualites","category-lutte-senegalaise","category-sport","tag-boy-niang","tag-combat","entry","has-media","owp-thumbs-layout-horizontal","owp-btn-normal","owp-tabs-layout-horizontal","has-no-thumbnails","has-product-nav"],"yoast_head":"<!-- This site is optimized with the Yoast SEO plugin v25.5 - https:\/\/yoast.com\/wordpress\/plugins\/seo\/ -->\n<title>Combat Boy Niang vs Reug Reug : la nouvelle date d\u00e9voil\u00e9e - LE PUBLIC<\/title>\n<meta name=\"robots\" content=\"index, follow, max-snippet:-1, max-image-preview:large, max-video-preview:-1\" \/>\n<link rel=\"canonical\" href=\"https:\/\/www.public.sn\/index.php\/2026\/03\/13\/combat-boy-niang-vs-reug-reug-la-nouvelle-date-devoilee\/\" \/>\n<meta property=\"og:locale\" content=\"fr_FR\" \/>\n<meta property=\"og:type\" content=\"article\" \/>\n<meta property=\"og:title\" content=\"Combat Boy Niang vs Reug Reug : la nouvelle date d\u00e9voil\u00e9e - LE PUBLIC\" \/>\n<meta property=\"og:description\" content=\"Le combat de lutte entre&nbsp;Boy Niang 2&nbsp;et&nbsp;Reug Reug&nbsp;continue d\u2019alimenter les discussions dans l\u2019ar\u00e8ne s\u00e9n\u00e9galaise. Tr\u00e8s attendu par les amateurs, ce duel avait \u00e9t\u00e9 ficel\u00e9 depuis la saison 2023-2024. Toutefois, il a \u00e9t\u00e9 report\u00e9 \u00e0 plusieurs reprises en raison de probl\u00e8mes m\u00e9dicaux \u00e9voqu\u00e9s par les deux lutteurs \u00e0 quelques mois de l\u2019affiche. Ces reports successifs ont longtemps entretenu le suspense autour de cette confrontation tr\u00e8s attendue. Bonne nouvelle pour les f\u00e9rus de lutte. Les deux champions, d\u00e9sormais en pleine forme, se disent pr\u00eats \u00e0 en d\u00e9coudre pour r\u00e9pondre \u00e0 l\u2019impatience des amateurs qui attendent ce choc depuis plusieurs saisons. Selon&nbsp;Lutte TV, le combat devrait finalement se tenir&nbsp;le 7 juin 2026, sauf nouveau contretemps. Cette affiche promet un face-\u00e0-face explosif entre deux lutteurs d\u00e9termin\u00e9s \u00e0 marquer les esprits et \u00e0 s\u2019imposer comme l\u2019un des hommes forts de l\u2019ar\u00e8ne.\" \/>\n<meta property=\"og:url\" content=\"https:\/\/www.public.sn\/index.php\/2026\/03\/13\/combat-boy-niang-vs-reug-reug-la-nouvelle-date-devoilee\/\" \/>\n<meta property=\"og:site_name\" content=\"LE PUBLIC\" \/>\n<meta property=\"article:published_time\" content=\"2026-03-13T13:20:32+00:00\" \/>\n<meta property=\"article:modified_time\" content=\"2026-03-13T13:20:45+00:00\" \/>\n<meta property=\"og:image\" content=\"https:\/\/www.public.sn\/wp-content\/uploads\/2026\/03\/Capture-decran-2026-03-13-a-13.18.21.png\" \/>\n\t<meta property=\"og:image:width\" content=\"772\" \/>\n\t<meta property=\"og:image:height\" content=\"435\" \/>\n\t<meta property=\"og:image:type\" content=\"image\/png\" \/>\n<meta name=\"author\" content=\"LA REDACTION\" \/>\n<meta name=\"twitter:card\" content=\"summary_large_image\" \/>\n<meta name=\"twitter:label1\" content=\"\u00c9crit par\" \/>\n\t<meta name=\"twitter:data1\" content=\"LA REDACTION\" \/>\n\t<meta name=\"twitter:label2\" content=\"Dur\u00e9e de lecture estim\u00e9e\" \/>\n\t<meta name=\"twitter:data2\" content=\"1 minute\" \/>\n<script type=\"application\/ld+json\" class=\"yoast-schema-graph\">{\"@context\":\"https:\/\/schema.org\",\"@graph\":[{\"@type\":\"Article\",\"@id\":\"https:\/\/www.public.sn\/index.php\/2026\/03\/13\/combat-boy-niang-vs-reug-reug-la-nouvelle-date-devoilee\/#article\",\"isPartOf\":{\"@id\":\"https:\/\/www.public.sn\/index.php\/2026\/03\/13\/combat-boy-niang-vs-reug-reug-la-nouvelle-date-devoilee\/\"},\"author\":{\"name\":\"LA REDACTION\",\"@id\":\"https:\/\/www.public.sn\/#\/schema\/person\/cb76c8e1b8becc6be61fb5e92d6d0224\"},\"headline\":\"Combat Boy Niang vs Reug Reug : la nouvelle date d\u00e9voil\u00e9e\",\"datePublished\":\"2026-03-13T13:20:32+00:00\",\"dateModified\":\"2026-03-13T13:20:45+00:00\",\"mainEntityOfPage\":{\"@id\":\"https:\/\/www.public.sn\/index.php\/2026\/03\/13\/combat-boy-niang-vs-reug-reug-la-nouvelle-date-devoilee\/\"},\"wordCount\":175,\"commentCount\":0,\"publisher\":{\"@id\":\"https:\/\/www.public.sn\/#organization\"},\"image\":{\"@id\":\"https:\/\/www.public.sn\/index.php\/2026\/03\/13\/combat-boy-niang-vs-reug-reug-la-nouvelle-date-devoilee\/#primaryimage\"},\"thumbnailUrl\":\"https:\/\/www.public.sn\/wp-content\/uploads\/2026\/03\/Capture-decran-2026-03-13-a-13.18.21.png\",\"keywords\":[\"Boy Niang\",\"combat\"],\"articleSection\":[\"ACTUALIT\u00c9S\",\"LUTTE S\u00c9N\u00c9GALAISE\",\"SPORTS\"],\"inLanguage\":\"fr-FR\",\"potentialAction\":[{\"@type\":\"CommentAction\",\"name\":\"Comment\",\"target\":[\"https:\/\/www.public.sn\/index.php\/2026\/03\/13\/combat-boy-niang-vs-reug-reug-la-nouvelle-date-devoilee\/#respond\"]}]},{\"@type\":\"WebPage\",\"@id\":\"https:\/\/www.public.sn\/index.php\/2026\/03\/13\/combat-boy-niang-vs-reug-reug-la-nouvelle-date-devoilee\/\",\"url\":\"https:\/\/www.public.sn\/index.php\/2026\/03\/13\/combat-boy-niang-vs-reug-reug-la-nouvelle-date-devoilee\/\",\"name\":\"Combat Boy Niang vs Reug Reug : la nouvelle date d\u00e9voil\u00e9e - LE PUBLIC\",\"isPartOf\":{\"@id\":\"https:\/\/www.public.sn\/#website\"},\"primaryImageOfPage\":{\"@id\":\"https:\/\/www.public.sn\/index.php\/2026\/03\/13\/combat-boy-niang-vs-reug-reug-la-nouvelle-date-devoilee\/#primaryimage\"},\"image\":{\"@id\":\"https:\/\/www.public.sn\/index.php\/2026\/03\/13\/combat-boy-niang-vs-reug-reug-la-nouvelle-date-devoilee\/#primaryimage\"},\"thumbnailUrl\":\"https:\/\/www.public.sn\/wp-content\/uploads\/2026\/03\/Capture-decran-2026-03-13-a-13.18.21.png\",\"datePublished\":\"2026-03-13T13:20:32+00:00\",\"dateModified\":\"2026-03-13T13:20:45+00:00\",\"breadcrumb\":{\"@id\":\"https:\/\/www.public.sn\/index.php\/2026\/03\/13\/combat-boy-niang-vs-reug-reug-la-nouvelle-date-devoilee\/#breadcrumb\"},\"inLanguage\":\"fr-FR\",\"potentialAction\":[{\"@type\":\"ReadAction\",\"target\":[\"https:\/\/www.public.sn\/index.php\/2026\/03\/13\/combat-boy-niang-vs-reug-reug-la-nouvelle-date-devoilee\/\"]}]},{\"@type\":\"ImageObject\",\"inLanguage\":\"fr-FR\",\"@id\":\"https:\/\/www.public.sn\/index.php\/2026\/03\/13\/combat-boy-niang-vs-reug-reug-la-nouvelle-date-devoilee\/#primaryimage\",\"url\":\"https:\/\/www.public.sn\/wp-content\/uploads\/2026\/03\/Capture-decran-2026-03-13-a-13.18.21.png\",\"contentUrl\":\"https:\/\/www.public.sn\/wp-content\/uploads\/2026\/03\/Capture-decran-2026-03-13-a-13.18.21.png\",\"width\":772,\"height\":435},{\"@type\":\"BreadcrumbList\",\"@id\":\"https:\/\/www.public.sn\/index.php\/2026\/03\/13\/combat-boy-niang-vs-reug-reug-la-nouvelle-date-devoilee\/#breadcrumb\",\"itemListElement\":[{\"@type\":\"ListItem\",\"position\":1,\"name\":\"Accueil\",\"item\":\"https:\/\/www.public.sn\/\"},{\"@type\":\"ListItem\",\"position\":2,\"name\":\"Combat Boy Niang vs Reug Reug : la nouvelle date d\u00e9voil\u00e9e\"}]},{\"@type\":\"WebSite\",\"@id\":\"https:\/\/www.public.sn\/#website\",\"url\":\"https:\/\/www.public.sn\/\",\"name\":\"LE PUBLIC\",\"description\":\"\",\"publisher\":{\"@id\":\"https:\/\/www.public.sn\/#organization\"},\"potentialAction\":[{\"@type\":\"SearchAction\",\"target\":{\"@type\":\"EntryPoint\",\"urlTemplate\":\"https:\/\/www.public.sn\/?s={search_term_string}\"},\"query-input\":{\"@type\":\"PropertyValueSpecification\",\"valueRequired\":true,\"valueName\":\"search_term_string\"}}],\"inLanguage\":\"fr-FR\"},{\"@type\":\"Organization\",\"@id\":\"https:\/\/www.public.sn\/#organization\",\"name\":\"LE PUBLIC\",\"url\":\"https:\/\/www.public.sn\/\",\"logo\":{\"@type\":\"ImageObject\",\"inLanguage\":\"fr-FR\",\"@id\":\"https:\/\/www.public.sn\/#\/schema\/logo\/image\/\",\"url\":\"https:\/\/www.public.sn\/wp-content\/uploads\/2024\/05\/cropped-LOGO-PUBLIC.SN_.png\",\"contentUrl\":\"https:\/\/www.public.sn\/wp-content\/uploads\/2024\/05\/cropped-LOGO-PUBLIC.SN_.png\",\"width\":682,\"height\":192,\"caption\":\"LE PUBLIC\"},\"image\":{\"@id\":\"https:\/\/www.public.sn\/#\/schema\/logo\/image\/\"}},{\"@type\":\"Person\",\"@id\":\"https:\/\/www.public.sn\/#\/schema\/person\/cb76c8e1b8becc6be61fb5e92d6d0224\",\"name\":\"LA REDACTION\",\"image\":{\"@type\":\"ImageObject\",\"inLanguage\":\"fr-FR\",\"@id\":\"https:\/\/www.public.sn\/#\/schema\/person\/image\/\",\"url\":\"https:\/\/secure.gravatar.com\/avatar\/2dce5ddd34b8fef0180efe03aa2a9bee7d953856048f9a16b298190a3178407c?s=96&d=mm&r=g\",\"contentUrl\":\"https:\/\/secure.gravatar.com\/avatar\/2dce5ddd34b8fef0180efe03aa2a9bee7d953856048f9a16b298190a3178407c?s=96&d=mm&r=g\",\"caption\":\"LA REDACTION\"},\"url\":\"https:\/\/www.public.sn\/index.php\/author\/editeurpsn\/\"}]}<\/script>\n<!-- \/ Yoast SEO plugin. -->","yoast_head_json":{"title":"Combat Boy Niang vs Reug Reug : la nouvelle date d\u00e9voil\u00e9e - LE PUBLIC","robots":{"index":"index","follow":"follow","max-snippet":"max-snippet:-1","max-image-preview":"max-image-preview:large","max-video-preview":"max-video-preview:-1"},"canonical":"https:\/\/www.public.sn\/index.php\/2026\/03\/13\/combat-boy-niang-vs-reug-reug-la-nouvelle-date-devoilee\/","og_locale":"fr_FR","og_type":"article","og_title":"Combat Boy Niang vs Reug Reug : la nouvelle date d\u00e9voil\u00e9e - LE PUBLIC","og_description":"Le combat de lutte entre&nbsp;Boy Niang 2&nbsp;et&nbsp;Reug Reug&nbsp;continue d\u2019alimenter les discussions dans l\u2019ar\u00e8ne s\u00e9n\u00e9galaise. Tr\u00e8s attendu par les amateurs, ce duel avait \u00e9t\u00e9 ficel\u00e9 depuis la saison 2023-2024. Toutefois, il a \u00e9t\u00e9 report\u00e9 \u00e0 plusieurs reprises en raison de probl\u00e8mes m\u00e9dicaux \u00e9voqu\u00e9s par les deux lutteurs \u00e0 quelques mois de l\u2019affiche. Ces reports successifs ont longtemps entretenu le suspense autour de cette confrontation tr\u00e8s attendue. Bonne nouvelle pour les f\u00e9rus de lutte. Les deux champions, d\u00e9sormais en pleine forme, se disent pr\u00eats \u00e0 en d\u00e9coudre pour r\u00e9pondre \u00e0 l\u2019impatience des amateurs qui attendent ce choc depuis plusieurs saisons. Selon&nbsp;Lutte TV, le combat devrait finalement se tenir&nbsp;le 7 juin 2026, sauf nouveau contretemps. Cette affiche promet un face-\u00e0-face explosif entre deux lutteurs d\u00e9termin\u00e9s \u00e0 marquer les esprits et \u00e0 s\u2019imposer comme l\u2019un des hommes forts de l\u2019ar\u00e8ne.","og_url":"https:\/\/www.public.sn\/index.php\/2026\/03\/13\/combat-boy-niang-vs-reug-reug-la-nouvelle-date-devoilee\/","og_site_name":"LE PUBLIC","article_published_time":"2026-03-13T13:20:32+00:00","article_modified_time":"2026-03-13T13:20:45+00:00","og_image":[{"width":772,"height":435,"url":"https:\/\/www.public.sn\/wp-content\/uploads\/2026\/03\/Capture-decran-2026-03-13-a-13.18.21.png","type":"image\/png"}],"author":"LA REDACTION","twitter_card":"summary_large_image","twitter_misc":{"\u00c9crit par":"LA REDACTION","Dur\u00e9e de lecture estim\u00e9e":"1 minute"},"schema":{"@context":"https:\/\/schema.org","@graph":[{"@type":"Article","@id":"https:\/\/www.public.sn\/index.php\/2026\/03\/13\/combat-boy-niang-vs-reug-reug-la-nouvelle-date-devoilee\/#article","isPartOf":{"@id":"https:\/\/www.public.sn\/index.php\/2026\/03\/13\/combat-boy-niang-vs-reug-reug-la-nouvelle-date-devoilee\/"},"author":{"name":"LA REDACTION","@id":"https:\/\/www.public.sn\/#\/schema\/person\/cb76c8e1b8becc6be61fb5e92d6d0224"},"headline":"Combat Boy Niang vs Reug Reug : la nouvelle date d\u00e9voil\u00e9e","datePublished":"2026-03-13T13:20:32+00:00","dateModified":"2026-03-13T13:20:45+00:00","mainEntityOfPage":{"@id":"https:\/\/www.public.sn\/index.php\/2026\/03\/13\/combat-boy-niang-vs-reug-reug-la-nouvelle-date-devoilee\/"},"wordCount":175,"commentCount":0,"publisher":{"@id":"https:\/\/www.public.sn\/#organization"},"image":{"@id":"https:\/\/www.public.sn\/index.php\/2026\/03\/13\/combat-boy-niang-vs-reug-reug-la-nouvelle-date-devoilee\/#primaryimage"},"thumbnailUrl":"https:\/\/www.public.sn\/wp-content\/uploads\/2026\/03\/Capture-decran-2026-03-13-a-13.18.21.png","keywords":["Boy Niang","combat"],"articleSection":["ACTUALIT\u00c9S","LUTTE S\u00c9N\u00c9GALAISE","SPORTS"],"inLanguage":"fr-FR","potentialAction":[{"@type":"CommentAction","name":"Comment","target":["https:\/\/www.public.sn\/index.php\/2026\/03\/13\/combat-boy-niang-vs-reug-reug-la-nouvelle-date-devoilee\/#respond"]}]},{"@type":"WebPage","@id":"https:\/\/www.public.sn\/index.php\/2026\/03\/13\/combat-boy-niang-vs-reug-reug-la-nouvelle-date-devoilee\/","url":"https:\/\/www.public.sn\/index.php\/2026\/03\/13\/combat-boy-niang-vs-reug-reug-la-nouvelle-date-devoilee\/","name":"Combat Boy Niang vs Reug Reug : la nouvelle date d\u00e9voil\u00e9e - LE PUBLIC","isPartOf":{"@id":"https:\/\/www.public.sn\/#website"},"primaryImageOfPage":{"@id":"https:\/\/www.public.sn\/index.php\/2026\/03\/13\/combat-boy-niang-vs-reug-reug-la-nouvelle-date-devoilee\/#primaryimage"},"image":{"@id":"https:\/\/www.public.sn\/index.php\/2026\/03\/13\/combat-boy-niang-vs-reug-reug-la-nouvelle-date-devoilee\/#primaryimage"},"thumbnailUrl":"https:\/\/www.public.sn\/wp-content\/uploads\/2026\/03\/Capture-decran-2026-03-13-a-13.18.21.png","datePublished":"2026-03-13T13:20:32+00:00","dateModified":"2026-03-13T13:20:45+00:00","breadcrumb":{"@id":"https:\/\/www.public.sn\/index.php\/2026\/03\/13\/combat-boy-niang-vs-reug-reug-la-nouvelle-date-devoilee\/#breadcrumb"},"inLanguage":"fr-FR","potentialAction":[{"@type":"ReadAction","target":["https:\/\/www.public.sn\/index.php\/2026\/03\/13\/combat-boy-niang-vs-reug-reug-la-nouvelle-date-devoilee\/"]}]},{"@type":"ImageObject","inLanguage":"fr-FR","@id":"https:\/\/www.public.sn\/index.php\/2026\/03\/13\/combat-boy-niang-vs-reug-reug-la-nouvelle-date-devoilee\/#primaryimage","url":"https:\/\/www.public.sn\/wp-content\/uploads\/2026\/03\/Capture-decran-2026-03-13-a-13.18.21.png","contentUrl":"https:\/\/www.public.sn\/wp-content\/uploads\/2026\/03\/Capture-decran-2026-03-13-a-13.18.21.png","width":772,"height":435},{"@type":"BreadcrumbList","@id":"https:\/\/www.public.sn\/index.php\/2026\/03\/13\/combat-boy-niang-vs-reug-reug-la-nouvelle-date-devoilee\/#breadcrumb","itemListElement":[{"@type":"ListItem","position":1,"name":"Accueil","item":"https:\/\/www.public.sn\/"},{"@type":"ListItem","position":2,"name":"Combat Boy Niang vs Reug Reug : la nouvelle date d\u00e9voil\u00e9e"}]},{"@type":"WebSite","@id":"https:\/\/www.public.sn\/#website","url":"https:\/\/www.public.sn\/","name":"LE PUBLIC","description":"","publisher":{"@id":"https:\/\/www.public.sn\/#organization"},"potentialAction":[{"@type":"SearchAction","target":{"@type":"EntryPoint","urlTemplate":"https:\/\/www.public.sn\/?s={search_term_string}"},"query-input":{"@type":"PropertyValueSpecification","valueRequired":true,"valueName":"search_term_string"}}],"inLanguage":"fr-FR"},{"@type":"Organization","@id":"https:\/\/www.public.sn\/#organization","name":"LE PUBLIC","url":"https:\/\/www.public.sn\/","logo":{"@type":"ImageObject","inLanguage":"fr-FR","@id":"https:\/\/www.public.sn\/#\/schema\/logo\/image\/","url":"https:\/\/www.public.sn\/wp-content\/uploads\/2024\/05\/cropped-LOGO-PUBLIC.SN_.png","contentUrl":"https:\/\/www.public.sn\/wp-content\/uploads\/2024\/05\/cropped-LOGO-PUBLIC.SN_.png","width":682,"height":192,"caption":"LE PUBLIC"},"image":{"@id":"https:\/\/www.public.sn\/#\/schema\/logo\/image\/"}},{"@type":"Person","@id":"https:\/\/www.public.sn\/#\/schema\/person\/cb76c8e1b8becc6be61fb5e92d6d0224","name":"LA REDACTION","image":{"@type":"ImageObject","inLanguage":"fr-FR","@id":"https:\/\/www.public.sn\/#\/schema\/person\/image\/","url":"https:\/\/secure.gravatar.com\/avatar\/2dce5ddd34b8fef0180efe03aa2a9bee7d953856048f9a16b298190a3178407c?s=96&d=mm&r=g","contentUrl":"https:\/\/secure.gravatar.com\/avatar\/2dce5ddd34b8fef0180efe03aa2a9bee7d953856048f9a16b298190a3178407c?s=96&d=mm&r=g","caption":"LA REDACTION"},"url":"https:\/\/www.public.sn\/index.php\/author\/editeurpsn\/"}]}},"jetpack_featured_media_url":"https:\/\/www.public.sn\/wp-content\/uploads\/2026\/03\/Capture-decran-2026-03-13-a-13.18.21.png","jetpack_sharing_enabled":true,"_links":{"self":[{"href":"https:\/\/www.public.sn\/index.php\/wp-json\/wp\/v2\/posts\/39559","targetHints":{"allow":["GET"]}}],"collection":[{"href":"https:\/\/www.public.sn\/index.php\/wp-json\/wp\/v2\/posts"}],"about":[{"href":"https:\/\/www.public.sn\/index.php\/wp-json\/wp\/v2\/types\/post"}],"author":[{"embeddable":true,"href":"https:\/\/www.public.sn\/index.php\/wp-json\/wp\/v2\/users\/7"}],"replies":[{"embeddable":true,"href":"https:\/\/www.public.sn\/index.php\/wp-json\/wp\/v2\/comments?post=39559"}],"version-history":[{"count":2,"href":"https:\/\/www.public.sn\/index.php\/wp-json\/wp\/v2\/posts\/39559\/revisions"}],"predecessor-version":[{"id":39562,"href":"https:\/\/www.public.sn\/index.php\/wp-json\/wp\/v2\/posts\/39559\/revisions\/39562"}],"wp:featuredmedia":[{"embeddable":true,"href":"https:\/\/www.public.sn\/index.php\/wp-json\/wp\/v2\/media\/39560"}],"wp:attachment":[{"href":"https:\/\/www.public.sn\/index.php\/wp-json\/wp\/v2\/media?parent=39559"}],"wp:term":[{"taxonomy":"category","embeddable":true,"href":"https:\/\/www.public.sn\/index.php\/wp-json\/wp\/v2\/categories?post=39559"},{"taxonomy":"post_tag","embeddable":true,"href":"https:\/\/www.public.sn\/index.php\/wp-json\/wp\/v2\/tags?post=39559"}],"curies":[{"name":"wp","href":"https:\/\/api.w.org\/{rel}","templated":true}]}}