{"id":3956,"date":"2022-10-08T10:12:34","date_gmt":"2022-10-08T10:12:34","guid":{"rendered":"https:\/\/www.public.sn\/?p=3956"},"modified":"2022-10-08T10:13:23","modified_gmt":"2022-10-08T10:13:23","slug":"serigne-maodo-sy-abdou-le-khalife-serigne-babacar-sy-mansour-est-alite","status":"publish","type":"post","link":"https:\/\/www.public.sn\/index.php\/2022\/10\/08\/serigne-maodo-sy-abdou-le-khalife-serigne-babacar-sy-mansour-est-alite\/","title":{"rendered":"Serigne Maodo Sy Abdou : \u00ab Le Khalife Serigne Babacar Sy Mansour est alit\u00e9 \u00bb."},"content":{"rendered":"\n<p>Depuis un certain temps ses apparitions publiques sont devenues rares. Une situation qui s\u2019explique principalement pas son \u00e9tat de sant\u00e9 fragile. <\/p><div class=\"publi-paragraphe1\" style=\"margin-top: 10px;margin-bottom: 10px;margin-left: auto;margin-right: auto;text-align: center;\" id=\"publi-2652864637\"><div class=\"publi-adlabel\">Publicit\u00e9<\/div><script async src=\"\/\/pagead2.googlesyndication.com\/pagead\/js\/adsbygoogle.js?client=ca-pub-4089586018074219\" crossorigin=\"anonymous\"><\/script><ins class=\"adsbygoogle\" style=\"display:block;\" data-ad-client=\"ca-pub-4089586018074219\" \ndata-ad-slot=\"2087940154\" \ndata-ad-format=\"auto\"><\/ins>\n<script> \n(adsbygoogle = window.adsbygoogle || []).push({}); \n<\/script>\n<\/div>\n\n\n\n<p>En effet le Khalife G\u00e9n\u00e9ral des Tidianes serait alit\u00e9. Et \u00e0 l\u2019occasion de  la r\u00e9ception de la d\u00e9l\u00e9gation de Yeewi Askan Wi, le porte parole Serigne Maodo Sy Abdou a soulign\u00e9 que Serigne Babacar Sy Mansour est alit\u00e9. Mis \u00e0 part le pr\u00e9sident de la R\u00e9publique, le Khalife g\u00e9n\u00e9ral n\u2019a re\u00e7u aucune d\u00e9l\u00e9gation car la mission \u00e0 \u00e9t\u00e9 confi\u00e9e \u00e0 Serigne Maodo Sy Abdou. Ce dernier sollicite des pri\u00e8res pour le r\u00e9tablissement complet de son cousin et grand-fr\u00e8re, Serigne Babacar Sy Mansour.<br><br>Samba SY.<br><\/p>\n<div class=\"publi-apres-le-contenu\" style=\"margin-top: 10px;margin-bottom: 10px;margin-left: auto;margin-right: auto;text-align: center;\" id=\"publi-3260100967\"><div class=\"publi-adlabel\">Publicit\u00e9<\/div><script async src=\"\/\/pagead2.googlesyndication.com\/pagead\/js\/adsbygoogle.js?client=ca-pub-4089586018074219\" crossorigin=\"anonymous\"><\/script><ins class=\"adsbygoogle\" style=\"display:block;\" data-ad-client=\"ca-pub-4089586018074219\" \ndata-ad-slot=\"2087940154\" \ndata-ad-format=\"auto\"><\/ins>\n<script> \n(adsbygoogle = window.adsbygoogle || []).push({}); \n<\/script>\n<\/div>","protected":false},"excerpt":{"rendered":"<p>Depuis un certain temps ses apparitions publiques sont devenues rares. Une situation qui s\u2019explique principalement pas son \u00e9tat de sant\u00e9 fragile. En effet le Khalife G\u00e9n\u00e9ral des Tidianes serait alit\u00e9. Et \u00e0 l\u2019occasion de la r\u00e9ception de la d\u00e9l\u00e9gation de Yeewi Askan Wi, le porte parole Serigne Maodo Sy Abdou a soulign\u00e9 que Serigne Babacar Sy Mansour est alit\u00e9. Mis \u00e0 part le pr\u00e9sident de la R\u00e9publique, le Khalife g\u00e9n\u00e9ral n\u2019a re\u00e7u aucune d\u00e9l\u00e9gation car la mission \u00e0 \u00e9t\u00e9 confi\u00e9e \u00e0 Serigne Maodo Sy Abdou. Ce dernier sollicite des pri\u00e8res pour le r\u00e9tablissement complet de son cousin et grand-fr\u00e8re, Serigne Babacar Sy Mansour. Samba SY.<\/p>\n","protected":false},"author":1,"featured_media":3961,"comment_status":"open","ping_status":"open","sticky":false,"template":"","format":"standard","meta":{"_jetpack_memberships_contains_paid_content":false,"footnotes":""},"categories":[375,878,1],"tags":[1299,959,1298],"class_list":["post-3956","post","type-post","status-publish","format-standard","has-post-thumbnail","hentry","category-actualites","category-religion","category-non-classe","tag-alite","tag-gamou","tag-serigne-babacar","entry","has-media","owp-thumbs-layout-horizontal","owp-btn-normal","owp-tabs-layout-horizontal","has-no-thumbnails","has-product-nav"],"yoast_head":"<!-- This site is optimized with the Yoast SEO plugin v25.5 - https:\/\/yoast.com\/wordpress\/plugins\/seo\/ -->\n<title>Serigne Maodo Sy Abdou : \u00ab Le Khalife Serigne Babacar Sy Mansour est alit\u00e9 \u00bb. - LE PUBLIC<\/title>\n<meta name=\"robots\" content=\"index, follow, max-snippet:-1, max-image-preview:large, max-video-preview:-1\" \/>\n<link rel=\"canonical\" href=\"https:\/\/www.public.sn\/index.php\/2022\/10\/08\/serigne-maodo-sy-abdou-le-khalife-serigne-babacar-sy-mansour-est-alite\/\" \/>\n<meta property=\"og:locale\" content=\"fr_FR\" \/>\n<meta property=\"og:type\" content=\"article\" \/>\n<meta property=\"og:title\" content=\"Serigne Maodo Sy Abdou : \u00ab Le Khalife Serigne Babacar Sy Mansour est alit\u00e9 \u00bb. - LE PUBLIC\" \/>\n<meta property=\"og:description\" content=\"Depuis un certain temps ses apparitions publiques sont devenues rares. Une situation qui s\u2019explique principalement pas son \u00e9tat de sant\u00e9 fragile. En effet le Khalife G\u00e9n\u00e9ral des Tidianes serait alit\u00e9. Et \u00e0 l\u2019occasion de la r\u00e9ception de la d\u00e9l\u00e9gation de Yeewi Askan Wi, le porte parole Serigne Maodo Sy Abdou a soulign\u00e9 que Serigne Babacar Sy Mansour est alit\u00e9. Mis \u00e0 part le pr\u00e9sident de la R\u00e9publique, le Khalife g\u00e9n\u00e9ral n\u2019a re\u00e7u aucune d\u00e9l\u00e9gation car la mission \u00e0 \u00e9t\u00e9 confi\u00e9e \u00e0 Serigne Maodo Sy Abdou. Ce dernier sollicite des pri\u00e8res pour le r\u00e9tablissement complet de son cousin et grand-fr\u00e8re, Serigne Babacar Sy Mansour. Samba SY.\" \/>\n<meta property=\"og:url\" content=\"https:\/\/www.public.sn\/index.php\/2022\/10\/08\/serigne-maodo-sy-abdou-le-khalife-serigne-babacar-sy-mansour-est-alite\/\" \/>\n<meta property=\"og:site_name\" content=\"LE PUBLIC\" \/>\n<meta property=\"article:published_time\" content=\"2022-10-08T10:12:34+00:00\" \/>\n<meta property=\"article:modified_time\" content=\"2022-10-08T10:13:23+00:00\" \/>\n<meta property=\"og:image\" content=\"https:\/\/www.public.sn\/wp-content\/uploads\/2022\/10\/BABACAR-1.jpg\" \/>\n\t<meta property=\"og:image:width\" content=\"696\" \/>\n\t<meta property=\"og:image:height\" content=\"394\" \/>\n\t<meta property=\"og:image:type\" content=\"image\/jpeg\" \/>\n<meta name=\"author\" content=\"LA REDACTION\" \/>\n<meta name=\"twitter:card\" content=\"summary_large_image\" \/>\n<meta name=\"twitter:label1\" content=\"\u00c9crit par\" \/>\n\t<meta name=\"twitter:data1\" content=\"LA REDACTION\" \/>\n\t<meta name=\"twitter:label2\" content=\"Dur\u00e9e de lecture estim\u00e9e\" \/>\n\t<meta name=\"twitter:data2\" content=\"1 minute\" \/>\n<script type=\"application\/ld+json\" class=\"yoast-schema-graph\">{\"@context\":\"https:\/\/schema.org\",\"@graph\":[{\"@type\":\"Article\",\"@id\":\"https:\/\/www.public.sn\/index.php\/2022\/10\/08\/serigne-maodo-sy-abdou-le-khalife-serigne-babacar-sy-mansour-est-alite\/#article\",\"isPartOf\":{\"@id\":\"https:\/\/www.public.sn\/index.php\/2022\/10\/08\/serigne-maodo-sy-abdou-le-khalife-serigne-babacar-sy-mansour-est-alite\/\"},\"author\":{\"name\":\"LA REDACTION\",\"@id\":\"https:\/\/www.public.sn\/#\/schema\/person\/e3f4a11b037d4203902db148f9bc8d5a\"},\"headline\":\"Serigne Maodo Sy Abdou : \u00ab Le Khalife Serigne Babacar Sy Mansour est alit\u00e9 \u00bb.\",\"datePublished\":\"2022-10-08T10:12:34+00:00\",\"dateModified\":\"2022-10-08T10:13:23+00:00\",\"mainEntityOfPage\":{\"@id\":\"https:\/\/www.public.sn\/index.php\/2022\/10\/08\/serigne-maodo-sy-abdou-le-khalife-serigne-babacar-sy-mansour-est-alite\/\"},\"wordCount\":132,\"commentCount\":0,\"publisher\":{\"@id\":\"https:\/\/www.public.sn\/#organization\"},\"image\":{\"@id\":\"https:\/\/www.public.sn\/index.php\/2022\/10\/08\/serigne-maodo-sy-abdou-le-khalife-serigne-babacar-sy-mansour-est-alite\/#primaryimage\"},\"thumbnailUrl\":\"https:\/\/www.public.sn\/wp-content\/uploads\/2022\/10\/BABACAR-1.jpg\",\"keywords\":[\"alite\",\"Gamou\",\"serigne babacar\"],\"articleSection\":[\"ACTUALIT\u00c9S\",\"RELIGION\",\"S\u00c9N\u00c9GAL\"],\"inLanguage\":\"fr-FR\",\"potentialAction\":[{\"@type\":\"CommentAction\",\"name\":\"Comment\",\"target\":[\"https:\/\/www.public.sn\/index.php\/2022\/10\/08\/serigne-maodo-sy-abdou-le-khalife-serigne-babacar-sy-mansour-est-alite\/#respond\"]}]},{\"@type\":\"WebPage\",\"@id\":\"https:\/\/www.public.sn\/index.php\/2022\/10\/08\/serigne-maodo-sy-abdou-le-khalife-serigne-babacar-sy-mansour-est-alite\/\",\"url\":\"https:\/\/www.public.sn\/index.php\/2022\/10\/08\/serigne-maodo-sy-abdou-le-khalife-serigne-babacar-sy-mansour-est-alite\/\",\"name\":\"Serigne Maodo Sy Abdou : \u00ab Le Khalife Serigne Babacar Sy Mansour est alit\u00e9 \u00bb. - LE PUBLIC\",\"isPartOf\":{\"@id\":\"https:\/\/www.public.sn\/#website\"},\"primaryImageOfPage\":{\"@id\":\"https:\/\/www.public.sn\/index.php\/2022\/10\/08\/serigne-maodo-sy-abdou-le-khalife-serigne-babacar-sy-mansour-est-alite\/#primaryimage\"},\"image\":{\"@id\":\"https:\/\/www.public.sn\/index.php\/2022\/10\/08\/serigne-maodo-sy-abdou-le-khalife-serigne-babacar-sy-mansour-est-alite\/#primaryimage\"},\"thumbnailUrl\":\"https:\/\/www.public.sn\/wp-content\/uploads\/2022\/10\/BABACAR-1.jpg\",\"datePublished\":\"2022-10-08T10:12:34+00:00\",\"dateModified\":\"2022-10-08T10:13:23+00:00\",\"breadcrumb\":{\"@id\":\"https:\/\/www.public.sn\/index.php\/2022\/10\/08\/serigne-maodo-sy-abdou-le-khalife-serigne-babacar-sy-mansour-est-alite\/#breadcrumb\"},\"inLanguage\":\"fr-FR\",\"potentialAction\":[{\"@type\":\"ReadAction\",\"target\":[\"https:\/\/www.public.sn\/index.php\/2022\/10\/08\/serigne-maodo-sy-abdou-le-khalife-serigne-babacar-sy-mansour-est-alite\/\"]}]},{\"@type\":\"ImageObject\",\"inLanguage\":\"fr-FR\",\"@id\":\"https:\/\/www.public.sn\/index.php\/2022\/10\/08\/serigne-maodo-sy-abdou-le-khalife-serigne-babacar-sy-mansour-est-alite\/#primaryimage\",\"url\":\"https:\/\/www.public.sn\/wp-content\/uploads\/2022\/10\/BABACAR-1.jpg\",\"contentUrl\":\"https:\/\/www.public.sn\/wp-content\/uploads\/2022\/10\/BABACAR-1.jpg\",\"width\":696,\"height\":394,\"caption\":\"publisn\"},{\"@type\":\"BreadcrumbList\",\"@id\":\"https:\/\/www.public.sn\/index.php\/2022\/10\/08\/serigne-maodo-sy-abdou-le-khalife-serigne-babacar-sy-mansour-est-alite\/#breadcrumb\",\"itemListElement\":[{\"@type\":\"ListItem\",\"position\":1,\"name\":\"Accueil\",\"item\":\"https:\/\/www.public.sn\/\"},{\"@type\":\"ListItem\",\"position\":2,\"name\":\"Serigne Maodo Sy Abdou : \u00ab Le Khalife Serigne Babacar Sy Mansour est alit\u00e9 \u00bb.\"}]},{\"@type\":\"WebSite\",\"@id\":\"https:\/\/www.public.sn\/#website\",\"url\":\"https:\/\/www.public.sn\/\",\"name\":\"LE PUBLIC\",\"description\":\"\",\"publisher\":{\"@id\":\"https:\/\/www.public.sn\/#organization\"},\"potentialAction\":[{\"@type\":\"SearchAction\",\"target\":{\"@type\":\"EntryPoint\",\"urlTemplate\":\"https:\/\/www.public.sn\/?s={search_term_string}\"},\"query-input\":{\"@type\":\"PropertyValueSpecification\",\"valueRequired\":true,\"valueName\":\"search_term_string\"}}],\"inLanguage\":\"fr-FR\"},{\"@type\":\"Organization\",\"@id\":\"https:\/\/www.public.sn\/#organization\",\"name\":\"LE PUBLIC\",\"url\":\"https:\/\/www.public.sn\/\",\"logo\":{\"@type\":\"ImageObject\",\"inLanguage\":\"fr-FR\",\"@id\":\"https:\/\/www.public.sn\/#\/schema\/logo\/image\/\",\"url\":\"https:\/\/www.public.sn\/wp-content\/uploads\/2024\/05\/cropped-LOGO-PUBLIC.SN_.png\",\"contentUrl\":\"https:\/\/www.public.sn\/wp-content\/uploads\/2024\/05\/cropped-LOGO-PUBLIC.SN_.png\",\"width\":682,\"height\":192,\"caption\":\"LE PUBLIC\"},\"image\":{\"@id\":\"https:\/\/www.public.sn\/#\/schema\/logo\/image\/\"}},{\"@type\":\"Person\",\"@id\":\"https:\/\/www.public.sn\/#\/schema\/person\/e3f4a11b037d4203902db148f9bc8d5a\",\"name\":\"LA REDACTION\",\"image\":{\"@type\":\"ImageObject\",\"inLanguage\":\"fr-FR\",\"@id\":\"https:\/\/www.public.sn\/#\/schema\/person\/image\/\",\"url\":\"https:\/\/secure.gravatar.com\/avatar\/d6c030db45db2883c075085c5d6c6258654a801a93766b49af0b82d4f454e2a5?s=96&d=mm&r=g\",\"contentUrl\":\"https:\/\/secure.gravatar.com\/avatar\/d6c030db45db2883c075085c5d6c6258654a801a93766b49af0b82d4f454e2a5?s=96&d=mm&r=g\",\"caption\":\"LA REDACTION\"},\"sameAs\":[\"http:\/\/www.public.sn\"],\"url\":\"https:\/\/www.public.sn\/index.php\/author\/admin7324\/\"}]}<\/script>\n<!-- \/ Yoast SEO plugin. -->","yoast_head_json":{"title":"Serigne Maodo Sy Abdou : \u00ab Le Khalife Serigne Babacar Sy Mansour est alit\u00e9 \u00bb. - LE PUBLIC","robots":{"index":"index","follow":"follow","max-snippet":"max-snippet:-1","max-image-preview":"max-image-preview:large","max-video-preview":"max-video-preview:-1"},"canonical":"https:\/\/www.public.sn\/index.php\/2022\/10\/08\/serigne-maodo-sy-abdou-le-khalife-serigne-babacar-sy-mansour-est-alite\/","og_locale":"fr_FR","og_type":"article","og_title":"Serigne Maodo Sy Abdou : \u00ab Le Khalife Serigne Babacar Sy Mansour est alit\u00e9 \u00bb. - LE PUBLIC","og_description":"Depuis un certain temps ses apparitions publiques sont devenues rares. Une situation qui s\u2019explique principalement pas son \u00e9tat de sant\u00e9 fragile. En effet le Khalife G\u00e9n\u00e9ral des Tidianes serait alit\u00e9. Et \u00e0 l\u2019occasion de la r\u00e9ception de la d\u00e9l\u00e9gation de Yeewi Askan Wi, le porte parole Serigne Maodo Sy Abdou a soulign\u00e9 que Serigne Babacar Sy Mansour est alit\u00e9. Mis \u00e0 part le pr\u00e9sident de la R\u00e9publique, le Khalife g\u00e9n\u00e9ral n\u2019a re\u00e7u aucune d\u00e9l\u00e9gation car la mission \u00e0 \u00e9t\u00e9 confi\u00e9e \u00e0 Serigne Maodo Sy Abdou. Ce dernier sollicite des pri\u00e8res pour le r\u00e9tablissement complet de son cousin et grand-fr\u00e8re, Serigne Babacar Sy Mansour. Samba SY.","og_url":"https:\/\/www.public.sn\/index.php\/2022\/10\/08\/serigne-maodo-sy-abdou-le-khalife-serigne-babacar-sy-mansour-est-alite\/","og_site_name":"LE PUBLIC","article_published_time":"2022-10-08T10:12:34+00:00","article_modified_time":"2022-10-08T10:13:23+00:00","og_image":[{"width":696,"height":394,"url":"https:\/\/www.public.sn\/wp-content\/uploads\/2022\/10\/BABACAR-1.jpg","type":"image\/jpeg"}],"author":"LA REDACTION","twitter_card":"summary_large_image","twitter_misc":{"\u00c9crit par":"LA REDACTION","Dur\u00e9e de lecture estim\u00e9e":"1 minute"},"schema":{"@context":"https:\/\/schema.org","@graph":[{"@type":"Article","@id":"https:\/\/www.public.sn\/index.php\/2022\/10\/08\/serigne-maodo-sy-abdou-le-khalife-serigne-babacar-sy-mansour-est-alite\/#article","isPartOf":{"@id":"https:\/\/www.public.sn\/index.php\/2022\/10\/08\/serigne-maodo-sy-abdou-le-khalife-serigne-babacar-sy-mansour-est-alite\/"},"author":{"name":"LA REDACTION","@id":"https:\/\/www.public.sn\/#\/schema\/person\/e3f4a11b037d4203902db148f9bc8d5a"},"headline":"Serigne Maodo Sy Abdou : \u00ab Le Khalife Serigne Babacar Sy Mansour est alit\u00e9 \u00bb.","datePublished":"2022-10-08T10:12:34+00:00","dateModified":"2022-10-08T10:13:23+00:00","mainEntityOfPage":{"@id":"https:\/\/www.public.sn\/index.php\/2022\/10\/08\/serigne-maodo-sy-abdou-le-khalife-serigne-babacar-sy-mansour-est-alite\/"},"wordCount":132,"commentCount":0,"publisher":{"@id":"https:\/\/www.public.sn\/#organization"},"image":{"@id":"https:\/\/www.public.sn\/index.php\/2022\/10\/08\/serigne-maodo-sy-abdou-le-khalife-serigne-babacar-sy-mansour-est-alite\/#primaryimage"},"thumbnailUrl":"https:\/\/www.public.sn\/wp-content\/uploads\/2022\/10\/BABACAR-1.jpg","keywords":["alite","Gamou","serigne babacar"],"articleSection":["ACTUALIT\u00c9S","RELIGION","S\u00c9N\u00c9GAL"],"inLanguage":"fr-FR","potentialAction":[{"@type":"CommentAction","name":"Comment","target":["https:\/\/www.public.sn\/index.php\/2022\/10\/08\/serigne-maodo-sy-abdou-le-khalife-serigne-babacar-sy-mansour-est-alite\/#respond"]}]},{"@type":"WebPage","@id":"https:\/\/www.public.sn\/index.php\/2022\/10\/08\/serigne-maodo-sy-abdou-le-khalife-serigne-babacar-sy-mansour-est-alite\/","url":"https:\/\/www.public.sn\/index.php\/2022\/10\/08\/serigne-maodo-sy-abdou-le-khalife-serigne-babacar-sy-mansour-est-alite\/","name":"Serigne Maodo Sy Abdou : \u00ab Le Khalife Serigne Babacar Sy Mansour est alit\u00e9 \u00bb. - LE PUBLIC","isPartOf":{"@id":"https:\/\/www.public.sn\/#website"},"primaryImageOfPage":{"@id":"https:\/\/www.public.sn\/index.php\/2022\/10\/08\/serigne-maodo-sy-abdou-le-khalife-serigne-babacar-sy-mansour-est-alite\/#primaryimage"},"image":{"@id":"https:\/\/www.public.sn\/index.php\/2022\/10\/08\/serigne-maodo-sy-abdou-le-khalife-serigne-babacar-sy-mansour-est-alite\/#primaryimage"},"thumbnailUrl":"https:\/\/www.public.sn\/wp-content\/uploads\/2022\/10\/BABACAR-1.jpg","datePublished":"2022-10-08T10:12:34+00:00","dateModified":"2022-10-08T10:13:23+00:00","breadcrumb":{"@id":"https:\/\/www.public.sn\/index.php\/2022\/10\/08\/serigne-maodo-sy-abdou-le-khalife-serigne-babacar-sy-mansour-est-alite\/#breadcrumb"},"inLanguage":"fr-FR","potentialAction":[{"@type":"ReadAction","target":["https:\/\/www.public.sn\/index.php\/2022\/10\/08\/serigne-maodo-sy-abdou-le-khalife-serigne-babacar-sy-mansour-est-alite\/"]}]},{"@type":"ImageObject","inLanguage":"fr-FR","@id":"https:\/\/www.public.sn\/index.php\/2022\/10\/08\/serigne-maodo-sy-abdou-le-khalife-serigne-babacar-sy-mansour-est-alite\/#primaryimage","url":"https:\/\/www.public.sn\/wp-content\/uploads\/2022\/10\/BABACAR-1.jpg","contentUrl":"https:\/\/www.public.sn\/wp-content\/uploads\/2022\/10\/BABACAR-1.jpg","width":696,"height":394,"caption":"publisn"},{"@type":"BreadcrumbList","@id":"https:\/\/www.public.sn\/index.php\/2022\/10\/08\/serigne-maodo-sy-abdou-le-khalife-serigne-babacar-sy-mansour-est-alite\/#breadcrumb","itemListElement":[{"@type":"ListItem","position":1,"name":"Accueil","item":"https:\/\/www.public.sn\/"},{"@type":"ListItem","position":2,"name":"Serigne Maodo Sy Abdou : \u00ab Le Khalife Serigne Babacar Sy Mansour est alit\u00e9 \u00bb."}]},{"@type":"WebSite","@id":"https:\/\/www.public.sn\/#website","url":"https:\/\/www.public.sn\/","name":"LE PUBLIC","description":"","publisher":{"@id":"https:\/\/www.public.sn\/#organization"},"potentialAction":[{"@type":"SearchAction","target":{"@type":"EntryPoint","urlTemplate":"https:\/\/www.public.sn\/?s={search_term_string}"},"query-input":{"@type":"PropertyValueSpecification","valueRequired":true,"valueName":"search_term_string"}}],"inLanguage":"fr-FR"},{"@type":"Organization","@id":"https:\/\/www.public.sn\/#organization","name":"LE PUBLIC","url":"https:\/\/www.public.sn\/","logo":{"@type":"ImageObject","inLanguage":"fr-FR","@id":"https:\/\/www.public.sn\/#\/schema\/logo\/image\/","url":"https:\/\/www.public.sn\/wp-content\/uploads\/2024\/05\/cropped-LOGO-PUBLIC.SN_.png","contentUrl":"https:\/\/www.public.sn\/wp-content\/uploads\/2024\/05\/cropped-LOGO-PUBLIC.SN_.png","width":682,"height":192,"caption":"LE PUBLIC"},"image":{"@id":"https:\/\/www.public.sn\/#\/schema\/logo\/image\/"}},{"@type":"Person","@id":"https:\/\/www.public.sn\/#\/schema\/person\/e3f4a11b037d4203902db148f9bc8d5a","name":"LA REDACTION","image":{"@type":"ImageObject","inLanguage":"fr-FR","@id":"https:\/\/www.public.sn\/#\/schema\/person\/image\/","url":"https:\/\/secure.gravatar.com\/avatar\/d6c030db45db2883c075085c5d6c6258654a801a93766b49af0b82d4f454e2a5?s=96&d=mm&r=g","contentUrl":"https:\/\/secure.gravatar.com\/avatar\/d6c030db45db2883c075085c5d6c6258654a801a93766b49af0b82d4f454e2a5?s=96&d=mm&r=g","caption":"LA REDACTION"},"sameAs":["http:\/\/www.public.sn"],"url":"https:\/\/www.public.sn\/index.php\/author\/admin7324\/"}]}},"jetpack_featured_media_url":"https:\/\/www.public.sn\/wp-content\/uploads\/2022\/10\/BABACAR-1.jpg","jetpack_sharing_enabled":true,"_links":{"self":[{"href":"https:\/\/www.public.sn\/index.php\/wp-json\/wp\/v2\/posts\/3956","targetHints":{"allow":["GET"]}}],"collection":[{"href":"https:\/\/www.public.sn\/index.php\/wp-json\/wp\/v2\/posts"}],"about":[{"href":"https:\/\/www.public.sn\/index.php\/wp-json\/wp\/v2\/types\/post"}],"author":[{"embeddable":true,"href":"https:\/\/www.public.sn\/index.php\/wp-json\/wp\/v2\/users\/1"}],"replies":[{"embeddable":true,"href":"https:\/\/www.public.sn\/index.php\/wp-json\/wp\/v2\/comments?post=3956"}],"version-history":[{"count":2,"href":"https:\/\/www.public.sn\/index.php\/wp-json\/wp\/v2\/posts\/3956\/revisions"}],"predecessor-version":[{"id":3962,"href":"https:\/\/www.public.sn\/index.php\/wp-json\/wp\/v2\/posts\/3956\/revisions\/3962"}],"wp:featuredmedia":[{"embeddable":true,"href":"https:\/\/www.public.sn\/index.php\/wp-json\/wp\/v2\/media\/3961"}],"wp:attachment":[{"href":"https:\/\/www.public.sn\/index.php\/wp-json\/wp\/v2\/media?parent=3956"}],"wp:term":[{"taxonomy":"category","embeddable":true,"href":"https:\/\/www.public.sn\/index.php\/wp-json\/wp\/v2\/categories?post=3956"},{"taxonomy":"post_tag","embeddable":true,"href":"https:\/\/www.public.sn\/index.php\/wp-json\/wp\/v2\/tags?post=3956"}],"curies":[{"name":"wp","href":"https:\/\/api.w.org\/{rel}","templated":true}]}}