{"id":39566,"date":"2026-03-13T16:00:45","date_gmt":"2026-03-13T16:00:45","guid":{"rendered":"https:\/\/www.public.sn\/?p=39566"},"modified":"2026-03-13T16:01:02","modified_gmt":"2026-03-13T16:01:02","slug":"ousmane-sonko-denonce-les-causes-de-la-crise-economique-senegalaise","status":"publish","type":"post","link":"https:\/\/www.public.sn\/index.php\/2026\/03\/13\/ousmane-sonko-denonce-les-causes-de-la-crise-economique-senegalaise\/","title":{"rendered":"Ousmane Sonko d\u00e9nonce les causes de la crise \u00e9conomique s\u00e9n\u00e9galaise"},"content":{"rendered":"\n<p>Le Premier ministre&nbsp;Ousmane Sonko&nbsp;a vivement critiqu\u00e9 les orientations \u00e9conomiques adopt\u00e9es depuis l\u2019ind\u00e9pendance du pays, estimant que les politiques publiques se sont&nbsp;<strong>totalement tromp\u00e9es de priorit\u00e9s<\/strong>. Selon lui, les autorit\u00e9s ont privil\u00e9gi\u00e9 \u00ab les d\u00e9penses de prestige politique \u00bb au d\u00e9triment des investissements dans les secteurs strat\u00e9giques de l\u2019\u00e9conomie.<\/p><div class=\"publi-paragraphe1\" style=\"margin-top: 10px;margin-bottom: 10px;margin-left: auto;margin-right: auto;text-align: center;\" id=\"publi-3792080777\"><div class=\"publi-adlabel\">Publicit\u00e9<\/div><script async src=\"\/\/pagead2.googlesyndication.com\/pagead\/js\/adsbygoogle.js?client=ca-pub-4089586018074219\" crossorigin=\"anonymous\"><\/script><ins class=\"adsbygoogle\" style=\"display:block;\" data-ad-client=\"ca-pub-4089586018074219\" \ndata-ad-slot=\"2087940154\" \ndata-ad-format=\"auto\"><\/ins>\n<script> \n(adsbygoogle = window.adsbygoogle || []).push({}); \n<\/script>\n<\/div>\n\n\n\n<p>\u00ab Une \u00e9conomie, il faut la b\u00e2tir, la construire \u00bb, a-t-il soulign\u00e9 lors du lancement des activit\u00e9s de mobilisation du secteur priv\u00e9 dans les agropoles et sites industriels. Pour Sonko, cela suppose&nbsp;<strong>une connaissance pr\u00e9cise des potentialit\u00e9s du pays<\/strong>, une vision claire et des m\u00e9canismes de financement adapt\u00e9s pour d\u00e9velopper des fili\u00e8res solides. Or, selon lui, le S\u00e9n\u00e9gal n\u2019a jamais r\u00e9ellement appliqu\u00e9 cette approche.<\/p>\n\n\n\n<p>Le Premier ministre d\u00e9plore que le pays soit aujourd\u2019hui dot\u00e9 d\u2019une \u00e9conomie&nbsp;<strong>tr\u00e8s tertiaris\u00e9e<\/strong>, proche d\u2019un mod\u00e8le post-industriel, alors que l\u2019industrie peine \u00e0 se d\u00e9velopper. \u00ab Beaucoup d\u2019argent a \u00e9t\u00e9 mobilis\u00e9 et d\u00e9pens\u00e9, des investissements directs et indirects, bilat\u00e9raux et multilat\u00e9raux. Mais le r\u00e9sultat est un \u00e9chec : cela n\u2019a pas g\u00e9n\u00e9r\u00e9 une croissance qui profite aux S\u00e9n\u00e9galais et aux Africains, parce que nous nous sommes tromp\u00e9s de priorit\u00e9s \u00bb, a-t-il expliqu\u00e9.<\/p>\n\n\n\n<p>Pour&nbsp;Ousmane Sonko, il est aujourd\u2019hui crucial de&nbsp;<strong>corriger ces erreurs<\/strong>&nbsp;et de mettre en \u0153uvre une strat\u00e9gie \u00e9conomique centr\u00e9e sur le d\u00e9veloppement industriel et les secteurs cl\u00e9s, afin de b\u00e2tir une \u00e9conomie plus solide et inclusive.<\/p>\n<div class=\"publi-apres-le-contenu\" style=\"margin-top: 10px;margin-bottom: 10px;margin-left: auto;margin-right: auto;text-align: center;\" id=\"publi-314898110\"><div class=\"publi-adlabel\">Publicit\u00e9<\/div><script async src=\"\/\/pagead2.googlesyndication.com\/pagead\/js\/adsbygoogle.js?client=ca-pub-4089586018074219\" crossorigin=\"anonymous\"><\/script><ins class=\"adsbygoogle\" style=\"display:block;\" data-ad-client=\"ca-pub-4089586018074219\" \ndata-ad-slot=\"2087940154\" \ndata-ad-format=\"auto\"><\/ins>\n<script> \n(adsbygoogle = window.adsbygoogle || []).push({}); \n<\/script>\n<\/div>","protected":false},"excerpt":{"rendered":"<p>Le Premier ministre&nbsp;Ousmane Sonko&nbsp;a vivement critiqu\u00e9 les orientations \u00e9conomiques adopt\u00e9es depuis l\u2019ind\u00e9pendance du pays, estimant que les politiques publiques se sont&nbsp;totalement tromp\u00e9es de priorit\u00e9s. Selon lui, les autorit\u00e9s ont privil\u00e9gi\u00e9 \u00ab les d\u00e9penses de prestige politique \u00bb au d\u00e9triment des investissements dans les secteurs strat\u00e9giques de l\u2019\u00e9conomie. \u00ab Une \u00e9conomie, il faut la b\u00e2tir, la construire \u00bb, a-t-il soulign\u00e9 lors du lancement des activit\u00e9s de mobilisation du secteur priv\u00e9 dans les agropoles et sites industriels. Pour Sonko, cela suppose&nbsp;une connaissance pr\u00e9cise des potentialit\u00e9s du pays, une vision claire et des m\u00e9canismes de financement adapt\u00e9s pour d\u00e9velopper des fili\u00e8res solides. Or, selon lui, le S\u00e9n\u00e9gal n\u2019a jamais r\u00e9ellement appliqu\u00e9 cette approche. Le Premier ministre d\u00e9plore que le pays soit aujourd\u2019hui dot\u00e9 d\u2019une \u00e9conomie&nbsp;tr\u00e8s tertiaris\u00e9e, proche d\u2019un mod\u00e8le post-industriel, alors que l\u2019industrie peine \u00e0 se d\u00e9velopper. \u00ab Beaucoup d\u2019argent a \u00e9t\u00e9 mobilis\u00e9 et d\u00e9pens\u00e9, des investissements directs et indirects, bilat\u00e9raux et multilat\u00e9raux. Mais le r\u00e9sultat est un \u00e9chec : cela n\u2019a pas g\u00e9n\u00e9r\u00e9 une croissance qui profite aux S\u00e9n\u00e9galais et aux Africains, parce que nous nous sommes tromp\u00e9s de priorit\u00e9s \u00bb, a-t-il expliqu\u00e9. Pour&nbsp;Ousmane Sonko, il est aujourd\u2019hui crucial de&nbsp;corriger ces erreurs&nbsp;et de mettre en \u0153uvre une strat\u00e9gie \u00e9conomique centr\u00e9e sur le d\u00e9veloppement industriel et les secteurs cl\u00e9s, afin de b\u00e2tir une \u00e9conomie plus solide et inclusive.<\/p>\n","protected":false},"author":7,"featured_media":39567,"comment_status":"open","ping_status":"open","sticky":false,"template":"","format":"standard","meta":{"_jetpack_memberships_contains_paid_content":false,"footnotes":""},"categories":[375,549],"tags":[16],"class_list":["post-39566","post","type-post","status-publish","format-standard","has-post-thumbnail","hentry","category-actualites","category-economie","tag-ousmane-sonko","entry","has-media","owp-thumbs-layout-horizontal","owp-btn-normal","owp-tabs-layout-horizontal","has-no-thumbnails","has-product-nav"],"yoast_head":"<!-- This site is optimized with the Yoast SEO plugin v25.5 - https:\/\/yoast.com\/wordpress\/plugins\/seo\/ -->\n<title>Ousmane Sonko d\u00e9nonce les causes de la crise \u00e9conomique s\u00e9n\u00e9galaise - LE PUBLIC<\/title>\n<meta name=\"robots\" content=\"index, follow, max-snippet:-1, max-image-preview:large, max-video-preview:-1\" \/>\n<link rel=\"canonical\" href=\"https:\/\/www.public.sn\/index.php\/2026\/03\/13\/ousmane-sonko-denonce-les-causes-de-la-crise-economique-senegalaise\/\" \/>\n<meta property=\"og:locale\" content=\"fr_FR\" \/>\n<meta property=\"og:type\" content=\"article\" \/>\n<meta property=\"og:title\" content=\"Ousmane Sonko d\u00e9nonce les causes de la crise \u00e9conomique s\u00e9n\u00e9galaise - LE PUBLIC\" \/>\n<meta property=\"og:description\" content=\"Le Premier ministre&nbsp;Ousmane Sonko&nbsp;a vivement critiqu\u00e9 les orientations \u00e9conomiques adopt\u00e9es depuis l\u2019ind\u00e9pendance du pays, estimant que les politiques publiques se sont&nbsp;totalement tromp\u00e9es de priorit\u00e9s. Selon lui, les autorit\u00e9s ont privil\u00e9gi\u00e9 \u00ab les d\u00e9penses de prestige politique \u00bb au d\u00e9triment des investissements dans les secteurs strat\u00e9giques de l\u2019\u00e9conomie. \u00ab Une \u00e9conomie, il faut la b\u00e2tir, la construire \u00bb, a-t-il soulign\u00e9 lors du lancement des activit\u00e9s de mobilisation du secteur priv\u00e9 dans les agropoles et sites industriels. Pour Sonko, cela suppose&nbsp;une connaissance pr\u00e9cise des potentialit\u00e9s du pays, une vision claire et des m\u00e9canismes de financement adapt\u00e9s pour d\u00e9velopper des fili\u00e8res solides. Or, selon lui, le S\u00e9n\u00e9gal n\u2019a jamais r\u00e9ellement appliqu\u00e9 cette approche. Le Premier ministre d\u00e9plore que le pays soit aujourd\u2019hui dot\u00e9 d\u2019une \u00e9conomie&nbsp;tr\u00e8s tertiaris\u00e9e, proche d\u2019un mod\u00e8le post-industriel, alors que l\u2019industrie peine \u00e0 se d\u00e9velopper. \u00ab Beaucoup d\u2019argent a \u00e9t\u00e9 mobilis\u00e9 et d\u00e9pens\u00e9, des investissements directs et indirects, bilat\u00e9raux et multilat\u00e9raux. Mais le r\u00e9sultat est un \u00e9chec : cela n\u2019a pas g\u00e9n\u00e9r\u00e9 une croissance qui profite aux S\u00e9n\u00e9galais et aux Africains, parce que nous nous sommes tromp\u00e9s de priorit\u00e9s \u00bb, a-t-il expliqu\u00e9. Pour&nbsp;Ousmane Sonko, il est aujourd\u2019hui crucial de&nbsp;corriger ces erreurs&nbsp;et de mettre en \u0153uvre une strat\u00e9gie \u00e9conomique centr\u00e9e sur le d\u00e9veloppement industriel et les secteurs cl\u00e9s, afin de b\u00e2tir une \u00e9conomie plus solide et inclusive.\" \/>\n<meta property=\"og:url\" content=\"https:\/\/www.public.sn\/index.php\/2026\/03\/13\/ousmane-sonko-denonce-les-causes-de-la-crise-economique-senegalaise\/\" \/>\n<meta property=\"og:site_name\" content=\"LE PUBLIC\" \/>\n<meta property=\"article:published_time\" content=\"2026-03-13T16:00:45+00:00\" \/>\n<meta property=\"article:modified_time\" content=\"2026-03-13T16:01:02+00:00\" \/>\n<meta property=\"og:image\" content=\"https:\/\/www.public.sn\/wp-content\/uploads\/2026\/03\/Capture-decran-2026-03-13-a-15.59.11.png\" \/>\n\t<meta property=\"og:image:width\" content=\"772\" \/>\n\t<meta property=\"og:image:height\" content=\"435\" \/>\n\t<meta property=\"og:image:type\" content=\"image\/png\" \/>\n<meta name=\"author\" content=\"LA REDACTION\" \/>\n<meta name=\"twitter:card\" content=\"summary_large_image\" \/>\n<meta name=\"twitter:label1\" content=\"\u00c9crit par\" \/>\n\t<meta name=\"twitter:data1\" content=\"LA REDACTION\" \/>\n\t<meta name=\"twitter:label2\" content=\"Dur\u00e9e de lecture estim\u00e9e\" \/>\n\t<meta name=\"twitter:data2\" content=\"2 minutes\" \/>\n<script type=\"application\/ld+json\" class=\"yoast-schema-graph\">{\"@context\":\"https:\/\/schema.org\",\"@graph\":[{\"@type\":\"Article\",\"@id\":\"https:\/\/www.public.sn\/index.php\/2026\/03\/13\/ousmane-sonko-denonce-les-causes-de-la-crise-economique-senegalaise\/#article\",\"isPartOf\":{\"@id\":\"https:\/\/www.public.sn\/index.php\/2026\/03\/13\/ousmane-sonko-denonce-les-causes-de-la-crise-economique-senegalaise\/\"},\"author\":{\"name\":\"LA REDACTION\",\"@id\":\"https:\/\/www.public.sn\/#\/schema\/person\/cb76c8e1b8becc6be61fb5e92d6d0224\"},\"headline\":\"Ousmane Sonko d\u00e9nonce les causes de la crise \u00e9conomique s\u00e9n\u00e9galaise\",\"datePublished\":\"2026-03-13T16:00:45+00:00\",\"dateModified\":\"2026-03-13T16:01:02+00:00\",\"mainEntityOfPage\":{\"@id\":\"https:\/\/www.public.sn\/index.php\/2026\/03\/13\/ousmane-sonko-denonce-les-causes-de-la-crise-economique-senegalaise\/\"},\"wordCount\":286,\"commentCount\":0,\"publisher\":{\"@id\":\"https:\/\/www.public.sn\/#organization\"},\"image\":{\"@id\":\"https:\/\/www.public.sn\/index.php\/2026\/03\/13\/ousmane-sonko-denonce-les-causes-de-la-crise-economique-senegalaise\/#primaryimage\"},\"thumbnailUrl\":\"https:\/\/www.public.sn\/wp-content\/uploads\/2026\/03\/Capture-decran-2026-03-13-a-15.59.11.png\",\"keywords\":[\"Ousmane Sonko\"],\"articleSection\":[\"ACTUALIT\u00c9S\",\"\u00c9CONOMIE\"],\"inLanguage\":\"fr-FR\",\"potentialAction\":[{\"@type\":\"CommentAction\",\"name\":\"Comment\",\"target\":[\"https:\/\/www.public.sn\/index.php\/2026\/03\/13\/ousmane-sonko-denonce-les-causes-de-la-crise-economique-senegalaise\/#respond\"]}]},{\"@type\":\"WebPage\",\"@id\":\"https:\/\/www.public.sn\/index.php\/2026\/03\/13\/ousmane-sonko-denonce-les-causes-de-la-crise-economique-senegalaise\/\",\"url\":\"https:\/\/www.public.sn\/index.php\/2026\/03\/13\/ousmane-sonko-denonce-les-causes-de-la-crise-economique-senegalaise\/\",\"name\":\"Ousmane Sonko d\u00e9nonce les causes de la crise \u00e9conomique s\u00e9n\u00e9galaise - LE PUBLIC\",\"isPartOf\":{\"@id\":\"https:\/\/www.public.sn\/#website\"},\"primaryImageOfPage\":{\"@id\":\"https:\/\/www.public.sn\/index.php\/2026\/03\/13\/ousmane-sonko-denonce-les-causes-de-la-crise-economique-senegalaise\/#primaryimage\"},\"image\":{\"@id\":\"https:\/\/www.public.sn\/index.php\/2026\/03\/13\/ousmane-sonko-denonce-les-causes-de-la-crise-economique-senegalaise\/#primaryimage\"},\"thumbnailUrl\":\"https:\/\/www.public.sn\/wp-content\/uploads\/2026\/03\/Capture-decran-2026-03-13-a-15.59.11.png\",\"datePublished\":\"2026-03-13T16:00:45+00:00\",\"dateModified\":\"2026-03-13T16:01:02+00:00\",\"breadcrumb\":{\"@id\":\"https:\/\/www.public.sn\/index.php\/2026\/03\/13\/ousmane-sonko-denonce-les-causes-de-la-crise-economique-senegalaise\/#breadcrumb\"},\"inLanguage\":\"fr-FR\",\"potentialAction\":[{\"@type\":\"ReadAction\",\"target\":[\"https:\/\/www.public.sn\/index.php\/2026\/03\/13\/ousmane-sonko-denonce-les-causes-de-la-crise-economique-senegalaise\/\"]}]},{\"@type\":\"ImageObject\",\"inLanguage\":\"fr-FR\",\"@id\":\"https:\/\/www.public.sn\/index.php\/2026\/03\/13\/ousmane-sonko-denonce-les-causes-de-la-crise-economique-senegalaise\/#primaryimage\",\"url\":\"https:\/\/www.public.sn\/wp-content\/uploads\/2026\/03\/Capture-decran-2026-03-13-a-15.59.11.png\",\"contentUrl\":\"https:\/\/www.public.sn\/wp-content\/uploads\/2026\/03\/Capture-decran-2026-03-13-a-15.59.11.png\",\"width\":772,\"height\":435},{\"@type\":\"BreadcrumbList\",\"@id\":\"https:\/\/www.public.sn\/index.php\/2026\/03\/13\/ousmane-sonko-denonce-les-causes-de-la-crise-economique-senegalaise\/#breadcrumb\",\"itemListElement\":[{\"@type\":\"ListItem\",\"position\":1,\"name\":\"Accueil\",\"item\":\"https:\/\/www.public.sn\/\"},{\"@type\":\"ListItem\",\"position\":2,\"name\":\"Ousmane Sonko d\u00e9nonce les causes de la crise \u00e9conomique s\u00e9n\u00e9galaise\"}]},{\"@type\":\"WebSite\",\"@id\":\"https:\/\/www.public.sn\/#website\",\"url\":\"https:\/\/www.public.sn\/\",\"name\":\"LE PUBLIC\",\"description\":\"\",\"publisher\":{\"@id\":\"https:\/\/www.public.sn\/#organization\"},\"potentialAction\":[{\"@type\":\"SearchAction\",\"target\":{\"@type\":\"EntryPoint\",\"urlTemplate\":\"https:\/\/www.public.sn\/?s={search_term_string}\"},\"query-input\":{\"@type\":\"PropertyValueSpecification\",\"valueRequired\":true,\"valueName\":\"search_term_string\"}}],\"inLanguage\":\"fr-FR\"},{\"@type\":\"Organization\",\"@id\":\"https:\/\/www.public.sn\/#organization\",\"name\":\"LE PUBLIC\",\"url\":\"https:\/\/www.public.sn\/\",\"logo\":{\"@type\":\"ImageObject\",\"inLanguage\":\"fr-FR\",\"@id\":\"https:\/\/www.public.sn\/#\/schema\/logo\/image\/\",\"url\":\"https:\/\/www.public.sn\/wp-content\/uploads\/2024\/05\/cropped-LOGO-PUBLIC.SN_.png\",\"contentUrl\":\"https:\/\/www.public.sn\/wp-content\/uploads\/2024\/05\/cropped-LOGO-PUBLIC.SN_.png\",\"width\":682,\"height\":192,\"caption\":\"LE PUBLIC\"},\"image\":{\"@id\":\"https:\/\/www.public.sn\/#\/schema\/logo\/image\/\"}},{\"@type\":\"Person\",\"@id\":\"https:\/\/www.public.sn\/#\/schema\/person\/cb76c8e1b8becc6be61fb5e92d6d0224\",\"name\":\"LA REDACTION\",\"image\":{\"@type\":\"ImageObject\",\"inLanguage\":\"fr-FR\",\"@id\":\"https:\/\/www.public.sn\/#\/schema\/person\/image\/\",\"url\":\"https:\/\/secure.gravatar.com\/avatar\/2dce5ddd34b8fef0180efe03aa2a9bee7d953856048f9a16b298190a3178407c?s=96&d=mm&r=g\",\"contentUrl\":\"https:\/\/secure.gravatar.com\/avatar\/2dce5ddd34b8fef0180efe03aa2a9bee7d953856048f9a16b298190a3178407c?s=96&d=mm&r=g\",\"caption\":\"LA REDACTION\"},\"url\":\"https:\/\/www.public.sn\/index.php\/author\/editeurpsn\/\"}]}<\/script>\n<!-- \/ Yoast SEO plugin. -->","yoast_head_json":{"title":"Ousmane Sonko d\u00e9nonce les causes de la crise \u00e9conomique s\u00e9n\u00e9galaise - LE PUBLIC","robots":{"index":"index","follow":"follow","max-snippet":"max-snippet:-1","max-image-preview":"max-image-preview:large","max-video-preview":"max-video-preview:-1"},"canonical":"https:\/\/www.public.sn\/index.php\/2026\/03\/13\/ousmane-sonko-denonce-les-causes-de-la-crise-economique-senegalaise\/","og_locale":"fr_FR","og_type":"article","og_title":"Ousmane Sonko d\u00e9nonce les causes de la crise \u00e9conomique s\u00e9n\u00e9galaise - LE PUBLIC","og_description":"Le Premier ministre&nbsp;Ousmane Sonko&nbsp;a vivement critiqu\u00e9 les orientations \u00e9conomiques adopt\u00e9es depuis l\u2019ind\u00e9pendance du pays, estimant que les politiques publiques se sont&nbsp;totalement tromp\u00e9es de priorit\u00e9s. Selon lui, les autorit\u00e9s ont privil\u00e9gi\u00e9 \u00ab les d\u00e9penses de prestige politique \u00bb au d\u00e9triment des investissements dans les secteurs strat\u00e9giques de l\u2019\u00e9conomie. \u00ab Une \u00e9conomie, il faut la b\u00e2tir, la construire \u00bb, a-t-il soulign\u00e9 lors du lancement des activit\u00e9s de mobilisation du secteur priv\u00e9 dans les agropoles et sites industriels. Pour Sonko, cela suppose&nbsp;une connaissance pr\u00e9cise des potentialit\u00e9s du pays, une vision claire et des m\u00e9canismes de financement adapt\u00e9s pour d\u00e9velopper des fili\u00e8res solides. Or, selon lui, le S\u00e9n\u00e9gal n\u2019a jamais r\u00e9ellement appliqu\u00e9 cette approche. Le Premier ministre d\u00e9plore que le pays soit aujourd\u2019hui dot\u00e9 d\u2019une \u00e9conomie&nbsp;tr\u00e8s tertiaris\u00e9e, proche d\u2019un mod\u00e8le post-industriel, alors que l\u2019industrie peine \u00e0 se d\u00e9velopper. \u00ab Beaucoup d\u2019argent a \u00e9t\u00e9 mobilis\u00e9 et d\u00e9pens\u00e9, des investissements directs et indirects, bilat\u00e9raux et multilat\u00e9raux. Mais le r\u00e9sultat est un \u00e9chec : cela n\u2019a pas g\u00e9n\u00e9r\u00e9 une croissance qui profite aux S\u00e9n\u00e9galais et aux Africains, parce que nous nous sommes tromp\u00e9s de priorit\u00e9s \u00bb, a-t-il expliqu\u00e9. Pour&nbsp;Ousmane Sonko, il est aujourd\u2019hui crucial de&nbsp;corriger ces erreurs&nbsp;et de mettre en \u0153uvre une strat\u00e9gie \u00e9conomique centr\u00e9e sur le d\u00e9veloppement industriel et les secteurs cl\u00e9s, afin de b\u00e2tir une \u00e9conomie plus solide et inclusive.","og_url":"https:\/\/www.public.sn\/index.php\/2026\/03\/13\/ousmane-sonko-denonce-les-causes-de-la-crise-economique-senegalaise\/","og_site_name":"LE PUBLIC","article_published_time":"2026-03-13T16:00:45+00:00","article_modified_time":"2026-03-13T16:01:02+00:00","og_image":[{"width":772,"height":435,"url":"https:\/\/www.public.sn\/wp-content\/uploads\/2026\/03\/Capture-decran-2026-03-13-a-15.59.11.png","type":"image\/png"}],"author":"LA REDACTION","twitter_card":"summary_large_image","twitter_misc":{"\u00c9crit par":"LA REDACTION","Dur\u00e9e de lecture estim\u00e9e":"2 minutes"},"schema":{"@context":"https:\/\/schema.org","@graph":[{"@type":"Article","@id":"https:\/\/www.public.sn\/index.php\/2026\/03\/13\/ousmane-sonko-denonce-les-causes-de-la-crise-economique-senegalaise\/#article","isPartOf":{"@id":"https:\/\/www.public.sn\/index.php\/2026\/03\/13\/ousmane-sonko-denonce-les-causes-de-la-crise-economique-senegalaise\/"},"author":{"name":"LA REDACTION","@id":"https:\/\/www.public.sn\/#\/schema\/person\/cb76c8e1b8becc6be61fb5e92d6d0224"},"headline":"Ousmane Sonko d\u00e9nonce les causes de la crise \u00e9conomique s\u00e9n\u00e9galaise","datePublished":"2026-03-13T16:00:45+00:00","dateModified":"2026-03-13T16:01:02+00:00","mainEntityOfPage":{"@id":"https:\/\/www.public.sn\/index.php\/2026\/03\/13\/ousmane-sonko-denonce-les-causes-de-la-crise-economique-senegalaise\/"},"wordCount":286,"commentCount":0,"publisher":{"@id":"https:\/\/www.public.sn\/#organization"},"image":{"@id":"https:\/\/www.public.sn\/index.php\/2026\/03\/13\/ousmane-sonko-denonce-les-causes-de-la-crise-economique-senegalaise\/#primaryimage"},"thumbnailUrl":"https:\/\/www.public.sn\/wp-content\/uploads\/2026\/03\/Capture-decran-2026-03-13-a-15.59.11.png","keywords":["Ousmane Sonko"],"articleSection":["ACTUALIT\u00c9S","\u00c9CONOMIE"],"inLanguage":"fr-FR","potentialAction":[{"@type":"CommentAction","name":"Comment","target":["https:\/\/www.public.sn\/index.php\/2026\/03\/13\/ousmane-sonko-denonce-les-causes-de-la-crise-economique-senegalaise\/#respond"]}]},{"@type":"WebPage","@id":"https:\/\/www.public.sn\/index.php\/2026\/03\/13\/ousmane-sonko-denonce-les-causes-de-la-crise-economique-senegalaise\/","url":"https:\/\/www.public.sn\/index.php\/2026\/03\/13\/ousmane-sonko-denonce-les-causes-de-la-crise-economique-senegalaise\/","name":"Ousmane Sonko d\u00e9nonce les causes de la crise \u00e9conomique s\u00e9n\u00e9galaise - LE PUBLIC","isPartOf":{"@id":"https:\/\/www.public.sn\/#website"},"primaryImageOfPage":{"@id":"https:\/\/www.public.sn\/index.php\/2026\/03\/13\/ousmane-sonko-denonce-les-causes-de-la-crise-economique-senegalaise\/#primaryimage"},"image":{"@id":"https:\/\/www.public.sn\/index.php\/2026\/03\/13\/ousmane-sonko-denonce-les-causes-de-la-crise-economique-senegalaise\/#primaryimage"},"thumbnailUrl":"https:\/\/www.public.sn\/wp-content\/uploads\/2026\/03\/Capture-decran-2026-03-13-a-15.59.11.png","datePublished":"2026-03-13T16:00:45+00:00","dateModified":"2026-03-13T16:01:02+00:00","breadcrumb":{"@id":"https:\/\/www.public.sn\/index.php\/2026\/03\/13\/ousmane-sonko-denonce-les-causes-de-la-crise-economique-senegalaise\/#breadcrumb"},"inLanguage":"fr-FR","potentialAction":[{"@type":"ReadAction","target":["https:\/\/www.public.sn\/index.php\/2026\/03\/13\/ousmane-sonko-denonce-les-causes-de-la-crise-economique-senegalaise\/"]}]},{"@type":"ImageObject","inLanguage":"fr-FR","@id":"https:\/\/www.public.sn\/index.php\/2026\/03\/13\/ousmane-sonko-denonce-les-causes-de-la-crise-economique-senegalaise\/#primaryimage","url":"https:\/\/www.public.sn\/wp-content\/uploads\/2026\/03\/Capture-decran-2026-03-13-a-15.59.11.png","contentUrl":"https:\/\/www.public.sn\/wp-content\/uploads\/2026\/03\/Capture-decran-2026-03-13-a-15.59.11.png","width":772,"height":435},{"@type":"BreadcrumbList","@id":"https:\/\/www.public.sn\/index.php\/2026\/03\/13\/ousmane-sonko-denonce-les-causes-de-la-crise-economique-senegalaise\/#breadcrumb","itemListElement":[{"@type":"ListItem","position":1,"name":"Accueil","item":"https:\/\/www.public.sn\/"},{"@type":"ListItem","position":2,"name":"Ousmane Sonko d\u00e9nonce les causes de la crise \u00e9conomique s\u00e9n\u00e9galaise"}]},{"@type":"WebSite","@id":"https:\/\/www.public.sn\/#website","url":"https:\/\/www.public.sn\/","name":"LE PUBLIC","description":"","publisher":{"@id":"https:\/\/www.public.sn\/#organization"},"potentialAction":[{"@type":"SearchAction","target":{"@type":"EntryPoint","urlTemplate":"https:\/\/www.public.sn\/?s={search_term_string}"},"query-input":{"@type":"PropertyValueSpecification","valueRequired":true,"valueName":"search_term_string"}}],"inLanguage":"fr-FR"},{"@type":"Organization","@id":"https:\/\/www.public.sn\/#organization","name":"LE PUBLIC","url":"https:\/\/www.public.sn\/","logo":{"@type":"ImageObject","inLanguage":"fr-FR","@id":"https:\/\/www.public.sn\/#\/schema\/logo\/image\/","url":"https:\/\/www.public.sn\/wp-content\/uploads\/2024\/05\/cropped-LOGO-PUBLIC.SN_.png","contentUrl":"https:\/\/www.public.sn\/wp-content\/uploads\/2024\/05\/cropped-LOGO-PUBLIC.SN_.png","width":682,"height":192,"caption":"LE PUBLIC"},"image":{"@id":"https:\/\/www.public.sn\/#\/schema\/logo\/image\/"}},{"@type":"Person","@id":"https:\/\/www.public.sn\/#\/schema\/person\/cb76c8e1b8becc6be61fb5e92d6d0224","name":"LA REDACTION","image":{"@type":"ImageObject","inLanguage":"fr-FR","@id":"https:\/\/www.public.sn\/#\/schema\/person\/image\/","url":"https:\/\/secure.gravatar.com\/avatar\/2dce5ddd34b8fef0180efe03aa2a9bee7d953856048f9a16b298190a3178407c?s=96&d=mm&r=g","contentUrl":"https:\/\/secure.gravatar.com\/avatar\/2dce5ddd34b8fef0180efe03aa2a9bee7d953856048f9a16b298190a3178407c?s=96&d=mm&r=g","caption":"LA REDACTION"},"url":"https:\/\/www.public.sn\/index.php\/author\/editeurpsn\/"}]}},"jetpack_featured_media_url":"https:\/\/www.public.sn\/wp-content\/uploads\/2026\/03\/Capture-decran-2026-03-13-a-15.59.11.png","jetpack_sharing_enabled":true,"_links":{"self":[{"href":"https:\/\/www.public.sn\/index.php\/wp-json\/wp\/v2\/posts\/39566","targetHints":{"allow":["GET"]}}],"collection":[{"href":"https:\/\/www.public.sn\/index.php\/wp-json\/wp\/v2\/posts"}],"about":[{"href":"https:\/\/www.public.sn\/index.php\/wp-json\/wp\/v2\/types\/post"}],"author":[{"embeddable":true,"href":"https:\/\/www.public.sn\/index.php\/wp-json\/wp\/v2\/users\/7"}],"replies":[{"embeddable":true,"href":"https:\/\/www.public.sn\/index.php\/wp-json\/wp\/v2\/comments?post=39566"}],"version-history":[{"count":1,"href":"https:\/\/www.public.sn\/index.php\/wp-json\/wp\/v2\/posts\/39566\/revisions"}],"predecessor-version":[{"id":39568,"href":"https:\/\/www.public.sn\/index.php\/wp-json\/wp\/v2\/posts\/39566\/revisions\/39568"}],"wp:featuredmedia":[{"embeddable":true,"href":"https:\/\/www.public.sn\/index.php\/wp-json\/wp\/v2\/media\/39567"}],"wp:attachment":[{"href":"https:\/\/www.public.sn\/index.php\/wp-json\/wp\/v2\/media?parent=39566"}],"wp:term":[{"taxonomy":"category","embeddable":true,"href":"https:\/\/www.public.sn\/index.php\/wp-json\/wp\/v2\/categories?post=39566"},{"taxonomy":"post_tag","embeddable":true,"href":"https:\/\/www.public.sn\/index.php\/wp-json\/wp\/v2\/tags?post=39566"}],"curies":[{"name":"wp","href":"https:\/\/api.w.org\/{rel}","templated":true}]}}