{"id":39573,"date":"2026-03-16T11:37:09","date_gmt":"2026-03-16T11:37:09","guid":{"rendered":"https:\/\/www.public.sn\/?p=39573"},"modified":"2026-03-16T11:37:24","modified_gmt":"2026-03-16T11:37:24","slug":"affaire-pape-cheikh-diallo-les-aveux-de-modou-g-qui-font-trembler-lanimateur","status":"publish","type":"post","link":"https:\/\/www.public.sn\/index.php\/2026\/03\/16\/affaire-pape-cheikh-diallo-les-aveux-de-modou-g-qui-font-trembler-lanimateur\/","title":{"rendered":"Affaire\u00a0Pape Cheikh Diallo\u00a0: les aveux de\u00a0Modou G.\u00a0qui font trembler l\u2019animateur"},"content":{"rendered":"\n<p>La brigade de recherches de&nbsp;Keur Massar&nbsp;a proc\u00e9d\u00e9 \u00e0 l\u2019arrestation d\u2019une 41e personne dans le cadre d\u2019un vaste coup de filet visant un r\u00e9seau soup\u00e7onn\u00e9 de plusieurs infractions, notamment des actes contre-nature.<\/p><div class=\"publi-paragraphe1\" style=\"margin-top: 10px;margin-bottom: 10px;margin-left: auto;margin-right: auto;text-align: center;\" id=\"publi-943316711\"><div class=\"publi-adlabel\">Publicit\u00e9<\/div><script async src=\"\/\/pagead2.googlesyndication.com\/pagead\/js\/adsbygoogle.js?client=ca-pub-4089586018074219\" crossorigin=\"anonymous\"><\/script><ins class=\"adsbygoogle\" style=\"display:block;\" data-ad-client=\"ca-pub-4089586018074219\" \ndata-ad-slot=\"2087940154\" \ndata-ad-format=\"auto\"><\/ins>\n<script> \n(adsbygoogle = window.adsbygoogle || []).push({}); \n<\/script>\n<\/div>\n\n\n\n<p>Selon le quotidien&nbsp;Lib\u00e9ration, il s\u2019agit d\u2019un ressortissant camerounais identifi\u00e9 sous le nom de \u00ab Stephan \u00bb. Sur une plateforme de rencontres homosexuelles, il se faisait conna\u00eetre sous le pseudonyme \u00ab Modou G. \u00bb.<\/p>\n\n\n\n<p>Toujours d\u2019apr\u00e8s le journal, le suspect aurait fait des d\u00e9clarations compromettantes lors de son audition. Il aurait reconnu avoir servi d\u2019interm\u00e9diaire pour trouver des partenaires \u00e0 l\u2019animateur&nbsp;Pape Cheikh Diallo. Il aurait \u00e9galement affirm\u00e9 entretenir lui-m\u00eame une relation intime avec ce dernier.<\/p>\n\n\n\n<p>Le quotidien ajoute que ces d\u00e9clarations, recoup\u00e9es avec d\u2019autres \u00e9l\u00e9ments de l\u2019enqu\u00eate, laisseraient appara\u00eetre l\u2019existence de plusieurs relations entretenues par l\u2019animateur dans ce qui est pr\u00e9sent\u00e9 comme une \u00ab vie priv\u00e9e cach\u00e9e \u00bb.<\/p>\n\n\n\n<p>Dans ce dossier, les personnes interpell\u00e9es sont poursuivies pour&nbsp;<strong>association de malfaiteurs, actes contre-nature, transmission volontaire du VIH, blanchiment de capitaux et trafic de drogue<\/strong>.<\/p>\n<div class=\"publi-apres-le-contenu\" style=\"margin-top: 10px;margin-bottom: 10px;margin-left: auto;margin-right: auto;text-align: center;\" id=\"publi-3347701508\"><div class=\"publi-adlabel\">Publicit\u00e9<\/div><script async src=\"\/\/pagead2.googlesyndication.com\/pagead\/js\/adsbygoogle.js?client=ca-pub-4089586018074219\" crossorigin=\"anonymous\"><\/script><ins class=\"adsbygoogle\" style=\"display:block;\" data-ad-client=\"ca-pub-4089586018074219\" \ndata-ad-slot=\"2087940154\" \ndata-ad-format=\"auto\"><\/ins>\n<script> \n(adsbygoogle = window.adsbygoogle || []).push({}); \n<\/script>\n<\/div>","protected":false},"excerpt":{"rendered":"<p>La brigade de recherches de&nbsp;Keur Massar&nbsp;a proc\u00e9d\u00e9 \u00e0 l\u2019arrestation d\u2019une 41e personne dans le cadre d\u2019un vaste coup de filet visant un r\u00e9seau soup\u00e7onn\u00e9 de plusieurs infractions, notamment des actes contre-nature. Selon le quotidien&nbsp;Lib\u00e9ration, il s\u2019agit d\u2019un ressortissant camerounais identifi\u00e9 sous le nom de \u00ab Stephan \u00bb. Sur une plateforme de rencontres homosexuelles, il se faisait conna\u00eetre sous le pseudonyme \u00ab Modou G. \u00bb. Toujours d\u2019apr\u00e8s le journal, le suspect aurait fait des d\u00e9clarations compromettantes lors de son audition. Il aurait reconnu avoir servi d\u2019interm\u00e9diaire pour trouver des partenaires \u00e0 l\u2019animateur&nbsp;Pape Cheikh Diallo. Il aurait \u00e9galement affirm\u00e9 entretenir lui-m\u00eame une relation intime avec ce dernier. Le quotidien ajoute que ces d\u00e9clarations, recoup\u00e9es avec d\u2019autres \u00e9l\u00e9ments de l\u2019enqu\u00eate, laisseraient appara\u00eetre l\u2019existence de plusieurs relations entretenues par l\u2019animateur dans ce qui est pr\u00e9sent\u00e9 comme une \u00ab vie priv\u00e9e cach\u00e9e \u00bb. Dans ce dossier, les personnes interpell\u00e9es sont poursuivies pour&nbsp;association de malfaiteurs, actes contre-nature, transmission volontaire du VIH, blanchiment de capitaux et trafic de drogue.<\/p>\n","protected":false},"author":7,"featured_media":39575,"comment_status":"open","ping_status":"open","sticky":false,"template":"","format":"standard","meta":{"_jetpack_memberships_contains_paid_content":false,"footnotes":""},"categories":[1],"tags":[8300,2585],"class_list":["post-39573","post","type-post","status-publish","format-standard","has-post-thumbnail","hentry","category-non-classe","tag-modou-g","tag-pape-cheikh-diallo","entry","has-media","owp-thumbs-layout-horizontal","owp-btn-normal","owp-tabs-layout-horizontal","has-no-thumbnails","has-product-nav"],"yoast_head":"<!-- This site is optimized with the Yoast SEO plugin v25.5 - https:\/\/yoast.com\/wordpress\/plugins\/seo\/ -->\n<title>Affaire\u00a0Pape Cheikh Diallo\u00a0: les aveux de\u00a0Modou G.\u00a0qui font trembler l\u2019animateur - LE PUBLIC<\/title>\n<meta name=\"robots\" content=\"index, follow, max-snippet:-1, max-image-preview:large, max-video-preview:-1\" \/>\n<link rel=\"canonical\" href=\"https:\/\/www.public.sn\/index.php\/2026\/03\/16\/affaire-pape-cheikh-diallo-les-aveux-de-modou-g-qui-font-trembler-lanimateur\/\" \/>\n<meta property=\"og:locale\" content=\"fr_FR\" \/>\n<meta property=\"og:type\" content=\"article\" \/>\n<meta property=\"og:title\" content=\"Affaire\u00a0Pape Cheikh Diallo\u00a0: les aveux de\u00a0Modou G.\u00a0qui font trembler l\u2019animateur - LE PUBLIC\" \/>\n<meta property=\"og:description\" content=\"La brigade de recherches de&nbsp;Keur Massar&nbsp;a proc\u00e9d\u00e9 \u00e0 l\u2019arrestation d\u2019une 41e personne dans le cadre d\u2019un vaste coup de filet visant un r\u00e9seau soup\u00e7onn\u00e9 de plusieurs infractions, notamment des actes contre-nature. Selon le quotidien&nbsp;Lib\u00e9ration, il s\u2019agit d\u2019un ressortissant camerounais identifi\u00e9 sous le nom de \u00ab Stephan \u00bb. Sur une plateforme de rencontres homosexuelles, il se faisait conna\u00eetre sous le pseudonyme \u00ab Modou G. \u00bb. Toujours d\u2019apr\u00e8s le journal, le suspect aurait fait des d\u00e9clarations compromettantes lors de son audition. Il aurait reconnu avoir servi d\u2019interm\u00e9diaire pour trouver des partenaires \u00e0 l\u2019animateur&nbsp;Pape Cheikh Diallo. Il aurait \u00e9galement affirm\u00e9 entretenir lui-m\u00eame une relation intime avec ce dernier. Le quotidien ajoute que ces d\u00e9clarations, recoup\u00e9es avec d\u2019autres \u00e9l\u00e9ments de l\u2019enqu\u00eate, laisseraient appara\u00eetre l\u2019existence de plusieurs relations entretenues par l\u2019animateur dans ce qui est pr\u00e9sent\u00e9 comme une \u00ab vie priv\u00e9e cach\u00e9e \u00bb. Dans ce dossier, les personnes interpell\u00e9es sont poursuivies pour&nbsp;association de malfaiteurs, actes contre-nature, transmission volontaire du VIH, blanchiment de capitaux et trafic de drogue.\" \/>\n<meta property=\"og:url\" content=\"https:\/\/www.public.sn\/index.php\/2026\/03\/16\/affaire-pape-cheikh-diallo-les-aveux-de-modou-g-qui-font-trembler-lanimateur\/\" \/>\n<meta property=\"og:site_name\" content=\"LE PUBLIC\" \/>\n<meta property=\"article:published_time\" content=\"2026-03-16T11:37:09+00:00\" \/>\n<meta property=\"article:modified_time\" content=\"2026-03-16T11:37:24+00:00\" \/>\n<meta property=\"og:image\" content=\"https:\/\/www.public.sn\/wp-content\/uploads\/2026\/03\/Capture-decran-2026-03-16-a-11.35.41.png\" \/>\n\t<meta property=\"og:image:width\" content=\"1053\" \/>\n\t<meta property=\"og:image:height\" content=\"593\" \/>\n\t<meta property=\"og:image:type\" content=\"image\/png\" \/>\n<meta name=\"author\" content=\"LA REDACTION\" \/>\n<meta name=\"twitter:card\" content=\"summary_large_image\" \/>\n<meta name=\"twitter:label1\" content=\"\u00c9crit par\" \/>\n\t<meta name=\"twitter:data1\" content=\"LA REDACTION\" \/>\n\t<meta name=\"twitter:label2\" content=\"Dur\u00e9e de lecture estim\u00e9e\" \/>\n\t<meta name=\"twitter:data2\" content=\"2 minutes\" \/>\n<script type=\"application\/ld+json\" class=\"yoast-schema-graph\">{\"@context\":\"https:\/\/schema.org\",\"@graph\":[{\"@type\":\"Article\",\"@id\":\"https:\/\/www.public.sn\/index.php\/2026\/03\/16\/affaire-pape-cheikh-diallo-les-aveux-de-modou-g-qui-font-trembler-lanimateur\/#article\",\"isPartOf\":{\"@id\":\"https:\/\/www.public.sn\/index.php\/2026\/03\/16\/affaire-pape-cheikh-diallo-les-aveux-de-modou-g-qui-font-trembler-lanimateur\/\"},\"author\":{\"name\":\"LA REDACTION\",\"@id\":\"https:\/\/www.public.sn\/#\/schema\/person\/cb76c8e1b8becc6be61fb5e92d6d0224\"},\"headline\":\"Affaire\u00a0Pape Cheikh Diallo\u00a0: les aveux de\u00a0Modou G.\u00a0qui font trembler l\u2019animateur\",\"datePublished\":\"2026-03-16T11:37:09+00:00\",\"dateModified\":\"2026-03-16T11:37:24+00:00\",\"mainEntityOfPage\":{\"@id\":\"https:\/\/www.public.sn\/index.php\/2026\/03\/16\/affaire-pape-cheikh-diallo-les-aveux-de-modou-g-qui-font-trembler-lanimateur\/\"},\"wordCount\":208,\"commentCount\":0,\"publisher\":{\"@id\":\"https:\/\/www.public.sn\/#organization\"},\"image\":{\"@id\":\"https:\/\/www.public.sn\/index.php\/2026\/03\/16\/affaire-pape-cheikh-diallo-les-aveux-de-modou-g-qui-font-trembler-lanimateur\/#primaryimage\"},\"thumbnailUrl\":\"https:\/\/www.public.sn\/wp-content\/uploads\/2026\/03\/Capture-decran-2026-03-16-a-11.35.41.png\",\"keywords\":[\"Modou G.\",\"pape cheikh diallo\"],\"articleSection\":[\"S\u00c9N\u00c9GAL\"],\"inLanguage\":\"fr-FR\",\"potentialAction\":[{\"@type\":\"CommentAction\",\"name\":\"Comment\",\"target\":[\"https:\/\/www.public.sn\/index.php\/2026\/03\/16\/affaire-pape-cheikh-diallo-les-aveux-de-modou-g-qui-font-trembler-lanimateur\/#respond\"]}]},{\"@type\":\"WebPage\",\"@id\":\"https:\/\/www.public.sn\/index.php\/2026\/03\/16\/affaire-pape-cheikh-diallo-les-aveux-de-modou-g-qui-font-trembler-lanimateur\/\",\"url\":\"https:\/\/www.public.sn\/index.php\/2026\/03\/16\/affaire-pape-cheikh-diallo-les-aveux-de-modou-g-qui-font-trembler-lanimateur\/\",\"name\":\"Affaire\u00a0Pape Cheikh Diallo\u00a0: les aveux de\u00a0Modou G.\u00a0qui font trembler l\u2019animateur - LE PUBLIC\",\"isPartOf\":{\"@id\":\"https:\/\/www.public.sn\/#website\"},\"primaryImageOfPage\":{\"@id\":\"https:\/\/www.public.sn\/index.php\/2026\/03\/16\/affaire-pape-cheikh-diallo-les-aveux-de-modou-g-qui-font-trembler-lanimateur\/#primaryimage\"},\"image\":{\"@id\":\"https:\/\/www.public.sn\/index.php\/2026\/03\/16\/affaire-pape-cheikh-diallo-les-aveux-de-modou-g-qui-font-trembler-lanimateur\/#primaryimage\"},\"thumbnailUrl\":\"https:\/\/www.public.sn\/wp-content\/uploads\/2026\/03\/Capture-decran-2026-03-16-a-11.35.41.png\",\"datePublished\":\"2026-03-16T11:37:09+00:00\",\"dateModified\":\"2026-03-16T11:37:24+00:00\",\"breadcrumb\":{\"@id\":\"https:\/\/www.public.sn\/index.php\/2026\/03\/16\/affaire-pape-cheikh-diallo-les-aveux-de-modou-g-qui-font-trembler-lanimateur\/#breadcrumb\"},\"inLanguage\":\"fr-FR\",\"potentialAction\":[{\"@type\":\"ReadAction\",\"target\":[\"https:\/\/www.public.sn\/index.php\/2026\/03\/16\/affaire-pape-cheikh-diallo-les-aveux-de-modou-g-qui-font-trembler-lanimateur\/\"]}]},{\"@type\":\"ImageObject\",\"inLanguage\":\"fr-FR\",\"@id\":\"https:\/\/www.public.sn\/index.php\/2026\/03\/16\/affaire-pape-cheikh-diallo-les-aveux-de-modou-g-qui-font-trembler-lanimateur\/#primaryimage\",\"url\":\"https:\/\/www.public.sn\/wp-content\/uploads\/2026\/03\/Capture-decran-2026-03-16-a-11.35.41.png\",\"contentUrl\":\"https:\/\/www.public.sn\/wp-content\/uploads\/2026\/03\/Capture-decran-2026-03-16-a-11.35.41.png\",\"width\":1053,\"height\":593},{\"@type\":\"BreadcrumbList\",\"@id\":\"https:\/\/www.public.sn\/index.php\/2026\/03\/16\/affaire-pape-cheikh-diallo-les-aveux-de-modou-g-qui-font-trembler-lanimateur\/#breadcrumb\",\"itemListElement\":[{\"@type\":\"ListItem\",\"position\":1,\"name\":\"Accueil\",\"item\":\"https:\/\/www.public.sn\/\"},{\"@type\":\"ListItem\",\"position\":2,\"name\":\"Affaire\u00a0Pape Cheikh Diallo\u00a0: les aveux de\u00a0Modou G.\u00a0qui font trembler l\u2019animateur\"}]},{\"@type\":\"WebSite\",\"@id\":\"https:\/\/www.public.sn\/#website\",\"url\":\"https:\/\/www.public.sn\/\",\"name\":\"LE PUBLIC\",\"description\":\"\",\"publisher\":{\"@id\":\"https:\/\/www.public.sn\/#organization\"},\"potentialAction\":[{\"@type\":\"SearchAction\",\"target\":{\"@type\":\"EntryPoint\",\"urlTemplate\":\"https:\/\/www.public.sn\/?s={search_term_string}\"},\"query-input\":{\"@type\":\"PropertyValueSpecification\",\"valueRequired\":true,\"valueName\":\"search_term_string\"}}],\"inLanguage\":\"fr-FR\"},{\"@type\":\"Organization\",\"@id\":\"https:\/\/www.public.sn\/#organization\",\"name\":\"LE PUBLIC\",\"url\":\"https:\/\/www.public.sn\/\",\"logo\":{\"@type\":\"ImageObject\",\"inLanguage\":\"fr-FR\",\"@id\":\"https:\/\/www.public.sn\/#\/schema\/logo\/image\/\",\"url\":\"https:\/\/www.public.sn\/wp-content\/uploads\/2024\/05\/cropped-LOGO-PUBLIC.SN_.png\",\"contentUrl\":\"https:\/\/www.public.sn\/wp-content\/uploads\/2024\/05\/cropped-LOGO-PUBLIC.SN_.png\",\"width\":682,\"height\":192,\"caption\":\"LE PUBLIC\"},\"image\":{\"@id\":\"https:\/\/www.public.sn\/#\/schema\/logo\/image\/\"}},{\"@type\":\"Person\",\"@id\":\"https:\/\/www.public.sn\/#\/schema\/person\/cb76c8e1b8becc6be61fb5e92d6d0224\",\"name\":\"LA REDACTION\",\"image\":{\"@type\":\"ImageObject\",\"inLanguage\":\"fr-FR\",\"@id\":\"https:\/\/www.public.sn\/#\/schema\/person\/image\/\",\"url\":\"https:\/\/secure.gravatar.com\/avatar\/2dce5ddd34b8fef0180efe03aa2a9bee7d953856048f9a16b298190a3178407c?s=96&d=mm&r=g\",\"contentUrl\":\"https:\/\/secure.gravatar.com\/avatar\/2dce5ddd34b8fef0180efe03aa2a9bee7d953856048f9a16b298190a3178407c?s=96&d=mm&r=g\",\"caption\":\"LA REDACTION\"},\"url\":\"https:\/\/www.public.sn\/index.php\/author\/editeurpsn\/\"}]}<\/script>\n<!-- \/ Yoast SEO plugin. -->","yoast_head_json":{"title":"Affaire\u00a0Pape Cheikh Diallo\u00a0: les aveux de\u00a0Modou G.\u00a0qui font trembler l\u2019animateur - LE PUBLIC","robots":{"index":"index","follow":"follow","max-snippet":"max-snippet:-1","max-image-preview":"max-image-preview:large","max-video-preview":"max-video-preview:-1"},"canonical":"https:\/\/www.public.sn\/index.php\/2026\/03\/16\/affaire-pape-cheikh-diallo-les-aveux-de-modou-g-qui-font-trembler-lanimateur\/","og_locale":"fr_FR","og_type":"article","og_title":"Affaire\u00a0Pape Cheikh Diallo\u00a0: les aveux de\u00a0Modou G.\u00a0qui font trembler l\u2019animateur - LE PUBLIC","og_description":"La brigade de recherches de&nbsp;Keur Massar&nbsp;a proc\u00e9d\u00e9 \u00e0 l\u2019arrestation d\u2019une 41e personne dans le cadre d\u2019un vaste coup de filet visant un r\u00e9seau soup\u00e7onn\u00e9 de plusieurs infractions, notamment des actes contre-nature. Selon le quotidien&nbsp;Lib\u00e9ration, il s\u2019agit d\u2019un ressortissant camerounais identifi\u00e9 sous le nom de \u00ab Stephan \u00bb. Sur une plateforme de rencontres homosexuelles, il se faisait conna\u00eetre sous le pseudonyme \u00ab Modou G. \u00bb. Toujours d\u2019apr\u00e8s le journal, le suspect aurait fait des d\u00e9clarations compromettantes lors de son audition. Il aurait reconnu avoir servi d\u2019interm\u00e9diaire pour trouver des partenaires \u00e0 l\u2019animateur&nbsp;Pape Cheikh Diallo. Il aurait \u00e9galement affirm\u00e9 entretenir lui-m\u00eame une relation intime avec ce dernier. Le quotidien ajoute que ces d\u00e9clarations, recoup\u00e9es avec d\u2019autres \u00e9l\u00e9ments de l\u2019enqu\u00eate, laisseraient appara\u00eetre l\u2019existence de plusieurs relations entretenues par l\u2019animateur dans ce qui est pr\u00e9sent\u00e9 comme une \u00ab vie priv\u00e9e cach\u00e9e \u00bb. Dans ce dossier, les personnes interpell\u00e9es sont poursuivies pour&nbsp;association de malfaiteurs, actes contre-nature, transmission volontaire du VIH, blanchiment de capitaux et trafic de drogue.","og_url":"https:\/\/www.public.sn\/index.php\/2026\/03\/16\/affaire-pape-cheikh-diallo-les-aveux-de-modou-g-qui-font-trembler-lanimateur\/","og_site_name":"LE PUBLIC","article_published_time":"2026-03-16T11:37:09+00:00","article_modified_time":"2026-03-16T11:37:24+00:00","og_image":[{"width":1053,"height":593,"url":"https:\/\/www.public.sn\/wp-content\/uploads\/2026\/03\/Capture-decran-2026-03-16-a-11.35.41.png","type":"image\/png"}],"author":"LA REDACTION","twitter_card":"summary_large_image","twitter_misc":{"\u00c9crit par":"LA REDACTION","Dur\u00e9e de lecture estim\u00e9e":"2 minutes"},"schema":{"@context":"https:\/\/schema.org","@graph":[{"@type":"Article","@id":"https:\/\/www.public.sn\/index.php\/2026\/03\/16\/affaire-pape-cheikh-diallo-les-aveux-de-modou-g-qui-font-trembler-lanimateur\/#article","isPartOf":{"@id":"https:\/\/www.public.sn\/index.php\/2026\/03\/16\/affaire-pape-cheikh-diallo-les-aveux-de-modou-g-qui-font-trembler-lanimateur\/"},"author":{"name":"LA REDACTION","@id":"https:\/\/www.public.sn\/#\/schema\/person\/cb76c8e1b8becc6be61fb5e92d6d0224"},"headline":"Affaire\u00a0Pape Cheikh Diallo\u00a0: les aveux de\u00a0Modou G.\u00a0qui font trembler l\u2019animateur","datePublished":"2026-03-16T11:37:09+00:00","dateModified":"2026-03-16T11:37:24+00:00","mainEntityOfPage":{"@id":"https:\/\/www.public.sn\/index.php\/2026\/03\/16\/affaire-pape-cheikh-diallo-les-aveux-de-modou-g-qui-font-trembler-lanimateur\/"},"wordCount":208,"commentCount":0,"publisher":{"@id":"https:\/\/www.public.sn\/#organization"},"image":{"@id":"https:\/\/www.public.sn\/index.php\/2026\/03\/16\/affaire-pape-cheikh-diallo-les-aveux-de-modou-g-qui-font-trembler-lanimateur\/#primaryimage"},"thumbnailUrl":"https:\/\/www.public.sn\/wp-content\/uploads\/2026\/03\/Capture-decran-2026-03-16-a-11.35.41.png","keywords":["Modou G.","pape cheikh diallo"],"articleSection":["S\u00c9N\u00c9GAL"],"inLanguage":"fr-FR","potentialAction":[{"@type":"CommentAction","name":"Comment","target":["https:\/\/www.public.sn\/index.php\/2026\/03\/16\/affaire-pape-cheikh-diallo-les-aveux-de-modou-g-qui-font-trembler-lanimateur\/#respond"]}]},{"@type":"WebPage","@id":"https:\/\/www.public.sn\/index.php\/2026\/03\/16\/affaire-pape-cheikh-diallo-les-aveux-de-modou-g-qui-font-trembler-lanimateur\/","url":"https:\/\/www.public.sn\/index.php\/2026\/03\/16\/affaire-pape-cheikh-diallo-les-aveux-de-modou-g-qui-font-trembler-lanimateur\/","name":"Affaire\u00a0Pape Cheikh Diallo\u00a0: les aveux de\u00a0Modou G.\u00a0qui font trembler l\u2019animateur - LE PUBLIC","isPartOf":{"@id":"https:\/\/www.public.sn\/#website"},"primaryImageOfPage":{"@id":"https:\/\/www.public.sn\/index.php\/2026\/03\/16\/affaire-pape-cheikh-diallo-les-aveux-de-modou-g-qui-font-trembler-lanimateur\/#primaryimage"},"image":{"@id":"https:\/\/www.public.sn\/index.php\/2026\/03\/16\/affaire-pape-cheikh-diallo-les-aveux-de-modou-g-qui-font-trembler-lanimateur\/#primaryimage"},"thumbnailUrl":"https:\/\/www.public.sn\/wp-content\/uploads\/2026\/03\/Capture-decran-2026-03-16-a-11.35.41.png","datePublished":"2026-03-16T11:37:09+00:00","dateModified":"2026-03-16T11:37:24+00:00","breadcrumb":{"@id":"https:\/\/www.public.sn\/index.php\/2026\/03\/16\/affaire-pape-cheikh-diallo-les-aveux-de-modou-g-qui-font-trembler-lanimateur\/#breadcrumb"},"inLanguage":"fr-FR","potentialAction":[{"@type":"ReadAction","target":["https:\/\/www.public.sn\/index.php\/2026\/03\/16\/affaire-pape-cheikh-diallo-les-aveux-de-modou-g-qui-font-trembler-lanimateur\/"]}]},{"@type":"ImageObject","inLanguage":"fr-FR","@id":"https:\/\/www.public.sn\/index.php\/2026\/03\/16\/affaire-pape-cheikh-diallo-les-aveux-de-modou-g-qui-font-trembler-lanimateur\/#primaryimage","url":"https:\/\/www.public.sn\/wp-content\/uploads\/2026\/03\/Capture-decran-2026-03-16-a-11.35.41.png","contentUrl":"https:\/\/www.public.sn\/wp-content\/uploads\/2026\/03\/Capture-decran-2026-03-16-a-11.35.41.png","width":1053,"height":593},{"@type":"BreadcrumbList","@id":"https:\/\/www.public.sn\/index.php\/2026\/03\/16\/affaire-pape-cheikh-diallo-les-aveux-de-modou-g-qui-font-trembler-lanimateur\/#breadcrumb","itemListElement":[{"@type":"ListItem","position":1,"name":"Accueil","item":"https:\/\/www.public.sn\/"},{"@type":"ListItem","position":2,"name":"Affaire\u00a0Pape Cheikh Diallo\u00a0: les aveux de\u00a0Modou G.\u00a0qui font trembler l\u2019animateur"}]},{"@type":"WebSite","@id":"https:\/\/www.public.sn\/#website","url":"https:\/\/www.public.sn\/","name":"LE PUBLIC","description":"","publisher":{"@id":"https:\/\/www.public.sn\/#organization"},"potentialAction":[{"@type":"SearchAction","target":{"@type":"EntryPoint","urlTemplate":"https:\/\/www.public.sn\/?s={search_term_string}"},"query-input":{"@type":"PropertyValueSpecification","valueRequired":true,"valueName":"search_term_string"}}],"inLanguage":"fr-FR"},{"@type":"Organization","@id":"https:\/\/www.public.sn\/#organization","name":"LE PUBLIC","url":"https:\/\/www.public.sn\/","logo":{"@type":"ImageObject","inLanguage":"fr-FR","@id":"https:\/\/www.public.sn\/#\/schema\/logo\/image\/","url":"https:\/\/www.public.sn\/wp-content\/uploads\/2024\/05\/cropped-LOGO-PUBLIC.SN_.png","contentUrl":"https:\/\/www.public.sn\/wp-content\/uploads\/2024\/05\/cropped-LOGO-PUBLIC.SN_.png","width":682,"height":192,"caption":"LE PUBLIC"},"image":{"@id":"https:\/\/www.public.sn\/#\/schema\/logo\/image\/"}},{"@type":"Person","@id":"https:\/\/www.public.sn\/#\/schema\/person\/cb76c8e1b8becc6be61fb5e92d6d0224","name":"LA REDACTION","image":{"@type":"ImageObject","inLanguage":"fr-FR","@id":"https:\/\/www.public.sn\/#\/schema\/person\/image\/","url":"https:\/\/secure.gravatar.com\/avatar\/2dce5ddd34b8fef0180efe03aa2a9bee7d953856048f9a16b298190a3178407c?s=96&d=mm&r=g","contentUrl":"https:\/\/secure.gravatar.com\/avatar\/2dce5ddd34b8fef0180efe03aa2a9bee7d953856048f9a16b298190a3178407c?s=96&d=mm&r=g","caption":"LA REDACTION"},"url":"https:\/\/www.public.sn\/index.php\/author\/editeurpsn\/"}]}},"jetpack_featured_media_url":"https:\/\/www.public.sn\/wp-content\/uploads\/2026\/03\/Capture-decran-2026-03-16-a-11.35.41.png","jetpack_sharing_enabled":true,"_links":{"self":[{"href":"https:\/\/www.public.sn\/index.php\/wp-json\/wp\/v2\/posts\/39573","targetHints":{"allow":["GET"]}}],"collection":[{"href":"https:\/\/www.public.sn\/index.php\/wp-json\/wp\/v2\/posts"}],"about":[{"href":"https:\/\/www.public.sn\/index.php\/wp-json\/wp\/v2\/types\/post"}],"author":[{"embeddable":true,"href":"https:\/\/www.public.sn\/index.php\/wp-json\/wp\/v2\/users\/7"}],"replies":[{"embeddable":true,"href":"https:\/\/www.public.sn\/index.php\/wp-json\/wp\/v2\/comments?post=39573"}],"version-history":[{"count":2,"href":"https:\/\/www.public.sn\/index.php\/wp-json\/wp\/v2\/posts\/39573\/revisions"}],"predecessor-version":[{"id":39577,"href":"https:\/\/www.public.sn\/index.php\/wp-json\/wp\/v2\/posts\/39573\/revisions\/39577"}],"wp:featuredmedia":[{"embeddable":true,"href":"https:\/\/www.public.sn\/index.php\/wp-json\/wp\/v2\/media\/39575"}],"wp:attachment":[{"href":"https:\/\/www.public.sn\/index.php\/wp-json\/wp\/v2\/media?parent=39573"}],"wp:term":[{"taxonomy":"category","embeddable":true,"href":"https:\/\/www.public.sn\/index.php\/wp-json\/wp\/v2\/categories?post=39573"},{"taxonomy":"post_tag","embeddable":true,"href":"https:\/\/www.public.sn\/index.php\/wp-json\/wp\/v2\/tags?post=39573"}],"curies":[{"name":"wp","href":"https:\/\/api.w.org\/{rel}","templated":true}]}}