{"id":39594,"date":"2026-03-16T13:33:44","date_gmt":"2026-03-16T13:33:44","guid":{"rendered":"https:\/\/www.public.sn\/?p=39594"},"modified":"2026-03-16T13:33:53","modified_gmt":"2026-03-16T13:33:53","slug":"daouda-wally-condamne-a-2-mois-de-prison-ferme-pour-une-caricature-du-president","status":"publish","type":"post","link":"https:\/\/www.public.sn\/index.php\/2026\/03\/16\/daouda-wally-condamne-a-2-mois-de-prison-ferme-pour-une-caricature-du-president\/","title":{"rendered":"Daouda Wally\u00a0condamn\u00e9 \u00e0 2 mois de prison ferme pour une caricature du pr\u00e9sident"},"content":{"rendered":"\n<p>La justice s\u00e9n\u00e9galaise a rendu sa d\u00e9cision concernant\u00a0Daouda Wally, interpell\u00e9 suite \u00e0 la publication d\u2019une caricature jug\u00e9e offensante \u00e0 l\u2019\u00e9gard du pr\u00e9sident de la R\u00e9publique.<\/p><div class=\"publi-paragraphe1\" style=\"margin-top: 10px;margin-bottom: 10px;margin-left: auto;margin-right: auto;text-align: center;\" id=\"publi-3696068694\"><div class=\"publi-adlabel\">Publicit\u00e9<\/div><script async src=\"\/\/pagead2.googlesyndication.com\/pagead\/js\/adsbygoogle.js?client=ca-pub-4089586018074219\" crossorigin=\"anonymous\"><\/script><ins class=\"adsbygoogle\" style=\"display:block;\" data-ad-client=\"ca-pub-4089586018074219\" \ndata-ad-slot=\"2087940154\" \ndata-ad-format=\"auto\"><\/ins>\n<script> \n(adsbygoogle = window.adsbygoogle || []).push({}); \n<\/script>\n<\/div>\n\n\n\n<p>Le tribunal a prononc\u00e9 une peine de&nbsp;<strong>deux mois de prison ferme<\/strong>, assortie d\u2019une&nbsp;<strong>amende de 100 000 FCFA<\/strong>. La condamnation suscite des r\u00e9actions dans le milieu journalistique et au sein de la soci\u00e9t\u00e9 civile, soulevant des questions sur la libert\u00e9 de la presse et la protection des caricaturistes.<\/p>\n\n\n\n<p>Aucune information n\u2019a encore \u00e9t\u00e9 communiqu\u00e9e concernant d\u2019\u00e9ventuelles d\u00e9marches de recours ou de sursis pour le journaliste.<\/p>\n<div class=\"publi-apres-le-contenu\" style=\"margin-top: 10px;margin-bottom: 10px;margin-left: auto;margin-right: auto;text-align: center;\" id=\"publi-386324584\"><div class=\"publi-adlabel\">Publicit\u00e9<\/div><script async src=\"\/\/pagead2.googlesyndication.com\/pagead\/js\/adsbygoogle.js?client=ca-pub-4089586018074219\" crossorigin=\"anonymous\"><\/script><ins class=\"adsbygoogle\" style=\"display:block;\" data-ad-client=\"ca-pub-4089586018074219\" \ndata-ad-slot=\"2087940154\" \ndata-ad-format=\"auto\"><\/ins>\n<script> \n(adsbygoogle = window.adsbygoogle || []).push({}); \n<\/script>\n<\/div>","protected":false},"excerpt":{"rendered":"<p>La justice s\u00e9n\u00e9galaise a rendu sa d\u00e9cision concernant\u00a0Daouda Wally, interpell\u00e9 suite \u00e0 la publication d\u2019une caricature jug\u00e9e offensante \u00e0 l\u2019\u00e9gard du pr\u00e9sident de la R\u00e9publique. Le tribunal a prononc\u00e9 une peine de&nbsp;deux mois de prison ferme, assortie d\u2019une&nbsp;amende de 100 000 FCFA. La condamnation suscite des r\u00e9actions dans le milieu journalistique et au sein de la soci\u00e9t\u00e9 civile, soulevant des questions sur la libert\u00e9 de la presse et la protection des caricaturistes. Aucune information n\u2019a encore \u00e9t\u00e9 communiqu\u00e9e concernant d\u2019\u00e9ventuelles d\u00e9marches de recours ou de sursis pour le journaliste.<\/p>\n","protected":false},"author":7,"featured_media":39597,"comment_status":"open","ping_status":"open","sticky":false,"template":"","format":"standard","meta":{"_jetpack_memberships_contains_paid_content":false,"footnotes":""},"categories":[375,3724,961],"tags":[8306,8305],"class_list":["post-39594","post","type-post","status-publish","format-standard","has-post-thumbnail","hentry","category-actualites","category-justice","category-medias","tag-2-mois-de-prison","tag-daouda-wally","entry","has-media","owp-thumbs-layout-horizontal","owp-btn-normal","owp-tabs-layout-horizontal","has-no-thumbnails","has-product-nav"],"yoast_head":"<!-- This site is optimized with the Yoast SEO plugin v25.5 - https:\/\/yoast.com\/wordpress\/plugins\/seo\/ -->\n<title>Daouda Wally\u00a0condamn\u00e9 \u00e0 2 mois de prison ferme pour une caricature du pr\u00e9sident - LE PUBLIC<\/title>\n<meta name=\"robots\" content=\"index, follow, max-snippet:-1, max-image-preview:large, max-video-preview:-1\" \/>\n<link rel=\"canonical\" href=\"https:\/\/www.public.sn\/index.php\/2026\/03\/16\/daouda-wally-condamne-a-2-mois-de-prison-ferme-pour-une-caricature-du-president\/\" \/>\n<meta property=\"og:locale\" content=\"fr_FR\" \/>\n<meta property=\"og:type\" content=\"article\" \/>\n<meta property=\"og:title\" content=\"Daouda Wally\u00a0condamn\u00e9 \u00e0 2 mois de prison ferme pour une caricature du pr\u00e9sident - LE PUBLIC\" \/>\n<meta property=\"og:description\" content=\"La justice s\u00e9n\u00e9galaise a rendu sa d\u00e9cision concernant\u00a0Daouda Wally, interpell\u00e9 suite \u00e0 la publication d\u2019une caricature jug\u00e9e offensante \u00e0 l\u2019\u00e9gard du pr\u00e9sident de la R\u00e9publique. Le tribunal a prononc\u00e9 une peine de&nbsp;deux mois de prison ferme, assortie d\u2019une&nbsp;amende de 100 000 FCFA. La condamnation suscite des r\u00e9actions dans le milieu journalistique et au sein de la soci\u00e9t\u00e9 civile, soulevant des questions sur la libert\u00e9 de la presse et la protection des caricaturistes. Aucune information n\u2019a encore \u00e9t\u00e9 communiqu\u00e9e concernant d\u2019\u00e9ventuelles d\u00e9marches de recours ou de sursis pour le journaliste.\" \/>\n<meta property=\"og:url\" content=\"https:\/\/www.public.sn\/index.php\/2026\/03\/16\/daouda-wally-condamne-a-2-mois-de-prison-ferme-pour-une-caricature-du-president\/\" \/>\n<meta property=\"og:site_name\" content=\"LE PUBLIC\" \/>\n<meta property=\"article:published_time\" content=\"2026-03-16T13:33:44+00:00\" \/>\n<meta property=\"article:modified_time\" content=\"2026-03-16T13:33:53+00:00\" \/>\n<meta property=\"og:image\" content=\"https:\/\/www.public.sn\/wp-content\/uploads\/2026\/03\/Capture-decran-2026-03-16-a-13.30.29.png\" \/>\n\t<meta property=\"og:image:width\" content=\"692\" \/>\n\t<meta property=\"og:image:height\" content=\"389\" \/>\n\t<meta property=\"og:image:type\" content=\"image\/png\" \/>\n<meta name=\"author\" content=\"LA REDACTION\" \/>\n<meta name=\"twitter:card\" content=\"summary_large_image\" \/>\n<meta name=\"twitter:label1\" content=\"\u00c9crit par\" \/>\n\t<meta name=\"twitter:data1\" content=\"LA REDACTION\" \/>\n\t<meta name=\"twitter:label2\" content=\"Dur\u00e9e de lecture estim\u00e9e\" \/>\n\t<meta name=\"twitter:data2\" content=\"1 minute\" \/>\n<script type=\"application\/ld+json\" class=\"yoast-schema-graph\">{\"@context\":\"https:\/\/schema.org\",\"@graph\":[{\"@type\":\"Article\",\"@id\":\"https:\/\/www.public.sn\/index.php\/2026\/03\/16\/daouda-wally-condamne-a-2-mois-de-prison-ferme-pour-une-caricature-du-president\/#article\",\"isPartOf\":{\"@id\":\"https:\/\/www.public.sn\/index.php\/2026\/03\/16\/daouda-wally-condamne-a-2-mois-de-prison-ferme-pour-une-caricature-du-president\/\"},\"author\":{\"name\":\"LA REDACTION\",\"@id\":\"https:\/\/www.public.sn\/#\/schema\/person\/cb76c8e1b8becc6be61fb5e92d6d0224\"},\"headline\":\"Daouda Wally\u00a0condamn\u00e9 \u00e0 2 mois de prison ferme pour une caricature du pr\u00e9sident\",\"datePublished\":\"2026-03-16T13:33:44+00:00\",\"dateModified\":\"2026-03-16T13:33:53+00:00\",\"mainEntityOfPage\":{\"@id\":\"https:\/\/www.public.sn\/index.php\/2026\/03\/16\/daouda-wally-condamne-a-2-mois-de-prison-ferme-pour-une-caricature-du-president\/\"},\"wordCount\":118,\"commentCount\":0,\"publisher\":{\"@id\":\"https:\/\/www.public.sn\/#organization\"},\"image\":{\"@id\":\"https:\/\/www.public.sn\/index.php\/2026\/03\/16\/daouda-wally-condamne-a-2-mois-de-prison-ferme-pour-une-caricature-du-president\/#primaryimage\"},\"thumbnailUrl\":\"https:\/\/www.public.sn\/wp-content\/uploads\/2026\/03\/Capture-decran-2026-03-16-a-13.30.29.png\",\"keywords\":[\"2 mois de prison\",\"Daouda Wally\"],\"articleSection\":[\"ACTUALIT\u00c9S\",\"justice\",\"M\u00c9DIAS\"],\"inLanguage\":\"fr-FR\",\"potentialAction\":[{\"@type\":\"CommentAction\",\"name\":\"Comment\",\"target\":[\"https:\/\/www.public.sn\/index.php\/2026\/03\/16\/daouda-wally-condamne-a-2-mois-de-prison-ferme-pour-une-caricature-du-president\/#respond\"]}]},{\"@type\":\"WebPage\",\"@id\":\"https:\/\/www.public.sn\/index.php\/2026\/03\/16\/daouda-wally-condamne-a-2-mois-de-prison-ferme-pour-une-caricature-du-president\/\",\"url\":\"https:\/\/www.public.sn\/index.php\/2026\/03\/16\/daouda-wally-condamne-a-2-mois-de-prison-ferme-pour-une-caricature-du-president\/\",\"name\":\"Daouda Wally\u00a0condamn\u00e9 \u00e0 2 mois de prison ferme pour une caricature du pr\u00e9sident - LE PUBLIC\",\"isPartOf\":{\"@id\":\"https:\/\/www.public.sn\/#website\"},\"primaryImageOfPage\":{\"@id\":\"https:\/\/www.public.sn\/index.php\/2026\/03\/16\/daouda-wally-condamne-a-2-mois-de-prison-ferme-pour-une-caricature-du-president\/#primaryimage\"},\"image\":{\"@id\":\"https:\/\/www.public.sn\/index.php\/2026\/03\/16\/daouda-wally-condamne-a-2-mois-de-prison-ferme-pour-une-caricature-du-president\/#primaryimage\"},\"thumbnailUrl\":\"https:\/\/www.public.sn\/wp-content\/uploads\/2026\/03\/Capture-decran-2026-03-16-a-13.30.29.png\",\"datePublished\":\"2026-03-16T13:33:44+00:00\",\"dateModified\":\"2026-03-16T13:33:53+00:00\",\"breadcrumb\":{\"@id\":\"https:\/\/www.public.sn\/index.php\/2026\/03\/16\/daouda-wally-condamne-a-2-mois-de-prison-ferme-pour-une-caricature-du-president\/#breadcrumb\"},\"inLanguage\":\"fr-FR\",\"potentialAction\":[{\"@type\":\"ReadAction\",\"target\":[\"https:\/\/www.public.sn\/index.php\/2026\/03\/16\/daouda-wally-condamne-a-2-mois-de-prison-ferme-pour-une-caricature-du-president\/\"]}]},{\"@type\":\"ImageObject\",\"inLanguage\":\"fr-FR\",\"@id\":\"https:\/\/www.public.sn\/index.php\/2026\/03\/16\/daouda-wally-condamne-a-2-mois-de-prison-ferme-pour-une-caricature-du-president\/#primaryimage\",\"url\":\"https:\/\/www.public.sn\/wp-content\/uploads\/2026\/03\/Capture-decran-2026-03-16-a-13.30.29.png\",\"contentUrl\":\"https:\/\/www.public.sn\/wp-content\/uploads\/2026\/03\/Capture-decran-2026-03-16-a-13.30.29.png\",\"width\":692,\"height\":389},{\"@type\":\"BreadcrumbList\",\"@id\":\"https:\/\/www.public.sn\/index.php\/2026\/03\/16\/daouda-wally-condamne-a-2-mois-de-prison-ferme-pour-une-caricature-du-president\/#breadcrumb\",\"itemListElement\":[{\"@type\":\"ListItem\",\"position\":1,\"name\":\"Accueil\",\"item\":\"https:\/\/www.public.sn\/\"},{\"@type\":\"ListItem\",\"position\":2,\"name\":\"Daouda Wally\u00a0condamn\u00e9 \u00e0 2 mois de prison ferme pour une caricature du pr\u00e9sident\"}]},{\"@type\":\"WebSite\",\"@id\":\"https:\/\/www.public.sn\/#website\",\"url\":\"https:\/\/www.public.sn\/\",\"name\":\"LE PUBLIC\",\"description\":\"\",\"publisher\":{\"@id\":\"https:\/\/www.public.sn\/#organization\"},\"potentialAction\":[{\"@type\":\"SearchAction\",\"target\":{\"@type\":\"EntryPoint\",\"urlTemplate\":\"https:\/\/www.public.sn\/?s={search_term_string}\"},\"query-input\":{\"@type\":\"PropertyValueSpecification\",\"valueRequired\":true,\"valueName\":\"search_term_string\"}}],\"inLanguage\":\"fr-FR\"},{\"@type\":\"Organization\",\"@id\":\"https:\/\/www.public.sn\/#organization\",\"name\":\"LE PUBLIC\",\"url\":\"https:\/\/www.public.sn\/\",\"logo\":{\"@type\":\"ImageObject\",\"inLanguage\":\"fr-FR\",\"@id\":\"https:\/\/www.public.sn\/#\/schema\/logo\/image\/\",\"url\":\"https:\/\/www.public.sn\/wp-content\/uploads\/2024\/05\/cropped-LOGO-PUBLIC.SN_.png\",\"contentUrl\":\"https:\/\/www.public.sn\/wp-content\/uploads\/2024\/05\/cropped-LOGO-PUBLIC.SN_.png\",\"width\":682,\"height\":192,\"caption\":\"LE PUBLIC\"},\"image\":{\"@id\":\"https:\/\/www.public.sn\/#\/schema\/logo\/image\/\"}},{\"@type\":\"Person\",\"@id\":\"https:\/\/www.public.sn\/#\/schema\/person\/cb76c8e1b8becc6be61fb5e92d6d0224\",\"name\":\"LA REDACTION\",\"image\":{\"@type\":\"ImageObject\",\"inLanguage\":\"fr-FR\",\"@id\":\"https:\/\/www.public.sn\/#\/schema\/person\/image\/\",\"url\":\"https:\/\/secure.gravatar.com\/avatar\/2dce5ddd34b8fef0180efe03aa2a9bee7d953856048f9a16b298190a3178407c?s=96&d=mm&r=g\",\"contentUrl\":\"https:\/\/secure.gravatar.com\/avatar\/2dce5ddd34b8fef0180efe03aa2a9bee7d953856048f9a16b298190a3178407c?s=96&d=mm&r=g\",\"caption\":\"LA REDACTION\"},\"url\":\"https:\/\/www.public.sn\/index.php\/author\/editeurpsn\/\"}]}<\/script>\n<!-- \/ Yoast SEO plugin. -->","yoast_head_json":{"title":"Daouda Wally\u00a0condamn\u00e9 \u00e0 2 mois de prison ferme pour une caricature du pr\u00e9sident - LE PUBLIC","robots":{"index":"index","follow":"follow","max-snippet":"max-snippet:-1","max-image-preview":"max-image-preview:large","max-video-preview":"max-video-preview:-1"},"canonical":"https:\/\/www.public.sn\/index.php\/2026\/03\/16\/daouda-wally-condamne-a-2-mois-de-prison-ferme-pour-une-caricature-du-president\/","og_locale":"fr_FR","og_type":"article","og_title":"Daouda Wally\u00a0condamn\u00e9 \u00e0 2 mois de prison ferme pour une caricature du pr\u00e9sident - LE PUBLIC","og_description":"La justice s\u00e9n\u00e9galaise a rendu sa d\u00e9cision concernant\u00a0Daouda Wally, interpell\u00e9 suite \u00e0 la publication d\u2019une caricature jug\u00e9e offensante \u00e0 l\u2019\u00e9gard du pr\u00e9sident de la R\u00e9publique. Le tribunal a prononc\u00e9 une peine de&nbsp;deux mois de prison ferme, assortie d\u2019une&nbsp;amende de 100 000 FCFA. La condamnation suscite des r\u00e9actions dans le milieu journalistique et au sein de la soci\u00e9t\u00e9 civile, soulevant des questions sur la libert\u00e9 de la presse et la protection des caricaturistes. Aucune information n\u2019a encore \u00e9t\u00e9 communiqu\u00e9e concernant d\u2019\u00e9ventuelles d\u00e9marches de recours ou de sursis pour le journaliste.","og_url":"https:\/\/www.public.sn\/index.php\/2026\/03\/16\/daouda-wally-condamne-a-2-mois-de-prison-ferme-pour-une-caricature-du-president\/","og_site_name":"LE PUBLIC","article_published_time":"2026-03-16T13:33:44+00:00","article_modified_time":"2026-03-16T13:33:53+00:00","og_image":[{"width":692,"height":389,"url":"https:\/\/www.public.sn\/wp-content\/uploads\/2026\/03\/Capture-decran-2026-03-16-a-13.30.29.png","type":"image\/png"}],"author":"LA REDACTION","twitter_card":"summary_large_image","twitter_misc":{"\u00c9crit par":"LA REDACTION","Dur\u00e9e de lecture estim\u00e9e":"1 minute"},"schema":{"@context":"https:\/\/schema.org","@graph":[{"@type":"Article","@id":"https:\/\/www.public.sn\/index.php\/2026\/03\/16\/daouda-wally-condamne-a-2-mois-de-prison-ferme-pour-une-caricature-du-president\/#article","isPartOf":{"@id":"https:\/\/www.public.sn\/index.php\/2026\/03\/16\/daouda-wally-condamne-a-2-mois-de-prison-ferme-pour-une-caricature-du-president\/"},"author":{"name":"LA REDACTION","@id":"https:\/\/www.public.sn\/#\/schema\/person\/cb76c8e1b8becc6be61fb5e92d6d0224"},"headline":"Daouda Wally\u00a0condamn\u00e9 \u00e0 2 mois de prison ferme pour une caricature du pr\u00e9sident","datePublished":"2026-03-16T13:33:44+00:00","dateModified":"2026-03-16T13:33:53+00:00","mainEntityOfPage":{"@id":"https:\/\/www.public.sn\/index.php\/2026\/03\/16\/daouda-wally-condamne-a-2-mois-de-prison-ferme-pour-une-caricature-du-president\/"},"wordCount":118,"commentCount":0,"publisher":{"@id":"https:\/\/www.public.sn\/#organization"},"image":{"@id":"https:\/\/www.public.sn\/index.php\/2026\/03\/16\/daouda-wally-condamne-a-2-mois-de-prison-ferme-pour-une-caricature-du-president\/#primaryimage"},"thumbnailUrl":"https:\/\/www.public.sn\/wp-content\/uploads\/2026\/03\/Capture-decran-2026-03-16-a-13.30.29.png","keywords":["2 mois de prison","Daouda Wally"],"articleSection":["ACTUALIT\u00c9S","justice","M\u00c9DIAS"],"inLanguage":"fr-FR","potentialAction":[{"@type":"CommentAction","name":"Comment","target":["https:\/\/www.public.sn\/index.php\/2026\/03\/16\/daouda-wally-condamne-a-2-mois-de-prison-ferme-pour-une-caricature-du-president\/#respond"]}]},{"@type":"WebPage","@id":"https:\/\/www.public.sn\/index.php\/2026\/03\/16\/daouda-wally-condamne-a-2-mois-de-prison-ferme-pour-une-caricature-du-president\/","url":"https:\/\/www.public.sn\/index.php\/2026\/03\/16\/daouda-wally-condamne-a-2-mois-de-prison-ferme-pour-une-caricature-du-president\/","name":"Daouda Wally\u00a0condamn\u00e9 \u00e0 2 mois de prison ferme pour une caricature du pr\u00e9sident - LE PUBLIC","isPartOf":{"@id":"https:\/\/www.public.sn\/#website"},"primaryImageOfPage":{"@id":"https:\/\/www.public.sn\/index.php\/2026\/03\/16\/daouda-wally-condamne-a-2-mois-de-prison-ferme-pour-une-caricature-du-president\/#primaryimage"},"image":{"@id":"https:\/\/www.public.sn\/index.php\/2026\/03\/16\/daouda-wally-condamne-a-2-mois-de-prison-ferme-pour-une-caricature-du-president\/#primaryimage"},"thumbnailUrl":"https:\/\/www.public.sn\/wp-content\/uploads\/2026\/03\/Capture-decran-2026-03-16-a-13.30.29.png","datePublished":"2026-03-16T13:33:44+00:00","dateModified":"2026-03-16T13:33:53+00:00","breadcrumb":{"@id":"https:\/\/www.public.sn\/index.php\/2026\/03\/16\/daouda-wally-condamne-a-2-mois-de-prison-ferme-pour-une-caricature-du-president\/#breadcrumb"},"inLanguage":"fr-FR","potentialAction":[{"@type":"ReadAction","target":["https:\/\/www.public.sn\/index.php\/2026\/03\/16\/daouda-wally-condamne-a-2-mois-de-prison-ferme-pour-une-caricature-du-president\/"]}]},{"@type":"ImageObject","inLanguage":"fr-FR","@id":"https:\/\/www.public.sn\/index.php\/2026\/03\/16\/daouda-wally-condamne-a-2-mois-de-prison-ferme-pour-une-caricature-du-president\/#primaryimage","url":"https:\/\/www.public.sn\/wp-content\/uploads\/2026\/03\/Capture-decran-2026-03-16-a-13.30.29.png","contentUrl":"https:\/\/www.public.sn\/wp-content\/uploads\/2026\/03\/Capture-decran-2026-03-16-a-13.30.29.png","width":692,"height":389},{"@type":"BreadcrumbList","@id":"https:\/\/www.public.sn\/index.php\/2026\/03\/16\/daouda-wally-condamne-a-2-mois-de-prison-ferme-pour-une-caricature-du-president\/#breadcrumb","itemListElement":[{"@type":"ListItem","position":1,"name":"Accueil","item":"https:\/\/www.public.sn\/"},{"@type":"ListItem","position":2,"name":"Daouda Wally\u00a0condamn\u00e9 \u00e0 2 mois de prison ferme pour une caricature du pr\u00e9sident"}]},{"@type":"WebSite","@id":"https:\/\/www.public.sn\/#website","url":"https:\/\/www.public.sn\/","name":"LE PUBLIC","description":"","publisher":{"@id":"https:\/\/www.public.sn\/#organization"},"potentialAction":[{"@type":"SearchAction","target":{"@type":"EntryPoint","urlTemplate":"https:\/\/www.public.sn\/?s={search_term_string}"},"query-input":{"@type":"PropertyValueSpecification","valueRequired":true,"valueName":"search_term_string"}}],"inLanguage":"fr-FR"},{"@type":"Organization","@id":"https:\/\/www.public.sn\/#organization","name":"LE PUBLIC","url":"https:\/\/www.public.sn\/","logo":{"@type":"ImageObject","inLanguage":"fr-FR","@id":"https:\/\/www.public.sn\/#\/schema\/logo\/image\/","url":"https:\/\/www.public.sn\/wp-content\/uploads\/2024\/05\/cropped-LOGO-PUBLIC.SN_.png","contentUrl":"https:\/\/www.public.sn\/wp-content\/uploads\/2024\/05\/cropped-LOGO-PUBLIC.SN_.png","width":682,"height":192,"caption":"LE PUBLIC"},"image":{"@id":"https:\/\/www.public.sn\/#\/schema\/logo\/image\/"}},{"@type":"Person","@id":"https:\/\/www.public.sn\/#\/schema\/person\/cb76c8e1b8becc6be61fb5e92d6d0224","name":"LA REDACTION","image":{"@type":"ImageObject","inLanguage":"fr-FR","@id":"https:\/\/www.public.sn\/#\/schema\/person\/image\/","url":"https:\/\/secure.gravatar.com\/avatar\/2dce5ddd34b8fef0180efe03aa2a9bee7d953856048f9a16b298190a3178407c?s=96&d=mm&r=g","contentUrl":"https:\/\/secure.gravatar.com\/avatar\/2dce5ddd34b8fef0180efe03aa2a9bee7d953856048f9a16b298190a3178407c?s=96&d=mm&r=g","caption":"LA REDACTION"},"url":"https:\/\/www.public.sn\/index.php\/author\/editeurpsn\/"}]}},"jetpack_featured_media_url":"https:\/\/www.public.sn\/wp-content\/uploads\/2026\/03\/Capture-decran-2026-03-16-a-13.30.29.png","jetpack_sharing_enabled":true,"_links":{"self":[{"href":"https:\/\/www.public.sn\/index.php\/wp-json\/wp\/v2\/posts\/39594","targetHints":{"allow":["GET"]}}],"collection":[{"href":"https:\/\/www.public.sn\/index.php\/wp-json\/wp\/v2\/posts"}],"about":[{"href":"https:\/\/www.public.sn\/index.php\/wp-json\/wp\/v2\/types\/post"}],"author":[{"embeddable":true,"href":"https:\/\/www.public.sn\/index.php\/wp-json\/wp\/v2\/users\/7"}],"replies":[{"embeddable":true,"href":"https:\/\/www.public.sn\/index.php\/wp-json\/wp\/v2\/comments?post=39594"}],"version-history":[{"count":1,"href":"https:\/\/www.public.sn\/index.php\/wp-json\/wp\/v2\/posts\/39594\/revisions"}],"predecessor-version":[{"id":39598,"href":"https:\/\/www.public.sn\/index.php\/wp-json\/wp\/v2\/posts\/39594\/revisions\/39598"}],"wp:featuredmedia":[{"embeddable":true,"href":"https:\/\/www.public.sn\/index.php\/wp-json\/wp\/v2\/media\/39597"}],"wp:attachment":[{"href":"https:\/\/www.public.sn\/index.php\/wp-json\/wp\/v2\/media?parent=39594"}],"wp:term":[{"taxonomy":"category","embeddable":true,"href":"https:\/\/www.public.sn\/index.php\/wp-json\/wp\/v2\/categories?post=39594"},{"taxonomy":"post_tag","embeddable":true,"href":"https:\/\/www.public.sn\/index.php\/wp-json\/wp\/v2\/tags?post=39594"}],"curies":[{"name":"wp","href":"https:\/\/api.w.org\/{rel}","templated":true}]}}