{"id":39608,"date":"2026-03-16T19:10:29","date_gmt":"2026-03-16T19:10:29","guid":{"rendered":"https:\/\/www.public.sn\/?p=39608"},"modified":"2026-03-16T19:10:34","modified_gmt":"2026-03-16T19:10:34","slug":"crise-autour-de-azoura-greve-de-la-faim-et-rupture-avec-pastef","status":"publish","type":"post","link":"https:\/\/www.public.sn\/index.php\/2026\/03\/16\/crise-autour-de-azoura-greve-de-la-faim-et-rupture-avec-pastef\/","title":{"rendered":"Crise autour de\u00a0Azoura\u00a0: gr\u00e8ve de la faim et rupture avec\u00a0Pastef"},"content":{"rendered":"\n<p>\u00ab Je ne suis pas \u00e0 ma place ici \u00bb, d\u00e9clare&nbsp;Assane Fall, contact\u00e9 par t\u00e9l\u00e9phone par&nbsp;Seneweb&nbsp;gr\u00e2ce \u00e0 l\u2019appareil d\u2019un de ses fr\u00e8res. Intern\u00e9 au centre psychiatrique de&nbsp;Thiaroye, le militant politique affirme avoir entam\u00e9 une&nbsp;<strong>gr\u00e8ve de la faim<\/strong>&nbsp;pour protester contre des conditions d\u2019internement qu\u2019il juge \u00ab inhumaines \u00bb.<\/p><div class=\"publi-paragraphe1\" style=\"margin-top: 10px;margin-bottom: 10px;margin-left: auto;margin-right: auto;text-align: center;\" id=\"publi-1409667787\"><div class=\"publi-adlabel\">Publicit\u00e9<\/div><script async src=\"\/\/pagead2.googlesyndication.com\/pagead\/js\/adsbygoogle.js?client=ca-pub-4089586018074219\" crossorigin=\"anonymous\"><\/script><ins class=\"adsbygoogle\" style=\"display:block;\" data-ad-client=\"ca-pub-4089586018074219\" \ndata-ad-slot=\"2087940154\" \ndata-ad-format=\"auto\"><\/ins>\n<script> \n(adsbygoogle = window.adsbygoogle || []).push({}); \n<\/script>\n<\/div>\n\n\n\n<p>Selon lui, les traitements qui lui sont administr\u00e9s sont particuli\u00e8rement lourds. \u00ab Ils m\u2019injectent de puissants antipsychotiques qui me font dormir pendant des jours \u00bb, d\u00e9nonce-t-il.<\/p>\n\n\n\n<p>L\u2019activiste assure qu\u2019il pr\u00e9f\u00e9rerait \u00eatre transf\u00e9r\u00e9 \u00e0 la prison de&nbsp;Prison de Rebeuss&nbsp;plut\u00f4t que de rester intern\u00e9 dans l\u2019\u00e9tablissement psychiatrique. \u00ab Je ne suis pas fou et je ne l\u2019ai jamais \u00e9t\u00e9. C\u2019est Pastef qui me cherche des circonstances att\u00e9nuantes pour que je ne retourne pas en prison. Je pr\u00e9f\u00e8re \u00eatre en d\u00e9tention plut\u00f4t que d\u2019\u00eatre intern\u00e9 ici. Mon honneur m\u2019interdit de rester ici \u00bb, affirme-t-il.<\/p>\n\n\n\n<p>Dans la foul\u00e9e, celui qui \u00e9tait pr\u00e9sent\u00e9 comme un&nbsp;<strong>porte-drapeau des patriotes<\/strong>&nbsp;annonce \u00e9galement sa rupture avec le parti. \u00ab Entre Azoura et Pastef, c\u2019est fini. Pastef m\u2019a trahi \u00bb, d\u00e9clare-t-il.<\/p>\n\n\n\n<p>Revenant sur l\u2019accusation de&nbsp;<strong>conduite sans permis<\/strong>,&nbsp;Assane Fall&nbsp;affirme \u00eatre d\u00e9tenteur d\u2019un&nbsp;<strong>permis militaire<\/strong>&nbsp;et indique qu\u2019il \u00e9tait en proc\u00e9dure de conversion de ce brevet en permis civil au moment des faits.<\/p>\n\n\n\n<p>Pour rappel, son ami et copr\u00e9venu,&nbsp;Serigne Saliou Fall, a comparu vendredi dernier devant le tribunal des flagrants d\u00e9lits de&nbsp;Dakar. Il \u00e9tait poursuivi pour&nbsp;<strong>abandon de v\u00e9hicule \u00e0 un tiers non titulaire d\u2019un permis de conduire et complicit\u00e9 de coups et blessures involontaires<\/strong>. Le tribunal a finalement prononc\u00e9 sa&nbsp;<strong>relaxe pure et simple<\/strong>, estimant qu\u2019Azoura avait pris les cl\u00e9s du v\u00e9hicule sans autorisation.<\/p>\n<div class=\"publi-apres-le-contenu\" style=\"margin-top: 10px;margin-bottom: 10px;margin-left: auto;margin-right: auto;text-align: center;\" id=\"publi-1623291452\"><div class=\"publi-adlabel\">Publicit\u00e9<\/div><script async src=\"\/\/pagead2.googlesyndication.com\/pagead\/js\/adsbygoogle.js?client=ca-pub-4089586018074219\" crossorigin=\"anonymous\"><\/script><ins class=\"adsbygoogle\" style=\"display:block;\" data-ad-client=\"ca-pub-4089586018074219\" \ndata-ad-slot=\"2087940154\" \ndata-ad-format=\"auto\"><\/ins>\n<script> \n(adsbygoogle = window.adsbygoogle || []).push({}); \n<\/script>\n<\/div>","protected":false},"excerpt":{"rendered":"<p>\u00ab Je ne suis pas \u00e0 ma place ici \u00bb, d\u00e9clare&nbsp;Assane Fall, contact\u00e9 par t\u00e9l\u00e9phone par&nbsp;Seneweb&nbsp;gr\u00e2ce \u00e0 l\u2019appareil d\u2019un de ses fr\u00e8res. Intern\u00e9 au centre psychiatrique de&nbsp;Thiaroye, le militant politique affirme avoir entam\u00e9 une&nbsp;gr\u00e8ve de la faim&nbsp;pour protester contre des conditions d\u2019internement qu\u2019il juge \u00ab inhumaines \u00bb. Selon lui, les traitements qui lui sont administr\u00e9s sont particuli\u00e8rement lourds. \u00ab Ils m\u2019injectent de puissants antipsychotiques qui me font dormir pendant des jours \u00bb, d\u00e9nonce-t-il. L\u2019activiste assure qu\u2019il pr\u00e9f\u00e9rerait \u00eatre transf\u00e9r\u00e9 \u00e0 la prison de&nbsp;Prison de Rebeuss&nbsp;plut\u00f4t que de rester intern\u00e9 dans l\u2019\u00e9tablissement psychiatrique. \u00ab Je ne suis pas fou et je ne l\u2019ai jamais \u00e9t\u00e9. C\u2019est Pastef qui me cherche des circonstances att\u00e9nuantes pour que je ne retourne pas en prison. Je pr\u00e9f\u00e8re \u00eatre en d\u00e9tention plut\u00f4t que d\u2019\u00eatre intern\u00e9 ici. Mon honneur m\u2019interdit de rester ici \u00bb, affirme-t-il. Dans la foul\u00e9e, celui qui \u00e9tait pr\u00e9sent\u00e9 comme un&nbsp;porte-drapeau des patriotes&nbsp;annonce \u00e9galement sa rupture avec le parti. \u00ab Entre Azoura et Pastef, c\u2019est fini. Pastef m\u2019a trahi \u00bb, d\u00e9clare-t-il. Revenant sur l\u2019accusation de&nbsp;conduite sans permis,&nbsp;Assane Fall&nbsp;affirme \u00eatre d\u00e9tenteur d\u2019un&nbsp;permis militaire&nbsp;et indique qu\u2019il \u00e9tait en proc\u00e9dure de conversion de ce brevet en permis civil au moment des faits. Pour rappel, son ami et copr\u00e9venu,&nbsp;Serigne Saliou Fall, a comparu vendredi dernier devant le tribunal des flagrants d\u00e9lits de&nbsp;Dakar. Il \u00e9tait poursuivi pour&nbsp;abandon de v\u00e9hicule \u00e0 un tiers non titulaire d\u2019un permis de conduire et complicit\u00e9 de coups et blessures involontaires. Le tribunal a finalement prononc\u00e9 sa&nbsp;relaxe pure et simple, estimant qu\u2019Azoura avait pris les cl\u00e9s du v\u00e9hicule sans autorisation.<\/p>\n","protected":false},"author":7,"featured_media":39609,"comment_status":"open","ping_status":"open","sticky":false,"template":"","format":"standard","meta":{"_jetpack_memberships_contains_paid_content":false,"footnotes":""},"categories":[375,3724],"tags":[8308,672],"class_list":["post-39608","post","type-post","status-publish","format-standard","has-post-thumbnail","hentry","category-actualites","category-justice","tag-azoura","tag-pastef","entry","has-media","owp-thumbs-layout-horizontal","owp-btn-normal","owp-tabs-layout-horizontal","has-no-thumbnails","has-product-nav"],"yoast_head":"<!-- This site is optimized with the Yoast SEO plugin v25.5 - https:\/\/yoast.com\/wordpress\/plugins\/seo\/ -->\n<title>Crise autour de\u00a0Azoura\u00a0: gr\u00e8ve de la faim et rupture avec\u00a0Pastef - LE PUBLIC<\/title>\n<meta name=\"robots\" content=\"index, follow, max-snippet:-1, max-image-preview:large, max-video-preview:-1\" \/>\n<link rel=\"canonical\" href=\"https:\/\/www.public.sn\/index.php\/2026\/03\/16\/crise-autour-de-azoura-greve-de-la-faim-et-rupture-avec-pastef\/\" \/>\n<meta property=\"og:locale\" content=\"fr_FR\" \/>\n<meta property=\"og:type\" content=\"article\" \/>\n<meta property=\"og:title\" content=\"Crise autour de\u00a0Azoura\u00a0: gr\u00e8ve de la faim et rupture avec\u00a0Pastef - LE PUBLIC\" \/>\n<meta property=\"og:description\" content=\"\u00ab Je ne suis pas \u00e0 ma place ici \u00bb, d\u00e9clare&nbsp;Assane Fall, contact\u00e9 par t\u00e9l\u00e9phone par&nbsp;Seneweb&nbsp;gr\u00e2ce \u00e0 l\u2019appareil d\u2019un de ses fr\u00e8res. Intern\u00e9 au centre psychiatrique de&nbsp;Thiaroye, le militant politique affirme avoir entam\u00e9 une&nbsp;gr\u00e8ve de la faim&nbsp;pour protester contre des conditions d\u2019internement qu\u2019il juge \u00ab inhumaines \u00bb. Selon lui, les traitements qui lui sont administr\u00e9s sont particuli\u00e8rement lourds. \u00ab Ils m\u2019injectent de puissants antipsychotiques qui me font dormir pendant des jours \u00bb, d\u00e9nonce-t-il. L\u2019activiste assure qu\u2019il pr\u00e9f\u00e9rerait \u00eatre transf\u00e9r\u00e9 \u00e0 la prison de&nbsp;Prison de Rebeuss&nbsp;plut\u00f4t que de rester intern\u00e9 dans l\u2019\u00e9tablissement psychiatrique. \u00ab Je ne suis pas fou et je ne l\u2019ai jamais \u00e9t\u00e9. C\u2019est Pastef qui me cherche des circonstances att\u00e9nuantes pour que je ne retourne pas en prison. Je pr\u00e9f\u00e8re \u00eatre en d\u00e9tention plut\u00f4t que d\u2019\u00eatre intern\u00e9 ici. Mon honneur m\u2019interdit de rester ici \u00bb, affirme-t-il. Dans la foul\u00e9e, celui qui \u00e9tait pr\u00e9sent\u00e9 comme un&nbsp;porte-drapeau des patriotes&nbsp;annonce \u00e9galement sa rupture avec le parti. \u00ab Entre Azoura et Pastef, c\u2019est fini. Pastef m\u2019a trahi \u00bb, d\u00e9clare-t-il. Revenant sur l\u2019accusation de&nbsp;conduite sans permis,&nbsp;Assane Fall&nbsp;affirme \u00eatre d\u00e9tenteur d\u2019un&nbsp;permis militaire&nbsp;et indique qu\u2019il \u00e9tait en proc\u00e9dure de conversion de ce brevet en permis civil au moment des faits. Pour rappel, son ami et copr\u00e9venu,&nbsp;Serigne Saliou Fall, a comparu vendredi dernier devant le tribunal des flagrants d\u00e9lits de&nbsp;Dakar. Il \u00e9tait poursuivi pour&nbsp;abandon de v\u00e9hicule \u00e0 un tiers non titulaire d\u2019un permis de conduire et complicit\u00e9 de coups et blessures involontaires. Le tribunal a finalement prononc\u00e9 sa&nbsp;relaxe pure et simple, estimant qu\u2019Azoura avait pris les cl\u00e9s du v\u00e9hicule sans autorisation.\" \/>\n<meta property=\"og:url\" content=\"https:\/\/www.public.sn\/index.php\/2026\/03\/16\/crise-autour-de-azoura-greve-de-la-faim-et-rupture-avec-pastef\/\" \/>\n<meta property=\"og:site_name\" content=\"LE PUBLIC\" \/>\n<meta property=\"article:published_time\" content=\"2026-03-16T19:10:29+00:00\" \/>\n<meta property=\"article:modified_time\" content=\"2026-03-16T19:10:34+00:00\" \/>\n<meta property=\"og:image\" content=\"https:\/\/www.public.sn\/wp-content\/uploads\/2026\/03\/Capture-decran-2026-03-16-a-19.07.19.png\" \/>\n\t<meta property=\"og:image:width\" content=\"692\" \/>\n\t<meta property=\"og:image:height\" content=\"389\" \/>\n\t<meta property=\"og:image:type\" content=\"image\/png\" \/>\n<meta name=\"author\" content=\"LA REDACTION\" \/>\n<meta name=\"twitter:card\" content=\"summary_large_image\" \/>\n<meta name=\"twitter:label1\" content=\"\u00c9crit par\" \/>\n\t<meta name=\"twitter:data1\" content=\"LA REDACTION\" \/>\n\t<meta name=\"twitter:label2\" content=\"Dur\u00e9e de lecture estim\u00e9e\" \/>\n\t<meta name=\"twitter:data2\" content=\"2 minutes\" \/>\n<script type=\"application\/ld+json\" class=\"yoast-schema-graph\">{\"@context\":\"https:\/\/schema.org\",\"@graph\":[{\"@type\":\"Article\",\"@id\":\"https:\/\/www.public.sn\/index.php\/2026\/03\/16\/crise-autour-de-azoura-greve-de-la-faim-et-rupture-avec-pastef\/#article\",\"isPartOf\":{\"@id\":\"https:\/\/www.public.sn\/index.php\/2026\/03\/16\/crise-autour-de-azoura-greve-de-la-faim-et-rupture-avec-pastef\/\"},\"author\":{\"name\":\"LA REDACTION\",\"@id\":\"https:\/\/www.public.sn\/#\/schema\/person\/cb76c8e1b8becc6be61fb5e92d6d0224\"},\"headline\":\"Crise autour de\u00a0Azoura\u00a0: gr\u00e8ve de la faim et rupture avec\u00a0Pastef\",\"datePublished\":\"2026-03-16T19:10:29+00:00\",\"dateModified\":\"2026-03-16T19:10:34+00:00\",\"mainEntityOfPage\":{\"@id\":\"https:\/\/www.public.sn\/index.php\/2026\/03\/16\/crise-autour-de-azoura-greve-de-la-faim-et-rupture-avec-pastef\/\"},\"wordCount\":339,\"commentCount\":0,\"publisher\":{\"@id\":\"https:\/\/www.public.sn\/#organization\"},\"image\":{\"@id\":\"https:\/\/www.public.sn\/index.php\/2026\/03\/16\/crise-autour-de-azoura-greve-de-la-faim-et-rupture-avec-pastef\/#primaryimage\"},\"thumbnailUrl\":\"https:\/\/www.public.sn\/wp-content\/uploads\/2026\/03\/Capture-decran-2026-03-16-a-19.07.19.png\",\"keywords\":[\"Azoura\",\"Pastef\"],\"articleSection\":[\"ACTUALIT\u00c9S\",\"justice\"],\"inLanguage\":\"fr-FR\",\"potentialAction\":[{\"@type\":\"CommentAction\",\"name\":\"Comment\",\"target\":[\"https:\/\/www.public.sn\/index.php\/2026\/03\/16\/crise-autour-de-azoura-greve-de-la-faim-et-rupture-avec-pastef\/#respond\"]}]},{\"@type\":\"WebPage\",\"@id\":\"https:\/\/www.public.sn\/index.php\/2026\/03\/16\/crise-autour-de-azoura-greve-de-la-faim-et-rupture-avec-pastef\/\",\"url\":\"https:\/\/www.public.sn\/index.php\/2026\/03\/16\/crise-autour-de-azoura-greve-de-la-faim-et-rupture-avec-pastef\/\",\"name\":\"Crise autour de\u00a0Azoura\u00a0: gr\u00e8ve de la faim et rupture avec\u00a0Pastef - LE PUBLIC\",\"isPartOf\":{\"@id\":\"https:\/\/www.public.sn\/#website\"},\"primaryImageOfPage\":{\"@id\":\"https:\/\/www.public.sn\/index.php\/2026\/03\/16\/crise-autour-de-azoura-greve-de-la-faim-et-rupture-avec-pastef\/#primaryimage\"},\"image\":{\"@id\":\"https:\/\/www.public.sn\/index.php\/2026\/03\/16\/crise-autour-de-azoura-greve-de-la-faim-et-rupture-avec-pastef\/#primaryimage\"},\"thumbnailUrl\":\"https:\/\/www.public.sn\/wp-content\/uploads\/2026\/03\/Capture-decran-2026-03-16-a-19.07.19.png\",\"datePublished\":\"2026-03-16T19:10:29+00:00\",\"dateModified\":\"2026-03-16T19:10:34+00:00\",\"breadcrumb\":{\"@id\":\"https:\/\/www.public.sn\/index.php\/2026\/03\/16\/crise-autour-de-azoura-greve-de-la-faim-et-rupture-avec-pastef\/#breadcrumb\"},\"inLanguage\":\"fr-FR\",\"potentialAction\":[{\"@type\":\"ReadAction\",\"target\":[\"https:\/\/www.public.sn\/index.php\/2026\/03\/16\/crise-autour-de-azoura-greve-de-la-faim-et-rupture-avec-pastef\/\"]}]},{\"@type\":\"ImageObject\",\"inLanguage\":\"fr-FR\",\"@id\":\"https:\/\/www.public.sn\/index.php\/2026\/03\/16\/crise-autour-de-azoura-greve-de-la-faim-et-rupture-avec-pastef\/#primaryimage\",\"url\":\"https:\/\/www.public.sn\/wp-content\/uploads\/2026\/03\/Capture-decran-2026-03-16-a-19.07.19.png\",\"contentUrl\":\"https:\/\/www.public.sn\/wp-content\/uploads\/2026\/03\/Capture-decran-2026-03-16-a-19.07.19.png\",\"width\":692,\"height\":389},{\"@type\":\"BreadcrumbList\",\"@id\":\"https:\/\/www.public.sn\/index.php\/2026\/03\/16\/crise-autour-de-azoura-greve-de-la-faim-et-rupture-avec-pastef\/#breadcrumb\",\"itemListElement\":[{\"@type\":\"ListItem\",\"position\":1,\"name\":\"Accueil\",\"item\":\"https:\/\/www.public.sn\/\"},{\"@type\":\"ListItem\",\"position\":2,\"name\":\"Crise autour de\u00a0Azoura\u00a0: gr\u00e8ve de la faim et rupture avec\u00a0Pastef\"}]},{\"@type\":\"WebSite\",\"@id\":\"https:\/\/www.public.sn\/#website\",\"url\":\"https:\/\/www.public.sn\/\",\"name\":\"LE PUBLIC\",\"description\":\"\",\"publisher\":{\"@id\":\"https:\/\/www.public.sn\/#organization\"},\"potentialAction\":[{\"@type\":\"SearchAction\",\"target\":{\"@type\":\"EntryPoint\",\"urlTemplate\":\"https:\/\/www.public.sn\/?s={search_term_string}\"},\"query-input\":{\"@type\":\"PropertyValueSpecification\",\"valueRequired\":true,\"valueName\":\"search_term_string\"}}],\"inLanguage\":\"fr-FR\"},{\"@type\":\"Organization\",\"@id\":\"https:\/\/www.public.sn\/#organization\",\"name\":\"LE PUBLIC\",\"url\":\"https:\/\/www.public.sn\/\",\"logo\":{\"@type\":\"ImageObject\",\"inLanguage\":\"fr-FR\",\"@id\":\"https:\/\/www.public.sn\/#\/schema\/logo\/image\/\",\"url\":\"https:\/\/www.public.sn\/wp-content\/uploads\/2024\/05\/cropped-LOGO-PUBLIC.SN_.png\",\"contentUrl\":\"https:\/\/www.public.sn\/wp-content\/uploads\/2024\/05\/cropped-LOGO-PUBLIC.SN_.png\",\"width\":682,\"height\":192,\"caption\":\"LE PUBLIC\"},\"image\":{\"@id\":\"https:\/\/www.public.sn\/#\/schema\/logo\/image\/\"}},{\"@type\":\"Person\",\"@id\":\"https:\/\/www.public.sn\/#\/schema\/person\/cb76c8e1b8becc6be61fb5e92d6d0224\",\"name\":\"LA REDACTION\",\"image\":{\"@type\":\"ImageObject\",\"inLanguage\":\"fr-FR\",\"@id\":\"https:\/\/www.public.sn\/#\/schema\/person\/image\/\",\"url\":\"https:\/\/secure.gravatar.com\/avatar\/2dce5ddd34b8fef0180efe03aa2a9bee7d953856048f9a16b298190a3178407c?s=96&d=mm&r=g\",\"contentUrl\":\"https:\/\/secure.gravatar.com\/avatar\/2dce5ddd34b8fef0180efe03aa2a9bee7d953856048f9a16b298190a3178407c?s=96&d=mm&r=g\",\"caption\":\"LA REDACTION\"},\"url\":\"https:\/\/www.public.sn\/index.php\/author\/editeurpsn\/\"}]}<\/script>\n<!-- \/ Yoast SEO plugin. -->","yoast_head_json":{"title":"Crise autour de\u00a0Azoura\u00a0: gr\u00e8ve de la faim et rupture avec\u00a0Pastef - LE PUBLIC","robots":{"index":"index","follow":"follow","max-snippet":"max-snippet:-1","max-image-preview":"max-image-preview:large","max-video-preview":"max-video-preview:-1"},"canonical":"https:\/\/www.public.sn\/index.php\/2026\/03\/16\/crise-autour-de-azoura-greve-de-la-faim-et-rupture-avec-pastef\/","og_locale":"fr_FR","og_type":"article","og_title":"Crise autour de\u00a0Azoura\u00a0: gr\u00e8ve de la faim et rupture avec\u00a0Pastef - LE PUBLIC","og_description":"\u00ab Je ne suis pas \u00e0 ma place ici \u00bb, d\u00e9clare&nbsp;Assane Fall, contact\u00e9 par t\u00e9l\u00e9phone par&nbsp;Seneweb&nbsp;gr\u00e2ce \u00e0 l\u2019appareil d\u2019un de ses fr\u00e8res. Intern\u00e9 au centre psychiatrique de&nbsp;Thiaroye, le militant politique affirme avoir entam\u00e9 une&nbsp;gr\u00e8ve de la faim&nbsp;pour protester contre des conditions d\u2019internement qu\u2019il juge \u00ab inhumaines \u00bb. Selon lui, les traitements qui lui sont administr\u00e9s sont particuli\u00e8rement lourds. \u00ab Ils m\u2019injectent de puissants antipsychotiques qui me font dormir pendant des jours \u00bb, d\u00e9nonce-t-il. L\u2019activiste assure qu\u2019il pr\u00e9f\u00e9rerait \u00eatre transf\u00e9r\u00e9 \u00e0 la prison de&nbsp;Prison de Rebeuss&nbsp;plut\u00f4t que de rester intern\u00e9 dans l\u2019\u00e9tablissement psychiatrique. \u00ab Je ne suis pas fou et je ne l\u2019ai jamais \u00e9t\u00e9. C\u2019est Pastef qui me cherche des circonstances att\u00e9nuantes pour que je ne retourne pas en prison. Je pr\u00e9f\u00e8re \u00eatre en d\u00e9tention plut\u00f4t que d\u2019\u00eatre intern\u00e9 ici. Mon honneur m\u2019interdit de rester ici \u00bb, affirme-t-il. Dans la foul\u00e9e, celui qui \u00e9tait pr\u00e9sent\u00e9 comme un&nbsp;porte-drapeau des patriotes&nbsp;annonce \u00e9galement sa rupture avec le parti. \u00ab Entre Azoura et Pastef, c\u2019est fini. Pastef m\u2019a trahi \u00bb, d\u00e9clare-t-il. Revenant sur l\u2019accusation de&nbsp;conduite sans permis,&nbsp;Assane Fall&nbsp;affirme \u00eatre d\u00e9tenteur d\u2019un&nbsp;permis militaire&nbsp;et indique qu\u2019il \u00e9tait en proc\u00e9dure de conversion de ce brevet en permis civil au moment des faits. Pour rappel, son ami et copr\u00e9venu,&nbsp;Serigne Saliou Fall, a comparu vendredi dernier devant le tribunal des flagrants d\u00e9lits de&nbsp;Dakar. Il \u00e9tait poursuivi pour&nbsp;abandon de v\u00e9hicule \u00e0 un tiers non titulaire d\u2019un permis de conduire et complicit\u00e9 de coups et blessures involontaires. Le tribunal a finalement prononc\u00e9 sa&nbsp;relaxe pure et simple, estimant qu\u2019Azoura avait pris les cl\u00e9s du v\u00e9hicule sans autorisation.","og_url":"https:\/\/www.public.sn\/index.php\/2026\/03\/16\/crise-autour-de-azoura-greve-de-la-faim-et-rupture-avec-pastef\/","og_site_name":"LE PUBLIC","article_published_time":"2026-03-16T19:10:29+00:00","article_modified_time":"2026-03-16T19:10:34+00:00","og_image":[{"width":692,"height":389,"url":"https:\/\/www.public.sn\/wp-content\/uploads\/2026\/03\/Capture-decran-2026-03-16-a-19.07.19.png","type":"image\/png"}],"author":"LA REDACTION","twitter_card":"summary_large_image","twitter_misc":{"\u00c9crit par":"LA REDACTION","Dur\u00e9e de lecture estim\u00e9e":"2 minutes"},"schema":{"@context":"https:\/\/schema.org","@graph":[{"@type":"Article","@id":"https:\/\/www.public.sn\/index.php\/2026\/03\/16\/crise-autour-de-azoura-greve-de-la-faim-et-rupture-avec-pastef\/#article","isPartOf":{"@id":"https:\/\/www.public.sn\/index.php\/2026\/03\/16\/crise-autour-de-azoura-greve-de-la-faim-et-rupture-avec-pastef\/"},"author":{"name":"LA REDACTION","@id":"https:\/\/www.public.sn\/#\/schema\/person\/cb76c8e1b8becc6be61fb5e92d6d0224"},"headline":"Crise autour de\u00a0Azoura\u00a0: gr\u00e8ve de la faim et rupture avec\u00a0Pastef","datePublished":"2026-03-16T19:10:29+00:00","dateModified":"2026-03-16T19:10:34+00:00","mainEntityOfPage":{"@id":"https:\/\/www.public.sn\/index.php\/2026\/03\/16\/crise-autour-de-azoura-greve-de-la-faim-et-rupture-avec-pastef\/"},"wordCount":339,"commentCount":0,"publisher":{"@id":"https:\/\/www.public.sn\/#organization"},"image":{"@id":"https:\/\/www.public.sn\/index.php\/2026\/03\/16\/crise-autour-de-azoura-greve-de-la-faim-et-rupture-avec-pastef\/#primaryimage"},"thumbnailUrl":"https:\/\/www.public.sn\/wp-content\/uploads\/2026\/03\/Capture-decran-2026-03-16-a-19.07.19.png","keywords":["Azoura","Pastef"],"articleSection":["ACTUALIT\u00c9S","justice"],"inLanguage":"fr-FR","potentialAction":[{"@type":"CommentAction","name":"Comment","target":["https:\/\/www.public.sn\/index.php\/2026\/03\/16\/crise-autour-de-azoura-greve-de-la-faim-et-rupture-avec-pastef\/#respond"]}]},{"@type":"WebPage","@id":"https:\/\/www.public.sn\/index.php\/2026\/03\/16\/crise-autour-de-azoura-greve-de-la-faim-et-rupture-avec-pastef\/","url":"https:\/\/www.public.sn\/index.php\/2026\/03\/16\/crise-autour-de-azoura-greve-de-la-faim-et-rupture-avec-pastef\/","name":"Crise autour de\u00a0Azoura\u00a0: gr\u00e8ve de la faim et rupture avec\u00a0Pastef - LE PUBLIC","isPartOf":{"@id":"https:\/\/www.public.sn\/#website"},"primaryImageOfPage":{"@id":"https:\/\/www.public.sn\/index.php\/2026\/03\/16\/crise-autour-de-azoura-greve-de-la-faim-et-rupture-avec-pastef\/#primaryimage"},"image":{"@id":"https:\/\/www.public.sn\/index.php\/2026\/03\/16\/crise-autour-de-azoura-greve-de-la-faim-et-rupture-avec-pastef\/#primaryimage"},"thumbnailUrl":"https:\/\/www.public.sn\/wp-content\/uploads\/2026\/03\/Capture-decran-2026-03-16-a-19.07.19.png","datePublished":"2026-03-16T19:10:29+00:00","dateModified":"2026-03-16T19:10:34+00:00","breadcrumb":{"@id":"https:\/\/www.public.sn\/index.php\/2026\/03\/16\/crise-autour-de-azoura-greve-de-la-faim-et-rupture-avec-pastef\/#breadcrumb"},"inLanguage":"fr-FR","potentialAction":[{"@type":"ReadAction","target":["https:\/\/www.public.sn\/index.php\/2026\/03\/16\/crise-autour-de-azoura-greve-de-la-faim-et-rupture-avec-pastef\/"]}]},{"@type":"ImageObject","inLanguage":"fr-FR","@id":"https:\/\/www.public.sn\/index.php\/2026\/03\/16\/crise-autour-de-azoura-greve-de-la-faim-et-rupture-avec-pastef\/#primaryimage","url":"https:\/\/www.public.sn\/wp-content\/uploads\/2026\/03\/Capture-decran-2026-03-16-a-19.07.19.png","contentUrl":"https:\/\/www.public.sn\/wp-content\/uploads\/2026\/03\/Capture-decran-2026-03-16-a-19.07.19.png","width":692,"height":389},{"@type":"BreadcrumbList","@id":"https:\/\/www.public.sn\/index.php\/2026\/03\/16\/crise-autour-de-azoura-greve-de-la-faim-et-rupture-avec-pastef\/#breadcrumb","itemListElement":[{"@type":"ListItem","position":1,"name":"Accueil","item":"https:\/\/www.public.sn\/"},{"@type":"ListItem","position":2,"name":"Crise autour de\u00a0Azoura\u00a0: gr\u00e8ve de la faim et rupture avec\u00a0Pastef"}]},{"@type":"WebSite","@id":"https:\/\/www.public.sn\/#website","url":"https:\/\/www.public.sn\/","name":"LE PUBLIC","description":"","publisher":{"@id":"https:\/\/www.public.sn\/#organization"},"potentialAction":[{"@type":"SearchAction","target":{"@type":"EntryPoint","urlTemplate":"https:\/\/www.public.sn\/?s={search_term_string}"},"query-input":{"@type":"PropertyValueSpecification","valueRequired":true,"valueName":"search_term_string"}}],"inLanguage":"fr-FR"},{"@type":"Organization","@id":"https:\/\/www.public.sn\/#organization","name":"LE PUBLIC","url":"https:\/\/www.public.sn\/","logo":{"@type":"ImageObject","inLanguage":"fr-FR","@id":"https:\/\/www.public.sn\/#\/schema\/logo\/image\/","url":"https:\/\/www.public.sn\/wp-content\/uploads\/2024\/05\/cropped-LOGO-PUBLIC.SN_.png","contentUrl":"https:\/\/www.public.sn\/wp-content\/uploads\/2024\/05\/cropped-LOGO-PUBLIC.SN_.png","width":682,"height":192,"caption":"LE PUBLIC"},"image":{"@id":"https:\/\/www.public.sn\/#\/schema\/logo\/image\/"}},{"@type":"Person","@id":"https:\/\/www.public.sn\/#\/schema\/person\/cb76c8e1b8becc6be61fb5e92d6d0224","name":"LA REDACTION","image":{"@type":"ImageObject","inLanguage":"fr-FR","@id":"https:\/\/www.public.sn\/#\/schema\/person\/image\/","url":"https:\/\/secure.gravatar.com\/avatar\/2dce5ddd34b8fef0180efe03aa2a9bee7d953856048f9a16b298190a3178407c?s=96&d=mm&r=g","contentUrl":"https:\/\/secure.gravatar.com\/avatar\/2dce5ddd34b8fef0180efe03aa2a9bee7d953856048f9a16b298190a3178407c?s=96&d=mm&r=g","caption":"LA REDACTION"},"url":"https:\/\/www.public.sn\/index.php\/author\/editeurpsn\/"}]}},"jetpack_featured_media_url":"https:\/\/www.public.sn\/wp-content\/uploads\/2026\/03\/Capture-decran-2026-03-16-a-19.07.19.png","jetpack_sharing_enabled":true,"_links":{"self":[{"href":"https:\/\/www.public.sn\/index.php\/wp-json\/wp\/v2\/posts\/39608","targetHints":{"allow":["GET"]}}],"collection":[{"href":"https:\/\/www.public.sn\/index.php\/wp-json\/wp\/v2\/posts"}],"about":[{"href":"https:\/\/www.public.sn\/index.php\/wp-json\/wp\/v2\/types\/post"}],"author":[{"embeddable":true,"href":"https:\/\/www.public.sn\/index.php\/wp-json\/wp\/v2\/users\/7"}],"replies":[{"embeddable":true,"href":"https:\/\/www.public.sn\/index.php\/wp-json\/wp\/v2\/comments?post=39608"}],"version-history":[{"count":1,"href":"https:\/\/www.public.sn\/index.php\/wp-json\/wp\/v2\/posts\/39608\/revisions"}],"predecessor-version":[{"id":39610,"href":"https:\/\/www.public.sn\/index.php\/wp-json\/wp\/v2\/posts\/39608\/revisions\/39610"}],"wp:featuredmedia":[{"embeddable":true,"href":"https:\/\/www.public.sn\/index.php\/wp-json\/wp\/v2\/media\/39609"}],"wp:attachment":[{"href":"https:\/\/www.public.sn\/index.php\/wp-json\/wp\/v2\/media?parent=39608"}],"wp:term":[{"taxonomy":"category","embeddable":true,"href":"https:\/\/www.public.sn\/index.php\/wp-json\/wp\/v2\/categories?post=39608"},{"taxonomy":"post_tag","embeddable":true,"href":"https:\/\/www.public.sn\/index.php\/wp-json\/wp\/v2\/tags?post=39608"}],"curies":[{"name":"wp","href":"https:\/\/api.w.org\/{rel}","templated":true}]}}