{"id":39817,"date":"2026-04-08T15:17:08","date_gmt":"2026-04-08T15:17:08","guid":{"rendered":"https:\/\/www.public.sn\/?p=39817"},"modified":"2026-04-08T15:17:15","modified_gmt":"2026-04-08T15:17:15","slug":"libye-aliou-cisse-quitte-la-tete-de-la-selection-nationale","status":"publish","type":"post","link":"https:\/\/www.public.sn\/index.php\/2026\/04\/08\/libye-aliou-cisse-quitte-la-tete-de-la-selection-nationale\/","title":{"rendered":"Libye : Aliou Ciss\u00e9 quitte la t\u00eate de la s\u00e9lection nationale"},"content":{"rendered":"\n<p>C\u2019est d\u00e9sormais officiel. Le technicien s\u00e9n\u00e9galais&nbsp;Aliou Ciss\u00e9&nbsp;a annonc\u00e9 son d\u00e9part de la t\u00eate de la s\u00e9lection libyenne, mettant fin \u00e0 plusieurs semaines d\u2019incertitudes autour de son avenir.<\/p><div class=\"publi-paragraphe1\" style=\"margin-top: 10px;margin-bottom: 10px;margin-left: auto;margin-right: auto;text-align: center;\" id=\"publi-3109222127\"><div class=\"publi-adlabel\">Publicit\u00e9<\/div><script async src=\"\/\/pagead2.googlesyndication.com\/pagead\/js\/adsbygoogle.js?client=ca-pub-4089586018074219\" crossorigin=\"anonymous\"><\/script><ins class=\"adsbygoogle\" style=\"display:block;\" data-ad-client=\"ca-pub-4089586018074219\" \ndata-ad-slot=\"2087940154\" \ndata-ad-format=\"auto\"><\/ins>\n<script> \n(adsbygoogle = window.adsbygoogle || []).push({}); \n<\/script>\n<\/div>\n\n\n\n<p>Arriv\u00e9 en mars 2025 sur le banc des Chevaliers de la M\u00e9diterran\u00e9e, l\u2019ancien capitaine des Lions a lui-m\u00eame confirm\u00e9 la nouvelle via un message publi\u00e9 sur Instagram. Son passage avait pourtant d\u00e9but\u00e9 de mani\u00e8re prometteuse, avec une victoire face \u00e0 l\u2019Angola lors de son premier match officiel en septembre 2025.<\/p>\n\n\n\n<p>Sur le plan sportif, le bilan reste honorable : huit rencontres dirig\u00e9es, pour trois victoires, quatre matchs nuls et une seule d\u00e9faite. Mais en coulisses, la situation \u00e9tait plus fragile. Des tensions li\u00e9es \u00e0 des probl\u00e8mes administratifs et financiers, notamment des arri\u00e9r\u00e9s de salaire partiellement r\u00e9gl\u00e9s par la f\u00e9d\u00e9ration, ont pes\u00e9 sur son mandat.<\/p>\n\n\n\n<p>D\u00e9sormais libre,&nbsp;Aliou Ciss\u00e9&nbsp;pourrait rapidement rebondir. Son nom circule d\u00e9j\u00e0 du c\u00f4t\u00e9 de la Guin\u00e9e \u00e9quatoriale. Fort de son exp\u00e9rience et de son sacre \u00e0 la CAN 2021 avec le&nbsp;S\u00e9n\u00e9gal, il demeure une r\u00e9f\u00e9rence sur le continent africain, pr\u00eat \u00e0 relever un nouveau d\u00e9fi.<\/p>\n<div class=\"publi-apres-le-contenu\" style=\"margin-top: 10px;margin-bottom: 10px;margin-left: auto;margin-right: auto;text-align: center;\" id=\"publi-3934656157\"><div class=\"publi-adlabel\">Publicit\u00e9<\/div><script async src=\"\/\/pagead2.googlesyndication.com\/pagead\/js\/adsbygoogle.js?client=ca-pub-4089586018074219\" crossorigin=\"anonymous\"><\/script><ins class=\"adsbygoogle\" style=\"display:block;\" data-ad-client=\"ca-pub-4089586018074219\" \ndata-ad-slot=\"2087940154\" \ndata-ad-format=\"auto\"><\/ins>\n<script> \n(adsbygoogle = window.adsbygoogle || []).push({}); \n<\/script>\n<\/div>","protected":false},"excerpt":{"rendered":"<p>C\u2019est d\u00e9sormais officiel. Le technicien s\u00e9n\u00e9galais&nbsp;Aliou Ciss\u00e9&nbsp;a annonc\u00e9 son d\u00e9part de la t\u00eate de la s\u00e9lection libyenne, mettant fin \u00e0 plusieurs semaines d\u2019incertitudes autour de son avenir. Arriv\u00e9 en mars 2025 sur le banc des Chevaliers de la M\u00e9diterran\u00e9e, l\u2019ancien capitaine des Lions a lui-m\u00eame confirm\u00e9 la nouvelle via un message publi\u00e9 sur Instagram. Son passage avait pourtant d\u00e9but\u00e9 de mani\u00e8re prometteuse, avec une victoire face \u00e0 l\u2019Angola lors de son premier match officiel en septembre 2025. Sur le plan sportif, le bilan reste honorable : huit rencontres dirig\u00e9es, pour trois victoires, quatre matchs nuls et une seule d\u00e9faite. Mais en coulisses, la situation \u00e9tait plus fragile. Des tensions li\u00e9es \u00e0 des probl\u00e8mes administratifs et financiers, notamment des arri\u00e9r\u00e9s de salaire partiellement r\u00e9gl\u00e9s par la f\u00e9d\u00e9ration, ont pes\u00e9 sur son mandat. D\u00e9sormais libre,&nbsp;Aliou Ciss\u00e9&nbsp;pourrait rapidement rebondir. Son nom circule d\u00e9j\u00e0 du c\u00f4t\u00e9 de la Guin\u00e9e \u00e9quatoriale. Fort de son exp\u00e9rience et de son sacre \u00e0 la CAN 2021 avec le&nbsp;S\u00e9n\u00e9gal, il demeure une r\u00e9f\u00e9rence sur le continent africain, pr\u00eat \u00e0 relever un nouveau d\u00e9fi.<\/p>\n","protected":false},"author":7,"featured_media":39818,"comment_status":"open","ping_status":"open","sticky":false,"template":"","format":"standard","meta":{"_jetpack_memberships_contains_paid_content":false,"footnotes":""},"categories":[375,4555,7],"tags":[827,7913],"class_list":["post-39817","post","type-post","status-publish","format-standard","has-post-thumbnail","hentry","category-actualites","category-basket","category-sport","tag-aliou-cisse","tag-libye","entry","has-media","owp-thumbs-layout-horizontal","owp-btn-normal","owp-tabs-layout-horizontal","has-no-thumbnails","has-product-nav"],"yoast_head":"<!-- This site is optimized with the Yoast SEO plugin v25.5 - https:\/\/yoast.com\/wordpress\/plugins\/seo\/ -->\n<title>Libye : Aliou Ciss\u00e9 quitte la t\u00eate de la s\u00e9lection nationale - LE PUBLIC<\/title>\n<meta name=\"robots\" content=\"index, follow, max-snippet:-1, max-image-preview:large, max-video-preview:-1\" \/>\n<link rel=\"canonical\" href=\"https:\/\/www.public.sn\/index.php\/2026\/04\/08\/libye-aliou-cisse-quitte-la-tete-de-la-selection-nationale\/\" \/>\n<meta property=\"og:locale\" content=\"fr_FR\" \/>\n<meta property=\"og:type\" content=\"article\" \/>\n<meta property=\"og:title\" content=\"Libye : Aliou Ciss\u00e9 quitte la t\u00eate de la s\u00e9lection nationale - LE PUBLIC\" \/>\n<meta property=\"og:description\" content=\"C\u2019est d\u00e9sormais officiel. Le technicien s\u00e9n\u00e9galais&nbsp;Aliou Ciss\u00e9&nbsp;a annonc\u00e9 son d\u00e9part de la t\u00eate de la s\u00e9lection libyenne, mettant fin \u00e0 plusieurs semaines d\u2019incertitudes autour de son avenir. Arriv\u00e9 en mars 2025 sur le banc des Chevaliers de la M\u00e9diterran\u00e9e, l\u2019ancien capitaine des Lions a lui-m\u00eame confirm\u00e9 la nouvelle via un message publi\u00e9 sur Instagram. Son passage avait pourtant d\u00e9but\u00e9 de mani\u00e8re prometteuse, avec une victoire face \u00e0 l\u2019Angola lors de son premier match officiel en septembre 2025. Sur le plan sportif, le bilan reste honorable : huit rencontres dirig\u00e9es, pour trois victoires, quatre matchs nuls et une seule d\u00e9faite. Mais en coulisses, la situation \u00e9tait plus fragile. Des tensions li\u00e9es \u00e0 des probl\u00e8mes administratifs et financiers, notamment des arri\u00e9r\u00e9s de salaire partiellement r\u00e9gl\u00e9s par la f\u00e9d\u00e9ration, ont pes\u00e9 sur son mandat. D\u00e9sormais libre,&nbsp;Aliou Ciss\u00e9&nbsp;pourrait rapidement rebondir. Son nom circule d\u00e9j\u00e0 du c\u00f4t\u00e9 de la Guin\u00e9e \u00e9quatoriale. Fort de son exp\u00e9rience et de son sacre \u00e0 la CAN 2021 avec le&nbsp;S\u00e9n\u00e9gal, il demeure une r\u00e9f\u00e9rence sur le continent africain, pr\u00eat \u00e0 relever un nouveau d\u00e9fi.\" \/>\n<meta property=\"og:url\" content=\"https:\/\/www.public.sn\/index.php\/2026\/04\/08\/libye-aliou-cisse-quitte-la-tete-de-la-selection-nationale\/\" \/>\n<meta property=\"og:site_name\" content=\"LE PUBLIC\" \/>\n<meta property=\"article:published_time\" content=\"2026-04-08T15:17:08+00:00\" \/>\n<meta property=\"article:modified_time\" content=\"2026-04-08T15:17:15+00:00\" \/>\n<meta property=\"og:image\" content=\"https:\/\/www.public.sn\/wp-content\/uploads\/2026\/04\/Capture-decran-2026-04-08-a-15.13.58.png\" \/>\n\t<meta property=\"og:image:width\" content=\"627\" \/>\n\t<meta property=\"og:image:height\" content=\"350\" \/>\n\t<meta property=\"og:image:type\" content=\"image\/png\" \/>\n<meta name=\"author\" content=\"LA REDACTION\" \/>\n<meta name=\"twitter:card\" content=\"summary_large_image\" \/>\n<meta name=\"twitter:label1\" content=\"\u00c9crit par\" \/>\n\t<meta name=\"twitter:data1\" content=\"LA REDACTION\" \/>\n\t<meta name=\"twitter:label2\" content=\"Dur\u00e9e de lecture estim\u00e9e\" \/>\n\t<meta name=\"twitter:data2\" content=\"2 minutes\" \/>\n<script type=\"application\/ld+json\" class=\"yoast-schema-graph\">{\"@context\":\"https:\/\/schema.org\",\"@graph\":[{\"@type\":\"Article\",\"@id\":\"https:\/\/www.public.sn\/index.php\/2026\/04\/08\/libye-aliou-cisse-quitte-la-tete-de-la-selection-nationale\/#article\",\"isPartOf\":{\"@id\":\"https:\/\/www.public.sn\/index.php\/2026\/04\/08\/libye-aliou-cisse-quitte-la-tete-de-la-selection-nationale\/\"},\"author\":{\"name\":\"LA REDACTION\",\"@id\":\"https:\/\/www.public.sn\/#\/schema\/person\/cb76c8e1b8becc6be61fb5e92d6d0224\"},\"headline\":\"Libye : Aliou Ciss\u00e9 quitte la t\u00eate de la s\u00e9lection nationale\",\"datePublished\":\"2026-04-08T15:17:08+00:00\",\"dateModified\":\"2026-04-08T15:17:15+00:00\",\"mainEntityOfPage\":{\"@id\":\"https:\/\/www.public.sn\/index.php\/2026\/04\/08\/libye-aliou-cisse-quitte-la-tete-de-la-selection-nationale\/\"},\"wordCount\":223,\"commentCount\":0,\"publisher\":{\"@id\":\"https:\/\/www.public.sn\/#organization\"},\"image\":{\"@id\":\"https:\/\/www.public.sn\/index.php\/2026\/04\/08\/libye-aliou-cisse-quitte-la-tete-de-la-selection-nationale\/#primaryimage\"},\"thumbnailUrl\":\"https:\/\/www.public.sn\/wp-content\/uploads\/2026\/04\/Capture-decran-2026-04-08-a-15.13.58.png\",\"keywords\":[\"Aliou Ciss\u00e9\",\"Libye\"],\"articleSection\":[\"ACTUALIT\u00c9S\",\"BASKET\",\"SPORTS\"],\"inLanguage\":\"fr-FR\",\"potentialAction\":[{\"@type\":\"CommentAction\",\"name\":\"Comment\",\"target\":[\"https:\/\/www.public.sn\/index.php\/2026\/04\/08\/libye-aliou-cisse-quitte-la-tete-de-la-selection-nationale\/#respond\"]}]},{\"@type\":\"WebPage\",\"@id\":\"https:\/\/www.public.sn\/index.php\/2026\/04\/08\/libye-aliou-cisse-quitte-la-tete-de-la-selection-nationale\/\",\"url\":\"https:\/\/www.public.sn\/index.php\/2026\/04\/08\/libye-aliou-cisse-quitte-la-tete-de-la-selection-nationale\/\",\"name\":\"Libye : Aliou Ciss\u00e9 quitte la t\u00eate de la s\u00e9lection nationale - LE PUBLIC\",\"isPartOf\":{\"@id\":\"https:\/\/www.public.sn\/#website\"},\"primaryImageOfPage\":{\"@id\":\"https:\/\/www.public.sn\/index.php\/2026\/04\/08\/libye-aliou-cisse-quitte-la-tete-de-la-selection-nationale\/#primaryimage\"},\"image\":{\"@id\":\"https:\/\/www.public.sn\/index.php\/2026\/04\/08\/libye-aliou-cisse-quitte-la-tete-de-la-selection-nationale\/#primaryimage\"},\"thumbnailUrl\":\"https:\/\/www.public.sn\/wp-content\/uploads\/2026\/04\/Capture-decran-2026-04-08-a-15.13.58.png\",\"datePublished\":\"2026-04-08T15:17:08+00:00\",\"dateModified\":\"2026-04-08T15:17:15+00:00\",\"breadcrumb\":{\"@id\":\"https:\/\/www.public.sn\/index.php\/2026\/04\/08\/libye-aliou-cisse-quitte-la-tete-de-la-selection-nationale\/#breadcrumb\"},\"inLanguage\":\"fr-FR\",\"potentialAction\":[{\"@type\":\"ReadAction\",\"target\":[\"https:\/\/www.public.sn\/index.php\/2026\/04\/08\/libye-aliou-cisse-quitte-la-tete-de-la-selection-nationale\/\"]}]},{\"@type\":\"ImageObject\",\"inLanguage\":\"fr-FR\",\"@id\":\"https:\/\/www.public.sn\/index.php\/2026\/04\/08\/libye-aliou-cisse-quitte-la-tete-de-la-selection-nationale\/#primaryimage\",\"url\":\"https:\/\/www.public.sn\/wp-content\/uploads\/2026\/04\/Capture-decran-2026-04-08-a-15.13.58.png\",\"contentUrl\":\"https:\/\/www.public.sn\/wp-content\/uploads\/2026\/04\/Capture-decran-2026-04-08-a-15.13.58.png\",\"width\":627,\"height\":350},{\"@type\":\"BreadcrumbList\",\"@id\":\"https:\/\/www.public.sn\/index.php\/2026\/04\/08\/libye-aliou-cisse-quitte-la-tete-de-la-selection-nationale\/#breadcrumb\",\"itemListElement\":[{\"@type\":\"ListItem\",\"position\":1,\"name\":\"Accueil\",\"item\":\"https:\/\/www.public.sn\/\"},{\"@type\":\"ListItem\",\"position\":2,\"name\":\"Libye : Aliou Ciss\u00e9 quitte la t\u00eate de la s\u00e9lection nationale\"}]},{\"@type\":\"WebSite\",\"@id\":\"https:\/\/www.public.sn\/#website\",\"url\":\"https:\/\/www.public.sn\/\",\"name\":\"LE PUBLIC\",\"description\":\"\",\"publisher\":{\"@id\":\"https:\/\/www.public.sn\/#organization\"},\"potentialAction\":[{\"@type\":\"SearchAction\",\"target\":{\"@type\":\"EntryPoint\",\"urlTemplate\":\"https:\/\/www.public.sn\/?s={search_term_string}\"},\"query-input\":{\"@type\":\"PropertyValueSpecification\",\"valueRequired\":true,\"valueName\":\"search_term_string\"}}],\"inLanguage\":\"fr-FR\"},{\"@type\":\"Organization\",\"@id\":\"https:\/\/www.public.sn\/#organization\",\"name\":\"LE PUBLIC\",\"url\":\"https:\/\/www.public.sn\/\",\"logo\":{\"@type\":\"ImageObject\",\"inLanguage\":\"fr-FR\",\"@id\":\"https:\/\/www.public.sn\/#\/schema\/logo\/image\/\",\"url\":\"https:\/\/www.public.sn\/wp-content\/uploads\/2024\/05\/cropped-LOGO-PUBLIC.SN_.png\",\"contentUrl\":\"https:\/\/www.public.sn\/wp-content\/uploads\/2024\/05\/cropped-LOGO-PUBLIC.SN_.png\",\"width\":682,\"height\":192,\"caption\":\"LE PUBLIC\"},\"image\":{\"@id\":\"https:\/\/www.public.sn\/#\/schema\/logo\/image\/\"}},{\"@type\":\"Person\",\"@id\":\"https:\/\/www.public.sn\/#\/schema\/person\/cb76c8e1b8becc6be61fb5e92d6d0224\",\"name\":\"LA REDACTION\",\"image\":{\"@type\":\"ImageObject\",\"inLanguage\":\"fr-FR\",\"@id\":\"https:\/\/www.public.sn\/#\/schema\/person\/image\/\",\"url\":\"https:\/\/secure.gravatar.com\/avatar\/2dce5ddd34b8fef0180efe03aa2a9bee7d953856048f9a16b298190a3178407c?s=96&d=mm&r=g\",\"contentUrl\":\"https:\/\/secure.gravatar.com\/avatar\/2dce5ddd34b8fef0180efe03aa2a9bee7d953856048f9a16b298190a3178407c?s=96&d=mm&r=g\",\"caption\":\"LA REDACTION\"},\"url\":\"https:\/\/www.public.sn\/index.php\/author\/editeurpsn\/\"}]}<\/script>\n<!-- \/ Yoast SEO plugin. -->","yoast_head_json":{"title":"Libye : Aliou Ciss\u00e9 quitte la t\u00eate de la s\u00e9lection nationale - LE PUBLIC","robots":{"index":"index","follow":"follow","max-snippet":"max-snippet:-1","max-image-preview":"max-image-preview:large","max-video-preview":"max-video-preview:-1"},"canonical":"https:\/\/www.public.sn\/index.php\/2026\/04\/08\/libye-aliou-cisse-quitte-la-tete-de-la-selection-nationale\/","og_locale":"fr_FR","og_type":"article","og_title":"Libye : Aliou Ciss\u00e9 quitte la t\u00eate de la s\u00e9lection nationale - LE PUBLIC","og_description":"C\u2019est d\u00e9sormais officiel. Le technicien s\u00e9n\u00e9galais&nbsp;Aliou Ciss\u00e9&nbsp;a annonc\u00e9 son d\u00e9part de la t\u00eate de la s\u00e9lection libyenne, mettant fin \u00e0 plusieurs semaines d\u2019incertitudes autour de son avenir. Arriv\u00e9 en mars 2025 sur le banc des Chevaliers de la M\u00e9diterran\u00e9e, l\u2019ancien capitaine des Lions a lui-m\u00eame confirm\u00e9 la nouvelle via un message publi\u00e9 sur Instagram. Son passage avait pourtant d\u00e9but\u00e9 de mani\u00e8re prometteuse, avec une victoire face \u00e0 l\u2019Angola lors de son premier match officiel en septembre 2025. Sur le plan sportif, le bilan reste honorable : huit rencontres dirig\u00e9es, pour trois victoires, quatre matchs nuls et une seule d\u00e9faite. Mais en coulisses, la situation \u00e9tait plus fragile. Des tensions li\u00e9es \u00e0 des probl\u00e8mes administratifs et financiers, notamment des arri\u00e9r\u00e9s de salaire partiellement r\u00e9gl\u00e9s par la f\u00e9d\u00e9ration, ont pes\u00e9 sur son mandat. D\u00e9sormais libre,&nbsp;Aliou Ciss\u00e9&nbsp;pourrait rapidement rebondir. Son nom circule d\u00e9j\u00e0 du c\u00f4t\u00e9 de la Guin\u00e9e \u00e9quatoriale. Fort de son exp\u00e9rience et de son sacre \u00e0 la CAN 2021 avec le&nbsp;S\u00e9n\u00e9gal, il demeure une r\u00e9f\u00e9rence sur le continent africain, pr\u00eat \u00e0 relever un nouveau d\u00e9fi.","og_url":"https:\/\/www.public.sn\/index.php\/2026\/04\/08\/libye-aliou-cisse-quitte-la-tete-de-la-selection-nationale\/","og_site_name":"LE PUBLIC","article_published_time":"2026-04-08T15:17:08+00:00","article_modified_time":"2026-04-08T15:17:15+00:00","og_image":[{"width":627,"height":350,"url":"https:\/\/www.public.sn\/wp-content\/uploads\/2026\/04\/Capture-decran-2026-04-08-a-15.13.58.png","type":"image\/png"}],"author":"LA REDACTION","twitter_card":"summary_large_image","twitter_misc":{"\u00c9crit par":"LA REDACTION","Dur\u00e9e de lecture estim\u00e9e":"2 minutes"},"schema":{"@context":"https:\/\/schema.org","@graph":[{"@type":"Article","@id":"https:\/\/www.public.sn\/index.php\/2026\/04\/08\/libye-aliou-cisse-quitte-la-tete-de-la-selection-nationale\/#article","isPartOf":{"@id":"https:\/\/www.public.sn\/index.php\/2026\/04\/08\/libye-aliou-cisse-quitte-la-tete-de-la-selection-nationale\/"},"author":{"name":"LA REDACTION","@id":"https:\/\/www.public.sn\/#\/schema\/person\/cb76c8e1b8becc6be61fb5e92d6d0224"},"headline":"Libye : Aliou Ciss\u00e9 quitte la t\u00eate de la s\u00e9lection nationale","datePublished":"2026-04-08T15:17:08+00:00","dateModified":"2026-04-08T15:17:15+00:00","mainEntityOfPage":{"@id":"https:\/\/www.public.sn\/index.php\/2026\/04\/08\/libye-aliou-cisse-quitte-la-tete-de-la-selection-nationale\/"},"wordCount":223,"commentCount":0,"publisher":{"@id":"https:\/\/www.public.sn\/#organization"},"image":{"@id":"https:\/\/www.public.sn\/index.php\/2026\/04\/08\/libye-aliou-cisse-quitte-la-tete-de-la-selection-nationale\/#primaryimage"},"thumbnailUrl":"https:\/\/www.public.sn\/wp-content\/uploads\/2026\/04\/Capture-decran-2026-04-08-a-15.13.58.png","keywords":["Aliou Ciss\u00e9","Libye"],"articleSection":["ACTUALIT\u00c9S","BASKET","SPORTS"],"inLanguage":"fr-FR","potentialAction":[{"@type":"CommentAction","name":"Comment","target":["https:\/\/www.public.sn\/index.php\/2026\/04\/08\/libye-aliou-cisse-quitte-la-tete-de-la-selection-nationale\/#respond"]}]},{"@type":"WebPage","@id":"https:\/\/www.public.sn\/index.php\/2026\/04\/08\/libye-aliou-cisse-quitte-la-tete-de-la-selection-nationale\/","url":"https:\/\/www.public.sn\/index.php\/2026\/04\/08\/libye-aliou-cisse-quitte-la-tete-de-la-selection-nationale\/","name":"Libye : Aliou Ciss\u00e9 quitte la t\u00eate de la s\u00e9lection nationale - LE PUBLIC","isPartOf":{"@id":"https:\/\/www.public.sn\/#website"},"primaryImageOfPage":{"@id":"https:\/\/www.public.sn\/index.php\/2026\/04\/08\/libye-aliou-cisse-quitte-la-tete-de-la-selection-nationale\/#primaryimage"},"image":{"@id":"https:\/\/www.public.sn\/index.php\/2026\/04\/08\/libye-aliou-cisse-quitte-la-tete-de-la-selection-nationale\/#primaryimage"},"thumbnailUrl":"https:\/\/www.public.sn\/wp-content\/uploads\/2026\/04\/Capture-decran-2026-04-08-a-15.13.58.png","datePublished":"2026-04-08T15:17:08+00:00","dateModified":"2026-04-08T15:17:15+00:00","breadcrumb":{"@id":"https:\/\/www.public.sn\/index.php\/2026\/04\/08\/libye-aliou-cisse-quitte-la-tete-de-la-selection-nationale\/#breadcrumb"},"inLanguage":"fr-FR","potentialAction":[{"@type":"ReadAction","target":["https:\/\/www.public.sn\/index.php\/2026\/04\/08\/libye-aliou-cisse-quitte-la-tete-de-la-selection-nationale\/"]}]},{"@type":"ImageObject","inLanguage":"fr-FR","@id":"https:\/\/www.public.sn\/index.php\/2026\/04\/08\/libye-aliou-cisse-quitte-la-tete-de-la-selection-nationale\/#primaryimage","url":"https:\/\/www.public.sn\/wp-content\/uploads\/2026\/04\/Capture-decran-2026-04-08-a-15.13.58.png","contentUrl":"https:\/\/www.public.sn\/wp-content\/uploads\/2026\/04\/Capture-decran-2026-04-08-a-15.13.58.png","width":627,"height":350},{"@type":"BreadcrumbList","@id":"https:\/\/www.public.sn\/index.php\/2026\/04\/08\/libye-aliou-cisse-quitte-la-tete-de-la-selection-nationale\/#breadcrumb","itemListElement":[{"@type":"ListItem","position":1,"name":"Accueil","item":"https:\/\/www.public.sn\/"},{"@type":"ListItem","position":2,"name":"Libye : Aliou Ciss\u00e9 quitte la t\u00eate de la s\u00e9lection nationale"}]},{"@type":"WebSite","@id":"https:\/\/www.public.sn\/#website","url":"https:\/\/www.public.sn\/","name":"LE PUBLIC","description":"","publisher":{"@id":"https:\/\/www.public.sn\/#organization"},"potentialAction":[{"@type":"SearchAction","target":{"@type":"EntryPoint","urlTemplate":"https:\/\/www.public.sn\/?s={search_term_string}"},"query-input":{"@type":"PropertyValueSpecification","valueRequired":true,"valueName":"search_term_string"}}],"inLanguage":"fr-FR"},{"@type":"Organization","@id":"https:\/\/www.public.sn\/#organization","name":"LE PUBLIC","url":"https:\/\/www.public.sn\/","logo":{"@type":"ImageObject","inLanguage":"fr-FR","@id":"https:\/\/www.public.sn\/#\/schema\/logo\/image\/","url":"https:\/\/www.public.sn\/wp-content\/uploads\/2024\/05\/cropped-LOGO-PUBLIC.SN_.png","contentUrl":"https:\/\/www.public.sn\/wp-content\/uploads\/2024\/05\/cropped-LOGO-PUBLIC.SN_.png","width":682,"height":192,"caption":"LE PUBLIC"},"image":{"@id":"https:\/\/www.public.sn\/#\/schema\/logo\/image\/"}},{"@type":"Person","@id":"https:\/\/www.public.sn\/#\/schema\/person\/cb76c8e1b8becc6be61fb5e92d6d0224","name":"LA REDACTION","image":{"@type":"ImageObject","inLanguage":"fr-FR","@id":"https:\/\/www.public.sn\/#\/schema\/person\/image\/","url":"https:\/\/secure.gravatar.com\/avatar\/2dce5ddd34b8fef0180efe03aa2a9bee7d953856048f9a16b298190a3178407c?s=96&d=mm&r=g","contentUrl":"https:\/\/secure.gravatar.com\/avatar\/2dce5ddd34b8fef0180efe03aa2a9bee7d953856048f9a16b298190a3178407c?s=96&d=mm&r=g","caption":"LA REDACTION"},"url":"https:\/\/www.public.sn\/index.php\/author\/editeurpsn\/"}]}},"jetpack_featured_media_url":"https:\/\/www.public.sn\/wp-content\/uploads\/2026\/04\/Capture-decran-2026-04-08-a-15.13.58.png","jetpack_sharing_enabled":true,"_links":{"self":[{"href":"https:\/\/www.public.sn\/index.php\/wp-json\/wp\/v2\/posts\/39817","targetHints":{"allow":["GET"]}}],"collection":[{"href":"https:\/\/www.public.sn\/index.php\/wp-json\/wp\/v2\/posts"}],"about":[{"href":"https:\/\/www.public.sn\/index.php\/wp-json\/wp\/v2\/types\/post"}],"author":[{"embeddable":true,"href":"https:\/\/www.public.sn\/index.php\/wp-json\/wp\/v2\/users\/7"}],"replies":[{"embeddable":true,"href":"https:\/\/www.public.sn\/index.php\/wp-json\/wp\/v2\/comments?post=39817"}],"version-history":[{"count":1,"href":"https:\/\/www.public.sn\/index.php\/wp-json\/wp\/v2\/posts\/39817\/revisions"}],"predecessor-version":[{"id":39819,"href":"https:\/\/www.public.sn\/index.php\/wp-json\/wp\/v2\/posts\/39817\/revisions\/39819"}],"wp:featuredmedia":[{"embeddable":true,"href":"https:\/\/www.public.sn\/index.php\/wp-json\/wp\/v2\/media\/39818"}],"wp:attachment":[{"href":"https:\/\/www.public.sn\/index.php\/wp-json\/wp\/v2\/media?parent=39817"}],"wp:term":[{"taxonomy":"category","embeddable":true,"href":"https:\/\/www.public.sn\/index.php\/wp-json\/wp\/v2\/categories?post=39817"},{"taxonomy":"post_tag","embeddable":true,"href":"https:\/\/www.public.sn\/index.php\/wp-json\/wp\/v2\/tags?post=39817"}],"curies":[{"name":"wp","href":"https:\/\/api.w.org\/{rel}","templated":true}]}}