{"id":4017,"date":"2022-10-08T19:36:58","date_gmt":"2022-10-08T19:36:58","guid":{"rendered":"https:\/\/www.public.sn\/?p=4017"},"modified":"2022-10-08T19:43:44","modified_gmt":"2022-10-08T19:43:44","slug":"sport-dortmund-tient-en-echec-sadio-et-le-bayern","status":"publish","type":"post","link":"https:\/\/www.public.sn\/index.php\/2022\/10\/08\/sport-dortmund-tient-en-echec-sadio-et-le-bayern\/","title":{"rendered":"Sport : Dortmund tient en \u00e9chec Sadio et le Bayern."},"content":{"rendered":"\n<p><br>Le Bayern Munich de Sadio Man\u00e9 n&rsquo;a finalement pas pu conserver son avance de 2 buts \u00e0 1 \u00e0 la fin du temps r\u00e9glementaire dans le match qui l&rsquo;opposait au Dortmund. C\u2019est \u00e0 la derni\u00e8re seconde que le Dortmund a r\u00e9ussi \u00e0 arracher le point du match nul alors que le Bayern tenait les trois points de la victoire.<br>Pour rappel, le Bayern est rest\u00e9e a \u00e9t\u00e9 vainqueur de 7 \u00ab klassiker \u00bb contre Dortmund mais ce Samedi, ils ont \u00e9t\u00e9 contraints au nul. <br><br>Devant au tableau d\u2019affichage gr\u00e2ce \u00e0 des buts de Leon Goretzka (32e) et de Leroy San\u00e9 (53e), les joueurs de Julian Nagelsmann se sont pourtant fait rejoindre dans le dernier quart d\u2019heure du match sur des r\u00e9alisations de Youssoufa Mokoko (74e) et du Fran\u00e7ais Anthony Modeste (90e+5e).<br><br>Samba SY.<br><\/p><div class=\"publi-paragraphe1\" style=\"margin-top: 10px;margin-bottom: 10px;margin-left: auto;margin-right: auto;text-align: center;\" id=\"publi-1460022888\"><div class=\"publi-adlabel\">Publicit\u00e9<\/div><script async src=\"\/\/pagead2.googlesyndication.com\/pagead\/js\/adsbygoogle.js?client=ca-pub-4089586018074219\" crossorigin=\"anonymous\"><\/script><ins class=\"adsbygoogle\" style=\"display:block;\" data-ad-client=\"ca-pub-4089586018074219\" \ndata-ad-slot=\"2087940154\" \ndata-ad-format=\"auto\"><\/ins>\n<script> \n(adsbygoogle = window.adsbygoogle || []).push({}); \n<\/script>\n<\/div>\n<div class=\"publi-apres-le-contenu\" style=\"margin-top: 10px;margin-bottom: 10px;margin-left: auto;margin-right: auto;text-align: center;\" id=\"publi-3865287894\"><div class=\"publi-adlabel\">Publicit\u00e9<\/div><script async src=\"\/\/pagead2.googlesyndication.com\/pagead\/js\/adsbygoogle.js?client=ca-pub-4089586018074219\" crossorigin=\"anonymous\"><\/script><ins class=\"adsbygoogle\" style=\"display:block;\" data-ad-client=\"ca-pub-4089586018074219\" \ndata-ad-slot=\"2087940154\" \ndata-ad-format=\"auto\"><\/ins>\n<script> \n(adsbygoogle = window.adsbygoogle || []).push({}); \n<\/script>\n<\/div>","protected":false},"excerpt":{"rendered":"<p>Le Bayern Munich de Sadio Man\u00e9 n&rsquo;a finalement pas pu conserver son avance de 2 buts \u00e0 1 \u00e0 la fin du temps r\u00e9glementaire dans le match qui l&rsquo;opposait au Dortmund. C\u2019est \u00e0 la derni\u00e8re seconde que le Dortmund a r\u00e9ussi \u00e0 arracher le point du match nul alors que le Bayern tenait les trois points de la victoire.Pour rappel, le Bayern est rest\u00e9e a \u00e9t\u00e9 vainqueur de 7 \u00ab klassiker \u00bb contre Dortmund mais ce Samedi, ils ont \u00e9t\u00e9 contraints au nul. Devant au tableau d\u2019affichage gr\u00e2ce \u00e0 des buts de Leon Goretzka (32e) et de Leroy San\u00e9 (53e), les joueurs de Julian Nagelsmann se sont pourtant fait rejoindre dans le dernier quart d\u2019heure du match sur des r\u00e9alisations de Youssoufa Mokoko (74e) et du Fran\u00e7ais Anthony Modeste (90e+5e). Samba SY.<\/p>\n","protected":false},"author":1,"featured_media":4022,"comment_status":"open","ping_status":"open","sticky":false,"template":"","format":"standard","meta":{"_jetpack_memberships_contains_paid_content":false,"footnotes":""},"categories":[375,1,7],"tags":[1313,1312,38],"class_list":["post-4017","post","type-post","status-publish","format-standard","has-post-thumbnail","hentry","category-actualites","category-non-classe","category-sport","tag-bayern","tag-bundesliga","tag-dortmund","entry","has-media","owp-thumbs-layout-horizontal","owp-btn-normal","owp-tabs-layout-horizontal","has-no-thumbnails","has-product-nav"],"yoast_head":"<!-- This site is optimized with the Yoast SEO plugin v25.5 - https:\/\/yoast.com\/wordpress\/plugins\/seo\/ -->\n<title>Sport : Dortmund tient en \u00e9chec Sadio et le Bayern. - LE PUBLIC<\/title>\n<meta name=\"robots\" content=\"index, follow, max-snippet:-1, max-image-preview:large, max-video-preview:-1\" \/>\n<link rel=\"canonical\" href=\"https:\/\/www.public.sn\/index.php\/2022\/10\/08\/sport-dortmund-tient-en-echec-sadio-et-le-bayern\/\" \/>\n<meta property=\"og:locale\" content=\"fr_FR\" \/>\n<meta property=\"og:type\" content=\"article\" \/>\n<meta property=\"og:title\" content=\"Sport : Dortmund tient en \u00e9chec Sadio et le Bayern. - LE PUBLIC\" \/>\n<meta property=\"og:description\" content=\"Le Bayern Munich de Sadio Man\u00e9 n&rsquo;a finalement pas pu conserver son avance de 2 buts \u00e0 1 \u00e0 la fin du temps r\u00e9glementaire dans le match qui l&rsquo;opposait au Dortmund. C\u2019est \u00e0 la derni\u00e8re seconde que le Dortmund a r\u00e9ussi \u00e0 arracher le point du match nul alors que le Bayern tenait les trois points de la victoire.Pour rappel, le Bayern est rest\u00e9e a \u00e9t\u00e9 vainqueur de 7 \u00ab klassiker \u00bb contre Dortmund mais ce Samedi, ils ont \u00e9t\u00e9 contraints au nul. Devant au tableau d\u2019affichage gr\u00e2ce \u00e0 des buts de Leon Goretzka (32e) et de Leroy San\u00e9 (53e), les joueurs de Julian Nagelsmann se sont pourtant fait rejoindre dans le dernier quart d\u2019heure du match sur des r\u00e9alisations de Youssoufa Mokoko (74e) et du Fran\u00e7ais Anthony Modeste (90e+5e). Samba SY.\" \/>\n<meta property=\"og:url\" content=\"https:\/\/www.public.sn\/index.php\/2022\/10\/08\/sport-dortmund-tient-en-echec-sadio-et-le-bayern\/\" \/>\n<meta property=\"og:site_name\" content=\"LE PUBLIC\" \/>\n<meta property=\"article:published_time\" content=\"2022-10-08T19:36:58+00:00\" \/>\n<meta property=\"article:modified_time\" content=\"2022-10-08T19:43:44+00:00\" \/>\n<meta property=\"og:image\" content=\"https:\/\/www.public.sn\/wp-content\/uploads\/2022\/10\/BAYERN.jpg\" \/>\n\t<meta property=\"og:image:width\" content=\"960\" \/>\n\t<meta property=\"og:image:height\" content=\"713\" \/>\n\t<meta property=\"og:image:type\" content=\"image\/jpeg\" \/>\n<meta name=\"author\" content=\"LA REDACTION\" \/>\n<meta name=\"twitter:card\" content=\"summary_large_image\" \/>\n<meta name=\"twitter:label1\" content=\"\u00c9crit par\" \/>\n\t<meta name=\"twitter:data1\" content=\"LA REDACTION\" \/>\n\t<meta name=\"twitter:label2\" content=\"Dur\u00e9e de lecture estim\u00e9e\" \/>\n\t<meta name=\"twitter:data2\" content=\"1 minute\" \/>\n<script type=\"application\/ld+json\" class=\"yoast-schema-graph\">{\"@context\":\"https:\/\/schema.org\",\"@graph\":[{\"@type\":\"Article\",\"@id\":\"https:\/\/www.public.sn\/index.php\/2022\/10\/08\/sport-dortmund-tient-en-echec-sadio-et-le-bayern\/#article\",\"isPartOf\":{\"@id\":\"https:\/\/www.public.sn\/index.php\/2022\/10\/08\/sport-dortmund-tient-en-echec-sadio-et-le-bayern\/\"},\"author\":{\"name\":\"LA REDACTION\",\"@id\":\"https:\/\/www.public.sn\/#\/schema\/person\/e3f4a11b037d4203902db148f9bc8d5a\"},\"headline\":\"Sport : Dortmund tient en \u00e9chec Sadio et le Bayern.\",\"datePublished\":\"2022-10-08T19:36:58+00:00\",\"dateModified\":\"2022-10-08T19:43:44+00:00\",\"mainEntityOfPage\":{\"@id\":\"https:\/\/www.public.sn\/index.php\/2022\/10\/08\/sport-dortmund-tient-en-echec-sadio-et-le-bayern\/\"},\"wordCount\":143,\"commentCount\":0,\"publisher\":{\"@id\":\"https:\/\/www.public.sn\/#organization\"},\"image\":{\"@id\":\"https:\/\/www.public.sn\/index.php\/2022\/10\/08\/sport-dortmund-tient-en-echec-sadio-et-le-bayern\/#primaryimage\"},\"thumbnailUrl\":\"https:\/\/www.public.sn\/wp-content\/uploads\/2022\/10\/BAYERN.jpg\",\"keywords\":[\"bayern\",\"bundesliga\",\"Dortmund\"],\"articleSection\":[\"ACTUALIT\u00c9S\",\"S\u00c9N\u00c9GAL\",\"SPORTS\"],\"inLanguage\":\"fr-FR\",\"potentialAction\":[{\"@type\":\"CommentAction\",\"name\":\"Comment\",\"target\":[\"https:\/\/www.public.sn\/index.php\/2022\/10\/08\/sport-dortmund-tient-en-echec-sadio-et-le-bayern\/#respond\"]}]},{\"@type\":\"WebPage\",\"@id\":\"https:\/\/www.public.sn\/index.php\/2022\/10\/08\/sport-dortmund-tient-en-echec-sadio-et-le-bayern\/\",\"url\":\"https:\/\/www.public.sn\/index.php\/2022\/10\/08\/sport-dortmund-tient-en-echec-sadio-et-le-bayern\/\",\"name\":\"Sport : Dortmund tient en \u00e9chec Sadio et le Bayern. - LE PUBLIC\",\"isPartOf\":{\"@id\":\"https:\/\/www.public.sn\/#website\"},\"primaryImageOfPage\":{\"@id\":\"https:\/\/www.public.sn\/index.php\/2022\/10\/08\/sport-dortmund-tient-en-echec-sadio-et-le-bayern\/#primaryimage\"},\"image\":{\"@id\":\"https:\/\/www.public.sn\/index.php\/2022\/10\/08\/sport-dortmund-tient-en-echec-sadio-et-le-bayern\/#primaryimage\"},\"thumbnailUrl\":\"https:\/\/www.public.sn\/wp-content\/uploads\/2022\/10\/BAYERN.jpg\",\"datePublished\":\"2022-10-08T19:36:58+00:00\",\"dateModified\":\"2022-10-08T19:43:44+00:00\",\"breadcrumb\":{\"@id\":\"https:\/\/www.public.sn\/index.php\/2022\/10\/08\/sport-dortmund-tient-en-echec-sadio-et-le-bayern\/#breadcrumb\"},\"inLanguage\":\"fr-FR\",\"potentialAction\":[{\"@type\":\"ReadAction\",\"target\":[\"https:\/\/www.public.sn\/index.php\/2022\/10\/08\/sport-dortmund-tient-en-echec-sadio-et-le-bayern\/\"]}]},{\"@type\":\"ImageObject\",\"inLanguage\":\"fr-FR\",\"@id\":\"https:\/\/www.public.sn\/index.php\/2022\/10\/08\/sport-dortmund-tient-en-echec-sadio-et-le-bayern\/#primaryimage\",\"url\":\"https:\/\/www.public.sn\/wp-content\/uploads\/2022\/10\/BAYERN.jpg\",\"contentUrl\":\"https:\/\/www.public.sn\/wp-content\/uploads\/2022\/10\/BAYERN.jpg\",\"width\":960,\"height\":713,\"caption\":\"publicsn\"},{\"@type\":\"BreadcrumbList\",\"@id\":\"https:\/\/www.public.sn\/index.php\/2022\/10\/08\/sport-dortmund-tient-en-echec-sadio-et-le-bayern\/#breadcrumb\",\"itemListElement\":[{\"@type\":\"ListItem\",\"position\":1,\"name\":\"Accueil\",\"item\":\"https:\/\/www.public.sn\/\"},{\"@type\":\"ListItem\",\"position\":2,\"name\":\"Sport : Dortmund tient en \u00e9chec Sadio et le Bayern.\"}]},{\"@type\":\"WebSite\",\"@id\":\"https:\/\/www.public.sn\/#website\",\"url\":\"https:\/\/www.public.sn\/\",\"name\":\"LE PUBLIC\",\"description\":\"\",\"publisher\":{\"@id\":\"https:\/\/www.public.sn\/#organization\"},\"potentialAction\":[{\"@type\":\"SearchAction\",\"target\":{\"@type\":\"EntryPoint\",\"urlTemplate\":\"https:\/\/www.public.sn\/?s={search_term_string}\"},\"query-input\":{\"@type\":\"PropertyValueSpecification\",\"valueRequired\":true,\"valueName\":\"search_term_string\"}}],\"inLanguage\":\"fr-FR\"},{\"@type\":\"Organization\",\"@id\":\"https:\/\/www.public.sn\/#organization\",\"name\":\"LE PUBLIC\",\"url\":\"https:\/\/www.public.sn\/\",\"logo\":{\"@type\":\"ImageObject\",\"inLanguage\":\"fr-FR\",\"@id\":\"https:\/\/www.public.sn\/#\/schema\/logo\/image\/\",\"url\":\"https:\/\/www.public.sn\/wp-content\/uploads\/2024\/05\/cropped-LOGO-PUBLIC.SN_.png\",\"contentUrl\":\"https:\/\/www.public.sn\/wp-content\/uploads\/2024\/05\/cropped-LOGO-PUBLIC.SN_.png\",\"width\":682,\"height\":192,\"caption\":\"LE PUBLIC\"},\"image\":{\"@id\":\"https:\/\/www.public.sn\/#\/schema\/logo\/image\/\"}},{\"@type\":\"Person\",\"@id\":\"https:\/\/www.public.sn\/#\/schema\/person\/e3f4a11b037d4203902db148f9bc8d5a\",\"name\":\"LA REDACTION\",\"image\":{\"@type\":\"ImageObject\",\"inLanguage\":\"fr-FR\",\"@id\":\"https:\/\/www.public.sn\/#\/schema\/person\/image\/\",\"url\":\"https:\/\/secure.gravatar.com\/avatar\/d6c030db45db2883c075085c5d6c6258654a801a93766b49af0b82d4f454e2a5?s=96&d=mm&r=g\",\"contentUrl\":\"https:\/\/secure.gravatar.com\/avatar\/d6c030db45db2883c075085c5d6c6258654a801a93766b49af0b82d4f454e2a5?s=96&d=mm&r=g\",\"caption\":\"LA REDACTION\"},\"sameAs\":[\"http:\/\/www.public.sn\"],\"url\":\"https:\/\/www.public.sn\/index.php\/author\/admin7324\/\"}]}<\/script>\n<!-- \/ Yoast SEO plugin. -->","yoast_head_json":{"title":"Sport : Dortmund tient en \u00e9chec Sadio et le Bayern. - LE PUBLIC","robots":{"index":"index","follow":"follow","max-snippet":"max-snippet:-1","max-image-preview":"max-image-preview:large","max-video-preview":"max-video-preview:-1"},"canonical":"https:\/\/www.public.sn\/index.php\/2022\/10\/08\/sport-dortmund-tient-en-echec-sadio-et-le-bayern\/","og_locale":"fr_FR","og_type":"article","og_title":"Sport : Dortmund tient en \u00e9chec Sadio et le Bayern. - LE PUBLIC","og_description":"Le Bayern Munich de Sadio Man\u00e9 n&rsquo;a finalement pas pu conserver son avance de 2 buts \u00e0 1 \u00e0 la fin du temps r\u00e9glementaire dans le match qui l&rsquo;opposait au Dortmund. C\u2019est \u00e0 la derni\u00e8re seconde que le Dortmund a r\u00e9ussi \u00e0 arracher le point du match nul alors que le Bayern tenait les trois points de la victoire.Pour rappel, le Bayern est rest\u00e9e a \u00e9t\u00e9 vainqueur de 7 \u00ab klassiker \u00bb contre Dortmund mais ce Samedi, ils ont \u00e9t\u00e9 contraints au nul. Devant au tableau d\u2019affichage gr\u00e2ce \u00e0 des buts de Leon Goretzka (32e) et de Leroy San\u00e9 (53e), les joueurs de Julian Nagelsmann se sont pourtant fait rejoindre dans le dernier quart d\u2019heure du match sur des r\u00e9alisations de Youssoufa Mokoko (74e) et du Fran\u00e7ais Anthony Modeste (90e+5e). Samba SY.","og_url":"https:\/\/www.public.sn\/index.php\/2022\/10\/08\/sport-dortmund-tient-en-echec-sadio-et-le-bayern\/","og_site_name":"LE PUBLIC","article_published_time":"2022-10-08T19:36:58+00:00","article_modified_time":"2022-10-08T19:43:44+00:00","og_image":[{"width":960,"height":713,"url":"https:\/\/www.public.sn\/wp-content\/uploads\/2022\/10\/BAYERN.jpg","type":"image\/jpeg"}],"author":"LA REDACTION","twitter_card":"summary_large_image","twitter_misc":{"\u00c9crit par":"LA REDACTION","Dur\u00e9e de lecture estim\u00e9e":"1 minute"},"schema":{"@context":"https:\/\/schema.org","@graph":[{"@type":"Article","@id":"https:\/\/www.public.sn\/index.php\/2022\/10\/08\/sport-dortmund-tient-en-echec-sadio-et-le-bayern\/#article","isPartOf":{"@id":"https:\/\/www.public.sn\/index.php\/2022\/10\/08\/sport-dortmund-tient-en-echec-sadio-et-le-bayern\/"},"author":{"name":"LA REDACTION","@id":"https:\/\/www.public.sn\/#\/schema\/person\/e3f4a11b037d4203902db148f9bc8d5a"},"headline":"Sport : Dortmund tient en \u00e9chec Sadio et le Bayern.","datePublished":"2022-10-08T19:36:58+00:00","dateModified":"2022-10-08T19:43:44+00:00","mainEntityOfPage":{"@id":"https:\/\/www.public.sn\/index.php\/2022\/10\/08\/sport-dortmund-tient-en-echec-sadio-et-le-bayern\/"},"wordCount":143,"commentCount":0,"publisher":{"@id":"https:\/\/www.public.sn\/#organization"},"image":{"@id":"https:\/\/www.public.sn\/index.php\/2022\/10\/08\/sport-dortmund-tient-en-echec-sadio-et-le-bayern\/#primaryimage"},"thumbnailUrl":"https:\/\/www.public.sn\/wp-content\/uploads\/2022\/10\/BAYERN.jpg","keywords":["bayern","bundesliga","Dortmund"],"articleSection":["ACTUALIT\u00c9S","S\u00c9N\u00c9GAL","SPORTS"],"inLanguage":"fr-FR","potentialAction":[{"@type":"CommentAction","name":"Comment","target":["https:\/\/www.public.sn\/index.php\/2022\/10\/08\/sport-dortmund-tient-en-echec-sadio-et-le-bayern\/#respond"]}]},{"@type":"WebPage","@id":"https:\/\/www.public.sn\/index.php\/2022\/10\/08\/sport-dortmund-tient-en-echec-sadio-et-le-bayern\/","url":"https:\/\/www.public.sn\/index.php\/2022\/10\/08\/sport-dortmund-tient-en-echec-sadio-et-le-bayern\/","name":"Sport : Dortmund tient en \u00e9chec Sadio et le Bayern. - LE PUBLIC","isPartOf":{"@id":"https:\/\/www.public.sn\/#website"},"primaryImageOfPage":{"@id":"https:\/\/www.public.sn\/index.php\/2022\/10\/08\/sport-dortmund-tient-en-echec-sadio-et-le-bayern\/#primaryimage"},"image":{"@id":"https:\/\/www.public.sn\/index.php\/2022\/10\/08\/sport-dortmund-tient-en-echec-sadio-et-le-bayern\/#primaryimage"},"thumbnailUrl":"https:\/\/www.public.sn\/wp-content\/uploads\/2022\/10\/BAYERN.jpg","datePublished":"2022-10-08T19:36:58+00:00","dateModified":"2022-10-08T19:43:44+00:00","breadcrumb":{"@id":"https:\/\/www.public.sn\/index.php\/2022\/10\/08\/sport-dortmund-tient-en-echec-sadio-et-le-bayern\/#breadcrumb"},"inLanguage":"fr-FR","potentialAction":[{"@type":"ReadAction","target":["https:\/\/www.public.sn\/index.php\/2022\/10\/08\/sport-dortmund-tient-en-echec-sadio-et-le-bayern\/"]}]},{"@type":"ImageObject","inLanguage":"fr-FR","@id":"https:\/\/www.public.sn\/index.php\/2022\/10\/08\/sport-dortmund-tient-en-echec-sadio-et-le-bayern\/#primaryimage","url":"https:\/\/www.public.sn\/wp-content\/uploads\/2022\/10\/BAYERN.jpg","contentUrl":"https:\/\/www.public.sn\/wp-content\/uploads\/2022\/10\/BAYERN.jpg","width":960,"height":713,"caption":"publicsn"},{"@type":"BreadcrumbList","@id":"https:\/\/www.public.sn\/index.php\/2022\/10\/08\/sport-dortmund-tient-en-echec-sadio-et-le-bayern\/#breadcrumb","itemListElement":[{"@type":"ListItem","position":1,"name":"Accueil","item":"https:\/\/www.public.sn\/"},{"@type":"ListItem","position":2,"name":"Sport : Dortmund tient en \u00e9chec Sadio et le Bayern."}]},{"@type":"WebSite","@id":"https:\/\/www.public.sn\/#website","url":"https:\/\/www.public.sn\/","name":"LE PUBLIC","description":"","publisher":{"@id":"https:\/\/www.public.sn\/#organization"},"potentialAction":[{"@type":"SearchAction","target":{"@type":"EntryPoint","urlTemplate":"https:\/\/www.public.sn\/?s={search_term_string}"},"query-input":{"@type":"PropertyValueSpecification","valueRequired":true,"valueName":"search_term_string"}}],"inLanguage":"fr-FR"},{"@type":"Organization","@id":"https:\/\/www.public.sn\/#organization","name":"LE PUBLIC","url":"https:\/\/www.public.sn\/","logo":{"@type":"ImageObject","inLanguage":"fr-FR","@id":"https:\/\/www.public.sn\/#\/schema\/logo\/image\/","url":"https:\/\/www.public.sn\/wp-content\/uploads\/2024\/05\/cropped-LOGO-PUBLIC.SN_.png","contentUrl":"https:\/\/www.public.sn\/wp-content\/uploads\/2024\/05\/cropped-LOGO-PUBLIC.SN_.png","width":682,"height":192,"caption":"LE PUBLIC"},"image":{"@id":"https:\/\/www.public.sn\/#\/schema\/logo\/image\/"}},{"@type":"Person","@id":"https:\/\/www.public.sn\/#\/schema\/person\/e3f4a11b037d4203902db148f9bc8d5a","name":"LA REDACTION","image":{"@type":"ImageObject","inLanguage":"fr-FR","@id":"https:\/\/www.public.sn\/#\/schema\/person\/image\/","url":"https:\/\/secure.gravatar.com\/avatar\/d6c030db45db2883c075085c5d6c6258654a801a93766b49af0b82d4f454e2a5?s=96&d=mm&r=g","contentUrl":"https:\/\/secure.gravatar.com\/avatar\/d6c030db45db2883c075085c5d6c6258654a801a93766b49af0b82d4f454e2a5?s=96&d=mm&r=g","caption":"LA REDACTION"},"sameAs":["http:\/\/www.public.sn"],"url":"https:\/\/www.public.sn\/index.php\/author\/admin7324\/"}]}},"jetpack_featured_media_url":"https:\/\/www.public.sn\/wp-content\/uploads\/2022\/10\/BAYERN.jpg","jetpack_sharing_enabled":true,"_links":{"self":[{"href":"https:\/\/www.public.sn\/index.php\/wp-json\/wp\/v2\/posts\/4017","targetHints":{"allow":["GET"]}}],"collection":[{"href":"https:\/\/www.public.sn\/index.php\/wp-json\/wp\/v2\/posts"}],"about":[{"href":"https:\/\/www.public.sn\/index.php\/wp-json\/wp\/v2\/types\/post"}],"author":[{"embeddable":true,"href":"https:\/\/www.public.sn\/index.php\/wp-json\/wp\/v2\/users\/1"}],"replies":[{"embeddable":true,"href":"https:\/\/www.public.sn\/index.php\/wp-json\/wp\/v2\/comments?post=4017"}],"version-history":[{"count":3,"href":"https:\/\/www.public.sn\/index.php\/wp-json\/wp\/v2\/posts\/4017\/revisions"}],"predecessor-version":[{"id":4024,"href":"https:\/\/www.public.sn\/index.php\/wp-json\/wp\/v2\/posts\/4017\/revisions\/4024"}],"wp:featuredmedia":[{"embeddable":true,"href":"https:\/\/www.public.sn\/index.php\/wp-json\/wp\/v2\/media\/4022"}],"wp:attachment":[{"href":"https:\/\/www.public.sn\/index.php\/wp-json\/wp\/v2\/media?parent=4017"}],"wp:term":[{"taxonomy":"category","embeddable":true,"href":"https:\/\/www.public.sn\/index.php\/wp-json\/wp\/v2\/categories?post=4017"},{"taxonomy":"post_tag","embeddable":true,"href":"https:\/\/www.public.sn\/index.php\/wp-json\/wp\/v2\/tags?post=4017"}],"curies":[{"name":"wp","href":"https:\/\/api.w.org\/{rel}","templated":true}]}}