{"id":4021,"date":"2022-10-09T09:48:37","date_gmt":"2022-10-09T09:48:37","guid":{"rendered":"https:\/\/www.public.sn\/?p=4021"},"modified":"2022-10-09T09:50:28","modified_gmt":"2022-10-09T09:50:28","slug":"necrologie-deces-de-serigne-fallou-mbacke-dioumada","status":"publish","type":"post","link":"https:\/\/www.public.sn\/index.php\/2022\/10\/09\/necrologie-deces-de-serigne-fallou-mbacke-dioumada\/","title":{"rendered":"N\u00e9crologie : D\u00e9c\u00e9s de Serigne Fallou Mback\u00e9 Dioumada."},"content":{"rendered":"\n<p><br>Touba s\u2019est r\u00e9veill\u00e9 dans la tristesse avec le rappel \u00e0 Dieu de Serigne Fallou Mback\u00e9 Dioumada. C\u00e9l\u00e8bre pr\u00eacheur, Il \u00e9tait connu pour sa franchise dans ses prises de paroles. Il n\u2019h\u00e9sitait jamais \u00e0 dire ses quatres v\u00e9rit\u00e9s autant aux marabouts, politiciens mais aussi aux journalistes.<\/p><div class=\"publi-paragraphe1\" style=\"margin-top: 10px;margin-bottom: 10px;margin-left: auto;margin-right: auto;text-align: center;\" id=\"publi-2902560462\"><div class=\"publi-adlabel\">Publicit\u00e9<\/div><script async src=\"\/\/pagead2.googlesyndication.com\/pagead\/js\/adsbygoogle.js?client=ca-pub-4089586018074219\" crossorigin=\"anonymous\"><\/script><ins class=\"adsbygoogle\" style=\"display:block;\" data-ad-client=\"ca-pub-4089586018074219\" \ndata-ad-slot=\"2087940154\" \ndata-ad-format=\"auto\"><\/ins>\n<script> \n(adsbygoogle = window.adsbygoogle || []).push({}); \n<\/script>\n<\/div>\n\n\n\n<p><br>Publis.sn pr\u00e9sente ses sincres condoleances \u00e0 la communaut\u00e9 mouride mais aussi \u00e0 sa famille \u00e9plor\u00e9e.<br><\/p>\n\n\n\n<p>Samba SY.<br><\/p>\n<div class=\"publi-apres-le-contenu\" style=\"margin-top: 10px;margin-bottom: 10px;margin-left: auto;margin-right: auto;text-align: center;\" id=\"publi-3213301838\"><div class=\"publi-adlabel\">Publicit\u00e9<\/div><script async src=\"\/\/pagead2.googlesyndication.com\/pagead\/js\/adsbygoogle.js?client=ca-pub-4089586018074219\" crossorigin=\"anonymous\"><\/script><ins class=\"adsbygoogle\" style=\"display:block;\" data-ad-client=\"ca-pub-4089586018074219\" \ndata-ad-slot=\"2087940154\" \ndata-ad-format=\"auto\"><\/ins>\n<script> \n(adsbygoogle = window.adsbygoogle || []).push({}); \n<\/script>\n<\/div>","protected":false},"excerpt":{"rendered":"<p>Touba s\u2019est r\u00e9veill\u00e9 dans la tristesse avec le rappel \u00e0 Dieu de Serigne Fallou Mback\u00e9 Dioumada. C\u00e9l\u00e8bre pr\u00eacheur, Il \u00e9tait connu pour sa franchise dans ses prises de paroles. Il n\u2019h\u00e9sitait jamais \u00e0 dire ses quatres v\u00e9rit\u00e9s autant aux marabouts, politiciens mais aussi aux journalistes. Publis.sn pr\u00e9sente ses sincres condoleances \u00e0 la communaut\u00e9 mouride mais aussi \u00e0 sa famille \u00e9plor\u00e9e. Samba SY.<\/p>\n","protected":false},"author":1,"featured_media":4027,"comment_status":"open","ping_status":"open","sticky":false,"template":"","format":"standard","meta":{"_jetpack_memberships_contains_paid_content":false,"footnotes":""},"categories":[375,371,1],"tags":[1314,1315,69],"class_list":["post-4021","post","type-post","status-publish","format-standard","has-post-thumbnail","hentry","category-actualites","category-necrologie","category-non-classe","tag-necrologie-2","tag-serigne-fallou-mbacke-dioumada","tag-touba","entry","has-media","owp-thumbs-layout-horizontal","owp-btn-normal","owp-tabs-layout-horizontal","has-no-thumbnails","has-product-nav"],"yoast_head":"<!-- This site is optimized with the Yoast SEO plugin v25.5 - https:\/\/yoast.com\/wordpress\/plugins\/seo\/ -->\n<title>N\u00e9crologie : D\u00e9c\u00e9s de Serigne Fallou Mback\u00e9 Dioumada. - LE PUBLIC<\/title>\n<meta name=\"robots\" content=\"index, follow, max-snippet:-1, max-image-preview:large, max-video-preview:-1\" \/>\n<link rel=\"canonical\" href=\"https:\/\/www.public.sn\/index.php\/2022\/10\/09\/necrologie-deces-de-serigne-fallou-mbacke-dioumada\/\" \/>\n<meta property=\"og:locale\" content=\"fr_FR\" \/>\n<meta property=\"og:type\" content=\"article\" \/>\n<meta property=\"og:title\" content=\"N\u00e9crologie : D\u00e9c\u00e9s de Serigne Fallou Mback\u00e9 Dioumada. - LE PUBLIC\" \/>\n<meta property=\"og:description\" content=\"Touba s\u2019est r\u00e9veill\u00e9 dans la tristesse avec le rappel \u00e0 Dieu de Serigne Fallou Mback\u00e9 Dioumada. C\u00e9l\u00e8bre pr\u00eacheur, Il \u00e9tait connu pour sa franchise dans ses prises de paroles. Il n\u2019h\u00e9sitait jamais \u00e0 dire ses quatres v\u00e9rit\u00e9s autant aux marabouts, politiciens mais aussi aux journalistes. Publis.sn pr\u00e9sente ses sincres condoleances \u00e0 la communaut\u00e9 mouride mais aussi \u00e0 sa famille \u00e9plor\u00e9e. Samba SY.\" \/>\n<meta property=\"og:url\" content=\"https:\/\/www.public.sn\/index.php\/2022\/10\/09\/necrologie-deces-de-serigne-fallou-mbacke-dioumada\/\" \/>\n<meta property=\"og:site_name\" content=\"LE PUBLIC\" \/>\n<meta property=\"article:published_time\" content=\"2022-10-09T09:48:37+00:00\" \/>\n<meta property=\"article:modified_time\" content=\"2022-10-09T09:50:28+00:00\" \/>\n<meta property=\"og:image\" content=\"https:\/\/www.public.sn\/wp-content\/uploads\/2022\/10\/serigne-fallou.jpg\" \/>\n\t<meta property=\"og:image:width\" content=\"1280\" \/>\n\t<meta property=\"og:image:height\" content=\"720\" \/>\n\t<meta property=\"og:image:type\" content=\"image\/jpeg\" \/>\n<meta name=\"author\" content=\"LA REDACTION\" \/>\n<meta name=\"twitter:card\" content=\"summary_large_image\" \/>\n<meta name=\"twitter:label1\" content=\"\u00c9crit par\" \/>\n\t<meta name=\"twitter:data1\" content=\"LA REDACTION\" \/>\n\t<meta name=\"twitter:label2\" content=\"Dur\u00e9e de lecture estim\u00e9e\" \/>\n\t<meta name=\"twitter:data2\" content=\"1 minute\" \/>\n<script type=\"application\/ld+json\" class=\"yoast-schema-graph\">{\"@context\":\"https:\/\/schema.org\",\"@graph\":[{\"@type\":\"Article\",\"@id\":\"https:\/\/www.public.sn\/index.php\/2022\/10\/09\/necrologie-deces-de-serigne-fallou-mbacke-dioumada\/#article\",\"isPartOf\":{\"@id\":\"https:\/\/www.public.sn\/index.php\/2022\/10\/09\/necrologie-deces-de-serigne-fallou-mbacke-dioumada\/\"},\"author\":{\"name\":\"LA REDACTION\",\"@id\":\"https:\/\/www.public.sn\/#\/schema\/person\/e3f4a11b037d4203902db148f9bc8d5a\"},\"headline\":\"N\u00e9crologie : D\u00e9c\u00e9s de Serigne Fallou Mback\u00e9 Dioumada.\",\"datePublished\":\"2022-10-09T09:48:37+00:00\",\"dateModified\":\"2022-10-09T09:50:28+00:00\",\"mainEntityOfPage\":{\"@id\":\"https:\/\/www.public.sn\/index.php\/2022\/10\/09\/necrologie-deces-de-serigne-fallou-mbacke-dioumada\/\"},\"wordCount\":80,\"commentCount\":0,\"publisher\":{\"@id\":\"https:\/\/www.public.sn\/#organization\"},\"image\":{\"@id\":\"https:\/\/www.public.sn\/index.php\/2022\/10\/09\/necrologie-deces-de-serigne-fallou-mbacke-dioumada\/#primaryimage\"},\"thumbnailUrl\":\"https:\/\/www.public.sn\/wp-content\/uploads\/2022\/10\/serigne-fallou.jpg\",\"keywords\":[\"necrologie\",\"serigne fallou mbacke dioumada\",\"Touba\"],\"articleSection\":[\"ACTUALIT\u00c9S\",\"N\u00c9CROLOGIE\",\"S\u00c9N\u00c9GAL\"],\"inLanguage\":\"fr-FR\",\"potentialAction\":[{\"@type\":\"CommentAction\",\"name\":\"Comment\",\"target\":[\"https:\/\/www.public.sn\/index.php\/2022\/10\/09\/necrologie-deces-de-serigne-fallou-mbacke-dioumada\/#respond\"]}]},{\"@type\":\"WebPage\",\"@id\":\"https:\/\/www.public.sn\/index.php\/2022\/10\/09\/necrologie-deces-de-serigne-fallou-mbacke-dioumada\/\",\"url\":\"https:\/\/www.public.sn\/index.php\/2022\/10\/09\/necrologie-deces-de-serigne-fallou-mbacke-dioumada\/\",\"name\":\"N\u00e9crologie : D\u00e9c\u00e9s de Serigne Fallou Mback\u00e9 Dioumada. - LE PUBLIC\",\"isPartOf\":{\"@id\":\"https:\/\/www.public.sn\/#website\"},\"primaryImageOfPage\":{\"@id\":\"https:\/\/www.public.sn\/index.php\/2022\/10\/09\/necrologie-deces-de-serigne-fallou-mbacke-dioumada\/#primaryimage\"},\"image\":{\"@id\":\"https:\/\/www.public.sn\/index.php\/2022\/10\/09\/necrologie-deces-de-serigne-fallou-mbacke-dioumada\/#primaryimage\"},\"thumbnailUrl\":\"https:\/\/www.public.sn\/wp-content\/uploads\/2022\/10\/serigne-fallou.jpg\",\"datePublished\":\"2022-10-09T09:48:37+00:00\",\"dateModified\":\"2022-10-09T09:50:28+00:00\",\"breadcrumb\":{\"@id\":\"https:\/\/www.public.sn\/index.php\/2022\/10\/09\/necrologie-deces-de-serigne-fallou-mbacke-dioumada\/#breadcrumb\"},\"inLanguage\":\"fr-FR\",\"potentialAction\":[{\"@type\":\"ReadAction\",\"target\":[\"https:\/\/www.public.sn\/index.php\/2022\/10\/09\/necrologie-deces-de-serigne-fallou-mbacke-dioumada\/\"]}]},{\"@type\":\"ImageObject\",\"inLanguage\":\"fr-FR\",\"@id\":\"https:\/\/www.public.sn\/index.php\/2022\/10\/09\/necrologie-deces-de-serigne-fallou-mbacke-dioumada\/#primaryimage\",\"url\":\"https:\/\/www.public.sn\/wp-content\/uploads\/2022\/10\/serigne-fallou.jpg\",\"contentUrl\":\"https:\/\/www.public.sn\/wp-content\/uploads\/2022\/10\/serigne-fallou.jpg\",\"width\":1280,\"height\":720,\"caption\":\"publicsn\"},{\"@type\":\"BreadcrumbList\",\"@id\":\"https:\/\/www.public.sn\/index.php\/2022\/10\/09\/necrologie-deces-de-serigne-fallou-mbacke-dioumada\/#breadcrumb\",\"itemListElement\":[{\"@type\":\"ListItem\",\"position\":1,\"name\":\"Accueil\",\"item\":\"https:\/\/www.public.sn\/\"},{\"@type\":\"ListItem\",\"position\":2,\"name\":\"N\u00e9crologie : D\u00e9c\u00e9s de Serigne Fallou Mback\u00e9 Dioumada.\"}]},{\"@type\":\"WebSite\",\"@id\":\"https:\/\/www.public.sn\/#website\",\"url\":\"https:\/\/www.public.sn\/\",\"name\":\"LE PUBLIC\",\"description\":\"\",\"publisher\":{\"@id\":\"https:\/\/www.public.sn\/#organization\"},\"potentialAction\":[{\"@type\":\"SearchAction\",\"target\":{\"@type\":\"EntryPoint\",\"urlTemplate\":\"https:\/\/www.public.sn\/?s={search_term_string}\"},\"query-input\":{\"@type\":\"PropertyValueSpecification\",\"valueRequired\":true,\"valueName\":\"search_term_string\"}}],\"inLanguage\":\"fr-FR\"},{\"@type\":\"Organization\",\"@id\":\"https:\/\/www.public.sn\/#organization\",\"name\":\"LE PUBLIC\",\"url\":\"https:\/\/www.public.sn\/\",\"logo\":{\"@type\":\"ImageObject\",\"inLanguage\":\"fr-FR\",\"@id\":\"https:\/\/www.public.sn\/#\/schema\/logo\/image\/\",\"url\":\"https:\/\/www.public.sn\/wp-content\/uploads\/2024\/05\/cropped-LOGO-PUBLIC.SN_.png\",\"contentUrl\":\"https:\/\/www.public.sn\/wp-content\/uploads\/2024\/05\/cropped-LOGO-PUBLIC.SN_.png\",\"width\":682,\"height\":192,\"caption\":\"LE PUBLIC\"},\"image\":{\"@id\":\"https:\/\/www.public.sn\/#\/schema\/logo\/image\/\"}},{\"@type\":\"Person\",\"@id\":\"https:\/\/www.public.sn\/#\/schema\/person\/e3f4a11b037d4203902db148f9bc8d5a\",\"name\":\"LA REDACTION\",\"image\":{\"@type\":\"ImageObject\",\"inLanguage\":\"fr-FR\",\"@id\":\"https:\/\/www.public.sn\/#\/schema\/person\/image\/\",\"url\":\"https:\/\/secure.gravatar.com\/avatar\/d6c030db45db2883c075085c5d6c6258654a801a93766b49af0b82d4f454e2a5?s=96&d=mm&r=g\",\"contentUrl\":\"https:\/\/secure.gravatar.com\/avatar\/d6c030db45db2883c075085c5d6c6258654a801a93766b49af0b82d4f454e2a5?s=96&d=mm&r=g\",\"caption\":\"LA REDACTION\"},\"sameAs\":[\"http:\/\/www.public.sn\"],\"url\":\"https:\/\/www.public.sn\/index.php\/author\/admin7324\/\"}]}<\/script>\n<!-- \/ Yoast SEO plugin. -->","yoast_head_json":{"title":"N\u00e9crologie : D\u00e9c\u00e9s de Serigne Fallou Mback\u00e9 Dioumada. - LE PUBLIC","robots":{"index":"index","follow":"follow","max-snippet":"max-snippet:-1","max-image-preview":"max-image-preview:large","max-video-preview":"max-video-preview:-1"},"canonical":"https:\/\/www.public.sn\/index.php\/2022\/10\/09\/necrologie-deces-de-serigne-fallou-mbacke-dioumada\/","og_locale":"fr_FR","og_type":"article","og_title":"N\u00e9crologie : D\u00e9c\u00e9s de Serigne Fallou Mback\u00e9 Dioumada. - LE PUBLIC","og_description":"Touba s\u2019est r\u00e9veill\u00e9 dans la tristesse avec le rappel \u00e0 Dieu de Serigne Fallou Mback\u00e9 Dioumada. C\u00e9l\u00e8bre pr\u00eacheur, Il \u00e9tait connu pour sa franchise dans ses prises de paroles. Il n\u2019h\u00e9sitait jamais \u00e0 dire ses quatres v\u00e9rit\u00e9s autant aux marabouts, politiciens mais aussi aux journalistes. Publis.sn pr\u00e9sente ses sincres condoleances \u00e0 la communaut\u00e9 mouride mais aussi \u00e0 sa famille \u00e9plor\u00e9e. Samba SY.","og_url":"https:\/\/www.public.sn\/index.php\/2022\/10\/09\/necrologie-deces-de-serigne-fallou-mbacke-dioumada\/","og_site_name":"LE PUBLIC","article_published_time":"2022-10-09T09:48:37+00:00","article_modified_time":"2022-10-09T09:50:28+00:00","og_image":[{"width":1280,"height":720,"url":"https:\/\/www.public.sn\/wp-content\/uploads\/2022\/10\/serigne-fallou.jpg","type":"image\/jpeg"}],"author":"LA REDACTION","twitter_card":"summary_large_image","twitter_misc":{"\u00c9crit par":"LA REDACTION","Dur\u00e9e de lecture estim\u00e9e":"1 minute"},"schema":{"@context":"https:\/\/schema.org","@graph":[{"@type":"Article","@id":"https:\/\/www.public.sn\/index.php\/2022\/10\/09\/necrologie-deces-de-serigne-fallou-mbacke-dioumada\/#article","isPartOf":{"@id":"https:\/\/www.public.sn\/index.php\/2022\/10\/09\/necrologie-deces-de-serigne-fallou-mbacke-dioumada\/"},"author":{"name":"LA REDACTION","@id":"https:\/\/www.public.sn\/#\/schema\/person\/e3f4a11b037d4203902db148f9bc8d5a"},"headline":"N\u00e9crologie : D\u00e9c\u00e9s de Serigne Fallou Mback\u00e9 Dioumada.","datePublished":"2022-10-09T09:48:37+00:00","dateModified":"2022-10-09T09:50:28+00:00","mainEntityOfPage":{"@id":"https:\/\/www.public.sn\/index.php\/2022\/10\/09\/necrologie-deces-de-serigne-fallou-mbacke-dioumada\/"},"wordCount":80,"commentCount":0,"publisher":{"@id":"https:\/\/www.public.sn\/#organization"},"image":{"@id":"https:\/\/www.public.sn\/index.php\/2022\/10\/09\/necrologie-deces-de-serigne-fallou-mbacke-dioumada\/#primaryimage"},"thumbnailUrl":"https:\/\/www.public.sn\/wp-content\/uploads\/2022\/10\/serigne-fallou.jpg","keywords":["necrologie","serigne fallou mbacke dioumada","Touba"],"articleSection":["ACTUALIT\u00c9S","N\u00c9CROLOGIE","S\u00c9N\u00c9GAL"],"inLanguage":"fr-FR","potentialAction":[{"@type":"CommentAction","name":"Comment","target":["https:\/\/www.public.sn\/index.php\/2022\/10\/09\/necrologie-deces-de-serigne-fallou-mbacke-dioumada\/#respond"]}]},{"@type":"WebPage","@id":"https:\/\/www.public.sn\/index.php\/2022\/10\/09\/necrologie-deces-de-serigne-fallou-mbacke-dioumada\/","url":"https:\/\/www.public.sn\/index.php\/2022\/10\/09\/necrologie-deces-de-serigne-fallou-mbacke-dioumada\/","name":"N\u00e9crologie : D\u00e9c\u00e9s de Serigne Fallou Mback\u00e9 Dioumada. - LE PUBLIC","isPartOf":{"@id":"https:\/\/www.public.sn\/#website"},"primaryImageOfPage":{"@id":"https:\/\/www.public.sn\/index.php\/2022\/10\/09\/necrologie-deces-de-serigne-fallou-mbacke-dioumada\/#primaryimage"},"image":{"@id":"https:\/\/www.public.sn\/index.php\/2022\/10\/09\/necrologie-deces-de-serigne-fallou-mbacke-dioumada\/#primaryimage"},"thumbnailUrl":"https:\/\/www.public.sn\/wp-content\/uploads\/2022\/10\/serigne-fallou.jpg","datePublished":"2022-10-09T09:48:37+00:00","dateModified":"2022-10-09T09:50:28+00:00","breadcrumb":{"@id":"https:\/\/www.public.sn\/index.php\/2022\/10\/09\/necrologie-deces-de-serigne-fallou-mbacke-dioumada\/#breadcrumb"},"inLanguage":"fr-FR","potentialAction":[{"@type":"ReadAction","target":["https:\/\/www.public.sn\/index.php\/2022\/10\/09\/necrologie-deces-de-serigne-fallou-mbacke-dioumada\/"]}]},{"@type":"ImageObject","inLanguage":"fr-FR","@id":"https:\/\/www.public.sn\/index.php\/2022\/10\/09\/necrologie-deces-de-serigne-fallou-mbacke-dioumada\/#primaryimage","url":"https:\/\/www.public.sn\/wp-content\/uploads\/2022\/10\/serigne-fallou.jpg","contentUrl":"https:\/\/www.public.sn\/wp-content\/uploads\/2022\/10\/serigne-fallou.jpg","width":1280,"height":720,"caption":"publicsn"},{"@type":"BreadcrumbList","@id":"https:\/\/www.public.sn\/index.php\/2022\/10\/09\/necrologie-deces-de-serigne-fallou-mbacke-dioumada\/#breadcrumb","itemListElement":[{"@type":"ListItem","position":1,"name":"Accueil","item":"https:\/\/www.public.sn\/"},{"@type":"ListItem","position":2,"name":"N\u00e9crologie : D\u00e9c\u00e9s de Serigne Fallou Mback\u00e9 Dioumada."}]},{"@type":"WebSite","@id":"https:\/\/www.public.sn\/#website","url":"https:\/\/www.public.sn\/","name":"LE PUBLIC","description":"","publisher":{"@id":"https:\/\/www.public.sn\/#organization"},"potentialAction":[{"@type":"SearchAction","target":{"@type":"EntryPoint","urlTemplate":"https:\/\/www.public.sn\/?s={search_term_string}"},"query-input":{"@type":"PropertyValueSpecification","valueRequired":true,"valueName":"search_term_string"}}],"inLanguage":"fr-FR"},{"@type":"Organization","@id":"https:\/\/www.public.sn\/#organization","name":"LE PUBLIC","url":"https:\/\/www.public.sn\/","logo":{"@type":"ImageObject","inLanguage":"fr-FR","@id":"https:\/\/www.public.sn\/#\/schema\/logo\/image\/","url":"https:\/\/www.public.sn\/wp-content\/uploads\/2024\/05\/cropped-LOGO-PUBLIC.SN_.png","contentUrl":"https:\/\/www.public.sn\/wp-content\/uploads\/2024\/05\/cropped-LOGO-PUBLIC.SN_.png","width":682,"height":192,"caption":"LE PUBLIC"},"image":{"@id":"https:\/\/www.public.sn\/#\/schema\/logo\/image\/"}},{"@type":"Person","@id":"https:\/\/www.public.sn\/#\/schema\/person\/e3f4a11b037d4203902db148f9bc8d5a","name":"LA REDACTION","image":{"@type":"ImageObject","inLanguage":"fr-FR","@id":"https:\/\/www.public.sn\/#\/schema\/person\/image\/","url":"https:\/\/secure.gravatar.com\/avatar\/d6c030db45db2883c075085c5d6c6258654a801a93766b49af0b82d4f454e2a5?s=96&d=mm&r=g","contentUrl":"https:\/\/secure.gravatar.com\/avatar\/d6c030db45db2883c075085c5d6c6258654a801a93766b49af0b82d4f454e2a5?s=96&d=mm&r=g","caption":"LA REDACTION"},"sameAs":["http:\/\/www.public.sn"],"url":"https:\/\/www.public.sn\/index.php\/author\/admin7324\/"}]}},"jetpack_featured_media_url":"https:\/\/www.public.sn\/wp-content\/uploads\/2022\/10\/serigne-fallou.jpg","jetpack_sharing_enabled":true,"_links":{"self":[{"href":"https:\/\/www.public.sn\/index.php\/wp-json\/wp\/v2\/posts\/4021","targetHints":{"allow":["GET"]}}],"collection":[{"href":"https:\/\/www.public.sn\/index.php\/wp-json\/wp\/v2\/posts"}],"about":[{"href":"https:\/\/www.public.sn\/index.php\/wp-json\/wp\/v2\/types\/post"}],"author":[{"embeddable":true,"href":"https:\/\/www.public.sn\/index.php\/wp-json\/wp\/v2\/users\/1"}],"replies":[{"embeddable":true,"href":"https:\/\/www.public.sn\/index.php\/wp-json\/wp\/v2\/comments?post=4021"}],"version-history":[{"count":3,"href":"https:\/\/www.public.sn\/index.php\/wp-json\/wp\/v2\/posts\/4021\/revisions"}],"predecessor-version":[{"id":4029,"href":"https:\/\/www.public.sn\/index.php\/wp-json\/wp\/v2\/posts\/4021\/revisions\/4029"}],"wp:featuredmedia":[{"embeddable":true,"href":"https:\/\/www.public.sn\/index.php\/wp-json\/wp\/v2\/media\/4027"}],"wp:attachment":[{"href":"https:\/\/www.public.sn\/index.php\/wp-json\/wp\/v2\/media?parent=4021"}],"wp:term":[{"taxonomy":"category","embeddable":true,"href":"https:\/\/www.public.sn\/index.php\/wp-json\/wp\/v2\/categories?post=4021"},{"taxonomy":"post_tag","embeddable":true,"href":"https:\/\/www.public.sn\/index.php\/wp-json\/wp\/v2\/tags?post=4021"}],"curies":[{"name":"wp","href":"https:\/\/api.w.org\/{rel}","templated":true}]}}