{"id":4041,"date":"2022-10-09T11:18:34","date_gmt":"2022-10-09T11:18:34","guid":{"rendered":"https:\/\/www.public.sn\/?p=4041"},"modified":"2022-10-09T11:18:36","modified_gmt":"2022-10-09T11:18:36","slug":"accident-a-nebe-le-bilan-salourdit-le-chauffeur-succombe-a-ses-blessures","status":"publish","type":"post","link":"https:\/\/www.public.sn\/index.php\/2022\/10\/09\/accident-a-nebe-le-bilan-salourdit-le-chauffeur-succombe-a-ses-blessures\/","title":{"rendered":"Accident \u00e0 N\u00e9b\u00e9. Le bilan s\u2019alourdit : Le chauffeur succombe \u00e0 ses blessures."},"content":{"rendered":"\n<p><strong><br>6 morts, 3 bless\u00e9s dont un dans un \u00e9tat grave. C\u2019est le nouveau bilan suite \u00e0 l\u2019explosion survenue  mardi dernier \u00e0  l\u2019usine agro-alimentaire de N\u00e9b\u00e9, une localit\u00e9 situ\u00e9e dans  d\u00e9partement de Diourbel.<\/strong><\/p><div class=\"publi-paragraphe1\" style=\"margin-top: 10px;margin-bottom: 10px;margin-left: auto;margin-right: auto;text-align: center;\" id=\"publi-1204930582\"><div class=\"publi-adlabel\">Publicit\u00e9<\/div><script async src=\"\/\/pagead2.googlesyndication.com\/pagead\/js\/adsbygoogle.js?client=ca-pub-4089586018074219\" crossorigin=\"anonymous\"><\/script><ins class=\"adsbygoogle\" style=\"display:block;\" data-ad-client=\"ca-pub-4089586018074219\" \ndata-ad-slot=\"2087940154\" \ndata-ad-format=\"auto\"><\/ins>\n<script> \n(adsbygoogle = window.adsbygoogle || []).push({}); \n<\/script>\n<\/div>\n\n\n\n<p> Selon une source de Dakarposte, le bilan s\u2019est alourdit avec  une autre  victime du nom d\u2019Aly Diagne, un chauffeur qui a finalement succomb\u00e9 \u00e0 ses blessures. Pour rappel, la chaudi\u00e8re de l\u2019usine avait explos\u00e9e  mardi dernier causant ainsi  des pertes en vies humaines. Sp\u00e9cialis\u00e9e dans la fabrique d\u2019huile et d\u2019aliments de b\u00e9tails, l\u2019usine Star a d\u00e9marr\u00e9e ses activit\u00e9s en juin 2021.<\/p>\n\n\n\n<p><br>Maimouna Diallo.<br><\/p>\n<div class=\"publi-apres-le-contenu\" style=\"margin-top: 10px;margin-bottom: 10px;margin-left: auto;margin-right: auto;text-align: center;\" id=\"publi-1022141298\"><div class=\"publi-adlabel\">Publicit\u00e9<\/div><script async src=\"\/\/pagead2.googlesyndication.com\/pagead\/js\/adsbygoogle.js?client=ca-pub-4089586018074219\" crossorigin=\"anonymous\"><\/script><ins class=\"adsbygoogle\" style=\"display:block;\" data-ad-client=\"ca-pub-4089586018074219\" \ndata-ad-slot=\"2087940154\" \ndata-ad-format=\"auto\"><\/ins>\n<script> \n(adsbygoogle = window.adsbygoogle || []).push({}); \n<\/script>\n<\/div>","protected":false},"excerpt":{"rendered":"<p>6 morts, 3 bless\u00e9s dont un dans un \u00e9tat grave. C\u2019est le nouveau bilan suite \u00e0 l\u2019explosion survenue mardi dernier \u00e0 l\u2019usine agro-alimentaire de N\u00e9b\u00e9, une localit\u00e9 situ\u00e9e dans d\u00e9partement de Diourbel. Selon une source de Dakarposte, le bilan s\u2019est alourdit avec une autre victime du nom d\u2019Aly Diagne, un chauffeur qui a finalement succomb\u00e9 \u00e0 ses blessures. Pour rappel, la chaudi\u00e8re de l\u2019usine avait explos\u00e9e mardi dernier causant ainsi des pertes en vies humaines. Sp\u00e9cialis\u00e9e dans la fabrique d\u2019huile et d\u2019aliments de b\u00e9tails, l\u2019usine Star a d\u00e9marr\u00e9e ses activit\u00e9s en juin 2021. Maimouna Diallo.<\/p>\n","protected":false},"author":1,"featured_media":4047,"comment_status":"open","ping_status":"open","sticky":false,"template":"","format":"standard","meta":{"_jetpack_memberships_contains_paid_content":false,"footnotes":""},"categories":[375,379,1],"tags":[102,328,1321],"class_list":["post-4041","post","type-post","status-publish","format-standard","has-post-thumbnail","hentry","category-actualites","category-faits-divers","category-non-classe","tag-accident","tag-morts","tag-nebe","entry","has-media","owp-thumbs-layout-horizontal","owp-btn-normal","owp-tabs-layout-horizontal","has-no-thumbnails","has-product-nav"],"yoast_head":"<!-- This site is optimized with the Yoast SEO plugin v25.5 - https:\/\/yoast.com\/wordpress\/plugins\/seo\/ -->\n<title>Accident \u00e0 N\u00e9b\u00e9. Le bilan s\u2019alourdit : Le chauffeur succombe \u00e0 ses blessures. - LE PUBLIC<\/title>\n<meta name=\"robots\" content=\"index, follow, max-snippet:-1, max-image-preview:large, max-video-preview:-1\" \/>\n<link rel=\"canonical\" href=\"https:\/\/www.public.sn\/index.php\/2022\/10\/09\/accident-a-nebe-le-bilan-salourdit-le-chauffeur-succombe-a-ses-blessures\/\" \/>\n<meta property=\"og:locale\" content=\"fr_FR\" \/>\n<meta property=\"og:type\" content=\"article\" \/>\n<meta property=\"og:title\" content=\"Accident \u00e0 N\u00e9b\u00e9. Le bilan s\u2019alourdit : Le chauffeur succombe \u00e0 ses blessures. - LE PUBLIC\" \/>\n<meta property=\"og:description\" content=\"6 morts, 3 bless\u00e9s dont un dans un \u00e9tat grave. C\u2019est le nouveau bilan suite \u00e0 l\u2019explosion survenue mardi dernier \u00e0 l\u2019usine agro-alimentaire de N\u00e9b\u00e9, une localit\u00e9 situ\u00e9e dans d\u00e9partement de Diourbel. Selon une source de Dakarposte, le bilan s\u2019est alourdit avec une autre victime du nom d\u2019Aly Diagne, un chauffeur qui a finalement succomb\u00e9 \u00e0 ses blessures. Pour rappel, la chaudi\u00e8re de l\u2019usine avait explos\u00e9e mardi dernier causant ainsi des pertes en vies humaines. Sp\u00e9cialis\u00e9e dans la fabrique d\u2019huile et d\u2019aliments de b\u00e9tails, l\u2019usine Star a d\u00e9marr\u00e9e ses activit\u00e9s en juin 2021. Maimouna Diallo.\" \/>\n<meta property=\"og:url\" content=\"https:\/\/www.public.sn\/index.php\/2022\/10\/09\/accident-a-nebe-le-bilan-salourdit-le-chauffeur-succombe-a-ses-blessures\/\" \/>\n<meta property=\"og:site_name\" content=\"LE PUBLIC\" \/>\n<meta property=\"article:published_time\" content=\"2022-10-09T11:18:34+00:00\" \/>\n<meta property=\"article:modified_time\" content=\"2022-10-09T11:18:36+00:00\" \/>\n<meta property=\"og:image\" content=\"https:\/\/www.public.sn\/wp-content\/uploads\/2022\/10\/explosion.jpg\" \/>\n\t<meta property=\"og:image:width\" content=\"607\" \/>\n\t<meta property=\"og:image:height\" content=\"408\" \/>\n\t<meta property=\"og:image:type\" content=\"image\/jpeg\" \/>\n<meta name=\"author\" content=\"LA REDACTION\" \/>\n<meta name=\"twitter:card\" content=\"summary_large_image\" \/>\n<meta name=\"twitter:label1\" content=\"\u00c9crit par\" \/>\n\t<meta name=\"twitter:data1\" content=\"LA REDACTION\" \/>\n\t<meta name=\"twitter:label2\" content=\"Dur\u00e9e de lecture estim\u00e9e\" \/>\n\t<meta name=\"twitter:data2\" content=\"1 minute\" \/>\n<script type=\"application\/ld+json\" class=\"yoast-schema-graph\">{\"@context\":\"https:\/\/schema.org\",\"@graph\":[{\"@type\":\"Article\",\"@id\":\"https:\/\/www.public.sn\/index.php\/2022\/10\/09\/accident-a-nebe-le-bilan-salourdit-le-chauffeur-succombe-a-ses-blessures\/#article\",\"isPartOf\":{\"@id\":\"https:\/\/www.public.sn\/index.php\/2022\/10\/09\/accident-a-nebe-le-bilan-salourdit-le-chauffeur-succombe-a-ses-blessures\/\"},\"author\":{\"name\":\"LA REDACTION\",\"@id\":\"https:\/\/www.public.sn\/#\/schema\/person\/e3f4a11b037d4203902db148f9bc8d5a\"},\"headline\":\"Accident \u00e0 N\u00e9b\u00e9. Le bilan s\u2019alourdit : Le chauffeur succombe \u00e0 ses blessures.\",\"datePublished\":\"2022-10-09T11:18:34+00:00\",\"dateModified\":\"2022-10-09T11:18:36+00:00\",\"mainEntityOfPage\":{\"@id\":\"https:\/\/www.public.sn\/index.php\/2022\/10\/09\/accident-a-nebe-le-bilan-salourdit-le-chauffeur-succombe-a-ses-blessures\/\"},\"wordCount\":122,\"commentCount\":0,\"publisher\":{\"@id\":\"https:\/\/www.public.sn\/#organization\"},\"image\":{\"@id\":\"https:\/\/www.public.sn\/index.php\/2022\/10\/09\/accident-a-nebe-le-bilan-salourdit-le-chauffeur-succombe-a-ses-blessures\/#primaryimage\"},\"thumbnailUrl\":\"https:\/\/www.public.sn\/wp-content\/uploads\/2022\/10\/explosion.jpg\",\"keywords\":[\"Accident\",\"Morts\",\"n\u00e9b\u00e9\"],\"articleSection\":[\"ACTUALIT\u00c9S\",\"FAITS DIVERS\",\"S\u00c9N\u00c9GAL\"],\"inLanguage\":\"fr-FR\",\"potentialAction\":[{\"@type\":\"CommentAction\",\"name\":\"Comment\",\"target\":[\"https:\/\/www.public.sn\/index.php\/2022\/10\/09\/accident-a-nebe-le-bilan-salourdit-le-chauffeur-succombe-a-ses-blessures\/#respond\"]}]},{\"@type\":\"WebPage\",\"@id\":\"https:\/\/www.public.sn\/index.php\/2022\/10\/09\/accident-a-nebe-le-bilan-salourdit-le-chauffeur-succombe-a-ses-blessures\/\",\"url\":\"https:\/\/www.public.sn\/index.php\/2022\/10\/09\/accident-a-nebe-le-bilan-salourdit-le-chauffeur-succombe-a-ses-blessures\/\",\"name\":\"Accident \u00e0 N\u00e9b\u00e9. Le bilan s\u2019alourdit : Le chauffeur succombe \u00e0 ses blessures. - LE PUBLIC\",\"isPartOf\":{\"@id\":\"https:\/\/www.public.sn\/#website\"},\"primaryImageOfPage\":{\"@id\":\"https:\/\/www.public.sn\/index.php\/2022\/10\/09\/accident-a-nebe-le-bilan-salourdit-le-chauffeur-succombe-a-ses-blessures\/#primaryimage\"},\"image\":{\"@id\":\"https:\/\/www.public.sn\/index.php\/2022\/10\/09\/accident-a-nebe-le-bilan-salourdit-le-chauffeur-succombe-a-ses-blessures\/#primaryimage\"},\"thumbnailUrl\":\"https:\/\/www.public.sn\/wp-content\/uploads\/2022\/10\/explosion.jpg\",\"datePublished\":\"2022-10-09T11:18:34+00:00\",\"dateModified\":\"2022-10-09T11:18:36+00:00\",\"breadcrumb\":{\"@id\":\"https:\/\/www.public.sn\/index.php\/2022\/10\/09\/accident-a-nebe-le-bilan-salourdit-le-chauffeur-succombe-a-ses-blessures\/#breadcrumb\"},\"inLanguage\":\"fr-FR\",\"potentialAction\":[{\"@type\":\"ReadAction\",\"target\":[\"https:\/\/www.public.sn\/index.php\/2022\/10\/09\/accident-a-nebe-le-bilan-salourdit-le-chauffeur-succombe-a-ses-blessures\/\"]}]},{\"@type\":\"ImageObject\",\"inLanguage\":\"fr-FR\",\"@id\":\"https:\/\/www.public.sn\/index.php\/2022\/10\/09\/accident-a-nebe-le-bilan-salourdit-le-chauffeur-succombe-a-ses-blessures\/#primaryimage\",\"url\":\"https:\/\/www.public.sn\/wp-content\/uploads\/2022\/10\/explosion.jpg\",\"contentUrl\":\"https:\/\/www.public.sn\/wp-content\/uploads\/2022\/10\/explosion.jpg\",\"width\":607,\"height\":408,\"caption\":\"public.sn\"},{\"@type\":\"BreadcrumbList\",\"@id\":\"https:\/\/www.public.sn\/index.php\/2022\/10\/09\/accident-a-nebe-le-bilan-salourdit-le-chauffeur-succombe-a-ses-blessures\/#breadcrumb\",\"itemListElement\":[{\"@type\":\"ListItem\",\"position\":1,\"name\":\"Accueil\",\"item\":\"https:\/\/www.public.sn\/\"},{\"@type\":\"ListItem\",\"position\":2,\"name\":\"Accident \u00e0 N\u00e9b\u00e9. Le bilan s\u2019alourdit : Le chauffeur succombe \u00e0 ses blessures.\"}]},{\"@type\":\"WebSite\",\"@id\":\"https:\/\/www.public.sn\/#website\",\"url\":\"https:\/\/www.public.sn\/\",\"name\":\"LE PUBLIC\",\"description\":\"\",\"publisher\":{\"@id\":\"https:\/\/www.public.sn\/#organization\"},\"potentialAction\":[{\"@type\":\"SearchAction\",\"target\":{\"@type\":\"EntryPoint\",\"urlTemplate\":\"https:\/\/www.public.sn\/?s={search_term_string}\"},\"query-input\":{\"@type\":\"PropertyValueSpecification\",\"valueRequired\":true,\"valueName\":\"search_term_string\"}}],\"inLanguage\":\"fr-FR\"},{\"@type\":\"Organization\",\"@id\":\"https:\/\/www.public.sn\/#organization\",\"name\":\"LE PUBLIC\",\"url\":\"https:\/\/www.public.sn\/\",\"logo\":{\"@type\":\"ImageObject\",\"inLanguage\":\"fr-FR\",\"@id\":\"https:\/\/www.public.sn\/#\/schema\/logo\/image\/\",\"url\":\"https:\/\/www.public.sn\/wp-content\/uploads\/2024\/05\/cropped-LOGO-PUBLIC.SN_.png\",\"contentUrl\":\"https:\/\/www.public.sn\/wp-content\/uploads\/2024\/05\/cropped-LOGO-PUBLIC.SN_.png\",\"width\":682,\"height\":192,\"caption\":\"LE PUBLIC\"},\"image\":{\"@id\":\"https:\/\/www.public.sn\/#\/schema\/logo\/image\/\"}},{\"@type\":\"Person\",\"@id\":\"https:\/\/www.public.sn\/#\/schema\/person\/e3f4a11b037d4203902db148f9bc8d5a\",\"name\":\"LA REDACTION\",\"image\":{\"@type\":\"ImageObject\",\"inLanguage\":\"fr-FR\",\"@id\":\"https:\/\/www.public.sn\/#\/schema\/person\/image\/\",\"url\":\"https:\/\/secure.gravatar.com\/avatar\/d6c030db45db2883c075085c5d6c6258654a801a93766b49af0b82d4f454e2a5?s=96&d=mm&r=g\",\"contentUrl\":\"https:\/\/secure.gravatar.com\/avatar\/d6c030db45db2883c075085c5d6c6258654a801a93766b49af0b82d4f454e2a5?s=96&d=mm&r=g\",\"caption\":\"LA REDACTION\"},\"sameAs\":[\"http:\/\/www.public.sn\"],\"url\":\"https:\/\/www.public.sn\/index.php\/author\/admin7324\/\"}]}<\/script>\n<!-- \/ Yoast SEO plugin. -->","yoast_head_json":{"title":"Accident \u00e0 N\u00e9b\u00e9. Le bilan s\u2019alourdit : Le chauffeur succombe \u00e0 ses blessures. - LE PUBLIC","robots":{"index":"index","follow":"follow","max-snippet":"max-snippet:-1","max-image-preview":"max-image-preview:large","max-video-preview":"max-video-preview:-1"},"canonical":"https:\/\/www.public.sn\/index.php\/2022\/10\/09\/accident-a-nebe-le-bilan-salourdit-le-chauffeur-succombe-a-ses-blessures\/","og_locale":"fr_FR","og_type":"article","og_title":"Accident \u00e0 N\u00e9b\u00e9. Le bilan s\u2019alourdit : Le chauffeur succombe \u00e0 ses blessures. - LE PUBLIC","og_description":"6 morts, 3 bless\u00e9s dont un dans un \u00e9tat grave. C\u2019est le nouveau bilan suite \u00e0 l\u2019explosion survenue mardi dernier \u00e0 l\u2019usine agro-alimentaire de N\u00e9b\u00e9, une localit\u00e9 situ\u00e9e dans d\u00e9partement de Diourbel. Selon une source de Dakarposte, le bilan s\u2019est alourdit avec une autre victime du nom d\u2019Aly Diagne, un chauffeur qui a finalement succomb\u00e9 \u00e0 ses blessures. Pour rappel, la chaudi\u00e8re de l\u2019usine avait explos\u00e9e mardi dernier causant ainsi des pertes en vies humaines. Sp\u00e9cialis\u00e9e dans la fabrique d\u2019huile et d\u2019aliments de b\u00e9tails, l\u2019usine Star a d\u00e9marr\u00e9e ses activit\u00e9s en juin 2021. Maimouna Diallo.","og_url":"https:\/\/www.public.sn\/index.php\/2022\/10\/09\/accident-a-nebe-le-bilan-salourdit-le-chauffeur-succombe-a-ses-blessures\/","og_site_name":"LE PUBLIC","article_published_time":"2022-10-09T11:18:34+00:00","article_modified_time":"2022-10-09T11:18:36+00:00","og_image":[{"width":607,"height":408,"url":"https:\/\/www.public.sn\/wp-content\/uploads\/2022\/10\/explosion.jpg","type":"image\/jpeg"}],"author":"LA REDACTION","twitter_card":"summary_large_image","twitter_misc":{"\u00c9crit par":"LA REDACTION","Dur\u00e9e de lecture estim\u00e9e":"1 minute"},"schema":{"@context":"https:\/\/schema.org","@graph":[{"@type":"Article","@id":"https:\/\/www.public.sn\/index.php\/2022\/10\/09\/accident-a-nebe-le-bilan-salourdit-le-chauffeur-succombe-a-ses-blessures\/#article","isPartOf":{"@id":"https:\/\/www.public.sn\/index.php\/2022\/10\/09\/accident-a-nebe-le-bilan-salourdit-le-chauffeur-succombe-a-ses-blessures\/"},"author":{"name":"LA REDACTION","@id":"https:\/\/www.public.sn\/#\/schema\/person\/e3f4a11b037d4203902db148f9bc8d5a"},"headline":"Accident \u00e0 N\u00e9b\u00e9. Le bilan s\u2019alourdit : Le chauffeur succombe \u00e0 ses blessures.","datePublished":"2022-10-09T11:18:34+00:00","dateModified":"2022-10-09T11:18:36+00:00","mainEntityOfPage":{"@id":"https:\/\/www.public.sn\/index.php\/2022\/10\/09\/accident-a-nebe-le-bilan-salourdit-le-chauffeur-succombe-a-ses-blessures\/"},"wordCount":122,"commentCount":0,"publisher":{"@id":"https:\/\/www.public.sn\/#organization"},"image":{"@id":"https:\/\/www.public.sn\/index.php\/2022\/10\/09\/accident-a-nebe-le-bilan-salourdit-le-chauffeur-succombe-a-ses-blessures\/#primaryimage"},"thumbnailUrl":"https:\/\/www.public.sn\/wp-content\/uploads\/2022\/10\/explosion.jpg","keywords":["Accident","Morts","n\u00e9b\u00e9"],"articleSection":["ACTUALIT\u00c9S","FAITS DIVERS","S\u00c9N\u00c9GAL"],"inLanguage":"fr-FR","potentialAction":[{"@type":"CommentAction","name":"Comment","target":["https:\/\/www.public.sn\/index.php\/2022\/10\/09\/accident-a-nebe-le-bilan-salourdit-le-chauffeur-succombe-a-ses-blessures\/#respond"]}]},{"@type":"WebPage","@id":"https:\/\/www.public.sn\/index.php\/2022\/10\/09\/accident-a-nebe-le-bilan-salourdit-le-chauffeur-succombe-a-ses-blessures\/","url":"https:\/\/www.public.sn\/index.php\/2022\/10\/09\/accident-a-nebe-le-bilan-salourdit-le-chauffeur-succombe-a-ses-blessures\/","name":"Accident \u00e0 N\u00e9b\u00e9. Le bilan s\u2019alourdit : Le chauffeur succombe \u00e0 ses blessures. - LE PUBLIC","isPartOf":{"@id":"https:\/\/www.public.sn\/#website"},"primaryImageOfPage":{"@id":"https:\/\/www.public.sn\/index.php\/2022\/10\/09\/accident-a-nebe-le-bilan-salourdit-le-chauffeur-succombe-a-ses-blessures\/#primaryimage"},"image":{"@id":"https:\/\/www.public.sn\/index.php\/2022\/10\/09\/accident-a-nebe-le-bilan-salourdit-le-chauffeur-succombe-a-ses-blessures\/#primaryimage"},"thumbnailUrl":"https:\/\/www.public.sn\/wp-content\/uploads\/2022\/10\/explosion.jpg","datePublished":"2022-10-09T11:18:34+00:00","dateModified":"2022-10-09T11:18:36+00:00","breadcrumb":{"@id":"https:\/\/www.public.sn\/index.php\/2022\/10\/09\/accident-a-nebe-le-bilan-salourdit-le-chauffeur-succombe-a-ses-blessures\/#breadcrumb"},"inLanguage":"fr-FR","potentialAction":[{"@type":"ReadAction","target":["https:\/\/www.public.sn\/index.php\/2022\/10\/09\/accident-a-nebe-le-bilan-salourdit-le-chauffeur-succombe-a-ses-blessures\/"]}]},{"@type":"ImageObject","inLanguage":"fr-FR","@id":"https:\/\/www.public.sn\/index.php\/2022\/10\/09\/accident-a-nebe-le-bilan-salourdit-le-chauffeur-succombe-a-ses-blessures\/#primaryimage","url":"https:\/\/www.public.sn\/wp-content\/uploads\/2022\/10\/explosion.jpg","contentUrl":"https:\/\/www.public.sn\/wp-content\/uploads\/2022\/10\/explosion.jpg","width":607,"height":408,"caption":"public.sn"},{"@type":"BreadcrumbList","@id":"https:\/\/www.public.sn\/index.php\/2022\/10\/09\/accident-a-nebe-le-bilan-salourdit-le-chauffeur-succombe-a-ses-blessures\/#breadcrumb","itemListElement":[{"@type":"ListItem","position":1,"name":"Accueil","item":"https:\/\/www.public.sn\/"},{"@type":"ListItem","position":2,"name":"Accident \u00e0 N\u00e9b\u00e9. Le bilan s\u2019alourdit : Le chauffeur succombe \u00e0 ses blessures."}]},{"@type":"WebSite","@id":"https:\/\/www.public.sn\/#website","url":"https:\/\/www.public.sn\/","name":"LE PUBLIC","description":"","publisher":{"@id":"https:\/\/www.public.sn\/#organization"},"potentialAction":[{"@type":"SearchAction","target":{"@type":"EntryPoint","urlTemplate":"https:\/\/www.public.sn\/?s={search_term_string}"},"query-input":{"@type":"PropertyValueSpecification","valueRequired":true,"valueName":"search_term_string"}}],"inLanguage":"fr-FR"},{"@type":"Organization","@id":"https:\/\/www.public.sn\/#organization","name":"LE PUBLIC","url":"https:\/\/www.public.sn\/","logo":{"@type":"ImageObject","inLanguage":"fr-FR","@id":"https:\/\/www.public.sn\/#\/schema\/logo\/image\/","url":"https:\/\/www.public.sn\/wp-content\/uploads\/2024\/05\/cropped-LOGO-PUBLIC.SN_.png","contentUrl":"https:\/\/www.public.sn\/wp-content\/uploads\/2024\/05\/cropped-LOGO-PUBLIC.SN_.png","width":682,"height":192,"caption":"LE PUBLIC"},"image":{"@id":"https:\/\/www.public.sn\/#\/schema\/logo\/image\/"}},{"@type":"Person","@id":"https:\/\/www.public.sn\/#\/schema\/person\/e3f4a11b037d4203902db148f9bc8d5a","name":"LA REDACTION","image":{"@type":"ImageObject","inLanguage":"fr-FR","@id":"https:\/\/www.public.sn\/#\/schema\/person\/image\/","url":"https:\/\/secure.gravatar.com\/avatar\/d6c030db45db2883c075085c5d6c6258654a801a93766b49af0b82d4f454e2a5?s=96&d=mm&r=g","contentUrl":"https:\/\/secure.gravatar.com\/avatar\/d6c030db45db2883c075085c5d6c6258654a801a93766b49af0b82d4f454e2a5?s=96&d=mm&r=g","caption":"LA REDACTION"},"sameAs":["http:\/\/www.public.sn"],"url":"https:\/\/www.public.sn\/index.php\/author\/admin7324\/"}]}},"jetpack_featured_media_url":"https:\/\/www.public.sn\/wp-content\/uploads\/2022\/10\/explosion.jpg","jetpack_sharing_enabled":true,"_links":{"self":[{"href":"https:\/\/www.public.sn\/index.php\/wp-json\/wp\/v2\/posts\/4041","targetHints":{"allow":["GET"]}}],"collection":[{"href":"https:\/\/www.public.sn\/index.php\/wp-json\/wp\/v2\/posts"}],"about":[{"href":"https:\/\/www.public.sn\/index.php\/wp-json\/wp\/v2\/types\/post"}],"author":[{"embeddable":true,"href":"https:\/\/www.public.sn\/index.php\/wp-json\/wp\/v2\/users\/1"}],"replies":[{"embeddable":true,"href":"https:\/\/www.public.sn\/index.php\/wp-json\/wp\/v2\/comments?post=4041"}],"version-history":[{"count":2,"href":"https:\/\/www.public.sn\/index.php\/wp-json\/wp\/v2\/posts\/4041\/revisions"}],"predecessor-version":[{"id":4048,"href":"https:\/\/www.public.sn\/index.php\/wp-json\/wp\/v2\/posts\/4041\/revisions\/4048"}],"wp:featuredmedia":[{"embeddable":true,"href":"https:\/\/www.public.sn\/index.php\/wp-json\/wp\/v2\/media\/4047"}],"wp:attachment":[{"href":"https:\/\/www.public.sn\/index.php\/wp-json\/wp\/v2\/media?parent=4041"}],"wp:term":[{"taxonomy":"category","embeddable":true,"href":"https:\/\/www.public.sn\/index.php\/wp-json\/wp\/v2\/categories?post=4041"},{"taxonomy":"post_tag","embeddable":true,"href":"https:\/\/www.public.sn\/index.php\/wp-json\/wp\/v2\/tags?post=4041"}],"curies":[{"name":"wp","href":"https:\/\/api.w.org\/{rel}","templated":true}]}}