{"id":4052,"date":"2022-10-09T12:09:59","date_gmt":"2022-10-09T12:09:59","guid":{"rendered":"https:\/\/www.public.sn\/?p=4052"},"modified":"2022-10-09T12:10:13","modified_gmt":"2022-10-09T12:10:13","slug":"gamou-la-delegation-du-pds-recue-par-le-representant-du-khalife","status":"publish","type":"post","link":"https:\/\/www.public.sn\/index.php\/2022\/10\/09\/gamou-la-delegation-du-pds-recue-par-le-representant-du-khalife\/","title":{"rendered":"Gamou : La d\u00e9l\u00e9gation du PDS re\u00e7ue par le repr\u00e9sentant du Khalife."},"content":{"rendered":"\n<p><br>Une forte d\u00e9l\u00e9gation de parti d\u00e9mocratique s\u00e9n\u00e9galais \u00e0 \u00e9t\u00e9 envoy\u00e9e par le secr\u00e9taire national Me Abdoulaye Wade \u00e0 l\u2019occasion de la c\u00e9l\u00e9bration de la nuit de la naissance du Proph\u00e8te ( PSL).<br><br>La d\u00e9l\u00e9gation \u00e9tait dirig\u00e9e par l&rsquo;ancien maire de la Ville de Rufisque, Daouda Niang et a \u00e9t\u00e9 re\u00e7ue par Serigne Babacar Sy Abdou (Ndiol Fouta) puis elle s\u2019est rendue chez   feu Serigne Abdoul Aziz SY Al Amine.<br><br>Apr\u00e8s la pr\u00e9sentation de la d\u00e9l\u00e9gation par le Secr\u00e9taire G\u00e9n\u00e9ral Adjoint charg\u00e9 de l&rsquo;organisation et de la  propagande, Assane Ba, le porte-parole du parti, Tafsir Thioye a transmis le message du Pr\u00e9sident Me Wade ainsi que celui du candidat, Karim Wade au repr\u00e9sentant du khalife avant de solliciter des pri\u00e8res aupr\u00e8s de Serigne Babacar Sy Abdou pour le Pr\u00e9sident Abdoulaye Wade et pour le candidat du Pds, Karim Wade.<br><br>Le repr\u00e9sentant du khalife g\u00e9n\u00e9ral des Tidianes a rappel\u00e9 les tr\u00e8s bonnes relations qu\u2019entretiennent la famille de El Hadji Malick Sy et l\u2019ancien pr\u00e9sident du S\u00e9n\u00e9gal, Me Abdoulaye Wade et se dit honor\u00e9 par cette visite.<br><br>Samba SY. <br><\/p><div class=\"publi-paragraphe1\" style=\"margin-top: 10px;margin-bottom: 10px;margin-left: auto;margin-right: auto;text-align: center;\" id=\"publi-4286662365\"><div class=\"publi-adlabel\">Publicit\u00e9<\/div><script async src=\"\/\/pagead2.googlesyndication.com\/pagead\/js\/adsbygoogle.js?client=ca-pub-4089586018074219\" crossorigin=\"anonymous\"><\/script><ins class=\"adsbygoogle\" style=\"display:block;\" data-ad-client=\"ca-pub-4089586018074219\" \ndata-ad-slot=\"2087940154\" \ndata-ad-format=\"auto\"><\/ins>\n<script> \n(adsbygoogle = window.adsbygoogle || []).push({}); \n<\/script>\n<\/div>\n<div class=\"publi-apres-le-contenu\" style=\"margin-top: 10px;margin-bottom: 10px;margin-left: auto;margin-right: auto;text-align: center;\" id=\"publi-2335822996\"><div class=\"publi-adlabel\">Publicit\u00e9<\/div><script async src=\"\/\/pagead2.googlesyndication.com\/pagead\/js\/adsbygoogle.js?client=ca-pub-4089586018074219\" crossorigin=\"anonymous\"><\/script><ins class=\"adsbygoogle\" style=\"display:block;\" data-ad-client=\"ca-pub-4089586018074219\" \ndata-ad-slot=\"2087940154\" \ndata-ad-format=\"auto\"><\/ins>\n<script> \n(adsbygoogle = window.adsbygoogle || []).push({}); \n<\/script>\n<\/div>","protected":false},"excerpt":{"rendered":"<p>Une forte d\u00e9l\u00e9gation de parti d\u00e9mocratique s\u00e9n\u00e9galais \u00e0 \u00e9t\u00e9 envoy\u00e9e par le secr\u00e9taire national Me Abdoulaye Wade \u00e0 l\u2019occasion de la c\u00e9l\u00e9bration de la nuit de la naissance du Proph\u00e8te ( PSL). La d\u00e9l\u00e9gation \u00e9tait dirig\u00e9e par l&rsquo;ancien maire de la Ville de Rufisque, Daouda Niang et a \u00e9t\u00e9 re\u00e7ue par Serigne Babacar Sy Abdou (Ndiol Fouta) puis elle s\u2019est rendue chez feu Serigne Abdoul Aziz SY Al Amine. Apr\u00e8s la pr\u00e9sentation de la d\u00e9l\u00e9gation par le Secr\u00e9taire G\u00e9n\u00e9ral Adjoint charg\u00e9 de l&rsquo;organisation et de la propagande, Assane Ba, le porte-parole du parti, Tafsir Thioye a transmis le message du Pr\u00e9sident Me Wade ainsi que celui du candidat, Karim Wade au repr\u00e9sentant du khalife avant de solliciter des pri\u00e8res aupr\u00e8s de Serigne Babacar Sy Abdou pour le Pr\u00e9sident Abdoulaye Wade et pour le candidat du Pds, Karim Wade. Le repr\u00e9sentant du khalife g\u00e9n\u00e9ral des Tidianes a rappel\u00e9 les tr\u00e8s bonnes relations qu\u2019entretiennent la famille de El Hadji Malick Sy et l\u2019ancien pr\u00e9sident du S\u00e9n\u00e9gal, Me Abdoulaye Wade et se dit honor\u00e9 par cette visite. Samba SY.<\/p>\n","protected":false},"author":1,"featured_media":4059,"comment_status":"open","ping_status":"open","sticky":false,"template":"","format":"standard","meta":{"_jetpack_memberships_contains_paid_content":false,"footnotes":""},"categories":[375,878,1],"tags":[1324,959,297],"class_list":["post-4052","post","type-post","status-publish","format-standard","has-post-thumbnail","hentry","category-actualites","category-religion","category-non-classe","tag-delegation","tag-gamou","tag-pds","entry","has-media","owp-thumbs-layout-horizontal","owp-btn-normal","owp-tabs-layout-horizontal","has-no-thumbnails","has-product-nav"],"yoast_head":"<!-- This site is optimized with the Yoast SEO plugin v25.5 - https:\/\/yoast.com\/wordpress\/plugins\/seo\/ -->\n<title>Gamou : La d\u00e9l\u00e9gation du PDS re\u00e7ue par le repr\u00e9sentant du Khalife. - LE PUBLIC<\/title>\n<meta name=\"robots\" content=\"index, follow, max-snippet:-1, max-image-preview:large, max-video-preview:-1\" \/>\n<link rel=\"canonical\" href=\"https:\/\/www.public.sn\/index.php\/2022\/10\/09\/gamou-la-delegation-du-pds-recue-par-le-representant-du-khalife\/\" \/>\n<meta property=\"og:locale\" content=\"fr_FR\" \/>\n<meta property=\"og:type\" content=\"article\" \/>\n<meta property=\"og:title\" content=\"Gamou : La d\u00e9l\u00e9gation du PDS re\u00e7ue par le repr\u00e9sentant du Khalife. - LE PUBLIC\" \/>\n<meta property=\"og:description\" content=\"Une forte d\u00e9l\u00e9gation de parti d\u00e9mocratique s\u00e9n\u00e9galais \u00e0 \u00e9t\u00e9 envoy\u00e9e par le secr\u00e9taire national Me Abdoulaye Wade \u00e0 l\u2019occasion de la c\u00e9l\u00e9bration de la nuit de la naissance du Proph\u00e8te ( PSL). La d\u00e9l\u00e9gation \u00e9tait dirig\u00e9e par l&rsquo;ancien maire de la Ville de Rufisque, Daouda Niang et a \u00e9t\u00e9 re\u00e7ue par Serigne Babacar Sy Abdou (Ndiol Fouta) puis elle s\u2019est rendue chez feu Serigne Abdoul Aziz SY Al Amine. Apr\u00e8s la pr\u00e9sentation de la d\u00e9l\u00e9gation par le Secr\u00e9taire G\u00e9n\u00e9ral Adjoint charg\u00e9 de l&rsquo;organisation et de la propagande, Assane Ba, le porte-parole du parti, Tafsir Thioye a transmis le message du Pr\u00e9sident Me Wade ainsi que celui du candidat, Karim Wade au repr\u00e9sentant du khalife avant de solliciter des pri\u00e8res aupr\u00e8s de Serigne Babacar Sy Abdou pour le Pr\u00e9sident Abdoulaye Wade et pour le candidat du Pds, Karim Wade. Le repr\u00e9sentant du khalife g\u00e9n\u00e9ral des Tidianes a rappel\u00e9 les tr\u00e8s bonnes relations qu\u2019entretiennent la famille de El Hadji Malick Sy et l\u2019ancien pr\u00e9sident du S\u00e9n\u00e9gal, Me Abdoulaye Wade et se dit honor\u00e9 par cette visite. Samba SY.\" \/>\n<meta property=\"og:url\" content=\"https:\/\/www.public.sn\/index.php\/2022\/10\/09\/gamou-la-delegation-du-pds-recue-par-le-representant-du-khalife\/\" \/>\n<meta property=\"og:site_name\" content=\"LE PUBLIC\" \/>\n<meta property=\"article:published_time\" content=\"2022-10-09T12:09:59+00:00\" \/>\n<meta property=\"article:modified_time\" content=\"2022-10-09T12:10:13+00:00\" \/>\n<meta property=\"og:image\" content=\"https:\/\/www.public.sn\/wp-content\/uploads\/2022\/10\/daouda-niang.jpg\" \/>\n\t<meta property=\"og:image:width\" content=\"612\" \/>\n\t<meta property=\"og:image:height\" content=\"298\" \/>\n\t<meta property=\"og:image:type\" content=\"image\/jpeg\" \/>\n<meta name=\"author\" content=\"LA REDACTION\" \/>\n<meta name=\"twitter:card\" content=\"summary_large_image\" \/>\n<meta name=\"twitter:label1\" content=\"\u00c9crit par\" \/>\n\t<meta name=\"twitter:data1\" content=\"LA REDACTION\" \/>\n\t<meta name=\"twitter:label2\" content=\"Dur\u00e9e de lecture estim\u00e9e\" \/>\n\t<meta name=\"twitter:data2\" content=\"1 minute\" \/>\n<script type=\"application\/ld+json\" class=\"yoast-schema-graph\">{\"@context\":\"https:\/\/schema.org\",\"@graph\":[{\"@type\":\"Article\",\"@id\":\"https:\/\/www.public.sn\/index.php\/2022\/10\/09\/gamou-la-delegation-du-pds-recue-par-le-representant-du-khalife\/#article\",\"isPartOf\":{\"@id\":\"https:\/\/www.public.sn\/index.php\/2022\/10\/09\/gamou-la-delegation-du-pds-recue-par-le-representant-du-khalife\/\"},\"author\":{\"name\":\"LA REDACTION\",\"@id\":\"https:\/\/www.public.sn\/#\/schema\/person\/e3f4a11b037d4203902db148f9bc8d5a\"},\"headline\":\"Gamou : La d\u00e9l\u00e9gation du PDS re\u00e7ue par le repr\u00e9sentant du Khalife.\",\"datePublished\":\"2022-10-09T12:09:59+00:00\",\"dateModified\":\"2022-10-09T12:10:13+00:00\",\"mainEntityOfPage\":{\"@id\":\"https:\/\/www.public.sn\/index.php\/2022\/10\/09\/gamou-la-delegation-du-pds-recue-par-le-representant-du-khalife\/\"},\"wordCount\":225,\"commentCount\":0,\"publisher\":{\"@id\":\"https:\/\/www.public.sn\/#organization\"},\"image\":{\"@id\":\"https:\/\/www.public.sn\/index.php\/2022\/10\/09\/gamou-la-delegation-du-pds-recue-par-le-representant-du-khalife\/#primaryimage\"},\"thumbnailUrl\":\"https:\/\/www.public.sn\/wp-content\/uploads\/2022\/10\/daouda-niang.jpg\",\"keywords\":[\"delegation\",\"Gamou\",\"Pds\"],\"articleSection\":[\"ACTUALIT\u00c9S\",\"RELIGION\",\"S\u00c9N\u00c9GAL\"],\"inLanguage\":\"fr-FR\",\"potentialAction\":[{\"@type\":\"CommentAction\",\"name\":\"Comment\",\"target\":[\"https:\/\/www.public.sn\/index.php\/2022\/10\/09\/gamou-la-delegation-du-pds-recue-par-le-representant-du-khalife\/#respond\"]}]},{\"@type\":\"WebPage\",\"@id\":\"https:\/\/www.public.sn\/index.php\/2022\/10\/09\/gamou-la-delegation-du-pds-recue-par-le-representant-du-khalife\/\",\"url\":\"https:\/\/www.public.sn\/index.php\/2022\/10\/09\/gamou-la-delegation-du-pds-recue-par-le-representant-du-khalife\/\",\"name\":\"Gamou : La d\u00e9l\u00e9gation du PDS re\u00e7ue par le repr\u00e9sentant du Khalife. - LE PUBLIC\",\"isPartOf\":{\"@id\":\"https:\/\/www.public.sn\/#website\"},\"primaryImageOfPage\":{\"@id\":\"https:\/\/www.public.sn\/index.php\/2022\/10\/09\/gamou-la-delegation-du-pds-recue-par-le-representant-du-khalife\/#primaryimage\"},\"image\":{\"@id\":\"https:\/\/www.public.sn\/index.php\/2022\/10\/09\/gamou-la-delegation-du-pds-recue-par-le-representant-du-khalife\/#primaryimage\"},\"thumbnailUrl\":\"https:\/\/www.public.sn\/wp-content\/uploads\/2022\/10\/daouda-niang.jpg\",\"datePublished\":\"2022-10-09T12:09:59+00:00\",\"dateModified\":\"2022-10-09T12:10:13+00:00\",\"breadcrumb\":{\"@id\":\"https:\/\/www.public.sn\/index.php\/2022\/10\/09\/gamou-la-delegation-du-pds-recue-par-le-representant-du-khalife\/#breadcrumb\"},\"inLanguage\":\"fr-FR\",\"potentialAction\":[{\"@type\":\"ReadAction\",\"target\":[\"https:\/\/www.public.sn\/index.php\/2022\/10\/09\/gamou-la-delegation-du-pds-recue-par-le-representant-du-khalife\/\"]}]},{\"@type\":\"ImageObject\",\"inLanguage\":\"fr-FR\",\"@id\":\"https:\/\/www.public.sn\/index.php\/2022\/10\/09\/gamou-la-delegation-du-pds-recue-par-le-representant-du-khalife\/#primaryimage\",\"url\":\"https:\/\/www.public.sn\/wp-content\/uploads\/2022\/10\/daouda-niang.jpg\",\"contentUrl\":\"https:\/\/www.public.sn\/wp-content\/uploads\/2022\/10\/daouda-niang.jpg\",\"width\":612,\"height\":298,\"caption\":\"publicsn\"},{\"@type\":\"BreadcrumbList\",\"@id\":\"https:\/\/www.public.sn\/index.php\/2022\/10\/09\/gamou-la-delegation-du-pds-recue-par-le-representant-du-khalife\/#breadcrumb\",\"itemListElement\":[{\"@type\":\"ListItem\",\"position\":1,\"name\":\"Accueil\",\"item\":\"https:\/\/www.public.sn\/\"},{\"@type\":\"ListItem\",\"position\":2,\"name\":\"Gamou : La d\u00e9l\u00e9gation du PDS re\u00e7ue par le repr\u00e9sentant du Khalife.\"}]},{\"@type\":\"WebSite\",\"@id\":\"https:\/\/www.public.sn\/#website\",\"url\":\"https:\/\/www.public.sn\/\",\"name\":\"LE PUBLIC\",\"description\":\"\",\"publisher\":{\"@id\":\"https:\/\/www.public.sn\/#organization\"},\"potentialAction\":[{\"@type\":\"SearchAction\",\"target\":{\"@type\":\"EntryPoint\",\"urlTemplate\":\"https:\/\/www.public.sn\/?s={search_term_string}\"},\"query-input\":{\"@type\":\"PropertyValueSpecification\",\"valueRequired\":true,\"valueName\":\"search_term_string\"}}],\"inLanguage\":\"fr-FR\"},{\"@type\":\"Organization\",\"@id\":\"https:\/\/www.public.sn\/#organization\",\"name\":\"LE PUBLIC\",\"url\":\"https:\/\/www.public.sn\/\",\"logo\":{\"@type\":\"ImageObject\",\"inLanguage\":\"fr-FR\",\"@id\":\"https:\/\/www.public.sn\/#\/schema\/logo\/image\/\",\"url\":\"https:\/\/www.public.sn\/wp-content\/uploads\/2024\/05\/cropped-LOGO-PUBLIC.SN_.png\",\"contentUrl\":\"https:\/\/www.public.sn\/wp-content\/uploads\/2024\/05\/cropped-LOGO-PUBLIC.SN_.png\",\"width\":682,\"height\":192,\"caption\":\"LE PUBLIC\"},\"image\":{\"@id\":\"https:\/\/www.public.sn\/#\/schema\/logo\/image\/\"}},{\"@type\":\"Person\",\"@id\":\"https:\/\/www.public.sn\/#\/schema\/person\/e3f4a11b037d4203902db148f9bc8d5a\",\"name\":\"LA REDACTION\",\"image\":{\"@type\":\"ImageObject\",\"inLanguage\":\"fr-FR\",\"@id\":\"https:\/\/www.public.sn\/#\/schema\/person\/image\/\",\"url\":\"https:\/\/secure.gravatar.com\/avatar\/d6c030db45db2883c075085c5d6c6258654a801a93766b49af0b82d4f454e2a5?s=96&d=mm&r=g\",\"contentUrl\":\"https:\/\/secure.gravatar.com\/avatar\/d6c030db45db2883c075085c5d6c6258654a801a93766b49af0b82d4f454e2a5?s=96&d=mm&r=g\",\"caption\":\"LA REDACTION\"},\"sameAs\":[\"http:\/\/www.public.sn\"],\"url\":\"https:\/\/www.public.sn\/index.php\/author\/admin7324\/\"}]}<\/script>\n<!-- \/ Yoast SEO plugin. -->","yoast_head_json":{"title":"Gamou : La d\u00e9l\u00e9gation du PDS re\u00e7ue par le repr\u00e9sentant du Khalife. - LE PUBLIC","robots":{"index":"index","follow":"follow","max-snippet":"max-snippet:-1","max-image-preview":"max-image-preview:large","max-video-preview":"max-video-preview:-1"},"canonical":"https:\/\/www.public.sn\/index.php\/2022\/10\/09\/gamou-la-delegation-du-pds-recue-par-le-representant-du-khalife\/","og_locale":"fr_FR","og_type":"article","og_title":"Gamou : La d\u00e9l\u00e9gation du PDS re\u00e7ue par le repr\u00e9sentant du Khalife. - LE PUBLIC","og_description":"Une forte d\u00e9l\u00e9gation de parti d\u00e9mocratique s\u00e9n\u00e9galais \u00e0 \u00e9t\u00e9 envoy\u00e9e par le secr\u00e9taire national Me Abdoulaye Wade \u00e0 l\u2019occasion de la c\u00e9l\u00e9bration de la nuit de la naissance du Proph\u00e8te ( PSL). La d\u00e9l\u00e9gation \u00e9tait dirig\u00e9e par l&rsquo;ancien maire de la Ville de Rufisque, Daouda Niang et a \u00e9t\u00e9 re\u00e7ue par Serigne Babacar Sy Abdou (Ndiol Fouta) puis elle s\u2019est rendue chez feu Serigne Abdoul Aziz SY Al Amine. Apr\u00e8s la pr\u00e9sentation de la d\u00e9l\u00e9gation par le Secr\u00e9taire G\u00e9n\u00e9ral Adjoint charg\u00e9 de l&rsquo;organisation et de la propagande, Assane Ba, le porte-parole du parti, Tafsir Thioye a transmis le message du Pr\u00e9sident Me Wade ainsi que celui du candidat, Karim Wade au repr\u00e9sentant du khalife avant de solliciter des pri\u00e8res aupr\u00e8s de Serigne Babacar Sy Abdou pour le Pr\u00e9sident Abdoulaye Wade et pour le candidat du Pds, Karim Wade. Le repr\u00e9sentant du khalife g\u00e9n\u00e9ral des Tidianes a rappel\u00e9 les tr\u00e8s bonnes relations qu\u2019entretiennent la famille de El Hadji Malick Sy et l\u2019ancien pr\u00e9sident du S\u00e9n\u00e9gal, Me Abdoulaye Wade et se dit honor\u00e9 par cette visite. Samba SY.","og_url":"https:\/\/www.public.sn\/index.php\/2022\/10\/09\/gamou-la-delegation-du-pds-recue-par-le-representant-du-khalife\/","og_site_name":"LE PUBLIC","article_published_time":"2022-10-09T12:09:59+00:00","article_modified_time":"2022-10-09T12:10:13+00:00","og_image":[{"width":612,"height":298,"url":"https:\/\/www.public.sn\/wp-content\/uploads\/2022\/10\/daouda-niang.jpg","type":"image\/jpeg"}],"author":"LA REDACTION","twitter_card":"summary_large_image","twitter_misc":{"\u00c9crit par":"LA REDACTION","Dur\u00e9e de lecture estim\u00e9e":"1 minute"},"schema":{"@context":"https:\/\/schema.org","@graph":[{"@type":"Article","@id":"https:\/\/www.public.sn\/index.php\/2022\/10\/09\/gamou-la-delegation-du-pds-recue-par-le-representant-du-khalife\/#article","isPartOf":{"@id":"https:\/\/www.public.sn\/index.php\/2022\/10\/09\/gamou-la-delegation-du-pds-recue-par-le-representant-du-khalife\/"},"author":{"name":"LA REDACTION","@id":"https:\/\/www.public.sn\/#\/schema\/person\/e3f4a11b037d4203902db148f9bc8d5a"},"headline":"Gamou : La d\u00e9l\u00e9gation du PDS re\u00e7ue par le repr\u00e9sentant du Khalife.","datePublished":"2022-10-09T12:09:59+00:00","dateModified":"2022-10-09T12:10:13+00:00","mainEntityOfPage":{"@id":"https:\/\/www.public.sn\/index.php\/2022\/10\/09\/gamou-la-delegation-du-pds-recue-par-le-representant-du-khalife\/"},"wordCount":225,"commentCount":0,"publisher":{"@id":"https:\/\/www.public.sn\/#organization"},"image":{"@id":"https:\/\/www.public.sn\/index.php\/2022\/10\/09\/gamou-la-delegation-du-pds-recue-par-le-representant-du-khalife\/#primaryimage"},"thumbnailUrl":"https:\/\/www.public.sn\/wp-content\/uploads\/2022\/10\/daouda-niang.jpg","keywords":["delegation","Gamou","Pds"],"articleSection":["ACTUALIT\u00c9S","RELIGION","S\u00c9N\u00c9GAL"],"inLanguage":"fr-FR","potentialAction":[{"@type":"CommentAction","name":"Comment","target":["https:\/\/www.public.sn\/index.php\/2022\/10\/09\/gamou-la-delegation-du-pds-recue-par-le-representant-du-khalife\/#respond"]}]},{"@type":"WebPage","@id":"https:\/\/www.public.sn\/index.php\/2022\/10\/09\/gamou-la-delegation-du-pds-recue-par-le-representant-du-khalife\/","url":"https:\/\/www.public.sn\/index.php\/2022\/10\/09\/gamou-la-delegation-du-pds-recue-par-le-representant-du-khalife\/","name":"Gamou : La d\u00e9l\u00e9gation du PDS re\u00e7ue par le repr\u00e9sentant du Khalife. - LE PUBLIC","isPartOf":{"@id":"https:\/\/www.public.sn\/#website"},"primaryImageOfPage":{"@id":"https:\/\/www.public.sn\/index.php\/2022\/10\/09\/gamou-la-delegation-du-pds-recue-par-le-representant-du-khalife\/#primaryimage"},"image":{"@id":"https:\/\/www.public.sn\/index.php\/2022\/10\/09\/gamou-la-delegation-du-pds-recue-par-le-representant-du-khalife\/#primaryimage"},"thumbnailUrl":"https:\/\/www.public.sn\/wp-content\/uploads\/2022\/10\/daouda-niang.jpg","datePublished":"2022-10-09T12:09:59+00:00","dateModified":"2022-10-09T12:10:13+00:00","breadcrumb":{"@id":"https:\/\/www.public.sn\/index.php\/2022\/10\/09\/gamou-la-delegation-du-pds-recue-par-le-representant-du-khalife\/#breadcrumb"},"inLanguage":"fr-FR","potentialAction":[{"@type":"ReadAction","target":["https:\/\/www.public.sn\/index.php\/2022\/10\/09\/gamou-la-delegation-du-pds-recue-par-le-representant-du-khalife\/"]}]},{"@type":"ImageObject","inLanguage":"fr-FR","@id":"https:\/\/www.public.sn\/index.php\/2022\/10\/09\/gamou-la-delegation-du-pds-recue-par-le-representant-du-khalife\/#primaryimage","url":"https:\/\/www.public.sn\/wp-content\/uploads\/2022\/10\/daouda-niang.jpg","contentUrl":"https:\/\/www.public.sn\/wp-content\/uploads\/2022\/10\/daouda-niang.jpg","width":612,"height":298,"caption":"publicsn"},{"@type":"BreadcrumbList","@id":"https:\/\/www.public.sn\/index.php\/2022\/10\/09\/gamou-la-delegation-du-pds-recue-par-le-representant-du-khalife\/#breadcrumb","itemListElement":[{"@type":"ListItem","position":1,"name":"Accueil","item":"https:\/\/www.public.sn\/"},{"@type":"ListItem","position":2,"name":"Gamou : La d\u00e9l\u00e9gation du PDS re\u00e7ue par le repr\u00e9sentant du Khalife."}]},{"@type":"WebSite","@id":"https:\/\/www.public.sn\/#website","url":"https:\/\/www.public.sn\/","name":"LE PUBLIC","description":"","publisher":{"@id":"https:\/\/www.public.sn\/#organization"},"potentialAction":[{"@type":"SearchAction","target":{"@type":"EntryPoint","urlTemplate":"https:\/\/www.public.sn\/?s={search_term_string}"},"query-input":{"@type":"PropertyValueSpecification","valueRequired":true,"valueName":"search_term_string"}}],"inLanguage":"fr-FR"},{"@type":"Organization","@id":"https:\/\/www.public.sn\/#organization","name":"LE PUBLIC","url":"https:\/\/www.public.sn\/","logo":{"@type":"ImageObject","inLanguage":"fr-FR","@id":"https:\/\/www.public.sn\/#\/schema\/logo\/image\/","url":"https:\/\/www.public.sn\/wp-content\/uploads\/2024\/05\/cropped-LOGO-PUBLIC.SN_.png","contentUrl":"https:\/\/www.public.sn\/wp-content\/uploads\/2024\/05\/cropped-LOGO-PUBLIC.SN_.png","width":682,"height":192,"caption":"LE PUBLIC"},"image":{"@id":"https:\/\/www.public.sn\/#\/schema\/logo\/image\/"}},{"@type":"Person","@id":"https:\/\/www.public.sn\/#\/schema\/person\/e3f4a11b037d4203902db148f9bc8d5a","name":"LA REDACTION","image":{"@type":"ImageObject","inLanguage":"fr-FR","@id":"https:\/\/www.public.sn\/#\/schema\/person\/image\/","url":"https:\/\/secure.gravatar.com\/avatar\/d6c030db45db2883c075085c5d6c6258654a801a93766b49af0b82d4f454e2a5?s=96&d=mm&r=g","contentUrl":"https:\/\/secure.gravatar.com\/avatar\/d6c030db45db2883c075085c5d6c6258654a801a93766b49af0b82d4f454e2a5?s=96&d=mm&r=g","caption":"LA REDACTION"},"sameAs":["http:\/\/www.public.sn"],"url":"https:\/\/www.public.sn\/index.php\/author\/admin7324\/"}]}},"jetpack_featured_media_url":"https:\/\/www.public.sn\/wp-content\/uploads\/2022\/10\/daouda-niang.jpg","jetpack_sharing_enabled":true,"_links":{"self":[{"href":"https:\/\/www.public.sn\/index.php\/wp-json\/wp\/v2\/posts\/4052","targetHints":{"allow":["GET"]}}],"collection":[{"href":"https:\/\/www.public.sn\/index.php\/wp-json\/wp\/v2\/posts"}],"about":[{"href":"https:\/\/www.public.sn\/index.php\/wp-json\/wp\/v2\/types\/post"}],"author":[{"embeddable":true,"href":"https:\/\/www.public.sn\/index.php\/wp-json\/wp\/v2\/users\/1"}],"replies":[{"embeddable":true,"href":"https:\/\/www.public.sn\/index.php\/wp-json\/wp\/v2\/comments?post=4052"}],"version-history":[{"count":2,"href":"https:\/\/www.public.sn\/index.php\/wp-json\/wp\/v2\/posts\/4052\/revisions"}],"predecessor-version":[{"id":4060,"href":"https:\/\/www.public.sn\/index.php\/wp-json\/wp\/v2\/posts\/4052\/revisions\/4060"}],"wp:featuredmedia":[{"embeddable":true,"href":"https:\/\/www.public.sn\/index.php\/wp-json\/wp\/v2\/media\/4059"}],"wp:attachment":[{"href":"https:\/\/www.public.sn\/index.php\/wp-json\/wp\/v2\/media?parent=4052"}],"wp:term":[{"taxonomy":"category","embeddable":true,"href":"https:\/\/www.public.sn\/index.php\/wp-json\/wp\/v2\/categories?post=4052"},{"taxonomy":"post_tag","embeddable":true,"href":"https:\/\/www.public.sn\/index.php\/wp-json\/wp\/v2\/tags?post=4052"}],"curies":[{"name":"wp","href":"https:\/\/api.w.org\/{rel}","templated":true}]}}