{"id":4058,"date":"2022-10-09T12:35:06","date_gmt":"2022-10-09T12:35:06","guid":{"rendered":"https:\/\/www.public.sn\/?p=4058"},"modified":"2022-10-09T12:35:08","modified_gmt":"2022-10-09T12:35:08","slug":"apres-35-ans-assane-diop-de-rfi-prend-sa-retraite","status":"publish","type":"post","link":"https:\/\/www.public.sn\/index.php\/2022\/10\/09\/apres-35-ans-assane-diop-de-rfi-prend-sa-retraite\/","title":{"rendered":"Apr\u00e8s 35 ans Assane Diop de Rfi prend sa retraite."},"content":{"rendered":"\n<p><br><br> Il aura v\u00e9cu toute une vie au service de Radio France Internationale. Sa voie retentissait entre les murs de RFI lors de sa pr\u00e9sentation du journal Afrique de 12H30.  <br><br>Quand il est arriv\u00e9 \u00e0 la RFI le mur de Berlin n\u2019\u00e9tait pas encore tomb\u00e9 et Nelson Mandela \u00e9tait toujours en prison.  Ce Samedi \u00e0 12H30, Assane Gueye a pr\u00e9sent\u00e9 son dernier JP. Carine Frenk de la r\u00e9daction estime que Assane lui a permis de parcourir en toute libert\u00e9 l\u2019Afrique. Il \u00e9tait \u00e9galement le pr\u00e9sentateur de Afrique Presse sur Rfi et TV5 Monde.<br><br>Samba SY. <br><\/p><div class=\"publi-paragraphe1\" style=\"margin-top: 10px;margin-bottom: 10px;margin-left: auto;margin-right: auto;text-align: center;\" id=\"publi-62265977\"><div class=\"publi-adlabel\">Publicit\u00e9<\/div><script async src=\"\/\/pagead2.googlesyndication.com\/pagead\/js\/adsbygoogle.js?client=ca-pub-4089586018074219\" crossorigin=\"anonymous\"><\/script><ins class=\"adsbygoogle\" style=\"display:block;\" data-ad-client=\"ca-pub-4089586018074219\" \ndata-ad-slot=\"2087940154\" \ndata-ad-format=\"auto\"><\/ins>\n<script> \n(adsbygoogle = window.adsbygoogle || []).push({}); \n<\/script>\n<\/div>\n<div class=\"publi-apres-le-contenu\" style=\"margin-top: 10px;margin-bottom: 10px;margin-left: auto;margin-right: auto;text-align: center;\" id=\"publi-760533197\"><div class=\"publi-adlabel\">Publicit\u00e9<\/div><script async src=\"\/\/pagead2.googlesyndication.com\/pagead\/js\/adsbygoogle.js?client=ca-pub-4089586018074219\" crossorigin=\"anonymous\"><\/script><ins class=\"adsbygoogle\" style=\"display:block;\" data-ad-client=\"ca-pub-4089586018074219\" \ndata-ad-slot=\"2087940154\" \ndata-ad-format=\"auto\"><\/ins>\n<script> \n(adsbygoogle = window.adsbygoogle || []).push({}); \n<\/script>\n<\/div>","protected":false},"excerpt":{"rendered":"<p>Il aura v\u00e9cu toute une vie au service de Radio France Internationale. Sa voie retentissait entre les murs de RFI lors de sa pr\u00e9sentation du journal Afrique de 12H30. Quand il est arriv\u00e9 \u00e0 la RFI le mur de Berlin n\u2019\u00e9tait pas encore tomb\u00e9 et Nelson Mandela \u00e9tait toujours en prison. Ce Samedi \u00e0 12H30, Assane Gueye a pr\u00e9sent\u00e9 son dernier JP. Carine Frenk de la r\u00e9daction estime que Assane lui a permis de parcourir en toute libert\u00e9 l\u2019Afrique. Il \u00e9tait \u00e9galement le pr\u00e9sentateur de Afrique Presse sur Rfi et TV5 Monde. Samba SY.<\/p>\n","protected":false},"author":1,"featured_media":4064,"comment_status":"open","ping_status":"open","sticky":false,"template":"","format":"standard","meta":{"_jetpack_memberships_contains_paid_content":false,"footnotes":""},"categories":[375,961,1],"tags":[1325,1089],"class_list":["post-4058","post","type-post","status-publish","format-standard","has-post-thumbnail","hentry","category-actualites","category-medias","category-non-classe","tag-assane-diop","tag-rfi","entry","has-media","owp-thumbs-layout-horizontal","owp-btn-normal","owp-tabs-layout-horizontal","has-no-thumbnails","has-product-nav"],"yoast_head":"<!-- This site is optimized with the Yoast SEO plugin v25.5 - https:\/\/yoast.com\/wordpress\/plugins\/seo\/ -->\n<title>Apr\u00e8s 35 ans Assane Diop de Rfi prend sa retraite. - LE PUBLIC<\/title>\n<meta name=\"robots\" content=\"index, follow, max-snippet:-1, max-image-preview:large, max-video-preview:-1\" \/>\n<link rel=\"canonical\" href=\"https:\/\/www.public.sn\/index.php\/2022\/10\/09\/apres-35-ans-assane-diop-de-rfi-prend-sa-retraite\/\" \/>\n<meta property=\"og:locale\" content=\"fr_FR\" \/>\n<meta property=\"og:type\" content=\"article\" \/>\n<meta property=\"og:title\" content=\"Apr\u00e8s 35 ans Assane Diop de Rfi prend sa retraite. - LE PUBLIC\" \/>\n<meta property=\"og:description\" content=\"Il aura v\u00e9cu toute une vie au service de Radio France Internationale. Sa voie retentissait entre les murs de RFI lors de sa pr\u00e9sentation du journal Afrique de 12H30. Quand il est arriv\u00e9 \u00e0 la RFI le mur de Berlin n\u2019\u00e9tait pas encore tomb\u00e9 et Nelson Mandela \u00e9tait toujours en prison. Ce Samedi \u00e0 12H30, Assane Gueye a pr\u00e9sent\u00e9 son dernier JP. Carine Frenk de la r\u00e9daction estime que Assane lui a permis de parcourir en toute libert\u00e9 l\u2019Afrique. Il \u00e9tait \u00e9galement le pr\u00e9sentateur de Afrique Presse sur Rfi et TV5 Monde. Samba SY.\" \/>\n<meta property=\"og:url\" content=\"https:\/\/www.public.sn\/index.php\/2022\/10\/09\/apres-35-ans-assane-diop-de-rfi-prend-sa-retraite\/\" \/>\n<meta property=\"og:site_name\" content=\"LE PUBLIC\" \/>\n<meta property=\"article:published_time\" content=\"2022-10-09T12:35:06+00:00\" \/>\n<meta property=\"article:modified_time\" content=\"2022-10-09T12:35:08+00:00\" \/>\n<meta property=\"og:image\" content=\"https:\/\/www.public.sn\/wp-content\/uploads\/2022\/10\/assane-diop.jpg\" \/>\n\t<meta property=\"og:image:width\" content=\"474\" \/>\n\t<meta property=\"og:image:height\" content=\"266\" \/>\n\t<meta property=\"og:image:type\" content=\"image\/jpeg\" \/>\n<meta name=\"author\" content=\"LA REDACTION\" \/>\n<meta name=\"twitter:card\" content=\"summary_large_image\" \/>\n<meta name=\"twitter:label1\" content=\"\u00c9crit par\" \/>\n\t<meta name=\"twitter:data1\" content=\"LA REDACTION\" \/>\n\t<meta name=\"twitter:label2\" content=\"Dur\u00e9e de lecture estim\u00e9e\" \/>\n\t<meta name=\"twitter:data2\" content=\"1 minute\" \/>\n<script type=\"application\/ld+json\" class=\"yoast-schema-graph\">{\"@context\":\"https:\/\/schema.org\",\"@graph\":[{\"@type\":\"Article\",\"@id\":\"https:\/\/www.public.sn\/index.php\/2022\/10\/09\/apres-35-ans-assane-diop-de-rfi-prend-sa-retraite\/#article\",\"isPartOf\":{\"@id\":\"https:\/\/www.public.sn\/index.php\/2022\/10\/09\/apres-35-ans-assane-diop-de-rfi-prend-sa-retraite\/\"},\"author\":{\"name\":\"LA REDACTION\",\"@id\":\"https:\/\/www.public.sn\/#\/schema\/person\/e3f4a11b037d4203902db148f9bc8d5a\"},\"headline\":\"Apr\u00e8s 35 ans Assane Diop de Rfi prend sa retraite.\",\"datePublished\":\"2022-10-09T12:35:06+00:00\",\"dateModified\":\"2022-10-09T12:35:08+00:00\",\"mainEntityOfPage\":{\"@id\":\"https:\/\/www.public.sn\/index.php\/2022\/10\/09\/apres-35-ans-assane-diop-de-rfi-prend-sa-retraite\/\"},\"wordCount\":109,\"commentCount\":0,\"publisher\":{\"@id\":\"https:\/\/www.public.sn\/#organization\"},\"image\":{\"@id\":\"https:\/\/www.public.sn\/index.php\/2022\/10\/09\/apres-35-ans-assane-diop-de-rfi-prend-sa-retraite\/#primaryimage\"},\"thumbnailUrl\":\"https:\/\/www.public.sn\/wp-content\/uploads\/2022\/10\/assane-diop.jpg\",\"keywords\":[\"assane diop\",\"Rfi\"],\"articleSection\":[\"ACTUALIT\u00c9S\",\"M\u00c9DIAS\",\"S\u00c9N\u00c9GAL\"],\"inLanguage\":\"fr-FR\",\"potentialAction\":[{\"@type\":\"CommentAction\",\"name\":\"Comment\",\"target\":[\"https:\/\/www.public.sn\/index.php\/2022\/10\/09\/apres-35-ans-assane-diop-de-rfi-prend-sa-retraite\/#respond\"]}]},{\"@type\":\"WebPage\",\"@id\":\"https:\/\/www.public.sn\/index.php\/2022\/10\/09\/apres-35-ans-assane-diop-de-rfi-prend-sa-retraite\/\",\"url\":\"https:\/\/www.public.sn\/index.php\/2022\/10\/09\/apres-35-ans-assane-diop-de-rfi-prend-sa-retraite\/\",\"name\":\"Apr\u00e8s 35 ans Assane Diop de Rfi prend sa retraite. - LE PUBLIC\",\"isPartOf\":{\"@id\":\"https:\/\/www.public.sn\/#website\"},\"primaryImageOfPage\":{\"@id\":\"https:\/\/www.public.sn\/index.php\/2022\/10\/09\/apres-35-ans-assane-diop-de-rfi-prend-sa-retraite\/#primaryimage\"},\"image\":{\"@id\":\"https:\/\/www.public.sn\/index.php\/2022\/10\/09\/apres-35-ans-assane-diop-de-rfi-prend-sa-retraite\/#primaryimage\"},\"thumbnailUrl\":\"https:\/\/www.public.sn\/wp-content\/uploads\/2022\/10\/assane-diop.jpg\",\"datePublished\":\"2022-10-09T12:35:06+00:00\",\"dateModified\":\"2022-10-09T12:35:08+00:00\",\"breadcrumb\":{\"@id\":\"https:\/\/www.public.sn\/index.php\/2022\/10\/09\/apres-35-ans-assane-diop-de-rfi-prend-sa-retraite\/#breadcrumb\"},\"inLanguage\":\"fr-FR\",\"potentialAction\":[{\"@type\":\"ReadAction\",\"target\":[\"https:\/\/www.public.sn\/index.php\/2022\/10\/09\/apres-35-ans-assane-diop-de-rfi-prend-sa-retraite\/\"]}]},{\"@type\":\"ImageObject\",\"inLanguage\":\"fr-FR\",\"@id\":\"https:\/\/www.public.sn\/index.php\/2022\/10\/09\/apres-35-ans-assane-diop-de-rfi-prend-sa-retraite\/#primaryimage\",\"url\":\"https:\/\/www.public.sn\/wp-content\/uploads\/2022\/10\/assane-diop.jpg\",\"contentUrl\":\"https:\/\/www.public.sn\/wp-content\/uploads\/2022\/10\/assane-diop.jpg\",\"width\":474,\"height\":266},{\"@type\":\"BreadcrumbList\",\"@id\":\"https:\/\/www.public.sn\/index.php\/2022\/10\/09\/apres-35-ans-assane-diop-de-rfi-prend-sa-retraite\/#breadcrumb\",\"itemListElement\":[{\"@type\":\"ListItem\",\"position\":1,\"name\":\"Accueil\",\"item\":\"https:\/\/www.public.sn\/\"},{\"@type\":\"ListItem\",\"position\":2,\"name\":\"Apr\u00e8s 35 ans Assane Diop de Rfi prend sa retraite.\"}]},{\"@type\":\"WebSite\",\"@id\":\"https:\/\/www.public.sn\/#website\",\"url\":\"https:\/\/www.public.sn\/\",\"name\":\"LE PUBLIC\",\"description\":\"\",\"publisher\":{\"@id\":\"https:\/\/www.public.sn\/#organization\"},\"potentialAction\":[{\"@type\":\"SearchAction\",\"target\":{\"@type\":\"EntryPoint\",\"urlTemplate\":\"https:\/\/www.public.sn\/?s={search_term_string}\"},\"query-input\":{\"@type\":\"PropertyValueSpecification\",\"valueRequired\":true,\"valueName\":\"search_term_string\"}}],\"inLanguage\":\"fr-FR\"},{\"@type\":\"Organization\",\"@id\":\"https:\/\/www.public.sn\/#organization\",\"name\":\"LE PUBLIC\",\"url\":\"https:\/\/www.public.sn\/\",\"logo\":{\"@type\":\"ImageObject\",\"inLanguage\":\"fr-FR\",\"@id\":\"https:\/\/www.public.sn\/#\/schema\/logo\/image\/\",\"url\":\"https:\/\/www.public.sn\/wp-content\/uploads\/2024\/05\/cropped-LOGO-PUBLIC.SN_.png\",\"contentUrl\":\"https:\/\/www.public.sn\/wp-content\/uploads\/2024\/05\/cropped-LOGO-PUBLIC.SN_.png\",\"width\":682,\"height\":192,\"caption\":\"LE PUBLIC\"},\"image\":{\"@id\":\"https:\/\/www.public.sn\/#\/schema\/logo\/image\/\"}},{\"@type\":\"Person\",\"@id\":\"https:\/\/www.public.sn\/#\/schema\/person\/e3f4a11b037d4203902db148f9bc8d5a\",\"name\":\"LA REDACTION\",\"image\":{\"@type\":\"ImageObject\",\"inLanguage\":\"fr-FR\",\"@id\":\"https:\/\/www.public.sn\/#\/schema\/person\/image\/\",\"url\":\"https:\/\/secure.gravatar.com\/avatar\/d6c030db45db2883c075085c5d6c6258654a801a93766b49af0b82d4f454e2a5?s=96&d=mm&r=g\",\"contentUrl\":\"https:\/\/secure.gravatar.com\/avatar\/d6c030db45db2883c075085c5d6c6258654a801a93766b49af0b82d4f454e2a5?s=96&d=mm&r=g\",\"caption\":\"LA REDACTION\"},\"sameAs\":[\"http:\/\/www.public.sn\"],\"url\":\"https:\/\/www.public.sn\/index.php\/author\/admin7324\/\"}]}<\/script>\n<!-- \/ Yoast SEO plugin. -->","yoast_head_json":{"title":"Apr\u00e8s 35 ans Assane Diop de Rfi prend sa retraite. - LE PUBLIC","robots":{"index":"index","follow":"follow","max-snippet":"max-snippet:-1","max-image-preview":"max-image-preview:large","max-video-preview":"max-video-preview:-1"},"canonical":"https:\/\/www.public.sn\/index.php\/2022\/10\/09\/apres-35-ans-assane-diop-de-rfi-prend-sa-retraite\/","og_locale":"fr_FR","og_type":"article","og_title":"Apr\u00e8s 35 ans Assane Diop de Rfi prend sa retraite. - LE PUBLIC","og_description":"Il aura v\u00e9cu toute une vie au service de Radio France Internationale. Sa voie retentissait entre les murs de RFI lors de sa pr\u00e9sentation du journal Afrique de 12H30. Quand il est arriv\u00e9 \u00e0 la RFI le mur de Berlin n\u2019\u00e9tait pas encore tomb\u00e9 et Nelson Mandela \u00e9tait toujours en prison. Ce Samedi \u00e0 12H30, Assane Gueye a pr\u00e9sent\u00e9 son dernier JP. Carine Frenk de la r\u00e9daction estime que Assane lui a permis de parcourir en toute libert\u00e9 l\u2019Afrique. Il \u00e9tait \u00e9galement le pr\u00e9sentateur de Afrique Presse sur Rfi et TV5 Monde. Samba SY.","og_url":"https:\/\/www.public.sn\/index.php\/2022\/10\/09\/apres-35-ans-assane-diop-de-rfi-prend-sa-retraite\/","og_site_name":"LE PUBLIC","article_published_time":"2022-10-09T12:35:06+00:00","article_modified_time":"2022-10-09T12:35:08+00:00","og_image":[{"width":474,"height":266,"url":"https:\/\/www.public.sn\/wp-content\/uploads\/2022\/10\/assane-diop.jpg","type":"image\/jpeg"}],"author":"LA REDACTION","twitter_card":"summary_large_image","twitter_misc":{"\u00c9crit par":"LA REDACTION","Dur\u00e9e de lecture estim\u00e9e":"1 minute"},"schema":{"@context":"https:\/\/schema.org","@graph":[{"@type":"Article","@id":"https:\/\/www.public.sn\/index.php\/2022\/10\/09\/apres-35-ans-assane-diop-de-rfi-prend-sa-retraite\/#article","isPartOf":{"@id":"https:\/\/www.public.sn\/index.php\/2022\/10\/09\/apres-35-ans-assane-diop-de-rfi-prend-sa-retraite\/"},"author":{"name":"LA REDACTION","@id":"https:\/\/www.public.sn\/#\/schema\/person\/e3f4a11b037d4203902db148f9bc8d5a"},"headline":"Apr\u00e8s 35 ans Assane Diop de Rfi prend sa retraite.","datePublished":"2022-10-09T12:35:06+00:00","dateModified":"2022-10-09T12:35:08+00:00","mainEntityOfPage":{"@id":"https:\/\/www.public.sn\/index.php\/2022\/10\/09\/apres-35-ans-assane-diop-de-rfi-prend-sa-retraite\/"},"wordCount":109,"commentCount":0,"publisher":{"@id":"https:\/\/www.public.sn\/#organization"},"image":{"@id":"https:\/\/www.public.sn\/index.php\/2022\/10\/09\/apres-35-ans-assane-diop-de-rfi-prend-sa-retraite\/#primaryimage"},"thumbnailUrl":"https:\/\/www.public.sn\/wp-content\/uploads\/2022\/10\/assane-diop.jpg","keywords":["assane diop","Rfi"],"articleSection":["ACTUALIT\u00c9S","M\u00c9DIAS","S\u00c9N\u00c9GAL"],"inLanguage":"fr-FR","potentialAction":[{"@type":"CommentAction","name":"Comment","target":["https:\/\/www.public.sn\/index.php\/2022\/10\/09\/apres-35-ans-assane-diop-de-rfi-prend-sa-retraite\/#respond"]}]},{"@type":"WebPage","@id":"https:\/\/www.public.sn\/index.php\/2022\/10\/09\/apres-35-ans-assane-diop-de-rfi-prend-sa-retraite\/","url":"https:\/\/www.public.sn\/index.php\/2022\/10\/09\/apres-35-ans-assane-diop-de-rfi-prend-sa-retraite\/","name":"Apr\u00e8s 35 ans Assane Diop de Rfi prend sa retraite. - LE PUBLIC","isPartOf":{"@id":"https:\/\/www.public.sn\/#website"},"primaryImageOfPage":{"@id":"https:\/\/www.public.sn\/index.php\/2022\/10\/09\/apres-35-ans-assane-diop-de-rfi-prend-sa-retraite\/#primaryimage"},"image":{"@id":"https:\/\/www.public.sn\/index.php\/2022\/10\/09\/apres-35-ans-assane-diop-de-rfi-prend-sa-retraite\/#primaryimage"},"thumbnailUrl":"https:\/\/www.public.sn\/wp-content\/uploads\/2022\/10\/assane-diop.jpg","datePublished":"2022-10-09T12:35:06+00:00","dateModified":"2022-10-09T12:35:08+00:00","breadcrumb":{"@id":"https:\/\/www.public.sn\/index.php\/2022\/10\/09\/apres-35-ans-assane-diop-de-rfi-prend-sa-retraite\/#breadcrumb"},"inLanguage":"fr-FR","potentialAction":[{"@type":"ReadAction","target":["https:\/\/www.public.sn\/index.php\/2022\/10\/09\/apres-35-ans-assane-diop-de-rfi-prend-sa-retraite\/"]}]},{"@type":"ImageObject","inLanguage":"fr-FR","@id":"https:\/\/www.public.sn\/index.php\/2022\/10\/09\/apres-35-ans-assane-diop-de-rfi-prend-sa-retraite\/#primaryimage","url":"https:\/\/www.public.sn\/wp-content\/uploads\/2022\/10\/assane-diop.jpg","contentUrl":"https:\/\/www.public.sn\/wp-content\/uploads\/2022\/10\/assane-diop.jpg","width":474,"height":266},{"@type":"BreadcrumbList","@id":"https:\/\/www.public.sn\/index.php\/2022\/10\/09\/apres-35-ans-assane-diop-de-rfi-prend-sa-retraite\/#breadcrumb","itemListElement":[{"@type":"ListItem","position":1,"name":"Accueil","item":"https:\/\/www.public.sn\/"},{"@type":"ListItem","position":2,"name":"Apr\u00e8s 35 ans Assane Diop de Rfi prend sa retraite."}]},{"@type":"WebSite","@id":"https:\/\/www.public.sn\/#website","url":"https:\/\/www.public.sn\/","name":"LE PUBLIC","description":"","publisher":{"@id":"https:\/\/www.public.sn\/#organization"},"potentialAction":[{"@type":"SearchAction","target":{"@type":"EntryPoint","urlTemplate":"https:\/\/www.public.sn\/?s={search_term_string}"},"query-input":{"@type":"PropertyValueSpecification","valueRequired":true,"valueName":"search_term_string"}}],"inLanguage":"fr-FR"},{"@type":"Organization","@id":"https:\/\/www.public.sn\/#organization","name":"LE PUBLIC","url":"https:\/\/www.public.sn\/","logo":{"@type":"ImageObject","inLanguage":"fr-FR","@id":"https:\/\/www.public.sn\/#\/schema\/logo\/image\/","url":"https:\/\/www.public.sn\/wp-content\/uploads\/2024\/05\/cropped-LOGO-PUBLIC.SN_.png","contentUrl":"https:\/\/www.public.sn\/wp-content\/uploads\/2024\/05\/cropped-LOGO-PUBLIC.SN_.png","width":682,"height":192,"caption":"LE PUBLIC"},"image":{"@id":"https:\/\/www.public.sn\/#\/schema\/logo\/image\/"}},{"@type":"Person","@id":"https:\/\/www.public.sn\/#\/schema\/person\/e3f4a11b037d4203902db148f9bc8d5a","name":"LA REDACTION","image":{"@type":"ImageObject","inLanguage":"fr-FR","@id":"https:\/\/www.public.sn\/#\/schema\/person\/image\/","url":"https:\/\/secure.gravatar.com\/avatar\/d6c030db45db2883c075085c5d6c6258654a801a93766b49af0b82d4f454e2a5?s=96&d=mm&r=g","contentUrl":"https:\/\/secure.gravatar.com\/avatar\/d6c030db45db2883c075085c5d6c6258654a801a93766b49af0b82d4f454e2a5?s=96&d=mm&r=g","caption":"LA REDACTION"},"sameAs":["http:\/\/www.public.sn"],"url":"https:\/\/www.public.sn\/index.php\/author\/admin7324\/"}]}},"jetpack_featured_media_url":"https:\/\/www.public.sn\/wp-content\/uploads\/2022\/10\/assane-diop.jpg","jetpack_sharing_enabled":true,"_links":{"self":[{"href":"https:\/\/www.public.sn\/index.php\/wp-json\/wp\/v2\/posts\/4058","targetHints":{"allow":["GET"]}}],"collection":[{"href":"https:\/\/www.public.sn\/index.php\/wp-json\/wp\/v2\/posts"}],"about":[{"href":"https:\/\/www.public.sn\/index.php\/wp-json\/wp\/v2\/types\/post"}],"author":[{"embeddable":true,"href":"https:\/\/www.public.sn\/index.php\/wp-json\/wp\/v2\/users\/1"}],"replies":[{"embeddable":true,"href":"https:\/\/www.public.sn\/index.php\/wp-json\/wp\/v2\/comments?post=4058"}],"version-history":[{"count":3,"href":"https:\/\/www.public.sn\/index.php\/wp-json\/wp\/v2\/posts\/4058\/revisions"}],"predecessor-version":[{"id":4066,"href":"https:\/\/www.public.sn\/index.php\/wp-json\/wp\/v2\/posts\/4058\/revisions\/4066"}],"wp:featuredmedia":[{"embeddable":true,"href":"https:\/\/www.public.sn\/index.php\/wp-json\/wp\/v2\/media\/4064"}],"wp:attachment":[{"href":"https:\/\/www.public.sn\/index.php\/wp-json\/wp\/v2\/media?parent=4058"}],"wp:term":[{"taxonomy":"category","embeddable":true,"href":"https:\/\/www.public.sn\/index.php\/wp-json\/wp\/v2\/categories?post=4058"},{"taxonomy":"post_tag","embeddable":true,"href":"https:\/\/www.public.sn\/index.php\/wp-json\/wp\/v2\/tags?post=4058"}],"curies":[{"name":"wp","href":"https:\/\/api.w.org\/{rel}","templated":true}]}}