{"id":4072,"date":"2022-10-09T14:53:27","date_gmt":"2022-10-09T14:53:27","guid":{"rendered":"https:\/\/www.public.sn\/?p=4072"},"modified":"2022-10-09T14:53:29","modified_gmt":"2022-10-09T14:53:29","slug":"sport-joan-laporta-revient-a-la-charge-pour-la-super-ligue-europeenne","status":"publish","type":"post","link":"https:\/\/www.public.sn\/index.php\/2022\/10\/09\/sport-joan-laporta-revient-a-la-charge-pour-la-super-ligue-europeenne\/","title":{"rendered":"Sport : Joan Laporta revient \u00e0 la charge pour la super ligue europ\u00e9enne."},"content":{"rendered":"\n<p>A l\u2019occasion de l\u2019assembl\u00e9e G\u00e9n\u00e9rale du FC Barcelone, le pr\u00e9sident  Joan Laporta reste convaincu que le projet de Super Ligue europ\u00e9enne est \u00ab\u00a0plus attractive, juste et comp\u00e9titive\u00a0\u00bb et \u00ab\u00a0bas\u00e9e sur la m\u00e9ritocratie\u00a0\u00bb.<br><br>\u00ab\u00a0Avec la Super Ligue, les clubs seront ma\u00eetres de leur destin\u00a0\u00bb, a assur\u00e9 Laporta pendant son discours d&rsquo;ouverture de l&rsquo;assembl\u00e9e g\u00e9n\u00e9rale ordinaire du Bar\u00e7a, auquel \u00e9taient convoqu\u00e9s les 4451 repr\u00e9sentants des socios (supporters-actionnaires) du club.<br><br><\/p><div class=\"publi-paragraphe1\" style=\"margin-top: 10px;margin-bottom: 10px;margin-left: auto;margin-right: auto;text-align: center;\" id=\"publi-885043141\"><div class=\"publi-adlabel\">Publicit\u00e9<\/div><script async src=\"\/\/pagead2.googlesyndication.com\/pagead\/js\/adsbygoogle.js?client=ca-pub-4089586018074219\" crossorigin=\"anonymous\"><\/script><ins class=\"adsbygoogle\" style=\"display:block;\" data-ad-client=\"ca-pub-4089586018074219\" \ndata-ad-slot=\"2087940154\" \ndata-ad-format=\"auto\"><\/ins>\n<script> \n(adsbygoogle = window.adsbygoogle || []).push({}); \n<\/script>\n<\/div>\n\n\n\n<p>Pour lui, \u00ab\u00a0la situation des clubs est tr\u00e8s inqui\u00e9tante. Nous assumons tous les frais et tous les risques\u00a0\u00bb, a soulign\u00e9 Laporta. \u00ab\u00a0Le football europ\u00e9en est dans une dynamique n\u00e9gative quant au nombre de supporters et quant \u00e0 la captation de nouveaux publics. Les jeunes sont attir\u00e9s par d&rsquo;autres formes de divertissement. Si l&rsquo;on y ajoute les clubs-\u00c9tats, cela g\u00e9n\u00e8re une situation tr\u00e8s d\u00e9licate\u00a0\u00bb, a dit le dirigeant blaugrana.<br><br>\u00ab\u00a0La Super Ligue prendra en main tous ces probl\u00e8mes et offrira une comp\u00e9tition bien plus attractive, juste et comp\u00e9titive\u00a0\u00bb, a assur\u00e9 Laporta, pr\u00f4nant \u00ab\u00a0une ligue ouverte, bas\u00e9e sur la m\u00e9ritocratie\u00a0\u00bb. \u00ab\u00a0Je suis s\u00fbr que si l&rsquo;on peut travailler librement, nous proposerons un format qui conviendra \u00e0 tout le monde. Il y aura sous peu une d\u00e9cision de justice et nous ouvrirons alors une nouvelle voie de dialogue\u00a0\u00bb, a insist\u00e9 le pr\u00e9sident du Bar\u00e7a.<br><br><\/p>\n\n\n\n<p>Laporta \u00e9voquait la d\u00e9cision que la Cour de justice de l&rsquo;UE \u00e0 Luxembourg doit rendre sur un abus de position dominante reproch\u00e9 \u00e0 l&rsquo;UEFA. L&rsquo;avocat g\u00e9n\u00e9ral de la CJUE doit donner un avis consultatif le 15 d\u00e9cembre et la d\u00e9cision finale est attendue d\u00e9but 2023.<br><br><br><\/p>\n<div class=\"publi-apres-le-contenu\" style=\"margin-top: 10px;margin-bottom: 10px;margin-left: auto;margin-right: auto;text-align: center;\" id=\"publi-3736614434\"><div class=\"publi-adlabel\">Publicit\u00e9<\/div><script async src=\"\/\/pagead2.googlesyndication.com\/pagead\/js\/adsbygoogle.js?client=ca-pub-4089586018074219\" crossorigin=\"anonymous\"><\/script><ins class=\"adsbygoogle\" style=\"display:block;\" data-ad-client=\"ca-pub-4089586018074219\" \ndata-ad-slot=\"2087940154\" \ndata-ad-format=\"auto\"><\/ins>\n<script> \n(adsbygoogle = window.adsbygoogle || []).push({}); \n<\/script>\n<\/div>","protected":false},"excerpt":{"rendered":"<p>A l\u2019occasion de l\u2019assembl\u00e9e G\u00e9n\u00e9rale du FC Barcelone, le pr\u00e9sident Joan Laporta reste convaincu que le projet de Super Ligue europ\u00e9enne est \u00ab\u00a0plus attractive, juste et comp\u00e9titive\u00a0\u00bb et \u00ab\u00a0bas\u00e9e sur la m\u00e9ritocratie\u00a0\u00bb. \u00ab\u00a0Avec la Super Ligue, les clubs seront ma\u00eetres de leur destin\u00a0\u00bb, a assur\u00e9 Laporta pendant son discours d&rsquo;ouverture de l&rsquo;assembl\u00e9e g\u00e9n\u00e9rale ordinaire du Bar\u00e7a, auquel \u00e9taient convoqu\u00e9s les 4451 repr\u00e9sentants des socios (supporters-actionnaires) du club. Pour lui, \u00ab\u00a0la situation des clubs est tr\u00e8s inqui\u00e9tante. Nous assumons tous les frais et tous les risques\u00a0\u00bb, a soulign\u00e9 Laporta. \u00ab\u00a0Le football europ\u00e9en est dans une dynamique n\u00e9gative quant au nombre de supporters et quant \u00e0 la captation de nouveaux publics. Les jeunes sont attir\u00e9s par d&rsquo;autres formes de divertissement. Si l&rsquo;on y ajoute les clubs-\u00c9tats, cela g\u00e9n\u00e8re une situation tr\u00e8s d\u00e9licate\u00a0\u00bb, a dit le dirigeant blaugrana. \u00ab\u00a0La Super Ligue prendra en main tous ces probl\u00e8mes et offrira une comp\u00e9tition bien plus attractive, juste et comp\u00e9titive\u00a0\u00bb, a assur\u00e9 Laporta, pr\u00f4nant \u00ab\u00a0une ligue ouverte, bas\u00e9e sur la m\u00e9ritocratie\u00a0\u00bb. \u00ab\u00a0Je suis s\u00fbr que si l&rsquo;on peut travailler librement, nous proposerons un format qui conviendra \u00e0 tout le monde. Il y aura sous peu une d\u00e9cision de justice et nous ouvrirons alors une nouvelle voie de dialogue\u00a0\u00bb, a insist\u00e9 le pr\u00e9sident du Bar\u00e7a. Laporta \u00e9voquait la d\u00e9cision que la Cour de justice de l&rsquo;UE \u00e0 Luxembourg doit rendre sur un abus de position dominante reproch\u00e9 \u00e0 l&rsquo;UEFA. L&rsquo;avocat g\u00e9n\u00e9ral de la CJUE doit donner un avis consultatif le 15 d\u00e9cembre et la d\u00e9cision finale est attendue d\u00e9but 2023.<\/p>\n","protected":false},"author":1,"featured_media":4078,"comment_status":"open","ping_status":"open","sticky":false,"template":"","format":"standard","meta":{"_jetpack_memberships_contains_paid_content":false,"footnotes":""},"categories":[375,1,7],"tags":[1330,1262],"class_list":["post-4072","post","type-post","status-publish","format-standard","has-post-thumbnail","hentry","category-actualites","category-non-classe","category-sport","tag-laporta","tag-sport","entry","has-media","owp-thumbs-layout-horizontal","owp-btn-normal","owp-tabs-layout-horizontal","has-no-thumbnails","has-product-nav"],"yoast_head":"<!-- This site is optimized with the Yoast SEO plugin v25.5 - https:\/\/yoast.com\/wordpress\/plugins\/seo\/ -->\n<title>Sport : Joan Laporta revient \u00e0 la charge pour la super ligue europ\u00e9enne. - LE PUBLIC<\/title>\n<meta name=\"robots\" content=\"index, follow, max-snippet:-1, max-image-preview:large, max-video-preview:-1\" \/>\n<link rel=\"canonical\" href=\"https:\/\/www.public.sn\/index.php\/2022\/10\/09\/sport-joan-laporta-revient-a-la-charge-pour-la-super-ligue-europeenne\/\" \/>\n<meta property=\"og:locale\" content=\"fr_FR\" \/>\n<meta property=\"og:type\" content=\"article\" \/>\n<meta property=\"og:title\" content=\"Sport : Joan Laporta revient \u00e0 la charge pour la super ligue europ\u00e9enne. - LE PUBLIC\" \/>\n<meta property=\"og:description\" content=\"A l\u2019occasion de l\u2019assembl\u00e9e G\u00e9n\u00e9rale du FC Barcelone, le pr\u00e9sident Joan Laporta reste convaincu que le projet de Super Ligue europ\u00e9enne est \u00ab\u00a0plus attractive, juste et comp\u00e9titive\u00a0\u00bb et \u00ab\u00a0bas\u00e9e sur la m\u00e9ritocratie\u00a0\u00bb. \u00ab\u00a0Avec la Super Ligue, les clubs seront ma\u00eetres de leur destin\u00a0\u00bb, a assur\u00e9 Laporta pendant son discours d&rsquo;ouverture de l&rsquo;assembl\u00e9e g\u00e9n\u00e9rale ordinaire du Bar\u00e7a, auquel \u00e9taient convoqu\u00e9s les 4451 repr\u00e9sentants des socios (supporters-actionnaires) du club. Pour lui, \u00ab\u00a0la situation des clubs est tr\u00e8s inqui\u00e9tante. Nous assumons tous les frais et tous les risques\u00a0\u00bb, a soulign\u00e9 Laporta. \u00ab\u00a0Le football europ\u00e9en est dans une dynamique n\u00e9gative quant au nombre de supporters et quant \u00e0 la captation de nouveaux publics. Les jeunes sont attir\u00e9s par d&rsquo;autres formes de divertissement. Si l&rsquo;on y ajoute les clubs-\u00c9tats, cela g\u00e9n\u00e8re une situation tr\u00e8s d\u00e9licate\u00a0\u00bb, a dit le dirigeant blaugrana. \u00ab\u00a0La Super Ligue prendra en main tous ces probl\u00e8mes et offrira une comp\u00e9tition bien plus attractive, juste et comp\u00e9titive\u00a0\u00bb, a assur\u00e9 Laporta, pr\u00f4nant \u00ab\u00a0une ligue ouverte, bas\u00e9e sur la m\u00e9ritocratie\u00a0\u00bb. \u00ab\u00a0Je suis s\u00fbr que si l&rsquo;on peut travailler librement, nous proposerons un format qui conviendra \u00e0 tout le monde. Il y aura sous peu une d\u00e9cision de justice et nous ouvrirons alors une nouvelle voie de dialogue\u00a0\u00bb, a insist\u00e9 le pr\u00e9sident du Bar\u00e7a. Laporta \u00e9voquait la d\u00e9cision que la Cour de justice de l&rsquo;UE \u00e0 Luxembourg doit rendre sur un abus de position dominante reproch\u00e9 \u00e0 l&rsquo;UEFA. L&rsquo;avocat g\u00e9n\u00e9ral de la CJUE doit donner un avis consultatif le 15 d\u00e9cembre et la d\u00e9cision finale est attendue d\u00e9but 2023.\" \/>\n<meta property=\"og:url\" content=\"https:\/\/www.public.sn\/index.php\/2022\/10\/09\/sport-joan-laporta-revient-a-la-charge-pour-la-super-ligue-europeenne\/\" \/>\n<meta property=\"og:site_name\" content=\"LE PUBLIC\" \/>\n<meta property=\"article:published_time\" content=\"2022-10-09T14:53:27+00:00\" \/>\n<meta property=\"article:modified_time\" content=\"2022-10-09T14:53:29+00:00\" \/>\n<meta property=\"og:image\" content=\"https:\/\/www.public.sn\/wp-content\/uploads\/2022\/10\/Joan-Laporta-1200x800-1.jpg\" \/>\n\t<meta property=\"og:image:width\" content=\"1080\" \/>\n\t<meta property=\"og:image:height\" content=\"720\" \/>\n\t<meta property=\"og:image:type\" content=\"image\/jpeg\" \/>\n<meta name=\"author\" content=\"LA REDACTION\" \/>\n<meta name=\"twitter:card\" content=\"summary_large_image\" \/>\n<meta name=\"twitter:label1\" content=\"\u00c9crit par\" \/>\n\t<meta name=\"twitter:data1\" content=\"LA REDACTION\" \/>\n\t<meta name=\"twitter:label2\" content=\"Dur\u00e9e de lecture estim\u00e9e\" \/>\n\t<meta name=\"twitter:data2\" content=\"2 minutes\" \/>\n<script type=\"application\/ld+json\" class=\"yoast-schema-graph\">{\"@context\":\"https:\/\/schema.org\",\"@graph\":[{\"@type\":\"Article\",\"@id\":\"https:\/\/www.public.sn\/index.php\/2022\/10\/09\/sport-joan-laporta-revient-a-la-charge-pour-la-super-ligue-europeenne\/#article\",\"isPartOf\":{\"@id\":\"https:\/\/www.public.sn\/index.php\/2022\/10\/09\/sport-joan-laporta-revient-a-la-charge-pour-la-super-ligue-europeenne\/\"},\"author\":{\"name\":\"LA REDACTION\",\"@id\":\"https:\/\/www.public.sn\/#\/schema\/person\/e3f4a11b037d4203902db148f9bc8d5a\"},\"headline\":\"Sport : Joan Laporta revient \u00e0 la charge pour la super ligue europ\u00e9enne.\",\"datePublished\":\"2022-10-09T14:53:27+00:00\",\"dateModified\":\"2022-10-09T14:53:29+00:00\",\"mainEntityOfPage\":{\"@id\":\"https:\/\/www.public.sn\/index.php\/2022\/10\/09\/sport-joan-laporta-revient-a-la-charge-pour-la-super-ligue-europeenne\/\"},\"wordCount\":301,\"commentCount\":0,\"publisher\":{\"@id\":\"https:\/\/www.public.sn\/#organization\"},\"image\":{\"@id\":\"https:\/\/www.public.sn\/index.php\/2022\/10\/09\/sport-joan-laporta-revient-a-la-charge-pour-la-super-ligue-europeenne\/#primaryimage\"},\"thumbnailUrl\":\"https:\/\/www.public.sn\/wp-content\/uploads\/2022\/10\/Joan-Laporta-1200x800-1.jpg\",\"keywords\":[\"laporta\",\"Sport\"],\"articleSection\":[\"ACTUALIT\u00c9S\",\"S\u00c9N\u00c9GAL\",\"SPORTS\"],\"inLanguage\":\"fr-FR\",\"potentialAction\":[{\"@type\":\"CommentAction\",\"name\":\"Comment\",\"target\":[\"https:\/\/www.public.sn\/index.php\/2022\/10\/09\/sport-joan-laporta-revient-a-la-charge-pour-la-super-ligue-europeenne\/#respond\"]}]},{\"@type\":\"WebPage\",\"@id\":\"https:\/\/www.public.sn\/index.php\/2022\/10\/09\/sport-joan-laporta-revient-a-la-charge-pour-la-super-ligue-europeenne\/\",\"url\":\"https:\/\/www.public.sn\/index.php\/2022\/10\/09\/sport-joan-laporta-revient-a-la-charge-pour-la-super-ligue-europeenne\/\",\"name\":\"Sport : Joan Laporta revient \u00e0 la charge pour la super ligue europ\u00e9enne. - LE PUBLIC\",\"isPartOf\":{\"@id\":\"https:\/\/www.public.sn\/#website\"},\"primaryImageOfPage\":{\"@id\":\"https:\/\/www.public.sn\/index.php\/2022\/10\/09\/sport-joan-laporta-revient-a-la-charge-pour-la-super-ligue-europeenne\/#primaryimage\"},\"image\":{\"@id\":\"https:\/\/www.public.sn\/index.php\/2022\/10\/09\/sport-joan-laporta-revient-a-la-charge-pour-la-super-ligue-europeenne\/#primaryimage\"},\"thumbnailUrl\":\"https:\/\/www.public.sn\/wp-content\/uploads\/2022\/10\/Joan-Laporta-1200x800-1.jpg\",\"datePublished\":\"2022-10-09T14:53:27+00:00\",\"dateModified\":\"2022-10-09T14:53:29+00:00\",\"breadcrumb\":{\"@id\":\"https:\/\/www.public.sn\/index.php\/2022\/10\/09\/sport-joan-laporta-revient-a-la-charge-pour-la-super-ligue-europeenne\/#breadcrumb\"},\"inLanguage\":\"fr-FR\",\"potentialAction\":[{\"@type\":\"ReadAction\",\"target\":[\"https:\/\/www.public.sn\/index.php\/2022\/10\/09\/sport-joan-laporta-revient-a-la-charge-pour-la-super-ligue-europeenne\/\"]}]},{\"@type\":\"ImageObject\",\"inLanguage\":\"fr-FR\",\"@id\":\"https:\/\/www.public.sn\/index.php\/2022\/10\/09\/sport-joan-laporta-revient-a-la-charge-pour-la-super-ligue-europeenne\/#primaryimage\",\"url\":\"https:\/\/www.public.sn\/wp-content\/uploads\/2022\/10\/Joan-Laporta-1200x800-1.jpg\",\"contentUrl\":\"https:\/\/www.public.sn\/wp-content\/uploads\/2022\/10\/Joan-Laporta-1200x800-1.jpg\",\"width\":1080,\"height\":720,\"caption\":\"publicsn\"},{\"@type\":\"BreadcrumbList\",\"@id\":\"https:\/\/www.public.sn\/index.php\/2022\/10\/09\/sport-joan-laporta-revient-a-la-charge-pour-la-super-ligue-europeenne\/#breadcrumb\",\"itemListElement\":[{\"@type\":\"ListItem\",\"position\":1,\"name\":\"Accueil\",\"item\":\"https:\/\/www.public.sn\/\"},{\"@type\":\"ListItem\",\"position\":2,\"name\":\"Sport : Joan Laporta revient \u00e0 la charge pour la super ligue europ\u00e9enne.\"}]},{\"@type\":\"WebSite\",\"@id\":\"https:\/\/www.public.sn\/#website\",\"url\":\"https:\/\/www.public.sn\/\",\"name\":\"LE PUBLIC\",\"description\":\"\",\"publisher\":{\"@id\":\"https:\/\/www.public.sn\/#organization\"},\"potentialAction\":[{\"@type\":\"SearchAction\",\"target\":{\"@type\":\"EntryPoint\",\"urlTemplate\":\"https:\/\/www.public.sn\/?s={search_term_string}\"},\"query-input\":{\"@type\":\"PropertyValueSpecification\",\"valueRequired\":true,\"valueName\":\"search_term_string\"}}],\"inLanguage\":\"fr-FR\"},{\"@type\":\"Organization\",\"@id\":\"https:\/\/www.public.sn\/#organization\",\"name\":\"LE PUBLIC\",\"url\":\"https:\/\/www.public.sn\/\",\"logo\":{\"@type\":\"ImageObject\",\"inLanguage\":\"fr-FR\",\"@id\":\"https:\/\/www.public.sn\/#\/schema\/logo\/image\/\",\"url\":\"https:\/\/www.public.sn\/wp-content\/uploads\/2024\/05\/cropped-LOGO-PUBLIC.SN_.png\",\"contentUrl\":\"https:\/\/www.public.sn\/wp-content\/uploads\/2024\/05\/cropped-LOGO-PUBLIC.SN_.png\",\"width\":682,\"height\":192,\"caption\":\"LE PUBLIC\"},\"image\":{\"@id\":\"https:\/\/www.public.sn\/#\/schema\/logo\/image\/\"}},{\"@type\":\"Person\",\"@id\":\"https:\/\/www.public.sn\/#\/schema\/person\/e3f4a11b037d4203902db148f9bc8d5a\",\"name\":\"LA REDACTION\",\"image\":{\"@type\":\"ImageObject\",\"inLanguage\":\"fr-FR\",\"@id\":\"https:\/\/www.public.sn\/#\/schema\/person\/image\/\",\"url\":\"https:\/\/secure.gravatar.com\/avatar\/d6c030db45db2883c075085c5d6c6258654a801a93766b49af0b82d4f454e2a5?s=96&d=mm&r=g\",\"contentUrl\":\"https:\/\/secure.gravatar.com\/avatar\/d6c030db45db2883c075085c5d6c6258654a801a93766b49af0b82d4f454e2a5?s=96&d=mm&r=g\",\"caption\":\"LA REDACTION\"},\"sameAs\":[\"http:\/\/www.public.sn\"],\"url\":\"https:\/\/www.public.sn\/index.php\/author\/admin7324\/\"}]}<\/script>\n<!-- \/ Yoast SEO plugin. -->","yoast_head_json":{"title":"Sport : Joan Laporta revient \u00e0 la charge pour la super ligue europ\u00e9enne. - LE PUBLIC","robots":{"index":"index","follow":"follow","max-snippet":"max-snippet:-1","max-image-preview":"max-image-preview:large","max-video-preview":"max-video-preview:-1"},"canonical":"https:\/\/www.public.sn\/index.php\/2022\/10\/09\/sport-joan-laporta-revient-a-la-charge-pour-la-super-ligue-europeenne\/","og_locale":"fr_FR","og_type":"article","og_title":"Sport : Joan Laporta revient \u00e0 la charge pour la super ligue europ\u00e9enne. - LE PUBLIC","og_description":"A l\u2019occasion de l\u2019assembl\u00e9e G\u00e9n\u00e9rale du FC Barcelone, le pr\u00e9sident Joan Laporta reste convaincu que le projet de Super Ligue europ\u00e9enne est \u00ab\u00a0plus attractive, juste et comp\u00e9titive\u00a0\u00bb et \u00ab\u00a0bas\u00e9e sur la m\u00e9ritocratie\u00a0\u00bb. \u00ab\u00a0Avec la Super Ligue, les clubs seront ma\u00eetres de leur destin\u00a0\u00bb, a assur\u00e9 Laporta pendant son discours d&rsquo;ouverture de l&rsquo;assembl\u00e9e g\u00e9n\u00e9rale ordinaire du Bar\u00e7a, auquel \u00e9taient convoqu\u00e9s les 4451 repr\u00e9sentants des socios (supporters-actionnaires) du club. Pour lui, \u00ab\u00a0la situation des clubs est tr\u00e8s inqui\u00e9tante. Nous assumons tous les frais et tous les risques\u00a0\u00bb, a soulign\u00e9 Laporta. \u00ab\u00a0Le football europ\u00e9en est dans une dynamique n\u00e9gative quant au nombre de supporters et quant \u00e0 la captation de nouveaux publics. Les jeunes sont attir\u00e9s par d&rsquo;autres formes de divertissement. Si l&rsquo;on y ajoute les clubs-\u00c9tats, cela g\u00e9n\u00e8re une situation tr\u00e8s d\u00e9licate\u00a0\u00bb, a dit le dirigeant blaugrana. \u00ab\u00a0La Super Ligue prendra en main tous ces probl\u00e8mes et offrira une comp\u00e9tition bien plus attractive, juste et comp\u00e9titive\u00a0\u00bb, a assur\u00e9 Laporta, pr\u00f4nant \u00ab\u00a0une ligue ouverte, bas\u00e9e sur la m\u00e9ritocratie\u00a0\u00bb. \u00ab\u00a0Je suis s\u00fbr que si l&rsquo;on peut travailler librement, nous proposerons un format qui conviendra \u00e0 tout le monde. Il y aura sous peu une d\u00e9cision de justice et nous ouvrirons alors une nouvelle voie de dialogue\u00a0\u00bb, a insist\u00e9 le pr\u00e9sident du Bar\u00e7a. Laporta \u00e9voquait la d\u00e9cision que la Cour de justice de l&rsquo;UE \u00e0 Luxembourg doit rendre sur un abus de position dominante reproch\u00e9 \u00e0 l&rsquo;UEFA. L&rsquo;avocat g\u00e9n\u00e9ral de la CJUE doit donner un avis consultatif le 15 d\u00e9cembre et la d\u00e9cision finale est attendue d\u00e9but 2023.","og_url":"https:\/\/www.public.sn\/index.php\/2022\/10\/09\/sport-joan-laporta-revient-a-la-charge-pour-la-super-ligue-europeenne\/","og_site_name":"LE PUBLIC","article_published_time":"2022-10-09T14:53:27+00:00","article_modified_time":"2022-10-09T14:53:29+00:00","og_image":[{"width":1080,"height":720,"url":"https:\/\/www.public.sn\/wp-content\/uploads\/2022\/10\/Joan-Laporta-1200x800-1.jpg","type":"image\/jpeg"}],"author":"LA REDACTION","twitter_card":"summary_large_image","twitter_misc":{"\u00c9crit par":"LA REDACTION","Dur\u00e9e de lecture estim\u00e9e":"2 minutes"},"schema":{"@context":"https:\/\/schema.org","@graph":[{"@type":"Article","@id":"https:\/\/www.public.sn\/index.php\/2022\/10\/09\/sport-joan-laporta-revient-a-la-charge-pour-la-super-ligue-europeenne\/#article","isPartOf":{"@id":"https:\/\/www.public.sn\/index.php\/2022\/10\/09\/sport-joan-laporta-revient-a-la-charge-pour-la-super-ligue-europeenne\/"},"author":{"name":"LA REDACTION","@id":"https:\/\/www.public.sn\/#\/schema\/person\/e3f4a11b037d4203902db148f9bc8d5a"},"headline":"Sport : Joan Laporta revient \u00e0 la charge pour la super ligue europ\u00e9enne.","datePublished":"2022-10-09T14:53:27+00:00","dateModified":"2022-10-09T14:53:29+00:00","mainEntityOfPage":{"@id":"https:\/\/www.public.sn\/index.php\/2022\/10\/09\/sport-joan-laporta-revient-a-la-charge-pour-la-super-ligue-europeenne\/"},"wordCount":301,"commentCount":0,"publisher":{"@id":"https:\/\/www.public.sn\/#organization"},"image":{"@id":"https:\/\/www.public.sn\/index.php\/2022\/10\/09\/sport-joan-laporta-revient-a-la-charge-pour-la-super-ligue-europeenne\/#primaryimage"},"thumbnailUrl":"https:\/\/www.public.sn\/wp-content\/uploads\/2022\/10\/Joan-Laporta-1200x800-1.jpg","keywords":["laporta","Sport"],"articleSection":["ACTUALIT\u00c9S","S\u00c9N\u00c9GAL","SPORTS"],"inLanguage":"fr-FR","potentialAction":[{"@type":"CommentAction","name":"Comment","target":["https:\/\/www.public.sn\/index.php\/2022\/10\/09\/sport-joan-laporta-revient-a-la-charge-pour-la-super-ligue-europeenne\/#respond"]}]},{"@type":"WebPage","@id":"https:\/\/www.public.sn\/index.php\/2022\/10\/09\/sport-joan-laporta-revient-a-la-charge-pour-la-super-ligue-europeenne\/","url":"https:\/\/www.public.sn\/index.php\/2022\/10\/09\/sport-joan-laporta-revient-a-la-charge-pour-la-super-ligue-europeenne\/","name":"Sport : Joan Laporta revient \u00e0 la charge pour la super ligue europ\u00e9enne. - LE PUBLIC","isPartOf":{"@id":"https:\/\/www.public.sn\/#website"},"primaryImageOfPage":{"@id":"https:\/\/www.public.sn\/index.php\/2022\/10\/09\/sport-joan-laporta-revient-a-la-charge-pour-la-super-ligue-europeenne\/#primaryimage"},"image":{"@id":"https:\/\/www.public.sn\/index.php\/2022\/10\/09\/sport-joan-laporta-revient-a-la-charge-pour-la-super-ligue-europeenne\/#primaryimage"},"thumbnailUrl":"https:\/\/www.public.sn\/wp-content\/uploads\/2022\/10\/Joan-Laporta-1200x800-1.jpg","datePublished":"2022-10-09T14:53:27+00:00","dateModified":"2022-10-09T14:53:29+00:00","breadcrumb":{"@id":"https:\/\/www.public.sn\/index.php\/2022\/10\/09\/sport-joan-laporta-revient-a-la-charge-pour-la-super-ligue-europeenne\/#breadcrumb"},"inLanguage":"fr-FR","potentialAction":[{"@type":"ReadAction","target":["https:\/\/www.public.sn\/index.php\/2022\/10\/09\/sport-joan-laporta-revient-a-la-charge-pour-la-super-ligue-europeenne\/"]}]},{"@type":"ImageObject","inLanguage":"fr-FR","@id":"https:\/\/www.public.sn\/index.php\/2022\/10\/09\/sport-joan-laporta-revient-a-la-charge-pour-la-super-ligue-europeenne\/#primaryimage","url":"https:\/\/www.public.sn\/wp-content\/uploads\/2022\/10\/Joan-Laporta-1200x800-1.jpg","contentUrl":"https:\/\/www.public.sn\/wp-content\/uploads\/2022\/10\/Joan-Laporta-1200x800-1.jpg","width":1080,"height":720,"caption":"publicsn"},{"@type":"BreadcrumbList","@id":"https:\/\/www.public.sn\/index.php\/2022\/10\/09\/sport-joan-laporta-revient-a-la-charge-pour-la-super-ligue-europeenne\/#breadcrumb","itemListElement":[{"@type":"ListItem","position":1,"name":"Accueil","item":"https:\/\/www.public.sn\/"},{"@type":"ListItem","position":2,"name":"Sport : Joan Laporta revient \u00e0 la charge pour la super ligue europ\u00e9enne."}]},{"@type":"WebSite","@id":"https:\/\/www.public.sn\/#website","url":"https:\/\/www.public.sn\/","name":"LE PUBLIC","description":"","publisher":{"@id":"https:\/\/www.public.sn\/#organization"},"potentialAction":[{"@type":"SearchAction","target":{"@type":"EntryPoint","urlTemplate":"https:\/\/www.public.sn\/?s={search_term_string}"},"query-input":{"@type":"PropertyValueSpecification","valueRequired":true,"valueName":"search_term_string"}}],"inLanguage":"fr-FR"},{"@type":"Organization","@id":"https:\/\/www.public.sn\/#organization","name":"LE PUBLIC","url":"https:\/\/www.public.sn\/","logo":{"@type":"ImageObject","inLanguage":"fr-FR","@id":"https:\/\/www.public.sn\/#\/schema\/logo\/image\/","url":"https:\/\/www.public.sn\/wp-content\/uploads\/2024\/05\/cropped-LOGO-PUBLIC.SN_.png","contentUrl":"https:\/\/www.public.sn\/wp-content\/uploads\/2024\/05\/cropped-LOGO-PUBLIC.SN_.png","width":682,"height":192,"caption":"LE PUBLIC"},"image":{"@id":"https:\/\/www.public.sn\/#\/schema\/logo\/image\/"}},{"@type":"Person","@id":"https:\/\/www.public.sn\/#\/schema\/person\/e3f4a11b037d4203902db148f9bc8d5a","name":"LA REDACTION","image":{"@type":"ImageObject","inLanguage":"fr-FR","@id":"https:\/\/www.public.sn\/#\/schema\/person\/image\/","url":"https:\/\/secure.gravatar.com\/avatar\/d6c030db45db2883c075085c5d6c6258654a801a93766b49af0b82d4f454e2a5?s=96&d=mm&r=g","contentUrl":"https:\/\/secure.gravatar.com\/avatar\/d6c030db45db2883c075085c5d6c6258654a801a93766b49af0b82d4f454e2a5?s=96&d=mm&r=g","caption":"LA REDACTION"},"sameAs":["http:\/\/www.public.sn"],"url":"https:\/\/www.public.sn\/index.php\/author\/admin7324\/"}]}},"jetpack_featured_media_url":"https:\/\/www.public.sn\/wp-content\/uploads\/2022\/10\/Joan-Laporta-1200x800-1.jpg","jetpack_sharing_enabled":true,"_links":{"self":[{"href":"https:\/\/www.public.sn\/index.php\/wp-json\/wp\/v2\/posts\/4072","targetHints":{"allow":["GET"]}}],"collection":[{"href":"https:\/\/www.public.sn\/index.php\/wp-json\/wp\/v2\/posts"}],"about":[{"href":"https:\/\/www.public.sn\/index.php\/wp-json\/wp\/v2\/types\/post"}],"author":[{"embeddable":true,"href":"https:\/\/www.public.sn\/index.php\/wp-json\/wp\/v2\/users\/1"}],"replies":[{"embeddable":true,"href":"https:\/\/www.public.sn\/index.php\/wp-json\/wp\/v2\/comments?post=4072"}],"version-history":[{"count":2,"href":"https:\/\/www.public.sn\/index.php\/wp-json\/wp\/v2\/posts\/4072\/revisions"}],"predecessor-version":[{"id":4079,"href":"https:\/\/www.public.sn\/index.php\/wp-json\/wp\/v2\/posts\/4072\/revisions\/4079"}],"wp:featuredmedia":[{"embeddable":true,"href":"https:\/\/www.public.sn\/index.php\/wp-json\/wp\/v2\/media\/4078"}],"wp:attachment":[{"href":"https:\/\/www.public.sn\/index.php\/wp-json\/wp\/v2\/media?parent=4072"}],"wp:term":[{"taxonomy":"category","embeddable":true,"href":"https:\/\/www.public.sn\/index.php\/wp-json\/wp\/v2\/categories?post=4072"},{"taxonomy":"post_tag","embeddable":true,"href":"https:\/\/www.public.sn\/index.php\/wp-json\/wp\/v2\/tags?post=4072"}],"curies":[{"name":"wp","href":"https:\/\/api.w.org\/{rel}","templated":true}]}}