{"id":4189,"date":"2022-10-11T14:22:48","date_gmt":"2022-10-11T14:22:48","guid":{"rendered":"https:\/\/www.public.sn\/?p=4189"},"modified":"2022-10-11T14:29:27","modified_gmt":"2022-10-11T14:29:27","slug":"viol-deux-lascars-abusent-dune-deficiente-mentale","status":"publish","type":"post","link":"https:\/\/www.public.sn\/index.php\/2022\/10\/11\/viol-deux-lascars-abusent-dune-deficiente-mentale\/","title":{"rendered":"Viol : Deux lascars abusent d&rsquo;une d\u00e9ficiente mentale."},"content":{"rendered":"\n<p><strong>Il faut \u00eatre \u00ab tordus \u00bb pour violer une d\u00e9ficiente mentale toutes les nuits. Un instinct animal dont deux individus ont fait montre en s\u00e9questrant une d\u00e9ficiente mentale pour en faire leur objet sexuel. <\/strong><\/p><div class=\"publi-paragraphe1\" style=\"margin-top: 10px;margin-bottom: 10px;margin-left: auto;margin-right: auto;text-align: center;\" id=\"publi-54911126\"><div class=\"publi-adlabel\">Publicit\u00e9<\/div><script async src=\"\/\/pagead2.googlesyndication.com\/pagead\/js\/adsbygoogle.js?client=ca-pub-4089586018074219\" crossorigin=\"anonymous\"><\/script><ins class=\"adsbygoogle\" style=\"display:block;\" data-ad-client=\"ca-pub-4089586018074219\" \ndata-ad-slot=\"2087940154\" \ndata-ad-format=\"auto\"><\/ins>\n<script> \n(adsbygoogle = window.adsbygoogle || []).push({}); \n<\/script>\n<\/div>\n\n\n\n<p>Squattant l\u2019auto \u2013pont de Keur Massar, les deux lascars n\u2019h\u00e9sitaient pas \u00e0 accomplir leur sale besogne sur cette personne vuln\u00e9rable nous renseigne Lib\u00e9ration. Et ce sont les passants qui ont constat\u00e9s ses habits macul\u00e9s de sang qui ont avertis les gendarmes de la localit\u00e9. Apr\u00e8s les soins d\u2019usage et interrogations, elle fut reconduite sur les lieux. Et c\u2019est l\u00e0 bas que la d\u00e9ficiente mentale \u00e0 d\u00e9sign\u00e9 les deux coupables qui ont \u00e9t\u00e9 alpagu\u00e9s par les pandores de Keur Massar avant d\u2019\u00eatre conduits \u00e0 la brigade pour n\u00e9cessit\u00e9 de l\u2019enqu\u00eate.<br><\/p>\n\n\n\n<p>Samba SY.<br><\/p>\n<div class=\"publi-apres-le-contenu\" style=\"margin-top: 10px;margin-bottom: 10px;margin-left: auto;margin-right: auto;text-align: center;\" id=\"publi-193403626\"><div class=\"publi-adlabel\">Publicit\u00e9<\/div><script async src=\"\/\/pagead2.googlesyndication.com\/pagead\/js\/adsbygoogle.js?client=ca-pub-4089586018074219\" crossorigin=\"anonymous\"><\/script><ins class=\"adsbygoogle\" style=\"display:block;\" data-ad-client=\"ca-pub-4089586018074219\" \ndata-ad-slot=\"2087940154\" \ndata-ad-format=\"auto\"><\/ins>\n<script> \n(adsbygoogle = window.adsbygoogle || []).push({}); \n<\/script>\n<\/div>","protected":false},"excerpt":{"rendered":"<p>Il faut \u00eatre \u00ab tordus \u00bb pour violer une d\u00e9ficiente mentale toutes les nuits. Un instinct animal dont deux individus ont fait montre en s\u00e9questrant une d\u00e9ficiente mentale pour en faire leur objet sexuel. Squattant l\u2019auto \u2013pont de Keur Massar, les deux lascars n\u2019h\u00e9sitaient pas \u00e0 accomplir leur sale besogne sur cette personne vuln\u00e9rable nous renseigne Lib\u00e9ration. Et ce sont les passants qui ont constat\u00e9s ses habits macul\u00e9s de sang qui ont avertis les gendarmes de la localit\u00e9. Apr\u00e8s les soins d\u2019usage et interrogations, elle fut reconduite sur les lieux. Et c\u2019est l\u00e0 bas que la d\u00e9ficiente mentale \u00e0 d\u00e9sign\u00e9 les deux coupables qui ont \u00e9t\u00e9 alpagu\u00e9s par les pandores de Keur Massar avant d\u2019\u00eatre conduits \u00e0 la brigade pour n\u00e9cessit\u00e9 de l\u2019enqu\u00eate. Samba SY.<\/p>\n","protected":false},"author":1,"featured_media":4195,"comment_status":"open","ping_status":"open","sticky":false,"template":"","format":"standard","meta":{"_jetpack_memberships_contains_paid_content":false,"footnotes":""},"categories":[375,379,1],"tags":[1379,1378,263],"class_list":["post-4189","post","type-post","status-publish","format-standard","has-post-thumbnail","hentry","category-actualites","category-faits-divers","category-non-classe","tag-deficiente-mentale","tag-keur-massar","tag-viol","entry","has-media","owp-thumbs-layout-horizontal","owp-btn-normal","owp-tabs-layout-horizontal","has-no-thumbnails","has-product-nav"],"yoast_head":"<!-- This site is optimized with the Yoast SEO plugin v25.5 - https:\/\/yoast.com\/wordpress\/plugins\/seo\/ -->\n<title>Viol : Deux lascars abusent d&#039;une d\u00e9ficiente mentale. - LE PUBLIC<\/title>\n<meta name=\"robots\" content=\"index, follow, max-snippet:-1, max-image-preview:large, max-video-preview:-1\" \/>\n<link rel=\"canonical\" href=\"https:\/\/www.public.sn\/index.php\/2022\/10\/11\/viol-deux-lascars-abusent-dune-deficiente-mentale\/\" \/>\n<meta property=\"og:locale\" content=\"fr_FR\" \/>\n<meta property=\"og:type\" content=\"article\" \/>\n<meta property=\"og:title\" content=\"Viol : Deux lascars abusent d&#039;une d\u00e9ficiente mentale. - LE PUBLIC\" \/>\n<meta property=\"og:description\" content=\"Il faut \u00eatre \u00ab tordus \u00bb pour violer une d\u00e9ficiente mentale toutes les nuits. Un instinct animal dont deux individus ont fait montre en s\u00e9questrant une d\u00e9ficiente mentale pour en faire leur objet sexuel. Squattant l\u2019auto \u2013pont de Keur Massar, les deux lascars n\u2019h\u00e9sitaient pas \u00e0 accomplir leur sale besogne sur cette personne vuln\u00e9rable nous renseigne Lib\u00e9ration. Et ce sont les passants qui ont constat\u00e9s ses habits macul\u00e9s de sang qui ont avertis les gendarmes de la localit\u00e9. Apr\u00e8s les soins d\u2019usage et interrogations, elle fut reconduite sur les lieux. Et c\u2019est l\u00e0 bas que la d\u00e9ficiente mentale \u00e0 d\u00e9sign\u00e9 les deux coupables qui ont \u00e9t\u00e9 alpagu\u00e9s par les pandores de Keur Massar avant d\u2019\u00eatre conduits \u00e0 la brigade pour n\u00e9cessit\u00e9 de l\u2019enqu\u00eate. Samba SY.\" \/>\n<meta property=\"og:url\" content=\"https:\/\/www.public.sn\/index.php\/2022\/10\/11\/viol-deux-lascars-abusent-dune-deficiente-mentale\/\" \/>\n<meta property=\"og:site_name\" content=\"LE PUBLIC\" \/>\n<meta property=\"article:published_time\" content=\"2022-10-11T14:22:48+00:00\" \/>\n<meta property=\"article:modified_time\" content=\"2022-10-11T14:29:27+00:00\" \/>\n<meta property=\"og:image\" content=\"https:\/\/www.public.sn\/wp-content\/uploads\/2022\/10\/deficiente.jpg\" \/>\n\t<meta property=\"og:image:width\" content=\"800\" \/>\n\t<meta property=\"og:image:height\" content=\"450\" \/>\n\t<meta property=\"og:image:type\" content=\"image\/jpeg\" \/>\n<meta name=\"author\" content=\"LA REDACTION\" \/>\n<meta name=\"twitter:card\" content=\"summary_large_image\" \/>\n<meta name=\"twitter:label1\" content=\"\u00c9crit par\" \/>\n\t<meta name=\"twitter:data1\" content=\"LA REDACTION\" \/>\n\t<meta name=\"twitter:label2\" content=\"Dur\u00e9e de lecture estim\u00e9e\" \/>\n\t<meta name=\"twitter:data2\" content=\"1 minute\" \/>\n<script type=\"application\/ld+json\" class=\"yoast-schema-graph\">{\"@context\":\"https:\/\/schema.org\",\"@graph\":[{\"@type\":\"Article\",\"@id\":\"https:\/\/www.public.sn\/index.php\/2022\/10\/11\/viol-deux-lascars-abusent-dune-deficiente-mentale\/#article\",\"isPartOf\":{\"@id\":\"https:\/\/www.public.sn\/index.php\/2022\/10\/11\/viol-deux-lascars-abusent-dune-deficiente-mentale\/\"},\"author\":{\"name\":\"LA REDACTION\",\"@id\":\"https:\/\/www.public.sn\/#\/schema\/person\/e3f4a11b037d4203902db148f9bc8d5a\"},\"headline\":\"Viol : Deux lascars abusent d&rsquo;une d\u00e9ficiente mentale.\",\"datePublished\":\"2022-10-11T14:22:48+00:00\",\"dateModified\":\"2022-10-11T14:29:27+00:00\",\"mainEntityOfPage\":{\"@id\":\"https:\/\/www.public.sn\/index.php\/2022\/10\/11\/viol-deux-lascars-abusent-dune-deficiente-mentale\/\"},\"wordCount\":148,\"commentCount\":0,\"publisher\":{\"@id\":\"https:\/\/www.public.sn\/#organization\"},\"image\":{\"@id\":\"https:\/\/www.public.sn\/index.php\/2022\/10\/11\/viol-deux-lascars-abusent-dune-deficiente-mentale\/#primaryimage\"},\"thumbnailUrl\":\"https:\/\/www.public.sn\/wp-content\/uploads\/2022\/10\/deficiente.jpg\",\"keywords\":[\"deficiente mentale\",\"keur massar\",\"Viol\"],\"articleSection\":[\"ACTUALIT\u00c9S\",\"FAITS DIVERS\",\"S\u00c9N\u00c9GAL\"],\"inLanguage\":\"fr-FR\",\"potentialAction\":[{\"@type\":\"CommentAction\",\"name\":\"Comment\",\"target\":[\"https:\/\/www.public.sn\/index.php\/2022\/10\/11\/viol-deux-lascars-abusent-dune-deficiente-mentale\/#respond\"]}]},{\"@type\":\"WebPage\",\"@id\":\"https:\/\/www.public.sn\/index.php\/2022\/10\/11\/viol-deux-lascars-abusent-dune-deficiente-mentale\/\",\"url\":\"https:\/\/www.public.sn\/index.php\/2022\/10\/11\/viol-deux-lascars-abusent-dune-deficiente-mentale\/\",\"name\":\"Viol : Deux lascars abusent d'une d\u00e9ficiente mentale. - LE PUBLIC\",\"isPartOf\":{\"@id\":\"https:\/\/www.public.sn\/#website\"},\"primaryImageOfPage\":{\"@id\":\"https:\/\/www.public.sn\/index.php\/2022\/10\/11\/viol-deux-lascars-abusent-dune-deficiente-mentale\/#primaryimage\"},\"image\":{\"@id\":\"https:\/\/www.public.sn\/index.php\/2022\/10\/11\/viol-deux-lascars-abusent-dune-deficiente-mentale\/#primaryimage\"},\"thumbnailUrl\":\"https:\/\/www.public.sn\/wp-content\/uploads\/2022\/10\/deficiente.jpg\",\"datePublished\":\"2022-10-11T14:22:48+00:00\",\"dateModified\":\"2022-10-11T14:29:27+00:00\",\"breadcrumb\":{\"@id\":\"https:\/\/www.public.sn\/index.php\/2022\/10\/11\/viol-deux-lascars-abusent-dune-deficiente-mentale\/#breadcrumb\"},\"inLanguage\":\"fr-FR\",\"potentialAction\":[{\"@type\":\"ReadAction\",\"target\":[\"https:\/\/www.public.sn\/index.php\/2022\/10\/11\/viol-deux-lascars-abusent-dune-deficiente-mentale\/\"]}]},{\"@type\":\"ImageObject\",\"inLanguage\":\"fr-FR\",\"@id\":\"https:\/\/www.public.sn\/index.php\/2022\/10\/11\/viol-deux-lascars-abusent-dune-deficiente-mentale\/#primaryimage\",\"url\":\"https:\/\/www.public.sn\/wp-content\/uploads\/2022\/10\/deficiente.jpg\",\"contentUrl\":\"https:\/\/www.public.sn\/wp-content\/uploads\/2022\/10\/deficiente.jpg\",\"width\":800,\"height\":450,\"caption\":\"publicsn\"},{\"@type\":\"BreadcrumbList\",\"@id\":\"https:\/\/www.public.sn\/index.php\/2022\/10\/11\/viol-deux-lascars-abusent-dune-deficiente-mentale\/#breadcrumb\",\"itemListElement\":[{\"@type\":\"ListItem\",\"position\":1,\"name\":\"Accueil\",\"item\":\"https:\/\/www.public.sn\/\"},{\"@type\":\"ListItem\",\"position\":2,\"name\":\"Viol : Deux lascars abusent d&rsquo;une d\u00e9ficiente mentale.\"}]},{\"@type\":\"WebSite\",\"@id\":\"https:\/\/www.public.sn\/#website\",\"url\":\"https:\/\/www.public.sn\/\",\"name\":\"LE PUBLIC\",\"description\":\"\",\"publisher\":{\"@id\":\"https:\/\/www.public.sn\/#organization\"},\"potentialAction\":[{\"@type\":\"SearchAction\",\"target\":{\"@type\":\"EntryPoint\",\"urlTemplate\":\"https:\/\/www.public.sn\/?s={search_term_string}\"},\"query-input\":{\"@type\":\"PropertyValueSpecification\",\"valueRequired\":true,\"valueName\":\"search_term_string\"}}],\"inLanguage\":\"fr-FR\"},{\"@type\":\"Organization\",\"@id\":\"https:\/\/www.public.sn\/#organization\",\"name\":\"LE PUBLIC\",\"url\":\"https:\/\/www.public.sn\/\",\"logo\":{\"@type\":\"ImageObject\",\"inLanguage\":\"fr-FR\",\"@id\":\"https:\/\/www.public.sn\/#\/schema\/logo\/image\/\",\"url\":\"https:\/\/www.public.sn\/wp-content\/uploads\/2024\/05\/cropped-LOGO-PUBLIC.SN_.png\",\"contentUrl\":\"https:\/\/www.public.sn\/wp-content\/uploads\/2024\/05\/cropped-LOGO-PUBLIC.SN_.png\",\"width\":682,\"height\":192,\"caption\":\"LE PUBLIC\"},\"image\":{\"@id\":\"https:\/\/www.public.sn\/#\/schema\/logo\/image\/\"}},{\"@type\":\"Person\",\"@id\":\"https:\/\/www.public.sn\/#\/schema\/person\/e3f4a11b037d4203902db148f9bc8d5a\",\"name\":\"LA REDACTION\",\"image\":{\"@type\":\"ImageObject\",\"inLanguage\":\"fr-FR\",\"@id\":\"https:\/\/www.public.sn\/#\/schema\/person\/image\/\",\"url\":\"https:\/\/secure.gravatar.com\/avatar\/d6c030db45db2883c075085c5d6c6258654a801a93766b49af0b82d4f454e2a5?s=96&d=mm&r=g\",\"contentUrl\":\"https:\/\/secure.gravatar.com\/avatar\/d6c030db45db2883c075085c5d6c6258654a801a93766b49af0b82d4f454e2a5?s=96&d=mm&r=g\",\"caption\":\"LA REDACTION\"},\"sameAs\":[\"http:\/\/www.public.sn\"],\"url\":\"https:\/\/www.public.sn\/index.php\/author\/admin7324\/\"}]}<\/script>\n<!-- \/ Yoast SEO plugin. -->","yoast_head_json":{"title":"Viol : Deux lascars abusent d'une d\u00e9ficiente mentale. - LE PUBLIC","robots":{"index":"index","follow":"follow","max-snippet":"max-snippet:-1","max-image-preview":"max-image-preview:large","max-video-preview":"max-video-preview:-1"},"canonical":"https:\/\/www.public.sn\/index.php\/2022\/10\/11\/viol-deux-lascars-abusent-dune-deficiente-mentale\/","og_locale":"fr_FR","og_type":"article","og_title":"Viol : Deux lascars abusent d'une d\u00e9ficiente mentale. - LE PUBLIC","og_description":"Il faut \u00eatre \u00ab tordus \u00bb pour violer une d\u00e9ficiente mentale toutes les nuits. Un instinct animal dont deux individus ont fait montre en s\u00e9questrant une d\u00e9ficiente mentale pour en faire leur objet sexuel. Squattant l\u2019auto \u2013pont de Keur Massar, les deux lascars n\u2019h\u00e9sitaient pas \u00e0 accomplir leur sale besogne sur cette personne vuln\u00e9rable nous renseigne Lib\u00e9ration. Et ce sont les passants qui ont constat\u00e9s ses habits macul\u00e9s de sang qui ont avertis les gendarmes de la localit\u00e9. Apr\u00e8s les soins d\u2019usage et interrogations, elle fut reconduite sur les lieux. Et c\u2019est l\u00e0 bas que la d\u00e9ficiente mentale \u00e0 d\u00e9sign\u00e9 les deux coupables qui ont \u00e9t\u00e9 alpagu\u00e9s par les pandores de Keur Massar avant d\u2019\u00eatre conduits \u00e0 la brigade pour n\u00e9cessit\u00e9 de l\u2019enqu\u00eate. Samba SY.","og_url":"https:\/\/www.public.sn\/index.php\/2022\/10\/11\/viol-deux-lascars-abusent-dune-deficiente-mentale\/","og_site_name":"LE PUBLIC","article_published_time":"2022-10-11T14:22:48+00:00","article_modified_time":"2022-10-11T14:29:27+00:00","og_image":[{"width":800,"height":450,"url":"https:\/\/www.public.sn\/wp-content\/uploads\/2022\/10\/deficiente.jpg","type":"image\/jpeg"}],"author":"LA REDACTION","twitter_card":"summary_large_image","twitter_misc":{"\u00c9crit par":"LA REDACTION","Dur\u00e9e de lecture estim\u00e9e":"1 minute"},"schema":{"@context":"https:\/\/schema.org","@graph":[{"@type":"Article","@id":"https:\/\/www.public.sn\/index.php\/2022\/10\/11\/viol-deux-lascars-abusent-dune-deficiente-mentale\/#article","isPartOf":{"@id":"https:\/\/www.public.sn\/index.php\/2022\/10\/11\/viol-deux-lascars-abusent-dune-deficiente-mentale\/"},"author":{"name":"LA REDACTION","@id":"https:\/\/www.public.sn\/#\/schema\/person\/e3f4a11b037d4203902db148f9bc8d5a"},"headline":"Viol : Deux lascars abusent d&rsquo;une d\u00e9ficiente mentale.","datePublished":"2022-10-11T14:22:48+00:00","dateModified":"2022-10-11T14:29:27+00:00","mainEntityOfPage":{"@id":"https:\/\/www.public.sn\/index.php\/2022\/10\/11\/viol-deux-lascars-abusent-dune-deficiente-mentale\/"},"wordCount":148,"commentCount":0,"publisher":{"@id":"https:\/\/www.public.sn\/#organization"},"image":{"@id":"https:\/\/www.public.sn\/index.php\/2022\/10\/11\/viol-deux-lascars-abusent-dune-deficiente-mentale\/#primaryimage"},"thumbnailUrl":"https:\/\/www.public.sn\/wp-content\/uploads\/2022\/10\/deficiente.jpg","keywords":["deficiente mentale","keur massar","Viol"],"articleSection":["ACTUALIT\u00c9S","FAITS DIVERS","S\u00c9N\u00c9GAL"],"inLanguage":"fr-FR","potentialAction":[{"@type":"CommentAction","name":"Comment","target":["https:\/\/www.public.sn\/index.php\/2022\/10\/11\/viol-deux-lascars-abusent-dune-deficiente-mentale\/#respond"]}]},{"@type":"WebPage","@id":"https:\/\/www.public.sn\/index.php\/2022\/10\/11\/viol-deux-lascars-abusent-dune-deficiente-mentale\/","url":"https:\/\/www.public.sn\/index.php\/2022\/10\/11\/viol-deux-lascars-abusent-dune-deficiente-mentale\/","name":"Viol : Deux lascars abusent d'une d\u00e9ficiente mentale. - LE PUBLIC","isPartOf":{"@id":"https:\/\/www.public.sn\/#website"},"primaryImageOfPage":{"@id":"https:\/\/www.public.sn\/index.php\/2022\/10\/11\/viol-deux-lascars-abusent-dune-deficiente-mentale\/#primaryimage"},"image":{"@id":"https:\/\/www.public.sn\/index.php\/2022\/10\/11\/viol-deux-lascars-abusent-dune-deficiente-mentale\/#primaryimage"},"thumbnailUrl":"https:\/\/www.public.sn\/wp-content\/uploads\/2022\/10\/deficiente.jpg","datePublished":"2022-10-11T14:22:48+00:00","dateModified":"2022-10-11T14:29:27+00:00","breadcrumb":{"@id":"https:\/\/www.public.sn\/index.php\/2022\/10\/11\/viol-deux-lascars-abusent-dune-deficiente-mentale\/#breadcrumb"},"inLanguage":"fr-FR","potentialAction":[{"@type":"ReadAction","target":["https:\/\/www.public.sn\/index.php\/2022\/10\/11\/viol-deux-lascars-abusent-dune-deficiente-mentale\/"]}]},{"@type":"ImageObject","inLanguage":"fr-FR","@id":"https:\/\/www.public.sn\/index.php\/2022\/10\/11\/viol-deux-lascars-abusent-dune-deficiente-mentale\/#primaryimage","url":"https:\/\/www.public.sn\/wp-content\/uploads\/2022\/10\/deficiente.jpg","contentUrl":"https:\/\/www.public.sn\/wp-content\/uploads\/2022\/10\/deficiente.jpg","width":800,"height":450,"caption":"publicsn"},{"@type":"BreadcrumbList","@id":"https:\/\/www.public.sn\/index.php\/2022\/10\/11\/viol-deux-lascars-abusent-dune-deficiente-mentale\/#breadcrumb","itemListElement":[{"@type":"ListItem","position":1,"name":"Accueil","item":"https:\/\/www.public.sn\/"},{"@type":"ListItem","position":2,"name":"Viol : Deux lascars abusent d&rsquo;une d\u00e9ficiente mentale."}]},{"@type":"WebSite","@id":"https:\/\/www.public.sn\/#website","url":"https:\/\/www.public.sn\/","name":"LE PUBLIC","description":"","publisher":{"@id":"https:\/\/www.public.sn\/#organization"},"potentialAction":[{"@type":"SearchAction","target":{"@type":"EntryPoint","urlTemplate":"https:\/\/www.public.sn\/?s={search_term_string}"},"query-input":{"@type":"PropertyValueSpecification","valueRequired":true,"valueName":"search_term_string"}}],"inLanguage":"fr-FR"},{"@type":"Organization","@id":"https:\/\/www.public.sn\/#organization","name":"LE PUBLIC","url":"https:\/\/www.public.sn\/","logo":{"@type":"ImageObject","inLanguage":"fr-FR","@id":"https:\/\/www.public.sn\/#\/schema\/logo\/image\/","url":"https:\/\/www.public.sn\/wp-content\/uploads\/2024\/05\/cropped-LOGO-PUBLIC.SN_.png","contentUrl":"https:\/\/www.public.sn\/wp-content\/uploads\/2024\/05\/cropped-LOGO-PUBLIC.SN_.png","width":682,"height":192,"caption":"LE PUBLIC"},"image":{"@id":"https:\/\/www.public.sn\/#\/schema\/logo\/image\/"}},{"@type":"Person","@id":"https:\/\/www.public.sn\/#\/schema\/person\/e3f4a11b037d4203902db148f9bc8d5a","name":"LA REDACTION","image":{"@type":"ImageObject","inLanguage":"fr-FR","@id":"https:\/\/www.public.sn\/#\/schema\/person\/image\/","url":"https:\/\/secure.gravatar.com\/avatar\/d6c030db45db2883c075085c5d6c6258654a801a93766b49af0b82d4f454e2a5?s=96&d=mm&r=g","contentUrl":"https:\/\/secure.gravatar.com\/avatar\/d6c030db45db2883c075085c5d6c6258654a801a93766b49af0b82d4f454e2a5?s=96&d=mm&r=g","caption":"LA REDACTION"},"sameAs":["http:\/\/www.public.sn"],"url":"https:\/\/www.public.sn\/index.php\/author\/admin7324\/"}]}},"jetpack_featured_media_url":"https:\/\/www.public.sn\/wp-content\/uploads\/2022\/10\/deficiente.jpg","jetpack_sharing_enabled":true,"_links":{"self":[{"href":"https:\/\/www.public.sn\/index.php\/wp-json\/wp\/v2\/posts\/4189","targetHints":{"allow":["GET"]}}],"collection":[{"href":"https:\/\/www.public.sn\/index.php\/wp-json\/wp\/v2\/posts"}],"about":[{"href":"https:\/\/www.public.sn\/index.php\/wp-json\/wp\/v2\/types\/post"}],"author":[{"embeddable":true,"href":"https:\/\/www.public.sn\/index.php\/wp-json\/wp\/v2\/users\/1"}],"replies":[{"embeddable":true,"href":"https:\/\/www.public.sn\/index.php\/wp-json\/wp\/v2\/comments?post=4189"}],"version-history":[{"count":2,"href":"https:\/\/www.public.sn\/index.php\/wp-json\/wp\/v2\/posts\/4189\/revisions"}],"predecessor-version":[{"id":4196,"href":"https:\/\/www.public.sn\/index.php\/wp-json\/wp\/v2\/posts\/4189\/revisions\/4196"}],"wp:featuredmedia":[{"embeddable":true,"href":"https:\/\/www.public.sn\/index.php\/wp-json\/wp\/v2\/media\/4195"}],"wp:attachment":[{"href":"https:\/\/www.public.sn\/index.php\/wp-json\/wp\/v2\/media?parent=4189"}],"wp:term":[{"taxonomy":"category","embeddable":true,"href":"https:\/\/www.public.sn\/index.php\/wp-json\/wp\/v2\/categories?post=4189"},{"taxonomy":"post_tag","embeddable":true,"href":"https:\/\/www.public.sn\/index.php\/wp-json\/wp\/v2\/tags?post=4189"}],"curies":[{"name":"wp","href":"https:\/\/api.w.org\/{rel}","templated":true}]}}