{"id":4209,"date":"2022-10-11T16:11:21","date_gmt":"2022-10-11T16:11:21","guid":{"rendered":"https:\/\/www.public.sn\/?p=4209"},"modified":"2022-10-11T16:11:23","modified_gmt":"2022-10-11T16:11:23","slug":"sport-demba-ba-proprietaire-de-amitie-fc","status":"publish","type":"post","link":"https:\/\/www.public.sn\/index.php\/2022\/10\/11\/sport-demba-ba-proprietaire-de-amitie-fc\/","title":{"rendered":"Sport : Demba Ba, propri\u00e9taire de Amiti\u00e9 FC."},"content":{"rendered":"\n<p><strong>L\u2019ancien international s\u00e9n\u00e9galais Demba Ba a finalement d\u00e9cid\u00e9 de s\u2019investir dans le football. Il vient de racheter l\u2019\u00e9quipe de Amiti\u00e9 FC qui \u00e9volue en Ligue 2 s\u00e9n\u00e9galaise. <\/strong><\/p><div class=\"publi-paragraphe1\" style=\"margin-top: 10px;margin-bottom: 10px;margin-left: auto;margin-right: auto;text-align: center;\" id=\"publi-3866603535\"><div class=\"publi-adlabel\">Publicit\u00e9<\/div><script async src=\"\/\/pagead2.googlesyndication.com\/pagead\/js\/adsbygoogle.js?client=ca-pub-4089586018074219\" crossorigin=\"anonymous\"><\/script><ins class=\"adsbygoogle\" style=\"display:block;\" data-ad-client=\"ca-pub-4089586018074219\" \ndata-ad-slot=\"2087940154\" \ndata-ad-format=\"auto\"><\/ins>\n<script> \n(adsbygoogle = window.adsbygoogle || []).push({}); \n<\/script>\n<\/div>\n\n\n\n<p>information livr\u00e9e par nos confr\u00e8res de Wiwsport.  L\u2019ancien attaquant de l\u2019\u00e9quipe nationale du S\u00e9n\u00e9gal veut participer au d\u00e9veloppement du football local en passant par les infrastructures.<br><br>\u00ab Je ne sais pas si vous \u00eates au courant, mais oui j\u2019ai rachet\u00e9 un club qui est bas\u00e9 dans la r\u00e9gion de Thi\u00e8s et qui joue en deuxi\u00e8me division. C\u2019est ce club l\u00e0 que je suis en train de d\u00e9velopper et ces infrastructures-l\u00e0 vont nous permettre de pouvoir atteindre l\u2019excellence. Dans le football, si tu veux atteindre le haut niveau, il faut de bonnes infrastructures \u00bb, a-t-il lanc\u00e9 \u00e0 l\u2019occasion du lancement de son Acad\u00e9mie \u00e0 Roff (Malicounda).<br><\/p>\n\n\n\n<p>Samba SY.<br><\/p>\n<div class=\"publi-apres-le-contenu\" style=\"margin-top: 10px;margin-bottom: 10px;margin-left: auto;margin-right: auto;text-align: center;\" id=\"publi-3283835700\"><div class=\"publi-adlabel\">Publicit\u00e9<\/div><script async src=\"\/\/pagead2.googlesyndication.com\/pagead\/js\/adsbygoogle.js?client=ca-pub-4089586018074219\" crossorigin=\"anonymous\"><\/script><ins class=\"adsbygoogle\" style=\"display:block;\" data-ad-client=\"ca-pub-4089586018074219\" \ndata-ad-slot=\"2087940154\" \ndata-ad-format=\"auto\"><\/ins>\n<script> \n(adsbygoogle = window.adsbygoogle || []).push({}); \n<\/script>\n<\/div>","protected":false},"excerpt":{"rendered":"<p>L\u2019ancien international s\u00e9n\u00e9galais Demba Ba a finalement d\u00e9cid\u00e9 de s\u2019investir dans le football. Il vient de racheter l\u2019\u00e9quipe de Amiti\u00e9 FC qui \u00e9volue en Ligue 2 s\u00e9n\u00e9galaise. information livr\u00e9e par nos confr\u00e8res de Wiwsport. L\u2019ancien attaquant de l\u2019\u00e9quipe nationale du S\u00e9n\u00e9gal veut participer au d\u00e9veloppement du football local en passant par les infrastructures. \u00ab Je ne sais pas si vous \u00eates au courant, mais oui j\u2019ai rachet\u00e9 un club qui est bas\u00e9 dans la r\u00e9gion de Thi\u00e8s et qui joue en deuxi\u00e8me division. C\u2019est ce club l\u00e0 que je suis en train de d\u00e9velopper et ces infrastructures-l\u00e0 vont nous permettre de pouvoir atteindre l\u2019excellence. Dans le football, si tu veux atteindre le haut niveau, il faut de bonnes infrastructures \u00bb, a-t-il lanc\u00e9 \u00e0 l\u2019occasion du lancement de son Acad\u00e9mie \u00e0 Roff (Malicounda). Samba SY.<\/p>\n","protected":false},"author":1,"featured_media":4217,"comment_status":"open","ping_status":"open","sticky":false,"template":"","format":"standard","meta":{"_jetpack_memberships_contains_paid_content":false,"footnotes":""},"categories":[375,1,7],"tags":[1385,1384,1262],"class_list":["post-4209","post","type-post","status-publish","format-standard","has-post-thumbnail","hentry","category-actualites","category-non-classe","category-sport","tag-amitie-fc","tag-demba-ba","tag-sport","entry","has-media","owp-thumbs-layout-horizontal","owp-btn-normal","owp-tabs-layout-horizontal","has-no-thumbnails","has-product-nav"],"yoast_head":"<!-- This site is optimized with the Yoast SEO plugin v25.5 - https:\/\/yoast.com\/wordpress\/plugins\/seo\/ -->\n<title>Sport : Demba Ba, propri\u00e9taire de Amiti\u00e9 FC. - LE PUBLIC<\/title>\n<meta name=\"robots\" content=\"index, follow, max-snippet:-1, max-image-preview:large, max-video-preview:-1\" \/>\n<link rel=\"canonical\" href=\"https:\/\/www.public.sn\/index.php\/2022\/10\/11\/sport-demba-ba-proprietaire-de-amitie-fc\/\" \/>\n<meta property=\"og:locale\" content=\"fr_FR\" \/>\n<meta property=\"og:type\" content=\"article\" \/>\n<meta property=\"og:title\" content=\"Sport : Demba Ba, propri\u00e9taire de Amiti\u00e9 FC. - LE PUBLIC\" \/>\n<meta property=\"og:description\" content=\"L\u2019ancien international s\u00e9n\u00e9galais Demba Ba a finalement d\u00e9cid\u00e9 de s\u2019investir dans le football. Il vient de racheter l\u2019\u00e9quipe de Amiti\u00e9 FC qui \u00e9volue en Ligue 2 s\u00e9n\u00e9galaise. information livr\u00e9e par nos confr\u00e8res de Wiwsport. L\u2019ancien attaquant de l\u2019\u00e9quipe nationale du S\u00e9n\u00e9gal veut participer au d\u00e9veloppement du football local en passant par les infrastructures. \u00ab Je ne sais pas si vous \u00eates au courant, mais oui j\u2019ai rachet\u00e9 un club qui est bas\u00e9 dans la r\u00e9gion de Thi\u00e8s et qui joue en deuxi\u00e8me division. C\u2019est ce club l\u00e0 que je suis en train de d\u00e9velopper et ces infrastructures-l\u00e0 vont nous permettre de pouvoir atteindre l\u2019excellence. Dans le football, si tu veux atteindre le haut niveau, il faut de bonnes infrastructures \u00bb, a-t-il lanc\u00e9 \u00e0 l\u2019occasion du lancement de son Acad\u00e9mie \u00e0 Roff (Malicounda). Samba SY.\" \/>\n<meta property=\"og:url\" content=\"https:\/\/www.public.sn\/index.php\/2022\/10\/11\/sport-demba-ba-proprietaire-de-amitie-fc\/\" \/>\n<meta property=\"og:site_name\" content=\"LE PUBLIC\" \/>\n<meta property=\"article:published_time\" content=\"2022-10-11T16:11:21+00:00\" \/>\n<meta property=\"article:modified_time\" content=\"2022-10-11T16:11:23+00:00\" \/>\n<meta property=\"og:image\" content=\"https:\/\/www.public.sn\/wp-content\/uploads\/2022\/10\/demba-ba.jpg\" \/>\n\t<meta property=\"og:image:width\" content=\"710\" \/>\n\t<meta property=\"og:image:height\" content=\"532\" \/>\n\t<meta property=\"og:image:type\" content=\"image\/jpeg\" \/>\n<meta name=\"author\" content=\"LA REDACTION\" \/>\n<meta name=\"twitter:card\" content=\"summary_large_image\" \/>\n<meta name=\"twitter:label1\" content=\"\u00c9crit par\" \/>\n\t<meta name=\"twitter:data1\" content=\"LA REDACTION\" \/>\n\t<meta name=\"twitter:label2\" content=\"Dur\u00e9e de lecture estim\u00e9e\" \/>\n\t<meta name=\"twitter:data2\" content=\"1 minute\" \/>\n<script type=\"application\/ld+json\" class=\"yoast-schema-graph\">{\"@context\":\"https:\/\/schema.org\",\"@graph\":[{\"@type\":\"Article\",\"@id\":\"https:\/\/www.public.sn\/index.php\/2022\/10\/11\/sport-demba-ba-proprietaire-de-amitie-fc\/#article\",\"isPartOf\":{\"@id\":\"https:\/\/www.public.sn\/index.php\/2022\/10\/11\/sport-demba-ba-proprietaire-de-amitie-fc\/\"},\"author\":{\"name\":\"LA REDACTION\",\"@id\":\"https:\/\/www.public.sn\/#\/schema\/person\/e3f4a11b037d4203902db148f9bc8d5a\"},\"headline\":\"Sport : Demba Ba, propri\u00e9taire de Amiti\u00e9 FC.\",\"datePublished\":\"2022-10-11T16:11:21+00:00\",\"dateModified\":\"2022-10-11T16:11:23+00:00\",\"mainEntityOfPage\":{\"@id\":\"https:\/\/www.public.sn\/index.php\/2022\/10\/11\/sport-demba-ba-proprietaire-de-amitie-fc\/\"},\"wordCount\":161,\"commentCount\":0,\"publisher\":{\"@id\":\"https:\/\/www.public.sn\/#organization\"},\"image\":{\"@id\":\"https:\/\/www.public.sn\/index.php\/2022\/10\/11\/sport-demba-ba-proprietaire-de-amitie-fc\/#primaryimage\"},\"thumbnailUrl\":\"https:\/\/www.public.sn\/wp-content\/uploads\/2022\/10\/demba-ba.jpg\",\"keywords\":[\"amitie fc\",\"demba ba\",\"Sport\"],\"articleSection\":[\"ACTUALIT\u00c9S\",\"S\u00c9N\u00c9GAL\",\"SPORTS\"],\"inLanguage\":\"fr-FR\",\"potentialAction\":[{\"@type\":\"CommentAction\",\"name\":\"Comment\",\"target\":[\"https:\/\/www.public.sn\/index.php\/2022\/10\/11\/sport-demba-ba-proprietaire-de-amitie-fc\/#respond\"]}]},{\"@type\":\"WebPage\",\"@id\":\"https:\/\/www.public.sn\/index.php\/2022\/10\/11\/sport-demba-ba-proprietaire-de-amitie-fc\/\",\"url\":\"https:\/\/www.public.sn\/index.php\/2022\/10\/11\/sport-demba-ba-proprietaire-de-amitie-fc\/\",\"name\":\"Sport : Demba Ba, propri\u00e9taire de Amiti\u00e9 FC. - LE PUBLIC\",\"isPartOf\":{\"@id\":\"https:\/\/www.public.sn\/#website\"},\"primaryImageOfPage\":{\"@id\":\"https:\/\/www.public.sn\/index.php\/2022\/10\/11\/sport-demba-ba-proprietaire-de-amitie-fc\/#primaryimage\"},\"image\":{\"@id\":\"https:\/\/www.public.sn\/index.php\/2022\/10\/11\/sport-demba-ba-proprietaire-de-amitie-fc\/#primaryimage\"},\"thumbnailUrl\":\"https:\/\/www.public.sn\/wp-content\/uploads\/2022\/10\/demba-ba.jpg\",\"datePublished\":\"2022-10-11T16:11:21+00:00\",\"dateModified\":\"2022-10-11T16:11:23+00:00\",\"breadcrumb\":{\"@id\":\"https:\/\/www.public.sn\/index.php\/2022\/10\/11\/sport-demba-ba-proprietaire-de-amitie-fc\/#breadcrumb\"},\"inLanguage\":\"fr-FR\",\"potentialAction\":[{\"@type\":\"ReadAction\",\"target\":[\"https:\/\/www.public.sn\/index.php\/2022\/10\/11\/sport-demba-ba-proprietaire-de-amitie-fc\/\"]}]},{\"@type\":\"ImageObject\",\"inLanguage\":\"fr-FR\",\"@id\":\"https:\/\/www.public.sn\/index.php\/2022\/10\/11\/sport-demba-ba-proprietaire-de-amitie-fc\/#primaryimage\",\"url\":\"https:\/\/www.public.sn\/wp-content\/uploads\/2022\/10\/demba-ba.jpg\",\"contentUrl\":\"https:\/\/www.public.sn\/wp-content\/uploads\/2022\/10\/demba-ba.jpg\",\"width\":710,\"height\":532},{\"@type\":\"BreadcrumbList\",\"@id\":\"https:\/\/www.public.sn\/index.php\/2022\/10\/11\/sport-demba-ba-proprietaire-de-amitie-fc\/#breadcrumb\",\"itemListElement\":[{\"@type\":\"ListItem\",\"position\":1,\"name\":\"Accueil\",\"item\":\"https:\/\/www.public.sn\/\"},{\"@type\":\"ListItem\",\"position\":2,\"name\":\"Sport : Demba Ba, propri\u00e9taire de Amiti\u00e9 FC.\"}]},{\"@type\":\"WebSite\",\"@id\":\"https:\/\/www.public.sn\/#website\",\"url\":\"https:\/\/www.public.sn\/\",\"name\":\"LE PUBLIC\",\"description\":\"\",\"publisher\":{\"@id\":\"https:\/\/www.public.sn\/#organization\"},\"potentialAction\":[{\"@type\":\"SearchAction\",\"target\":{\"@type\":\"EntryPoint\",\"urlTemplate\":\"https:\/\/www.public.sn\/?s={search_term_string}\"},\"query-input\":{\"@type\":\"PropertyValueSpecification\",\"valueRequired\":true,\"valueName\":\"search_term_string\"}}],\"inLanguage\":\"fr-FR\"},{\"@type\":\"Organization\",\"@id\":\"https:\/\/www.public.sn\/#organization\",\"name\":\"LE PUBLIC\",\"url\":\"https:\/\/www.public.sn\/\",\"logo\":{\"@type\":\"ImageObject\",\"inLanguage\":\"fr-FR\",\"@id\":\"https:\/\/www.public.sn\/#\/schema\/logo\/image\/\",\"url\":\"https:\/\/www.public.sn\/wp-content\/uploads\/2024\/05\/cropped-LOGO-PUBLIC.SN_.png\",\"contentUrl\":\"https:\/\/www.public.sn\/wp-content\/uploads\/2024\/05\/cropped-LOGO-PUBLIC.SN_.png\",\"width\":682,\"height\":192,\"caption\":\"LE PUBLIC\"},\"image\":{\"@id\":\"https:\/\/www.public.sn\/#\/schema\/logo\/image\/\"}},{\"@type\":\"Person\",\"@id\":\"https:\/\/www.public.sn\/#\/schema\/person\/e3f4a11b037d4203902db148f9bc8d5a\",\"name\":\"LA REDACTION\",\"image\":{\"@type\":\"ImageObject\",\"inLanguage\":\"fr-FR\",\"@id\":\"https:\/\/www.public.sn\/#\/schema\/person\/image\/\",\"url\":\"https:\/\/secure.gravatar.com\/avatar\/d6c030db45db2883c075085c5d6c6258654a801a93766b49af0b82d4f454e2a5?s=96&d=mm&r=g\",\"contentUrl\":\"https:\/\/secure.gravatar.com\/avatar\/d6c030db45db2883c075085c5d6c6258654a801a93766b49af0b82d4f454e2a5?s=96&d=mm&r=g\",\"caption\":\"LA REDACTION\"},\"sameAs\":[\"http:\/\/www.public.sn\"],\"url\":\"https:\/\/www.public.sn\/index.php\/author\/admin7324\/\"}]}<\/script>\n<!-- \/ Yoast SEO plugin. -->","yoast_head_json":{"title":"Sport : Demba Ba, propri\u00e9taire de Amiti\u00e9 FC. - LE PUBLIC","robots":{"index":"index","follow":"follow","max-snippet":"max-snippet:-1","max-image-preview":"max-image-preview:large","max-video-preview":"max-video-preview:-1"},"canonical":"https:\/\/www.public.sn\/index.php\/2022\/10\/11\/sport-demba-ba-proprietaire-de-amitie-fc\/","og_locale":"fr_FR","og_type":"article","og_title":"Sport : Demba Ba, propri\u00e9taire de Amiti\u00e9 FC. - LE PUBLIC","og_description":"L\u2019ancien international s\u00e9n\u00e9galais Demba Ba a finalement d\u00e9cid\u00e9 de s\u2019investir dans le football. Il vient de racheter l\u2019\u00e9quipe de Amiti\u00e9 FC qui \u00e9volue en Ligue 2 s\u00e9n\u00e9galaise. information livr\u00e9e par nos confr\u00e8res de Wiwsport. L\u2019ancien attaquant de l\u2019\u00e9quipe nationale du S\u00e9n\u00e9gal veut participer au d\u00e9veloppement du football local en passant par les infrastructures. \u00ab Je ne sais pas si vous \u00eates au courant, mais oui j\u2019ai rachet\u00e9 un club qui est bas\u00e9 dans la r\u00e9gion de Thi\u00e8s et qui joue en deuxi\u00e8me division. C\u2019est ce club l\u00e0 que je suis en train de d\u00e9velopper et ces infrastructures-l\u00e0 vont nous permettre de pouvoir atteindre l\u2019excellence. Dans le football, si tu veux atteindre le haut niveau, il faut de bonnes infrastructures \u00bb, a-t-il lanc\u00e9 \u00e0 l\u2019occasion du lancement de son Acad\u00e9mie \u00e0 Roff (Malicounda). Samba SY.","og_url":"https:\/\/www.public.sn\/index.php\/2022\/10\/11\/sport-demba-ba-proprietaire-de-amitie-fc\/","og_site_name":"LE PUBLIC","article_published_time":"2022-10-11T16:11:21+00:00","article_modified_time":"2022-10-11T16:11:23+00:00","og_image":[{"width":710,"height":532,"url":"https:\/\/www.public.sn\/wp-content\/uploads\/2022\/10\/demba-ba.jpg","type":"image\/jpeg"}],"author":"LA REDACTION","twitter_card":"summary_large_image","twitter_misc":{"\u00c9crit par":"LA REDACTION","Dur\u00e9e de lecture estim\u00e9e":"1 minute"},"schema":{"@context":"https:\/\/schema.org","@graph":[{"@type":"Article","@id":"https:\/\/www.public.sn\/index.php\/2022\/10\/11\/sport-demba-ba-proprietaire-de-amitie-fc\/#article","isPartOf":{"@id":"https:\/\/www.public.sn\/index.php\/2022\/10\/11\/sport-demba-ba-proprietaire-de-amitie-fc\/"},"author":{"name":"LA REDACTION","@id":"https:\/\/www.public.sn\/#\/schema\/person\/e3f4a11b037d4203902db148f9bc8d5a"},"headline":"Sport : Demba Ba, propri\u00e9taire de Amiti\u00e9 FC.","datePublished":"2022-10-11T16:11:21+00:00","dateModified":"2022-10-11T16:11:23+00:00","mainEntityOfPage":{"@id":"https:\/\/www.public.sn\/index.php\/2022\/10\/11\/sport-demba-ba-proprietaire-de-amitie-fc\/"},"wordCount":161,"commentCount":0,"publisher":{"@id":"https:\/\/www.public.sn\/#organization"},"image":{"@id":"https:\/\/www.public.sn\/index.php\/2022\/10\/11\/sport-demba-ba-proprietaire-de-amitie-fc\/#primaryimage"},"thumbnailUrl":"https:\/\/www.public.sn\/wp-content\/uploads\/2022\/10\/demba-ba.jpg","keywords":["amitie fc","demba ba","Sport"],"articleSection":["ACTUALIT\u00c9S","S\u00c9N\u00c9GAL","SPORTS"],"inLanguage":"fr-FR","potentialAction":[{"@type":"CommentAction","name":"Comment","target":["https:\/\/www.public.sn\/index.php\/2022\/10\/11\/sport-demba-ba-proprietaire-de-amitie-fc\/#respond"]}]},{"@type":"WebPage","@id":"https:\/\/www.public.sn\/index.php\/2022\/10\/11\/sport-demba-ba-proprietaire-de-amitie-fc\/","url":"https:\/\/www.public.sn\/index.php\/2022\/10\/11\/sport-demba-ba-proprietaire-de-amitie-fc\/","name":"Sport : Demba Ba, propri\u00e9taire de Amiti\u00e9 FC. - LE PUBLIC","isPartOf":{"@id":"https:\/\/www.public.sn\/#website"},"primaryImageOfPage":{"@id":"https:\/\/www.public.sn\/index.php\/2022\/10\/11\/sport-demba-ba-proprietaire-de-amitie-fc\/#primaryimage"},"image":{"@id":"https:\/\/www.public.sn\/index.php\/2022\/10\/11\/sport-demba-ba-proprietaire-de-amitie-fc\/#primaryimage"},"thumbnailUrl":"https:\/\/www.public.sn\/wp-content\/uploads\/2022\/10\/demba-ba.jpg","datePublished":"2022-10-11T16:11:21+00:00","dateModified":"2022-10-11T16:11:23+00:00","breadcrumb":{"@id":"https:\/\/www.public.sn\/index.php\/2022\/10\/11\/sport-demba-ba-proprietaire-de-amitie-fc\/#breadcrumb"},"inLanguage":"fr-FR","potentialAction":[{"@type":"ReadAction","target":["https:\/\/www.public.sn\/index.php\/2022\/10\/11\/sport-demba-ba-proprietaire-de-amitie-fc\/"]}]},{"@type":"ImageObject","inLanguage":"fr-FR","@id":"https:\/\/www.public.sn\/index.php\/2022\/10\/11\/sport-demba-ba-proprietaire-de-amitie-fc\/#primaryimage","url":"https:\/\/www.public.sn\/wp-content\/uploads\/2022\/10\/demba-ba.jpg","contentUrl":"https:\/\/www.public.sn\/wp-content\/uploads\/2022\/10\/demba-ba.jpg","width":710,"height":532},{"@type":"BreadcrumbList","@id":"https:\/\/www.public.sn\/index.php\/2022\/10\/11\/sport-demba-ba-proprietaire-de-amitie-fc\/#breadcrumb","itemListElement":[{"@type":"ListItem","position":1,"name":"Accueil","item":"https:\/\/www.public.sn\/"},{"@type":"ListItem","position":2,"name":"Sport : Demba Ba, propri\u00e9taire de Amiti\u00e9 FC."}]},{"@type":"WebSite","@id":"https:\/\/www.public.sn\/#website","url":"https:\/\/www.public.sn\/","name":"LE PUBLIC","description":"","publisher":{"@id":"https:\/\/www.public.sn\/#organization"},"potentialAction":[{"@type":"SearchAction","target":{"@type":"EntryPoint","urlTemplate":"https:\/\/www.public.sn\/?s={search_term_string}"},"query-input":{"@type":"PropertyValueSpecification","valueRequired":true,"valueName":"search_term_string"}}],"inLanguage":"fr-FR"},{"@type":"Organization","@id":"https:\/\/www.public.sn\/#organization","name":"LE PUBLIC","url":"https:\/\/www.public.sn\/","logo":{"@type":"ImageObject","inLanguage":"fr-FR","@id":"https:\/\/www.public.sn\/#\/schema\/logo\/image\/","url":"https:\/\/www.public.sn\/wp-content\/uploads\/2024\/05\/cropped-LOGO-PUBLIC.SN_.png","contentUrl":"https:\/\/www.public.sn\/wp-content\/uploads\/2024\/05\/cropped-LOGO-PUBLIC.SN_.png","width":682,"height":192,"caption":"LE PUBLIC"},"image":{"@id":"https:\/\/www.public.sn\/#\/schema\/logo\/image\/"}},{"@type":"Person","@id":"https:\/\/www.public.sn\/#\/schema\/person\/e3f4a11b037d4203902db148f9bc8d5a","name":"LA REDACTION","image":{"@type":"ImageObject","inLanguage":"fr-FR","@id":"https:\/\/www.public.sn\/#\/schema\/person\/image\/","url":"https:\/\/secure.gravatar.com\/avatar\/d6c030db45db2883c075085c5d6c6258654a801a93766b49af0b82d4f454e2a5?s=96&d=mm&r=g","contentUrl":"https:\/\/secure.gravatar.com\/avatar\/d6c030db45db2883c075085c5d6c6258654a801a93766b49af0b82d4f454e2a5?s=96&d=mm&r=g","caption":"LA REDACTION"},"sameAs":["http:\/\/www.public.sn"],"url":"https:\/\/www.public.sn\/index.php\/author\/admin7324\/"}]}},"jetpack_featured_media_url":"https:\/\/www.public.sn\/wp-content\/uploads\/2022\/10\/demba-ba.jpg","jetpack_sharing_enabled":true,"_links":{"self":[{"href":"https:\/\/www.public.sn\/index.php\/wp-json\/wp\/v2\/posts\/4209","targetHints":{"allow":["GET"]}}],"collection":[{"href":"https:\/\/www.public.sn\/index.php\/wp-json\/wp\/v2\/posts"}],"about":[{"href":"https:\/\/www.public.sn\/index.php\/wp-json\/wp\/v2\/types\/post"}],"author":[{"embeddable":true,"href":"https:\/\/www.public.sn\/index.php\/wp-json\/wp\/v2\/users\/1"}],"replies":[{"embeddable":true,"href":"https:\/\/www.public.sn\/index.php\/wp-json\/wp\/v2\/comments?post=4209"}],"version-history":[{"count":2,"href":"https:\/\/www.public.sn\/index.php\/wp-json\/wp\/v2\/posts\/4209\/revisions"}],"predecessor-version":[{"id":4218,"href":"https:\/\/www.public.sn\/index.php\/wp-json\/wp\/v2\/posts\/4209\/revisions\/4218"}],"wp:featuredmedia":[{"embeddable":true,"href":"https:\/\/www.public.sn\/index.php\/wp-json\/wp\/v2\/media\/4217"}],"wp:attachment":[{"href":"https:\/\/www.public.sn\/index.php\/wp-json\/wp\/v2\/media?parent=4209"}],"wp:term":[{"taxonomy":"category","embeddable":true,"href":"https:\/\/www.public.sn\/index.php\/wp-json\/wp\/v2\/categories?post=4209"},{"taxonomy":"post_tag","embeddable":true,"href":"https:\/\/www.public.sn\/index.php\/wp-json\/wp\/v2\/tags?post=4209"}],"curies":[{"name":"wp","href":"https:\/\/api.w.org\/{rel}","templated":true}]}}