{"id":4236,"date":"2022-10-12T08:03:30","date_gmt":"2022-10-12T08:03:30","guid":{"rendered":"https:\/\/www.public.sn\/?p=4236"},"modified":"2022-10-12T08:04:09","modified_gmt":"2022-10-12T08:04:09","slug":"affaire-francois-mancabou-le-procureur-rouvre-le-dossier","status":"publish","type":"post","link":"https:\/\/www.public.sn\/index.php\/2022\/10\/12\/affaire-francois-mancabou-le-procureur-rouvre-le-dossier\/","title":{"rendered":"Affaire Fran\u00e7ois Mancabou : Le procureur rouvre le dossier."},"content":{"rendered":"\n<p><br><strong> L\u2019affaire Fran\u00e7ois Mancabou est tr\u00e8s loin de conna\u00eetre  son \u00e9pilogue. En effet le procureur de la R\u00e9publique vient de relancer le dossier. Il a demand\u00e9  l\u2019ouverture d\u2019une information judiciaire afin de conna\u00eetre les causes exactes de la mort de Fran\u00e7ois Mancabou.<\/strong><\/p><div class=\"publi-paragraphe1\" style=\"margin-top: 10px;margin-bottom: 10px;margin-left: auto;margin-right: auto;text-align: center;\" id=\"publi-4164594649\"><div class=\"publi-adlabel\">Publicit\u00e9<\/div><script async src=\"\/\/pagead2.googlesyndication.com\/pagead\/js\/adsbygoogle.js?client=ca-pub-4089586018074219\" crossorigin=\"anonymous\"><\/script><ins class=\"adsbygoogle\" style=\"display:block;\" data-ad-client=\"ca-pub-4089586018074219\" \ndata-ad-slot=\"2087940154\" \ndata-ad-format=\"auto\"><\/ins>\n<script> \n(adsbygoogle = window.adsbygoogle || []).push({}); \n<\/script>\n<\/div>\n\n\n\n<p> Interpell\u00e9 dans l\u2019histoire \u00ab des forces sp\u00e9ciales \u00bb, il \u00e9tait d\u00e9c\u00e9d\u00e9 en d\u00e9tention. Nos confr\u00e8res du quotidien les Echos nous apprennent que le dossier a \u00e9t\u00e9 confi\u00e9 au juge du deuxi\u00e8me cabinet. Une d\u00e9cision prise par le parquet apr\u00e8s le d\u00e9p\u00f4t du rapport d\u2019enqu\u00eate de la Police au mois d\u2019Aout. Dans son rapport d\u2019autopsie, le l\u00e9giste avait conclu \u00e0 une \u00abfracture du rachis cervical ayant entra\u00een\u00e9 des complications neurologiques\u00bb. Pour rappel, une dizaine de personnes sont toujours dans les liens de la d\u00e9tention dans le cadre de cette histoire des\u2019forces sp\u00e9ciales \u00bb qui sont accus\u00e9s de terrorisme.<br><\/p>\n\n\n\n<p>Samba SY.<br><\/p>\n<div class=\"publi-apres-le-contenu\" style=\"margin-top: 10px;margin-bottom: 10px;margin-left: auto;margin-right: auto;text-align: center;\" id=\"publi-3534133362\"><div class=\"publi-adlabel\">Publicit\u00e9<\/div><script async src=\"\/\/pagead2.googlesyndication.com\/pagead\/js\/adsbygoogle.js?client=ca-pub-4089586018074219\" crossorigin=\"anonymous\"><\/script><ins class=\"adsbygoogle\" style=\"display:block;\" data-ad-client=\"ca-pub-4089586018074219\" \ndata-ad-slot=\"2087940154\" \ndata-ad-format=\"auto\"><\/ins>\n<script> \n(adsbygoogle = window.adsbygoogle || []).push({}); \n<\/script>\n<\/div>","protected":false},"excerpt":{"rendered":"<p>L\u2019affaire Fran\u00e7ois Mancabou est tr\u00e8s loin de conna\u00eetre son \u00e9pilogue. En effet le procureur de la R\u00e9publique vient de relancer le dossier. Il a demand\u00e9 l\u2019ouverture d\u2019une information judiciaire afin de conna\u00eetre les causes exactes de la mort de Fran\u00e7ois Mancabou. Interpell\u00e9 dans l\u2019histoire \u00ab des forces sp\u00e9ciales \u00bb, il \u00e9tait d\u00e9c\u00e9d\u00e9 en d\u00e9tention. Nos confr\u00e8res du quotidien les Echos nous apprennent que le dossier a \u00e9t\u00e9 confi\u00e9 au juge du deuxi\u00e8me cabinet. Une d\u00e9cision prise par le parquet apr\u00e8s le d\u00e9p\u00f4t du rapport d\u2019enqu\u00eate de la Police au mois d\u2019Aout. Dans son rapport d\u2019autopsie, le l\u00e9giste avait conclu \u00e0 une \u00abfracture du rachis cervical ayant entra\u00een\u00e9 des complications neurologiques\u00bb. Pour rappel, une dizaine de personnes sont toujours dans les liens de la d\u00e9tention dans le cadre de cette histoire des\u2019forces sp\u00e9ciales \u00bb qui sont accus\u00e9s de terrorisme. Samba SY.<\/p>\n","protected":false},"author":1,"featured_media":4250,"comment_status":"open","ping_status":"open","sticky":false,"template":"","format":"standard","meta":{"_jetpack_memberships_contains_paid_content":false,"footnotes":""},"categories":[375,379,1,372],"tags":[1398,1399,103],"class_list":["post-4236","post","type-post","status-publish","format-standard","has-post-thumbnail","hentry","category-actualites","category-faits-divers","category-non-classe","category-vedette","tag-affaire-mancabou","tag-deuxieme-cabinet","tag-procureur","entry","has-media","owp-thumbs-layout-horizontal","owp-btn-normal","owp-tabs-layout-horizontal","has-no-thumbnails","has-product-nav"],"yoast_head":"<!-- This site is optimized with the Yoast SEO plugin v25.5 - https:\/\/yoast.com\/wordpress\/plugins\/seo\/ -->\n<title>Affaire Fran\u00e7ois Mancabou : Le procureur rouvre le dossier. - LE PUBLIC<\/title>\n<meta name=\"robots\" content=\"index, follow, max-snippet:-1, max-image-preview:large, max-video-preview:-1\" \/>\n<link rel=\"canonical\" href=\"https:\/\/www.public.sn\/index.php\/2022\/10\/12\/affaire-francois-mancabou-le-procureur-rouvre-le-dossier\/\" \/>\n<meta property=\"og:locale\" content=\"fr_FR\" \/>\n<meta property=\"og:type\" content=\"article\" \/>\n<meta property=\"og:title\" content=\"Affaire Fran\u00e7ois Mancabou : Le procureur rouvre le dossier. - LE PUBLIC\" \/>\n<meta property=\"og:description\" content=\"L\u2019affaire Fran\u00e7ois Mancabou est tr\u00e8s loin de conna\u00eetre son \u00e9pilogue. En effet le procureur de la R\u00e9publique vient de relancer le dossier. Il a demand\u00e9 l\u2019ouverture d\u2019une information judiciaire afin de conna\u00eetre les causes exactes de la mort de Fran\u00e7ois Mancabou. Interpell\u00e9 dans l\u2019histoire \u00ab des forces sp\u00e9ciales \u00bb, il \u00e9tait d\u00e9c\u00e9d\u00e9 en d\u00e9tention. Nos confr\u00e8res du quotidien les Echos nous apprennent que le dossier a \u00e9t\u00e9 confi\u00e9 au juge du deuxi\u00e8me cabinet. Une d\u00e9cision prise par le parquet apr\u00e8s le d\u00e9p\u00f4t du rapport d\u2019enqu\u00eate de la Police au mois d\u2019Aout. Dans son rapport d\u2019autopsie, le l\u00e9giste avait conclu \u00e0 une \u00abfracture du rachis cervical ayant entra\u00een\u00e9 des complications neurologiques\u00bb. Pour rappel, une dizaine de personnes sont toujours dans les liens de la d\u00e9tention dans le cadre de cette histoire des\u2019forces sp\u00e9ciales \u00bb qui sont accus\u00e9s de terrorisme. Samba SY.\" \/>\n<meta property=\"og:url\" content=\"https:\/\/www.public.sn\/index.php\/2022\/10\/12\/affaire-francois-mancabou-le-procureur-rouvre-le-dossier\/\" \/>\n<meta property=\"og:site_name\" content=\"LE PUBLIC\" \/>\n<meta property=\"article:published_time\" content=\"2022-10-12T08:03:30+00:00\" \/>\n<meta property=\"article:modified_time\" content=\"2022-10-12T08:04:09+00:00\" \/>\n<meta property=\"og:image\" content=\"https:\/\/www.public.sn\/wp-content\/uploads\/2022\/10\/mancabou.jpg\" \/>\n\t<meta property=\"og:image:width\" content=\"700\" \/>\n\t<meta property=\"og:image:height\" content=\"700\" \/>\n\t<meta property=\"og:image:type\" content=\"image\/jpeg\" \/>\n<meta name=\"author\" content=\"LA REDACTION\" \/>\n<meta name=\"twitter:card\" content=\"summary_large_image\" \/>\n<meta name=\"twitter:label1\" content=\"\u00c9crit par\" \/>\n\t<meta name=\"twitter:data1\" content=\"LA REDACTION\" \/>\n\t<meta name=\"twitter:label2\" content=\"Dur\u00e9e de lecture estim\u00e9e\" \/>\n\t<meta name=\"twitter:data2\" content=\"1 minute\" \/>\n<script type=\"application\/ld+json\" class=\"yoast-schema-graph\">{\"@context\":\"https:\/\/schema.org\",\"@graph\":[{\"@type\":\"Article\",\"@id\":\"https:\/\/www.public.sn\/index.php\/2022\/10\/12\/affaire-francois-mancabou-le-procureur-rouvre-le-dossier\/#article\",\"isPartOf\":{\"@id\":\"https:\/\/www.public.sn\/index.php\/2022\/10\/12\/affaire-francois-mancabou-le-procureur-rouvre-le-dossier\/\"},\"author\":{\"name\":\"LA REDACTION\",\"@id\":\"https:\/\/www.public.sn\/#\/schema\/person\/e3f4a11b037d4203902db148f9bc8d5a\"},\"headline\":\"Affaire Fran\u00e7ois Mancabou : Le procureur rouvre le dossier.\",\"datePublished\":\"2022-10-12T08:03:30+00:00\",\"dateModified\":\"2022-10-12T08:04:09+00:00\",\"mainEntityOfPage\":{\"@id\":\"https:\/\/www.public.sn\/index.php\/2022\/10\/12\/affaire-francois-mancabou-le-procureur-rouvre-le-dossier\/\"},\"wordCount\":175,\"commentCount\":0,\"publisher\":{\"@id\":\"https:\/\/www.public.sn\/#organization\"},\"image\":{\"@id\":\"https:\/\/www.public.sn\/index.php\/2022\/10\/12\/affaire-francois-mancabou-le-procureur-rouvre-le-dossier\/#primaryimage\"},\"thumbnailUrl\":\"https:\/\/www.public.sn\/wp-content\/uploads\/2022\/10\/mancabou.jpg\",\"keywords\":[\"affaire mancabou\",\"deuxieme cabinet\",\"Procureur\"],\"articleSection\":[\"ACTUALIT\u00c9S\",\"FAITS DIVERS\",\"S\u00c9N\u00c9GAL\",\"VEDETTE\"],\"inLanguage\":\"fr-FR\",\"potentialAction\":[{\"@type\":\"CommentAction\",\"name\":\"Comment\",\"target\":[\"https:\/\/www.public.sn\/index.php\/2022\/10\/12\/affaire-francois-mancabou-le-procureur-rouvre-le-dossier\/#respond\"]}]},{\"@type\":\"WebPage\",\"@id\":\"https:\/\/www.public.sn\/index.php\/2022\/10\/12\/affaire-francois-mancabou-le-procureur-rouvre-le-dossier\/\",\"url\":\"https:\/\/www.public.sn\/index.php\/2022\/10\/12\/affaire-francois-mancabou-le-procureur-rouvre-le-dossier\/\",\"name\":\"Affaire Fran\u00e7ois Mancabou : Le procureur rouvre le dossier. - LE PUBLIC\",\"isPartOf\":{\"@id\":\"https:\/\/www.public.sn\/#website\"},\"primaryImageOfPage\":{\"@id\":\"https:\/\/www.public.sn\/index.php\/2022\/10\/12\/affaire-francois-mancabou-le-procureur-rouvre-le-dossier\/#primaryimage\"},\"image\":{\"@id\":\"https:\/\/www.public.sn\/index.php\/2022\/10\/12\/affaire-francois-mancabou-le-procureur-rouvre-le-dossier\/#primaryimage\"},\"thumbnailUrl\":\"https:\/\/www.public.sn\/wp-content\/uploads\/2022\/10\/mancabou.jpg\",\"datePublished\":\"2022-10-12T08:03:30+00:00\",\"dateModified\":\"2022-10-12T08:04:09+00:00\",\"breadcrumb\":{\"@id\":\"https:\/\/www.public.sn\/index.php\/2022\/10\/12\/affaire-francois-mancabou-le-procureur-rouvre-le-dossier\/#breadcrumb\"},\"inLanguage\":\"fr-FR\",\"potentialAction\":[{\"@type\":\"ReadAction\",\"target\":[\"https:\/\/www.public.sn\/index.php\/2022\/10\/12\/affaire-francois-mancabou-le-procureur-rouvre-le-dossier\/\"]}]},{\"@type\":\"ImageObject\",\"inLanguage\":\"fr-FR\",\"@id\":\"https:\/\/www.public.sn\/index.php\/2022\/10\/12\/affaire-francois-mancabou-le-procureur-rouvre-le-dossier\/#primaryimage\",\"url\":\"https:\/\/www.public.sn\/wp-content\/uploads\/2022\/10\/mancabou.jpg\",\"contentUrl\":\"https:\/\/www.public.sn\/wp-content\/uploads\/2022\/10\/mancabou.jpg\",\"width\":700,\"height\":700,\"caption\":\"publicsn\"},{\"@type\":\"BreadcrumbList\",\"@id\":\"https:\/\/www.public.sn\/index.php\/2022\/10\/12\/affaire-francois-mancabou-le-procureur-rouvre-le-dossier\/#breadcrumb\",\"itemListElement\":[{\"@type\":\"ListItem\",\"position\":1,\"name\":\"Accueil\",\"item\":\"https:\/\/www.public.sn\/\"},{\"@type\":\"ListItem\",\"position\":2,\"name\":\"Affaire Fran\u00e7ois Mancabou : Le procureur rouvre le dossier.\"}]},{\"@type\":\"WebSite\",\"@id\":\"https:\/\/www.public.sn\/#website\",\"url\":\"https:\/\/www.public.sn\/\",\"name\":\"LE PUBLIC\",\"description\":\"\",\"publisher\":{\"@id\":\"https:\/\/www.public.sn\/#organization\"},\"potentialAction\":[{\"@type\":\"SearchAction\",\"target\":{\"@type\":\"EntryPoint\",\"urlTemplate\":\"https:\/\/www.public.sn\/?s={search_term_string}\"},\"query-input\":{\"@type\":\"PropertyValueSpecification\",\"valueRequired\":true,\"valueName\":\"search_term_string\"}}],\"inLanguage\":\"fr-FR\"},{\"@type\":\"Organization\",\"@id\":\"https:\/\/www.public.sn\/#organization\",\"name\":\"LE PUBLIC\",\"url\":\"https:\/\/www.public.sn\/\",\"logo\":{\"@type\":\"ImageObject\",\"inLanguage\":\"fr-FR\",\"@id\":\"https:\/\/www.public.sn\/#\/schema\/logo\/image\/\",\"url\":\"https:\/\/www.public.sn\/wp-content\/uploads\/2024\/05\/cropped-LOGO-PUBLIC.SN_.png\",\"contentUrl\":\"https:\/\/www.public.sn\/wp-content\/uploads\/2024\/05\/cropped-LOGO-PUBLIC.SN_.png\",\"width\":682,\"height\":192,\"caption\":\"LE PUBLIC\"},\"image\":{\"@id\":\"https:\/\/www.public.sn\/#\/schema\/logo\/image\/\"}},{\"@type\":\"Person\",\"@id\":\"https:\/\/www.public.sn\/#\/schema\/person\/e3f4a11b037d4203902db148f9bc8d5a\",\"name\":\"LA REDACTION\",\"image\":{\"@type\":\"ImageObject\",\"inLanguage\":\"fr-FR\",\"@id\":\"https:\/\/www.public.sn\/#\/schema\/person\/image\/\",\"url\":\"https:\/\/secure.gravatar.com\/avatar\/d6c030db45db2883c075085c5d6c6258654a801a93766b49af0b82d4f454e2a5?s=96&d=mm&r=g\",\"contentUrl\":\"https:\/\/secure.gravatar.com\/avatar\/d6c030db45db2883c075085c5d6c6258654a801a93766b49af0b82d4f454e2a5?s=96&d=mm&r=g\",\"caption\":\"LA REDACTION\"},\"sameAs\":[\"http:\/\/www.public.sn\"],\"url\":\"https:\/\/www.public.sn\/index.php\/author\/admin7324\/\"}]}<\/script>\n<!-- \/ Yoast SEO plugin. -->","yoast_head_json":{"title":"Affaire Fran\u00e7ois Mancabou : Le procureur rouvre le dossier. - LE PUBLIC","robots":{"index":"index","follow":"follow","max-snippet":"max-snippet:-1","max-image-preview":"max-image-preview:large","max-video-preview":"max-video-preview:-1"},"canonical":"https:\/\/www.public.sn\/index.php\/2022\/10\/12\/affaire-francois-mancabou-le-procureur-rouvre-le-dossier\/","og_locale":"fr_FR","og_type":"article","og_title":"Affaire Fran\u00e7ois Mancabou : Le procureur rouvre le dossier. - LE PUBLIC","og_description":"L\u2019affaire Fran\u00e7ois Mancabou est tr\u00e8s loin de conna\u00eetre son \u00e9pilogue. En effet le procureur de la R\u00e9publique vient de relancer le dossier. Il a demand\u00e9 l\u2019ouverture d\u2019une information judiciaire afin de conna\u00eetre les causes exactes de la mort de Fran\u00e7ois Mancabou. Interpell\u00e9 dans l\u2019histoire \u00ab des forces sp\u00e9ciales \u00bb, il \u00e9tait d\u00e9c\u00e9d\u00e9 en d\u00e9tention. Nos confr\u00e8res du quotidien les Echos nous apprennent que le dossier a \u00e9t\u00e9 confi\u00e9 au juge du deuxi\u00e8me cabinet. Une d\u00e9cision prise par le parquet apr\u00e8s le d\u00e9p\u00f4t du rapport d\u2019enqu\u00eate de la Police au mois d\u2019Aout. Dans son rapport d\u2019autopsie, le l\u00e9giste avait conclu \u00e0 une \u00abfracture du rachis cervical ayant entra\u00een\u00e9 des complications neurologiques\u00bb. Pour rappel, une dizaine de personnes sont toujours dans les liens de la d\u00e9tention dans le cadre de cette histoire des\u2019forces sp\u00e9ciales \u00bb qui sont accus\u00e9s de terrorisme. Samba SY.","og_url":"https:\/\/www.public.sn\/index.php\/2022\/10\/12\/affaire-francois-mancabou-le-procureur-rouvre-le-dossier\/","og_site_name":"LE PUBLIC","article_published_time":"2022-10-12T08:03:30+00:00","article_modified_time":"2022-10-12T08:04:09+00:00","og_image":[{"width":700,"height":700,"url":"https:\/\/www.public.sn\/wp-content\/uploads\/2022\/10\/mancabou.jpg","type":"image\/jpeg"}],"author":"LA REDACTION","twitter_card":"summary_large_image","twitter_misc":{"\u00c9crit par":"LA REDACTION","Dur\u00e9e de lecture estim\u00e9e":"1 minute"},"schema":{"@context":"https:\/\/schema.org","@graph":[{"@type":"Article","@id":"https:\/\/www.public.sn\/index.php\/2022\/10\/12\/affaire-francois-mancabou-le-procureur-rouvre-le-dossier\/#article","isPartOf":{"@id":"https:\/\/www.public.sn\/index.php\/2022\/10\/12\/affaire-francois-mancabou-le-procureur-rouvre-le-dossier\/"},"author":{"name":"LA REDACTION","@id":"https:\/\/www.public.sn\/#\/schema\/person\/e3f4a11b037d4203902db148f9bc8d5a"},"headline":"Affaire Fran\u00e7ois Mancabou : Le procureur rouvre le dossier.","datePublished":"2022-10-12T08:03:30+00:00","dateModified":"2022-10-12T08:04:09+00:00","mainEntityOfPage":{"@id":"https:\/\/www.public.sn\/index.php\/2022\/10\/12\/affaire-francois-mancabou-le-procureur-rouvre-le-dossier\/"},"wordCount":175,"commentCount":0,"publisher":{"@id":"https:\/\/www.public.sn\/#organization"},"image":{"@id":"https:\/\/www.public.sn\/index.php\/2022\/10\/12\/affaire-francois-mancabou-le-procureur-rouvre-le-dossier\/#primaryimage"},"thumbnailUrl":"https:\/\/www.public.sn\/wp-content\/uploads\/2022\/10\/mancabou.jpg","keywords":["affaire mancabou","deuxieme cabinet","Procureur"],"articleSection":["ACTUALIT\u00c9S","FAITS DIVERS","S\u00c9N\u00c9GAL","VEDETTE"],"inLanguage":"fr-FR","potentialAction":[{"@type":"CommentAction","name":"Comment","target":["https:\/\/www.public.sn\/index.php\/2022\/10\/12\/affaire-francois-mancabou-le-procureur-rouvre-le-dossier\/#respond"]}]},{"@type":"WebPage","@id":"https:\/\/www.public.sn\/index.php\/2022\/10\/12\/affaire-francois-mancabou-le-procureur-rouvre-le-dossier\/","url":"https:\/\/www.public.sn\/index.php\/2022\/10\/12\/affaire-francois-mancabou-le-procureur-rouvre-le-dossier\/","name":"Affaire Fran\u00e7ois Mancabou : Le procureur rouvre le dossier. - LE PUBLIC","isPartOf":{"@id":"https:\/\/www.public.sn\/#website"},"primaryImageOfPage":{"@id":"https:\/\/www.public.sn\/index.php\/2022\/10\/12\/affaire-francois-mancabou-le-procureur-rouvre-le-dossier\/#primaryimage"},"image":{"@id":"https:\/\/www.public.sn\/index.php\/2022\/10\/12\/affaire-francois-mancabou-le-procureur-rouvre-le-dossier\/#primaryimage"},"thumbnailUrl":"https:\/\/www.public.sn\/wp-content\/uploads\/2022\/10\/mancabou.jpg","datePublished":"2022-10-12T08:03:30+00:00","dateModified":"2022-10-12T08:04:09+00:00","breadcrumb":{"@id":"https:\/\/www.public.sn\/index.php\/2022\/10\/12\/affaire-francois-mancabou-le-procureur-rouvre-le-dossier\/#breadcrumb"},"inLanguage":"fr-FR","potentialAction":[{"@type":"ReadAction","target":["https:\/\/www.public.sn\/index.php\/2022\/10\/12\/affaire-francois-mancabou-le-procureur-rouvre-le-dossier\/"]}]},{"@type":"ImageObject","inLanguage":"fr-FR","@id":"https:\/\/www.public.sn\/index.php\/2022\/10\/12\/affaire-francois-mancabou-le-procureur-rouvre-le-dossier\/#primaryimage","url":"https:\/\/www.public.sn\/wp-content\/uploads\/2022\/10\/mancabou.jpg","contentUrl":"https:\/\/www.public.sn\/wp-content\/uploads\/2022\/10\/mancabou.jpg","width":700,"height":700,"caption":"publicsn"},{"@type":"BreadcrumbList","@id":"https:\/\/www.public.sn\/index.php\/2022\/10\/12\/affaire-francois-mancabou-le-procureur-rouvre-le-dossier\/#breadcrumb","itemListElement":[{"@type":"ListItem","position":1,"name":"Accueil","item":"https:\/\/www.public.sn\/"},{"@type":"ListItem","position":2,"name":"Affaire Fran\u00e7ois Mancabou : Le procureur rouvre le dossier."}]},{"@type":"WebSite","@id":"https:\/\/www.public.sn\/#website","url":"https:\/\/www.public.sn\/","name":"LE PUBLIC","description":"","publisher":{"@id":"https:\/\/www.public.sn\/#organization"},"potentialAction":[{"@type":"SearchAction","target":{"@type":"EntryPoint","urlTemplate":"https:\/\/www.public.sn\/?s={search_term_string}"},"query-input":{"@type":"PropertyValueSpecification","valueRequired":true,"valueName":"search_term_string"}}],"inLanguage":"fr-FR"},{"@type":"Organization","@id":"https:\/\/www.public.sn\/#organization","name":"LE PUBLIC","url":"https:\/\/www.public.sn\/","logo":{"@type":"ImageObject","inLanguage":"fr-FR","@id":"https:\/\/www.public.sn\/#\/schema\/logo\/image\/","url":"https:\/\/www.public.sn\/wp-content\/uploads\/2024\/05\/cropped-LOGO-PUBLIC.SN_.png","contentUrl":"https:\/\/www.public.sn\/wp-content\/uploads\/2024\/05\/cropped-LOGO-PUBLIC.SN_.png","width":682,"height":192,"caption":"LE PUBLIC"},"image":{"@id":"https:\/\/www.public.sn\/#\/schema\/logo\/image\/"}},{"@type":"Person","@id":"https:\/\/www.public.sn\/#\/schema\/person\/e3f4a11b037d4203902db148f9bc8d5a","name":"LA REDACTION","image":{"@type":"ImageObject","inLanguage":"fr-FR","@id":"https:\/\/www.public.sn\/#\/schema\/person\/image\/","url":"https:\/\/secure.gravatar.com\/avatar\/d6c030db45db2883c075085c5d6c6258654a801a93766b49af0b82d4f454e2a5?s=96&d=mm&r=g","contentUrl":"https:\/\/secure.gravatar.com\/avatar\/d6c030db45db2883c075085c5d6c6258654a801a93766b49af0b82d4f454e2a5?s=96&d=mm&r=g","caption":"LA REDACTION"},"sameAs":["http:\/\/www.public.sn"],"url":"https:\/\/www.public.sn\/index.php\/author\/admin7324\/"}]}},"jetpack_featured_media_url":"https:\/\/www.public.sn\/wp-content\/uploads\/2022\/10\/mancabou.jpg","jetpack_sharing_enabled":true,"_links":{"self":[{"href":"https:\/\/www.public.sn\/index.php\/wp-json\/wp\/v2\/posts\/4236","targetHints":{"allow":["GET"]}}],"collection":[{"href":"https:\/\/www.public.sn\/index.php\/wp-json\/wp\/v2\/posts"}],"about":[{"href":"https:\/\/www.public.sn\/index.php\/wp-json\/wp\/v2\/types\/post"}],"author":[{"embeddable":true,"href":"https:\/\/www.public.sn\/index.php\/wp-json\/wp\/v2\/users\/1"}],"replies":[{"embeddable":true,"href":"https:\/\/www.public.sn\/index.php\/wp-json\/wp\/v2\/comments?post=4236"}],"version-history":[{"count":2,"href":"https:\/\/www.public.sn\/index.php\/wp-json\/wp\/v2\/posts\/4236\/revisions"}],"predecessor-version":[{"id":4251,"href":"https:\/\/www.public.sn\/index.php\/wp-json\/wp\/v2\/posts\/4236\/revisions\/4251"}],"wp:featuredmedia":[{"embeddable":true,"href":"https:\/\/www.public.sn\/index.php\/wp-json\/wp\/v2\/media\/4250"}],"wp:attachment":[{"href":"https:\/\/www.public.sn\/index.php\/wp-json\/wp\/v2\/media?parent=4236"}],"wp:term":[{"taxonomy":"category","embeddable":true,"href":"https:\/\/www.public.sn\/index.php\/wp-json\/wp\/v2\/categories?post=4236"},{"taxonomy":"post_tag","embeddable":true,"href":"https:\/\/www.public.sn\/index.php\/wp-json\/wp\/v2\/tags?post=4236"}],"curies":[{"name":"wp","href":"https:\/\/api.w.org\/{rel}","templated":true}]}}