{"id":428,"date":"2022-08-22T19:40:24","date_gmt":"2022-08-22T17:40:24","guid":{"rendered":"https:\/\/www.public.sn\/?p=428"},"modified":"2022-08-22T19:40:24","modified_gmt":"2022-08-22T17:40:24","slug":"victimes-des-inondations-les-populations-de-mbao-manifestent-leur-colere","status":"publish","type":"post","link":"https:\/\/www.public.sn\/index.php\/2022\/08\/22\/victimes-des-inondations-les-populations-de-mbao-manifestent-leur-colere\/","title":{"rendered":"Victimes des inondations, les populations de Mbao manifestent leur col\u00e8re."},"content":{"rendered":"\n<p><strong><em> \u00c0 la cit\u00e9 Momar Mar\u00e8me Diop de Mbao et de Keur Mbaye Fall, les populations n\u2019en peuvent plus de vivre sous les eaux de pluies. Tr\u00e8s remont\u00e9es, elles ont barr\u00e9 la route pour protester contre les inondations qui hantent le sommeil des habitants. <\/em><\/strong><\/p><div class=\"publi-paragraphe1\" style=\"margin-top: 10px;margin-bottom: 10px;margin-left: auto;margin-right: auto;text-align: center;\" id=\"publi-1349616797\"><div class=\"publi-adlabel\">Publicit\u00e9<\/div><script async src=\"\/\/pagead2.googlesyndication.com\/pagead\/js\/adsbygoogle.js?client=ca-pub-4089586018074219\" crossorigin=\"anonymous\"><\/script><ins class=\"adsbygoogle\" style=\"display:block;\" data-ad-client=\"ca-pub-4089586018074219\" \ndata-ad-slot=\"2087940154\" \ndata-ad-format=\"auto\"><\/ins>\n<script> \n(adsbygoogle = window.adsbygoogle || []).push({}); \n<\/script>\n<\/div>\n\n\n\n<p>Ces quartiers, disons inond\u00e9s de la commune de Mbao, se sentent abandonn\u00e9s \u00e0 leur sort par les autorit\u00e9s politiques et \u00e9tatiques. Ils accusent le Maire de la commune Abdou Karim Sall et l\u2019Etat du S\u00e9n\u00e9gal indiff\u00e9rents face \u00e0 leurs souffrances.<\/p>\n\n\n\n<p>Ces premi\u00e8res heures de la journ\u00e9es, elles ont bloqu\u00e9 la circulation et br\u00fbl\u00e9 des pneus sur les axes strat\u00e9giques de la zone. Par contre, selon des sources, ces manifestants ont \u00e9t\u00e9 dispers\u00e9s par la gendarmerie malgr\u00e9 leurs ripostes en \u00e9change de jets de pierres laissant place \u00e0 de vives \u00e9chauffour\u00e9es entre les deux parties.<\/p>\n\n\n\n<p>Toutefois, ces jeunes promettent continuer le bras de fer dans les prochains jours, si les autorit\u00e9s ne trouvent pas de solutions \u00e0 leurs probl\u00e8mes.<\/p>\n\n\n\n<p><em>R\u00e9daction Public SN<\/em><\/p>\n<div class=\"publi-apres-le-contenu\" style=\"margin-top: 10px;margin-bottom: 10px;margin-left: auto;margin-right: auto;text-align: center;\" id=\"publi-2969216904\"><div class=\"publi-adlabel\">Publicit\u00e9<\/div><script async src=\"\/\/pagead2.googlesyndication.com\/pagead\/js\/adsbygoogle.js?client=ca-pub-4089586018074219\" crossorigin=\"anonymous\"><\/script><ins class=\"adsbygoogle\" style=\"display:block;\" data-ad-client=\"ca-pub-4089586018074219\" \ndata-ad-slot=\"2087940154\" \ndata-ad-format=\"auto\"><\/ins>\n<script> \n(adsbygoogle = window.adsbygoogle || []).push({}); \n<\/script>\n<\/div>","protected":false},"excerpt":{"rendered":"<p>\u00c0 la cit\u00e9 Momar Mar\u00e8me Diop de Mbao et de Keur Mbaye Fall, les populations n\u2019en peuvent plus de vivre sous les eaux de pluies. Tr\u00e8s remont\u00e9es, elles ont barr\u00e9 la route pour protester contre les inondations qui hantent le sommeil des habitants. Ces quartiers, disons inond\u00e9s de la commune de Mbao, se sentent abandonn\u00e9s \u00e0 leur sort par les autorit\u00e9s politiques et \u00e9tatiques. Ils accusent le Maire de la commune Abdou Karim Sall et l\u2019Etat du S\u00e9n\u00e9gal indiff\u00e9rents face \u00e0 leurs souffrances. Ces premi\u00e8res heures de la journ\u00e9es, elles ont bloqu\u00e9 la circulation et br\u00fbl\u00e9 des pneus sur les axes strat\u00e9giques de la zone. Par contre, selon des sources, ces manifestants ont \u00e9t\u00e9 dispers\u00e9s par la gendarmerie malgr\u00e9 leurs ripostes en \u00e9change de jets de pierres laissant place \u00e0 de vives \u00e9chauffour\u00e9es entre les deux parties. Toutefois, ces jeunes promettent continuer le bras de fer dans les prochains jours, si les autorit\u00e9s ne trouvent pas de solutions \u00e0 leurs probl\u00e8mes. R\u00e9daction Public SN<\/p>\n","protected":false},"author":1,"featured_media":429,"comment_status":"open","ping_status":"open","sticky":false,"template":"","format":"standard","meta":{"_jetpack_memberships_contains_paid_content":false,"footnotes":""},"categories":[4],"tags":[200,201,198,92,199,140],"class_list":["post-428","post","type-post","status-publish","format-standard","has-post-thumbnail","hentry","category-societe","tag-abdou-karim-sall","tag-etat-du-senegal","tag-gendarmerie","tag-inondations","tag-jets-de-pierres","tag-mbao","entry","has-media","owp-thumbs-layout-horizontal","owp-btn-normal","owp-tabs-layout-horizontal","has-no-thumbnails","has-product-nav"],"yoast_head":"<!-- This site is optimized with the Yoast SEO plugin v25.5 - https:\/\/yoast.com\/wordpress\/plugins\/seo\/ -->\n<title>Victimes des inondations, les populations de Mbao manifestent leur col\u00e8re. - LE PUBLIC<\/title>\n<meta name=\"robots\" content=\"index, follow, max-snippet:-1, max-image-preview:large, max-video-preview:-1\" \/>\n<link rel=\"canonical\" href=\"https:\/\/www.public.sn\/index.php\/2022\/08\/22\/victimes-des-inondations-les-populations-de-mbao-manifestent-leur-colere\/\" \/>\n<meta property=\"og:locale\" content=\"fr_FR\" \/>\n<meta property=\"og:type\" content=\"article\" \/>\n<meta property=\"og:title\" content=\"Victimes des inondations, les populations de Mbao manifestent leur col\u00e8re. - LE PUBLIC\" \/>\n<meta property=\"og:description\" content=\"\u00c0 la cit\u00e9 Momar Mar\u00e8me Diop de Mbao et de Keur Mbaye Fall, les populations n\u2019en peuvent plus de vivre sous les eaux de pluies. Tr\u00e8s remont\u00e9es, elles ont barr\u00e9 la route pour protester contre les inondations qui hantent le sommeil des habitants. Ces quartiers, disons inond\u00e9s de la commune de Mbao, se sentent abandonn\u00e9s \u00e0 leur sort par les autorit\u00e9s politiques et \u00e9tatiques. Ils accusent le Maire de la commune Abdou Karim Sall et l\u2019Etat du S\u00e9n\u00e9gal indiff\u00e9rents face \u00e0 leurs souffrances. Ces premi\u00e8res heures de la journ\u00e9es, elles ont bloqu\u00e9 la circulation et br\u00fbl\u00e9 des pneus sur les axes strat\u00e9giques de la zone. Par contre, selon des sources, ces manifestants ont \u00e9t\u00e9 dispers\u00e9s par la gendarmerie malgr\u00e9 leurs ripostes en \u00e9change de jets de pierres laissant place \u00e0 de vives \u00e9chauffour\u00e9es entre les deux parties. Toutefois, ces jeunes promettent continuer le bras de fer dans les prochains jours, si les autorit\u00e9s ne trouvent pas de solutions \u00e0 leurs probl\u00e8mes. R\u00e9daction Public SN\" \/>\n<meta property=\"og:url\" content=\"https:\/\/www.public.sn\/index.php\/2022\/08\/22\/victimes-des-inondations-les-populations-de-mbao-manifestent-leur-colere\/\" \/>\n<meta property=\"og:site_name\" content=\"LE PUBLIC\" \/>\n<meta property=\"article:published_time\" content=\"2022-08-22T17:40:24+00:00\" \/>\n<meta property=\"og:image\" content=\"https:\/\/www.public.sn\/wp-content\/uploads\/2022\/08\/9dbac06e-059d-4fd8-a7d2-c97449c4b181_Senegal-manifestation.jpg-scaled.webp\" \/>\n\t<meta property=\"og:image:width\" content=\"2560\" \/>\n\t<meta property=\"og:image:height\" content=\"1707\" \/>\n\t<meta property=\"og:image:type\" content=\"image\/webp\" \/>\n<meta name=\"author\" content=\"LA REDACTION\" \/>\n<meta name=\"twitter:card\" content=\"summary_large_image\" \/>\n<meta name=\"twitter:label1\" content=\"\u00c9crit par\" \/>\n\t<meta name=\"twitter:data1\" content=\"LA REDACTION\" \/>\n\t<meta name=\"twitter:label2\" content=\"Dur\u00e9e de lecture estim\u00e9e\" \/>\n\t<meta name=\"twitter:data2\" content=\"1 minute\" \/>\n<script type=\"application\/ld+json\" class=\"yoast-schema-graph\">{\"@context\":\"https:\/\/schema.org\",\"@graph\":[{\"@type\":\"Article\",\"@id\":\"https:\/\/www.public.sn\/index.php\/2022\/08\/22\/victimes-des-inondations-les-populations-de-mbao-manifestent-leur-colere\/#article\",\"isPartOf\":{\"@id\":\"https:\/\/www.public.sn\/index.php\/2022\/08\/22\/victimes-des-inondations-les-populations-de-mbao-manifestent-leur-colere\/\"},\"author\":{\"name\":\"LA REDACTION\",\"@id\":\"https:\/\/www.public.sn\/#\/schema\/person\/e3f4a11b037d4203902db148f9bc8d5a\"},\"headline\":\"Victimes des inondations, les populations de Mbao manifestent leur col\u00e8re.\",\"datePublished\":\"2022-08-22T17:40:24+00:00\",\"mainEntityOfPage\":{\"@id\":\"https:\/\/www.public.sn\/index.php\/2022\/08\/22\/victimes-des-inondations-les-populations-de-mbao-manifestent-leur-colere\/\"},\"wordCount\":190,\"commentCount\":0,\"publisher\":{\"@id\":\"https:\/\/www.public.sn\/#organization\"},\"image\":{\"@id\":\"https:\/\/www.public.sn\/index.php\/2022\/08\/22\/victimes-des-inondations-les-populations-de-mbao-manifestent-leur-colere\/#primaryimage\"},\"thumbnailUrl\":\"https:\/\/www.public.sn\/wp-content\/uploads\/2022\/08\/9dbac06e-059d-4fd8-a7d2-c97449c4b181_Senegal-manifestation.jpg-scaled.webp\",\"keywords\":[\"Abdou Karim Sall\",\"\u00c9tat du S\u00e9n\u00e9gal\",\"Gendarmerie\",\"Inondations\",\"Jets de Pierres\",\"Mbao\"],\"articleSection\":[\"SOCIETE\"],\"inLanguage\":\"fr-FR\",\"potentialAction\":[{\"@type\":\"CommentAction\",\"name\":\"Comment\",\"target\":[\"https:\/\/www.public.sn\/index.php\/2022\/08\/22\/victimes-des-inondations-les-populations-de-mbao-manifestent-leur-colere\/#respond\"]}]},{\"@type\":\"WebPage\",\"@id\":\"https:\/\/www.public.sn\/index.php\/2022\/08\/22\/victimes-des-inondations-les-populations-de-mbao-manifestent-leur-colere\/\",\"url\":\"https:\/\/www.public.sn\/index.php\/2022\/08\/22\/victimes-des-inondations-les-populations-de-mbao-manifestent-leur-colere\/\",\"name\":\"Victimes des inondations, les populations de Mbao manifestent leur col\u00e8re. - LE PUBLIC\",\"isPartOf\":{\"@id\":\"https:\/\/www.public.sn\/#website\"},\"primaryImageOfPage\":{\"@id\":\"https:\/\/www.public.sn\/index.php\/2022\/08\/22\/victimes-des-inondations-les-populations-de-mbao-manifestent-leur-colere\/#primaryimage\"},\"image\":{\"@id\":\"https:\/\/www.public.sn\/index.php\/2022\/08\/22\/victimes-des-inondations-les-populations-de-mbao-manifestent-leur-colere\/#primaryimage\"},\"thumbnailUrl\":\"https:\/\/www.public.sn\/wp-content\/uploads\/2022\/08\/9dbac06e-059d-4fd8-a7d2-c97449c4b181_Senegal-manifestation.jpg-scaled.webp\",\"datePublished\":\"2022-08-22T17:40:24+00:00\",\"breadcrumb\":{\"@id\":\"https:\/\/www.public.sn\/index.php\/2022\/08\/22\/victimes-des-inondations-les-populations-de-mbao-manifestent-leur-colere\/#breadcrumb\"},\"inLanguage\":\"fr-FR\",\"potentialAction\":[{\"@type\":\"ReadAction\",\"target\":[\"https:\/\/www.public.sn\/index.php\/2022\/08\/22\/victimes-des-inondations-les-populations-de-mbao-manifestent-leur-colere\/\"]}]},{\"@type\":\"ImageObject\",\"inLanguage\":\"fr-FR\",\"@id\":\"https:\/\/www.public.sn\/index.php\/2022\/08\/22\/victimes-des-inondations-les-populations-de-mbao-manifestent-leur-colere\/#primaryimage\",\"url\":\"https:\/\/www.public.sn\/wp-content\/uploads\/2022\/08\/9dbac06e-059d-4fd8-a7d2-c97449c4b181_Senegal-manifestation.jpg-scaled.webp\",\"contentUrl\":\"https:\/\/www.public.sn\/wp-content\/uploads\/2022\/08\/9dbac06e-059d-4fd8-a7d2-c97449c4b181_Senegal-manifestation.jpg-scaled.webp\",\"width\":2560,\"height\":1707},{\"@type\":\"BreadcrumbList\",\"@id\":\"https:\/\/www.public.sn\/index.php\/2022\/08\/22\/victimes-des-inondations-les-populations-de-mbao-manifestent-leur-colere\/#breadcrumb\",\"itemListElement\":[{\"@type\":\"ListItem\",\"position\":1,\"name\":\"Accueil\",\"item\":\"https:\/\/www.public.sn\/\"},{\"@type\":\"ListItem\",\"position\":2,\"name\":\"Victimes des inondations, les populations de Mbao manifestent leur col\u00e8re.\"}]},{\"@type\":\"WebSite\",\"@id\":\"https:\/\/www.public.sn\/#website\",\"url\":\"https:\/\/www.public.sn\/\",\"name\":\"LE PUBLIC\",\"description\":\"\",\"publisher\":{\"@id\":\"https:\/\/www.public.sn\/#organization\"},\"potentialAction\":[{\"@type\":\"SearchAction\",\"target\":{\"@type\":\"EntryPoint\",\"urlTemplate\":\"https:\/\/www.public.sn\/?s={search_term_string}\"},\"query-input\":{\"@type\":\"PropertyValueSpecification\",\"valueRequired\":true,\"valueName\":\"search_term_string\"}}],\"inLanguage\":\"fr-FR\"},{\"@type\":\"Organization\",\"@id\":\"https:\/\/www.public.sn\/#organization\",\"name\":\"LE PUBLIC\",\"url\":\"https:\/\/www.public.sn\/\",\"logo\":{\"@type\":\"ImageObject\",\"inLanguage\":\"fr-FR\",\"@id\":\"https:\/\/www.public.sn\/#\/schema\/logo\/image\/\",\"url\":\"https:\/\/www.public.sn\/wp-content\/uploads\/2024\/05\/cropped-LOGO-PUBLIC.SN_.png\",\"contentUrl\":\"https:\/\/www.public.sn\/wp-content\/uploads\/2024\/05\/cropped-LOGO-PUBLIC.SN_.png\",\"width\":682,\"height\":192,\"caption\":\"LE PUBLIC\"},\"image\":{\"@id\":\"https:\/\/www.public.sn\/#\/schema\/logo\/image\/\"}},{\"@type\":\"Person\",\"@id\":\"https:\/\/www.public.sn\/#\/schema\/person\/e3f4a11b037d4203902db148f9bc8d5a\",\"name\":\"LA REDACTION\",\"image\":{\"@type\":\"ImageObject\",\"inLanguage\":\"fr-FR\",\"@id\":\"https:\/\/www.public.sn\/#\/schema\/person\/image\/\",\"url\":\"https:\/\/secure.gravatar.com\/avatar\/d6c030db45db2883c075085c5d6c6258654a801a93766b49af0b82d4f454e2a5?s=96&d=mm&r=g\",\"contentUrl\":\"https:\/\/secure.gravatar.com\/avatar\/d6c030db45db2883c075085c5d6c6258654a801a93766b49af0b82d4f454e2a5?s=96&d=mm&r=g\",\"caption\":\"LA REDACTION\"},\"sameAs\":[\"http:\/\/www.public.sn\"],\"url\":\"https:\/\/www.public.sn\/index.php\/author\/admin7324\/\"}]}<\/script>\n<!-- \/ Yoast SEO plugin. -->","yoast_head_json":{"title":"Victimes des inondations, les populations de Mbao manifestent leur col\u00e8re. - LE PUBLIC","robots":{"index":"index","follow":"follow","max-snippet":"max-snippet:-1","max-image-preview":"max-image-preview:large","max-video-preview":"max-video-preview:-1"},"canonical":"https:\/\/www.public.sn\/index.php\/2022\/08\/22\/victimes-des-inondations-les-populations-de-mbao-manifestent-leur-colere\/","og_locale":"fr_FR","og_type":"article","og_title":"Victimes des inondations, les populations de Mbao manifestent leur col\u00e8re. - LE PUBLIC","og_description":"\u00c0 la cit\u00e9 Momar Mar\u00e8me Diop de Mbao et de Keur Mbaye Fall, les populations n\u2019en peuvent plus de vivre sous les eaux de pluies. Tr\u00e8s remont\u00e9es, elles ont barr\u00e9 la route pour protester contre les inondations qui hantent le sommeil des habitants. Ces quartiers, disons inond\u00e9s de la commune de Mbao, se sentent abandonn\u00e9s \u00e0 leur sort par les autorit\u00e9s politiques et \u00e9tatiques. Ils accusent le Maire de la commune Abdou Karim Sall et l\u2019Etat du S\u00e9n\u00e9gal indiff\u00e9rents face \u00e0 leurs souffrances. Ces premi\u00e8res heures de la journ\u00e9es, elles ont bloqu\u00e9 la circulation et br\u00fbl\u00e9 des pneus sur les axes strat\u00e9giques de la zone. Par contre, selon des sources, ces manifestants ont \u00e9t\u00e9 dispers\u00e9s par la gendarmerie malgr\u00e9 leurs ripostes en \u00e9change de jets de pierres laissant place \u00e0 de vives \u00e9chauffour\u00e9es entre les deux parties. Toutefois, ces jeunes promettent continuer le bras de fer dans les prochains jours, si les autorit\u00e9s ne trouvent pas de solutions \u00e0 leurs probl\u00e8mes. R\u00e9daction Public SN","og_url":"https:\/\/www.public.sn\/index.php\/2022\/08\/22\/victimes-des-inondations-les-populations-de-mbao-manifestent-leur-colere\/","og_site_name":"LE PUBLIC","article_published_time":"2022-08-22T17:40:24+00:00","og_image":[{"width":2560,"height":1707,"url":"https:\/\/www.public.sn\/wp-content\/uploads\/2022\/08\/9dbac06e-059d-4fd8-a7d2-c97449c4b181_Senegal-manifestation.jpg-scaled.webp","type":"image\/webp"}],"author":"LA REDACTION","twitter_card":"summary_large_image","twitter_misc":{"\u00c9crit par":"LA REDACTION","Dur\u00e9e de lecture estim\u00e9e":"1 minute"},"schema":{"@context":"https:\/\/schema.org","@graph":[{"@type":"Article","@id":"https:\/\/www.public.sn\/index.php\/2022\/08\/22\/victimes-des-inondations-les-populations-de-mbao-manifestent-leur-colere\/#article","isPartOf":{"@id":"https:\/\/www.public.sn\/index.php\/2022\/08\/22\/victimes-des-inondations-les-populations-de-mbao-manifestent-leur-colere\/"},"author":{"name":"LA REDACTION","@id":"https:\/\/www.public.sn\/#\/schema\/person\/e3f4a11b037d4203902db148f9bc8d5a"},"headline":"Victimes des inondations, les populations de Mbao manifestent leur col\u00e8re.","datePublished":"2022-08-22T17:40:24+00:00","mainEntityOfPage":{"@id":"https:\/\/www.public.sn\/index.php\/2022\/08\/22\/victimes-des-inondations-les-populations-de-mbao-manifestent-leur-colere\/"},"wordCount":190,"commentCount":0,"publisher":{"@id":"https:\/\/www.public.sn\/#organization"},"image":{"@id":"https:\/\/www.public.sn\/index.php\/2022\/08\/22\/victimes-des-inondations-les-populations-de-mbao-manifestent-leur-colere\/#primaryimage"},"thumbnailUrl":"https:\/\/www.public.sn\/wp-content\/uploads\/2022\/08\/9dbac06e-059d-4fd8-a7d2-c97449c4b181_Senegal-manifestation.jpg-scaled.webp","keywords":["Abdou Karim Sall","\u00c9tat du S\u00e9n\u00e9gal","Gendarmerie","Inondations","Jets de Pierres","Mbao"],"articleSection":["SOCIETE"],"inLanguage":"fr-FR","potentialAction":[{"@type":"CommentAction","name":"Comment","target":["https:\/\/www.public.sn\/index.php\/2022\/08\/22\/victimes-des-inondations-les-populations-de-mbao-manifestent-leur-colere\/#respond"]}]},{"@type":"WebPage","@id":"https:\/\/www.public.sn\/index.php\/2022\/08\/22\/victimes-des-inondations-les-populations-de-mbao-manifestent-leur-colere\/","url":"https:\/\/www.public.sn\/index.php\/2022\/08\/22\/victimes-des-inondations-les-populations-de-mbao-manifestent-leur-colere\/","name":"Victimes des inondations, les populations de Mbao manifestent leur col\u00e8re. - LE PUBLIC","isPartOf":{"@id":"https:\/\/www.public.sn\/#website"},"primaryImageOfPage":{"@id":"https:\/\/www.public.sn\/index.php\/2022\/08\/22\/victimes-des-inondations-les-populations-de-mbao-manifestent-leur-colere\/#primaryimage"},"image":{"@id":"https:\/\/www.public.sn\/index.php\/2022\/08\/22\/victimes-des-inondations-les-populations-de-mbao-manifestent-leur-colere\/#primaryimage"},"thumbnailUrl":"https:\/\/www.public.sn\/wp-content\/uploads\/2022\/08\/9dbac06e-059d-4fd8-a7d2-c97449c4b181_Senegal-manifestation.jpg-scaled.webp","datePublished":"2022-08-22T17:40:24+00:00","breadcrumb":{"@id":"https:\/\/www.public.sn\/index.php\/2022\/08\/22\/victimes-des-inondations-les-populations-de-mbao-manifestent-leur-colere\/#breadcrumb"},"inLanguage":"fr-FR","potentialAction":[{"@type":"ReadAction","target":["https:\/\/www.public.sn\/index.php\/2022\/08\/22\/victimes-des-inondations-les-populations-de-mbao-manifestent-leur-colere\/"]}]},{"@type":"ImageObject","inLanguage":"fr-FR","@id":"https:\/\/www.public.sn\/index.php\/2022\/08\/22\/victimes-des-inondations-les-populations-de-mbao-manifestent-leur-colere\/#primaryimage","url":"https:\/\/www.public.sn\/wp-content\/uploads\/2022\/08\/9dbac06e-059d-4fd8-a7d2-c97449c4b181_Senegal-manifestation.jpg-scaled.webp","contentUrl":"https:\/\/www.public.sn\/wp-content\/uploads\/2022\/08\/9dbac06e-059d-4fd8-a7d2-c97449c4b181_Senegal-manifestation.jpg-scaled.webp","width":2560,"height":1707},{"@type":"BreadcrumbList","@id":"https:\/\/www.public.sn\/index.php\/2022\/08\/22\/victimes-des-inondations-les-populations-de-mbao-manifestent-leur-colere\/#breadcrumb","itemListElement":[{"@type":"ListItem","position":1,"name":"Accueil","item":"https:\/\/www.public.sn\/"},{"@type":"ListItem","position":2,"name":"Victimes des inondations, les populations de Mbao manifestent leur col\u00e8re."}]},{"@type":"WebSite","@id":"https:\/\/www.public.sn\/#website","url":"https:\/\/www.public.sn\/","name":"LE PUBLIC","description":"","publisher":{"@id":"https:\/\/www.public.sn\/#organization"},"potentialAction":[{"@type":"SearchAction","target":{"@type":"EntryPoint","urlTemplate":"https:\/\/www.public.sn\/?s={search_term_string}"},"query-input":{"@type":"PropertyValueSpecification","valueRequired":true,"valueName":"search_term_string"}}],"inLanguage":"fr-FR"},{"@type":"Organization","@id":"https:\/\/www.public.sn\/#organization","name":"LE PUBLIC","url":"https:\/\/www.public.sn\/","logo":{"@type":"ImageObject","inLanguage":"fr-FR","@id":"https:\/\/www.public.sn\/#\/schema\/logo\/image\/","url":"https:\/\/www.public.sn\/wp-content\/uploads\/2024\/05\/cropped-LOGO-PUBLIC.SN_.png","contentUrl":"https:\/\/www.public.sn\/wp-content\/uploads\/2024\/05\/cropped-LOGO-PUBLIC.SN_.png","width":682,"height":192,"caption":"LE PUBLIC"},"image":{"@id":"https:\/\/www.public.sn\/#\/schema\/logo\/image\/"}},{"@type":"Person","@id":"https:\/\/www.public.sn\/#\/schema\/person\/e3f4a11b037d4203902db148f9bc8d5a","name":"LA REDACTION","image":{"@type":"ImageObject","inLanguage":"fr-FR","@id":"https:\/\/www.public.sn\/#\/schema\/person\/image\/","url":"https:\/\/secure.gravatar.com\/avatar\/d6c030db45db2883c075085c5d6c6258654a801a93766b49af0b82d4f454e2a5?s=96&d=mm&r=g","contentUrl":"https:\/\/secure.gravatar.com\/avatar\/d6c030db45db2883c075085c5d6c6258654a801a93766b49af0b82d4f454e2a5?s=96&d=mm&r=g","caption":"LA REDACTION"},"sameAs":["http:\/\/www.public.sn"],"url":"https:\/\/www.public.sn\/index.php\/author\/admin7324\/"}]}},"jetpack_featured_media_url":"https:\/\/www.public.sn\/wp-content\/uploads\/2022\/08\/9dbac06e-059d-4fd8-a7d2-c97449c4b181_Senegal-manifestation.jpg-scaled.webp","jetpack_sharing_enabled":true,"_links":{"self":[{"href":"https:\/\/www.public.sn\/index.php\/wp-json\/wp\/v2\/posts\/428","targetHints":{"allow":["GET"]}}],"collection":[{"href":"https:\/\/www.public.sn\/index.php\/wp-json\/wp\/v2\/posts"}],"about":[{"href":"https:\/\/www.public.sn\/index.php\/wp-json\/wp\/v2\/types\/post"}],"author":[{"embeddable":true,"href":"https:\/\/www.public.sn\/index.php\/wp-json\/wp\/v2\/users\/1"}],"replies":[{"embeddable":true,"href":"https:\/\/www.public.sn\/index.php\/wp-json\/wp\/v2\/comments?post=428"}],"version-history":[{"count":1,"href":"https:\/\/www.public.sn\/index.php\/wp-json\/wp\/v2\/posts\/428\/revisions"}],"predecessor-version":[{"id":430,"href":"https:\/\/www.public.sn\/index.php\/wp-json\/wp\/v2\/posts\/428\/revisions\/430"}],"wp:featuredmedia":[{"embeddable":true,"href":"https:\/\/www.public.sn\/index.php\/wp-json\/wp\/v2\/media\/429"}],"wp:attachment":[{"href":"https:\/\/www.public.sn\/index.php\/wp-json\/wp\/v2\/media?parent=428"}],"wp:term":[{"taxonomy":"category","embeddable":true,"href":"https:\/\/www.public.sn\/index.php\/wp-json\/wp\/v2\/categories?post=428"},{"taxonomy":"post_tag","embeddable":true,"href":"https:\/\/www.public.sn\/index.php\/wp-json\/wp\/v2\/tags?post=428"}],"curies":[{"name":"wp","href":"https:\/\/api.w.org\/{rel}","templated":true}]}}